{"id":10022,"date":"2023-07-17T22:34:57","date_gmt":"2023-07-17T20:34:57","guid":{"rendered":"https:\/\/toutesnosenergies.fr\/?p=10022"},"modified":"2023-07-17T22:35:58","modified_gmt":"2023-07-17T20:35:58","slug":"des-echos-de-nos-luttes-dans-la-presse","status":"publish","type":"post","link":"https:\/\/toutesnosenergies.fr\/index.php\/2023\/07\/17\/des-echos-de-nos-luttes-dans-la-presse\/","title":{"rendered":"Des \u00e9chos de nos luttes dans la presse"},"content":{"rendered":"\n<h4 class=\"wp-block-heading\">Dans l&rsquo;H\u00e9rault <\/h4>\n\n\n\n<p>Le projet tr\u00e8s contest\u00e9 de parc \u00e9olien \u00e0 Puissalicon, au nord de B\u00e9ziers dans l&rsquo;H\u00e9rault, se retrouve devant le Conseil d&rsquo;\u00c9tat. Le promoteur est bien d\u00e9cid\u00e9 \u00e0 aller jusqu&rsquo;au bout des recours. Les opposants sont d\u00e9pit\u00e9s mais ne sont pas pr\u00eats de baisser les bras. <br><a href=\"https:\/\/www.francebleu.fr\/infos\/environnement\/eoliennes-au-nord-de-beziers-le-porteur-du-projet-n-abandonne-pas-2045290\" target=\"_blank\" rel=\"noreferrer noopener\">\u00c9oliennes au nord de B\u00e9ziers&nbsp;: le porteur du projet n&rsquo;abandonne pas<\/a> (France bleu)<br><em>\u201cCe sont donc encore des mois de proc\u00e9dure et de frais pour d\u00e9fendre&nbsp;<strong>notre droit \u00e0 vivre dans un environnement pr\u00e9serv\u00e9<\/strong>, face \u00e0 un promoteur qui d\u00e9pense sans compter pour arriver \u00e0 ses fins\u201d<\/em>s\u2019inqui\u00e8tent les opposants au projet de l\u2019industriel&nbsp;<strong><em>Volkswind&nbsp;<\/em><\/strong>&nbsp;(filiale du leader des \u00e9nerg\u00e9ticiens suisses<em>&nbsp;Axpo<\/em>). <br><a href=\"https:\/\/dis-leur.fr\/eoliennes-polemique-a-puissalicon-le-vent-de-la-colere-ne-retombe-pas\/\" target=\"_blank\" rel=\"noreferrer noopener\">\u00c0 Puissalicon (H\u00e9rault) le vent de la col\u00e8re ne retombe pas<\/a> (Dis Leur Philippe Mouret)<\/p>\n\n\n\n<h4 class=\"wp-block-heading\">Dans le Tarn <\/h4>\n\n\n\n<p>Dans le cadre du projet d\u2019installation par l\u2019entreprise VSB de 8 \u00e9oliennes dans des for\u00eats de cr\u00eate de la Montagne Noire, l\u2019association Pr\u00e9servons notre montagne, qui regroupe des habitants de plusieurs communes riveraines (lire notamment notre \u00e9dition du 22 janvier dernier), n\u2019a de cesse d\u2019exprimer son opposition \u00e0 ce projet.  <br><a href=\"https:\/\/www.ladepeche.fr\/2023\/07\/12\/eoliennes-dans-la-montagne-noire-lassociation-preservons-notre-montagne-denonce-un-ecocide-11337621.php\" target=\"_blank\" rel=\"noreferrer noopener\">\u00c9oliennes\u2005dans la Montagne Noire : l\u2019association Pr\u00e9servons notre montagne d\u00e9nonce un \u00e9cocide<\/a> (La D\u00e9p\u00eache)<\/p>\n\n\n<div class=\"wp-block-image\">\n<figure class=\"aligncenter size-large is-resized\"><img loading=\"lazy\" decoding=\"async\" src=\"https:\/\/toutesnosenergies.fr\/wp-content\/uploads\/2023\/07\/Eoliennes%E2%80%85dans-la-Montagne-Noire-lassociation-Preservons-notre-montagne-denonce-un-ecocide-ladepeche.fr_-1024x768.png\" alt=\"\" width=\"585\" height=\"439\"\/><\/figure>\n<\/div>\n\n\n<!--more-->\n","protected":false},"excerpt":{"rendered":"<p>Dans l&rsquo;H\u00e9rault Le projet tr\u00e8s contest\u00e9 de parc \u00e9olien \u00e0 Puissalicon, au nord de B\u00e9ziers dans l&rsquo;H\u00e9rault, se retrouve devant le Conseil d&rsquo;\u00c9tat. Le promoteur est bien d\u00e9cid\u00e9 \u00e0 aller jusqu&rsquo;au bout des recours. Les opposants sont d\u00e9pit\u00e9s mais ne sont pas pr\u00eats de baisser les bras. \u00c9oliennes au nord de B\u00e9ziers&nbsp;: le porteur du &#8230; <a title=\"Des \u00e9chos de nos luttes dans la presse\" class=\"read-more\" href=\"https:\/\/toutesnosenergies.fr\/index.php\/2023\/07\/17\/des-echos-de-nos-luttes-dans-la-presse\/\" aria-label=\"Plus sur Des \u00e9chos de nos luttes dans la presse\">Lire plus<\/a><\/p>\n","protected":false},"author":3,"featured_media":0,"comment_status":"open","ping_status":"open","sticky":false,"template":"","format":"standard","meta":{"_cbd_carousel_blocks":"[]","sfsi_plus_gutenberg_text_before_share":"","sfsi_plus_gutenberg_show_text_before_share":"","sfsi_plus_gutenberg_icon_type":"","sfsi_plus_gutenberg_icon_alignemt":"","sfsi_plus_gutenburg_max_per_row":"","footnotes":""},"categories":[11],"tags":[],"class_list":["post-10022","post","type-post","status-publish","format-standard","hentry","category-dans-la-presse"],"yoast_head":"<!-- This site is optimized with the Yoast SEO plugin v27.4 - https:\/\/yoast.com\/product\/yoast-seo-wordpress\/ -->\n<title>Des \u00e9chos de nos luttes dans la presse - Toutes Nos \u00c9nergies \u2013 Occitanie Environnement<\/title>\n<meta name=\"robots\" content=\"index, follow, max-snippet:-1, max-image-preview:large, max-video-preview:-1\" \/>\n<link rel=\"canonical\" href=\"https:\/\/toutesnosenergies.fr\/index.php\/2023\/07\/17\/des-echos-de-nos-luttes-dans-la-presse\/\" \/>\n<meta property=\"og:locale\" content=\"fr_FR\" \/>\n<meta property=\"og:type\" content=\"article\" \/>\n<meta property=\"og:title\" content=\"Des \u00e9chos de nos luttes dans la presse - Toutes Nos \u00c9nergies \u2013 Occitanie Environnement\" \/>\n<meta property=\"og:description\" content=\"Dans l&rsquo;H\u00e9rault Le projet tr\u00e8s contest\u00e9 de parc \u00e9olien \u00e0 Puissalicon, au nord de B\u00e9ziers dans l&rsquo;H\u00e9rault, se retrouve devant le Conseil d&rsquo;\u00c9tat. Le promoteur est bien d\u00e9cid\u00e9 \u00e0 aller jusqu&rsquo;au bout des recours. Les opposants sont d\u00e9pit\u00e9s mais ne sont pas pr\u00eats de baisser les bras. \u00c9oliennes au nord de B\u00e9ziers&nbsp;: le porteur du ... Lire plus\" \/>\n<meta property=\"og:url\" content=\"https:\/\/toutesnosenergies.fr\/index.php\/2023\/07\/17\/des-echos-de-nos-luttes-dans-la-presse\/\" \/>\n<meta property=\"og:site_name\" content=\"Toutes Nos \u00c9nergies \u2013 Occitanie Environnement\" \/>\n<meta property=\"article:publisher\" content=\"https:\/\/www.facebook.com\/TNEtoutesnosenergiesOccitanieEnvironnement\" \/>\n<meta property=\"article:published_time\" content=\"2023-07-17T20:34:57+00:00\" \/>\n<meta property=\"article:modified_time\" content=\"2023-07-17T20:35:58+00:00\" \/>\n<meta property=\"og:image\" content=\"https:\/\/toutesnosenergies.fr\/wp-content\/uploads\/2023\/07\/Eoliennes%E2%80%85dans-la-Montagne-Noire-lassociation-Preservons-notre-montagne-denonce-un-ecocide-ladepeche.fr_-1024x768.png\" \/>\n<meta name=\"author\" content=\"WM81\" \/>\n<meta name=\"twitter:card\" content=\"summary_large_image\" \/>\n<meta name=\"twitter:label1\" content=\"\u00c9crit par\" \/>\n\t<meta name=\"twitter:data1\" content=\"WM81\" \/>\n\t<meta name=\"twitter:label2\" content=\"Dur\u00e9e de lecture estim\u00e9e\" \/>\n\t<meta name=\"twitter:data2\" content=\"2 minutes\" \/>\n<script type=\"application\/ld+json\" class=\"yoast-schema-graph\">{\"@context\":\"https:\\\/\\\/schema.org\",\"@graph\":[{\"@type\":\"Article\",\"@id\":\"https:\\\/\\\/toutesnosenergies.fr\\\/index.php\\\/2023\\\/07\\\/17\\\/des-echos-de-nos-luttes-dans-la-presse\\\/#article\",\"isPartOf\":{\"@id\":\"https:\\\/\\\/toutesnosenergies.fr\\\/index.php\\\/2023\\\/07\\\/17\\\/des-echos-de-nos-luttes-dans-la-presse\\\/\"},\"author\":{\"name\":\"WM81\",\"@id\":\"https:\\\/\\\/toutesnosenergies.fr\\\/#\\\/schema\\\/person\\\/83b429b7810ce59e0a21afb7e0b3cb1c\"},\"headline\":\"Des \u00e9chos de nos luttes dans la presse\",\"datePublished\":\"2023-07-17T20:34:57+00:00\",\"dateModified\":\"2023-07-17T20:35:58+00:00\",\"mainEntityOfPage\":{\"@id\":\"https:\\\/\\\/toutesnosenergies.fr\\\/index.php\\\/2023\\\/07\\\/17\\\/des-echos-de-nos-luttes-dans-la-presse\\\/\"},\"wordCount\":229,\"commentCount\":0,\"publisher\":{\"@id\":\"https:\\\/\\\/toutesnosenergies.fr\\\/#organization\"},\"image\":{\"@id\":\"https:\\\/\\\/toutesnosenergies.fr\\\/index.php\\\/2023\\\/07\\\/17\\\/des-echos-de-nos-luttes-dans-la-presse\\\/#primaryimage\"},\"thumbnailUrl\":\"https:\\\/\\\/toutesnosenergies.fr\\\/wp-content\\\/uploads\\\/2023\\\/07\\\/Eoliennes%E2%80%85dans-la-Montagne-Noire-lassociation-Preservons-notre-montagne-denonce-un-ecocide-ladepeche.fr_-1024x768.png\",\"articleSection\":[\"Dans la presse\"],\"inLanguage\":\"fr-FR\",\"potentialAction\":[{\"@type\":\"CommentAction\",\"name\":\"Comment\",\"target\":[\"https:\\\/\\\/toutesnosenergies.fr\\\/index.php\\\/2023\\\/07\\\/17\\\/des-echos-de-nos-luttes-dans-la-presse\\\/#respond\"]}]},{\"@type\":\"WebPage\",\"@id\":\"https:\\\/\\\/toutesnosenergies.fr\\\/index.php\\\/2023\\\/07\\\/17\\\/des-echos-de-nos-luttes-dans-la-presse\\\/\",\"url\":\"https:\\\/\\\/toutesnosenergies.fr\\\/index.php\\\/2023\\\/07\\\/17\\\/des-echos-de-nos-luttes-dans-la-presse\\\/\",\"name\":\"Des \u00e9chos de nos luttes dans la presse - Toutes Nos \u00c9nergies \u2013 Occitanie Environnement\",\"isPartOf\":{\"@id\":\"https:\\\/\\\/toutesnosenergies.fr\\\/#website\"},\"primaryImageOfPage\":{\"@id\":\"https:\\\/\\\/toutesnosenergies.fr\\\/index.php\\\/2023\\\/07\\\/17\\\/des-echos-de-nos-luttes-dans-la-presse\\\/#primaryimage\"},\"image\":{\"@id\":\"https:\\\/\\\/toutesnosenergies.fr\\\/index.php\\\/2023\\\/07\\\/17\\\/des-echos-de-nos-luttes-dans-la-presse\\\/#primaryimage\"},\"thumbnailUrl\":\"https:\\\/\\\/toutesnosenergies.fr\\\/wp-content\\\/uploads\\\/2023\\\/07\\\/Eoliennes%E2%80%85dans-la-Montagne-Noire-lassociation-Preservons-notre-montagne-denonce-un-ecocide-ladepeche.fr_-1024x768.png\",\"datePublished\":\"2023-07-17T20:34:57+00:00\",\"dateModified\":\"2023-07-17T20:35:58+00:00\",\"breadcrumb\":{\"@id\":\"https:\\\/\\\/toutesnosenergies.fr\\\/index.php\\\/2023\\\/07\\\/17\\\/des-echos-de-nos-luttes-dans-la-presse\\\/#breadcrumb\"},\"inLanguage\":\"fr-FR\",\"potentialAction\":[{\"@type\":\"ReadAction\",\"target\":[\"https:\\\/\\\/toutesnosenergies.fr\\\/index.php\\\/2023\\\/07\\\/17\\\/des-echos-de-nos-luttes-dans-la-presse\\\/\"]}]},{\"@type\":\"ImageObject\",\"inLanguage\":\"fr-FR\",\"@id\":\"https:\\\/\\\/toutesnosenergies.fr\\\/index.php\\\/2023\\\/07\\\/17\\\/des-echos-de-nos-luttes-dans-la-presse\\\/#primaryimage\",\"url\":\"https:\\\/\\\/toutesnosenergies.fr\\\/wp-content\\\/uploads\\\/2023\\\/07\\\/Eoliennes%E2%80%85dans-la-Montagne-Noire-lassociation-Preservons-notre-montagne-denonce-un-ecocide-ladepeche.fr_-1024x768.png\",\"contentUrl\":\"https:\\\/\\\/toutesnosenergies.fr\\\/wp-content\\\/uploads\\\/2023\\\/07\\\/Eoliennes%E2%80%85dans-la-Montagne-Noire-lassociation-Preservons-notre-montagne-denonce-un-ecocide-ladepeche.fr_-1024x768.png\"},{\"@type\":\"BreadcrumbList\",\"@id\":\"https:\\\/\\\/toutesnosenergies.fr\\\/index.php\\\/2023\\\/07\\\/17\\\/des-echos-de-nos-luttes-dans-la-presse\\\/#breadcrumb\",\"itemListElement\":[{\"@type\":\"ListItem\",\"position\":1,\"name\":\"Accueil\",\"item\":\"https:\\\/\\\/toutesnosenergies.fr\\\/\"},{\"@type\":\"ListItem\",\"position\":2,\"name\":\"Des \u00e9chos de nos luttes dans la presse\"}]},{\"@type\":\"WebSite\",\"@id\":\"https:\\\/\\\/toutesnosenergies.fr\\\/#website\",\"url\":\"https:\\\/\\\/toutesnosenergies.fr\\\/\",\"name\":\"Toutes Nos \u00c9nergies \u2013 Occitanie Environnement\",\"description\":\"Pour une \u00e9nergie respectueuse du vivant et des territoires ruraux en Occitanie\",\"publisher\":{\"@id\":\"https:\\\/\\\/toutesnosenergies.fr\\\/#organization\"},\"potentialAction\":[{\"@type\":\"SearchAction\",\"target\":{\"@type\":\"EntryPoint\",\"urlTemplate\":\"https:\\\/\\\/toutesnosenergies.fr\\\/?s={search_term_string}\"},\"query-input\":{\"@type\":\"PropertyValueSpecification\",\"valueRequired\":true,\"valueName\":\"search_term_string\"}}],\"inLanguage\":\"fr-FR\"},{\"@type\":\"Organization\",\"@id\":\"https:\\\/\\\/toutesnosenergies.fr\\\/#organization\",\"name\":\"Toutes Nos \u00c9nergies \u2013 Occitanie Environnement\",\"url\":\"https:\\\/\\\/toutesnosenergies.fr\\\/\",\"logo\":{\"@type\":\"ImageObject\",\"inLanguage\":\"fr-FR\",\"@id\":\"https:\\\/\\\/toutesnosenergies.fr\\\/#\\\/schema\\\/logo\\\/image\\\/\",\"url\":\"https:\\\/\\\/toutesnosenergies.fr\\\/wp-content\\\/uploads\\\/2023\\\/01\\\/Petit-logo.png\",\"contentUrl\":\"https:\\\/\\\/toutesnosenergies.fr\\\/wp-content\\\/uploads\\\/2023\\\/01\\\/Petit-logo.png\",\"width\":360,\"height\":102,\"caption\":\"Toutes Nos \u00c9nergies \u2013 Occitanie Environnement\"},\"image\":{\"@id\":\"https:\\\/\\\/toutesnosenergies.fr\\\/#\\\/schema\\\/logo\\\/image\\\/\"},\"sameAs\":[\"https:\\\/\\\/www.facebook.com\\\/TNEtoutesnosenergiesOccitanieEnvironnement\"]},{\"@type\":\"Person\",\"@id\":\"https:\\\/\\\/toutesnosenergies.fr\\\/#\\\/schema\\\/person\\\/83b429b7810ce59e0a21afb7e0b3cb1c\",\"name\":\"WM81\",\"image\":{\"@type\":\"ImageObject\",\"inLanguage\":\"fr-FR\",\"@id\":\"https:\\\/\\\/secure.gravatar.com\\\/avatar\\\/aa9bf2bd97a7297274c53294f09e800c7ee0d88290f959d5d49f9380299b9ff1?s=96&d=mm&r=g\",\"url\":\"https:\\\/\\\/secure.gravatar.com\\\/avatar\\\/aa9bf2bd97a7297274c53294f09e800c7ee0d88290f959d5d49f9380299b9ff1?s=96&d=mm&r=g\",\"contentUrl\":\"https:\\\/\\\/secure.gravatar.com\\\/avatar\\\/aa9bf2bd97a7297274c53294f09e800c7ee0d88290f959d5d49f9380299b9ff1?s=96&d=mm&r=g\",\"caption\":\"WM81\"},\"sameAs\":[\"http:\\\/\\\/toutesnosenergies.fr\"],\"url\":\"https:\\\/\\\/toutesnosenergies.fr\\\/index.php\\\/author\\\/wm81\\\/\"}]}<\/script>\n<!-- \/ Yoast SEO plugin. -->","yoast_head_json":{"title":"Des \u00e9chos de nos luttes dans la presse - Toutes Nos \u00c9nergies \u2013 Occitanie Environnement","robots":{"index":"index","follow":"follow","max-snippet":"max-snippet:-1","max-image-preview":"max-image-preview:large","max-video-preview":"max-video-preview:-1"},"canonical":"https:\/\/toutesnosenergies.fr\/index.php\/2023\/07\/17\/des-echos-de-nos-luttes-dans-la-presse\/","og_locale":"fr_FR","og_type":"article","og_title":"Des \u00e9chos de nos luttes dans la presse - Toutes Nos \u00c9nergies \u2013 Occitanie Environnement","og_description":"Dans l&rsquo;H\u00e9rault Le projet tr\u00e8s contest\u00e9 de parc \u00e9olien \u00e0 Puissalicon, au nord de B\u00e9ziers dans l&rsquo;H\u00e9rault, se retrouve devant le Conseil d&rsquo;\u00c9tat. Le promoteur est bien d\u00e9cid\u00e9 \u00e0 aller jusqu&rsquo;au bout des recours. Les opposants sont d\u00e9pit\u00e9s mais ne sont pas pr\u00eats de baisser les bras. \u00c9oliennes au nord de B\u00e9ziers&nbsp;: le porteur du ... Lire plus","og_url":"https:\/\/toutesnosenergies.fr\/index.php\/2023\/07\/17\/des-echos-de-nos-luttes-dans-la-presse\/","og_site_name":"Toutes Nos \u00c9nergies \u2013 Occitanie Environnement","article_publisher":"https:\/\/www.facebook.com\/TNEtoutesnosenergiesOccitanieEnvironnement","article_published_time":"2023-07-17T20:34:57+00:00","article_modified_time":"2023-07-17T20:35:58+00:00","og_image":[{"url":"https:\/\/toutesnosenergies.fr\/wp-content\/uploads\/2023\/07\/Eoliennes%E2%80%85dans-la-Montagne-Noire-lassociation-Preservons-notre-montagne-denonce-un-ecocide-ladepeche.fr_-1024x768.png","type":"","width":"","height":""}],"author":"WM81","twitter_card":"summary_large_image","twitter_misc":{"\u00c9crit par":"WM81","Dur\u00e9e de lecture estim\u00e9e":"2 minutes"},"schema":{"@context":"https:\/\/schema.org","@graph":[{"@type":"Article","@id":"https:\/\/toutesnosenergies.fr\/index.php\/2023\/07\/17\/des-echos-de-nos-luttes-dans-la-presse\/#article","isPartOf":{"@id":"https:\/\/toutesnosenergies.fr\/index.php\/2023\/07\/17\/des-echos-de-nos-luttes-dans-la-presse\/"},"author":{"name":"WM81","@id":"https:\/\/toutesnosenergies.fr\/#\/schema\/person\/83b429b7810ce59e0a21afb7e0b3cb1c"},"headline":"Des \u00e9chos de nos luttes dans la presse","datePublished":"2023-07-17T20:34:57+00:00","dateModified":"2023-07-17T20:35:58+00:00","mainEntityOfPage":{"@id":"https:\/\/toutesnosenergies.fr\/index.php\/2023\/07\/17\/des-echos-de-nos-luttes-dans-la-presse\/"},"wordCount":229,"commentCount":0,"publisher":{"@id":"https:\/\/toutesnosenergies.fr\/#organization"},"image":{"@id":"https:\/\/toutesnosenergies.fr\/index.php\/2023\/07\/17\/des-echos-de-nos-luttes-dans-la-presse\/#primaryimage"},"thumbnailUrl":"https:\/\/toutesnosenergies.fr\/wp-content\/uploads\/2023\/07\/Eoliennes%E2%80%85dans-la-Montagne-Noire-lassociation-Preservons-notre-montagne-denonce-un-ecocide-ladepeche.fr_-1024x768.png","articleSection":["Dans la presse"],"inLanguage":"fr-FR","potentialAction":[{"@type":"CommentAction","name":"Comment","target":["https:\/\/toutesnosenergies.fr\/index.php\/2023\/07\/17\/des-echos-de-nos-luttes-dans-la-presse\/#respond"]}]},{"@type":"WebPage","@id":"https:\/\/toutesnosenergies.fr\/index.php\/2023\/07\/17\/des-echos-de-nos-luttes-dans-la-presse\/","url":"https:\/\/toutesnosenergies.fr\/index.php\/2023\/07\/17\/des-echos-de-nos-luttes-dans-la-presse\/","name":"Des \u00e9chos de nos luttes dans la presse - Toutes Nos \u00c9nergies \u2013 Occitanie Environnement","isPartOf":{"@id":"https:\/\/toutesnosenergies.fr\/#website"},"primaryImageOfPage":{"@id":"https:\/\/toutesnosenergies.fr\/index.php\/2023\/07\/17\/des-echos-de-nos-luttes-dans-la-presse\/#primaryimage"},"image":{"@id":"https:\/\/toutesnosenergies.fr\/index.php\/2023\/07\/17\/des-echos-de-nos-luttes-dans-la-presse\/#primaryimage"},"thumbnailUrl":"https:\/\/toutesnosenergies.fr\/wp-content\/uploads\/2023\/07\/Eoliennes%E2%80%85dans-la-Montagne-Noire-lassociation-Preservons-notre-montagne-denonce-un-ecocide-ladepeche.fr_-1024x768.png","datePublished":"2023-07-17T20:34:57+00:00","dateModified":"2023-07-17T20:35:58+00:00","breadcrumb":{"@id":"https:\/\/toutesnosenergies.fr\/index.php\/2023\/07\/17\/des-echos-de-nos-luttes-dans-la-presse\/#breadcrumb"},"inLanguage":"fr-FR","potentialAction":[{"@type":"ReadAction","target":["https:\/\/toutesnosenergies.fr\/index.php\/2023\/07\/17\/des-echos-de-nos-luttes-dans-la-presse\/"]}]},{"@type":"ImageObject","inLanguage":"fr-FR","@id":"https:\/\/toutesnosenergies.fr\/index.php\/2023\/07\/17\/des-echos-de-nos-luttes-dans-la-presse\/#primaryimage","url":"https:\/\/toutesnosenergies.fr\/wp-content\/uploads\/2023\/07\/Eoliennes%E2%80%85dans-la-Montagne-Noire-lassociation-Preservons-notre-montagne-denonce-un-ecocide-ladepeche.fr_-1024x768.png","contentUrl":"https:\/\/toutesnosenergies.fr\/wp-content\/uploads\/2023\/07\/Eoliennes%E2%80%85dans-la-Montagne-Noire-lassociation-Preservons-notre-montagne-denonce-un-ecocide-ladepeche.fr_-1024x768.png"},{"@type":"BreadcrumbList","@id":"https:\/\/toutesnosenergies.fr\/index.php\/2023\/07\/17\/des-echos-de-nos-luttes-dans-la-presse\/#breadcrumb","itemListElement":[{"@type":"ListItem","position":1,"name":"Accueil","item":"https:\/\/toutesnosenergies.fr\/"},{"@type":"ListItem","position":2,"name":"Des \u00e9chos de nos luttes dans la presse"}]},{"@type":"WebSite","@id":"https:\/\/toutesnosenergies.fr\/#website","url":"https:\/\/toutesnosenergies.fr\/","name":"Toutes Nos \u00c9nergies \u2013 Occitanie Environnement","description":"Pour une \u00e9nergie respectueuse du vivant et des territoires ruraux en Occitanie","publisher":{"@id":"https:\/\/toutesnosenergies.fr\/#organization"},"potentialAction":[{"@type":"SearchAction","target":{"@type":"EntryPoint","urlTemplate":"https:\/\/toutesnosenergies.fr\/?s={search_term_string}"},"query-input":{"@type":"PropertyValueSpecification","valueRequired":true,"valueName":"search_term_string"}}],"inLanguage":"fr-FR"},{"@type":"Organization","@id":"https:\/\/toutesnosenergies.fr\/#organization","name":"Toutes Nos \u00c9nergies \u2013 Occitanie Environnement","url":"https:\/\/toutesnosenergies.fr\/","logo":{"@type":"ImageObject","inLanguage":"fr-FR","@id":"https:\/\/toutesnosenergies.fr\/#\/schema\/logo\/image\/","url":"https:\/\/toutesnosenergies.fr\/wp-content\/uploads\/2023\/01\/Petit-logo.png","contentUrl":"https:\/\/toutesnosenergies.fr\/wp-content\/uploads\/2023\/01\/Petit-logo.png","width":360,"height":102,"caption":"Toutes Nos \u00c9nergies \u2013 Occitanie Environnement"},"image":{"@id":"https:\/\/toutesnosenergies.fr\/#\/schema\/logo\/image\/"},"sameAs":["https:\/\/www.facebook.com\/TNEtoutesnosenergiesOccitanieEnvironnement"]},{"@type":"Person","@id":"https:\/\/toutesnosenergies.fr\/#\/schema\/person\/83b429b7810ce59e0a21afb7e0b3cb1c","name":"WM81","image":{"@type":"ImageObject","inLanguage":"fr-FR","@id":"https:\/\/secure.gravatar.com\/avatar\/aa9bf2bd97a7297274c53294f09e800c7ee0d88290f959d5d49f9380299b9ff1?s=96&d=mm&r=g","url":"https:\/\/secure.gravatar.com\/avatar\/aa9bf2bd97a7297274c53294f09e800c7ee0d88290f959d5d49f9380299b9ff1?s=96&d=mm&r=g","contentUrl":"https:\/\/secure.gravatar.com\/avatar\/aa9bf2bd97a7297274c53294f09e800c7ee0d88290f959d5d49f9380299b9ff1?s=96&d=mm&r=g","caption":"WM81"},"sameAs":["http:\/\/toutesnosenergies.fr"],"url":"https:\/\/toutesnosenergies.fr\/index.php\/author\/wm81\/"}]}},"_links":{"self":[{"href":"https:\/\/toutesnosenergies.fr\/index.php\/wp-json\/wp\/v2\/posts\/10022","targetHints":{"allow":["GET"]}}],"collection":[{"href":"https:\/\/toutesnosenergies.fr\/index.php\/wp-json\/wp\/v2\/posts"}],"about":[{"href":"https:\/\/toutesnosenergies.fr\/index.php\/wp-json\/wp\/v2\/types\/post"}],"author":[{"embeddable":true,"href":"https:\/\/toutesnosenergies.fr\/index.php\/wp-json\/wp\/v2\/users\/3"}],"replies":[{"embeddable":true,"href":"https:\/\/toutesnosenergies.fr\/index.php\/wp-json\/wp\/v2\/comments?post=10022"}],"version-history":[{"count":3,"href":"https:\/\/toutesnosenergies.fr\/index.php\/wp-json\/wp\/v2\/posts\/10022\/revisions"}],"predecessor-version":[{"id":10026,"href":"https:\/\/toutesnosenergies.fr\/index.php\/wp-json\/wp\/v2\/posts\/10022\/revisions\/10026"}],"wp:attachment":[{"href":"https:\/\/toutesnosenergies.fr\/index.php\/wp-json\/wp\/v2\/media?parent=10022"}],"wp:term":[{"taxonomy":"category","embeddable":true,"href":"https:\/\/toutesnosenergies.fr\/index.php\/wp-json\/wp\/v2\/categories?post=10022"},{"taxonomy":"post_tag","embeddable":true,"href":"https:\/\/toutesnosenergies.fr\/index.php\/wp-json\/wp\/v2\/tags?post=10022"}],"curies":[{"name":"wp","href":"https:\/\/api.w.org\/{rel}","templated":true}]}}