{"id":10075,"date":"2023-08-25T19:10:58","date_gmt":"2023-08-25T17:10:58","guid":{"rendered":"https:\/\/toutesnosenergies.fr\/?p=10075"},"modified":"2023-08-25T20:05:44","modified_gmt":"2023-08-25T18:05:44","slug":"non-au-parc-eolien-sur-cintegabelle-haute-garonne","status":"publish","type":"post","link":"https:\/\/toutesnosenergies.fr\/index.php\/2023\/08\/25\/non-au-parc-eolien-sur-cintegabelle-haute-garonne\/","title":{"rendered":"NON au parc \u00e9olien sur Cintegabelle (Haute-Garonne)"},"content":{"rendered":"\n<p>Le pr\u00e9fet a accept\u00e9 le projet, malgr\u00e9 l&rsquo;avis n\u00e9gatif de 85% de la population et du commissaire enqu\u00eateur.Les porteurs de projet annoncent l&rsquo;implantation des \u00e9oliennes d\u00e8s 2025 !!<\/p>\n\n\n\n<p class=\"has-background\" style=\"background-color:#f9b2f3\">Pour vous d\u00e9fendre, Hers Ariege Environnement a saisi la cour administrative d&rsquo;appel de Toulouse d&rsquo;un recours pour l&rsquo;annulation des arr\u00eat\u00e9s pr\u00e9fectoraux portant autorisation \u00e0 l&rsquo;exploitation du parc \u00e9olien, et d&rsquo;un autre recours contre la d\u00e9lib\u00e9ration autorisant la modification du PLU de Cintegabelle.<\/p>\n\n\n\n<p>Ces actions en justice n\u00e9cessitent une mobilisation financi\u00e8re cons\u00e9quente , (+ de 10 000 \u20ac). Pour nous soutenir, nous avons besoin de votre aide !!<\/p>\n\n\n\n<!--more-->\n\n\n\n<p><strong>&nbsp; &nbsp; &nbsp; &nbsp; &nbsp; &nbsp; &nbsp; &nbsp; &nbsp; &nbsp; &nbsp; &nbsp; &nbsp; &nbsp; &nbsp; &nbsp; &nbsp; &nbsp;C&rsquo;est tous ensemble que nous y arriverons !!!<\/strong><\/p>\n\n\n\n<p>Votre don ouvre droit \u00e0 l&rsquo;adh\u00e9sion, il est d\u00e9ductible des imp\u00f4ts \u00e0 66%, un re\u00e7u vous sera remis sur demande.<\/p>\n\n\n\n<p>Pour cela , 2 possibilit\u00e9s:<\/p>\n\n\n\n<ul class=\"wp-block-list\">\n<li>Par ch\u00e8que, \u00e0 renvoyer \u00e0 HAE, la boulbene 31550 CINTEGABELLE. Ne pas oublier de mettre votre nom, pr\u00e9nom et adresse au dos du ch\u00e8que ( ou enveloppe) pour le re\u00e7u.<\/li>\n\n\n\n<li>Par carte bancaire avec helloasso, en flashant le qrcode ci dessous, ou avec le lien&nbsp;&nbsp;<br><a href=\"https:\/\/www.helloasso.com\/associations\/hers-ariege-environnement\/adhesions\/association-hers-ariege-environnement\">Faire un don \u00e0 l&rsquo;Association HERS ARIEGE ENVIRONNEMENT<\/a><\/li>\n<\/ul>\n\n\n\n<figure class=\"wp-block-image size-full is-resized\"><img loading=\"lazy\" decoding=\"async\" src=\"https:\/\/toutesnosenergies.fr\/wp-content\/uploads\/2023\/08\/image.png\" alt=\"\" class=\"wp-image-10076\" style=\"width:188px;height:180px\" width=\"188\" height=\"180\"\/><\/figure>\n\n\n\n<p>Julien Haraud<br>Pr\u00e9sident Hers Ari\u00e8ge Environnement<br>06.82.40.19.68<br><a href=\"mailto:haec0931@gmail.com\" target=\"_blank\" rel=\"noreferrer noopener\">haec0931@gmail.com<\/a><br><a href=\"http:\/\/haec0931.com\/\" target=\"_blank\" rel=\"noreferrer noopener\">http:\/\/haec0931.com<\/a><\/p>\n","protected":false},"excerpt":{"rendered":"<p>Le pr\u00e9fet a accept\u00e9 le projet, malgr\u00e9 l&rsquo;avis n\u00e9gatif de 85% de la population et du commissaire enqu\u00eateur.Les porteurs de projet annoncent l&rsquo;implantation des \u00e9oliennes d\u00e8s 2025 !! Pour vous d\u00e9fendre, Hers Ariege Environnement a saisi la cour administrative d&rsquo;appel de Toulouse d&rsquo;un recours pour l&rsquo;annulation des arr\u00eat\u00e9s pr\u00e9fectoraux portant autorisation \u00e0 l&rsquo;exploitation du parc &#8230; <a title=\"NON au parc \u00e9olien sur Cintegabelle (Haute-Garonne)\" class=\"read-more\" href=\"https:\/\/toutesnosenergies.fr\/index.php\/2023\/08\/25\/non-au-parc-eolien-sur-cintegabelle-haute-garonne\/\" aria-label=\"Plus sur NON au parc \u00e9olien sur Cintegabelle (Haute-Garonne)\">Lire plus<\/a><\/p>\n","protected":false},"author":3,"featured_media":0,"comment_status":"open","ping_status":"open","sticky":false,"template":"","format":"standard","meta":{"_cbd_carousel_blocks":"[]","sfsi_plus_gutenberg_text_before_share":"","sfsi_plus_gutenberg_show_text_before_share":"","sfsi_plus_gutenberg_icon_type":"","sfsi_plus_gutenberg_icon_alignemt":"","sfsi_plus_gutenburg_max_per_row":"","footnotes":""},"categories":[8],"tags":[],"class_list":["post-10075","post","type-post","status-publish","format-standard","hentry","category-communiques-associations"],"yoast_head":"<!-- This site is optimized with the Yoast SEO plugin v27.5 - https:\/\/yoast.com\/product\/yoast-seo-wordpress\/ -->\n<title>NON au parc \u00e9olien sur Cintegabelle (Haute-Garonne) - Toutes Nos \u00c9nergies \u2013 Occitanie Environnement<\/title>\n<meta name=\"robots\" content=\"index, follow, max-snippet:-1, max-image-preview:large, max-video-preview:-1\" \/>\n<link rel=\"canonical\" href=\"https:\/\/toutesnosenergies.fr\/index.php\/2023\/08\/25\/non-au-parc-eolien-sur-cintegabelle-haute-garonne\/\" \/>\n<meta property=\"og:locale\" content=\"fr_FR\" \/>\n<meta property=\"og:type\" content=\"article\" \/>\n<meta property=\"og:title\" content=\"NON au parc \u00e9olien sur Cintegabelle (Haute-Garonne) - Toutes Nos \u00c9nergies \u2013 Occitanie Environnement\" \/>\n<meta property=\"og:description\" content=\"Le pr\u00e9fet a accept\u00e9 le projet, malgr\u00e9 l&rsquo;avis n\u00e9gatif de 85% de la population et du commissaire enqu\u00eateur.Les porteurs de projet annoncent l&rsquo;implantation des \u00e9oliennes d\u00e8s 2025 !! Pour vous d\u00e9fendre, Hers Ariege Environnement a saisi la cour administrative d&rsquo;appel de Toulouse d&rsquo;un recours pour l&rsquo;annulation des arr\u00eat\u00e9s pr\u00e9fectoraux portant autorisation \u00e0 l&rsquo;exploitation du parc ... Lire plus\" \/>\n<meta property=\"og:url\" content=\"https:\/\/toutesnosenergies.fr\/index.php\/2023\/08\/25\/non-au-parc-eolien-sur-cintegabelle-haute-garonne\/\" \/>\n<meta property=\"og:site_name\" content=\"Toutes Nos \u00c9nergies \u2013 Occitanie Environnement\" \/>\n<meta property=\"article:publisher\" content=\"https:\/\/www.facebook.com\/TNEtoutesnosenergiesOccitanieEnvironnement\" \/>\n<meta property=\"article:published_time\" content=\"2023-08-25T17:10:58+00:00\" \/>\n<meta property=\"article:modified_time\" content=\"2023-08-25T18:05:44+00:00\" \/>\n<meta property=\"og:image\" content=\"https:\/\/toutesnosenergies.fr\/wp-content\/uploads\/2023\/08\/image.png\" \/>\n<meta name=\"author\" content=\"WM81\" \/>\n<meta name=\"twitter:card\" content=\"summary_large_image\" \/>\n<meta name=\"twitter:label1\" content=\"\u00c9crit par\" \/>\n\t<meta name=\"twitter:data1\" content=\"WM81\" \/>\n\t<meta name=\"twitter:label2\" content=\"Dur\u00e9e de lecture estim\u00e9e\" \/>\n\t<meta name=\"twitter:data2\" content=\"2 minutes\" \/>\n<script type=\"application\/ld+json\" class=\"yoast-schema-graph\">{\"@context\":\"https:\\\/\\\/schema.org\",\"@graph\":[{\"@type\":\"Article\",\"@id\":\"https:\\\/\\\/toutesnosenergies.fr\\\/index.php\\\/2023\\\/08\\\/25\\\/non-au-parc-eolien-sur-cintegabelle-haute-garonne\\\/#article\",\"isPartOf\":{\"@id\":\"https:\\\/\\\/toutesnosenergies.fr\\\/index.php\\\/2023\\\/08\\\/25\\\/non-au-parc-eolien-sur-cintegabelle-haute-garonne\\\/\"},\"author\":{\"name\":\"WM81\",\"@id\":\"https:\\\/\\\/toutesnosenergies.fr\\\/#\\\/schema\\\/person\\\/83b429b7810ce59e0a21afb7e0b3cb1c\"},\"headline\":\"NON au parc \u00e9olien sur Cintegabelle (Haute-Garonne)\",\"datePublished\":\"2023-08-25T17:10:58+00:00\",\"dateModified\":\"2023-08-25T18:05:44+00:00\",\"mainEntityOfPage\":{\"@id\":\"https:\\\/\\\/toutesnosenergies.fr\\\/index.php\\\/2023\\\/08\\\/25\\\/non-au-parc-eolien-sur-cintegabelle-haute-garonne\\\/\"},\"wordCount\":223,\"commentCount\":0,\"publisher\":{\"@id\":\"https:\\\/\\\/toutesnosenergies.fr\\\/#organization\"},\"image\":{\"@id\":\"https:\\\/\\\/toutesnosenergies.fr\\\/index.php\\\/2023\\\/08\\\/25\\\/non-au-parc-eolien-sur-cintegabelle-haute-garonne\\\/#primaryimage\"},\"thumbnailUrl\":\"https:\\\/\\\/toutesnosenergies.fr\\\/wp-content\\\/uploads\\\/2023\\\/08\\\/image.png\",\"articleSection\":[\"Communiqu\u00e9s des associations\"],\"inLanguage\":\"fr-FR\",\"potentialAction\":[{\"@type\":\"CommentAction\",\"name\":\"Comment\",\"target\":[\"https:\\\/\\\/toutesnosenergies.fr\\\/index.php\\\/2023\\\/08\\\/25\\\/non-au-parc-eolien-sur-cintegabelle-haute-garonne\\\/#respond\"]}]},{\"@type\":\"WebPage\",\"@id\":\"https:\\\/\\\/toutesnosenergies.fr\\\/index.php\\\/2023\\\/08\\\/25\\\/non-au-parc-eolien-sur-cintegabelle-haute-garonne\\\/\",\"url\":\"https:\\\/\\\/toutesnosenergies.fr\\\/index.php\\\/2023\\\/08\\\/25\\\/non-au-parc-eolien-sur-cintegabelle-haute-garonne\\\/\",\"name\":\"NON au parc \u00e9olien sur Cintegabelle (Haute-Garonne) - Toutes Nos \u00c9nergies \u2013 Occitanie Environnement\",\"isPartOf\":{\"@id\":\"https:\\\/\\\/toutesnosenergies.fr\\\/#website\"},\"primaryImageOfPage\":{\"@id\":\"https:\\\/\\\/toutesnosenergies.fr\\\/index.php\\\/2023\\\/08\\\/25\\\/non-au-parc-eolien-sur-cintegabelle-haute-garonne\\\/#primaryimage\"},\"image\":{\"@id\":\"https:\\\/\\\/toutesnosenergies.fr\\\/index.php\\\/2023\\\/08\\\/25\\\/non-au-parc-eolien-sur-cintegabelle-haute-garonne\\\/#primaryimage\"},\"thumbnailUrl\":\"https:\\\/\\\/toutesnosenergies.fr\\\/wp-content\\\/uploads\\\/2023\\\/08\\\/image.png\",\"datePublished\":\"2023-08-25T17:10:58+00:00\",\"dateModified\":\"2023-08-25T18:05:44+00:00\",\"breadcrumb\":{\"@id\":\"https:\\\/\\\/toutesnosenergies.fr\\\/index.php\\\/2023\\\/08\\\/25\\\/non-au-parc-eolien-sur-cintegabelle-haute-garonne\\\/#breadcrumb\"},\"inLanguage\":\"fr-FR\",\"potentialAction\":[{\"@type\":\"ReadAction\",\"target\":[\"https:\\\/\\\/toutesnosenergies.fr\\\/index.php\\\/2023\\\/08\\\/25\\\/non-au-parc-eolien-sur-cintegabelle-haute-garonne\\\/\"]}]},{\"@type\":\"ImageObject\",\"inLanguage\":\"fr-FR\",\"@id\":\"https:\\\/\\\/toutesnosenergies.fr\\\/index.php\\\/2023\\\/08\\\/25\\\/non-au-parc-eolien-sur-cintegabelle-haute-garonne\\\/#primaryimage\",\"url\":\"https:\\\/\\\/toutesnosenergies.fr\\\/wp-content\\\/uploads\\\/2023\\\/08\\\/image.png\",\"contentUrl\":\"https:\\\/\\\/toutesnosenergies.fr\\\/wp-content\\\/uploads\\\/2023\\\/08\\\/image.png\",\"width\":263,\"height\":252},{\"@type\":\"BreadcrumbList\",\"@id\":\"https:\\\/\\\/toutesnosenergies.fr\\\/index.php\\\/2023\\\/08\\\/25\\\/non-au-parc-eolien-sur-cintegabelle-haute-garonne\\\/#breadcrumb\",\"itemListElement\":[{\"@type\":\"ListItem\",\"position\":1,\"name\":\"Accueil\",\"item\":\"https:\\\/\\\/toutesnosenergies.fr\\\/\"},{\"@type\":\"ListItem\",\"position\":2,\"name\":\"NON au parc \u00e9olien sur Cintegabelle (Haute-Garonne)\"}]},{\"@type\":\"WebSite\",\"@id\":\"https:\\\/\\\/toutesnosenergies.fr\\\/#website\",\"url\":\"https:\\\/\\\/toutesnosenergies.fr\\\/\",\"name\":\"Toutes Nos \u00c9nergies \u2013 Occitanie Environnement\",\"description\":\"Pour une \u00e9nergie respectueuse du vivant et des territoires ruraux en Occitanie\",\"publisher\":{\"@id\":\"https:\\\/\\\/toutesnosenergies.fr\\\/#organization\"},\"potentialAction\":[{\"@type\":\"SearchAction\",\"target\":{\"@type\":\"EntryPoint\",\"urlTemplate\":\"https:\\\/\\\/toutesnosenergies.fr\\\/?s={search_term_string}\"},\"query-input\":{\"@type\":\"PropertyValueSpecification\",\"valueRequired\":true,\"valueName\":\"search_term_string\"}}],\"inLanguage\":\"fr-FR\"},{\"@type\":\"Organization\",\"@id\":\"https:\\\/\\\/toutesnosenergies.fr\\\/#organization\",\"name\":\"Toutes Nos \u00c9nergies \u2013 Occitanie Environnement\",\"url\":\"https:\\\/\\\/toutesnosenergies.fr\\\/\",\"logo\":{\"@type\":\"ImageObject\",\"inLanguage\":\"fr-FR\",\"@id\":\"https:\\\/\\\/toutesnosenergies.fr\\\/#\\\/schema\\\/logo\\\/image\\\/\",\"url\":\"https:\\\/\\\/toutesnosenergies.fr\\\/wp-content\\\/uploads\\\/2023\\\/01\\\/Petit-logo.png\",\"contentUrl\":\"https:\\\/\\\/toutesnosenergies.fr\\\/wp-content\\\/uploads\\\/2023\\\/01\\\/Petit-logo.png\",\"width\":360,\"height\":102,\"caption\":\"Toutes Nos \u00c9nergies \u2013 Occitanie Environnement\"},\"image\":{\"@id\":\"https:\\\/\\\/toutesnosenergies.fr\\\/#\\\/schema\\\/logo\\\/image\\\/\"},\"sameAs\":[\"https:\\\/\\\/www.facebook.com\\\/TNEtoutesnosenergiesOccitanieEnvironnement\"]},{\"@type\":\"Person\",\"@id\":\"https:\\\/\\\/toutesnosenergies.fr\\\/#\\\/schema\\\/person\\\/83b429b7810ce59e0a21afb7e0b3cb1c\",\"name\":\"WM81\",\"image\":{\"@type\":\"ImageObject\",\"inLanguage\":\"fr-FR\",\"@id\":\"https:\\\/\\\/secure.gravatar.com\\\/avatar\\\/aa9bf2bd97a7297274c53294f09e800c7ee0d88290f959d5d49f9380299b9ff1?s=96&d=mm&r=g\",\"url\":\"https:\\\/\\\/secure.gravatar.com\\\/avatar\\\/aa9bf2bd97a7297274c53294f09e800c7ee0d88290f959d5d49f9380299b9ff1?s=96&d=mm&r=g\",\"contentUrl\":\"https:\\\/\\\/secure.gravatar.com\\\/avatar\\\/aa9bf2bd97a7297274c53294f09e800c7ee0d88290f959d5d49f9380299b9ff1?s=96&d=mm&r=g\",\"caption\":\"WM81\"},\"sameAs\":[\"http:\\\/\\\/toutesnosenergies.fr\"],\"url\":\"https:\\\/\\\/toutesnosenergies.fr\\\/index.php\\\/author\\\/wm81\\\/\"}]}<\/script>\n<!-- \/ Yoast SEO plugin. -->","yoast_head_json":{"title":"NON au parc \u00e9olien sur Cintegabelle (Haute-Garonne) - Toutes Nos \u00c9nergies \u2013 Occitanie Environnement","robots":{"index":"index","follow":"follow","max-snippet":"max-snippet:-1","max-image-preview":"max-image-preview:large","max-video-preview":"max-video-preview:-1"},"canonical":"https:\/\/toutesnosenergies.fr\/index.php\/2023\/08\/25\/non-au-parc-eolien-sur-cintegabelle-haute-garonne\/","og_locale":"fr_FR","og_type":"article","og_title":"NON au parc \u00e9olien sur Cintegabelle (Haute-Garonne) - Toutes Nos \u00c9nergies \u2013 Occitanie Environnement","og_description":"Le pr\u00e9fet a accept\u00e9 le projet, malgr\u00e9 l&rsquo;avis n\u00e9gatif de 85% de la population et du commissaire enqu\u00eateur.Les porteurs de projet annoncent l&rsquo;implantation des \u00e9oliennes d\u00e8s 2025 !! Pour vous d\u00e9fendre, Hers Ariege Environnement a saisi la cour administrative d&rsquo;appel de Toulouse d&rsquo;un recours pour l&rsquo;annulation des arr\u00eat\u00e9s pr\u00e9fectoraux portant autorisation \u00e0 l&rsquo;exploitation du parc ... Lire plus","og_url":"https:\/\/toutesnosenergies.fr\/index.php\/2023\/08\/25\/non-au-parc-eolien-sur-cintegabelle-haute-garonne\/","og_site_name":"Toutes Nos \u00c9nergies \u2013 Occitanie Environnement","article_publisher":"https:\/\/www.facebook.com\/TNEtoutesnosenergiesOccitanieEnvironnement","article_published_time":"2023-08-25T17:10:58+00:00","article_modified_time":"2023-08-25T18:05:44+00:00","og_image":[{"url":"https:\/\/toutesnosenergies.fr\/wp-content\/uploads\/2023\/08\/image.png","type":"","width":"","height":""}],"author":"WM81","twitter_card":"summary_large_image","twitter_misc":{"\u00c9crit par":"WM81","Dur\u00e9e de lecture estim\u00e9e":"2 minutes"},"schema":{"@context":"https:\/\/schema.org","@graph":[{"@type":"Article","@id":"https:\/\/toutesnosenergies.fr\/index.php\/2023\/08\/25\/non-au-parc-eolien-sur-cintegabelle-haute-garonne\/#article","isPartOf":{"@id":"https:\/\/toutesnosenergies.fr\/index.php\/2023\/08\/25\/non-au-parc-eolien-sur-cintegabelle-haute-garonne\/"},"author":{"name":"WM81","@id":"https:\/\/toutesnosenergies.fr\/#\/schema\/person\/83b429b7810ce59e0a21afb7e0b3cb1c"},"headline":"NON au parc \u00e9olien sur Cintegabelle (Haute-Garonne)","datePublished":"2023-08-25T17:10:58+00:00","dateModified":"2023-08-25T18:05:44+00:00","mainEntityOfPage":{"@id":"https:\/\/toutesnosenergies.fr\/index.php\/2023\/08\/25\/non-au-parc-eolien-sur-cintegabelle-haute-garonne\/"},"wordCount":223,"commentCount":0,"publisher":{"@id":"https:\/\/toutesnosenergies.fr\/#organization"},"image":{"@id":"https:\/\/toutesnosenergies.fr\/index.php\/2023\/08\/25\/non-au-parc-eolien-sur-cintegabelle-haute-garonne\/#primaryimage"},"thumbnailUrl":"https:\/\/toutesnosenergies.fr\/wp-content\/uploads\/2023\/08\/image.png","articleSection":["Communiqu\u00e9s des associations"],"inLanguage":"fr-FR","potentialAction":[{"@type":"CommentAction","name":"Comment","target":["https:\/\/toutesnosenergies.fr\/index.php\/2023\/08\/25\/non-au-parc-eolien-sur-cintegabelle-haute-garonne\/#respond"]}]},{"@type":"WebPage","@id":"https:\/\/toutesnosenergies.fr\/index.php\/2023\/08\/25\/non-au-parc-eolien-sur-cintegabelle-haute-garonne\/","url":"https:\/\/toutesnosenergies.fr\/index.php\/2023\/08\/25\/non-au-parc-eolien-sur-cintegabelle-haute-garonne\/","name":"NON au parc \u00e9olien sur Cintegabelle (Haute-Garonne) - Toutes Nos \u00c9nergies \u2013 Occitanie Environnement","isPartOf":{"@id":"https:\/\/toutesnosenergies.fr\/#website"},"primaryImageOfPage":{"@id":"https:\/\/toutesnosenergies.fr\/index.php\/2023\/08\/25\/non-au-parc-eolien-sur-cintegabelle-haute-garonne\/#primaryimage"},"image":{"@id":"https:\/\/toutesnosenergies.fr\/index.php\/2023\/08\/25\/non-au-parc-eolien-sur-cintegabelle-haute-garonne\/#primaryimage"},"thumbnailUrl":"https:\/\/toutesnosenergies.fr\/wp-content\/uploads\/2023\/08\/image.png","datePublished":"2023-08-25T17:10:58+00:00","dateModified":"2023-08-25T18:05:44+00:00","breadcrumb":{"@id":"https:\/\/toutesnosenergies.fr\/index.php\/2023\/08\/25\/non-au-parc-eolien-sur-cintegabelle-haute-garonne\/#breadcrumb"},"inLanguage":"fr-FR","potentialAction":[{"@type":"ReadAction","target":["https:\/\/toutesnosenergies.fr\/index.php\/2023\/08\/25\/non-au-parc-eolien-sur-cintegabelle-haute-garonne\/"]}]},{"@type":"ImageObject","inLanguage":"fr-FR","@id":"https:\/\/toutesnosenergies.fr\/index.php\/2023\/08\/25\/non-au-parc-eolien-sur-cintegabelle-haute-garonne\/#primaryimage","url":"https:\/\/toutesnosenergies.fr\/wp-content\/uploads\/2023\/08\/image.png","contentUrl":"https:\/\/toutesnosenergies.fr\/wp-content\/uploads\/2023\/08\/image.png","width":263,"height":252},{"@type":"BreadcrumbList","@id":"https:\/\/toutesnosenergies.fr\/index.php\/2023\/08\/25\/non-au-parc-eolien-sur-cintegabelle-haute-garonne\/#breadcrumb","itemListElement":[{"@type":"ListItem","position":1,"name":"Accueil","item":"https:\/\/toutesnosenergies.fr\/"},{"@type":"ListItem","position":2,"name":"NON au parc \u00e9olien sur Cintegabelle (Haute-Garonne)"}]},{"@type":"WebSite","@id":"https:\/\/toutesnosenergies.fr\/#website","url":"https:\/\/toutesnosenergies.fr\/","name":"Toutes Nos \u00c9nergies \u2013 Occitanie Environnement","description":"Pour une \u00e9nergie respectueuse du vivant et des territoires ruraux en Occitanie","publisher":{"@id":"https:\/\/toutesnosenergies.fr\/#organization"},"potentialAction":[{"@type":"SearchAction","target":{"@type":"EntryPoint","urlTemplate":"https:\/\/toutesnosenergies.fr\/?s={search_term_string}"},"query-input":{"@type":"PropertyValueSpecification","valueRequired":true,"valueName":"search_term_string"}}],"inLanguage":"fr-FR"},{"@type":"Organization","@id":"https:\/\/toutesnosenergies.fr\/#organization","name":"Toutes Nos \u00c9nergies \u2013 Occitanie Environnement","url":"https:\/\/toutesnosenergies.fr\/","logo":{"@type":"ImageObject","inLanguage":"fr-FR","@id":"https:\/\/toutesnosenergies.fr\/#\/schema\/logo\/image\/","url":"https:\/\/toutesnosenergies.fr\/wp-content\/uploads\/2023\/01\/Petit-logo.png","contentUrl":"https:\/\/toutesnosenergies.fr\/wp-content\/uploads\/2023\/01\/Petit-logo.png","width":360,"height":102,"caption":"Toutes Nos \u00c9nergies \u2013 Occitanie Environnement"},"image":{"@id":"https:\/\/toutesnosenergies.fr\/#\/schema\/logo\/image\/"},"sameAs":["https:\/\/www.facebook.com\/TNEtoutesnosenergiesOccitanieEnvironnement"]},{"@type":"Person","@id":"https:\/\/toutesnosenergies.fr\/#\/schema\/person\/83b429b7810ce59e0a21afb7e0b3cb1c","name":"WM81","image":{"@type":"ImageObject","inLanguage":"fr-FR","@id":"https:\/\/secure.gravatar.com\/avatar\/aa9bf2bd97a7297274c53294f09e800c7ee0d88290f959d5d49f9380299b9ff1?s=96&d=mm&r=g","url":"https:\/\/secure.gravatar.com\/avatar\/aa9bf2bd97a7297274c53294f09e800c7ee0d88290f959d5d49f9380299b9ff1?s=96&d=mm&r=g","contentUrl":"https:\/\/secure.gravatar.com\/avatar\/aa9bf2bd97a7297274c53294f09e800c7ee0d88290f959d5d49f9380299b9ff1?s=96&d=mm&r=g","caption":"WM81"},"sameAs":["http:\/\/toutesnosenergies.fr"],"url":"https:\/\/toutesnosenergies.fr\/index.php\/author\/wm81\/"}]}},"_links":{"self":[{"href":"https:\/\/toutesnosenergies.fr\/index.php\/wp-json\/wp\/v2\/posts\/10075","targetHints":{"allow":["GET"]}}],"collection":[{"href":"https:\/\/toutesnosenergies.fr\/index.php\/wp-json\/wp\/v2\/posts"}],"about":[{"href":"https:\/\/toutesnosenergies.fr\/index.php\/wp-json\/wp\/v2\/types\/post"}],"author":[{"embeddable":true,"href":"https:\/\/toutesnosenergies.fr\/index.php\/wp-json\/wp\/v2\/users\/3"}],"replies":[{"embeddable":true,"href":"https:\/\/toutesnosenergies.fr\/index.php\/wp-json\/wp\/v2\/comments?post=10075"}],"version-history":[{"count":3,"href":"https:\/\/toutesnosenergies.fr\/index.php\/wp-json\/wp\/v2\/posts\/10075\/revisions"}],"predecessor-version":[{"id":10079,"href":"https:\/\/toutesnosenergies.fr\/index.php\/wp-json\/wp\/v2\/posts\/10075\/revisions\/10079"}],"wp:attachment":[{"href":"https:\/\/toutesnosenergies.fr\/index.php\/wp-json\/wp\/v2\/media?parent=10075"}],"wp:term":[{"taxonomy":"category","embeddable":true,"href":"https:\/\/toutesnosenergies.fr\/index.php\/wp-json\/wp\/v2\/categories?post=10075"},{"taxonomy":"post_tag","embeddable":true,"href":"https:\/\/toutesnosenergies.fr\/index.php\/wp-json\/wp\/v2\/tags?post=10075"}],"curies":[{"name":"wp","href":"https:\/\/api.w.org\/{rel}","templated":true}]}}