{"id":10333,"date":"2023-11-13T12:39:27","date_gmt":"2023-11-13T11:39:27","guid":{"rendered":"https:\/\/toutesnosenergies.fr\/?p=10333"},"modified":"2023-11-13T13:12:22","modified_gmt":"2023-11-13T12:12:22","slug":"les-echos-dans-la-presse-cette-semaine","status":"publish","type":"post","link":"https:\/\/toutesnosenergies.fr\/index.php\/2023\/11\/13\/les-echos-dans-la-presse-cette-semaine\/","title":{"rendered":"Les \u00e9chos dans la presse cette semaine"},"content":{"rendered":"\n<h4 class=\"wp-block-heading\">Les quatre fa\u00e7ades maritimes en consultation &#8230; particuli\u00e8rement pour l&rsquo;\u00e9olien en mer<\/h4>\n\n\n\n<p>Le lundi 20 novembre ouvrira sans doute l&rsquo;une des plus importantes s\u00e9quences de consultation publique, intitul\u00e9e \u00ab\u00a0<a href=\"https:\/\/www.debatpublic.fr\/la-mer-en-debat\" target=\"_blank\" rel=\"noreferrer noopener\">La mer en d\u00e9bat<\/a>\u00a0\u00bb. Ce 6 novembre, la Commission nationale du d\u00e9bat public (CNDP) a act\u00e9 les dossiers des ma\u00eetres d&rsquo;ouvrage \u2013 \u00e0 savoir, le Gouvernement et le gestionnaire du r\u00e9seau \u00e9lectrique, RTE \u2013 pour r\u00e9viser les orientations des documents strat\u00e9giques (DSF) des\u00a0quatre fa\u00e7ades maritimes fran\u00e7aises.\u00a0<em>\u00ab\u00a0Toute personne, habitante ou non du littoral\u00a0\u00bb<\/em>, confirme la CNDP, aura jusqu&rsquo;au 26 avril 2024 pour s&rsquo;exprimer sur l&rsquo;utilisation future des c\u00f4tes hexagonales, et tout particuli\u00e8rement en mati\u00e8re d&rsquo;\u00e9olien en mer. <br><a href=\"https:\/\/www.actu-environnement.com\/ae\/news\/eolien-mer-debat-public-facades-maritimes-42902.php4#ntrack=cXVvdGlkaWVubmV8MzQxMA%3D%3D[NjM1MTQ5]\">\u00c9olien en mer\u00a0: le d\u00e9bat public largue les amarres le 20\u00a0novembre<\/a> (Actu Environnement F\u00e9lix Gouty)<\/p>\n\n\n\n<!--more-->\n\n\n\n<h4 class=\"wp-block-heading\">Pendant ce temps les mobilisations continuent &#8230;<\/h4>\n\n\n\n<p>Les opposants au projet \u00e9olien sur les hauteurs de Villemur-sur-Tarn (Haute Garonne) ne s\u2019essoufflent pas. R\u00e9unis en deux associations, l\u2019APECT (Association pour la protection de l\u2019environnement et des coteaux du Tarn) et PPE (Protection Paysage &amp; Environnement), ces riverains alertent depuis deux ans sur le d\u00e9veloppement du projet port\u00e9 par Voltalia, dont l\u2019\u00e9tude a \u00e9t\u00e9 autoris\u00e9e par une d\u00e9lib\u00e9ration du conseil municipal de Villemur-sur- Tarn, en d\u00e9cembre 2020. Alors que, disent-ils, \u00ab\u00a0Voltalia a pr\u00e9vu de d\u00e9poser en Pr\u00e9fecture en fin d\u2019ann\u00e9e, la demande d\u2019autorisation pour 4 \u00e0 5 \u00e9oliennes de 180 \u00e0 200 m\u00e8tres de hauteur\u00a0\u00bb, ces d\u00e9tracteurs prennent la plume pour alerter la pr\u00e9sidente de R\u00e9gion, le pr\u00e9fet, le s\u00e9nateur, le d\u00e9put\u00e9 et bien d\u2019autres \u00e9lus pour r\u00e9affirmer leur position.<br><a href=\"https:\/\/www.ladepeche.fr\/2023\/11\/09\/projet-eolien-vent-de-colere-sur-les-hauts-de-villemur-11568750.php\">Projet \u00e9olien : vent de col\u00e8re sur les hauts de Villemur<\/a> (La D\u00e9p\u00eache Emmanuel Haillot)<\/p>\n\n\n\n<p>Les \u00e9oliennes dans le massif des Lens (Gard), une \u00e9nergie contre nature ? La r\u00e9ponse ne fait aucun doute pour les \u00e9lus de plusieurs communes oppos\u00e9es (Fons, Saint-Mamert, Mauressargues, Montagnac, Sauzet, La Rouvi\u00e8re, Savignargues, Crespian et Aigremont) au projet \u00e9olien de Moul\u00e9zan qui se sont r\u00e9unis une nouvelle fois \u00e0 Montagnac, et ce \u00e0 quelques jours de la cl\u00f4ture, le 8 novembre, de l\u2019enqu\u00eate publique. \u00c0 noter \u00e9galement la pr\u00e9sence de repr\u00e9sentants du Comit\u00e9 de d\u00e9fense du bois des Lens, et celle de Serge Delaunay (ancien directeur r\u00e9gional d\u2019Enedis, d\u2019EDF GDF Services Gard Loz\u00e8re, commissaire adjoint de la Datar et consultant en \u00e9nergie) qui ne valide pas l\u2019\u00e9nergie \u00e9olienne.<br><a href=\"https:\/\/www.midilibre.fr\/2023\/11\/09\/les-elus-mettent-toute-leur-energie-contre-le-projet-eolien-11568726.php\">Les \u00e9lus mettent toute leur \u00e9nergie contre le projet \u00e9olien<\/a> (Midi Libre)<\/p>\n\n\n\n<h4 class=\"wp-block-heading\">Pendant ce temps aussi, nous finan\u00e7ons les promoteurs (message de la. FED)<\/h4>\n\n\n\n<p>L&rsquo;\u00e9tat a \u00e9t\u00e9 d\u00e9savou\u00e9 par le conseil constitutionnel. Les six milliards d&rsquo;euros accapar\u00e9s par les promoteurs \u00e9oliens et solaires ne seront jamais rendus. Les fran\u00e7ais devront payer une facture \u00e9quivalente \u00e0 250 euros par foyer<br><a href=\"https:\/\/blogs.mediapart.fr\/federation-environnement-durable\/blog\/061123\/eolien-et-solaire-les-promoteurs-obligent-l-etat-rendre-gorge\">\u00c9olien et solaire les promoteurs obligent l\u2019\u00e9tat \u00e0 rendre gorge<\/a> (Mediapart FED) <\/p>\n\n\n\n<h4 class=\"wp-block-heading\">Le point de vue de deux d\u00e9put\u00e9s (Renaissance et les R\u00e9publicains) sur la sobri\u00e9t\u00e9 <\/h4>\n\n\n\n<p>Plut\u00f4t qu\u2019un id\u00e9al \u00e0 atteindre, la sobri\u00e9t\u00e9 doit \u00eatre vue comme un principe d\u2019action. Ce n\u2019est pas la baisse de la consommation d\u2019\u00e9nergie qui doit \u00eatre recherch\u00e9e en soi, dans une sorte de nouveau refrain d\u00e9croissant. Bien au contraire, il s\u2019agit d\u2019utiliser le potentiel qu\u2019offre la sobri\u00e9t\u00e9 pour faire face aux grands d\u00e9fis auxquels notre pays est confront\u00e9. La sobri\u00e9t\u00e9 doit tout enti\u00e8re \u00eatre mise au service de l\u2019atteinte de nos objectifs climatiques et du bouclage \u00e9nerg\u00e9tique, dans ses dimensions aussi bien monitor\u00e9e, que gouvern\u00e9e et symbiotique. <br><a href=\"https:\/\/toutesnosenergies.fr\/wp-content\/uploads\/2023\/11\/668-Sobriete-energetique-mobilisation-collective.pdf\">Sobri\u00e9t\u00e9 \u00e9nerg\u00e9tique : pour une mobilisation collective<\/a> (La Revue de l&rsquo;\u00e9nergie, Olga Givernet, St\u00e9phane Piednoir <a href=\"https:\/\/toutesnosenergies.fr\/wp-content\/uploads\/2023\/11\/668-Sobriete-energetique-mobilisation-collective.pdf\">PDF<\/a>)<\/p>\n\n\n\n<h4 class=\"wp-block-heading\">Et un guide de bonnes pratiques pour prendre en compte la biodiversit\u00e9<\/h4>\n\n\n\n<h5 class=\"wp-block-heading\">Le Comit\u00e9 fran\u00e7ais de l\u2019UICN (Union internationale pour conservation de la nature) publie un recueil de retours d\u2019exp\u00e9riences permettant d\u2019identifier des bonnes pratiques et formulant des recommandations afin d\u2019am\u00e9liorer la prise en compte de la biodiversit\u00e9 dans la planification et la conception des projets \u00e9oliens et photovolta\u00efques.&nbsp;L\u2019objectif est d\u2019accompagner les porteurs de projets d\u2019\u00e9nergie renouvelable (EnR), publics ou priv\u00e9s,&nbsp;pour faire \u00e9voluer les pratiques et concilier transition \u00e9nerg\u00e9tique et pr\u00e9servation de la biodiversit\u00e9,&nbsp;deux politiques indissociables d\u2019une v\u00e9ritable transition \u00e9cologique.<br>Consulter et t\u00e9l\u00e9charger&nbsp;<a href=\"https:\/\/uicn.fr\/wp-content\/uploads\/2023\/11\/uicn-biodiversite-et-enr.pdf\">\u00ab Am\u00e9liorer la prise en compte de la biodiversit\u00e9 dans la planification et la conception des projets \u00e9oliens et photovolta\u00efques \u00bb<\/a>&nbsp;du Comit\u00e9 fran\u00e7ais de l\u2019UICN, publi\u00e9 avec le soutien de l\u2019ADEME et du Minist\u00e8re de la Transition \u00c9cologique et de la Coh\u00e9sion des Territoires. <br><a href=\"https:\/\/uicn.fr\/90187-2\/\">\u00c9nergies renouvelables et biodiversit\u00e9, des solutions concr\u00e8tes de conciliation <\/a> (UICN Comit\u00e9 fran\u00e7ais)<\/h5>\n","protected":false},"excerpt":{"rendered":"<p>Les quatre fa\u00e7ades maritimes en consultation &#8230; particuli\u00e8rement pour l&rsquo;\u00e9olien en mer Le lundi 20 novembre ouvrira sans doute l&rsquo;une des plus importantes s\u00e9quences de consultation publique, intitul\u00e9e \u00ab\u00a0La mer en d\u00e9bat\u00a0\u00bb. Ce 6 novembre, la Commission nationale du d\u00e9bat public (CNDP) a act\u00e9 les dossiers des ma\u00eetres d&rsquo;ouvrage \u2013 \u00e0 savoir, le Gouvernement et &#8230; <a title=\"Les \u00e9chos dans la presse cette semaine\" class=\"read-more\" href=\"https:\/\/toutesnosenergies.fr\/index.php\/2023\/11\/13\/les-echos-dans-la-presse-cette-semaine\/\" aria-label=\"Plus sur Les \u00e9chos dans la presse cette semaine\">Lire plus<\/a><\/p>\n","protected":false},"author":3,"featured_media":0,"comment_status":"open","ping_status":"open","sticky":false,"template":"","format":"standard","meta":{"_cbd_carousel_blocks":"[]","sfsi_plus_gutenberg_text_before_share":"","sfsi_plus_gutenberg_show_text_before_share":"","sfsi_plus_gutenberg_icon_type":"","sfsi_plus_gutenberg_icon_alignemt":"","sfsi_plus_gutenburg_max_per_row":"","footnotes":""},"categories":[11],"tags":[],"class_list":["post-10333","post","type-post","status-publish","format-standard","hentry","category-dans-la-presse"],"yoast_head":"<!-- This site is optimized with the Yoast SEO plugin v27.5 - https:\/\/yoast.com\/product\/yoast-seo-wordpress\/ -->\n<title>Les \u00e9chos dans la presse cette semaine - Toutes Nos \u00c9nergies \u2013 Occitanie Environnement<\/title>\n<meta name=\"robots\" content=\"index, follow, max-snippet:-1, max-image-preview:large, max-video-preview:-1\" \/>\n<link rel=\"canonical\" href=\"https:\/\/toutesnosenergies.fr\/index.php\/2023\/11\/13\/les-echos-dans-la-presse-cette-semaine\/\" \/>\n<meta property=\"og:locale\" content=\"fr_FR\" \/>\n<meta property=\"og:type\" content=\"article\" \/>\n<meta property=\"og:title\" content=\"Les \u00e9chos dans la presse cette semaine - Toutes Nos \u00c9nergies \u2013 Occitanie Environnement\" \/>\n<meta property=\"og:description\" content=\"Les quatre fa\u00e7ades maritimes en consultation &#8230; particuli\u00e8rement pour l&rsquo;\u00e9olien en mer Le lundi 20 novembre ouvrira sans doute l&rsquo;une des plus importantes s\u00e9quences de consultation publique, intitul\u00e9e \u00ab\u00a0La mer en d\u00e9bat\u00a0\u00bb. Ce 6 novembre, la Commission nationale du d\u00e9bat public (CNDP) a act\u00e9 les dossiers des ma\u00eetres d&rsquo;ouvrage \u2013 \u00e0 savoir, le Gouvernement et ... Lire plus\" \/>\n<meta property=\"og:url\" content=\"https:\/\/toutesnosenergies.fr\/index.php\/2023\/11\/13\/les-echos-dans-la-presse-cette-semaine\/\" \/>\n<meta property=\"og:site_name\" content=\"Toutes Nos \u00c9nergies \u2013 Occitanie Environnement\" \/>\n<meta property=\"article:publisher\" content=\"https:\/\/www.facebook.com\/TNEtoutesnosenergiesOccitanieEnvironnement\" \/>\n<meta property=\"article:published_time\" content=\"2023-11-13T11:39:27+00:00\" \/>\n<meta property=\"article:modified_time\" content=\"2023-11-13T12:12:22+00:00\" \/>\n<meta name=\"author\" content=\"WM81\" \/>\n<meta name=\"twitter:card\" content=\"summary_large_image\" \/>\n<meta name=\"twitter:label1\" content=\"\u00c9crit par\" \/>\n\t<meta name=\"twitter:data1\" content=\"WM81\" \/>\n\t<meta name=\"twitter:label2\" content=\"Dur\u00e9e de lecture estim\u00e9e\" \/>\n\t<meta name=\"twitter:data2\" content=\"4 minutes\" \/>\n<script type=\"application\/ld+json\" class=\"yoast-schema-graph\">{\"@context\":\"https:\\\/\\\/schema.org\",\"@graph\":[{\"@type\":\"Article\",\"@id\":\"https:\\\/\\\/toutesnosenergies.fr\\\/index.php\\\/2023\\\/11\\\/13\\\/les-echos-dans-la-presse-cette-semaine\\\/#article\",\"isPartOf\":{\"@id\":\"https:\\\/\\\/toutesnosenergies.fr\\\/index.php\\\/2023\\\/11\\\/13\\\/les-echos-dans-la-presse-cette-semaine\\\/\"},\"author\":{\"name\":\"WM81\",\"@id\":\"https:\\\/\\\/toutesnosenergies.fr\\\/#\\\/schema\\\/person\\\/83b429b7810ce59e0a21afb7e0b3cb1c\"},\"headline\":\"Les \u00e9chos dans la presse cette semaine\",\"datePublished\":\"2023-11-13T11:39:27+00:00\",\"dateModified\":\"2023-11-13T12:12:22+00:00\",\"mainEntityOfPage\":{\"@id\":\"https:\\\/\\\/toutesnosenergies.fr\\\/index.php\\\/2023\\\/11\\\/13\\\/les-echos-dans-la-presse-cette-semaine\\\/\"},\"wordCount\":821,\"commentCount\":0,\"publisher\":{\"@id\":\"https:\\\/\\\/toutesnosenergies.fr\\\/#organization\"},\"articleSection\":[\"Dans la presse\"],\"inLanguage\":\"fr-FR\",\"potentialAction\":[{\"@type\":\"CommentAction\",\"name\":\"Comment\",\"target\":[\"https:\\\/\\\/toutesnosenergies.fr\\\/index.php\\\/2023\\\/11\\\/13\\\/les-echos-dans-la-presse-cette-semaine\\\/#respond\"]}]},{\"@type\":\"WebPage\",\"@id\":\"https:\\\/\\\/toutesnosenergies.fr\\\/index.php\\\/2023\\\/11\\\/13\\\/les-echos-dans-la-presse-cette-semaine\\\/\",\"url\":\"https:\\\/\\\/toutesnosenergies.fr\\\/index.php\\\/2023\\\/11\\\/13\\\/les-echos-dans-la-presse-cette-semaine\\\/\",\"name\":\"Les \u00e9chos dans la presse cette semaine - Toutes Nos \u00c9nergies \u2013 Occitanie Environnement\",\"isPartOf\":{\"@id\":\"https:\\\/\\\/toutesnosenergies.fr\\\/#website\"},\"datePublished\":\"2023-11-13T11:39:27+00:00\",\"dateModified\":\"2023-11-13T12:12:22+00:00\",\"breadcrumb\":{\"@id\":\"https:\\\/\\\/toutesnosenergies.fr\\\/index.php\\\/2023\\\/11\\\/13\\\/les-echos-dans-la-presse-cette-semaine\\\/#breadcrumb\"},\"inLanguage\":\"fr-FR\",\"potentialAction\":[{\"@type\":\"ReadAction\",\"target\":[\"https:\\\/\\\/toutesnosenergies.fr\\\/index.php\\\/2023\\\/11\\\/13\\\/les-echos-dans-la-presse-cette-semaine\\\/\"]}]},{\"@type\":\"BreadcrumbList\",\"@id\":\"https:\\\/\\\/toutesnosenergies.fr\\\/index.php\\\/2023\\\/11\\\/13\\\/les-echos-dans-la-presse-cette-semaine\\\/#breadcrumb\",\"itemListElement\":[{\"@type\":\"ListItem\",\"position\":1,\"name\":\"Accueil\",\"item\":\"https:\\\/\\\/toutesnosenergies.fr\\\/\"},{\"@type\":\"ListItem\",\"position\":2,\"name\":\"Les \u00e9chos dans la presse cette semaine\"}]},{\"@type\":\"WebSite\",\"@id\":\"https:\\\/\\\/toutesnosenergies.fr\\\/#website\",\"url\":\"https:\\\/\\\/toutesnosenergies.fr\\\/\",\"name\":\"Toutes Nos \u00c9nergies \u2013 Occitanie Environnement\",\"description\":\"Pour une \u00e9nergie respectueuse du vivant et des territoires ruraux en Occitanie\",\"publisher\":{\"@id\":\"https:\\\/\\\/toutesnosenergies.fr\\\/#organization\"},\"potentialAction\":[{\"@type\":\"SearchAction\",\"target\":{\"@type\":\"EntryPoint\",\"urlTemplate\":\"https:\\\/\\\/toutesnosenergies.fr\\\/?s={search_term_string}\"},\"query-input\":{\"@type\":\"PropertyValueSpecification\",\"valueRequired\":true,\"valueName\":\"search_term_string\"}}],\"inLanguage\":\"fr-FR\"},{\"@type\":\"Organization\",\"@id\":\"https:\\\/\\\/toutesnosenergies.fr\\\/#organization\",\"name\":\"Toutes Nos \u00c9nergies \u2013 Occitanie Environnement\",\"url\":\"https:\\\/\\\/toutesnosenergies.fr\\\/\",\"logo\":{\"@type\":\"ImageObject\",\"inLanguage\":\"fr-FR\",\"@id\":\"https:\\\/\\\/toutesnosenergies.fr\\\/#\\\/schema\\\/logo\\\/image\\\/\",\"url\":\"https:\\\/\\\/toutesnosenergies.fr\\\/wp-content\\\/uploads\\\/2023\\\/01\\\/Petit-logo.png\",\"contentUrl\":\"https:\\\/\\\/toutesnosenergies.fr\\\/wp-content\\\/uploads\\\/2023\\\/01\\\/Petit-logo.png\",\"width\":360,\"height\":102,\"caption\":\"Toutes Nos \u00c9nergies \u2013 Occitanie Environnement\"},\"image\":{\"@id\":\"https:\\\/\\\/toutesnosenergies.fr\\\/#\\\/schema\\\/logo\\\/image\\\/\"},\"sameAs\":[\"https:\\\/\\\/www.facebook.com\\\/TNEtoutesnosenergiesOccitanieEnvironnement\"]},{\"@type\":\"Person\",\"@id\":\"https:\\\/\\\/toutesnosenergies.fr\\\/#\\\/schema\\\/person\\\/83b429b7810ce59e0a21afb7e0b3cb1c\",\"name\":\"WM81\",\"image\":{\"@type\":\"ImageObject\",\"inLanguage\":\"fr-FR\",\"@id\":\"https:\\\/\\\/secure.gravatar.com\\\/avatar\\\/aa9bf2bd97a7297274c53294f09e800c7ee0d88290f959d5d49f9380299b9ff1?s=96&d=mm&r=g\",\"url\":\"https:\\\/\\\/secure.gravatar.com\\\/avatar\\\/aa9bf2bd97a7297274c53294f09e800c7ee0d88290f959d5d49f9380299b9ff1?s=96&d=mm&r=g\",\"contentUrl\":\"https:\\\/\\\/secure.gravatar.com\\\/avatar\\\/aa9bf2bd97a7297274c53294f09e800c7ee0d88290f959d5d49f9380299b9ff1?s=96&d=mm&r=g\",\"caption\":\"WM81\"},\"sameAs\":[\"http:\\\/\\\/toutesnosenergies.fr\"],\"url\":\"https:\\\/\\\/toutesnosenergies.fr\\\/index.php\\\/author\\\/wm81\\\/\"}]}<\/script>\n<!-- \/ Yoast SEO plugin. -->","yoast_head_json":{"title":"Les \u00e9chos dans la presse cette semaine - Toutes Nos \u00c9nergies \u2013 Occitanie Environnement","robots":{"index":"index","follow":"follow","max-snippet":"max-snippet:-1","max-image-preview":"max-image-preview:large","max-video-preview":"max-video-preview:-1"},"canonical":"https:\/\/toutesnosenergies.fr\/index.php\/2023\/11\/13\/les-echos-dans-la-presse-cette-semaine\/","og_locale":"fr_FR","og_type":"article","og_title":"Les \u00e9chos dans la presse cette semaine - Toutes Nos \u00c9nergies \u2013 Occitanie Environnement","og_description":"Les quatre fa\u00e7ades maritimes en consultation &#8230; particuli\u00e8rement pour l&rsquo;\u00e9olien en mer Le lundi 20 novembre ouvrira sans doute l&rsquo;une des plus importantes s\u00e9quences de consultation publique, intitul\u00e9e \u00ab\u00a0La mer en d\u00e9bat\u00a0\u00bb. Ce 6 novembre, la Commission nationale du d\u00e9bat public (CNDP) a act\u00e9 les dossiers des ma\u00eetres d&rsquo;ouvrage \u2013 \u00e0 savoir, le Gouvernement et ... Lire plus","og_url":"https:\/\/toutesnosenergies.fr\/index.php\/2023\/11\/13\/les-echos-dans-la-presse-cette-semaine\/","og_site_name":"Toutes Nos \u00c9nergies \u2013 Occitanie Environnement","article_publisher":"https:\/\/www.facebook.com\/TNEtoutesnosenergiesOccitanieEnvironnement","article_published_time":"2023-11-13T11:39:27+00:00","article_modified_time":"2023-11-13T12:12:22+00:00","author":"WM81","twitter_card":"summary_large_image","twitter_misc":{"\u00c9crit par":"WM81","Dur\u00e9e de lecture estim\u00e9e":"4 minutes"},"schema":{"@context":"https:\/\/schema.org","@graph":[{"@type":"Article","@id":"https:\/\/toutesnosenergies.fr\/index.php\/2023\/11\/13\/les-echos-dans-la-presse-cette-semaine\/#article","isPartOf":{"@id":"https:\/\/toutesnosenergies.fr\/index.php\/2023\/11\/13\/les-echos-dans-la-presse-cette-semaine\/"},"author":{"name":"WM81","@id":"https:\/\/toutesnosenergies.fr\/#\/schema\/person\/83b429b7810ce59e0a21afb7e0b3cb1c"},"headline":"Les \u00e9chos dans la presse cette semaine","datePublished":"2023-11-13T11:39:27+00:00","dateModified":"2023-11-13T12:12:22+00:00","mainEntityOfPage":{"@id":"https:\/\/toutesnosenergies.fr\/index.php\/2023\/11\/13\/les-echos-dans-la-presse-cette-semaine\/"},"wordCount":821,"commentCount":0,"publisher":{"@id":"https:\/\/toutesnosenergies.fr\/#organization"},"articleSection":["Dans la presse"],"inLanguage":"fr-FR","potentialAction":[{"@type":"CommentAction","name":"Comment","target":["https:\/\/toutesnosenergies.fr\/index.php\/2023\/11\/13\/les-echos-dans-la-presse-cette-semaine\/#respond"]}]},{"@type":"WebPage","@id":"https:\/\/toutesnosenergies.fr\/index.php\/2023\/11\/13\/les-echos-dans-la-presse-cette-semaine\/","url":"https:\/\/toutesnosenergies.fr\/index.php\/2023\/11\/13\/les-echos-dans-la-presse-cette-semaine\/","name":"Les \u00e9chos dans la presse cette semaine - Toutes Nos \u00c9nergies \u2013 Occitanie Environnement","isPartOf":{"@id":"https:\/\/toutesnosenergies.fr\/#website"},"datePublished":"2023-11-13T11:39:27+00:00","dateModified":"2023-11-13T12:12:22+00:00","breadcrumb":{"@id":"https:\/\/toutesnosenergies.fr\/index.php\/2023\/11\/13\/les-echos-dans-la-presse-cette-semaine\/#breadcrumb"},"inLanguage":"fr-FR","potentialAction":[{"@type":"ReadAction","target":["https:\/\/toutesnosenergies.fr\/index.php\/2023\/11\/13\/les-echos-dans-la-presse-cette-semaine\/"]}]},{"@type":"BreadcrumbList","@id":"https:\/\/toutesnosenergies.fr\/index.php\/2023\/11\/13\/les-echos-dans-la-presse-cette-semaine\/#breadcrumb","itemListElement":[{"@type":"ListItem","position":1,"name":"Accueil","item":"https:\/\/toutesnosenergies.fr\/"},{"@type":"ListItem","position":2,"name":"Les \u00e9chos dans la presse cette semaine"}]},{"@type":"WebSite","@id":"https:\/\/toutesnosenergies.fr\/#website","url":"https:\/\/toutesnosenergies.fr\/","name":"Toutes Nos \u00c9nergies \u2013 Occitanie Environnement","description":"Pour une \u00e9nergie respectueuse du vivant et des territoires ruraux en Occitanie","publisher":{"@id":"https:\/\/toutesnosenergies.fr\/#organization"},"potentialAction":[{"@type":"SearchAction","target":{"@type":"EntryPoint","urlTemplate":"https:\/\/toutesnosenergies.fr\/?s={search_term_string}"},"query-input":{"@type":"PropertyValueSpecification","valueRequired":true,"valueName":"search_term_string"}}],"inLanguage":"fr-FR"},{"@type":"Organization","@id":"https:\/\/toutesnosenergies.fr\/#organization","name":"Toutes Nos \u00c9nergies \u2013 Occitanie Environnement","url":"https:\/\/toutesnosenergies.fr\/","logo":{"@type":"ImageObject","inLanguage":"fr-FR","@id":"https:\/\/toutesnosenergies.fr\/#\/schema\/logo\/image\/","url":"https:\/\/toutesnosenergies.fr\/wp-content\/uploads\/2023\/01\/Petit-logo.png","contentUrl":"https:\/\/toutesnosenergies.fr\/wp-content\/uploads\/2023\/01\/Petit-logo.png","width":360,"height":102,"caption":"Toutes Nos \u00c9nergies \u2013 Occitanie Environnement"},"image":{"@id":"https:\/\/toutesnosenergies.fr\/#\/schema\/logo\/image\/"},"sameAs":["https:\/\/www.facebook.com\/TNEtoutesnosenergiesOccitanieEnvironnement"]},{"@type":"Person","@id":"https:\/\/toutesnosenergies.fr\/#\/schema\/person\/83b429b7810ce59e0a21afb7e0b3cb1c","name":"WM81","image":{"@type":"ImageObject","inLanguage":"fr-FR","@id":"https:\/\/secure.gravatar.com\/avatar\/aa9bf2bd97a7297274c53294f09e800c7ee0d88290f959d5d49f9380299b9ff1?s=96&d=mm&r=g","url":"https:\/\/secure.gravatar.com\/avatar\/aa9bf2bd97a7297274c53294f09e800c7ee0d88290f959d5d49f9380299b9ff1?s=96&d=mm&r=g","contentUrl":"https:\/\/secure.gravatar.com\/avatar\/aa9bf2bd97a7297274c53294f09e800c7ee0d88290f959d5d49f9380299b9ff1?s=96&d=mm&r=g","caption":"WM81"},"sameAs":["http:\/\/toutesnosenergies.fr"],"url":"https:\/\/toutesnosenergies.fr\/index.php\/author\/wm81\/"}]}},"_links":{"self":[{"href":"https:\/\/toutesnosenergies.fr\/index.php\/wp-json\/wp\/v2\/posts\/10333","targetHints":{"allow":["GET"]}}],"collection":[{"href":"https:\/\/toutesnosenergies.fr\/index.php\/wp-json\/wp\/v2\/posts"}],"about":[{"href":"https:\/\/toutesnosenergies.fr\/index.php\/wp-json\/wp\/v2\/types\/post"}],"author":[{"embeddable":true,"href":"https:\/\/toutesnosenergies.fr\/index.php\/wp-json\/wp\/v2\/users\/3"}],"replies":[{"embeddable":true,"href":"https:\/\/toutesnosenergies.fr\/index.php\/wp-json\/wp\/v2\/comments?post=10333"}],"version-history":[{"count":3,"href":"https:\/\/toutesnosenergies.fr\/index.php\/wp-json\/wp\/v2\/posts\/10333\/revisions"}],"predecessor-version":[{"id":10338,"href":"https:\/\/toutesnosenergies.fr\/index.php\/wp-json\/wp\/v2\/posts\/10333\/revisions\/10338"}],"wp:attachment":[{"href":"https:\/\/toutesnosenergies.fr\/index.php\/wp-json\/wp\/v2\/media?parent=10333"}],"wp:term":[{"taxonomy":"category","embeddable":true,"href":"https:\/\/toutesnosenergies.fr\/index.php\/wp-json\/wp\/v2\/categories?post=10333"},{"taxonomy":"post_tag","embeddable":true,"href":"https:\/\/toutesnosenergies.fr\/index.php\/wp-json\/wp\/v2\/tags?post=10333"}],"curies":[{"name":"wp","href":"https:\/\/api.w.org\/{rel}","templated":true}]}}