{"id":10356,"date":"2023-11-24T16:44:56","date_gmt":"2023-11-24T15:44:56","guid":{"rendered":"https:\/\/toutesnosenergies.fr\/?p=10356"},"modified":"2023-11-25T17:31:09","modified_gmt":"2023-11-25T16:31:09","slug":"le-projet-bretagne-sud-ao5-deolien-en-mer-est-il-en-panne","status":"publish","type":"post","link":"https:\/\/toutesnosenergies.fr\/index.php\/2023\/11\/24\/le-projet-bretagne-sud-ao5-deolien-en-mer-est-il-en-panne\/","title":{"rendered":"Le projet Bretagne-Sud AO5 d&rsquo;\u00e9olien en mer est-il en panne ?"},"content":{"rendered":"\n<p class=\"has-background\" style=\"background-color:#fdfd4b\">Les offres des 10 candidats pr\u00e9s\u00e9lectionn\u00e9s pour ce projet devaient \u00eatre remises le 2 octobre \u00e0 la CRE : un mois et demi plus tard aucune communication officielle n&rsquo;a \u00e9t\u00e9 faite sur les soumissionnaires, signe d&rsquo;une g\u00eane manifeste.<\/p>\n\n\n\n<p>Les<a href=\"https:\/\/www.gardiensdularge.org\/\"> Gardiens du Large<\/a> ont publi\u00e9 le communiqu\u00e9 joint, <a href=\"https:\/\/toutesnosenergies.fr\/wp-content\/uploads\/2023\/11\/2023-11-17-CP-Gardiens-du-Large.pdf\"><strong>Le projet \u00e9olien Bretagne-Sud AO5 est-il en train de d\u00e9railler ?<\/strong> <\/a>qui d\u00e9taille les raisons possibles de cette \u00e9trange situation&#8230;<\/p>\n\n\n\n<ul class=\"wp-block-list\">\n<li><strong>Le profond marasme que conna\u00eet aujourd\u2019hui internationalement l\u2019\u00e9olien<\/strong>, principalement offshore : pertes abyssales des principaux constructeurs europ\u00e9ens (Siemens-Energy, Vestas, Nordex, General Electric), plan de sauvetage de Siemens-Energy par l\u2019Etat allemand de 15 milliards d\u2019euros, abandon de grands projets offshore partout dans lemonde par les investisseurs.<\/li>\n<\/ul>\n\n\n\n<!--more-->\n\n\n\n<ul class=\"wp-block-list\">\n<li><strong>Une explosion des co\u00fbts <\/strong>qui d\u00e9courage les candidats comme lors de la derni\u00e8re mise aux ench\u00e8res de concessions \u00e9oliennes offshore en Grande Bretagne. Les autorit\u00e9s viennent de porter le tarif d\u2019achat \u00e0 201 euros \/ MWh(+ 50%), \u00e0 comparer aux 140 euros annonc\u00e9s dans l\u2019AO5. Cette d\u00e9rive continuelle des co\u00fbts entra\u00eene une recherche sans fin de subventions nouvelles pay\u00e9es par les citoyens.<\/li>\n<\/ul>\n\n\n\n<ul class=\"wp-block-list\">\n<li><strong>Une faisabilit\u00e9 technique douteuse<\/strong> que les grandes temp\u00eates r\u00e9centes (Ciaran, Domingos) ont mis en \u00e9vidence. Les conditions r\u00e9elles en Bretagne sud : vents de 152 et 168 km\/h relev\u00e9s au p\u00e9rim\u00e8tre du projet, avec des vagues de 15 m\u00e8tres,  p\u00e8sent sur la faisabilit\u00e9 et le co\u00fbt des flotteurs et des ancrages des \u00e9oliennes g\u00e9antes annonc\u00e9es, alors-m\u00eame qu\u2019aucune technologie n\u2019est \u00e0 maturit\u00e9 industrielle.<\/li>\n<\/ul>\n\n\n\n<blockquote class=\"wp-block-quote is-layout-flow wp-block-quote-is-layout-flow\">\n<p><strong>Le gouvernement nous doit la v\u00e9rit\u00e9. Il est urgent de lever le pied, l\u2019\u00e9olien industriel offshore flottant se r\u00e9v\u00e8le hors de prix ; il n\u2019est ni techniquement m\u00fbr, ni m\u00eame utile au syst\u00e8me \u00e9lectrique fran\u00e7ais.<\/strong><\/p>\n<cite>Les Gardiens du Large<\/cite><\/blockquote>\n","protected":false},"excerpt":{"rendered":"<p>Les offres des 10 candidats pr\u00e9s\u00e9lectionn\u00e9s pour ce projet devaient \u00eatre remises le 2 octobre \u00e0 la CRE : un mois et demi plus tard aucune communication officielle n&rsquo;a \u00e9t\u00e9 faite sur les soumissionnaires, signe d&rsquo;une g\u00eane manifeste. Les Gardiens du Large ont publi\u00e9 le communiqu\u00e9 joint, Le projet \u00e9olien Bretagne-Sud AO5 est-il en train &#8230; <a title=\"Le projet Bretagne-Sud AO5 d&rsquo;\u00e9olien en mer est-il en panne ?\" class=\"read-more\" href=\"https:\/\/toutesnosenergies.fr\/index.php\/2023\/11\/24\/le-projet-bretagne-sud-ao5-deolien-en-mer-est-il-en-panne\/\" aria-label=\"Plus sur Le projet Bretagne-Sud AO5 d&rsquo;\u00e9olien en mer est-il en panne ?\">Lire plus<\/a><\/p>\n","protected":false},"author":3,"featured_media":0,"comment_status":"open","ping_status":"open","sticky":false,"template":"","format":"standard","meta":{"_cbd_carousel_blocks":"[]","sfsi_plus_gutenberg_text_before_share":"","sfsi_plus_gutenberg_show_text_before_share":"","sfsi_plus_gutenberg_icon_type":"","sfsi_plus_gutenberg_icon_alignemt":"","sfsi_plus_gutenburg_max_per_row":"","footnotes":""},"categories":[10],"tags":[],"class_list":["post-10356","post","type-post","status-publish","format-standard","hentry","category-informations-diverses"],"yoast_head":"<!-- This site is optimized with the Yoast SEO plugin v27.5 - https:\/\/yoast.com\/product\/yoast-seo-wordpress\/ -->\n<title>Le projet Bretagne-Sud AO5 d&#039;\u00e9olien en mer est-il en panne ? - Toutes Nos \u00c9nergies \u2013 Occitanie Environnement<\/title>\n<meta name=\"robots\" content=\"index, follow, max-snippet:-1, max-image-preview:large, max-video-preview:-1\" \/>\n<link rel=\"canonical\" href=\"https:\/\/toutesnosenergies.fr\/index.php\/2023\/11\/24\/le-projet-bretagne-sud-ao5-deolien-en-mer-est-il-en-panne\/\" \/>\n<meta property=\"og:locale\" content=\"fr_FR\" \/>\n<meta property=\"og:type\" content=\"article\" \/>\n<meta property=\"og:title\" content=\"Le projet Bretagne-Sud AO5 d&#039;\u00e9olien en mer est-il en panne ? - Toutes Nos \u00c9nergies \u2013 Occitanie Environnement\" \/>\n<meta property=\"og:description\" content=\"Les offres des 10 candidats pr\u00e9s\u00e9lectionn\u00e9s pour ce projet devaient \u00eatre remises le 2 octobre \u00e0 la CRE : un mois et demi plus tard aucune communication officielle n&rsquo;a \u00e9t\u00e9 faite sur les soumissionnaires, signe d&rsquo;une g\u00eane manifeste. Les Gardiens du Large ont publi\u00e9 le communiqu\u00e9 joint, Le projet \u00e9olien Bretagne-Sud AO5 est-il en train ... Lire plus\" \/>\n<meta property=\"og:url\" content=\"https:\/\/toutesnosenergies.fr\/index.php\/2023\/11\/24\/le-projet-bretagne-sud-ao5-deolien-en-mer-est-il-en-panne\/\" \/>\n<meta property=\"og:site_name\" content=\"Toutes Nos \u00c9nergies \u2013 Occitanie Environnement\" \/>\n<meta property=\"article:publisher\" content=\"https:\/\/www.facebook.com\/TNEtoutesnosenergiesOccitanieEnvironnement\" \/>\n<meta property=\"article:published_time\" content=\"2023-11-24T15:44:56+00:00\" \/>\n<meta property=\"article:modified_time\" content=\"2023-11-25T16:31:09+00:00\" \/>\n<meta name=\"author\" content=\"WM81\" \/>\n<meta name=\"twitter:card\" content=\"summary_large_image\" \/>\n<meta name=\"twitter:label1\" content=\"\u00c9crit par\" \/>\n\t<meta name=\"twitter:data1\" content=\"WM81\" \/>\n\t<meta name=\"twitter:label2\" content=\"Dur\u00e9e de lecture estim\u00e9e\" \/>\n\t<meta name=\"twitter:data2\" content=\"2 minutes\" \/>\n<script type=\"application\/ld+json\" class=\"yoast-schema-graph\">{\"@context\":\"https:\\\/\\\/schema.org\",\"@graph\":[{\"@type\":\"Article\",\"@id\":\"https:\\\/\\\/toutesnosenergies.fr\\\/index.php\\\/2023\\\/11\\\/24\\\/le-projet-bretagne-sud-ao5-deolien-en-mer-est-il-en-panne\\\/#article\",\"isPartOf\":{\"@id\":\"https:\\\/\\\/toutesnosenergies.fr\\\/index.php\\\/2023\\\/11\\\/24\\\/le-projet-bretagne-sud-ao5-deolien-en-mer-est-il-en-panne\\\/\"},\"author\":{\"name\":\"WM81\",\"@id\":\"https:\\\/\\\/toutesnosenergies.fr\\\/#\\\/schema\\\/person\\\/83b429b7810ce59e0a21afb7e0b3cb1c\"},\"headline\":\"Le projet Bretagne-Sud AO5 d&rsquo;\u00e9olien en mer est-il en panne ?\",\"datePublished\":\"2023-11-24T15:44:56+00:00\",\"dateModified\":\"2023-11-25T16:31:09+00:00\",\"mainEntityOfPage\":{\"@id\":\"https:\\\/\\\/toutesnosenergies.fr\\\/index.php\\\/2023\\\/11\\\/24\\\/le-projet-bretagne-sud-ao5-deolien-en-mer-est-il-en-panne\\\/\"},\"wordCount\":315,\"commentCount\":1,\"publisher\":{\"@id\":\"https:\\\/\\\/toutesnosenergies.fr\\\/#organization\"},\"articleSection\":[\"Informations diverses\"],\"inLanguage\":\"fr-FR\",\"potentialAction\":[{\"@type\":\"CommentAction\",\"name\":\"Comment\",\"target\":[\"https:\\\/\\\/toutesnosenergies.fr\\\/index.php\\\/2023\\\/11\\\/24\\\/le-projet-bretagne-sud-ao5-deolien-en-mer-est-il-en-panne\\\/#respond\"]}]},{\"@type\":\"WebPage\",\"@id\":\"https:\\\/\\\/toutesnosenergies.fr\\\/index.php\\\/2023\\\/11\\\/24\\\/le-projet-bretagne-sud-ao5-deolien-en-mer-est-il-en-panne\\\/\",\"url\":\"https:\\\/\\\/toutesnosenergies.fr\\\/index.php\\\/2023\\\/11\\\/24\\\/le-projet-bretagne-sud-ao5-deolien-en-mer-est-il-en-panne\\\/\",\"name\":\"Le projet Bretagne-Sud AO5 d'\u00e9olien en mer est-il en panne ? - Toutes Nos \u00c9nergies \u2013 Occitanie Environnement\",\"isPartOf\":{\"@id\":\"https:\\\/\\\/toutesnosenergies.fr\\\/#website\"},\"datePublished\":\"2023-11-24T15:44:56+00:00\",\"dateModified\":\"2023-11-25T16:31:09+00:00\",\"breadcrumb\":{\"@id\":\"https:\\\/\\\/toutesnosenergies.fr\\\/index.php\\\/2023\\\/11\\\/24\\\/le-projet-bretagne-sud-ao5-deolien-en-mer-est-il-en-panne\\\/#breadcrumb\"},\"inLanguage\":\"fr-FR\",\"potentialAction\":[{\"@type\":\"ReadAction\",\"target\":[\"https:\\\/\\\/toutesnosenergies.fr\\\/index.php\\\/2023\\\/11\\\/24\\\/le-projet-bretagne-sud-ao5-deolien-en-mer-est-il-en-panne\\\/\"]}]},{\"@type\":\"BreadcrumbList\",\"@id\":\"https:\\\/\\\/toutesnosenergies.fr\\\/index.php\\\/2023\\\/11\\\/24\\\/le-projet-bretagne-sud-ao5-deolien-en-mer-est-il-en-panne\\\/#breadcrumb\",\"itemListElement\":[{\"@type\":\"ListItem\",\"position\":1,\"name\":\"Accueil\",\"item\":\"https:\\\/\\\/toutesnosenergies.fr\\\/\"},{\"@type\":\"ListItem\",\"position\":2,\"name\":\"Le projet Bretagne-Sud AO5 d&#8217;\u00e9olien en mer est-il en panne ?\"}]},{\"@type\":\"WebSite\",\"@id\":\"https:\\\/\\\/toutesnosenergies.fr\\\/#website\",\"url\":\"https:\\\/\\\/toutesnosenergies.fr\\\/\",\"name\":\"Toutes Nos \u00c9nergies \u2013 Occitanie Environnement\",\"description\":\"Pour une \u00e9nergie respectueuse du vivant et des territoires ruraux en Occitanie\",\"publisher\":{\"@id\":\"https:\\\/\\\/toutesnosenergies.fr\\\/#organization\"},\"potentialAction\":[{\"@type\":\"SearchAction\",\"target\":{\"@type\":\"EntryPoint\",\"urlTemplate\":\"https:\\\/\\\/toutesnosenergies.fr\\\/?s={search_term_string}\"},\"query-input\":{\"@type\":\"PropertyValueSpecification\",\"valueRequired\":true,\"valueName\":\"search_term_string\"}}],\"inLanguage\":\"fr-FR\"},{\"@type\":\"Organization\",\"@id\":\"https:\\\/\\\/toutesnosenergies.fr\\\/#organization\",\"name\":\"Toutes Nos \u00c9nergies \u2013 Occitanie Environnement\",\"url\":\"https:\\\/\\\/toutesnosenergies.fr\\\/\",\"logo\":{\"@type\":\"ImageObject\",\"inLanguage\":\"fr-FR\",\"@id\":\"https:\\\/\\\/toutesnosenergies.fr\\\/#\\\/schema\\\/logo\\\/image\\\/\",\"url\":\"https:\\\/\\\/toutesnosenergies.fr\\\/wp-content\\\/uploads\\\/2023\\\/01\\\/Petit-logo.png\",\"contentUrl\":\"https:\\\/\\\/toutesnosenergies.fr\\\/wp-content\\\/uploads\\\/2023\\\/01\\\/Petit-logo.png\",\"width\":360,\"height\":102,\"caption\":\"Toutes Nos \u00c9nergies \u2013 Occitanie Environnement\"},\"image\":{\"@id\":\"https:\\\/\\\/toutesnosenergies.fr\\\/#\\\/schema\\\/logo\\\/image\\\/\"},\"sameAs\":[\"https:\\\/\\\/www.facebook.com\\\/TNEtoutesnosenergiesOccitanieEnvironnement\"]},{\"@type\":\"Person\",\"@id\":\"https:\\\/\\\/toutesnosenergies.fr\\\/#\\\/schema\\\/person\\\/83b429b7810ce59e0a21afb7e0b3cb1c\",\"name\":\"WM81\",\"image\":{\"@type\":\"ImageObject\",\"inLanguage\":\"fr-FR\",\"@id\":\"https:\\\/\\\/secure.gravatar.com\\\/avatar\\\/aa9bf2bd97a7297274c53294f09e800c7ee0d88290f959d5d49f9380299b9ff1?s=96&d=mm&r=g\",\"url\":\"https:\\\/\\\/secure.gravatar.com\\\/avatar\\\/aa9bf2bd97a7297274c53294f09e800c7ee0d88290f959d5d49f9380299b9ff1?s=96&d=mm&r=g\",\"contentUrl\":\"https:\\\/\\\/secure.gravatar.com\\\/avatar\\\/aa9bf2bd97a7297274c53294f09e800c7ee0d88290f959d5d49f9380299b9ff1?s=96&d=mm&r=g\",\"caption\":\"WM81\"},\"sameAs\":[\"http:\\\/\\\/toutesnosenergies.fr\"],\"url\":\"https:\\\/\\\/toutesnosenergies.fr\\\/index.php\\\/author\\\/wm81\\\/\"}]}<\/script>\n<!-- \/ Yoast SEO plugin. -->","yoast_head_json":{"title":"Le projet Bretagne-Sud AO5 d'\u00e9olien en mer est-il en panne ? - Toutes Nos \u00c9nergies \u2013 Occitanie Environnement","robots":{"index":"index","follow":"follow","max-snippet":"max-snippet:-1","max-image-preview":"max-image-preview:large","max-video-preview":"max-video-preview:-1"},"canonical":"https:\/\/toutesnosenergies.fr\/index.php\/2023\/11\/24\/le-projet-bretagne-sud-ao5-deolien-en-mer-est-il-en-panne\/","og_locale":"fr_FR","og_type":"article","og_title":"Le projet Bretagne-Sud AO5 d'\u00e9olien en mer est-il en panne ? - Toutes Nos \u00c9nergies \u2013 Occitanie Environnement","og_description":"Les offres des 10 candidats pr\u00e9s\u00e9lectionn\u00e9s pour ce projet devaient \u00eatre remises le 2 octobre \u00e0 la CRE : un mois et demi plus tard aucune communication officielle n&rsquo;a \u00e9t\u00e9 faite sur les soumissionnaires, signe d&rsquo;une g\u00eane manifeste. Les Gardiens du Large ont publi\u00e9 le communiqu\u00e9 joint, Le projet \u00e9olien Bretagne-Sud AO5 est-il en train ... Lire plus","og_url":"https:\/\/toutesnosenergies.fr\/index.php\/2023\/11\/24\/le-projet-bretagne-sud-ao5-deolien-en-mer-est-il-en-panne\/","og_site_name":"Toutes Nos \u00c9nergies \u2013 Occitanie Environnement","article_publisher":"https:\/\/www.facebook.com\/TNEtoutesnosenergiesOccitanieEnvironnement","article_published_time":"2023-11-24T15:44:56+00:00","article_modified_time":"2023-11-25T16:31:09+00:00","author":"WM81","twitter_card":"summary_large_image","twitter_misc":{"\u00c9crit par":"WM81","Dur\u00e9e de lecture estim\u00e9e":"2 minutes"},"schema":{"@context":"https:\/\/schema.org","@graph":[{"@type":"Article","@id":"https:\/\/toutesnosenergies.fr\/index.php\/2023\/11\/24\/le-projet-bretagne-sud-ao5-deolien-en-mer-est-il-en-panne\/#article","isPartOf":{"@id":"https:\/\/toutesnosenergies.fr\/index.php\/2023\/11\/24\/le-projet-bretagne-sud-ao5-deolien-en-mer-est-il-en-panne\/"},"author":{"name":"WM81","@id":"https:\/\/toutesnosenergies.fr\/#\/schema\/person\/83b429b7810ce59e0a21afb7e0b3cb1c"},"headline":"Le projet Bretagne-Sud AO5 d&rsquo;\u00e9olien en mer est-il en panne ?","datePublished":"2023-11-24T15:44:56+00:00","dateModified":"2023-11-25T16:31:09+00:00","mainEntityOfPage":{"@id":"https:\/\/toutesnosenergies.fr\/index.php\/2023\/11\/24\/le-projet-bretagne-sud-ao5-deolien-en-mer-est-il-en-panne\/"},"wordCount":315,"commentCount":1,"publisher":{"@id":"https:\/\/toutesnosenergies.fr\/#organization"},"articleSection":["Informations diverses"],"inLanguage":"fr-FR","potentialAction":[{"@type":"CommentAction","name":"Comment","target":["https:\/\/toutesnosenergies.fr\/index.php\/2023\/11\/24\/le-projet-bretagne-sud-ao5-deolien-en-mer-est-il-en-panne\/#respond"]}]},{"@type":"WebPage","@id":"https:\/\/toutesnosenergies.fr\/index.php\/2023\/11\/24\/le-projet-bretagne-sud-ao5-deolien-en-mer-est-il-en-panne\/","url":"https:\/\/toutesnosenergies.fr\/index.php\/2023\/11\/24\/le-projet-bretagne-sud-ao5-deolien-en-mer-est-il-en-panne\/","name":"Le projet Bretagne-Sud AO5 d'\u00e9olien en mer est-il en panne ? - Toutes Nos \u00c9nergies \u2013 Occitanie Environnement","isPartOf":{"@id":"https:\/\/toutesnosenergies.fr\/#website"},"datePublished":"2023-11-24T15:44:56+00:00","dateModified":"2023-11-25T16:31:09+00:00","breadcrumb":{"@id":"https:\/\/toutesnosenergies.fr\/index.php\/2023\/11\/24\/le-projet-bretagne-sud-ao5-deolien-en-mer-est-il-en-panne\/#breadcrumb"},"inLanguage":"fr-FR","potentialAction":[{"@type":"ReadAction","target":["https:\/\/toutesnosenergies.fr\/index.php\/2023\/11\/24\/le-projet-bretagne-sud-ao5-deolien-en-mer-est-il-en-panne\/"]}]},{"@type":"BreadcrumbList","@id":"https:\/\/toutesnosenergies.fr\/index.php\/2023\/11\/24\/le-projet-bretagne-sud-ao5-deolien-en-mer-est-il-en-panne\/#breadcrumb","itemListElement":[{"@type":"ListItem","position":1,"name":"Accueil","item":"https:\/\/toutesnosenergies.fr\/"},{"@type":"ListItem","position":2,"name":"Le projet Bretagne-Sud AO5 d&#8217;\u00e9olien en mer est-il en panne ?"}]},{"@type":"WebSite","@id":"https:\/\/toutesnosenergies.fr\/#website","url":"https:\/\/toutesnosenergies.fr\/","name":"Toutes Nos \u00c9nergies \u2013 Occitanie Environnement","description":"Pour une \u00e9nergie respectueuse du vivant et des territoires ruraux en Occitanie","publisher":{"@id":"https:\/\/toutesnosenergies.fr\/#organization"},"potentialAction":[{"@type":"SearchAction","target":{"@type":"EntryPoint","urlTemplate":"https:\/\/toutesnosenergies.fr\/?s={search_term_string}"},"query-input":{"@type":"PropertyValueSpecification","valueRequired":true,"valueName":"search_term_string"}}],"inLanguage":"fr-FR"},{"@type":"Organization","@id":"https:\/\/toutesnosenergies.fr\/#organization","name":"Toutes Nos \u00c9nergies \u2013 Occitanie Environnement","url":"https:\/\/toutesnosenergies.fr\/","logo":{"@type":"ImageObject","inLanguage":"fr-FR","@id":"https:\/\/toutesnosenergies.fr\/#\/schema\/logo\/image\/","url":"https:\/\/toutesnosenergies.fr\/wp-content\/uploads\/2023\/01\/Petit-logo.png","contentUrl":"https:\/\/toutesnosenergies.fr\/wp-content\/uploads\/2023\/01\/Petit-logo.png","width":360,"height":102,"caption":"Toutes Nos \u00c9nergies \u2013 Occitanie Environnement"},"image":{"@id":"https:\/\/toutesnosenergies.fr\/#\/schema\/logo\/image\/"},"sameAs":["https:\/\/www.facebook.com\/TNEtoutesnosenergiesOccitanieEnvironnement"]},{"@type":"Person","@id":"https:\/\/toutesnosenergies.fr\/#\/schema\/person\/83b429b7810ce59e0a21afb7e0b3cb1c","name":"WM81","image":{"@type":"ImageObject","inLanguage":"fr-FR","@id":"https:\/\/secure.gravatar.com\/avatar\/aa9bf2bd97a7297274c53294f09e800c7ee0d88290f959d5d49f9380299b9ff1?s=96&d=mm&r=g","url":"https:\/\/secure.gravatar.com\/avatar\/aa9bf2bd97a7297274c53294f09e800c7ee0d88290f959d5d49f9380299b9ff1?s=96&d=mm&r=g","contentUrl":"https:\/\/secure.gravatar.com\/avatar\/aa9bf2bd97a7297274c53294f09e800c7ee0d88290f959d5d49f9380299b9ff1?s=96&d=mm&r=g","caption":"WM81"},"sameAs":["http:\/\/toutesnosenergies.fr"],"url":"https:\/\/toutesnosenergies.fr\/index.php\/author\/wm81\/"}]}},"_links":{"self":[{"href":"https:\/\/toutesnosenergies.fr\/index.php\/wp-json\/wp\/v2\/posts\/10356","targetHints":{"allow":["GET"]}}],"collection":[{"href":"https:\/\/toutesnosenergies.fr\/index.php\/wp-json\/wp\/v2\/posts"}],"about":[{"href":"https:\/\/toutesnosenergies.fr\/index.php\/wp-json\/wp\/v2\/types\/post"}],"author":[{"embeddable":true,"href":"https:\/\/toutesnosenergies.fr\/index.php\/wp-json\/wp\/v2\/users\/3"}],"replies":[{"embeddable":true,"href":"https:\/\/toutesnosenergies.fr\/index.php\/wp-json\/wp\/v2\/comments?post=10356"}],"version-history":[{"count":2,"href":"https:\/\/toutesnosenergies.fr\/index.php\/wp-json\/wp\/v2\/posts\/10356\/revisions"}],"predecessor-version":[{"id":10362,"href":"https:\/\/toutesnosenergies.fr\/index.php\/wp-json\/wp\/v2\/posts\/10356\/revisions\/10362"}],"wp:attachment":[{"href":"https:\/\/toutesnosenergies.fr\/index.php\/wp-json\/wp\/v2\/media?parent=10356"}],"wp:term":[{"taxonomy":"category","embeddable":true,"href":"https:\/\/toutesnosenergies.fr\/index.php\/wp-json\/wp\/v2\/categories?post=10356"},{"taxonomy":"post_tag","embeddable":true,"href":"https:\/\/toutesnosenergies.fr\/index.php\/wp-json\/wp\/v2\/tags?post=10356"}],"curies":[{"name":"wp","href":"https:\/\/api.w.org\/{rel}","templated":true}]}}