{"id":10774,"date":"2024-04-08T19:26:07","date_gmt":"2024-04-08T17:26:07","guid":{"rendered":"https:\/\/toutesnosenergies.fr\/?p=10774"},"modified":"2024-04-08T19:28:12","modified_gmt":"2024-04-08T17:28:12","slug":"lettre-ouverte-aux-parlementaires","status":"publish","type":"post","link":"https:\/\/toutesnosenergies.fr\/index.php\/2024\/04\/08\/lettre-ouverte-aux-parlementaires\/","title":{"rendered":"Lettre ouverte aux parlementaires"},"content":{"rendered":"\n<blockquote class=\"wp-block-quote is-layout-flow wp-block-quote-is-layout-flow\">\n<p class=\"has-base-background-color has-background\">Lors de l&rsquo;assembl\u00e9e g\u00e9n\u00e9rale du collectif Toutes Nos \u00c9nergies &#8211; Occitanie Environnement, nous avons \u00e9crit une <a href=\"https:\/\/toutesnosenergies.fr\/wp-content\/uploads\/2024\/04\/Lettre-_parlementaires.pdf\">lettre ouverte aux parlementaires<\/a> pour attirer leur attention sur les enjeux de l&rsquo;acc\u00e9l\u00e9ration de la production d&rsquo;\u00e9nergies renouvelables. Cette lettre a \u00e9t\u00e9 sign\u00e9e par toutes les associations pr\u00e9sentes \u00e0 l\u2019AG. Elle circule dans les d\u00e9partements d\u2019Occitanie et s\u2019\u00e9toffe d\u2019autres signatures d\u2019associations\u2026 Elle est<a href=\"https:\/\/toutesnosenergies.fr\/wp-content\/uploads\/2024\/04\/Lettre-_parlementaires.pdf\"> disponible en PDF<\/a>.<\/p>\n<\/blockquote>\n\n\n\n<p>Un an apr\u00e8s la promulgation de la loi relative \u00e0 l&rsquo;acc\u00e9l\u00e9ration de la production d&rsquo;\u00e9nergies renouvelables, les inqui\u00e9tudes que nous vous avions exprim\u00e9es se confirment en grande partie. Nous vous avions alors alert\u00e9s sur les effets pr\u00e9visibles de mesures massives et h\u00e2tives, prises au nom d\u2019une soi-disant urgence \u00e9nerg\u00e9tique qui ne reposait pas sur des analyses s\u00e9rieuses et qui n\u2019a fait l\u2019objet d\u2019aucune \u00e9valuation environnementale.<\/p>\n\n\n\n<h4 class=\"wp-block-heading has-text-align-center\"><strong>Aujourd\u2019hui, nous appelons solennellement <\/strong><\/h4>\n\n\n\n<h4 class=\"wp-block-heading has-text-align-center\"><strong>votre attention sur trois points particuliers <\/strong><\/h4>\n\n\n\n<p>1. L&rsquo;<strong>appropriation territoriale des \u00e9nergies renouvelables&nbsp;<\/strong>voulue par la loi peine, pour le moins, \u00e0 se traduire dans les faits. Les collectivit\u00e9s se trouvent confront\u00e9es \u00e0 de r\u00e9elles difficult\u00e9s pour \u00e9laborer leurs \u00ab zones d\u2019acc\u00e9l\u00e9ration \u00bb, ce qui se traduit en Occitanie par un taux de r\u00e9ponse inf\u00e9rieur \u00e0 10 % \u00e0 ce jour. Compte tenu des diverses pressions exerc\u00e9es sur les collectivit\u00e9s, nous avons de fortes raisons de craindre que nombre de leurs propositions puissent \u00eatre porteuses de menaces pour la sant\u00e9 de la population et pour les fonctionnalit\u00e9s \u00e9cologiques des sols naturels, agricoles et forestiers. Quelles que soient les consid\u00e9rations \u00e9nerg\u00e9tiques, l\u2019\u00c9tat doit \u00eatre garant de la protection du vivant qui est une urgence prioritaire dans un contexte d\u2019effondrement de la biodiversit\u00e9.<\/p>\n\n\n\n<p>Plus que jamais la Charte de l\u2019Environnement partie int\u00e9grante de la Constitution de la V\u00e8me R\u00e9publique, doit \u00eatre mise en \u0153uvre, tant en son Pr\u00e9ambule qu\u2019en son article 1 \u00ab&nbsp;<em>Chacun a le droit de vivre dans un environnement \u00e9quilibr\u00e9 et respectueux de la sant\u00e9.&nbsp;<\/em>\u00bb.<\/p>\n\n\n\n<!--more-->\n\n\n\n<p>2. La&nbsp;<strong>concertation du public organis\u00e9e par les communes&nbsp;<\/strong>\u00ab&nbsp;<em>selon des modalit\u00e9s qu&rsquo;elles d\u00e9terminent librement&nbsp;<\/em>\u00bb, se d\u00e9roule dans des conditions tr\u00e8s in\u00e9gales selon les lieux. Tr\u00e8s souvent r\u00e9duite au minimum, voire absente, cette consultation s\u2019est en outre parfois d\u00e9roul\u00e9e alors que les conseils municipaux avaient d\u00e9j\u00e0 d\u00e9lib\u00e9r\u00e9 sur l\u2019identification des zones d&rsquo;acc\u00e9l\u00e9ration, contrairement aux stipulations de la loi. Ce point est r\u00e9v\u00e9lateur du d\u00e9ficit d\u00e9mocratique qui pr\u00e9vaut trop souvent dans les processus d\u2019\u00e9laboration des projets \u00e9nerg\u00e9tiques, nourrit la d\u00e9fiance vis \u00e0 vis de cette politique, et viole ici aussi les principes constitutionnels de la Charte de l\u2019Environnement.<\/p>\n\n\n\n<p>3.&nbsp;<strong>La solidarit\u00e9 entre les territoires<\/strong>, plus particuli\u00e8rement eu \u00e9gard \u00e0 la part d\u00e9j\u00e0 prise par chaque \u00e9tablissement public de coop\u00e9ration intercommunale dans le d\u00e9ploiement des \u00e9nergies renouvelables, \u00e9tait une belle intention de la loi. Mais les op\u00e9rateurs ne l\u2019entendent pas ainsi et continuent \u00e0 harceler les territoires d\u2019Occitanie d\u00e9j\u00e0 fortement contributeurs en \u00e9nergie renouvelable. Bien des collectivit\u00e9s c\u00e8dent aux promesses financi\u00e8res qu\u2019ils leur font miroiter et l\u2019envahissement anarchique des territoires se poursuit. Le d\u00e9veloppement de ce secteur industriel tr\u00e8s lucratif gr\u00e2ce aux garanties publiques aurait davantage besoin de r\u00e9gulation et de planification, plut\u00f4t que d\u2019acc\u00e9l\u00e9ration. Mais les moyens mat\u00e9riels et humains n\u00e9cessaires \u00e0 l\u2019instruction des dossiers et au suivi qualitatif des impacts des projets restent tr\u00e8s insuffisants.<\/p>\n\n\n\n<p>Sp\u00e9cifiquement sur l\u2019\u00e9olien, nous vous rappelons l\u2019engagement pr\u00e9sidentiel de Belfort visant \u00e0 repousser \u00e0 2050 le passage \u00e0 37 GW d\u2019\u00e9olien en France, \u00e9tant pr\u00e9cis\u00e9 que la fili\u00e8re en a d\u00e9j\u00e0 acquis pr\u00e8s de 35 GW au titre des projets autoris\u00e9s en attente de construction ou de raccordement. Tout donne \u00e0 penser que la repr\u00e9sentation nationale sera saisie de cet engagement \u00e0 l\u2019occasion de la prochaine programmation.<\/p>\n\n\n\n<p><strong>Nous souhaitons que vous puissiez intervenir afin que soit instaur\u00e9e une premi\u00e8re \u00e9valuation des effets de cette loi<\/strong>. Nous vous saurions gr\u00e9 de bien vouloir nous tenir inform\u00e9s des initiatives que vous pourriez prendre en la mati\u00e8re.<\/p>\n\n\n\n<p><a href=\"https:\/\/toutesnosenergies.fr\/wp-content\/uploads\/2024\/04\/lettre_parlementaires_signatures.pdf\">Signatures des repr\u00e9sentants des associations r\u00e9unis \u00e0 Narbonne le 30 mars 2024<\/a><\/p>\n","protected":false},"excerpt":{"rendered":"<p>Lors de l&rsquo;assembl\u00e9e g\u00e9n\u00e9rale du collectif Toutes Nos \u00c9nergies &#8211; Occitanie Environnement, nous avons \u00e9crit une lettre ouverte aux parlementaires pour attirer leur attention sur les enjeux de l&rsquo;acc\u00e9l\u00e9ration de la production d&rsquo;\u00e9nergies renouvelables. Cette lettre a \u00e9t\u00e9 sign\u00e9e par toutes les associations pr\u00e9sentes \u00e0 l\u2019AG. Elle circule dans les d\u00e9partements d\u2019Occitanie et s\u2019\u00e9toffe d\u2019autres &#8230; <a title=\"Lettre ouverte aux parlementaires\" class=\"read-more\" href=\"https:\/\/toutesnosenergies.fr\/index.php\/2024\/04\/08\/lettre-ouverte-aux-parlementaires\/\" aria-label=\"Plus sur Lettre ouverte aux parlementaires\">Lire plus<\/a><\/p>\n","protected":false},"author":3,"featured_media":0,"comment_status":"open","ping_status":"open","sticky":false,"template":"","format":"standard","meta":{"_cbd_carousel_blocks":"[]","sfsi_plus_gutenberg_text_before_share":"","sfsi_plus_gutenberg_show_text_before_share":"","sfsi_plus_gutenberg_icon_type":"","sfsi_plus_gutenberg_icon_alignemt":"","sfsi_plus_gutenburg_max_per_row":"","footnotes":""},"categories":[8],"tags":[],"class_list":["post-10774","post","type-post","status-publish","format-standard","hentry","category-communiques-associations"],"yoast_head":"<!-- This site is optimized with the Yoast SEO plugin v27.5 - https:\/\/yoast.com\/product\/yoast-seo-wordpress\/ -->\n<title>Lettre ouverte aux parlementaires - Toutes Nos \u00c9nergies \u2013 Occitanie Environnement<\/title>\n<meta name=\"robots\" content=\"index, follow, max-snippet:-1, max-image-preview:large, max-video-preview:-1\" \/>\n<link rel=\"canonical\" href=\"https:\/\/toutesnosenergies.fr\/index.php\/2024\/04\/08\/lettre-ouverte-aux-parlementaires\/\" \/>\n<meta property=\"og:locale\" content=\"fr_FR\" \/>\n<meta property=\"og:type\" content=\"article\" \/>\n<meta property=\"og:title\" content=\"Lettre ouverte aux parlementaires - Toutes Nos \u00c9nergies \u2013 Occitanie Environnement\" \/>\n<meta property=\"og:description\" content=\"Lors de l&rsquo;assembl\u00e9e g\u00e9n\u00e9rale du collectif Toutes Nos \u00c9nergies &#8211; Occitanie Environnement, nous avons \u00e9crit une lettre ouverte aux parlementaires pour attirer leur attention sur les enjeux de l&rsquo;acc\u00e9l\u00e9ration de la production d&rsquo;\u00e9nergies renouvelables. Cette lettre a \u00e9t\u00e9 sign\u00e9e par toutes les associations pr\u00e9sentes \u00e0 l\u2019AG. Elle circule dans les d\u00e9partements d\u2019Occitanie et s\u2019\u00e9toffe d\u2019autres ... Lire plus\" \/>\n<meta property=\"og:url\" content=\"https:\/\/toutesnosenergies.fr\/index.php\/2024\/04\/08\/lettre-ouverte-aux-parlementaires\/\" \/>\n<meta property=\"og:site_name\" content=\"Toutes Nos \u00c9nergies \u2013 Occitanie Environnement\" \/>\n<meta property=\"article:publisher\" content=\"https:\/\/www.facebook.com\/TNEtoutesnosenergiesOccitanieEnvironnement\" \/>\n<meta property=\"article:published_time\" content=\"2024-04-08T17:26:07+00:00\" \/>\n<meta property=\"article:modified_time\" content=\"2024-04-08T17:28:12+00:00\" \/>\n<meta name=\"author\" content=\"WM81\" \/>\n<meta name=\"twitter:card\" content=\"summary_large_image\" \/>\n<meta name=\"twitter:label1\" content=\"\u00c9crit par\" \/>\n\t<meta name=\"twitter:data1\" content=\"WM81\" \/>\n\t<meta name=\"twitter:label2\" content=\"Dur\u00e9e de lecture estim\u00e9e\" \/>\n\t<meta name=\"twitter:data2\" content=\"3 minutes\" \/>\n<script type=\"application\/ld+json\" class=\"yoast-schema-graph\">{\"@context\":\"https:\\\/\\\/schema.org\",\"@graph\":[{\"@type\":\"Article\",\"@id\":\"https:\\\/\\\/toutesnosenergies.fr\\\/index.php\\\/2024\\\/04\\\/08\\\/lettre-ouverte-aux-parlementaires\\\/#article\",\"isPartOf\":{\"@id\":\"https:\\\/\\\/toutesnosenergies.fr\\\/index.php\\\/2024\\\/04\\\/08\\\/lettre-ouverte-aux-parlementaires\\\/\"},\"author\":{\"name\":\"WM81\",\"@id\":\"https:\\\/\\\/toutesnosenergies.fr\\\/#\\\/schema\\\/person\\\/83b429b7810ce59e0a21afb7e0b3cb1c\"},\"headline\":\"Lettre ouverte aux parlementaires\",\"datePublished\":\"2024-04-08T17:26:07+00:00\",\"dateModified\":\"2024-04-08T17:28:12+00:00\",\"mainEntityOfPage\":{\"@id\":\"https:\\\/\\\/toutesnosenergies.fr\\\/index.php\\\/2024\\\/04\\\/08\\\/lettre-ouverte-aux-parlementaires\\\/\"},\"wordCount\":740,\"commentCount\":0,\"publisher\":{\"@id\":\"https:\\\/\\\/toutesnosenergies.fr\\\/#organization\"},\"articleSection\":[\"Communiqu\u00e9s des associations\"],\"inLanguage\":\"fr-FR\",\"potentialAction\":[{\"@type\":\"CommentAction\",\"name\":\"Comment\",\"target\":[\"https:\\\/\\\/toutesnosenergies.fr\\\/index.php\\\/2024\\\/04\\\/08\\\/lettre-ouverte-aux-parlementaires\\\/#respond\"]}]},{\"@type\":\"WebPage\",\"@id\":\"https:\\\/\\\/toutesnosenergies.fr\\\/index.php\\\/2024\\\/04\\\/08\\\/lettre-ouverte-aux-parlementaires\\\/\",\"url\":\"https:\\\/\\\/toutesnosenergies.fr\\\/index.php\\\/2024\\\/04\\\/08\\\/lettre-ouverte-aux-parlementaires\\\/\",\"name\":\"Lettre ouverte aux parlementaires - Toutes Nos \u00c9nergies \u2013 Occitanie Environnement\",\"isPartOf\":{\"@id\":\"https:\\\/\\\/toutesnosenergies.fr\\\/#website\"},\"datePublished\":\"2024-04-08T17:26:07+00:00\",\"dateModified\":\"2024-04-08T17:28:12+00:00\",\"breadcrumb\":{\"@id\":\"https:\\\/\\\/toutesnosenergies.fr\\\/index.php\\\/2024\\\/04\\\/08\\\/lettre-ouverte-aux-parlementaires\\\/#breadcrumb\"},\"inLanguage\":\"fr-FR\",\"potentialAction\":[{\"@type\":\"ReadAction\",\"target\":[\"https:\\\/\\\/toutesnosenergies.fr\\\/index.php\\\/2024\\\/04\\\/08\\\/lettre-ouverte-aux-parlementaires\\\/\"]}]},{\"@type\":\"BreadcrumbList\",\"@id\":\"https:\\\/\\\/toutesnosenergies.fr\\\/index.php\\\/2024\\\/04\\\/08\\\/lettre-ouverte-aux-parlementaires\\\/#breadcrumb\",\"itemListElement\":[{\"@type\":\"ListItem\",\"position\":1,\"name\":\"Accueil\",\"item\":\"https:\\\/\\\/toutesnosenergies.fr\\\/\"},{\"@type\":\"ListItem\",\"position\":2,\"name\":\"Lettre ouverte aux parlementaires\"}]},{\"@type\":\"WebSite\",\"@id\":\"https:\\\/\\\/toutesnosenergies.fr\\\/#website\",\"url\":\"https:\\\/\\\/toutesnosenergies.fr\\\/\",\"name\":\"Toutes Nos \u00c9nergies \u2013 Occitanie Environnement\",\"description\":\"Pour une \u00e9nergie respectueuse du vivant et des territoires ruraux en Occitanie\",\"publisher\":{\"@id\":\"https:\\\/\\\/toutesnosenergies.fr\\\/#organization\"},\"potentialAction\":[{\"@type\":\"SearchAction\",\"target\":{\"@type\":\"EntryPoint\",\"urlTemplate\":\"https:\\\/\\\/toutesnosenergies.fr\\\/?s={search_term_string}\"},\"query-input\":{\"@type\":\"PropertyValueSpecification\",\"valueRequired\":true,\"valueName\":\"search_term_string\"}}],\"inLanguage\":\"fr-FR\"},{\"@type\":\"Organization\",\"@id\":\"https:\\\/\\\/toutesnosenergies.fr\\\/#organization\",\"name\":\"Toutes Nos \u00c9nergies \u2013 Occitanie Environnement\",\"url\":\"https:\\\/\\\/toutesnosenergies.fr\\\/\",\"logo\":{\"@type\":\"ImageObject\",\"inLanguage\":\"fr-FR\",\"@id\":\"https:\\\/\\\/toutesnosenergies.fr\\\/#\\\/schema\\\/logo\\\/image\\\/\",\"url\":\"https:\\\/\\\/toutesnosenergies.fr\\\/wp-content\\\/uploads\\\/2023\\\/01\\\/Petit-logo.png\",\"contentUrl\":\"https:\\\/\\\/toutesnosenergies.fr\\\/wp-content\\\/uploads\\\/2023\\\/01\\\/Petit-logo.png\",\"width\":360,\"height\":102,\"caption\":\"Toutes Nos \u00c9nergies \u2013 Occitanie Environnement\"},\"image\":{\"@id\":\"https:\\\/\\\/toutesnosenergies.fr\\\/#\\\/schema\\\/logo\\\/image\\\/\"},\"sameAs\":[\"https:\\\/\\\/www.facebook.com\\\/TNEtoutesnosenergiesOccitanieEnvironnement\"]},{\"@type\":\"Person\",\"@id\":\"https:\\\/\\\/toutesnosenergies.fr\\\/#\\\/schema\\\/person\\\/83b429b7810ce59e0a21afb7e0b3cb1c\",\"name\":\"WM81\",\"image\":{\"@type\":\"ImageObject\",\"inLanguage\":\"fr-FR\",\"@id\":\"https:\\\/\\\/secure.gravatar.com\\\/avatar\\\/aa9bf2bd97a7297274c53294f09e800c7ee0d88290f959d5d49f9380299b9ff1?s=96&d=mm&r=g\",\"url\":\"https:\\\/\\\/secure.gravatar.com\\\/avatar\\\/aa9bf2bd97a7297274c53294f09e800c7ee0d88290f959d5d49f9380299b9ff1?s=96&d=mm&r=g\",\"contentUrl\":\"https:\\\/\\\/secure.gravatar.com\\\/avatar\\\/aa9bf2bd97a7297274c53294f09e800c7ee0d88290f959d5d49f9380299b9ff1?s=96&d=mm&r=g\",\"caption\":\"WM81\"},\"sameAs\":[\"http:\\\/\\\/toutesnosenergies.fr\"],\"url\":\"https:\\\/\\\/toutesnosenergies.fr\\\/index.php\\\/author\\\/wm81\\\/\"}]}<\/script>\n<!-- \/ Yoast SEO plugin. -->","yoast_head_json":{"title":"Lettre ouverte aux parlementaires - Toutes Nos \u00c9nergies \u2013 Occitanie Environnement","robots":{"index":"index","follow":"follow","max-snippet":"max-snippet:-1","max-image-preview":"max-image-preview:large","max-video-preview":"max-video-preview:-1"},"canonical":"https:\/\/toutesnosenergies.fr\/index.php\/2024\/04\/08\/lettre-ouverte-aux-parlementaires\/","og_locale":"fr_FR","og_type":"article","og_title":"Lettre ouverte aux parlementaires - Toutes Nos \u00c9nergies \u2013 Occitanie Environnement","og_description":"Lors de l&rsquo;assembl\u00e9e g\u00e9n\u00e9rale du collectif Toutes Nos \u00c9nergies &#8211; Occitanie Environnement, nous avons \u00e9crit une lettre ouverte aux parlementaires pour attirer leur attention sur les enjeux de l&rsquo;acc\u00e9l\u00e9ration de la production d&rsquo;\u00e9nergies renouvelables. Cette lettre a \u00e9t\u00e9 sign\u00e9e par toutes les associations pr\u00e9sentes \u00e0 l\u2019AG. Elle circule dans les d\u00e9partements d\u2019Occitanie et s\u2019\u00e9toffe d\u2019autres ... Lire plus","og_url":"https:\/\/toutesnosenergies.fr\/index.php\/2024\/04\/08\/lettre-ouverte-aux-parlementaires\/","og_site_name":"Toutes Nos \u00c9nergies \u2013 Occitanie Environnement","article_publisher":"https:\/\/www.facebook.com\/TNEtoutesnosenergiesOccitanieEnvironnement","article_published_time":"2024-04-08T17:26:07+00:00","article_modified_time":"2024-04-08T17:28:12+00:00","author":"WM81","twitter_card":"summary_large_image","twitter_misc":{"\u00c9crit par":"WM81","Dur\u00e9e de lecture estim\u00e9e":"3 minutes"},"schema":{"@context":"https:\/\/schema.org","@graph":[{"@type":"Article","@id":"https:\/\/toutesnosenergies.fr\/index.php\/2024\/04\/08\/lettre-ouverte-aux-parlementaires\/#article","isPartOf":{"@id":"https:\/\/toutesnosenergies.fr\/index.php\/2024\/04\/08\/lettre-ouverte-aux-parlementaires\/"},"author":{"name":"WM81","@id":"https:\/\/toutesnosenergies.fr\/#\/schema\/person\/83b429b7810ce59e0a21afb7e0b3cb1c"},"headline":"Lettre ouverte aux parlementaires","datePublished":"2024-04-08T17:26:07+00:00","dateModified":"2024-04-08T17:28:12+00:00","mainEntityOfPage":{"@id":"https:\/\/toutesnosenergies.fr\/index.php\/2024\/04\/08\/lettre-ouverte-aux-parlementaires\/"},"wordCount":740,"commentCount":0,"publisher":{"@id":"https:\/\/toutesnosenergies.fr\/#organization"},"articleSection":["Communiqu\u00e9s des associations"],"inLanguage":"fr-FR","potentialAction":[{"@type":"CommentAction","name":"Comment","target":["https:\/\/toutesnosenergies.fr\/index.php\/2024\/04\/08\/lettre-ouverte-aux-parlementaires\/#respond"]}]},{"@type":"WebPage","@id":"https:\/\/toutesnosenergies.fr\/index.php\/2024\/04\/08\/lettre-ouverte-aux-parlementaires\/","url":"https:\/\/toutesnosenergies.fr\/index.php\/2024\/04\/08\/lettre-ouverte-aux-parlementaires\/","name":"Lettre ouverte aux parlementaires - Toutes Nos \u00c9nergies \u2013 Occitanie Environnement","isPartOf":{"@id":"https:\/\/toutesnosenergies.fr\/#website"},"datePublished":"2024-04-08T17:26:07+00:00","dateModified":"2024-04-08T17:28:12+00:00","breadcrumb":{"@id":"https:\/\/toutesnosenergies.fr\/index.php\/2024\/04\/08\/lettre-ouverte-aux-parlementaires\/#breadcrumb"},"inLanguage":"fr-FR","potentialAction":[{"@type":"ReadAction","target":["https:\/\/toutesnosenergies.fr\/index.php\/2024\/04\/08\/lettre-ouverte-aux-parlementaires\/"]}]},{"@type":"BreadcrumbList","@id":"https:\/\/toutesnosenergies.fr\/index.php\/2024\/04\/08\/lettre-ouverte-aux-parlementaires\/#breadcrumb","itemListElement":[{"@type":"ListItem","position":1,"name":"Accueil","item":"https:\/\/toutesnosenergies.fr\/"},{"@type":"ListItem","position":2,"name":"Lettre ouverte aux parlementaires"}]},{"@type":"WebSite","@id":"https:\/\/toutesnosenergies.fr\/#website","url":"https:\/\/toutesnosenergies.fr\/","name":"Toutes Nos \u00c9nergies \u2013 Occitanie Environnement","description":"Pour une \u00e9nergie respectueuse du vivant et des territoires ruraux en Occitanie","publisher":{"@id":"https:\/\/toutesnosenergies.fr\/#organization"},"potentialAction":[{"@type":"SearchAction","target":{"@type":"EntryPoint","urlTemplate":"https:\/\/toutesnosenergies.fr\/?s={search_term_string}"},"query-input":{"@type":"PropertyValueSpecification","valueRequired":true,"valueName":"search_term_string"}}],"inLanguage":"fr-FR"},{"@type":"Organization","@id":"https:\/\/toutesnosenergies.fr\/#organization","name":"Toutes Nos \u00c9nergies \u2013 Occitanie Environnement","url":"https:\/\/toutesnosenergies.fr\/","logo":{"@type":"ImageObject","inLanguage":"fr-FR","@id":"https:\/\/toutesnosenergies.fr\/#\/schema\/logo\/image\/","url":"https:\/\/toutesnosenergies.fr\/wp-content\/uploads\/2023\/01\/Petit-logo.png","contentUrl":"https:\/\/toutesnosenergies.fr\/wp-content\/uploads\/2023\/01\/Petit-logo.png","width":360,"height":102,"caption":"Toutes Nos \u00c9nergies \u2013 Occitanie Environnement"},"image":{"@id":"https:\/\/toutesnosenergies.fr\/#\/schema\/logo\/image\/"},"sameAs":["https:\/\/www.facebook.com\/TNEtoutesnosenergiesOccitanieEnvironnement"]},{"@type":"Person","@id":"https:\/\/toutesnosenergies.fr\/#\/schema\/person\/83b429b7810ce59e0a21afb7e0b3cb1c","name":"WM81","image":{"@type":"ImageObject","inLanguage":"fr-FR","@id":"https:\/\/secure.gravatar.com\/avatar\/aa9bf2bd97a7297274c53294f09e800c7ee0d88290f959d5d49f9380299b9ff1?s=96&d=mm&r=g","url":"https:\/\/secure.gravatar.com\/avatar\/aa9bf2bd97a7297274c53294f09e800c7ee0d88290f959d5d49f9380299b9ff1?s=96&d=mm&r=g","contentUrl":"https:\/\/secure.gravatar.com\/avatar\/aa9bf2bd97a7297274c53294f09e800c7ee0d88290f959d5d49f9380299b9ff1?s=96&d=mm&r=g","caption":"WM81"},"sameAs":["http:\/\/toutesnosenergies.fr"],"url":"https:\/\/toutesnosenergies.fr\/index.php\/author\/wm81\/"}]}},"_links":{"self":[{"href":"https:\/\/toutesnosenergies.fr\/index.php\/wp-json\/wp\/v2\/posts\/10774","targetHints":{"allow":["GET"]}}],"collection":[{"href":"https:\/\/toutesnosenergies.fr\/index.php\/wp-json\/wp\/v2\/posts"}],"about":[{"href":"https:\/\/toutesnosenergies.fr\/index.php\/wp-json\/wp\/v2\/types\/post"}],"author":[{"embeddable":true,"href":"https:\/\/toutesnosenergies.fr\/index.php\/wp-json\/wp\/v2\/users\/3"}],"replies":[{"embeddable":true,"href":"https:\/\/toutesnosenergies.fr\/index.php\/wp-json\/wp\/v2\/comments?post=10774"}],"version-history":[{"count":7,"href":"https:\/\/toutesnosenergies.fr\/index.php\/wp-json\/wp\/v2\/posts\/10774\/revisions"}],"predecessor-version":[{"id":10782,"href":"https:\/\/toutesnosenergies.fr\/index.php\/wp-json\/wp\/v2\/posts\/10774\/revisions\/10782"}],"wp:attachment":[{"href":"https:\/\/toutesnosenergies.fr\/index.php\/wp-json\/wp\/v2\/media?parent=10774"}],"wp:term":[{"taxonomy":"category","embeddable":true,"href":"https:\/\/toutesnosenergies.fr\/index.php\/wp-json\/wp\/v2\/categories?post=10774"},{"taxonomy":"post_tag","embeddable":true,"href":"https:\/\/toutesnosenergies.fr\/index.php\/wp-json\/wp\/v2\/tags?post=10774"}],"curies":[{"name":"wp","href":"https:\/\/api.w.org\/{rel}","templated":true}]}}