{"id":10834,"date":"2024-04-16T13:18:10","date_gmt":"2024-04-16T11:18:10","guid":{"rendered":"https:\/\/toutesnosenergies.fr\/?p=10834"},"modified":"2024-04-16T16:50:59","modified_gmt":"2024-04-16T14:50:59","slug":"dans-le-tarn-et-garonne-pour-un-environnement-juste","status":"publish","type":"post","link":"https:\/\/toutesnosenergies.fr\/index.php\/2024\/04\/16\/dans-le-tarn-et-garonne-pour-un-environnement-juste\/","title":{"rendered":"Dans le Tarn-et-Garonne pour un environnement juste"},"content":{"rendered":"\n<p><a href=\"https:\/\/www.environnement-juste.org\">L\u2019association environnement juste<\/a>\u00ab\u00a0bien comprendre pour mieux d\u00e9cider\u00a0\u00bb partage ces <strong>deux informations importantes<\/strong>.&nbsp;<\/p>\n\n\n<div class=\"wp-block-image\">\n<figure class=\"alignright size-large is-resized\"><img loading=\"lazy\" decoding=\"async\" width=\"714\" height=\"1024\" src=\"https:\/\/toutesnosenergies.fr\/wp-content\/uploads\/2024\/04\/Capture-decran-2024-04-16-a-13.12.16-714x1024.png\" alt=\"\" class=\"wp-image-10836\" style=\"width:276px;height:auto\" srcset=\"https:\/\/toutesnosenergies.fr\/wp-content\/uploads\/2024\/04\/Capture-decran-2024-04-16-a-13.12.16-714x1024.png 714w, https:\/\/toutesnosenergies.fr\/wp-content\/uploads\/2024\/04\/Capture-decran-2024-04-16-a-13.12.16-209x300.png 209w, https:\/\/toutesnosenergies.fr\/wp-content\/uploads\/2024\/04\/Capture-decran-2024-04-16-a-13.12.16-768x1101.png 768w, https:\/\/toutesnosenergies.fr\/wp-content\/uploads\/2024\/04\/Capture-decran-2024-04-16-a-13.12.16.png 816w\" sizes=\"auto, (max-width: 714px) 100vw, 714px\" \/><\/figure>\n<\/div>\n\n\n<p>Nos amis le <strong>Collectif des habitants de Lacour<\/strong> et l&rsquo;association <strong>Environnement Roquecor et Pays de Serres<\/strong> ont organis\u00e9 une marche de protestation contre les projets dits \u00ab\u00a0agrivolta\u00efques\u00a0\u00bb de Lacour 82190 (aussi connu sous le nom de Lacour de Visa) \u00e0 Roquecor 82150, et le site d&rsquo;implantation de plusieurs projets industriels sur des terres agricoles.&nbsp;<\/p>\n\n\n\n<p class=\"has-text-align-center\"><strong>Elle aura lieu le dimanche 28 avril, rendez-vous \u00e0 Lacour \u00e0 9h00.&nbsp;<\/strong><\/p>\n\n\n\n<p><strong>Le <a href=\"https:\/\/toutesnosenergies.fr\/wp-content\/uploads\/2024\/04\/Tract-Rando-28-4-24.pdf\">tract avec les d\u00e9tails<\/a> est joint et nous demandons \u00e0 tous nos membres et sympathisants  de se joindre \u00e0 cette manifestation &#8211; et de montrer la force de l&rsquo;opposition \u00e0 ces types de projets. <\/strong><\/p>\n\n\n\n<p><strong>Veuillez \u00e9galement transmettre cette information \u00e0 toute personne susceptible d&rsquo;\u00eatre int\u00e9ress\u00e9e. Nous vous attendons nombreux!<\/strong><\/p>\n\n\n\n<p>Deuxi\u00e8mement, suite \u00e0 la publication par le gouvernement du \u00ab\u00a0d\u00e9cret\u00a0\u00bb tant attendu sur les r\u00e8gles d&rsquo;implantation des installations photovolta\u00efques industrielles sur les terres agricoles et naturelles, nous publions <a href=\"https:\/\/drive.google.com\/drive\/folders\/1JwIpP6VbOkcDeRJd0AwI-bRKU-cD7WR-?usp=share_link\">un lien vers le \u00ab\u00a0cloud\u00a0\u00bb<\/a> de notre association et le texte publi\u00e9 du \u00ab\u00a0d\u00e9cret\u00a0\u00bb ainsi que le texte pr\u00e9paratoire soumis \u00e0 la consultation publique, les r\u00e9sultats de cette consultation et les raisons pour lesquelles le gouvernement a (en grande partie) ignor\u00e9 les propositions de cette consultation.&nbsp;<\/p>\n\n\n\n<!--more-->\n\n\n\n<p>Voici <a href=\"https:\/\/drive.google.com\/drive\/folders\/1JwIpP6VbOkcDeRJd0AwI-bRKU-cD7WR-?usp=share_link\">le lien concernant le D\u00e9cret no 2024-318 du 8 avril 2024<\/a> relatif au d\u00e9veloppement de l&rsquo;agrivolta\u00efsme et aux conditions d&rsquo;implantation des installations photovolta\u00efques sur des terrains agricoles, naturels ou forestiers. NOR : ECOR2321918D.&nbsp;L&rsquo;association pense, c<a href=\"https:\/\/www.pv-magazine.fr\/2024\/04\/12\/agrivoltaisme-pourquoi-la-confederation-paysanne-veut-deposer-un-recours-contre-le-decret\/\">omme la Conf\u00e9d\u00e9ration Paysanne<\/a>, que ce d\u00e9cret doit \u00eatre attaqu\u00e9 devant le tribunal administratif et prend actuellement ses dispositions ; nous tiendrons tous nos membres inform\u00e9s de l&rsquo;\u00e9volution de ce dossier.&nbsp;<\/p>\n\n\n\n<p>Tim ABADY  <a href=\"mailto:asso.environnement.juste@gmail.com\">asso.environnement.juste@gmail.com<\/a>  06 58 92 03 99<\/p>\n\n\n\n<p>Membre agr\u00e9\u00e9 France Nature Environnement Occitanie Pyr\u00e9n\u00e9es si\u00e8ge social : mairie, 46800, Montcuq en Quercy Blanc&nbsp;<\/p>\n","protected":false},"excerpt":{"rendered":"<p>L\u2019association environnement juste\u00ab\u00a0bien comprendre pour mieux d\u00e9cider\u00a0\u00bb partage ces deux informations importantes.&nbsp; Nos amis le Collectif des habitants de Lacour et l&rsquo;association Environnement Roquecor et Pays de Serres ont organis\u00e9 une marche de protestation contre les projets dits \u00ab\u00a0agrivolta\u00efques\u00a0\u00bb de Lacour 82190 (aussi connu sous le nom de Lacour de Visa) \u00e0 Roquecor 82150, et &#8230; <a title=\"Dans le Tarn-et-Garonne pour un environnement juste\" class=\"read-more\" href=\"https:\/\/toutesnosenergies.fr\/index.php\/2024\/04\/16\/dans-le-tarn-et-garonne-pour-un-environnement-juste\/\" aria-label=\"Plus sur Dans le Tarn-et-Garonne pour un environnement juste\">Lire plus<\/a><\/p>\n","protected":false},"author":3,"featured_media":0,"comment_status":"open","ping_status":"open","sticky":false,"template":"","format":"standard","meta":{"_cbd_carousel_blocks":"[]","sfsi_plus_gutenberg_text_before_share":"","sfsi_plus_gutenberg_show_text_before_share":"","sfsi_plus_gutenberg_icon_type":"","sfsi_plus_gutenberg_icon_alignemt":"","sfsi_plus_gutenburg_max_per_row":"","footnotes":""},"categories":[8],"tags":[],"class_list":["post-10834","post","type-post","status-publish","format-standard","hentry","category-communiques-associations"],"yoast_head":"<!-- This site is optimized with the Yoast SEO plugin v27.5 - https:\/\/yoast.com\/product\/yoast-seo-wordpress\/ -->\n<title>Dans le Tarn-et-Garonne pour un environnement juste - Toutes Nos \u00c9nergies \u2013 Occitanie Environnement<\/title>\n<meta name=\"robots\" content=\"index, follow, max-snippet:-1, max-image-preview:large, max-video-preview:-1\" \/>\n<link rel=\"canonical\" href=\"https:\/\/toutesnosenergies.fr\/index.php\/2024\/04\/16\/dans-le-tarn-et-garonne-pour-un-environnement-juste\/\" \/>\n<meta property=\"og:locale\" content=\"fr_FR\" \/>\n<meta property=\"og:type\" content=\"article\" \/>\n<meta property=\"og:title\" content=\"Dans le Tarn-et-Garonne pour un environnement juste - Toutes Nos \u00c9nergies \u2013 Occitanie Environnement\" \/>\n<meta property=\"og:description\" content=\"L\u2019association environnement juste\u00ab\u00a0bien comprendre pour mieux d\u00e9cider\u00a0\u00bb partage ces deux informations importantes.&nbsp; Nos amis le Collectif des habitants de Lacour et l&rsquo;association Environnement Roquecor et Pays de Serres ont organis\u00e9 une marche de protestation contre les projets dits \u00ab\u00a0agrivolta\u00efques\u00a0\u00bb de Lacour 82190 (aussi connu sous le nom de Lacour de Visa) \u00e0 Roquecor 82150, et ... Lire plus\" \/>\n<meta property=\"og:url\" content=\"https:\/\/toutesnosenergies.fr\/index.php\/2024\/04\/16\/dans-le-tarn-et-garonne-pour-un-environnement-juste\/\" \/>\n<meta property=\"og:site_name\" content=\"Toutes Nos \u00c9nergies \u2013 Occitanie Environnement\" \/>\n<meta property=\"article:publisher\" content=\"https:\/\/www.facebook.com\/TNEtoutesnosenergiesOccitanieEnvironnement\" \/>\n<meta property=\"article:published_time\" content=\"2024-04-16T11:18:10+00:00\" \/>\n<meta property=\"article:modified_time\" content=\"2024-04-16T14:50:59+00:00\" \/>\n<meta property=\"og:image\" content=\"https:\/\/toutesnosenergies.fr\/wp-content\/uploads\/2024\/04\/Capture-decran-2024-04-16-a-13.12.16-714x1024.png\" \/>\n<meta name=\"author\" content=\"WM81\" \/>\n<meta name=\"twitter:card\" content=\"summary_large_image\" \/>\n<meta name=\"twitter:label1\" content=\"\u00c9crit par\" \/>\n\t<meta name=\"twitter:data1\" content=\"WM81\" \/>\n\t<meta name=\"twitter:label2\" content=\"Dur\u00e9e de lecture estim\u00e9e\" \/>\n\t<meta name=\"twitter:data2\" content=\"2 minutes\" \/>\n<script type=\"application\/ld+json\" class=\"yoast-schema-graph\">{\"@context\":\"https:\\\/\\\/schema.org\",\"@graph\":[{\"@type\":\"Article\",\"@id\":\"https:\\\/\\\/toutesnosenergies.fr\\\/index.php\\\/2024\\\/04\\\/16\\\/dans-le-tarn-et-garonne-pour-un-environnement-juste\\\/#article\",\"isPartOf\":{\"@id\":\"https:\\\/\\\/toutesnosenergies.fr\\\/index.php\\\/2024\\\/04\\\/16\\\/dans-le-tarn-et-garonne-pour-un-environnement-juste\\\/\"},\"author\":{\"name\":\"WM81\",\"@id\":\"https:\\\/\\\/toutesnosenergies.fr\\\/#\\\/schema\\\/person\\\/83b429b7810ce59e0a21afb7e0b3cb1c\"},\"headline\":\"Dans le Tarn-et-Garonne pour un environnement juste\",\"datePublished\":\"2024-04-16T11:18:10+00:00\",\"dateModified\":\"2024-04-16T14:50:59+00:00\",\"mainEntityOfPage\":{\"@id\":\"https:\\\/\\\/toutesnosenergies.fr\\\/index.php\\\/2024\\\/04\\\/16\\\/dans-le-tarn-et-garonne-pour-un-environnement-juste\\\/\"},\"wordCount\":316,\"commentCount\":0,\"publisher\":{\"@id\":\"https:\\\/\\\/toutesnosenergies.fr\\\/#organization\"},\"image\":{\"@id\":\"https:\\\/\\\/toutesnosenergies.fr\\\/index.php\\\/2024\\\/04\\\/16\\\/dans-le-tarn-et-garonne-pour-un-environnement-juste\\\/#primaryimage\"},\"thumbnailUrl\":\"https:\\\/\\\/toutesnosenergies.fr\\\/wp-content\\\/uploads\\\/2024\\\/04\\\/Capture-decran-2024-04-16-a-13.12.16-714x1024.png\",\"articleSection\":[\"Communiqu\u00e9s des associations\"],\"inLanguage\":\"fr-FR\",\"potentialAction\":[{\"@type\":\"CommentAction\",\"name\":\"Comment\",\"target\":[\"https:\\\/\\\/toutesnosenergies.fr\\\/index.php\\\/2024\\\/04\\\/16\\\/dans-le-tarn-et-garonne-pour-un-environnement-juste\\\/#respond\"]}]},{\"@type\":\"WebPage\",\"@id\":\"https:\\\/\\\/toutesnosenergies.fr\\\/index.php\\\/2024\\\/04\\\/16\\\/dans-le-tarn-et-garonne-pour-un-environnement-juste\\\/\",\"url\":\"https:\\\/\\\/toutesnosenergies.fr\\\/index.php\\\/2024\\\/04\\\/16\\\/dans-le-tarn-et-garonne-pour-un-environnement-juste\\\/\",\"name\":\"Dans le Tarn-et-Garonne pour un environnement juste - Toutes Nos \u00c9nergies \u2013 Occitanie Environnement\",\"isPartOf\":{\"@id\":\"https:\\\/\\\/toutesnosenergies.fr\\\/#website\"},\"primaryImageOfPage\":{\"@id\":\"https:\\\/\\\/toutesnosenergies.fr\\\/index.php\\\/2024\\\/04\\\/16\\\/dans-le-tarn-et-garonne-pour-un-environnement-juste\\\/#primaryimage\"},\"image\":{\"@id\":\"https:\\\/\\\/toutesnosenergies.fr\\\/index.php\\\/2024\\\/04\\\/16\\\/dans-le-tarn-et-garonne-pour-un-environnement-juste\\\/#primaryimage\"},\"thumbnailUrl\":\"https:\\\/\\\/toutesnosenergies.fr\\\/wp-content\\\/uploads\\\/2024\\\/04\\\/Capture-decran-2024-04-16-a-13.12.16-714x1024.png\",\"datePublished\":\"2024-04-16T11:18:10+00:00\",\"dateModified\":\"2024-04-16T14:50:59+00:00\",\"breadcrumb\":{\"@id\":\"https:\\\/\\\/toutesnosenergies.fr\\\/index.php\\\/2024\\\/04\\\/16\\\/dans-le-tarn-et-garonne-pour-un-environnement-juste\\\/#breadcrumb\"},\"inLanguage\":\"fr-FR\",\"potentialAction\":[{\"@type\":\"ReadAction\",\"target\":[\"https:\\\/\\\/toutesnosenergies.fr\\\/index.php\\\/2024\\\/04\\\/16\\\/dans-le-tarn-et-garonne-pour-un-environnement-juste\\\/\"]}]},{\"@type\":\"ImageObject\",\"inLanguage\":\"fr-FR\",\"@id\":\"https:\\\/\\\/toutesnosenergies.fr\\\/index.php\\\/2024\\\/04\\\/16\\\/dans-le-tarn-et-garonne-pour-un-environnement-juste\\\/#primaryimage\",\"url\":\"https:\\\/\\\/toutesnosenergies.fr\\\/wp-content\\\/uploads\\\/2024\\\/04\\\/Capture-decran-2024-04-16-a-13.12.16.png\",\"contentUrl\":\"https:\\\/\\\/toutesnosenergies.fr\\\/wp-content\\\/uploads\\\/2024\\\/04\\\/Capture-decran-2024-04-16-a-13.12.16.png\",\"width\":816,\"height\":1170},{\"@type\":\"BreadcrumbList\",\"@id\":\"https:\\\/\\\/toutesnosenergies.fr\\\/index.php\\\/2024\\\/04\\\/16\\\/dans-le-tarn-et-garonne-pour-un-environnement-juste\\\/#breadcrumb\",\"itemListElement\":[{\"@type\":\"ListItem\",\"position\":1,\"name\":\"Accueil\",\"item\":\"https:\\\/\\\/toutesnosenergies.fr\\\/\"},{\"@type\":\"ListItem\",\"position\":2,\"name\":\"Dans le Tarn-et-Garonne pour un environnement juste\"}]},{\"@type\":\"WebSite\",\"@id\":\"https:\\\/\\\/toutesnosenergies.fr\\\/#website\",\"url\":\"https:\\\/\\\/toutesnosenergies.fr\\\/\",\"name\":\"Toutes Nos \u00c9nergies \u2013 Occitanie Environnement\",\"description\":\"Pour une \u00e9nergie respectueuse du vivant et des territoires ruraux en Occitanie\",\"publisher\":{\"@id\":\"https:\\\/\\\/toutesnosenergies.fr\\\/#organization\"},\"potentialAction\":[{\"@type\":\"SearchAction\",\"target\":{\"@type\":\"EntryPoint\",\"urlTemplate\":\"https:\\\/\\\/toutesnosenergies.fr\\\/?s={search_term_string}\"},\"query-input\":{\"@type\":\"PropertyValueSpecification\",\"valueRequired\":true,\"valueName\":\"search_term_string\"}}],\"inLanguage\":\"fr-FR\"},{\"@type\":\"Organization\",\"@id\":\"https:\\\/\\\/toutesnosenergies.fr\\\/#organization\",\"name\":\"Toutes Nos \u00c9nergies \u2013 Occitanie Environnement\",\"url\":\"https:\\\/\\\/toutesnosenergies.fr\\\/\",\"logo\":{\"@type\":\"ImageObject\",\"inLanguage\":\"fr-FR\",\"@id\":\"https:\\\/\\\/toutesnosenergies.fr\\\/#\\\/schema\\\/logo\\\/image\\\/\",\"url\":\"https:\\\/\\\/toutesnosenergies.fr\\\/wp-content\\\/uploads\\\/2023\\\/01\\\/Petit-logo.png\",\"contentUrl\":\"https:\\\/\\\/toutesnosenergies.fr\\\/wp-content\\\/uploads\\\/2023\\\/01\\\/Petit-logo.png\",\"width\":360,\"height\":102,\"caption\":\"Toutes Nos \u00c9nergies \u2013 Occitanie Environnement\"},\"image\":{\"@id\":\"https:\\\/\\\/toutesnosenergies.fr\\\/#\\\/schema\\\/logo\\\/image\\\/\"},\"sameAs\":[\"https:\\\/\\\/www.facebook.com\\\/TNEtoutesnosenergiesOccitanieEnvironnement\"]},{\"@type\":\"Person\",\"@id\":\"https:\\\/\\\/toutesnosenergies.fr\\\/#\\\/schema\\\/person\\\/83b429b7810ce59e0a21afb7e0b3cb1c\",\"name\":\"WM81\",\"image\":{\"@type\":\"ImageObject\",\"inLanguage\":\"fr-FR\",\"@id\":\"https:\\\/\\\/secure.gravatar.com\\\/avatar\\\/aa9bf2bd97a7297274c53294f09e800c7ee0d88290f959d5d49f9380299b9ff1?s=96&d=mm&r=g\",\"url\":\"https:\\\/\\\/secure.gravatar.com\\\/avatar\\\/aa9bf2bd97a7297274c53294f09e800c7ee0d88290f959d5d49f9380299b9ff1?s=96&d=mm&r=g\",\"contentUrl\":\"https:\\\/\\\/secure.gravatar.com\\\/avatar\\\/aa9bf2bd97a7297274c53294f09e800c7ee0d88290f959d5d49f9380299b9ff1?s=96&d=mm&r=g\",\"caption\":\"WM81\"},\"sameAs\":[\"http:\\\/\\\/toutesnosenergies.fr\"],\"url\":\"https:\\\/\\\/toutesnosenergies.fr\\\/index.php\\\/author\\\/wm81\\\/\"}]}<\/script>\n<!-- \/ Yoast SEO plugin. -->","yoast_head_json":{"title":"Dans le Tarn-et-Garonne pour un environnement juste - Toutes Nos \u00c9nergies \u2013 Occitanie Environnement","robots":{"index":"index","follow":"follow","max-snippet":"max-snippet:-1","max-image-preview":"max-image-preview:large","max-video-preview":"max-video-preview:-1"},"canonical":"https:\/\/toutesnosenergies.fr\/index.php\/2024\/04\/16\/dans-le-tarn-et-garonne-pour-un-environnement-juste\/","og_locale":"fr_FR","og_type":"article","og_title":"Dans le Tarn-et-Garonne pour un environnement juste - Toutes Nos \u00c9nergies \u2013 Occitanie Environnement","og_description":"L\u2019association environnement juste\u00ab\u00a0bien comprendre pour mieux d\u00e9cider\u00a0\u00bb partage ces deux informations importantes.&nbsp; Nos amis le Collectif des habitants de Lacour et l&rsquo;association Environnement Roquecor et Pays de Serres ont organis\u00e9 une marche de protestation contre les projets dits \u00ab\u00a0agrivolta\u00efques\u00a0\u00bb de Lacour 82190 (aussi connu sous le nom de Lacour de Visa) \u00e0 Roquecor 82150, et ... Lire plus","og_url":"https:\/\/toutesnosenergies.fr\/index.php\/2024\/04\/16\/dans-le-tarn-et-garonne-pour-un-environnement-juste\/","og_site_name":"Toutes Nos \u00c9nergies \u2013 Occitanie Environnement","article_publisher":"https:\/\/www.facebook.com\/TNEtoutesnosenergiesOccitanieEnvironnement","article_published_time":"2024-04-16T11:18:10+00:00","article_modified_time":"2024-04-16T14:50:59+00:00","og_image":[{"url":"https:\/\/toutesnosenergies.fr\/wp-content\/uploads\/2024\/04\/Capture-decran-2024-04-16-a-13.12.16-714x1024.png","type":"","width":"","height":""}],"author":"WM81","twitter_card":"summary_large_image","twitter_misc":{"\u00c9crit par":"WM81","Dur\u00e9e de lecture estim\u00e9e":"2 minutes"},"schema":{"@context":"https:\/\/schema.org","@graph":[{"@type":"Article","@id":"https:\/\/toutesnosenergies.fr\/index.php\/2024\/04\/16\/dans-le-tarn-et-garonne-pour-un-environnement-juste\/#article","isPartOf":{"@id":"https:\/\/toutesnosenergies.fr\/index.php\/2024\/04\/16\/dans-le-tarn-et-garonne-pour-un-environnement-juste\/"},"author":{"name":"WM81","@id":"https:\/\/toutesnosenergies.fr\/#\/schema\/person\/83b429b7810ce59e0a21afb7e0b3cb1c"},"headline":"Dans le Tarn-et-Garonne pour un environnement juste","datePublished":"2024-04-16T11:18:10+00:00","dateModified":"2024-04-16T14:50:59+00:00","mainEntityOfPage":{"@id":"https:\/\/toutesnosenergies.fr\/index.php\/2024\/04\/16\/dans-le-tarn-et-garonne-pour-un-environnement-juste\/"},"wordCount":316,"commentCount":0,"publisher":{"@id":"https:\/\/toutesnosenergies.fr\/#organization"},"image":{"@id":"https:\/\/toutesnosenergies.fr\/index.php\/2024\/04\/16\/dans-le-tarn-et-garonne-pour-un-environnement-juste\/#primaryimage"},"thumbnailUrl":"https:\/\/toutesnosenergies.fr\/wp-content\/uploads\/2024\/04\/Capture-decran-2024-04-16-a-13.12.16-714x1024.png","articleSection":["Communiqu\u00e9s des associations"],"inLanguage":"fr-FR","potentialAction":[{"@type":"CommentAction","name":"Comment","target":["https:\/\/toutesnosenergies.fr\/index.php\/2024\/04\/16\/dans-le-tarn-et-garonne-pour-un-environnement-juste\/#respond"]}]},{"@type":"WebPage","@id":"https:\/\/toutesnosenergies.fr\/index.php\/2024\/04\/16\/dans-le-tarn-et-garonne-pour-un-environnement-juste\/","url":"https:\/\/toutesnosenergies.fr\/index.php\/2024\/04\/16\/dans-le-tarn-et-garonne-pour-un-environnement-juste\/","name":"Dans le Tarn-et-Garonne pour un environnement juste - Toutes Nos \u00c9nergies \u2013 Occitanie Environnement","isPartOf":{"@id":"https:\/\/toutesnosenergies.fr\/#website"},"primaryImageOfPage":{"@id":"https:\/\/toutesnosenergies.fr\/index.php\/2024\/04\/16\/dans-le-tarn-et-garonne-pour-un-environnement-juste\/#primaryimage"},"image":{"@id":"https:\/\/toutesnosenergies.fr\/index.php\/2024\/04\/16\/dans-le-tarn-et-garonne-pour-un-environnement-juste\/#primaryimage"},"thumbnailUrl":"https:\/\/toutesnosenergies.fr\/wp-content\/uploads\/2024\/04\/Capture-decran-2024-04-16-a-13.12.16-714x1024.png","datePublished":"2024-04-16T11:18:10+00:00","dateModified":"2024-04-16T14:50:59+00:00","breadcrumb":{"@id":"https:\/\/toutesnosenergies.fr\/index.php\/2024\/04\/16\/dans-le-tarn-et-garonne-pour-un-environnement-juste\/#breadcrumb"},"inLanguage":"fr-FR","potentialAction":[{"@type":"ReadAction","target":["https:\/\/toutesnosenergies.fr\/index.php\/2024\/04\/16\/dans-le-tarn-et-garonne-pour-un-environnement-juste\/"]}]},{"@type":"ImageObject","inLanguage":"fr-FR","@id":"https:\/\/toutesnosenergies.fr\/index.php\/2024\/04\/16\/dans-le-tarn-et-garonne-pour-un-environnement-juste\/#primaryimage","url":"https:\/\/toutesnosenergies.fr\/wp-content\/uploads\/2024\/04\/Capture-decran-2024-04-16-a-13.12.16.png","contentUrl":"https:\/\/toutesnosenergies.fr\/wp-content\/uploads\/2024\/04\/Capture-decran-2024-04-16-a-13.12.16.png","width":816,"height":1170},{"@type":"BreadcrumbList","@id":"https:\/\/toutesnosenergies.fr\/index.php\/2024\/04\/16\/dans-le-tarn-et-garonne-pour-un-environnement-juste\/#breadcrumb","itemListElement":[{"@type":"ListItem","position":1,"name":"Accueil","item":"https:\/\/toutesnosenergies.fr\/"},{"@type":"ListItem","position":2,"name":"Dans le Tarn-et-Garonne pour un environnement juste"}]},{"@type":"WebSite","@id":"https:\/\/toutesnosenergies.fr\/#website","url":"https:\/\/toutesnosenergies.fr\/","name":"Toutes Nos \u00c9nergies \u2013 Occitanie Environnement","description":"Pour une \u00e9nergie respectueuse du vivant et des territoires ruraux en Occitanie","publisher":{"@id":"https:\/\/toutesnosenergies.fr\/#organization"},"potentialAction":[{"@type":"SearchAction","target":{"@type":"EntryPoint","urlTemplate":"https:\/\/toutesnosenergies.fr\/?s={search_term_string}"},"query-input":{"@type":"PropertyValueSpecification","valueRequired":true,"valueName":"search_term_string"}}],"inLanguage":"fr-FR"},{"@type":"Organization","@id":"https:\/\/toutesnosenergies.fr\/#organization","name":"Toutes Nos \u00c9nergies \u2013 Occitanie Environnement","url":"https:\/\/toutesnosenergies.fr\/","logo":{"@type":"ImageObject","inLanguage":"fr-FR","@id":"https:\/\/toutesnosenergies.fr\/#\/schema\/logo\/image\/","url":"https:\/\/toutesnosenergies.fr\/wp-content\/uploads\/2023\/01\/Petit-logo.png","contentUrl":"https:\/\/toutesnosenergies.fr\/wp-content\/uploads\/2023\/01\/Petit-logo.png","width":360,"height":102,"caption":"Toutes Nos \u00c9nergies \u2013 Occitanie Environnement"},"image":{"@id":"https:\/\/toutesnosenergies.fr\/#\/schema\/logo\/image\/"},"sameAs":["https:\/\/www.facebook.com\/TNEtoutesnosenergiesOccitanieEnvironnement"]},{"@type":"Person","@id":"https:\/\/toutesnosenergies.fr\/#\/schema\/person\/83b429b7810ce59e0a21afb7e0b3cb1c","name":"WM81","image":{"@type":"ImageObject","inLanguage":"fr-FR","@id":"https:\/\/secure.gravatar.com\/avatar\/aa9bf2bd97a7297274c53294f09e800c7ee0d88290f959d5d49f9380299b9ff1?s=96&d=mm&r=g","url":"https:\/\/secure.gravatar.com\/avatar\/aa9bf2bd97a7297274c53294f09e800c7ee0d88290f959d5d49f9380299b9ff1?s=96&d=mm&r=g","contentUrl":"https:\/\/secure.gravatar.com\/avatar\/aa9bf2bd97a7297274c53294f09e800c7ee0d88290f959d5d49f9380299b9ff1?s=96&d=mm&r=g","caption":"WM81"},"sameAs":["http:\/\/toutesnosenergies.fr"],"url":"https:\/\/toutesnosenergies.fr\/index.php\/author\/wm81\/"}]}},"_links":{"self":[{"href":"https:\/\/toutesnosenergies.fr\/index.php\/wp-json\/wp\/v2\/posts\/10834","targetHints":{"allow":["GET"]}}],"collection":[{"href":"https:\/\/toutesnosenergies.fr\/index.php\/wp-json\/wp\/v2\/posts"}],"about":[{"href":"https:\/\/toutesnosenergies.fr\/index.php\/wp-json\/wp\/v2\/types\/post"}],"author":[{"embeddable":true,"href":"https:\/\/toutesnosenergies.fr\/index.php\/wp-json\/wp\/v2\/users\/3"}],"replies":[{"embeddable":true,"href":"https:\/\/toutesnosenergies.fr\/index.php\/wp-json\/wp\/v2\/comments?post=10834"}],"version-history":[{"count":2,"href":"https:\/\/toutesnosenergies.fr\/index.php\/wp-json\/wp\/v2\/posts\/10834\/revisions"}],"predecessor-version":[{"id":10848,"href":"https:\/\/toutesnosenergies.fr\/index.php\/wp-json\/wp\/v2\/posts\/10834\/revisions\/10848"}],"wp:attachment":[{"href":"https:\/\/toutesnosenergies.fr\/index.php\/wp-json\/wp\/v2\/media?parent=10834"}],"wp:term":[{"taxonomy":"category","embeddable":true,"href":"https:\/\/toutesnosenergies.fr\/index.php\/wp-json\/wp\/v2\/categories?post=10834"},{"taxonomy":"post_tag","embeddable":true,"href":"https:\/\/toutesnosenergies.fr\/index.php\/wp-json\/wp\/v2\/tags?post=10834"}],"curies":[{"name":"wp","href":"https:\/\/api.w.org\/{rel}","templated":true}]}}