{"id":10929,"date":"2024-04-30T14:31:55","date_gmt":"2024-04-30T12:31:55","guid":{"rendered":"https:\/\/toutesnosenergies.fr\/?p=10929"},"modified":"2024-04-30T14:35:47","modified_gmt":"2024-04-30T12:35:47","slug":"une-bonne-nouvelle-pour-la-montagne-noire","status":"publish","type":"post","link":"https:\/\/toutesnosenergies.fr\/index.php\/2024\/04\/30\/une-bonne-nouvelle-pour-la-montagne-noire\/","title":{"rendered":"Une bonne nouvelle pour la Montagne Noire !"},"content":{"rendered":"<div class=\"wp-block-image\">\n<figure class=\"alignright size-large is-resized\"><img decoding=\"async\" src=\"https:\/\/scontent.ftls1-1.fna.fbcdn.net\/v\/t39.30808-6\/438809180_827873872712230_8169177745058614934_n.jpg?_nc_cat=106&amp;ccb=1-7&amp;_nc_sid=5f2048&amp;_nc_ohc=-3RV2BOIcX0Ab6u9itL&amp;_nc_ht=scontent.ftls1-1.fna&amp;oh=00_AfB25tBIAxWX0pDXVsFCFr5ND88vQ99pUqANwyWJLs5C7g&amp;oe=6636C7B0\" alt=\"\" style=\"width:201px;height:auto\"\/><\/figure>\n<\/div>\n\n\n<p class=\"has-background\" style=\"background-color:#fab7fa\">Le Conseil d&rsquo;\u00c9tat a confirm\u00e9 que la soci\u00e9t\u00e9 SEPE Les Martys (OSTWIND) n&rsquo;avait pas d\u00e9pos\u00e9 de recours en cassation contre l&rsquo;arr\u00eat de la CAA de Toulouse du 1er f\u00e9vrier 2024 qui refusait l&rsquo;autorisation environnementale d&rsquo;implanter 4 \u00e9oliennes sur la commune des Martys (11) au lieu-dit Les Moussels\/Les Ailles. \u00a0Les d\u00e9lais de recours sont aujourd\u2019hui d\u00e9pass\u00e9s.<\/p>\n\n\n\n<p>Une victoire cette fois-ci d\u00e9finitive, le promoteur ayant pr\u00e9f\u00e9r\u00e9 s&rsquo;abstenir de contester la d\u00e9cision de la Cour d&rsquo;appel devant le Conseil d\u2019\u00c9tat.<\/p>\n\n\n\n<p>Pour nous, riverains, commune des Martys et <a href=\"https:\/\/www.facebook.com\/p\/Association-Vent-mauvais-100064688738619\/?paipv=0&amp;eav=Afaom6WZaaH9vc6yyxl1M2Vb-yuU7rix2k2Qdja2RkA4CyMelODs5bxUS4jMJypmFfs&amp;_rdr\">Association Vent mauvais<\/a>, la fin d\u2019un long feuilleton qui dure depuis 2015&nbsp;! Pr\u00e8s de dix ans de lutte donc&nbsp;!<\/p>\n\n\n\n<p>Cela prouve que le combat paye. Nous nous sommes bien battus, avec de bons arguments contre ce projet d\u00e9l\u00e9t\u00e8re, pour l&rsquo;environnement et le cadre de vie et de travail des habitants de la Montagne Noire. <\/p>\n\n\n\n<h4 class=\"wp-block-heading\"><strong>Plus que jamais nous disons&nbsp;: Pas une \u00e9olienne de plus sur la Montagne Noire !<\/strong><\/h4>\n\n\n\n<!--more-->\n\n\n\n<p><a href=\"https:\/\/www.facebook.com\/photo\/?fbid=827873876045563&amp;set=a.621916736641279&amp;__cft__%5b0%5d=AZVWFGjjxiXk3NpBQZkW30QDccy5q7v4BpmGwao3qjeAxoNpZ_FruBkkAc_MVDQch3MWMgM-nAbKbPI_4afRgu-MzhKZpqYp4PtIKry6uZlMo3w9anjkks9Tl-ELlgkTzKi5-209ji7ckrF9SxOnhITOD9vHM9QfEl_E6faXFOko2eiMQP1MNvDbUUNNDER0PvqZJrh9IlRwBZvbECWKMbE_&amp;__tn__=EH-R\" target=\"_blank\" rel=\"noreferrer noopener\"><\/a>Sur notre site voir l&rsquo;article du 5 f\u00e9vrier 2024 : <a href=\"https:\/\/toutesnosenergies.fr\/index.php\/2024\/02\/05\/les-martys-aude-un-long-combat-et-un-succes-merite\/\">Aux Martys (Aude) : un long combat et un succ\u00e8s m\u00e9rit\u00e9 !<\/a><\/p>\n","protected":false},"excerpt":{"rendered":"<p>Le Conseil d&rsquo;\u00c9tat a confirm\u00e9 que la soci\u00e9t\u00e9 SEPE Les Martys (OSTWIND) n&rsquo;avait pas d\u00e9pos\u00e9 de recours en cassation contre l&rsquo;arr\u00eat de la CAA de Toulouse du 1er f\u00e9vrier 2024 qui refusait l&rsquo;autorisation environnementale d&rsquo;implanter 4 \u00e9oliennes sur la commune des Martys (11) au lieu-dit Les Moussels\/Les Ailles. \u00a0Les d\u00e9lais de recours sont aujourd\u2019hui d\u00e9pass\u00e9s. &#8230; <a title=\"Une bonne nouvelle pour la Montagne Noire !\" class=\"read-more\" href=\"https:\/\/toutesnosenergies.fr\/index.php\/2024\/04\/30\/une-bonne-nouvelle-pour-la-montagne-noire\/\" aria-label=\"Plus sur Une bonne nouvelle pour la Montagne Noire !\">Lire plus<\/a><\/p>\n","protected":false},"author":3,"featured_media":0,"comment_status":"open","ping_status":"open","sticky":false,"template":"","format":"standard","meta":{"_cbd_carousel_blocks":"[]","sfsi_plus_gutenberg_text_before_share":"","sfsi_plus_gutenberg_show_text_before_share":"","sfsi_plus_gutenberg_icon_type":"","sfsi_plus_gutenberg_icon_alignemt":"","sfsi_plus_gutenburg_max_per_row":"","footnotes":""},"categories":[8],"tags":[],"class_list":["post-10929","post","type-post","status-publish","format-standard","hentry","category-communiques-associations"],"yoast_head":"<!-- This site is optimized with the Yoast SEO plugin v27.4 - https:\/\/yoast.com\/product\/yoast-seo-wordpress\/ -->\n<title>Une bonne nouvelle pour la Montagne Noire ! - Toutes Nos \u00c9nergies \u2013 Occitanie Environnement<\/title>\n<meta name=\"robots\" content=\"index, follow, max-snippet:-1, max-image-preview:large, max-video-preview:-1\" \/>\n<link rel=\"canonical\" href=\"https:\/\/toutesnosenergies.fr\/index.php\/2024\/04\/30\/une-bonne-nouvelle-pour-la-montagne-noire\/\" \/>\n<meta property=\"og:locale\" content=\"fr_FR\" \/>\n<meta property=\"og:type\" content=\"article\" \/>\n<meta property=\"og:title\" content=\"Une bonne nouvelle pour la Montagne Noire ! - Toutes Nos \u00c9nergies \u2013 Occitanie Environnement\" \/>\n<meta property=\"og:description\" content=\"Le Conseil d&rsquo;\u00c9tat a confirm\u00e9 que la soci\u00e9t\u00e9 SEPE Les Martys (OSTWIND) n&rsquo;avait pas d\u00e9pos\u00e9 de recours en cassation contre l&rsquo;arr\u00eat de la CAA de Toulouse du 1er f\u00e9vrier 2024 qui refusait l&rsquo;autorisation environnementale d&rsquo;implanter 4 \u00e9oliennes sur la commune des Martys (11) au lieu-dit Les Moussels\/Les Ailles. \u00a0Les d\u00e9lais de recours sont aujourd\u2019hui d\u00e9pass\u00e9s. ... Lire plus\" \/>\n<meta property=\"og:url\" content=\"https:\/\/toutesnosenergies.fr\/index.php\/2024\/04\/30\/une-bonne-nouvelle-pour-la-montagne-noire\/\" \/>\n<meta property=\"og:site_name\" content=\"Toutes Nos \u00c9nergies \u2013 Occitanie Environnement\" \/>\n<meta property=\"article:publisher\" content=\"https:\/\/www.facebook.com\/TNEtoutesnosenergiesOccitanieEnvironnement\" \/>\n<meta property=\"article:published_time\" content=\"2024-04-30T12:31:55+00:00\" \/>\n<meta property=\"article:modified_time\" content=\"2024-04-30T12:35:47+00:00\" \/>\n<meta property=\"og:image\" content=\"https:\/\/scontent.ftls1-1.fna.fbcdn.net\/v\/t39.30808-6\/438809180_827873872712230_8169177745058614934_n.jpg?_nc_cat=106&amp;ccb=1-7&amp;_nc_sid=5f2048&amp;_nc_ohc=-3RV2BOIcX0Ab6u9itL&amp;_nc_ht=scontent.ftls1-1.fna&amp;oh=00_AfB25tBIAxWX0pDXVsFCFr5ND88vQ99pUqANwyWJLs5C7g&amp;oe=6636C7B0\" \/>\n<meta name=\"author\" content=\"WM81\" \/>\n<meta name=\"twitter:card\" content=\"summary_large_image\" \/>\n<meta name=\"twitter:label1\" content=\"\u00c9crit par\" \/>\n\t<meta name=\"twitter:data1\" content=\"WM81\" \/>\n\t<meta name=\"twitter:label2\" content=\"Dur\u00e9e de lecture estim\u00e9e\" \/>\n\t<meta name=\"twitter:data2\" content=\"2 minutes\" \/>\n<script type=\"application\/ld+json\" class=\"yoast-schema-graph\">{\"@context\":\"https:\\\/\\\/schema.org\",\"@graph\":[{\"@type\":\"Article\",\"@id\":\"https:\\\/\\\/toutesnosenergies.fr\\\/index.php\\\/2024\\\/04\\\/30\\\/une-bonne-nouvelle-pour-la-montagne-noire\\\/#article\",\"isPartOf\":{\"@id\":\"https:\\\/\\\/toutesnosenergies.fr\\\/index.php\\\/2024\\\/04\\\/30\\\/une-bonne-nouvelle-pour-la-montagne-noire\\\/\"},\"author\":{\"name\":\"WM81\",\"@id\":\"https:\\\/\\\/toutesnosenergies.fr\\\/#\\\/schema\\\/person\\\/83b429b7810ce59e0a21afb7e0b3cb1c\"},\"headline\":\"Une bonne nouvelle pour la Montagne Noire !\",\"datePublished\":\"2024-04-30T12:31:55+00:00\",\"dateModified\":\"2024-04-30T12:35:47+00:00\",\"mainEntityOfPage\":{\"@id\":\"https:\\\/\\\/toutesnosenergies.fr\\\/index.php\\\/2024\\\/04\\\/30\\\/une-bonne-nouvelle-pour-la-montagne-noire\\\/\"},\"wordCount\":198,\"commentCount\":0,\"publisher\":{\"@id\":\"https:\\\/\\\/toutesnosenergies.fr\\\/#organization\"},\"image\":{\"@id\":\"https:\\\/\\\/toutesnosenergies.fr\\\/index.php\\\/2024\\\/04\\\/30\\\/une-bonne-nouvelle-pour-la-montagne-noire\\\/#primaryimage\"},\"thumbnailUrl\":\"https:\\\/\\\/scontent.ftls1-1.fna.fbcdn.net\\\/v\\\/t39.30808-6\\\/438809180_827873872712230_8169177745058614934_n.jpg?_nc_cat=106&amp;ccb=1-7&amp;_nc_sid=5f2048&amp;_nc_ohc=-3RV2BOIcX0Ab6u9itL&amp;_nc_ht=scontent.ftls1-1.fna&amp;oh=00_AfB25tBIAxWX0pDXVsFCFr5ND88vQ99pUqANwyWJLs5C7g&amp;oe=6636C7B0\",\"articleSection\":[\"Communiqu\u00e9s des associations\"],\"inLanguage\":\"fr-FR\",\"potentialAction\":[{\"@type\":\"CommentAction\",\"name\":\"Comment\",\"target\":[\"https:\\\/\\\/toutesnosenergies.fr\\\/index.php\\\/2024\\\/04\\\/30\\\/une-bonne-nouvelle-pour-la-montagne-noire\\\/#respond\"]}]},{\"@type\":\"WebPage\",\"@id\":\"https:\\\/\\\/toutesnosenergies.fr\\\/index.php\\\/2024\\\/04\\\/30\\\/une-bonne-nouvelle-pour-la-montagne-noire\\\/\",\"url\":\"https:\\\/\\\/toutesnosenergies.fr\\\/index.php\\\/2024\\\/04\\\/30\\\/une-bonne-nouvelle-pour-la-montagne-noire\\\/\",\"name\":\"Une bonne nouvelle pour la Montagne Noire ! - Toutes Nos \u00c9nergies \u2013 Occitanie Environnement\",\"isPartOf\":{\"@id\":\"https:\\\/\\\/toutesnosenergies.fr\\\/#website\"},\"primaryImageOfPage\":{\"@id\":\"https:\\\/\\\/toutesnosenergies.fr\\\/index.php\\\/2024\\\/04\\\/30\\\/une-bonne-nouvelle-pour-la-montagne-noire\\\/#primaryimage\"},\"image\":{\"@id\":\"https:\\\/\\\/toutesnosenergies.fr\\\/index.php\\\/2024\\\/04\\\/30\\\/une-bonne-nouvelle-pour-la-montagne-noire\\\/#primaryimage\"},\"thumbnailUrl\":\"https:\\\/\\\/scontent.ftls1-1.fna.fbcdn.net\\\/v\\\/t39.30808-6\\\/438809180_827873872712230_8169177745058614934_n.jpg?_nc_cat=106&amp;ccb=1-7&amp;_nc_sid=5f2048&amp;_nc_ohc=-3RV2BOIcX0Ab6u9itL&amp;_nc_ht=scontent.ftls1-1.fna&amp;oh=00_AfB25tBIAxWX0pDXVsFCFr5ND88vQ99pUqANwyWJLs5C7g&amp;oe=6636C7B0\",\"datePublished\":\"2024-04-30T12:31:55+00:00\",\"dateModified\":\"2024-04-30T12:35:47+00:00\",\"breadcrumb\":{\"@id\":\"https:\\\/\\\/toutesnosenergies.fr\\\/index.php\\\/2024\\\/04\\\/30\\\/une-bonne-nouvelle-pour-la-montagne-noire\\\/#breadcrumb\"},\"inLanguage\":\"fr-FR\",\"potentialAction\":[{\"@type\":\"ReadAction\",\"target\":[\"https:\\\/\\\/toutesnosenergies.fr\\\/index.php\\\/2024\\\/04\\\/30\\\/une-bonne-nouvelle-pour-la-montagne-noire\\\/\"]}]},{\"@type\":\"ImageObject\",\"inLanguage\":\"fr-FR\",\"@id\":\"https:\\\/\\\/toutesnosenergies.fr\\\/index.php\\\/2024\\\/04\\\/30\\\/une-bonne-nouvelle-pour-la-montagne-noire\\\/#primaryimage\",\"url\":\"https:\\\/\\\/scontent.ftls1-1.fna.fbcdn.net\\\/v\\\/t39.30808-6\\\/438809180_827873872712230_8169177745058614934_n.jpg?_nc_cat=106&amp;ccb=1-7&amp;_nc_sid=5f2048&amp;_nc_ohc=-3RV2BOIcX0Ab6u9itL&amp;_nc_ht=scontent.ftls1-1.fna&amp;oh=00_AfB25tBIAxWX0pDXVsFCFr5ND88vQ99pUqANwyWJLs5C7g&amp;oe=6636C7B0\",\"contentUrl\":\"https:\\\/\\\/scontent.ftls1-1.fna.fbcdn.net\\\/v\\\/t39.30808-6\\\/438809180_827873872712230_8169177745058614934_n.jpg?_nc_cat=106&amp;ccb=1-7&amp;_nc_sid=5f2048&amp;_nc_ohc=-3RV2BOIcX0Ab6u9itL&amp;_nc_ht=scontent.ftls1-1.fna&amp;oh=00_AfB25tBIAxWX0pDXVsFCFr5ND88vQ99pUqANwyWJLs5C7g&amp;oe=6636C7B0\"},{\"@type\":\"BreadcrumbList\",\"@id\":\"https:\\\/\\\/toutesnosenergies.fr\\\/index.php\\\/2024\\\/04\\\/30\\\/une-bonne-nouvelle-pour-la-montagne-noire\\\/#breadcrumb\",\"itemListElement\":[{\"@type\":\"ListItem\",\"position\":1,\"name\":\"Accueil\",\"item\":\"https:\\\/\\\/toutesnosenergies.fr\\\/\"},{\"@type\":\"ListItem\",\"position\":2,\"name\":\"Une bonne nouvelle pour la Montagne Noire !\"}]},{\"@type\":\"WebSite\",\"@id\":\"https:\\\/\\\/toutesnosenergies.fr\\\/#website\",\"url\":\"https:\\\/\\\/toutesnosenergies.fr\\\/\",\"name\":\"Toutes Nos \u00c9nergies \u2013 Occitanie Environnement\",\"description\":\"Pour une \u00e9nergie respectueuse du vivant et des territoires ruraux en Occitanie\",\"publisher\":{\"@id\":\"https:\\\/\\\/toutesnosenergies.fr\\\/#organization\"},\"potentialAction\":[{\"@type\":\"SearchAction\",\"target\":{\"@type\":\"EntryPoint\",\"urlTemplate\":\"https:\\\/\\\/toutesnosenergies.fr\\\/?s={search_term_string}\"},\"query-input\":{\"@type\":\"PropertyValueSpecification\",\"valueRequired\":true,\"valueName\":\"search_term_string\"}}],\"inLanguage\":\"fr-FR\"},{\"@type\":\"Organization\",\"@id\":\"https:\\\/\\\/toutesnosenergies.fr\\\/#organization\",\"name\":\"Toutes Nos \u00c9nergies \u2013 Occitanie Environnement\",\"url\":\"https:\\\/\\\/toutesnosenergies.fr\\\/\",\"logo\":{\"@type\":\"ImageObject\",\"inLanguage\":\"fr-FR\",\"@id\":\"https:\\\/\\\/toutesnosenergies.fr\\\/#\\\/schema\\\/logo\\\/image\\\/\",\"url\":\"https:\\\/\\\/toutesnosenergies.fr\\\/wp-content\\\/uploads\\\/2023\\\/01\\\/Petit-logo.png\",\"contentUrl\":\"https:\\\/\\\/toutesnosenergies.fr\\\/wp-content\\\/uploads\\\/2023\\\/01\\\/Petit-logo.png\",\"width\":360,\"height\":102,\"caption\":\"Toutes Nos \u00c9nergies \u2013 Occitanie Environnement\"},\"image\":{\"@id\":\"https:\\\/\\\/toutesnosenergies.fr\\\/#\\\/schema\\\/logo\\\/image\\\/\"},\"sameAs\":[\"https:\\\/\\\/www.facebook.com\\\/TNEtoutesnosenergiesOccitanieEnvironnement\"]},{\"@type\":\"Person\",\"@id\":\"https:\\\/\\\/toutesnosenergies.fr\\\/#\\\/schema\\\/person\\\/83b429b7810ce59e0a21afb7e0b3cb1c\",\"name\":\"WM81\",\"image\":{\"@type\":\"ImageObject\",\"inLanguage\":\"fr-FR\",\"@id\":\"https:\\\/\\\/secure.gravatar.com\\\/avatar\\\/aa9bf2bd97a7297274c53294f09e800c7ee0d88290f959d5d49f9380299b9ff1?s=96&d=mm&r=g\",\"url\":\"https:\\\/\\\/secure.gravatar.com\\\/avatar\\\/aa9bf2bd97a7297274c53294f09e800c7ee0d88290f959d5d49f9380299b9ff1?s=96&d=mm&r=g\",\"contentUrl\":\"https:\\\/\\\/secure.gravatar.com\\\/avatar\\\/aa9bf2bd97a7297274c53294f09e800c7ee0d88290f959d5d49f9380299b9ff1?s=96&d=mm&r=g\",\"caption\":\"WM81\"},\"sameAs\":[\"http:\\\/\\\/toutesnosenergies.fr\"],\"url\":\"https:\\\/\\\/toutesnosenergies.fr\\\/index.php\\\/author\\\/wm81\\\/\"}]}<\/script>\n<!-- \/ Yoast SEO plugin. -->","yoast_head_json":{"title":"Une bonne nouvelle pour la Montagne Noire ! - Toutes Nos \u00c9nergies \u2013 Occitanie Environnement","robots":{"index":"index","follow":"follow","max-snippet":"max-snippet:-1","max-image-preview":"max-image-preview:large","max-video-preview":"max-video-preview:-1"},"canonical":"https:\/\/toutesnosenergies.fr\/index.php\/2024\/04\/30\/une-bonne-nouvelle-pour-la-montagne-noire\/","og_locale":"fr_FR","og_type":"article","og_title":"Une bonne nouvelle pour la Montagne Noire ! - Toutes Nos \u00c9nergies \u2013 Occitanie Environnement","og_description":"Le Conseil d&rsquo;\u00c9tat a confirm\u00e9 que la soci\u00e9t\u00e9 SEPE Les Martys (OSTWIND) n&rsquo;avait pas d\u00e9pos\u00e9 de recours en cassation contre l&rsquo;arr\u00eat de la CAA de Toulouse du 1er f\u00e9vrier 2024 qui refusait l&rsquo;autorisation environnementale d&rsquo;implanter 4 \u00e9oliennes sur la commune des Martys (11) au lieu-dit Les Moussels\/Les Ailles. \u00a0Les d\u00e9lais de recours sont aujourd\u2019hui d\u00e9pass\u00e9s. ... Lire plus","og_url":"https:\/\/toutesnosenergies.fr\/index.php\/2024\/04\/30\/une-bonne-nouvelle-pour-la-montagne-noire\/","og_site_name":"Toutes Nos \u00c9nergies \u2013 Occitanie Environnement","article_publisher":"https:\/\/www.facebook.com\/TNEtoutesnosenergiesOccitanieEnvironnement","article_published_time":"2024-04-30T12:31:55+00:00","article_modified_time":"2024-04-30T12:35:47+00:00","og_image":[{"url":"https:\/\/scontent.ftls1-1.fna.fbcdn.net\/v\/t39.30808-6\/438809180_827873872712230_8169177745058614934_n.jpg?_nc_cat=106&amp;ccb=1-7&amp;_nc_sid=5f2048&amp;_nc_ohc=-3RV2BOIcX0Ab6u9itL&amp;_nc_ht=scontent.ftls1-1.fna&amp;oh=00_AfB25tBIAxWX0pDXVsFCFr5ND88vQ99pUqANwyWJLs5C7g&amp;oe=6636C7B0","type":"","width":"","height":""}],"author":"WM81","twitter_card":"summary_large_image","twitter_misc":{"\u00c9crit par":"WM81","Dur\u00e9e de lecture estim\u00e9e":"2 minutes"},"schema":{"@context":"https:\/\/schema.org","@graph":[{"@type":"Article","@id":"https:\/\/toutesnosenergies.fr\/index.php\/2024\/04\/30\/une-bonne-nouvelle-pour-la-montagne-noire\/#article","isPartOf":{"@id":"https:\/\/toutesnosenergies.fr\/index.php\/2024\/04\/30\/une-bonne-nouvelle-pour-la-montagne-noire\/"},"author":{"name":"WM81","@id":"https:\/\/toutesnosenergies.fr\/#\/schema\/person\/83b429b7810ce59e0a21afb7e0b3cb1c"},"headline":"Une bonne nouvelle pour la Montagne Noire !","datePublished":"2024-04-30T12:31:55+00:00","dateModified":"2024-04-30T12:35:47+00:00","mainEntityOfPage":{"@id":"https:\/\/toutesnosenergies.fr\/index.php\/2024\/04\/30\/une-bonne-nouvelle-pour-la-montagne-noire\/"},"wordCount":198,"commentCount":0,"publisher":{"@id":"https:\/\/toutesnosenergies.fr\/#organization"},"image":{"@id":"https:\/\/toutesnosenergies.fr\/index.php\/2024\/04\/30\/une-bonne-nouvelle-pour-la-montagne-noire\/#primaryimage"},"thumbnailUrl":"https:\/\/scontent.ftls1-1.fna.fbcdn.net\/v\/t39.30808-6\/438809180_827873872712230_8169177745058614934_n.jpg?_nc_cat=106&amp;ccb=1-7&amp;_nc_sid=5f2048&amp;_nc_ohc=-3RV2BOIcX0Ab6u9itL&amp;_nc_ht=scontent.ftls1-1.fna&amp;oh=00_AfB25tBIAxWX0pDXVsFCFr5ND88vQ99pUqANwyWJLs5C7g&amp;oe=6636C7B0","articleSection":["Communiqu\u00e9s des associations"],"inLanguage":"fr-FR","potentialAction":[{"@type":"CommentAction","name":"Comment","target":["https:\/\/toutesnosenergies.fr\/index.php\/2024\/04\/30\/une-bonne-nouvelle-pour-la-montagne-noire\/#respond"]}]},{"@type":"WebPage","@id":"https:\/\/toutesnosenergies.fr\/index.php\/2024\/04\/30\/une-bonne-nouvelle-pour-la-montagne-noire\/","url":"https:\/\/toutesnosenergies.fr\/index.php\/2024\/04\/30\/une-bonne-nouvelle-pour-la-montagne-noire\/","name":"Une bonne nouvelle pour la Montagne Noire ! - Toutes Nos \u00c9nergies \u2013 Occitanie Environnement","isPartOf":{"@id":"https:\/\/toutesnosenergies.fr\/#website"},"primaryImageOfPage":{"@id":"https:\/\/toutesnosenergies.fr\/index.php\/2024\/04\/30\/une-bonne-nouvelle-pour-la-montagne-noire\/#primaryimage"},"image":{"@id":"https:\/\/toutesnosenergies.fr\/index.php\/2024\/04\/30\/une-bonne-nouvelle-pour-la-montagne-noire\/#primaryimage"},"thumbnailUrl":"https:\/\/scontent.ftls1-1.fna.fbcdn.net\/v\/t39.30808-6\/438809180_827873872712230_8169177745058614934_n.jpg?_nc_cat=106&amp;ccb=1-7&amp;_nc_sid=5f2048&amp;_nc_ohc=-3RV2BOIcX0Ab6u9itL&amp;_nc_ht=scontent.ftls1-1.fna&amp;oh=00_AfB25tBIAxWX0pDXVsFCFr5ND88vQ99pUqANwyWJLs5C7g&amp;oe=6636C7B0","datePublished":"2024-04-30T12:31:55+00:00","dateModified":"2024-04-30T12:35:47+00:00","breadcrumb":{"@id":"https:\/\/toutesnosenergies.fr\/index.php\/2024\/04\/30\/une-bonne-nouvelle-pour-la-montagne-noire\/#breadcrumb"},"inLanguage":"fr-FR","potentialAction":[{"@type":"ReadAction","target":["https:\/\/toutesnosenergies.fr\/index.php\/2024\/04\/30\/une-bonne-nouvelle-pour-la-montagne-noire\/"]}]},{"@type":"ImageObject","inLanguage":"fr-FR","@id":"https:\/\/toutesnosenergies.fr\/index.php\/2024\/04\/30\/une-bonne-nouvelle-pour-la-montagne-noire\/#primaryimage","url":"https:\/\/scontent.ftls1-1.fna.fbcdn.net\/v\/t39.30808-6\/438809180_827873872712230_8169177745058614934_n.jpg?_nc_cat=106&amp;ccb=1-7&amp;_nc_sid=5f2048&amp;_nc_ohc=-3RV2BOIcX0Ab6u9itL&amp;_nc_ht=scontent.ftls1-1.fna&amp;oh=00_AfB25tBIAxWX0pDXVsFCFr5ND88vQ99pUqANwyWJLs5C7g&amp;oe=6636C7B0","contentUrl":"https:\/\/scontent.ftls1-1.fna.fbcdn.net\/v\/t39.30808-6\/438809180_827873872712230_8169177745058614934_n.jpg?_nc_cat=106&amp;ccb=1-7&amp;_nc_sid=5f2048&amp;_nc_ohc=-3RV2BOIcX0Ab6u9itL&amp;_nc_ht=scontent.ftls1-1.fna&amp;oh=00_AfB25tBIAxWX0pDXVsFCFr5ND88vQ99pUqANwyWJLs5C7g&amp;oe=6636C7B0"},{"@type":"BreadcrumbList","@id":"https:\/\/toutesnosenergies.fr\/index.php\/2024\/04\/30\/une-bonne-nouvelle-pour-la-montagne-noire\/#breadcrumb","itemListElement":[{"@type":"ListItem","position":1,"name":"Accueil","item":"https:\/\/toutesnosenergies.fr\/"},{"@type":"ListItem","position":2,"name":"Une bonne nouvelle pour la Montagne Noire !"}]},{"@type":"WebSite","@id":"https:\/\/toutesnosenergies.fr\/#website","url":"https:\/\/toutesnosenergies.fr\/","name":"Toutes Nos \u00c9nergies \u2013 Occitanie Environnement","description":"Pour une \u00e9nergie respectueuse du vivant et des territoires ruraux en Occitanie","publisher":{"@id":"https:\/\/toutesnosenergies.fr\/#organization"},"potentialAction":[{"@type":"SearchAction","target":{"@type":"EntryPoint","urlTemplate":"https:\/\/toutesnosenergies.fr\/?s={search_term_string}"},"query-input":{"@type":"PropertyValueSpecification","valueRequired":true,"valueName":"search_term_string"}}],"inLanguage":"fr-FR"},{"@type":"Organization","@id":"https:\/\/toutesnosenergies.fr\/#organization","name":"Toutes Nos \u00c9nergies \u2013 Occitanie Environnement","url":"https:\/\/toutesnosenergies.fr\/","logo":{"@type":"ImageObject","inLanguage":"fr-FR","@id":"https:\/\/toutesnosenergies.fr\/#\/schema\/logo\/image\/","url":"https:\/\/toutesnosenergies.fr\/wp-content\/uploads\/2023\/01\/Petit-logo.png","contentUrl":"https:\/\/toutesnosenergies.fr\/wp-content\/uploads\/2023\/01\/Petit-logo.png","width":360,"height":102,"caption":"Toutes Nos \u00c9nergies \u2013 Occitanie Environnement"},"image":{"@id":"https:\/\/toutesnosenergies.fr\/#\/schema\/logo\/image\/"},"sameAs":["https:\/\/www.facebook.com\/TNEtoutesnosenergiesOccitanieEnvironnement"]},{"@type":"Person","@id":"https:\/\/toutesnosenergies.fr\/#\/schema\/person\/83b429b7810ce59e0a21afb7e0b3cb1c","name":"WM81","image":{"@type":"ImageObject","inLanguage":"fr-FR","@id":"https:\/\/secure.gravatar.com\/avatar\/aa9bf2bd97a7297274c53294f09e800c7ee0d88290f959d5d49f9380299b9ff1?s=96&d=mm&r=g","url":"https:\/\/secure.gravatar.com\/avatar\/aa9bf2bd97a7297274c53294f09e800c7ee0d88290f959d5d49f9380299b9ff1?s=96&d=mm&r=g","contentUrl":"https:\/\/secure.gravatar.com\/avatar\/aa9bf2bd97a7297274c53294f09e800c7ee0d88290f959d5d49f9380299b9ff1?s=96&d=mm&r=g","caption":"WM81"},"sameAs":["http:\/\/toutesnosenergies.fr"],"url":"https:\/\/toutesnosenergies.fr\/index.php\/author\/wm81\/"}]}},"_links":{"self":[{"href":"https:\/\/toutesnosenergies.fr\/index.php\/wp-json\/wp\/v2\/posts\/10929","targetHints":{"allow":["GET"]}}],"collection":[{"href":"https:\/\/toutesnosenergies.fr\/index.php\/wp-json\/wp\/v2\/posts"}],"about":[{"href":"https:\/\/toutesnosenergies.fr\/index.php\/wp-json\/wp\/v2\/types\/post"}],"author":[{"embeddable":true,"href":"https:\/\/toutesnosenergies.fr\/index.php\/wp-json\/wp\/v2\/users\/3"}],"replies":[{"embeddable":true,"href":"https:\/\/toutesnosenergies.fr\/index.php\/wp-json\/wp\/v2\/comments?post=10929"}],"version-history":[{"count":3,"href":"https:\/\/toutesnosenergies.fr\/index.php\/wp-json\/wp\/v2\/posts\/10929\/revisions"}],"predecessor-version":[{"id":10933,"href":"https:\/\/toutesnosenergies.fr\/index.php\/wp-json\/wp\/v2\/posts\/10929\/revisions\/10933"}],"wp:attachment":[{"href":"https:\/\/toutesnosenergies.fr\/index.php\/wp-json\/wp\/v2\/media?parent=10929"}],"wp:term":[{"taxonomy":"category","embeddable":true,"href":"https:\/\/toutesnosenergies.fr\/index.php\/wp-json\/wp\/v2\/categories?post=10929"},{"taxonomy":"post_tag","embeddable":true,"href":"https:\/\/toutesnosenergies.fr\/index.php\/wp-json\/wp\/v2\/tags?post=10929"}],"curies":[{"name":"wp","href":"https:\/\/api.w.org\/{rel}","templated":true}]}}