{"id":11573,"date":"2025-02-02T19:40:21","date_gmt":"2025-02-02T18:40:21","guid":{"rendered":"https:\/\/toutesnosenergies.fr\/?p=11573"},"modified":"2025-02-02T19:41:27","modified_gmt":"2025-02-02T18:41:27","slug":"avant-le-14-fevrier-participons-a-lenquete-publique-contre-le-projet-dabo-energy","status":"publish","type":"post","link":"https:\/\/toutesnosenergies.fr\/index.php\/2025\/02\/02\/avant-le-14-fevrier-participons-a-lenquete-publique-contre-le-projet-dabo-energy\/","title":{"rendered":"Avant le 14 f\u00e9vrier, participons \u00e0 l&rsquo;enqu\u00eate publique contre le projet d&rsquo;Abo Energy"},"content":{"rendered":"\n<p>Le promoteur Abo Energy (ex. Abo wind) a pr\u00e9sent\u00e9 depuis 2020 , le projet d&rsquo; installation de 2 \u00e9oliennes\u00a0 de 177 m et\u00a0 4.9 MW, &#8211; en compl\u00e9ment d&rsquo;un parc d\u00e9j\u00e0 existant de 7 m\u00e2ts &#8211;\u00a0 sur le territoire d&rsquo; Aignes\u00a0(31550) en face des versants sud de Nailloux ou r\u00e9sident de nombreuses familles, face aux Pyr\u00e9n\u00e9es et qui devront vivre le cauchemar \u00e9veill\u00e9&#8230;<\/p>\n\n\n\n<p>Christophe Vinson, de l\u2019association\u00a0\u00ab\u00a0<a href=\"https:\/\/www.facebook.com\/entscontraires?mibextid=wwXIfr&amp;rdid=q1lM8UxnAYrfSSCH&amp;share_url=https%3A%2F%2Fwww.facebook.com%2Fshare%2F14msgoaJNF%2F%3Fmibextid%3DwwXIfr\">Vents Contraires<\/a>\u00a0\u00bb invite\u00a0 toutes les\u00a0associations \u00e0\u00a0d\u00e9poser une contribution sur le registre d\u00e9materialis\u00e9\u00a0<a href=\"https:\/\/www.registre-dematerialise.fr\/5777\/contributions\/4\">https:\/\/www.registre-dematerialise.fr\/5777\/contributions\/4<\/a>. L&rsquo;enqu\u00eate publique se termine le 14 f\u00e9vrier.<\/p>\n\n\n\n<p>De nombreux arguments peuvent \u00eatre \u00e9voqu\u00e9s pour s&rsquo;opposer \u00e0 un projet qui soul\u00e8ve l&rsquo;opposition des \u00e9lus.es des communes limitrophes.<\/p>\n\n\n\n<!--more-->\n\n\n\n<ul class=\"wp-block-list\">\n<li><strong><em>1. Atteintes \u00e0 l&rsquo;environnement<\/em><\/strong><em>\u00a0: de nombreuses esp\u00e8ces prot\u00e9g\u00e9es d&rsquo;oiseaux ont \u00e9t\u00e9 identifi\u00e9es sur la zone d&rsquo;implantation. il a \u00e9t\u00e9 express\u00e9ment demand\u00e9 \u00e0 Abo Energy de solliciter une d\u00e9rogation \u00e0 la protection des esp\u00e8ces prot\u00e9g\u00e9es. Compte-tenu de l&rsquo;insuffisance des r\u00e9ponses et engagements\u00a0\u00a0 fournis par Abo Energy, <\/em><strong><em>le CNPN a \u00e9mis un avis d\u00e9favorable<\/em><\/strong><em> \u00e0 la d\u00e9rogation des esp\u00e8ces prot\u00e9g\u00e9es, ce qui rend incomplet et non conforme le dossier soumis \u00e0 la pr\u00e9sente enqu\u00eate publique<\/em>. <br><em>L&rsquo; atteinte \u00e0 l&rsquo;environnement est aussi caract\u00e9ris\u00e9e par l&rsquo; artificialisation des sols\u00a0 que cherche pourtant a prevenir la\u00a0<\/em><a href=\"https:\/\/www.vie-publique.fr\/loi\/278460-loi-22-aout-2021-climat-et-resilience-convention-citoyenne-climat\"><em>loi \u00ab\u00a0Climat et r\u00e9silience\u00a0\u00bb du 22 ao\u00fbt 2021<\/em><\/a><em>\u00a0ayant pour objectif le \u00ab\u00a0z\u00e9ro artificialisation nette\u00a0\u00bb (voir d\u00e9tail en p.\u00a0 )<\/em><\/li>\n<\/ul>\n\n\n\n<ul class=\"wp-block-list\">\n<li><strong><em>2 absence d&rsquo;homog\u00e9n\u00e9it\u00e9 des deux parc \u00e9oliens<\/em><\/strong><em>\u00a0: contrairement \u00e0 ce que veut faire croire l&rsquo;op\u00e9rateur, il n&rsquo; y a pas continuit\u00e9 du projet avec le parc actuel de Calmont les \u00e9quipements sont diff\u00e9rents\u00a0 en de nombreux points , les hauteurs , les diam\u00e8tres de pales \u00a0nettement sup\u00e9rieurs au 1<sup>er<\/sup> parc contribueront \u00e0 un effet de saturation visuelle qui g\u00e9n\u00e9reront , si le projet devait \u00eatre accept\u00e9, un <\/em><strong><em>trouble anormal de voisinage<\/em><\/strong><em> qui a \u00e9t\u00e9 reconnu\u00a0 par la jurisprudence\u00a0 ( arr\u00eat du 12-3-2024 de la cour d&rsquo;appel de Rennes\u00a0 qui a condamn\u00e9 un op\u00e9rateur \u00e0 indemniser 13 riverains \u00e0 hauteur de 633 400 euros en R\u00e9paration de la perte de valeur v\u00e9nale de leurs biens (entre 15 et 40%) du fait des<\/em> <em>troubles anormaux de voisinage subis.<\/em><br><em>Cette jurisprudence consacre donc \u00e9galement\u00a0 la perte de valeur ( d\u00e9pr\u00e9ciation immobili\u00e8re des r\u00e9sidences\u00a0 proches des \u00e9oliennes)<\/em><\/li>\n<\/ul>\n\n\n\n<ul class=\"wp-block-list\">\n<li><strong><em>3. Risques g\u00e9ologiques et hydrog\u00e9ologiques<\/em><\/strong>  <em>La MRAe \u00a0instruisant ce projet a demand\u00e9 \u00e0 ce que soient r\u00e9alis\u00e9es une \u00e9tude de sols ainsi qu&rsquo;une \u00e9tude hydrog\u00e9ologique\u00a0afin de pr\u00e9venir les risques de glissements de terrain et de pollution de la nappe phr\u00e9atique.<\/em><br><em>L&rsquo;op\u00e9rateur s&rsquo;est content\u00e9 de d\u00e9clarer que des analyses\u00a0 seraient effectu\u00e9es avant d\u00e9marrage des travaux <\/em><strong><em>ce qui n&rsquo;est pas conforme car l&rsquo;\u00e9tude d&rsquo;impact doit \u00eatre actualis\u00e9e des dites \u00e9tudes.<\/em><\/strong><\/li>\n<\/ul>\n\n\n\n<ul class=\"wp-block-list\">\n<li><strong><em>4. Identit\u00e9 du futur exploitant\u00a0?<\/em><\/strong><br><em>Abo Energy prend des engagements mais consid\u00e9rant qu&rsquo;il n&rsquo;exploitera pas le site et revendra la soci\u00e9t\u00e9 de projet, quelle assurance avons-nous que les engagements seront repris et tenus par le futur exploitant dont nous exigeons de conna\u00eetre l&rsquo;identit\u00e9\u00a0?<\/em><\/li>\n<\/ul>\n\n\n\n<ul class=\"wp-block-list\">\n<li><strong><em>5. Absence de transmission des donn\u00e9es du parc voisin dit de Calmont<\/em><\/strong>. <em>La MRAe a demand\u00e9 la transmission des donn\u00e9es du parc voisin exploit\u00e9 par Boralex concernant les suivis de mortalit\u00e9s de l&rsquo;avifaune et chiropt\u00e8res. Ces documents n&rsquo;ont pas \u00e9t\u00e9 communiqu\u00e9s au m\u00e9pris des demandes de l&rsquo;administration pr\u00e9fectorale.<\/em><\/li>\n<\/ul>\n\n\n\n<ul class=\"wp-block-list\">\n<li><strong><em>6 Absence de prise en compte des d\u00e9finitions des ZADER<\/em><\/strong>. <em>La loi de Mars 2023 a enjoint aux communes de d\u00e9finir les zones d&rsquo;acc\u00e9l\u00e9ration des Energies renouvelables ce qu&rsquo;ont\u00a0 fait les communes limitrophes au site d&rsquo;implantation\u00a0; en ce qui concerne Nailloux et Aignes, le photovolta\u00efque en toiture a \u2013notamment- \u00e9t\u00e9 privil\u00e9gi\u00e9. <\/em><strong><em>Ce projet nie donc la comp\u00e9tence donn\u00e9e aux communes en mati\u00e8re de d\u00e9ploiement des EnR.<\/em><\/strong><\/li>\n<\/ul>\n\n\n\n<ul class=\"wp-block-list\">\n<li><strong><em>7 Opposition des Elus des communes limitrophes<\/em><\/strong><em>, en raison de l&rsquo;atteinte \u00e0 l&rsquo; avifaune, aux paysages, \u00e0 la qualit\u00e9 de vie des habitants de ce territoire et pour nombre des arguments d\u00e9velopp\u00e9s ci-dessus, les conseils municipaux d&rsquo;Aignes, Nailloux, Montgeard, Saint-L\u00e9on puis enfin Gibel et Mauvaisin ont tous \u00e9mis des d\u00e9lib\u00e9rations rejetant ce projet, rejet port\u00e9 \u00e0 la connaissance de M.le pr\u00e9fet (cf.courrier du 19Mai2022)<\/em><\/li>\n<\/ul>\n\n\n\n<p>Pour en savoir plus : Christophe Vinson, de l\u2019association\u00a0\u00ab\u00a0Vents Contraires\u00a0\u00bb et d\u00e9l\u00e9gu\u00e9 d\u00e9partemental de la FED (31)\u00a0<br>07 71 15 37 22<br><a href=\"https:\/\/www.facebook.com\/share\/14msgoaJNF\/?mibextid=wwXIfr\">https:\/\/www.facebook.com\/share\/14msgoaJNF\/?mibextid=wwXIfr<\/a><\/p>\n","protected":false},"excerpt":{"rendered":"<p>Le promoteur Abo Energy (ex. Abo wind) a pr\u00e9sent\u00e9 depuis 2020 , le projet d&rsquo; installation de 2 \u00e9oliennes\u00a0 de 177 m et\u00a0 4.9 MW, &#8211; en compl\u00e9ment d&rsquo;un parc d\u00e9j\u00e0 existant de 7 m\u00e2ts &#8211;\u00a0 sur le territoire d&rsquo; Aignes\u00a0(31550) en face des versants sud de Nailloux ou r\u00e9sident de nombreuses familles, face aux &#8230; <a title=\"Avant le 14 f\u00e9vrier, participons \u00e0 l&rsquo;enqu\u00eate publique contre le projet d&rsquo;Abo Energy\" class=\"read-more\" href=\"https:\/\/toutesnosenergies.fr\/index.php\/2025\/02\/02\/avant-le-14-fevrier-participons-a-lenquete-publique-contre-le-projet-dabo-energy\/\" aria-label=\"Plus sur Avant le 14 f\u00e9vrier, participons \u00e0 l&rsquo;enqu\u00eate publique contre le projet d&rsquo;Abo Energy\">Lire plus<\/a><\/p>\n","protected":false},"author":3,"featured_media":0,"comment_status":"open","ping_status":"open","sticky":false,"template":"","format":"standard","meta":{"_cbd_carousel_blocks":"[]","sfsi_plus_gutenberg_text_before_share":"","sfsi_plus_gutenberg_show_text_before_share":"","sfsi_plus_gutenberg_icon_type":"","sfsi_plus_gutenberg_icon_alignemt":"","sfsi_plus_gutenburg_max_per_row":"","footnotes":""},"categories":[8],"tags":[],"class_list":["post-11573","post","type-post","status-publish","format-standard","hentry","category-communiques-associations"],"yoast_head":"<!-- This site is optimized with the Yoast SEO plugin v27.5 - https:\/\/yoast.com\/product\/yoast-seo-wordpress\/ -->\n<title>Avant le 14 f\u00e9vrier, participons \u00e0 l&#039;enqu\u00eate publique contre le projet d&#039;Abo Energy - Toutes Nos \u00c9nergies \u2013 Occitanie Environnement<\/title>\n<meta name=\"robots\" content=\"index, follow, max-snippet:-1, max-image-preview:large, max-video-preview:-1\" \/>\n<link rel=\"canonical\" href=\"https:\/\/toutesnosenergies.fr\/index.php\/2025\/02\/02\/avant-le-14-fevrier-participons-a-lenquete-publique-contre-le-projet-dabo-energy\/\" \/>\n<meta property=\"og:locale\" content=\"fr_FR\" \/>\n<meta property=\"og:type\" content=\"article\" \/>\n<meta property=\"og:title\" content=\"Avant le 14 f\u00e9vrier, participons \u00e0 l&#039;enqu\u00eate publique contre le projet d&#039;Abo Energy - Toutes Nos \u00c9nergies \u2013 Occitanie Environnement\" \/>\n<meta property=\"og:description\" content=\"Le promoteur Abo Energy (ex. Abo wind) a pr\u00e9sent\u00e9 depuis 2020 , le projet d&rsquo; installation de 2 \u00e9oliennes\u00a0 de 177 m et\u00a0 4.9 MW, &#8211; en compl\u00e9ment d&rsquo;un parc d\u00e9j\u00e0 existant de 7 m\u00e2ts &#8211;\u00a0 sur le territoire d&rsquo; Aignes\u00a0(31550) en face des versants sud de Nailloux ou r\u00e9sident de nombreuses familles, face aux ... Lire plus\" \/>\n<meta property=\"og:url\" content=\"https:\/\/toutesnosenergies.fr\/index.php\/2025\/02\/02\/avant-le-14-fevrier-participons-a-lenquete-publique-contre-le-projet-dabo-energy\/\" \/>\n<meta property=\"og:site_name\" content=\"Toutes Nos \u00c9nergies \u2013 Occitanie Environnement\" \/>\n<meta property=\"article:publisher\" content=\"https:\/\/www.facebook.com\/TNEtoutesnosenergiesOccitanieEnvironnement\" \/>\n<meta property=\"article:published_time\" content=\"2025-02-02T18:40:21+00:00\" \/>\n<meta property=\"article:modified_time\" content=\"2025-02-02T18:41:27+00:00\" \/>\n<meta name=\"author\" content=\"WM81\" \/>\n<meta name=\"twitter:card\" content=\"summary_large_image\" \/>\n<meta name=\"twitter:label1\" content=\"\u00c9crit par\" \/>\n\t<meta name=\"twitter:data1\" content=\"WM81\" \/>\n\t<meta name=\"twitter:label2\" content=\"Dur\u00e9e de lecture estim\u00e9e\" \/>\n\t<meta name=\"twitter:data2\" content=\"4 minutes\" \/>\n<script type=\"application\/ld+json\" class=\"yoast-schema-graph\">{\"@context\":\"https:\\\/\\\/schema.org\",\"@graph\":[{\"@type\":\"Article\",\"@id\":\"https:\\\/\\\/toutesnosenergies.fr\\\/index.php\\\/2025\\\/02\\\/02\\\/avant-le-14-fevrier-participons-a-lenquete-publique-contre-le-projet-dabo-energy\\\/#article\",\"isPartOf\":{\"@id\":\"https:\\\/\\\/toutesnosenergies.fr\\\/index.php\\\/2025\\\/02\\\/02\\\/avant-le-14-fevrier-participons-a-lenquete-publique-contre-le-projet-dabo-energy\\\/\"},\"author\":{\"name\":\"WM81\",\"@id\":\"https:\\\/\\\/toutesnosenergies.fr\\\/#\\\/schema\\\/person\\\/83b429b7810ce59e0a21afb7e0b3cb1c\"},\"headline\":\"Avant le 14 f\u00e9vrier, participons \u00e0 l&rsquo;enqu\u00eate publique contre le projet d&rsquo;Abo Energy\",\"datePublished\":\"2025-02-02T18:40:21+00:00\",\"dateModified\":\"2025-02-02T18:41:27+00:00\",\"mainEntityOfPage\":{\"@id\":\"https:\\\/\\\/toutesnosenergies.fr\\\/index.php\\\/2025\\\/02\\\/02\\\/avant-le-14-fevrier-participons-a-lenquete-publique-contre-le-projet-dabo-energy\\\/\"},\"wordCount\":749,\"commentCount\":0,\"publisher\":{\"@id\":\"https:\\\/\\\/toutesnosenergies.fr\\\/#organization\"},\"articleSection\":[\"Communiqu\u00e9s des associations\"],\"inLanguage\":\"fr-FR\",\"potentialAction\":[{\"@type\":\"CommentAction\",\"name\":\"Comment\",\"target\":[\"https:\\\/\\\/toutesnosenergies.fr\\\/index.php\\\/2025\\\/02\\\/02\\\/avant-le-14-fevrier-participons-a-lenquete-publique-contre-le-projet-dabo-energy\\\/#respond\"]}]},{\"@type\":\"WebPage\",\"@id\":\"https:\\\/\\\/toutesnosenergies.fr\\\/index.php\\\/2025\\\/02\\\/02\\\/avant-le-14-fevrier-participons-a-lenquete-publique-contre-le-projet-dabo-energy\\\/\",\"url\":\"https:\\\/\\\/toutesnosenergies.fr\\\/index.php\\\/2025\\\/02\\\/02\\\/avant-le-14-fevrier-participons-a-lenquete-publique-contre-le-projet-dabo-energy\\\/\",\"name\":\"Avant le 14 f\u00e9vrier, participons \u00e0 l'enqu\u00eate publique contre le projet d'Abo Energy - Toutes Nos \u00c9nergies \u2013 Occitanie Environnement\",\"isPartOf\":{\"@id\":\"https:\\\/\\\/toutesnosenergies.fr\\\/#website\"},\"datePublished\":\"2025-02-02T18:40:21+00:00\",\"dateModified\":\"2025-02-02T18:41:27+00:00\",\"breadcrumb\":{\"@id\":\"https:\\\/\\\/toutesnosenergies.fr\\\/index.php\\\/2025\\\/02\\\/02\\\/avant-le-14-fevrier-participons-a-lenquete-publique-contre-le-projet-dabo-energy\\\/#breadcrumb\"},\"inLanguage\":\"fr-FR\",\"potentialAction\":[{\"@type\":\"ReadAction\",\"target\":[\"https:\\\/\\\/toutesnosenergies.fr\\\/index.php\\\/2025\\\/02\\\/02\\\/avant-le-14-fevrier-participons-a-lenquete-publique-contre-le-projet-dabo-energy\\\/\"]}]},{\"@type\":\"BreadcrumbList\",\"@id\":\"https:\\\/\\\/toutesnosenergies.fr\\\/index.php\\\/2025\\\/02\\\/02\\\/avant-le-14-fevrier-participons-a-lenquete-publique-contre-le-projet-dabo-energy\\\/#breadcrumb\",\"itemListElement\":[{\"@type\":\"ListItem\",\"position\":1,\"name\":\"Accueil\",\"item\":\"https:\\\/\\\/toutesnosenergies.fr\\\/\"},{\"@type\":\"ListItem\",\"position\":2,\"name\":\"Avant le 14 f\u00e9vrier, participons \u00e0 l&rsquo;enqu\u00eate publique contre le projet d&rsquo;Abo Energy\"}]},{\"@type\":\"WebSite\",\"@id\":\"https:\\\/\\\/toutesnosenergies.fr\\\/#website\",\"url\":\"https:\\\/\\\/toutesnosenergies.fr\\\/\",\"name\":\"Toutes Nos \u00c9nergies \u2013 Occitanie Environnement\",\"description\":\"Pour une \u00e9nergie respectueuse du vivant et des territoires ruraux en Occitanie\",\"publisher\":{\"@id\":\"https:\\\/\\\/toutesnosenergies.fr\\\/#organization\"},\"potentialAction\":[{\"@type\":\"SearchAction\",\"target\":{\"@type\":\"EntryPoint\",\"urlTemplate\":\"https:\\\/\\\/toutesnosenergies.fr\\\/?s={search_term_string}\"},\"query-input\":{\"@type\":\"PropertyValueSpecification\",\"valueRequired\":true,\"valueName\":\"search_term_string\"}}],\"inLanguage\":\"fr-FR\"},{\"@type\":\"Organization\",\"@id\":\"https:\\\/\\\/toutesnosenergies.fr\\\/#organization\",\"name\":\"Toutes Nos \u00c9nergies \u2013 Occitanie Environnement\",\"url\":\"https:\\\/\\\/toutesnosenergies.fr\\\/\",\"logo\":{\"@type\":\"ImageObject\",\"inLanguage\":\"fr-FR\",\"@id\":\"https:\\\/\\\/toutesnosenergies.fr\\\/#\\\/schema\\\/logo\\\/image\\\/\",\"url\":\"https:\\\/\\\/toutesnosenergies.fr\\\/wp-content\\\/uploads\\\/2023\\\/01\\\/Petit-logo.png\",\"contentUrl\":\"https:\\\/\\\/toutesnosenergies.fr\\\/wp-content\\\/uploads\\\/2023\\\/01\\\/Petit-logo.png\",\"width\":360,\"height\":102,\"caption\":\"Toutes Nos \u00c9nergies \u2013 Occitanie Environnement\"},\"image\":{\"@id\":\"https:\\\/\\\/toutesnosenergies.fr\\\/#\\\/schema\\\/logo\\\/image\\\/\"},\"sameAs\":[\"https:\\\/\\\/www.facebook.com\\\/TNEtoutesnosenergiesOccitanieEnvironnement\"]},{\"@type\":\"Person\",\"@id\":\"https:\\\/\\\/toutesnosenergies.fr\\\/#\\\/schema\\\/person\\\/83b429b7810ce59e0a21afb7e0b3cb1c\",\"name\":\"WM81\",\"image\":{\"@type\":\"ImageObject\",\"inLanguage\":\"fr-FR\",\"@id\":\"https:\\\/\\\/secure.gravatar.com\\\/avatar\\\/aa9bf2bd97a7297274c53294f09e800c7ee0d88290f959d5d49f9380299b9ff1?s=96&d=mm&r=g\",\"url\":\"https:\\\/\\\/secure.gravatar.com\\\/avatar\\\/aa9bf2bd97a7297274c53294f09e800c7ee0d88290f959d5d49f9380299b9ff1?s=96&d=mm&r=g\",\"contentUrl\":\"https:\\\/\\\/secure.gravatar.com\\\/avatar\\\/aa9bf2bd97a7297274c53294f09e800c7ee0d88290f959d5d49f9380299b9ff1?s=96&d=mm&r=g\",\"caption\":\"WM81\"},\"sameAs\":[\"http:\\\/\\\/toutesnosenergies.fr\"],\"url\":\"https:\\\/\\\/toutesnosenergies.fr\\\/index.php\\\/author\\\/wm81\\\/\"}]}<\/script>\n<!-- \/ Yoast SEO plugin. -->","yoast_head_json":{"title":"Avant le 14 f\u00e9vrier, participons \u00e0 l'enqu\u00eate publique contre le projet d'Abo Energy - Toutes Nos \u00c9nergies \u2013 Occitanie Environnement","robots":{"index":"index","follow":"follow","max-snippet":"max-snippet:-1","max-image-preview":"max-image-preview:large","max-video-preview":"max-video-preview:-1"},"canonical":"https:\/\/toutesnosenergies.fr\/index.php\/2025\/02\/02\/avant-le-14-fevrier-participons-a-lenquete-publique-contre-le-projet-dabo-energy\/","og_locale":"fr_FR","og_type":"article","og_title":"Avant le 14 f\u00e9vrier, participons \u00e0 l'enqu\u00eate publique contre le projet d'Abo Energy - Toutes Nos \u00c9nergies \u2013 Occitanie Environnement","og_description":"Le promoteur Abo Energy (ex. Abo wind) a pr\u00e9sent\u00e9 depuis 2020 , le projet d&rsquo; installation de 2 \u00e9oliennes\u00a0 de 177 m et\u00a0 4.9 MW, &#8211; en compl\u00e9ment d&rsquo;un parc d\u00e9j\u00e0 existant de 7 m\u00e2ts &#8211;\u00a0 sur le territoire d&rsquo; Aignes\u00a0(31550) en face des versants sud de Nailloux ou r\u00e9sident de nombreuses familles, face aux ... Lire plus","og_url":"https:\/\/toutesnosenergies.fr\/index.php\/2025\/02\/02\/avant-le-14-fevrier-participons-a-lenquete-publique-contre-le-projet-dabo-energy\/","og_site_name":"Toutes Nos \u00c9nergies \u2013 Occitanie Environnement","article_publisher":"https:\/\/www.facebook.com\/TNEtoutesnosenergiesOccitanieEnvironnement","article_published_time":"2025-02-02T18:40:21+00:00","article_modified_time":"2025-02-02T18:41:27+00:00","author":"WM81","twitter_card":"summary_large_image","twitter_misc":{"\u00c9crit par":"WM81","Dur\u00e9e de lecture estim\u00e9e":"4 minutes"},"schema":{"@context":"https:\/\/schema.org","@graph":[{"@type":"Article","@id":"https:\/\/toutesnosenergies.fr\/index.php\/2025\/02\/02\/avant-le-14-fevrier-participons-a-lenquete-publique-contre-le-projet-dabo-energy\/#article","isPartOf":{"@id":"https:\/\/toutesnosenergies.fr\/index.php\/2025\/02\/02\/avant-le-14-fevrier-participons-a-lenquete-publique-contre-le-projet-dabo-energy\/"},"author":{"name":"WM81","@id":"https:\/\/toutesnosenergies.fr\/#\/schema\/person\/83b429b7810ce59e0a21afb7e0b3cb1c"},"headline":"Avant le 14 f\u00e9vrier, participons \u00e0 l&rsquo;enqu\u00eate publique contre le projet d&rsquo;Abo Energy","datePublished":"2025-02-02T18:40:21+00:00","dateModified":"2025-02-02T18:41:27+00:00","mainEntityOfPage":{"@id":"https:\/\/toutesnosenergies.fr\/index.php\/2025\/02\/02\/avant-le-14-fevrier-participons-a-lenquete-publique-contre-le-projet-dabo-energy\/"},"wordCount":749,"commentCount":0,"publisher":{"@id":"https:\/\/toutesnosenergies.fr\/#organization"},"articleSection":["Communiqu\u00e9s des associations"],"inLanguage":"fr-FR","potentialAction":[{"@type":"CommentAction","name":"Comment","target":["https:\/\/toutesnosenergies.fr\/index.php\/2025\/02\/02\/avant-le-14-fevrier-participons-a-lenquete-publique-contre-le-projet-dabo-energy\/#respond"]}]},{"@type":"WebPage","@id":"https:\/\/toutesnosenergies.fr\/index.php\/2025\/02\/02\/avant-le-14-fevrier-participons-a-lenquete-publique-contre-le-projet-dabo-energy\/","url":"https:\/\/toutesnosenergies.fr\/index.php\/2025\/02\/02\/avant-le-14-fevrier-participons-a-lenquete-publique-contre-le-projet-dabo-energy\/","name":"Avant le 14 f\u00e9vrier, participons \u00e0 l'enqu\u00eate publique contre le projet d'Abo Energy - Toutes Nos \u00c9nergies \u2013 Occitanie Environnement","isPartOf":{"@id":"https:\/\/toutesnosenergies.fr\/#website"},"datePublished":"2025-02-02T18:40:21+00:00","dateModified":"2025-02-02T18:41:27+00:00","breadcrumb":{"@id":"https:\/\/toutesnosenergies.fr\/index.php\/2025\/02\/02\/avant-le-14-fevrier-participons-a-lenquete-publique-contre-le-projet-dabo-energy\/#breadcrumb"},"inLanguage":"fr-FR","potentialAction":[{"@type":"ReadAction","target":["https:\/\/toutesnosenergies.fr\/index.php\/2025\/02\/02\/avant-le-14-fevrier-participons-a-lenquete-publique-contre-le-projet-dabo-energy\/"]}]},{"@type":"BreadcrumbList","@id":"https:\/\/toutesnosenergies.fr\/index.php\/2025\/02\/02\/avant-le-14-fevrier-participons-a-lenquete-publique-contre-le-projet-dabo-energy\/#breadcrumb","itemListElement":[{"@type":"ListItem","position":1,"name":"Accueil","item":"https:\/\/toutesnosenergies.fr\/"},{"@type":"ListItem","position":2,"name":"Avant le 14 f\u00e9vrier, participons \u00e0 l&rsquo;enqu\u00eate publique contre le projet d&rsquo;Abo Energy"}]},{"@type":"WebSite","@id":"https:\/\/toutesnosenergies.fr\/#website","url":"https:\/\/toutesnosenergies.fr\/","name":"Toutes Nos \u00c9nergies \u2013 Occitanie Environnement","description":"Pour une \u00e9nergie respectueuse du vivant et des territoires ruraux en Occitanie","publisher":{"@id":"https:\/\/toutesnosenergies.fr\/#organization"},"potentialAction":[{"@type":"SearchAction","target":{"@type":"EntryPoint","urlTemplate":"https:\/\/toutesnosenergies.fr\/?s={search_term_string}"},"query-input":{"@type":"PropertyValueSpecification","valueRequired":true,"valueName":"search_term_string"}}],"inLanguage":"fr-FR"},{"@type":"Organization","@id":"https:\/\/toutesnosenergies.fr\/#organization","name":"Toutes Nos \u00c9nergies \u2013 Occitanie Environnement","url":"https:\/\/toutesnosenergies.fr\/","logo":{"@type":"ImageObject","inLanguage":"fr-FR","@id":"https:\/\/toutesnosenergies.fr\/#\/schema\/logo\/image\/","url":"https:\/\/toutesnosenergies.fr\/wp-content\/uploads\/2023\/01\/Petit-logo.png","contentUrl":"https:\/\/toutesnosenergies.fr\/wp-content\/uploads\/2023\/01\/Petit-logo.png","width":360,"height":102,"caption":"Toutes Nos \u00c9nergies \u2013 Occitanie Environnement"},"image":{"@id":"https:\/\/toutesnosenergies.fr\/#\/schema\/logo\/image\/"},"sameAs":["https:\/\/www.facebook.com\/TNEtoutesnosenergiesOccitanieEnvironnement"]},{"@type":"Person","@id":"https:\/\/toutesnosenergies.fr\/#\/schema\/person\/83b429b7810ce59e0a21afb7e0b3cb1c","name":"WM81","image":{"@type":"ImageObject","inLanguage":"fr-FR","@id":"https:\/\/secure.gravatar.com\/avatar\/aa9bf2bd97a7297274c53294f09e800c7ee0d88290f959d5d49f9380299b9ff1?s=96&d=mm&r=g","url":"https:\/\/secure.gravatar.com\/avatar\/aa9bf2bd97a7297274c53294f09e800c7ee0d88290f959d5d49f9380299b9ff1?s=96&d=mm&r=g","contentUrl":"https:\/\/secure.gravatar.com\/avatar\/aa9bf2bd97a7297274c53294f09e800c7ee0d88290f959d5d49f9380299b9ff1?s=96&d=mm&r=g","caption":"WM81"},"sameAs":["http:\/\/toutesnosenergies.fr"],"url":"https:\/\/toutesnosenergies.fr\/index.php\/author\/wm81\/"}]}},"_links":{"self":[{"href":"https:\/\/toutesnosenergies.fr\/index.php\/wp-json\/wp\/v2\/posts\/11573","targetHints":{"allow":["GET"]}}],"collection":[{"href":"https:\/\/toutesnosenergies.fr\/index.php\/wp-json\/wp\/v2\/posts"}],"about":[{"href":"https:\/\/toutesnosenergies.fr\/index.php\/wp-json\/wp\/v2\/types\/post"}],"author":[{"embeddable":true,"href":"https:\/\/toutesnosenergies.fr\/index.php\/wp-json\/wp\/v2\/users\/3"}],"replies":[{"embeddable":true,"href":"https:\/\/toutesnosenergies.fr\/index.php\/wp-json\/wp\/v2\/comments?post=11573"}],"version-history":[{"count":1,"href":"https:\/\/toutesnosenergies.fr\/index.php\/wp-json\/wp\/v2\/posts\/11573\/revisions"}],"predecessor-version":[{"id":11574,"href":"https:\/\/toutesnosenergies.fr\/index.php\/wp-json\/wp\/v2\/posts\/11573\/revisions\/11574"}],"wp:attachment":[{"href":"https:\/\/toutesnosenergies.fr\/index.php\/wp-json\/wp\/v2\/media?parent=11573"}],"wp:term":[{"taxonomy":"category","embeddable":true,"href":"https:\/\/toutesnosenergies.fr\/index.php\/wp-json\/wp\/v2\/categories?post=11573"},{"taxonomy":"post_tag","embeddable":true,"href":"https:\/\/toutesnosenergies.fr\/index.php\/wp-json\/wp\/v2\/tags?post=11573"}],"curies":[{"name":"wp","href":"https:\/\/api.w.org\/{rel}","templated":true}]}}