{"id":12445,"date":"2026-04-27T14:18:15","date_gmt":"2026-04-27T12:18:15","guid":{"rendered":"https:\/\/toutesnosenergies.fr\/?p=12445"},"modified":"2026-04-27T14:19:03","modified_gmt":"2026-04-27T12:19:03","slug":"lagrivoltaisme-quoiquil-en-coute","status":"publish","type":"post","link":"https:\/\/toutesnosenergies.fr\/index.php\/2026\/04\/27\/lagrivoltaisme-quoiquil-en-coute\/","title":{"rendered":"L\u2019agrivolta\u00efsme quoiqu\u2019il en co\u00fbte"},"content":{"rendered":"<div class=\"wp-block-image\">\n<figure class=\"alignleft size-full is-resized\"><img loading=\"lazy\" decoding=\"async\" width=\"344\" height=\"362\" src=\"https:\/\/toutesnosenergies.fr\/wp-content\/uploads\/2026\/04\/PANO-CULTURE.png\" alt=\"\" class=\"wp-image-12446\" style=\"aspect-ratio:0.9502740967755859;width:216px;height:auto\" srcset=\"https:\/\/toutesnosenergies.fr\/wp-content\/uploads\/2026\/04\/PANO-CULTURE.png 344w, https:\/\/toutesnosenergies.fr\/wp-content\/uploads\/2026\/04\/PANO-CULTURE-285x300.png 285w\" sizes=\"auto, (max-width: 344px) 100vw, 344px\" \/><\/figure>\n<\/div>\n\n\n<p class=\"has-background\" style=\"background-color:#cdf2c0\">Le 26 septembre et 17 octobre 2024 deux projets d\u2019agrivolta\u00efque sont d\u00e9pos\u00e9s dans la proc\u00e9dure au cas par cas pour des puissances de 8 m\u00e9gawat (Mw) \u00e0 Villemolaque et 10 Mw \u00e0 Banyuls dels Aspres deux communes voisines (soit 40 000 m\u00e8tres carr\u00e9s de panneaux chacun).<\/p>\n\n\n\n<p>On est largement au-dessus de la grande majorit\u00e9 des dossiers au cas par cas qui sont habituellement de moins de 1 Mw (la proc\u00e9dure simplifi\u00e9e du cas par cas dispense le porteur de projet d\u2019une \u00e9tude d\u2019impact environnemental). Mais l\u2019astuce consiste \u00e0 pr\u00e9senter ces installations comme des ombri\u00e8res (ici du photovolta\u00efque couvrant des cultures) qui, elles, peuvent passer au cas par cas.<\/p>\n\n\n\n<p><strong>Dans ces deux installations, les surfaces sont cependant d\u00e9mesur\u00e9es<\/strong><\/p>\n\n\n\n<ul class=\"wp-block-list\">\n<li>Logiquement les deux dossiers sont refus\u00e9s par le pr\u00e9fet suivant l\u2019avis de la Dreal (Direction R\u00e9gionale de l\u2019Environnement, de l\u2019Am\u00e9nagement et du Logement) qui demande les \u00e9tudes d\u2019impact le 24 mars 2025.\u00a0<\/li>\n<\/ul>\n\n\n\n<ul class=\"wp-block-list\">\n<li>Il pointe l\u2019insuffisance de l\u2019\u00e9tude faunistique, l\u2019implantation dans le p\u00e9rim\u00e8tre prot\u00e9g\u00e9 de trois captages d\u2019eau potable, l\u2019effet cumulatif aves d\u2019autres installations dans cette zone et l\u2019impact paysager.\u00a0<\/li>\n<\/ul>\n\n\n\n<ul class=\"wp-block-list\">\n<li>Les deux dossiers sont trait\u00e9s au m\u00eame moment. Les porteurs de projet font appel au Tribunal administratif de Montpellier qui invalide la d\u00e9cision du pr\u00e9fet le 24 mars 2026 (juste un an plus tard).\u00a0<\/li>\n<\/ul>\n\n\n\n<p>Le pr\u00e9fet ne fait pas appel et accorde la dispense d\u2019\u00e9tude d\u2019impact le 17 avril 2026.<\/p>\n\n\n\n<p><strong>Les motivations de la d\u00e9cision sont instructives quant \u00e0 l\u2019incomp\u00e9tence des juges sur les sujets qu\u2019ils traitent<\/strong><\/p>\n\n\n\n<!--more-->\n\n\n\n<ul class=\"wp-block-list\">\n<li>Ainsi sur l\u2019insuffisance de l\u2019\u00e9tude faunistique. Quand le pr\u00e9fet pointe qu\u2019elle n\u2019a \u00e9t\u00e9 effectu\u00e9e sur le terrain que sur une journ\u00e9e, le juge r\u00e9pond que \u00ab\u00a0<em>une seule investigation sur le terrain le 7 mai 2024 par une ing\u00e9nieure \u00e9cologue ne saurait \u00e0 elle seule \u00e9tablir l\u2019insuffisance de l\u2019\u00e9tude<\/em>\u00a0\u00bb.\u00a0<\/li>\n<\/ul>\n\n\n\n<ul class=\"wp-block-list\">\n<li>Il ajoute par ailleurs que concernant la pr\u00e9sence du l\u00e9zard ocell\u00e9, esp\u00e8ce prot\u00e9g\u00e9e, aucun individu n\u2019a \u00e9t\u00e9 observ\u00e9 lors de la visite de terrain.\u00a0<\/li>\n<\/ul>\n\n\n\n<p>Pas de chance pour le l\u00e9zard, il aurait fallu le pr\u00e9venir&nbsp;!<\/p>\n\n\n\n<ul class=\"wp-block-list\">\n<li>Sur les cons\u00e9quences \u00e9ventuelles sur les captages d\u2019eau potable, il reprend l\u2019argument de l\u2019avocat du propri\u00e9taire, insistant sur le fait que les vignes seront cultiv\u00e9es en bio. <br>Il semble confondre un cep et un panneau photovolta\u00efque\u00a0!<\/li>\n<\/ul>\n\n\n<div class=\"wp-block-image\">\n<figure class=\"aligncenter size-full is-resized\"><img loading=\"lazy\" decoding=\"async\" width=\"491\" height=\"275\" src=\"https:\/\/toutesnosenergies.fr\/wp-content\/uploads\/2026\/04\/PNO-PV-VIGNE.png\" alt=\"\" class=\"wp-image-12447\" style=\"aspect-ratio:1.7853977272727273;width:475px;height:auto\" srcset=\"https:\/\/toutesnosenergies.fr\/wp-content\/uploads\/2026\/04\/PNO-PV-VIGNE.png 491w, https:\/\/toutesnosenergies.fr\/wp-content\/uploads\/2026\/04\/PNO-PV-VIGNE-300x168.png 300w\" sizes=\"auto, (max-width: 491px) 100vw, 491px\" \/><figcaption class=\"wp-element-caption\">\u00ab on arrache la vigne existante pour en replanter une autre <br>selon les recommandations du promoteur \u00bb<\/figcaption><\/figure>\n<\/div>\n\n\n<ul class=\"wp-block-list\">\n<li>Sur l\u2019impact paysager, le m\u00e9pris pointe lorsqu\u2019il affirme que<em>les photographies et photomontages (\u00e9tat actuel \/ \u00e9tat futur) permettent de visualiser ais\u00e9ment le faible impact paysager dans un environnement banal de vignobles et de cultures sans int\u00e9r\u00eat particulier<\/em>.\u00a0<\/li>\n<\/ul>\n\n\n\n<p>Les habitants de Banyuls dels Aspres seront contents d\u2019apprendre que leur territoire n\u2019a aucun int\u00e9r\u00eat&nbsp;!<\/p>\n\n\n\n<ul class=\"wp-block-list\">\n<li>Enfin sur l\u2019effet cumul\u00e9 des diff\u00e9rents projets, il s\u2019embrouille entre une r\u00e9futation, rien n\u2019indique que \u00ab\u00a0<em>ces installations ont \u00e9t\u00e9 approuv\u00e9es et sont en cours de r\u00e9alisation ou en fonctionnement\u00a0<\/em>\u00bb, et une remarque contradictoire \u00ab\u00a0<em>la cartographie des projets photovolta\u00efques montre que le projet est situ\u00e9 entre 500 m et 1 km des autres projets\u00a0<\/em>\u00bb.<\/li>\n<\/ul>\n\n\n\n<p><strong>\u00c9pilogue<\/strong><\/p>\n\n\n\n<p>Juste \u00e0 c\u00f4t\u00e9, \u00e0 cheval sur les communes de Bages et Villemolaque, une jeune agricultrice, ainsi qu\u2019elle se pr\u00e9sente, d\u00e9pose le 24 mars 2026 (jour f\u00e9tiche pour l\u2019agrivolta\u00efque\u00a0!) un dossier pour une puissance de 5Mw (20 000 m\u00e8tres carr\u00e9s de panneaux).\u00a0Le pr\u00e9fet sans doute refroidi par la d\u00e9cision du TA accorde la dispense d\u2019\u00e9tude d\u2019impact.\u00a0<\/p>\n\n\n\n<p><a href=\"mailto:pougnet.jean@gmail.com\">Jean POUGNET<\/a><\/p>\n","protected":false},"excerpt":{"rendered":"<p>Le 26 septembre et 17 octobre 2024 deux projets d\u2019agrivolta\u00efque sont d\u00e9pos\u00e9s dans la proc\u00e9dure au cas par cas pour des puissances de 8 m\u00e9gawat (Mw) \u00e0 Villemolaque et 10 Mw \u00e0 Banyuls dels Aspres deux communes voisines (soit 40 000 m\u00e8tres carr\u00e9s de panneaux chacun). On est largement au-dessus de la grande majorit\u00e9 des &#8230; <a title=\"L\u2019agrivolta\u00efsme quoiqu\u2019il en co\u00fbte\" class=\"read-more\" href=\"https:\/\/toutesnosenergies.fr\/index.php\/2026\/04\/27\/lagrivoltaisme-quoiquil-en-coute\/\" aria-label=\"Plus sur L\u2019agrivolta\u00efsme quoiqu\u2019il en co\u00fbte\">Lire plus<\/a><\/p>\n","protected":false},"author":3,"featured_media":0,"comment_status":"open","ping_status":"open","sticky":false,"template":"","format":"standard","meta":{"_cbd_carousel_blocks":"[]","sfsi_plus_gutenberg_text_before_share":"","sfsi_plus_gutenberg_show_text_before_share":"","sfsi_plus_gutenberg_icon_type":"","sfsi_plus_gutenberg_icon_alignemt":"","sfsi_plus_gutenburg_max_per_row":"","footnotes":""},"categories":[10],"tags":[],"class_list":["post-12445","post","type-post","status-publish","format-standard","hentry","category-informations-diverses"],"yoast_head":"<!-- This site is optimized with the Yoast SEO plugin v27.4 - https:\/\/yoast.com\/product\/yoast-seo-wordpress\/ -->\n<title>L\u2019agrivolta\u00efsme quoiqu\u2019il en co\u00fbte - Toutes Nos \u00c9nergies \u2013 Occitanie Environnement<\/title>\n<meta name=\"robots\" content=\"index, follow, max-snippet:-1, max-image-preview:large, max-video-preview:-1\" \/>\n<link rel=\"canonical\" href=\"https:\/\/toutesnosenergies.fr\/index.php\/2026\/04\/27\/lagrivoltaisme-quoiquil-en-coute\/\" \/>\n<meta property=\"og:locale\" content=\"fr_FR\" \/>\n<meta property=\"og:type\" content=\"article\" \/>\n<meta property=\"og:title\" content=\"L\u2019agrivolta\u00efsme quoiqu\u2019il en co\u00fbte - Toutes Nos \u00c9nergies \u2013 Occitanie Environnement\" \/>\n<meta property=\"og:description\" content=\"Le 26 septembre et 17 octobre 2024 deux projets d\u2019agrivolta\u00efque sont d\u00e9pos\u00e9s dans la proc\u00e9dure au cas par cas pour des puissances de 8 m\u00e9gawat (Mw) \u00e0 Villemolaque et 10 Mw \u00e0 Banyuls dels Aspres deux communes voisines (soit 40 000 m\u00e8tres carr\u00e9s de panneaux chacun). On est largement au-dessus de la grande majorit\u00e9 des ... Lire plus\" \/>\n<meta property=\"og:url\" content=\"https:\/\/toutesnosenergies.fr\/index.php\/2026\/04\/27\/lagrivoltaisme-quoiquil-en-coute\/\" \/>\n<meta property=\"og:site_name\" content=\"Toutes Nos \u00c9nergies \u2013 Occitanie Environnement\" \/>\n<meta property=\"article:publisher\" content=\"https:\/\/www.facebook.com\/TNEtoutesnosenergiesOccitanieEnvironnement\" \/>\n<meta property=\"article:published_time\" content=\"2026-04-27T12:18:15+00:00\" \/>\n<meta property=\"article:modified_time\" content=\"2026-04-27T12:19:03+00:00\" \/>\n<meta property=\"og:image\" content=\"https:\/\/toutesnosenergies.fr\/wp-content\/uploads\/2026\/04\/PANO-CULTURE.png\" \/>\n\t<meta property=\"og:image:width\" content=\"344\" \/>\n\t<meta property=\"og:image:height\" content=\"362\" \/>\n\t<meta property=\"og:image:type\" content=\"image\/png\" \/>\n<meta name=\"author\" content=\"WM81\" \/>\n<meta name=\"twitter:card\" content=\"summary_large_image\" \/>\n<meta name=\"twitter:label1\" content=\"\u00c9crit par\" \/>\n\t<meta name=\"twitter:data1\" content=\"WM81\" \/>\n\t<meta name=\"twitter:label2\" content=\"Dur\u00e9e de lecture estim\u00e9e\" \/>\n\t<meta name=\"twitter:data2\" content=\"4 minutes\" \/>\n<script type=\"application\/ld+json\" class=\"yoast-schema-graph\">{\"@context\":\"https:\\\/\\\/schema.org\",\"@graph\":[{\"@type\":\"Article\",\"@id\":\"https:\\\/\\\/toutesnosenergies.fr\\\/index.php\\\/2026\\\/04\\\/27\\\/lagrivoltaisme-quoiquil-en-coute\\\/#article\",\"isPartOf\":{\"@id\":\"https:\\\/\\\/toutesnosenergies.fr\\\/index.php\\\/2026\\\/04\\\/27\\\/lagrivoltaisme-quoiquil-en-coute\\\/\"},\"author\":{\"name\":\"WM81\",\"@id\":\"https:\\\/\\\/toutesnosenergies.fr\\\/#\\\/schema\\\/person\\\/83b429b7810ce59e0a21afb7e0b3cb1c\"},\"headline\":\"L\u2019agrivolta\u00efsme quoiqu\u2019il en co\u00fbte\",\"datePublished\":\"2026-04-27T12:18:15+00:00\",\"dateModified\":\"2026-04-27T12:19:03+00:00\",\"mainEntityOfPage\":{\"@id\":\"https:\\\/\\\/toutesnosenergies.fr\\\/index.php\\\/2026\\\/04\\\/27\\\/lagrivoltaisme-quoiquil-en-coute\\\/\"},\"wordCount\":625,\"commentCount\":0,\"publisher\":{\"@id\":\"https:\\\/\\\/toutesnosenergies.fr\\\/#organization\"},\"image\":{\"@id\":\"https:\\\/\\\/toutesnosenergies.fr\\\/index.php\\\/2026\\\/04\\\/27\\\/lagrivoltaisme-quoiquil-en-coute\\\/#primaryimage\"},\"thumbnailUrl\":\"https:\\\/\\\/toutesnosenergies.fr\\\/wp-content\\\/uploads\\\/2026\\\/04\\\/PANO-CULTURE.png\",\"articleSection\":[\"Informations diverses\"],\"inLanguage\":\"fr-FR\",\"potentialAction\":[{\"@type\":\"CommentAction\",\"name\":\"Comment\",\"target\":[\"https:\\\/\\\/toutesnosenergies.fr\\\/index.php\\\/2026\\\/04\\\/27\\\/lagrivoltaisme-quoiquil-en-coute\\\/#respond\"]}]},{\"@type\":\"WebPage\",\"@id\":\"https:\\\/\\\/toutesnosenergies.fr\\\/index.php\\\/2026\\\/04\\\/27\\\/lagrivoltaisme-quoiquil-en-coute\\\/\",\"url\":\"https:\\\/\\\/toutesnosenergies.fr\\\/index.php\\\/2026\\\/04\\\/27\\\/lagrivoltaisme-quoiquil-en-coute\\\/\",\"name\":\"L\u2019agrivolta\u00efsme quoiqu\u2019il en co\u00fbte - Toutes Nos \u00c9nergies \u2013 Occitanie Environnement\",\"isPartOf\":{\"@id\":\"https:\\\/\\\/toutesnosenergies.fr\\\/#website\"},\"primaryImageOfPage\":{\"@id\":\"https:\\\/\\\/toutesnosenergies.fr\\\/index.php\\\/2026\\\/04\\\/27\\\/lagrivoltaisme-quoiquil-en-coute\\\/#primaryimage\"},\"image\":{\"@id\":\"https:\\\/\\\/toutesnosenergies.fr\\\/index.php\\\/2026\\\/04\\\/27\\\/lagrivoltaisme-quoiquil-en-coute\\\/#primaryimage\"},\"thumbnailUrl\":\"https:\\\/\\\/toutesnosenergies.fr\\\/wp-content\\\/uploads\\\/2026\\\/04\\\/PANO-CULTURE.png\",\"datePublished\":\"2026-04-27T12:18:15+00:00\",\"dateModified\":\"2026-04-27T12:19:03+00:00\",\"breadcrumb\":{\"@id\":\"https:\\\/\\\/toutesnosenergies.fr\\\/index.php\\\/2026\\\/04\\\/27\\\/lagrivoltaisme-quoiquil-en-coute\\\/#breadcrumb\"},\"inLanguage\":\"fr-FR\",\"potentialAction\":[{\"@type\":\"ReadAction\",\"target\":[\"https:\\\/\\\/toutesnosenergies.fr\\\/index.php\\\/2026\\\/04\\\/27\\\/lagrivoltaisme-quoiquil-en-coute\\\/\"]}]},{\"@type\":\"ImageObject\",\"inLanguage\":\"fr-FR\",\"@id\":\"https:\\\/\\\/toutesnosenergies.fr\\\/index.php\\\/2026\\\/04\\\/27\\\/lagrivoltaisme-quoiquil-en-coute\\\/#primaryimage\",\"url\":\"https:\\\/\\\/toutesnosenergies.fr\\\/wp-content\\\/uploads\\\/2026\\\/04\\\/PANO-CULTURE.png\",\"contentUrl\":\"https:\\\/\\\/toutesnosenergies.fr\\\/wp-content\\\/uploads\\\/2026\\\/04\\\/PANO-CULTURE.png\",\"width\":344,\"height\":362},{\"@type\":\"BreadcrumbList\",\"@id\":\"https:\\\/\\\/toutesnosenergies.fr\\\/index.php\\\/2026\\\/04\\\/27\\\/lagrivoltaisme-quoiquil-en-coute\\\/#breadcrumb\",\"itemListElement\":[{\"@type\":\"ListItem\",\"position\":1,\"name\":\"Accueil\",\"item\":\"https:\\\/\\\/toutesnosenergies.fr\\\/\"},{\"@type\":\"ListItem\",\"position\":2,\"name\":\"L\u2019agrivolta\u00efsme quoiqu\u2019il en co\u00fbte\"}]},{\"@type\":\"WebSite\",\"@id\":\"https:\\\/\\\/toutesnosenergies.fr\\\/#website\",\"url\":\"https:\\\/\\\/toutesnosenergies.fr\\\/\",\"name\":\"Toutes Nos \u00c9nergies \u2013 Occitanie Environnement\",\"description\":\"Pour une \u00e9nergie respectueuse du vivant et des territoires ruraux en Occitanie\",\"publisher\":{\"@id\":\"https:\\\/\\\/toutesnosenergies.fr\\\/#organization\"},\"potentialAction\":[{\"@type\":\"SearchAction\",\"target\":{\"@type\":\"EntryPoint\",\"urlTemplate\":\"https:\\\/\\\/toutesnosenergies.fr\\\/?s={search_term_string}\"},\"query-input\":{\"@type\":\"PropertyValueSpecification\",\"valueRequired\":true,\"valueName\":\"search_term_string\"}}],\"inLanguage\":\"fr-FR\"},{\"@type\":\"Organization\",\"@id\":\"https:\\\/\\\/toutesnosenergies.fr\\\/#organization\",\"name\":\"Toutes Nos \u00c9nergies \u2013 Occitanie Environnement\",\"url\":\"https:\\\/\\\/toutesnosenergies.fr\\\/\",\"logo\":{\"@type\":\"ImageObject\",\"inLanguage\":\"fr-FR\",\"@id\":\"https:\\\/\\\/toutesnosenergies.fr\\\/#\\\/schema\\\/logo\\\/image\\\/\",\"url\":\"https:\\\/\\\/toutesnosenergies.fr\\\/wp-content\\\/uploads\\\/2023\\\/01\\\/Petit-logo.png\",\"contentUrl\":\"https:\\\/\\\/toutesnosenergies.fr\\\/wp-content\\\/uploads\\\/2023\\\/01\\\/Petit-logo.png\",\"width\":360,\"height\":102,\"caption\":\"Toutes Nos \u00c9nergies \u2013 Occitanie Environnement\"},\"image\":{\"@id\":\"https:\\\/\\\/toutesnosenergies.fr\\\/#\\\/schema\\\/logo\\\/image\\\/\"},\"sameAs\":[\"https:\\\/\\\/www.facebook.com\\\/TNEtoutesnosenergiesOccitanieEnvironnement\"]},{\"@type\":\"Person\",\"@id\":\"https:\\\/\\\/toutesnosenergies.fr\\\/#\\\/schema\\\/person\\\/83b429b7810ce59e0a21afb7e0b3cb1c\",\"name\":\"WM81\",\"image\":{\"@type\":\"ImageObject\",\"inLanguage\":\"fr-FR\",\"@id\":\"https:\\\/\\\/secure.gravatar.com\\\/avatar\\\/aa9bf2bd97a7297274c53294f09e800c7ee0d88290f959d5d49f9380299b9ff1?s=96&d=mm&r=g\",\"url\":\"https:\\\/\\\/secure.gravatar.com\\\/avatar\\\/aa9bf2bd97a7297274c53294f09e800c7ee0d88290f959d5d49f9380299b9ff1?s=96&d=mm&r=g\",\"contentUrl\":\"https:\\\/\\\/secure.gravatar.com\\\/avatar\\\/aa9bf2bd97a7297274c53294f09e800c7ee0d88290f959d5d49f9380299b9ff1?s=96&d=mm&r=g\",\"caption\":\"WM81\"},\"sameAs\":[\"http:\\\/\\\/toutesnosenergies.fr\"],\"url\":\"https:\\\/\\\/toutesnosenergies.fr\\\/index.php\\\/author\\\/wm81\\\/\"}]}<\/script>\n<!-- \/ Yoast SEO plugin. -->","yoast_head_json":{"title":"L\u2019agrivolta\u00efsme quoiqu\u2019il en co\u00fbte - Toutes Nos \u00c9nergies \u2013 Occitanie Environnement","robots":{"index":"index","follow":"follow","max-snippet":"max-snippet:-1","max-image-preview":"max-image-preview:large","max-video-preview":"max-video-preview:-1"},"canonical":"https:\/\/toutesnosenergies.fr\/index.php\/2026\/04\/27\/lagrivoltaisme-quoiquil-en-coute\/","og_locale":"fr_FR","og_type":"article","og_title":"L\u2019agrivolta\u00efsme quoiqu\u2019il en co\u00fbte - Toutes Nos \u00c9nergies \u2013 Occitanie Environnement","og_description":"Le 26 septembre et 17 octobre 2024 deux projets d\u2019agrivolta\u00efque sont d\u00e9pos\u00e9s dans la proc\u00e9dure au cas par cas pour des puissances de 8 m\u00e9gawat (Mw) \u00e0 Villemolaque et 10 Mw \u00e0 Banyuls dels Aspres deux communes voisines (soit 40 000 m\u00e8tres carr\u00e9s de panneaux chacun). On est largement au-dessus de la grande majorit\u00e9 des ... Lire plus","og_url":"https:\/\/toutesnosenergies.fr\/index.php\/2026\/04\/27\/lagrivoltaisme-quoiquil-en-coute\/","og_site_name":"Toutes Nos \u00c9nergies \u2013 Occitanie Environnement","article_publisher":"https:\/\/www.facebook.com\/TNEtoutesnosenergiesOccitanieEnvironnement","article_published_time":"2026-04-27T12:18:15+00:00","article_modified_time":"2026-04-27T12:19:03+00:00","og_image":[{"width":344,"height":362,"url":"https:\/\/toutesnosenergies.fr\/wp-content\/uploads\/2026\/04\/PANO-CULTURE.png","type":"image\/png"}],"author":"WM81","twitter_card":"summary_large_image","twitter_misc":{"\u00c9crit par":"WM81","Dur\u00e9e de lecture estim\u00e9e":"4 minutes"},"schema":{"@context":"https:\/\/schema.org","@graph":[{"@type":"Article","@id":"https:\/\/toutesnosenergies.fr\/index.php\/2026\/04\/27\/lagrivoltaisme-quoiquil-en-coute\/#article","isPartOf":{"@id":"https:\/\/toutesnosenergies.fr\/index.php\/2026\/04\/27\/lagrivoltaisme-quoiquil-en-coute\/"},"author":{"name":"WM81","@id":"https:\/\/toutesnosenergies.fr\/#\/schema\/person\/83b429b7810ce59e0a21afb7e0b3cb1c"},"headline":"L\u2019agrivolta\u00efsme quoiqu\u2019il en co\u00fbte","datePublished":"2026-04-27T12:18:15+00:00","dateModified":"2026-04-27T12:19:03+00:00","mainEntityOfPage":{"@id":"https:\/\/toutesnosenergies.fr\/index.php\/2026\/04\/27\/lagrivoltaisme-quoiquil-en-coute\/"},"wordCount":625,"commentCount":0,"publisher":{"@id":"https:\/\/toutesnosenergies.fr\/#organization"},"image":{"@id":"https:\/\/toutesnosenergies.fr\/index.php\/2026\/04\/27\/lagrivoltaisme-quoiquil-en-coute\/#primaryimage"},"thumbnailUrl":"https:\/\/toutesnosenergies.fr\/wp-content\/uploads\/2026\/04\/PANO-CULTURE.png","articleSection":["Informations diverses"],"inLanguage":"fr-FR","potentialAction":[{"@type":"CommentAction","name":"Comment","target":["https:\/\/toutesnosenergies.fr\/index.php\/2026\/04\/27\/lagrivoltaisme-quoiquil-en-coute\/#respond"]}]},{"@type":"WebPage","@id":"https:\/\/toutesnosenergies.fr\/index.php\/2026\/04\/27\/lagrivoltaisme-quoiquil-en-coute\/","url":"https:\/\/toutesnosenergies.fr\/index.php\/2026\/04\/27\/lagrivoltaisme-quoiquil-en-coute\/","name":"L\u2019agrivolta\u00efsme quoiqu\u2019il en co\u00fbte - Toutes Nos \u00c9nergies \u2013 Occitanie Environnement","isPartOf":{"@id":"https:\/\/toutesnosenergies.fr\/#website"},"primaryImageOfPage":{"@id":"https:\/\/toutesnosenergies.fr\/index.php\/2026\/04\/27\/lagrivoltaisme-quoiquil-en-coute\/#primaryimage"},"image":{"@id":"https:\/\/toutesnosenergies.fr\/index.php\/2026\/04\/27\/lagrivoltaisme-quoiquil-en-coute\/#primaryimage"},"thumbnailUrl":"https:\/\/toutesnosenergies.fr\/wp-content\/uploads\/2026\/04\/PANO-CULTURE.png","datePublished":"2026-04-27T12:18:15+00:00","dateModified":"2026-04-27T12:19:03+00:00","breadcrumb":{"@id":"https:\/\/toutesnosenergies.fr\/index.php\/2026\/04\/27\/lagrivoltaisme-quoiquil-en-coute\/#breadcrumb"},"inLanguage":"fr-FR","potentialAction":[{"@type":"ReadAction","target":["https:\/\/toutesnosenergies.fr\/index.php\/2026\/04\/27\/lagrivoltaisme-quoiquil-en-coute\/"]}]},{"@type":"ImageObject","inLanguage":"fr-FR","@id":"https:\/\/toutesnosenergies.fr\/index.php\/2026\/04\/27\/lagrivoltaisme-quoiquil-en-coute\/#primaryimage","url":"https:\/\/toutesnosenergies.fr\/wp-content\/uploads\/2026\/04\/PANO-CULTURE.png","contentUrl":"https:\/\/toutesnosenergies.fr\/wp-content\/uploads\/2026\/04\/PANO-CULTURE.png","width":344,"height":362},{"@type":"BreadcrumbList","@id":"https:\/\/toutesnosenergies.fr\/index.php\/2026\/04\/27\/lagrivoltaisme-quoiquil-en-coute\/#breadcrumb","itemListElement":[{"@type":"ListItem","position":1,"name":"Accueil","item":"https:\/\/toutesnosenergies.fr\/"},{"@type":"ListItem","position":2,"name":"L\u2019agrivolta\u00efsme quoiqu\u2019il en co\u00fbte"}]},{"@type":"WebSite","@id":"https:\/\/toutesnosenergies.fr\/#website","url":"https:\/\/toutesnosenergies.fr\/","name":"Toutes Nos \u00c9nergies \u2013 Occitanie Environnement","description":"Pour une \u00e9nergie respectueuse du vivant et des territoires ruraux en Occitanie","publisher":{"@id":"https:\/\/toutesnosenergies.fr\/#organization"},"potentialAction":[{"@type":"SearchAction","target":{"@type":"EntryPoint","urlTemplate":"https:\/\/toutesnosenergies.fr\/?s={search_term_string}"},"query-input":{"@type":"PropertyValueSpecification","valueRequired":true,"valueName":"search_term_string"}}],"inLanguage":"fr-FR"},{"@type":"Organization","@id":"https:\/\/toutesnosenergies.fr\/#organization","name":"Toutes Nos \u00c9nergies \u2013 Occitanie Environnement","url":"https:\/\/toutesnosenergies.fr\/","logo":{"@type":"ImageObject","inLanguage":"fr-FR","@id":"https:\/\/toutesnosenergies.fr\/#\/schema\/logo\/image\/","url":"https:\/\/toutesnosenergies.fr\/wp-content\/uploads\/2023\/01\/Petit-logo.png","contentUrl":"https:\/\/toutesnosenergies.fr\/wp-content\/uploads\/2023\/01\/Petit-logo.png","width":360,"height":102,"caption":"Toutes Nos \u00c9nergies \u2013 Occitanie Environnement"},"image":{"@id":"https:\/\/toutesnosenergies.fr\/#\/schema\/logo\/image\/"},"sameAs":["https:\/\/www.facebook.com\/TNEtoutesnosenergiesOccitanieEnvironnement"]},{"@type":"Person","@id":"https:\/\/toutesnosenergies.fr\/#\/schema\/person\/83b429b7810ce59e0a21afb7e0b3cb1c","name":"WM81","image":{"@type":"ImageObject","inLanguage":"fr-FR","@id":"https:\/\/secure.gravatar.com\/avatar\/aa9bf2bd97a7297274c53294f09e800c7ee0d88290f959d5d49f9380299b9ff1?s=96&d=mm&r=g","url":"https:\/\/secure.gravatar.com\/avatar\/aa9bf2bd97a7297274c53294f09e800c7ee0d88290f959d5d49f9380299b9ff1?s=96&d=mm&r=g","contentUrl":"https:\/\/secure.gravatar.com\/avatar\/aa9bf2bd97a7297274c53294f09e800c7ee0d88290f959d5d49f9380299b9ff1?s=96&d=mm&r=g","caption":"WM81"},"sameAs":["http:\/\/toutesnosenergies.fr"],"url":"https:\/\/toutesnosenergies.fr\/index.php\/author\/wm81\/"}]}},"_links":{"self":[{"href":"https:\/\/toutesnosenergies.fr\/index.php\/wp-json\/wp\/v2\/posts\/12445","targetHints":{"allow":["GET"]}}],"collection":[{"href":"https:\/\/toutesnosenergies.fr\/index.php\/wp-json\/wp\/v2\/posts"}],"about":[{"href":"https:\/\/toutesnosenergies.fr\/index.php\/wp-json\/wp\/v2\/types\/post"}],"author":[{"embeddable":true,"href":"https:\/\/toutesnosenergies.fr\/index.php\/wp-json\/wp\/v2\/users\/3"}],"replies":[{"embeddable":true,"href":"https:\/\/toutesnosenergies.fr\/index.php\/wp-json\/wp\/v2\/comments?post=12445"}],"version-history":[{"count":2,"href":"https:\/\/toutesnosenergies.fr\/index.php\/wp-json\/wp\/v2\/posts\/12445\/revisions"}],"predecessor-version":[{"id":12449,"href":"https:\/\/toutesnosenergies.fr\/index.php\/wp-json\/wp\/v2\/posts\/12445\/revisions\/12449"}],"wp:attachment":[{"href":"https:\/\/toutesnosenergies.fr\/index.php\/wp-json\/wp\/v2\/media?parent=12445"}],"wp:term":[{"taxonomy":"category","embeddable":true,"href":"https:\/\/toutesnosenergies.fr\/index.php\/wp-json\/wp\/v2\/categories?post=12445"},{"taxonomy":"post_tag","embeddable":true,"href":"https:\/\/toutesnosenergies.fr\/index.php\/wp-json\/wp\/v2\/tags?post=12445"}],"curies":[{"name":"wp","href":"https:\/\/api.w.org\/{rel}","templated":true}]}}