{"id":1418,"date":"2018-06-04T18:20:25","date_gmt":"2018-06-04T16:20:25","guid":{"rendered":"http:\/\/toutesnosenergies.fr\/?p=1418"},"modified":"2018-06-17T10:51:55","modified_gmt":"2018-06-17T08:51:55","slug":"mazamet-30-mai-la-parole-des-citoyens-sera-t-elle-entendue","status":"publish","type":"post","link":"https:\/\/toutesnosenergies.fr\/index.php\/2018\/06\/04\/mazamet-30-mai-la-parole-des-citoyens-sera-t-elle-entendue\/","title":{"rendered":"Mazamet 30 mai : la parole citoyenne sera-t-elle entendue ?"},"content":{"rendered":"<p><strong><a href=\"http:\/\/toutesnosenergies.fr\/index.php\/2018\/04\/29\/transition-energetique-sortons-de-limpasse-de-leolien-industriel\/affiche-mazamet-corrcndp-jpg-001\/\" rel=\"attachment wp-att-1400\"><img loading=\"lazy\" decoding=\"async\" class=\"alignleft wp-image-1400\" src=\"http:\/\/toutesnosenergies.fr\/wp-content\/uploads\/2018\/05\/AFFICHE-MAZAMET-corrCNDP.jpg.001-300x225.jpg\" alt=\"\" width=\"309\" height=\"232\" srcset=\"https:\/\/toutesnosenergies.fr\/wp-content\/uploads\/2018\/05\/AFFICHE-MAZAMET-corrCNDP.jpg.001-300x225.jpg 300w, https:\/\/toutesnosenergies.fr\/wp-content\/uploads\/2018\/05\/AFFICHE-MAZAMET-corrCNDP.jpg.001.jpg 720w\" sizes=\"auto, (max-width: 309px) 100vw, 309px\" \/><\/a>TNE Occitanie Environnement a organis\u00e9 et anim\u00e9 \u00e0 Mazamet le 30 mai un d\u00e9bat public sur la transition \u00e9nerg\u00e9tique et environnementale<\/strong>. S\u2019inscrivant dans la discussion en cours sur la programmation pluriannuelle de l\u2019\u00e9nergie (PPE) et labellis\u00e9 par la Commission national du d\u00e9bat public (CNDP), <strong>cette rencontre a r\u00e9uni 400 personnes<\/strong>.<\/p>\n<p>L\u2019objectif de ce d\u00e9bat public \u00e9tait d\u2019abord de r\u00e9pondre au questionnement tr\u00e8s technique pos\u00e9 par le gouvernement, tout en l\u2019\u00e9largissant \u00e0 des dimensions largement absentes \u00a0: l\u2019environnement et la biodiversit\u00e9, l\u2019harmonie sociale, l\u2019attractivit\u00e9 des territoires ruraux, l\u2019impact financier des choix \u00e9nerg\u00e9tiques pour l\u2019ensemble des citoyens. Par les nombreux avis exprim\u00e9s et argument\u00e9s, les citoyens ont confirm\u00e9 que <strong>la PPE ne peut se limiter aux dimensions techniques<\/strong>.<\/p>\n<p>L\u2019autre objectif de TNE Occitanie Environnement \u00e9tait d\u2019ouvrir des pistes afin de <strong>permettre que l<\/strong><strong>a transition \u00e9nerg\u00e9tique et environnementale se r\u00e9alise dans le respect des habitants et des territoires qu\u2019ils habitent et qu\u2019ils font vivre<\/strong>. Un sujet pr\u00e9occupant \u00e0 cet \u00e9gard est l\u2019\u00e9olien industriel, qui au fil des ans s\u2019est av\u00e9r\u00e9 \u00eatre une impasse sociale et d\u00e9mocratique, une injure environnementale majeure, et un gouffre financier qu\u2019il convient de ne pas aggraver.<!--more--><\/p>\n<p><strong>Plusieurs demandes fortes ont \u00e9t\u00e9 formul\u00e9es\u00a0<\/strong>:<\/p>\n<ul>\n<li>N\u00e9cessit\u00e9 d\u2019un moratoire obligeant \u00e0 une \u00e9valuation s\u00e9rieuse (\u00e9conomique, sociale, environnementale) de l\u2019implantation d\u00e9sordonn\u00e9e et sans contr\u00f4le des parcs \u00e9oliens ;<\/li>\n<li>Respect des zones prot\u00e9g\u00e9es par la loi Montagne, par la loi Littoral, dans les PNR etc.<\/li>\n<li>Retrait du projet de d\u00e9cret Lecornu qui all\u00e8ge les contraintes l\u00e9gales et r\u00e9glementaires pour les promoteurs, et r\u00e9duit les possibilit\u00e9s de recours pour les opposants.<\/li>\n<\/ul>\n<p><strong>Nous\u00a0<\/strong><strong>avons r\u00e9affirm\u00e9 la priorit\u00e9 des choix en faveur des mesures d\u2019accompagnement \u00e0 la sobri\u00e9t\u00e9 \u00e9nerg\u00e9tique, qui remettent en cause les mod\u00e8les de d\u00e9veloppement \u00e9conomique<\/strong>. S\u2019il est n\u00e9cessaire, comme l\u2019a demand\u00e9 la Cour des Comptes (rapport du 18 avril 2018) de chiffrer le co\u00fbt complet effectif des programmes, nous avons insist\u00e9 sur l\u2019existence des co\u00fbts indirects environnementaux et sociaux. Les choix \u00e9nerg\u00e9tiques devraient \u00eatre au service de l\u2019int\u00e9r\u00eat public et non pas au profit de grands groupes industriels et financiers.<\/p>\n<p><strong>Beaucoup de participants ont manifest\u00e9 leur col\u00e8re face \u00e0 l\u2019absence g\u00e9n\u00e9rale d\u2019informations, de concertation, de participation aux d\u00e9cisions qui les concernent.<\/strong>Ce d\u00e9bat public n\u2019est qu\u2019un premier pas qui ne permettra pas \u00e0 lui seul de r\u00e9pondre \u00e0 l\u2019ensemble des questions complexes qui se posent (mix \u00e9nerg\u00e9tique et \u00e9lectrique, qualit\u00e9, co\u00fbts). Il s\u2019agira de le prolonger en prenant en compte comme l\u2019a demand\u00e9 avec insistance le public pr\u00e9sent \u00e0 Mazamet l\u2019environnement au sens large, l\u2019humain, le social, l\u2019am\u00e9nagement du territoire.<\/p>\n<p>De m\u00eame, face aux nuisances r\u00e9elles, sur la sant\u00e9, sur la faune, sur l\u2019habitabilit\u00e9 des territoires, il convient de <strong>renforcer la qualit\u00e9 des \u00e9tudes d&rsquo;impact et de les placer sous contr\u00f4le d\u00e9mocratique<\/strong>.<\/p>\n<p>Lors de la s\u00e9ance pl\u00e9ni\u00e8re, <strong>le repr\u00e9sentant de la pr\u00e9sidente de R\u00e9gion a pr\u00e9cis\u00e9 qu\u2019elle acceptait d\u2019ouvrir une discussion avec TNE-OE<\/strong>. Nous la m\u00e8nerons en nous appuyant sur le travail r\u00e9alis\u00e9 par notre collectif, un programme environnemental et \u00e9nerg\u00e9tique complet appel\u00e9 REP\u00d2STA. Nous rendrons publiques toutes ces discussions. Ce dialogue programmatique entre les autorit\u00e9s r\u00e9gionales et la soci\u00e9t\u00e9 civile repr\u00e9sent\u00e9e par TNE-OE pourrait faire l\u2019objet d\u2019une exp\u00e9rimentation men\u00e9e sous le contr\u00f4le de l\u2019\u00c9tat.<\/p>\n<p>Le collectif TNE-OE remercie l\u2019ensemble des participants et des associations pr\u00e9sentes, pour la qualit\u00e9 de leurs propositions, et remercie toutes lespersonnalit\u00e9s qualifi\u00e9es, sp\u00e9cialistes de l\u2019environnement, de l\u2019\u00e9nergie, juristes et sociologues qui ont bien voulu apporter leurs t\u00e9moignages et leurs comp\u00e9tences pour nourrir ce d\u00e9bat.<\/p>\n<p><strong>Contact presse\u00a0: Mich\u00e8le Solans \u2013 O6 46 03 19 15 \u2013 04 67 97 51 27<\/strong>\u2013 <a href=\"mailto:solans.michele@gmail.com\"><strong>solans.michele@gmail.com<\/strong><\/a><\/p>\n<h3>Nous mettrons en ligne l&rsquo;ensemble des documents que nous devons transmettre \u00e0 la CPDP (Commission Particuli\u00e8re du D\u00e9bat Public). N&rsquo;h\u00e9sitez pas \u00e0 faire remonter vos avis et vos questions : tous seront retenus et envoy\u00e9s.\u00a0<a href=\"mailto:contact@toutesnosenergies.fr\"><strong>contact@toutesnosenergies.fr<\/strong><\/a><\/h3>\n<p>&nbsp;<\/p>\n","protected":false},"excerpt":{"rendered":"<p>TNE Occitanie Environnement a organis\u00e9 et anim\u00e9 \u00e0 Mazamet le 30 mai un d\u00e9bat public sur la transition \u00e9nerg\u00e9tique et environnementale. S\u2019inscrivant dans la discussion en cours sur la programmation pluriannuelle de l\u2019\u00e9nergie (PPE) et labellis\u00e9 par la Commission national du d\u00e9bat public (CNDP), cette rencontre a r\u00e9uni 400 personnes. L\u2019objectif de ce d\u00e9bat public &#8230; <a title=\"Mazamet 30 mai : la parole citoyenne sera-t-elle entendue ?\" class=\"read-more\" href=\"https:\/\/toutesnosenergies.fr\/index.php\/2018\/06\/04\/mazamet-30-mai-la-parole-des-citoyens-sera-t-elle-entendue\/\" aria-label=\"Plus sur Mazamet 30 mai : la parole citoyenne sera-t-elle entendue ?\">Lire plus<\/a><\/p>\n","protected":false},"author":3,"featured_media":0,"comment_status":"open","ping_status":"open","sticky":false,"template":"","format":"standard","meta":{"_cbd_carousel_blocks":"[]","sfsi_plus_gutenberg_text_before_share":"","sfsi_plus_gutenberg_show_text_before_share":"","sfsi_plus_gutenberg_icon_type":"","sfsi_plus_gutenberg_icon_alignemt":"","sfsi_plus_gutenburg_max_per_row":"","footnotes":""},"categories":[7],"tags":[],"class_list":["post-1418","post","type-post","status-publish","format-standard","hentry","category-communiques-collectif-tne-oe"],"yoast_head":"<!-- This site is optimized with the Yoast SEO plugin v27.5 - https:\/\/yoast.com\/product\/yoast-seo-wordpress\/ -->\n<title>Mazamet 30 mai : la parole citoyenne sera-t-elle entendue ? - Toutes Nos \u00c9nergies \u2013 Occitanie Environnement<\/title>\n<meta name=\"robots\" content=\"index, follow, max-snippet:-1, max-image-preview:large, max-video-preview:-1\" \/>\n<link rel=\"canonical\" href=\"https:\/\/toutesnosenergies.fr\/index.php\/2018\/06\/04\/mazamet-30-mai-la-parole-des-citoyens-sera-t-elle-entendue\/\" \/>\n<meta property=\"og:locale\" content=\"fr_FR\" \/>\n<meta property=\"og:type\" content=\"article\" \/>\n<meta property=\"og:title\" content=\"Mazamet 30 mai : la parole citoyenne sera-t-elle entendue ? - Toutes Nos \u00c9nergies \u2013 Occitanie Environnement\" \/>\n<meta property=\"og:description\" content=\"TNE Occitanie Environnement a organis\u00e9 et anim\u00e9 \u00e0 Mazamet le 30 mai un d\u00e9bat public sur la transition \u00e9nerg\u00e9tique et environnementale. S\u2019inscrivant dans la discussion en cours sur la programmation pluriannuelle de l\u2019\u00e9nergie (PPE) et labellis\u00e9 par la Commission national du d\u00e9bat public (CNDP), cette rencontre a r\u00e9uni 400 personnes. L\u2019objectif de ce d\u00e9bat public ... Lire plus\" \/>\n<meta property=\"og:url\" content=\"https:\/\/toutesnosenergies.fr\/index.php\/2018\/06\/04\/mazamet-30-mai-la-parole-des-citoyens-sera-t-elle-entendue\/\" \/>\n<meta property=\"og:site_name\" content=\"Toutes Nos \u00c9nergies \u2013 Occitanie Environnement\" \/>\n<meta property=\"article:publisher\" content=\"https:\/\/www.facebook.com\/TNEtoutesnosenergiesOccitanieEnvironnement\" \/>\n<meta property=\"article:published_time\" content=\"2018-06-04T16:20:25+00:00\" \/>\n<meta property=\"article:modified_time\" content=\"2018-06-17T08:51:55+00:00\" \/>\n<meta property=\"og:image\" content=\"http:\/\/toutesnosenergies.fr\/wp-content\/uploads\/2018\/05\/AFFICHE-MAZAMET-corrCNDP.jpg.001-300x225.jpg\" \/>\n<meta name=\"author\" content=\"WM81\" \/>\n<meta name=\"twitter:card\" content=\"summary_large_image\" \/>\n<meta name=\"twitter:label1\" content=\"\u00c9crit par\" \/>\n\t<meta name=\"twitter:data1\" content=\"WM81\" \/>\n\t<meta name=\"twitter:label2\" content=\"Dur\u00e9e de lecture estim\u00e9e\" \/>\n\t<meta name=\"twitter:data2\" content=\"4 minutes\" \/>\n<script type=\"application\/ld+json\" class=\"yoast-schema-graph\">{\"@context\":\"https:\\\/\\\/schema.org\",\"@graph\":[{\"@type\":\"Article\",\"@id\":\"https:\\\/\\\/toutesnosenergies.fr\\\/index.php\\\/2018\\\/06\\\/04\\\/mazamet-30-mai-la-parole-des-citoyens-sera-t-elle-entendue\\\/#article\",\"isPartOf\":{\"@id\":\"https:\\\/\\\/toutesnosenergies.fr\\\/index.php\\\/2018\\\/06\\\/04\\\/mazamet-30-mai-la-parole-des-citoyens-sera-t-elle-entendue\\\/\"},\"author\":{\"name\":\"WM81\",\"@id\":\"https:\\\/\\\/toutesnosenergies.fr\\\/#\\\/schema\\\/person\\\/83b429b7810ce59e0a21afb7e0b3cb1c\"},\"headline\":\"Mazamet 30 mai : la parole citoyenne sera-t-elle entendue ?\",\"datePublished\":\"2018-06-04T16:20:25+00:00\",\"dateModified\":\"2018-06-17T08:51:55+00:00\",\"mainEntityOfPage\":{\"@id\":\"https:\\\/\\\/toutesnosenergies.fr\\\/index.php\\\/2018\\\/06\\\/04\\\/mazamet-30-mai-la-parole-des-citoyens-sera-t-elle-entendue\\\/\"},\"wordCount\":730,\"commentCount\":1,\"publisher\":{\"@id\":\"https:\\\/\\\/toutesnosenergies.fr\\\/#organization\"},\"image\":{\"@id\":\"https:\\\/\\\/toutesnosenergies.fr\\\/index.php\\\/2018\\\/06\\\/04\\\/mazamet-30-mai-la-parole-des-citoyens-sera-t-elle-entendue\\\/#primaryimage\"},\"thumbnailUrl\":\"http:\\\/\\\/toutesnosenergies.fr\\\/wp-content\\\/uploads\\\/2018\\\/05\\\/AFFICHE-MAZAMET-corrCNDP.jpg.001-300x225.jpg\",\"articleSection\":[\"Communiqu\u00e9s de TNE-OE\"],\"inLanguage\":\"fr-FR\",\"potentialAction\":[{\"@type\":\"CommentAction\",\"name\":\"Comment\",\"target\":[\"https:\\\/\\\/toutesnosenergies.fr\\\/index.php\\\/2018\\\/06\\\/04\\\/mazamet-30-mai-la-parole-des-citoyens-sera-t-elle-entendue\\\/#respond\"]}]},{\"@type\":\"WebPage\",\"@id\":\"https:\\\/\\\/toutesnosenergies.fr\\\/index.php\\\/2018\\\/06\\\/04\\\/mazamet-30-mai-la-parole-des-citoyens-sera-t-elle-entendue\\\/\",\"url\":\"https:\\\/\\\/toutesnosenergies.fr\\\/index.php\\\/2018\\\/06\\\/04\\\/mazamet-30-mai-la-parole-des-citoyens-sera-t-elle-entendue\\\/\",\"name\":\"Mazamet 30 mai : la parole citoyenne sera-t-elle entendue ? - Toutes Nos \u00c9nergies \u2013 Occitanie Environnement\",\"isPartOf\":{\"@id\":\"https:\\\/\\\/toutesnosenergies.fr\\\/#website\"},\"primaryImageOfPage\":{\"@id\":\"https:\\\/\\\/toutesnosenergies.fr\\\/index.php\\\/2018\\\/06\\\/04\\\/mazamet-30-mai-la-parole-des-citoyens-sera-t-elle-entendue\\\/#primaryimage\"},\"image\":{\"@id\":\"https:\\\/\\\/toutesnosenergies.fr\\\/index.php\\\/2018\\\/06\\\/04\\\/mazamet-30-mai-la-parole-des-citoyens-sera-t-elle-entendue\\\/#primaryimage\"},\"thumbnailUrl\":\"http:\\\/\\\/toutesnosenergies.fr\\\/wp-content\\\/uploads\\\/2018\\\/05\\\/AFFICHE-MAZAMET-corrCNDP.jpg.001-300x225.jpg\",\"datePublished\":\"2018-06-04T16:20:25+00:00\",\"dateModified\":\"2018-06-17T08:51:55+00:00\",\"breadcrumb\":{\"@id\":\"https:\\\/\\\/toutesnosenergies.fr\\\/index.php\\\/2018\\\/06\\\/04\\\/mazamet-30-mai-la-parole-des-citoyens-sera-t-elle-entendue\\\/#breadcrumb\"},\"inLanguage\":\"fr-FR\",\"potentialAction\":[{\"@type\":\"ReadAction\",\"target\":[\"https:\\\/\\\/toutesnosenergies.fr\\\/index.php\\\/2018\\\/06\\\/04\\\/mazamet-30-mai-la-parole-des-citoyens-sera-t-elle-entendue\\\/\"]}]},{\"@type\":\"ImageObject\",\"inLanguage\":\"fr-FR\",\"@id\":\"https:\\\/\\\/toutesnosenergies.fr\\\/index.php\\\/2018\\\/06\\\/04\\\/mazamet-30-mai-la-parole-des-citoyens-sera-t-elle-entendue\\\/#primaryimage\",\"url\":\"https:\\\/\\\/toutesnosenergies.fr\\\/wp-content\\\/uploads\\\/2018\\\/05\\\/AFFICHE-MAZAMET-corrCNDP.jpg.001.jpg\",\"contentUrl\":\"https:\\\/\\\/toutesnosenergies.fr\\\/wp-content\\\/uploads\\\/2018\\\/05\\\/AFFICHE-MAZAMET-corrCNDP.jpg.001.jpg\",\"width\":720,\"height\":540},{\"@type\":\"BreadcrumbList\",\"@id\":\"https:\\\/\\\/toutesnosenergies.fr\\\/index.php\\\/2018\\\/06\\\/04\\\/mazamet-30-mai-la-parole-des-citoyens-sera-t-elle-entendue\\\/#breadcrumb\",\"itemListElement\":[{\"@type\":\"ListItem\",\"position\":1,\"name\":\"Accueil\",\"item\":\"https:\\\/\\\/toutesnosenergies.fr\\\/\"},{\"@type\":\"ListItem\",\"position\":2,\"name\":\"Mazamet 30 mai : la parole citoyenne sera-t-elle entendue ?\"}]},{\"@type\":\"WebSite\",\"@id\":\"https:\\\/\\\/toutesnosenergies.fr\\\/#website\",\"url\":\"https:\\\/\\\/toutesnosenergies.fr\\\/\",\"name\":\"Toutes Nos \u00c9nergies \u2013 Occitanie Environnement\",\"description\":\"Pour une \u00e9nergie respectueuse du vivant et des territoires ruraux en Occitanie\",\"publisher\":{\"@id\":\"https:\\\/\\\/toutesnosenergies.fr\\\/#organization\"},\"potentialAction\":[{\"@type\":\"SearchAction\",\"target\":{\"@type\":\"EntryPoint\",\"urlTemplate\":\"https:\\\/\\\/toutesnosenergies.fr\\\/?s={search_term_string}\"},\"query-input\":{\"@type\":\"PropertyValueSpecification\",\"valueRequired\":true,\"valueName\":\"search_term_string\"}}],\"inLanguage\":\"fr-FR\"},{\"@type\":\"Organization\",\"@id\":\"https:\\\/\\\/toutesnosenergies.fr\\\/#organization\",\"name\":\"Toutes Nos \u00c9nergies \u2013 Occitanie Environnement\",\"url\":\"https:\\\/\\\/toutesnosenergies.fr\\\/\",\"logo\":{\"@type\":\"ImageObject\",\"inLanguage\":\"fr-FR\",\"@id\":\"https:\\\/\\\/toutesnosenergies.fr\\\/#\\\/schema\\\/logo\\\/image\\\/\",\"url\":\"https:\\\/\\\/toutesnosenergies.fr\\\/wp-content\\\/uploads\\\/2023\\\/01\\\/Petit-logo.png\",\"contentUrl\":\"https:\\\/\\\/toutesnosenergies.fr\\\/wp-content\\\/uploads\\\/2023\\\/01\\\/Petit-logo.png\",\"width\":360,\"height\":102,\"caption\":\"Toutes Nos \u00c9nergies \u2013 Occitanie Environnement\"},\"image\":{\"@id\":\"https:\\\/\\\/toutesnosenergies.fr\\\/#\\\/schema\\\/logo\\\/image\\\/\"},\"sameAs\":[\"https:\\\/\\\/www.facebook.com\\\/TNEtoutesnosenergiesOccitanieEnvironnement\"]},{\"@type\":\"Person\",\"@id\":\"https:\\\/\\\/toutesnosenergies.fr\\\/#\\\/schema\\\/person\\\/83b429b7810ce59e0a21afb7e0b3cb1c\",\"name\":\"WM81\",\"image\":{\"@type\":\"ImageObject\",\"inLanguage\":\"fr-FR\",\"@id\":\"https:\\\/\\\/secure.gravatar.com\\\/avatar\\\/aa9bf2bd97a7297274c53294f09e800c7ee0d88290f959d5d49f9380299b9ff1?s=96&d=mm&r=g\",\"url\":\"https:\\\/\\\/secure.gravatar.com\\\/avatar\\\/aa9bf2bd97a7297274c53294f09e800c7ee0d88290f959d5d49f9380299b9ff1?s=96&d=mm&r=g\",\"contentUrl\":\"https:\\\/\\\/secure.gravatar.com\\\/avatar\\\/aa9bf2bd97a7297274c53294f09e800c7ee0d88290f959d5d49f9380299b9ff1?s=96&d=mm&r=g\",\"caption\":\"WM81\"},\"sameAs\":[\"http:\\\/\\\/toutesnosenergies.fr\"],\"url\":\"https:\\\/\\\/toutesnosenergies.fr\\\/index.php\\\/author\\\/wm81\\\/\"}]}<\/script>\n<!-- \/ Yoast SEO plugin. -->","yoast_head_json":{"title":"Mazamet 30 mai : la parole citoyenne sera-t-elle entendue ? - Toutes Nos \u00c9nergies \u2013 Occitanie Environnement","robots":{"index":"index","follow":"follow","max-snippet":"max-snippet:-1","max-image-preview":"max-image-preview:large","max-video-preview":"max-video-preview:-1"},"canonical":"https:\/\/toutesnosenergies.fr\/index.php\/2018\/06\/04\/mazamet-30-mai-la-parole-des-citoyens-sera-t-elle-entendue\/","og_locale":"fr_FR","og_type":"article","og_title":"Mazamet 30 mai : la parole citoyenne sera-t-elle entendue ? - Toutes Nos \u00c9nergies \u2013 Occitanie Environnement","og_description":"TNE Occitanie Environnement a organis\u00e9 et anim\u00e9 \u00e0 Mazamet le 30 mai un d\u00e9bat public sur la transition \u00e9nerg\u00e9tique et environnementale. S\u2019inscrivant dans la discussion en cours sur la programmation pluriannuelle de l\u2019\u00e9nergie (PPE) et labellis\u00e9 par la Commission national du d\u00e9bat public (CNDP), cette rencontre a r\u00e9uni 400 personnes. L\u2019objectif de ce d\u00e9bat public ... Lire plus","og_url":"https:\/\/toutesnosenergies.fr\/index.php\/2018\/06\/04\/mazamet-30-mai-la-parole-des-citoyens-sera-t-elle-entendue\/","og_site_name":"Toutes Nos \u00c9nergies \u2013 Occitanie Environnement","article_publisher":"https:\/\/www.facebook.com\/TNEtoutesnosenergiesOccitanieEnvironnement","article_published_time":"2018-06-04T16:20:25+00:00","article_modified_time":"2018-06-17T08:51:55+00:00","og_image":[{"url":"http:\/\/toutesnosenergies.fr\/wp-content\/uploads\/2018\/05\/AFFICHE-MAZAMET-corrCNDP.jpg.001-300x225.jpg","type":"","width":"","height":""}],"author":"WM81","twitter_card":"summary_large_image","twitter_misc":{"\u00c9crit par":"WM81","Dur\u00e9e de lecture estim\u00e9e":"4 minutes"},"schema":{"@context":"https:\/\/schema.org","@graph":[{"@type":"Article","@id":"https:\/\/toutesnosenergies.fr\/index.php\/2018\/06\/04\/mazamet-30-mai-la-parole-des-citoyens-sera-t-elle-entendue\/#article","isPartOf":{"@id":"https:\/\/toutesnosenergies.fr\/index.php\/2018\/06\/04\/mazamet-30-mai-la-parole-des-citoyens-sera-t-elle-entendue\/"},"author":{"name":"WM81","@id":"https:\/\/toutesnosenergies.fr\/#\/schema\/person\/83b429b7810ce59e0a21afb7e0b3cb1c"},"headline":"Mazamet 30 mai : la parole citoyenne sera-t-elle entendue ?","datePublished":"2018-06-04T16:20:25+00:00","dateModified":"2018-06-17T08:51:55+00:00","mainEntityOfPage":{"@id":"https:\/\/toutesnosenergies.fr\/index.php\/2018\/06\/04\/mazamet-30-mai-la-parole-des-citoyens-sera-t-elle-entendue\/"},"wordCount":730,"commentCount":1,"publisher":{"@id":"https:\/\/toutesnosenergies.fr\/#organization"},"image":{"@id":"https:\/\/toutesnosenergies.fr\/index.php\/2018\/06\/04\/mazamet-30-mai-la-parole-des-citoyens-sera-t-elle-entendue\/#primaryimage"},"thumbnailUrl":"http:\/\/toutesnosenergies.fr\/wp-content\/uploads\/2018\/05\/AFFICHE-MAZAMET-corrCNDP.jpg.001-300x225.jpg","articleSection":["Communiqu\u00e9s de TNE-OE"],"inLanguage":"fr-FR","potentialAction":[{"@type":"CommentAction","name":"Comment","target":["https:\/\/toutesnosenergies.fr\/index.php\/2018\/06\/04\/mazamet-30-mai-la-parole-des-citoyens-sera-t-elle-entendue\/#respond"]}]},{"@type":"WebPage","@id":"https:\/\/toutesnosenergies.fr\/index.php\/2018\/06\/04\/mazamet-30-mai-la-parole-des-citoyens-sera-t-elle-entendue\/","url":"https:\/\/toutesnosenergies.fr\/index.php\/2018\/06\/04\/mazamet-30-mai-la-parole-des-citoyens-sera-t-elle-entendue\/","name":"Mazamet 30 mai : la parole citoyenne sera-t-elle entendue ? - Toutes Nos \u00c9nergies \u2013 Occitanie Environnement","isPartOf":{"@id":"https:\/\/toutesnosenergies.fr\/#website"},"primaryImageOfPage":{"@id":"https:\/\/toutesnosenergies.fr\/index.php\/2018\/06\/04\/mazamet-30-mai-la-parole-des-citoyens-sera-t-elle-entendue\/#primaryimage"},"image":{"@id":"https:\/\/toutesnosenergies.fr\/index.php\/2018\/06\/04\/mazamet-30-mai-la-parole-des-citoyens-sera-t-elle-entendue\/#primaryimage"},"thumbnailUrl":"http:\/\/toutesnosenergies.fr\/wp-content\/uploads\/2018\/05\/AFFICHE-MAZAMET-corrCNDP.jpg.001-300x225.jpg","datePublished":"2018-06-04T16:20:25+00:00","dateModified":"2018-06-17T08:51:55+00:00","breadcrumb":{"@id":"https:\/\/toutesnosenergies.fr\/index.php\/2018\/06\/04\/mazamet-30-mai-la-parole-des-citoyens-sera-t-elle-entendue\/#breadcrumb"},"inLanguage":"fr-FR","potentialAction":[{"@type":"ReadAction","target":["https:\/\/toutesnosenergies.fr\/index.php\/2018\/06\/04\/mazamet-30-mai-la-parole-des-citoyens-sera-t-elle-entendue\/"]}]},{"@type":"ImageObject","inLanguage":"fr-FR","@id":"https:\/\/toutesnosenergies.fr\/index.php\/2018\/06\/04\/mazamet-30-mai-la-parole-des-citoyens-sera-t-elle-entendue\/#primaryimage","url":"https:\/\/toutesnosenergies.fr\/wp-content\/uploads\/2018\/05\/AFFICHE-MAZAMET-corrCNDP.jpg.001.jpg","contentUrl":"https:\/\/toutesnosenergies.fr\/wp-content\/uploads\/2018\/05\/AFFICHE-MAZAMET-corrCNDP.jpg.001.jpg","width":720,"height":540},{"@type":"BreadcrumbList","@id":"https:\/\/toutesnosenergies.fr\/index.php\/2018\/06\/04\/mazamet-30-mai-la-parole-des-citoyens-sera-t-elle-entendue\/#breadcrumb","itemListElement":[{"@type":"ListItem","position":1,"name":"Accueil","item":"https:\/\/toutesnosenergies.fr\/"},{"@type":"ListItem","position":2,"name":"Mazamet 30 mai : la parole citoyenne sera-t-elle entendue ?"}]},{"@type":"WebSite","@id":"https:\/\/toutesnosenergies.fr\/#website","url":"https:\/\/toutesnosenergies.fr\/","name":"Toutes Nos \u00c9nergies \u2013 Occitanie Environnement","description":"Pour une \u00e9nergie respectueuse du vivant et des territoires ruraux en Occitanie","publisher":{"@id":"https:\/\/toutesnosenergies.fr\/#organization"},"potentialAction":[{"@type":"SearchAction","target":{"@type":"EntryPoint","urlTemplate":"https:\/\/toutesnosenergies.fr\/?s={search_term_string}"},"query-input":{"@type":"PropertyValueSpecification","valueRequired":true,"valueName":"search_term_string"}}],"inLanguage":"fr-FR"},{"@type":"Organization","@id":"https:\/\/toutesnosenergies.fr\/#organization","name":"Toutes Nos \u00c9nergies \u2013 Occitanie Environnement","url":"https:\/\/toutesnosenergies.fr\/","logo":{"@type":"ImageObject","inLanguage":"fr-FR","@id":"https:\/\/toutesnosenergies.fr\/#\/schema\/logo\/image\/","url":"https:\/\/toutesnosenergies.fr\/wp-content\/uploads\/2023\/01\/Petit-logo.png","contentUrl":"https:\/\/toutesnosenergies.fr\/wp-content\/uploads\/2023\/01\/Petit-logo.png","width":360,"height":102,"caption":"Toutes Nos \u00c9nergies \u2013 Occitanie Environnement"},"image":{"@id":"https:\/\/toutesnosenergies.fr\/#\/schema\/logo\/image\/"},"sameAs":["https:\/\/www.facebook.com\/TNEtoutesnosenergiesOccitanieEnvironnement"]},{"@type":"Person","@id":"https:\/\/toutesnosenergies.fr\/#\/schema\/person\/83b429b7810ce59e0a21afb7e0b3cb1c","name":"WM81","image":{"@type":"ImageObject","inLanguage":"fr-FR","@id":"https:\/\/secure.gravatar.com\/avatar\/aa9bf2bd97a7297274c53294f09e800c7ee0d88290f959d5d49f9380299b9ff1?s=96&d=mm&r=g","url":"https:\/\/secure.gravatar.com\/avatar\/aa9bf2bd97a7297274c53294f09e800c7ee0d88290f959d5d49f9380299b9ff1?s=96&d=mm&r=g","contentUrl":"https:\/\/secure.gravatar.com\/avatar\/aa9bf2bd97a7297274c53294f09e800c7ee0d88290f959d5d49f9380299b9ff1?s=96&d=mm&r=g","caption":"WM81"},"sameAs":["http:\/\/toutesnosenergies.fr"],"url":"https:\/\/toutesnosenergies.fr\/index.php\/author\/wm81\/"}]}},"_links":{"self":[{"href":"https:\/\/toutesnosenergies.fr\/index.php\/wp-json\/wp\/v2\/posts\/1418","targetHints":{"allow":["GET"]}}],"collection":[{"href":"https:\/\/toutesnosenergies.fr\/index.php\/wp-json\/wp\/v2\/posts"}],"about":[{"href":"https:\/\/toutesnosenergies.fr\/index.php\/wp-json\/wp\/v2\/types\/post"}],"author":[{"embeddable":true,"href":"https:\/\/toutesnosenergies.fr\/index.php\/wp-json\/wp\/v2\/users\/3"}],"replies":[{"embeddable":true,"href":"https:\/\/toutesnosenergies.fr\/index.php\/wp-json\/wp\/v2\/comments?post=1418"}],"version-history":[{"count":6,"href":"https:\/\/toutesnosenergies.fr\/index.php\/wp-json\/wp\/v2\/posts\/1418\/revisions"}],"predecessor-version":[{"id":1427,"href":"https:\/\/toutesnosenergies.fr\/index.php\/wp-json\/wp\/v2\/posts\/1418\/revisions\/1427"}],"wp:attachment":[{"href":"https:\/\/toutesnosenergies.fr\/index.php\/wp-json\/wp\/v2\/media?parent=1418"}],"wp:term":[{"taxonomy":"category","embeddable":true,"href":"https:\/\/toutesnosenergies.fr\/index.php\/wp-json\/wp\/v2\/categories?post=1418"},{"taxonomy":"post_tag","embeddable":true,"href":"https:\/\/toutesnosenergies.fr\/index.php\/wp-json\/wp\/v2\/tags?post=1418"}],"curies":[{"name":"wp","href":"https:\/\/api.w.org\/{rel}","templated":true}]}}