{"id":1673,"date":"2018-10-09T21:48:24","date_gmt":"2018-10-09T19:48:24","guid":{"rendered":"http:\/\/toutesnosenergies.fr\/?p=1673"},"modified":"2018-10-09T21:49:41","modified_gmt":"2018-10-09T19:49:41","slug":"amassada-vigilance-et-mobilisation-face-aux-menaces-dexpulsion","status":"publish","type":"post","link":"https:\/\/toutesnosenergies.fr\/index.php\/2018\/10\/09\/amassada-vigilance-et-mobilisation-face-aux-menaces-dexpulsion\/","title":{"rendered":"AMASSADA : VIGILANCE ET MOBILISATION FACE AUX MENACES D\u2019EXPULSION"},"content":{"rendered":"<p>Depuis presque un mois, l\u2019Amassada est habit\u00e9e. Des cabanes de guet se\u00a0construisent dans les cimes, des id\u00e9es folles \u00e9mergent, des strat\u00e9gies\u00a0se font plus claires ainsi que des bons repas mijotent dans le four chilien. Face \u00e0 ceux qui veulent d\u00e9truire nos terres, nous prenons\u00a0racines.<\/p>\n<p>Les dates d\u2019expulsion sont, dans la brume du juridique, un peu plus claires. La juge des expropriations, accueillie dans la plus pure\u00a0tradition carnavalesque le 26\u00a0septembre, a mentionn\u00e9 le\u00a0lundi 15 octobre comme date de son rendu. A partir de l\u00e0, si et seulement si ils respectent la loi (d\u00e9lai des recours), l\u2019Amassada pourrait \u00eatre expuls\u00e9e par les Gardes Mobiles le 15 novembre. C\u2019est\u00a0pourquoi NOUS APPELONS UN MAXIMUM DE GENS \u00c0 NOUS REJOINDRE avant cette\u00a0date, que ce soit pour quelques heures, quelques semaines ou bien plus.<\/p>\n<p>Pour freiner les gardes mobiles, diff\u00e9rents chantiers sont en cours.<br \/>\nInstallation d\u2019un troupeau dans un parc cl\u00f4tur\u00e9, multiplication des cabanes et des passerelles.<\/p>\n<p>Pour montrer que le lieu est habit\u00e9 amenez un maximum de boites aux lettres\u2026 Ecrivez \u00e0 l\u2019Amassada, 15900 La Plaine, 12400 Saint-Victor<\/p>\n<p>Mercredi 10 octobre\u00a020h : Lecture collective de la revue Z sur l\u2019extractivisme et le projet de<br \/>\nmontagne d\u2019or en Guyane.<\/p>\n<p>Jeudi 11\u00a0octobre\u00a09h00 : atelier cl\u00f4tures<\/p>\n<p>Vendredi 12\u00a0octobre\u00a018h00 \u00a0: atelier anti-r\u00e9pression.<\/p>\n<p>Lundi 15 octobre\u00a010h : inauguration des bo\u00eetes aux lettres de l\u2019URSA, de L\u2019amassada et de l\u2019Indivision.<br \/>\n12h : repas partag\u00e9 et ensuite on invente une petite action sympa et\u00a0d\u00e9termin\u00e9e&#8230;<\/p>\n<p>Jeudi 18\u00a0octobre\u00a018h00 : des nouvelles des r\u00e9seaux de solidarit\u00e9 contre les fronti\u00e8res dans<br \/>\nla vall\u00e9e de la Roya.<\/p>\n<p>Mercredi 24 octobre 20h00 : Projection du film \u00ab\u00a0Stan et Ulysse\u00a0\u00bb de B. Hennot sur un maquis de r\u00e9sistants belges\u00a0pendant la seconde guerre mondiale. O\u00f9 comment \u00eatre toujours inventif\u00a0face \u00e0 l\u2019ennemi. En pr\u00e9sence du r\u00e9alisateur. Ce film est aussi projet\u00e9<br \/>\nmardi 23 au cin\u00e9ma de Millau \u00e0 20h45.<\/p>\n<p>Samedi 27 octobre \u00a014h30 : Assembl\u00e9e d\u2019occupation, ouverte \u00e0 tous et \u00e0 toutes, car<br \/>\nl\u2019important c\u2019est de coordonner celles et ceux qui habitent l\u00e0 avec\u00a0celles et ceux qui sont \u00e0 l\u2019ext\u00e9rieur.<\/p>\n<p>Le moment est historique, il s\u2019agit de porter le fer au mensonge de la transition \u00e9nerg\u00e9tique sur un de ses principaux n\u0153ud europ\u00e9en.<\/p>\n<p>Venez nombreuses et nombreux<\/p>\n<p>PAS RES NOS ARRESTA<\/p>\n","protected":false},"excerpt":{"rendered":"<p>Depuis presque un mois, l\u2019Amassada est habit\u00e9e. Des cabanes de guet se\u00a0construisent dans les cimes, des id\u00e9es folles \u00e9mergent, des strat\u00e9gies\u00a0se font plus claires ainsi que des bons repas mijotent dans le four chilien. Face \u00e0 ceux qui veulent d\u00e9truire nos terres, nous prenons\u00a0racines. Les dates d\u2019expulsion sont, dans la brume du juridique, un peu &#8230; <a title=\"AMASSADA : VIGILANCE ET MOBILISATION FACE AUX MENACES D\u2019EXPULSION\" class=\"read-more\" href=\"https:\/\/toutesnosenergies.fr\/index.php\/2018\/10\/09\/amassada-vigilance-et-mobilisation-face-aux-menaces-dexpulsion\/\" aria-label=\"Plus sur AMASSADA : VIGILANCE ET MOBILISATION FACE AUX MENACES D\u2019EXPULSION\">Lire plus<\/a><\/p>\n","protected":false},"author":3,"featured_media":0,"comment_status":"open","ping_status":"open","sticky":false,"template":"","format":"standard","meta":{"_cbd_carousel_blocks":"[]","sfsi_plus_gutenberg_text_before_share":"","sfsi_plus_gutenberg_show_text_before_share":"","sfsi_plus_gutenberg_icon_type":"","sfsi_plus_gutenberg_icon_alignemt":"","sfsi_plus_gutenburg_max_per_row":"","footnotes":""},"categories":[8],"tags":[],"class_list":["post-1673","post","type-post","status-publish","format-standard","hentry","category-communiques-associations"],"yoast_head":"<!-- This site is optimized with the Yoast SEO plugin v27.5 - https:\/\/yoast.com\/product\/yoast-seo-wordpress\/ -->\n<title>AMASSADA : VIGILANCE ET MOBILISATION FACE AUX MENACES D\u2019EXPULSION - Toutes Nos \u00c9nergies \u2013 Occitanie Environnement<\/title>\n<meta name=\"robots\" content=\"index, follow, max-snippet:-1, max-image-preview:large, max-video-preview:-1\" \/>\n<link rel=\"canonical\" href=\"https:\/\/toutesnosenergies.fr\/index.php\/2018\/10\/09\/amassada-vigilance-et-mobilisation-face-aux-menaces-dexpulsion\/\" \/>\n<meta property=\"og:locale\" content=\"fr_FR\" \/>\n<meta property=\"og:type\" content=\"article\" \/>\n<meta property=\"og:title\" content=\"AMASSADA : VIGILANCE ET MOBILISATION FACE AUX MENACES D\u2019EXPULSION - Toutes Nos \u00c9nergies \u2013 Occitanie Environnement\" \/>\n<meta property=\"og:description\" content=\"Depuis presque un mois, l\u2019Amassada est habit\u00e9e. Des cabanes de guet se\u00a0construisent dans les cimes, des id\u00e9es folles \u00e9mergent, des strat\u00e9gies\u00a0se font plus claires ainsi que des bons repas mijotent dans le four chilien. Face \u00e0 ceux qui veulent d\u00e9truire nos terres, nous prenons\u00a0racines. Les dates d\u2019expulsion sont, dans la brume du juridique, un peu ... Lire plus\" \/>\n<meta property=\"og:url\" content=\"https:\/\/toutesnosenergies.fr\/index.php\/2018\/10\/09\/amassada-vigilance-et-mobilisation-face-aux-menaces-dexpulsion\/\" \/>\n<meta property=\"og:site_name\" content=\"Toutes Nos \u00c9nergies \u2013 Occitanie Environnement\" \/>\n<meta property=\"article:publisher\" content=\"https:\/\/www.facebook.com\/TNEtoutesnosenergiesOccitanieEnvironnement\" \/>\n<meta property=\"article:published_time\" content=\"2018-10-09T19:48:24+00:00\" \/>\n<meta property=\"article:modified_time\" content=\"2018-10-09T19:49:41+00:00\" \/>\n<meta name=\"author\" content=\"WM81\" \/>\n<meta name=\"twitter:card\" content=\"summary_large_image\" \/>\n<meta name=\"twitter:label1\" content=\"\u00c9crit par\" \/>\n\t<meta name=\"twitter:data1\" content=\"WM81\" \/>\n\t<meta name=\"twitter:label2\" content=\"Dur\u00e9e de lecture estim\u00e9e\" \/>\n\t<meta name=\"twitter:data2\" content=\"2 minutes\" \/>\n<script type=\"application\/ld+json\" class=\"yoast-schema-graph\">{\"@context\":\"https:\\\/\\\/schema.org\",\"@graph\":[{\"@type\":\"Article\",\"@id\":\"https:\\\/\\\/toutesnosenergies.fr\\\/index.php\\\/2018\\\/10\\\/09\\\/amassada-vigilance-et-mobilisation-face-aux-menaces-dexpulsion\\\/#article\",\"isPartOf\":{\"@id\":\"https:\\\/\\\/toutesnosenergies.fr\\\/index.php\\\/2018\\\/10\\\/09\\\/amassada-vigilance-et-mobilisation-face-aux-menaces-dexpulsion\\\/\"},\"author\":{\"name\":\"WM81\",\"@id\":\"https:\\\/\\\/toutesnosenergies.fr\\\/#\\\/schema\\\/person\\\/83b429b7810ce59e0a21afb7e0b3cb1c\"},\"headline\":\"AMASSADA : VIGILANCE ET MOBILISATION FACE AUX MENACES D\u2019EXPULSION\",\"datePublished\":\"2018-10-09T19:48:24+00:00\",\"dateModified\":\"2018-10-09T19:49:41+00:00\",\"mainEntityOfPage\":{\"@id\":\"https:\\\/\\\/toutesnosenergies.fr\\\/index.php\\\/2018\\\/10\\\/09\\\/amassada-vigilance-et-mobilisation-face-aux-menaces-dexpulsion\\\/\"},\"wordCount\":402,\"commentCount\":0,\"publisher\":{\"@id\":\"https:\\\/\\\/toutesnosenergies.fr\\\/#organization\"},\"articleSection\":[\"Communiqu\u00e9s des associations\"],\"inLanguage\":\"fr-FR\",\"potentialAction\":[{\"@type\":\"CommentAction\",\"name\":\"Comment\",\"target\":[\"https:\\\/\\\/toutesnosenergies.fr\\\/index.php\\\/2018\\\/10\\\/09\\\/amassada-vigilance-et-mobilisation-face-aux-menaces-dexpulsion\\\/#respond\"]}]},{\"@type\":\"WebPage\",\"@id\":\"https:\\\/\\\/toutesnosenergies.fr\\\/index.php\\\/2018\\\/10\\\/09\\\/amassada-vigilance-et-mobilisation-face-aux-menaces-dexpulsion\\\/\",\"url\":\"https:\\\/\\\/toutesnosenergies.fr\\\/index.php\\\/2018\\\/10\\\/09\\\/amassada-vigilance-et-mobilisation-face-aux-menaces-dexpulsion\\\/\",\"name\":\"AMASSADA : VIGILANCE ET MOBILISATION FACE AUX MENACES D\u2019EXPULSION - Toutes Nos \u00c9nergies \u2013 Occitanie Environnement\",\"isPartOf\":{\"@id\":\"https:\\\/\\\/toutesnosenergies.fr\\\/#website\"},\"datePublished\":\"2018-10-09T19:48:24+00:00\",\"dateModified\":\"2018-10-09T19:49:41+00:00\",\"breadcrumb\":{\"@id\":\"https:\\\/\\\/toutesnosenergies.fr\\\/index.php\\\/2018\\\/10\\\/09\\\/amassada-vigilance-et-mobilisation-face-aux-menaces-dexpulsion\\\/#breadcrumb\"},\"inLanguage\":\"fr-FR\",\"potentialAction\":[{\"@type\":\"ReadAction\",\"target\":[\"https:\\\/\\\/toutesnosenergies.fr\\\/index.php\\\/2018\\\/10\\\/09\\\/amassada-vigilance-et-mobilisation-face-aux-menaces-dexpulsion\\\/\"]}]},{\"@type\":\"BreadcrumbList\",\"@id\":\"https:\\\/\\\/toutesnosenergies.fr\\\/index.php\\\/2018\\\/10\\\/09\\\/amassada-vigilance-et-mobilisation-face-aux-menaces-dexpulsion\\\/#breadcrumb\",\"itemListElement\":[{\"@type\":\"ListItem\",\"position\":1,\"name\":\"Accueil\",\"item\":\"https:\\\/\\\/toutesnosenergies.fr\\\/\"},{\"@type\":\"ListItem\",\"position\":2,\"name\":\"AMASSADA : VIGILANCE ET MOBILISATION FACE AUX MENACES D\u2019EXPULSION\"}]},{\"@type\":\"WebSite\",\"@id\":\"https:\\\/\\\/toutesnosenergies.fr\\\/#website\",\"url\":\"https:\\\/\\\/toutesnosenergies.fr\\\/\",\"name\":\"Toutes Nos \u00c9nergies \u2013 Occitanie Environnement\",\"description\":\"Pour une \u00e9nergie respectueuse du vivant et des territoires ruraux en Occitanie\",\"publisher\":{\"@id\":\"https:\\\/\\\/toutesnosenergies.fr\\\/#organization\"},\"potentialAction\":[{\"@type\":\"SearchAction\",\"target\":{\"@type\":\"EntryPoint\",\"urlTemplate\":\"https:\\\/\\\/toutesnosenergies.fr\\\/?s={search_term_string}\"},\"query-input\":{\"@type\":\"PropertyValueSpecification\",\"valueRequired\":true,\"valueName\":\"search_term_string\"}}],\"inLanguage\":\"fr-FR\"},{\"@type\":\"Organization\",\"@id\":\"https:\\\/\\\/toutesnosenergies.fr\\\/#organization\",\"name\":\"Toutes Nos \u00c9nergies \u2013 Occitanie Environnement\",\"url\":\"https:\\\/\\\/toutesnosenergies.fr\\\/\",\"logo\":{\"@type\":\"ImageObject\",\"inLanguage\":\"fr-FR\",\"@id\":\"https:\\\/\\\/toutesnosenergies.fr\\\/#\\\/schema\\\/logo\\\/image\\\/\",\"url\":\"https:\\\/\\\/toutesnosenergies.fr\\\/wp-content\\\/uploads\\\/2023\\\/01\\\/Petit-logo.png\",\"contentUrl\":\"https:\\\/\\\/toutesnosenergies.fr\\\/wp-content\\\/uploads\\\/2023\\\/01\\\/Petit-logo.png\",\"width\":360,\"height\":102,\"caption\":\"Toutes Nos \u00c9nergies \u2013 Occitanie Environnement\"},\"image\":{\"@id\":\"https:\\\/\\\/toutesnosenergies.fr\\\/#\\\/schema\\\/logo\\\/image\\\/\"},\"sameAs\":[\"https:\\\/\\\/www.facebook.com\\\/TNEtoutesnosenergiesOccitanieEnvironnement\"]},{\"@type\":\"Person\",\"@id\":\"https:\\\/\\\/toutesnosenergies.fr\\\/#\\\/schema\\\/person\\\/83b429b7810ce59e0a21afb7e0b3cb1c\",\"name\":\"WM81\",\"image\":{\"@type\":\"ImageObject\",\"inLanguage\":\"fr-FR\",\"@id\":\"https:\\\/\\\/secure.gravatar.com\\\/avatar\\\/aa9bf2bd97a7297274c53294f09e800c7ee0d88290f959d5d49f9380299b9ff1?s=96&d=mm&r=g\",\"url\":\"https:\\\/\\\/secure.gravatar.com\\\/avatar\\\/aa9bf2bd97a7297274c53294f09e800c7ee0d88290f959d5d49f9380299b9ff1?s=96&d=mm&r=g\",\"contentUrl\":\"https:\\\/\\\/secure.gravatar.com\\\/avatar\\\/aa9bf2bd97a7297274c53294f09e800c7ee0d88290f959d5d49f9380299b9ff1?s=96&d=mm&r=g\",\"caption\":\"WM81\"},\"sameAs\":[\"http:\\\/\\\/toutesnosenergies.fr\"],\"url\":\"https:\\\/\\\/toutesnosenergies.fr\\\/index.php\\\/author\\\/wm81\\\/\"}]}<\/script>\n<!-- \/ Yoast SEO plugin. -->","yoast_head_json":{"title":"AMASSADA : VIGILANCE ET MOBILISATION FACE AUX MENACES D\u2019EXPULSION - Toutes Nos \u00c9nergies \u2013 Occitanie Environnement","robots":{"index":"index","follow":"follow","max-snippet":"max-snippet:-1","max-image-preview":"max-image-preview:large","max-video-preview":"max-video-preview:-1"},"canonical":"https:\/\/toutesnosenergies.fr\/index.php\/2018\/10\/09\/amassada-vigilance-et-mobilisation-face-aux-menaces-dexpulsion\/","og_locale":"fr_FR","og_type":"article","og_title":"AMASSADA : VIGILANCE ET MOBILISATION FACE AUX MENACES D\u2019EXPULSION - Toutes Nos \u00c9nergies \u2013 Occitanie Environnement","og_description":"Depuis presque un mois, l\u2019Amassada est habit\u00e9e. Des cabanes de guet se\u00a0construisent dans les cimes, des id\u00e9es folles \u00e9mergent, des strat\u00e9gies\u00a0se font plus claires ainsi que des bons repas mijotent dans le four chilien. Face \u00e0 ceux qui veulent d\u00e9truire nos terres, nous prenons\u00a0racines. Les dates d\u2019expulsion sont, dans la brume du juridique, un peu ... Lire plus","og_url":"https:\/\/toutesnosenergies.fr\/index.php\/2018\/10\/09\/amassada-vigilance-et-mobilisation-face-aux-menaces-dexpulsion\/","og_site_name":"Toutes Nos \u00c9nergies \u2013 Occitanie Environnement","article_publisher":"https:\/\/www.facebook.com\/TNEtoutesnosenergiesOccitanieEnvironnement","article_published_time":"2018-10-09T19:48:24+00:00","article_modified_time":"2018-10-09T19:49:41+00:00","author":"WM81","twitter_card":"summary_large_image","twitter_misc":{"\u00c9crit par":"WM81","Dur\u00e9e de lecture estim\u00e9e":"2 minutes"},"schema":{"@context":"https:\/\/schema.org","@graph":[{"@type":"Article","@id":"https:\/\/toutesnosenergies.fr\/index.php\/2018\/10\/09\/amassada-vigilance-et-mobilisation-face-aux-menaces-dexpulsion\/#article","isPartOf":{"@id":"https:\/\/toutesnosenergies.fr\/index.php\/2018\/10\/09\/amassada-vigilance-et-mobilisation-face-aux-menaces-dexpulsion\/"},"author":{"name":"WM81","@id":"https:\/\/toutesnosenergies.fr\/#\/schema\/person\/83b429b7810ce59e0a21afb7e0b3cb1c"},"headline":"AMASSADA : VIGILANCE ET MOBILISATION FACE AUX MENACES D\u2019EXPULSION","datePublished":"2018-10-09T19:48:24+00:00","dateModified":"2018-10-09T19:49:41+00:00","mainEntityOfPage":{"@id":"https:\/\/toutesnosenergies.fr\/index.php\/2018\/10\/09\/amassada-vigilance-et-mobilisation-face-aux-menaces-dexpulsion\/"},"wordCount":402,"commentCount":0,"publisher":{"@id":"https:\/\/toutesnosenergies.fr\/#organization"},"articleSection":["Communiqu\u00e9s des associations"],"inLanguage":"fr-FR","potentialAction":[{"@type":"CommentAction","name":"Comment","target":["https:\/\/toutesnosenergies.fr\/index.php\/2018\/10\/09\/amassada-vigilance-et-mobilisation-face-aux-menaces-dexpulsion\/#respond"]}]},{"@type":"WebPage","@id":"https:\/\/toutesnosenergies.fr\/index.php\/2018\/10\/09\/amassada-vigilance-et-mobilisation-face-aux-menaces-dexpulsion\/","url":"https:\/\/toutesnosenergies.fr\/index.php\/2018\/10\/09\/amassada-vigilance-et-mobilisation-face-aux-menaces-dexpulsion\/","name":"AMASSADA : VIGILANCE ET MOBILISATION FACE AUX MENACES D\u2019EXPULSION - Toutes Nos \u00c9nergies \u2013 Occitanie Environnement","isPartOf":{"@id":"https:\/\/toutesnosenergies.fr\/#website"},"datePublished":"2018-10-09T19:48:24+00:00","dateModified":"2018-10-09T19:49:41+00:00","breadcrumb":{"@id":"https:\/\/toutesnosenergies.fr\/index.php\/2018\/10\/09\/amassada-vigilance-et-mobilisation-face-aux-menaces-dexpulsion\/#breadcrumb"},"inLanguage":"fr-FR","potentialAction":[{"@type":"ReadAction","target":["https:\/\/toutesnosenergies.fr\/index.php\/2018\/10\/09\/amassada-vigilance-et-mobilisation-face-aux-menaces-dexpulsion\/"]}]},{"@type":"BreadcrumbList","@id":"https:\/\/toutesnosenergies.fr\/index.php\/2018\/10\/09\/amassada-vigilance-et-mobilisation-face-aux-menaces-dexpulsion\/#breadcrumb","itemListElement":[{"@type":"ListItem","position":1,"name":"Accueil","item":"https:\/\/toutesnosenergies.fr\/"},{"@type":"ListItem","position":2,"name":"AMASSADA : VIGILANCE ET MOBILISATION FACE AUX MENACES D\u2019EXPULSION"}]},{"@type":"WebSite","@id":"https:\/\/toutesnosenergies.fr\/#website","url":"https:\/\/toutesnosenergies.fr\/","name":"Toutes Nos \u00c9nergies \u2013 Occitanie Environnement","description":"Pour une \u00e9nergie respectueuse du vivant et des territoires ruraux en Occitanie","publisher":{"@id":"https:\/\/toutesnosenergies.fr\/#organization"},"potentialAction":[{"@type":"SearchAction","target":{"@type":"EntryPoint","urlTemplate":"https:\/\/toutesnosenergies.fr\/?s={search_term_string}"},"query-input":{"@type":"PropertyValueSpecification","valueRequired":true,"valueName":"search_term_string"}}],"inLanguage":"fr-FR"},{"@type":"Organization","@id":"https:\/\/toutesnosenergies.fr\/#organization","name":"Toutes Nos \u00c9nergies \u2013 Occitanie Environnement","url":"https:\/\/toutesnosenergies.fr\/","logo":{"@type":"ImageObject","inLanguage":"fr-FR","@id":"https:\/\/toutesnosenergies.fr\/#\/schema\/logo\/image\/","url":"https:\/\/toutesnosenergies.fr\/wp-content\/uploads\/2023\/01\/Petit-logo.png","contentUrl":"https:\/\/toutesnosenergies.fr\/wp-content\/uploads\/2023\/01\/Petit-logo.png","width":360,"height":102,"caption":"Toutes Nos \u00c9nergies \u2013 Occitanie Environnement"},"image":{"@id":"https:\/\/toutesnosenergies.fr\/#\/schema\/logo\/image\/"},"sameAs":["https:\/\/www.facebook.com\/TNEtoutesnosenergiesOccitanieEnvironnement"]},{"@type":"Person","@id":"https:\/\/toutesnosenergies.fr\/#\/schema\/person\/83b429b7810ce59e0a21afb7e0b3cb1c","name":"WM81","image":{"@type":"ImageObject","inLanguage":"fr-FR","@id":"https:\/\/secure.gravatar.com\/avatar\/aa9bf2bd97a7297274c53294f09e800c7ee0d88290f959d5d49f9380299b9ff1?s=96&d=mm&r=g","url":"https:\/\/secure.gravatar.com\/avatar\/aa9bf2bd97a7297274c53294f09e800c7ee0d88290f959d5d49f9380299b9ff1?s=96&d=mm&r=g","contentUrl":"https:\/\/secure.gravatar.com\/avatar\/aa9bf2bd97a7297274c53294f09e800c7ee0d88290f959d5d49f9380299b9ff1?s=96&d=mm&r=g","caption":"WM81"},"sameAs":["http:\/\/toutesnosenergies.fr"],"url":"https:\/\/toutesnosenergies.fr\/index.php\/author\/wm81\/"}]}},"_links":{"self":[{"href":"https:\/\/toutesnosenergies.fr\/index.php\/wp-json\/wp\/v2\/posts\/1673","targetHints":{"allow":["GET"]}}],"collection":[{"href":"https:\/\/toutesnosenergies.fr\/index.php\/wp-json\/wp\/v2\/posts"}],"about":[{"href":"https:\/\/toutesnosenergies.fr\/index.php\/wp-json\/wp\/v2\/types\/post"}],"author":[{"embeddable":true,"href":"https:\/\/toutesnosenergies.fr\/index.php\/wp-json\/wp\/v2\/users\/3"}],"replies":[{"embeddable":true,"href":"https:\/\/toutesnosenergies.fr\/index.php\/wp-json\/wp\/v2\/comments?post=1673"}],"version-history":[{"count":3,"href":"https:\/\/toutesnosenergies.fr\/index.php\/wp-json\/wp\/v2\/posts\/1673\/revisions"}],"predecessor-version":[{"id":1676,"href":"https:\/\/toutesnosenergies.fr\/index.php\/wp-json\/wp\/v2\/posts\/1673\/revisions\/1676"}],"wp:attachment":[{"href":"https:\/\/toutesnosenergies.fr\/index.php\/wp-json\/wp\/v2\/media?parent=1673"}],"wp:term":[{"taxonomy":"category","embeddable":true,"href":"https:\/\/toutesnosenergies.fr\/index.php\/wp-json\/wp\/v2\/categories?post=1673"},{"taxonomy":"post_tag","embeddable":true,"href":"https:\/\/toutesnosenergies.fr\/index.php\/wp-json\/wp\/v2\/tags?post=1673"}],"curies":[{"name":"wp","href":"https:\/\/api.w.org\/{rel}","templated":true}]}}