{"id":1722,"date":"2018-11-07T17:41:49","date_gmt":"2018-11-07T16:41:49","guid":{"rendered":"http:\/\/toutesnosenergies.fr\/?p=1722"},"modified":"2018-11-07T17:41:49","modified_gmt":"2018-11-07T16:41:49","slug":"un-appel-urgent-de-lamassada","status":"publish","type":"post","link":"https:\/\/toutesnosenergies.fr\/index.php\/2018\/11\/07\/un-appel-urgent-de-lamassada\/","title":{"rendered":"UN APPEL URGENT DE L&rsquo;AMASSADA !"},"content":{"rendered":"<h2 style=\"text-align: center;\"><strong>PIQUE-NIQUE DES MALFAITEURS<br \/>\n<\/strong><strong>SAMEDI 10 NOVEMBRE \u00c0 12H<br \/>\n<\/strong><strong>SUR LE CHANTIER \u00c9OLIEN DE CRASSOUS (12)<\/strong><\/h2>\n<p>Le 14 novembre prochain se tiendra \u00e0 Nant (12) une \u00e9ni\u00e8me r\u00e9union servant de propagande sur les \u00e9nergies renouvelables et leur \u00ab\u00a0capacit\u00e9\u00a0\u00bb \u00e0 dynamiser les territoires.<\/p>\n<p>Mr Fauconnier, Maire de Saint-Affrique, Pr\u00e9sident du Parc Naturel R\u00e9gional des Grands Causses , ardent d\u00e9fenseur du projet de transformateur \u00e0 St Victor et du parc \u00e9olien de Crassous y sera pr\u00e9sent. Ce sera pour lui l\u2019occasion de s\u2019exprimer sur \u00ab\u00a0l\u2019acceptabilit\u00e9\u00a0\u00bb de l\u2019\u00e9olien industriel dans la r\u00e9gion. Ce personnage continue de fabriquer son image de Mr Propre en affirmant haut et fort, sans honte, que la population\u00a0accepte tr\u00e8s bien la soi-disant \u00ab\u00a0transition \u00e9nerg\u00e9tique\u00a0\u00bb. A en croire ses propos il n\u2019y aurai pas d\u2019opposition au fait que la r\u00e9gion soit vendu aux promoteurs. Comme si la quasi totalit\u00e9 des projets \u00e9oliens n\u2019\u00e9tait pas contest\u00e9e. Comme si un collectif (TNE Occitanie) regroupant plus de 150 associations n\u2019existait pas. Comme si des terres au dessus de Saint-Affrique n\u2019\u00e9taient pas occup\u00e9es. Mais comment accorder du cr\u00e9dit \u00e0 quelqu\u2019un qui d\u2019un cot\u00e9 parle d\u2019\u00e9cologie et d\u2019un autre accueille \u00e0 bras ouvert un Mac Donald dans sa ville. Peu importe d\u2019o\u00f9 vient l\u2019argent. Toujours l\u2019argent.<\/p>\n<p>Quant \u00e0 nous, nous faisons parti de cette multitude de gens qui voyons la vie et les espaces o\u00f9 nous vivons depuis d\u2019autres points de vue que celui de l\u2019\u00e9conomie, qui plus est quand elle se pr\u00e9tend \u00ab\u00a0verte\u00a0\u00bb.<\/p>\n<p style=\"text-align: center;\"><strong>Non, nous n\u2019acceptons pas. <\/strong><\/p>\n<p style=\"text-align: center;\"><strong>Non, nous ne cautionnons pas. <\/strong><\/p>\n<p style=\"text-align: center;\"><strong>Non, nous ne nous taisons pas. <\/strong><\/p>\n<p style=\"text-align: center;\"><strong>Nous vous invitons \u00e0 venir le faire entendre le 10 novembre \u00e0 Crassous.<\/strong><\/p>\n<p><strong>\u00a0<\/strong>Le 10 novembre est aussi une date importante en ce qui concerne nos luttes. Depuis Bure et la r\u00e9sistance contre l\u2019enfouissement des d\u00e9chets radioactifs, un appel est lanc\u00e9 pour d\u00e9noncer la criminalisation de celles et ceux qui n\u2019acceptent pas. Celles et ceux qualifi\u00e9s d\u2019 \u00ab\u00a0association de malfaiteurs\u00a0\u00bb.<\/p>\n<p>Un appel \u00e0 organiser partout en France des \u00ab\u00a0bals de malfaiteurs\u00a0\u00bb.<\/p>\n<p>Ce pique-nique se veut solidaire. Il nous para\u00eet plus qu\u2019important de mettre au grand jour cet outils de r\u00e9pression que l\u2019\u00c9tat appliquera partout ou une r\u00e9sistance lui sera oppos\u00e9.<\/p>\n<p>Lors de la derni\u00e8re F\u00eate du Vent \u00e0 l\u2019Amassada, une camarade Mexicaine de l\u2019isthme de Tehuantepec est venue nous parler du projet d\u2019EDF (et oui!) de dresser des \u00e9oliennes sur 4000 hectares. Nous vous laissons imaginer ce que cela signifie pour les communaut\u00e9s qui habitent et travaillent sur ces terres.\u00a0 A l\u2019issue de la discussion il a\u00a0 \u00e9t\u00e9 convenu de mener de part et d\u2019autre de l\u2019atlantique des actions de solidarit\u00e9. Nous vous invitons \u00e0 venir pique-niquer muni d\u2019un bandana rouge (symbole de communaut\u00e9s en lutte au Mexique) afin d\u2019exprimer l\u00e0 aussi notre solidarit\u00e9 totale.<\/p>\n<p style=\"text-align: center;\"><strong>NOUS SOMMES TOUTES ET TOUS DES MALFAITEURS<\/strong><\/p>\n<p style=\"text-align: center;\"><strong>SOYONS NOMBREUSES ET NOMBREUX \u00c0 LE MONTRER<\/strong><\/p>\n<p style=\"text-align: center;\"><strong>RDV AU VILLAGE DE CRASSOUS \u00c0 MIDI<\/strong><\/p>\n<p style=\"text-align: center;\"><strong>ET ALLONS PIQUE-NIQUER ENSEMBLE SUR LE CHANTIER<\/strong><\/p>\n","protected":false},"excerpt":{"rendered":"<p>PIQUE-NIQUE DES MALFAITEURS SAMEDI 10 NOVEMBRE \u00c0 12H SUR LE CHANTIER \u00c9OLIEN DE CRASSOUS (12) Le 14 novembre prochain se tiendra \u00e0 Nant (12) une \u00e9ni\u00e8me r\u00e9union servant de propagande sur les \u00e9nergies renouvelables et leur \u00ab\u00a0capacit\u00e9\u00a0\u00bb \u00e0 dynamiser les territoires. Mr Fauconnier, Maire de Saint-Affrique, Pr\u00e9sident du Parc Naturel R\u00e9gional des Grands Causses , &#8230; <a title=\"UN APPEL URGENT DE L&rsquo;AMASSADA !\" class=\"read-more\" href=\"https:\/\/toutesnosenergies.fr\/index.php\/2018\/11\/07\/un-appel-urgent-de-lamassada\/\" aria-label=\"Plus sur UN APPEL URGENT DE L&rsquo;AMASSADA !\">Lire plus<\/a><\/p>\n","protected":false},"author":3,"featured_media":0,"comment_status":"open","ping_status":"open","sticky":false,"template":"","format":"standard","meta":{"_cbd_carousel_blocks":"[]","sfsi_plus_gutenberg_text_before_share":"","sfsi_plus_gutenberg_show_text_before_share":"","sfsi_plus_gutenberg_icon_type":"","sfsi_plus_gutenberg_icon_alignemt":"","sfsi_plus_gutenburg_max_per_row":"","footnotes":""},"categories":[8],"tags":[],"class_list":["post-1722","post","type-post","status-publish","format-standard","hentry","category-communiques-associations"],"yoast_head":"<!-- This site is optimized with the Yoast SEO plugin v27.5 - https:\/\/yoast.com\/product\/yoast-seo-wordpress\/ -->\n<title>UN APPEL URGENT DE L&#039;AMASSADA ! - Toutes Nos \u00c9nergies \u2013 Occitanie Environnement<\/title>\n<meta name=\"robots\" content=\"index, follow, max-snippet:-1, max-image-preview:large, max-video-preview:-1\" \/>\n<link rel=\"canonical\" href=\"https:\/\/toutesnosenergies.fr\/index.php\/2018\/11\/07\/un-appel-urgent-de-lamassada\/\" \/>\n<meta property=\"og:locale\" content=\"fr_FR\" \/>\n<meta property=\"og:type\" content=\"article\" \/>\n<meta property=\"og:title\" content=\"UN APPEL URGENT DE L&#039;AMASSADA ! - Toutes Nos \u00c9nergies \u2013 Occitanie Environnement\" \/>\n<meta property=\"og:description\" content=\"PIQUE-NIQUE DES MALFAITEURS SAMEDI 10 NOVEMBRE \u00c0 12H SUR LE CHANTIER \u00c9OLIEN DE CRASSOUS (12) Le 14 novembre prochain se tiendra \u00e0 Nant (12) une \u00e9ni\u00e8me r\u00e9union servant de propagande sur les \u00e9nergies renouvelables et leur \u00ab\u00a0capacit\u00e9\u00a0\u00bb \u00e0 dynamiser les territoires. Mr Fauconnier, Maire de Saint-Affrique, Pr\u00e9sident du Parc Naturel R\u00e9gional des Grands Causses , ... Lire plus\" \/>\n<meta property=\"og:url\" content=\"https:\/\/toutesnosenergies.fr\/index.php\/2018\/11\/07\/un-appel-urgent-de-lamassada\/\" \/>\n<meta property=\"og:site_name\" content=\"Toutes Nos \u00c9nergies \u2013 Occitanie Environnement\" \/>\n<meta property=\"article:publisher\" content=\"https:\/\/www.facebook.com\/TNEtoutesnosenergiesOccitanieEnvironnement\" \/>\n<meta property=\"article:published_time\" content=\"2018-11-07T16:41:49+00:00\" \/>\n<meta name=\"author\" content=\"WM81\" \/>\n<meta name=\"twitter:card\" content=\"summary_large_image\" \/>\n<meta name=\"twitter:label1\" content=\"\u00c9crit par\" \/>\n\t<meta name=\"twitter:data1\" content=\"WM81\" \/>\n\t<meta name=\"twitter:label2\" content=\"Dur\u00e9e de lecture estim\u00e9e\" \/>\n\t<meta name=\"twitter:data2\" content=\"3 minutes\" \/>\n<script type=\"application\/ld+json\" class=\"yoast-schema-graph\">{\"@context\":\"https:\\\/\\\/schema.org\",\"@graph\":[{\"@type\":\"Article\",\"@id\":\"https:\\\/\\\/toutesnosenergies.fr\\\/index.php\\\/2018\\\/11\\\/07\\\/un-appel-urgent-de-lamassada\\\/#article\",\"isPartOf\":{\"@id\":\"https:\\\/\\\/toutesnosenergies.fr\\\/index.php\\\/2018\\\/11\\\/07\\\/un-appel-urgent-de-lamassada\\\/\"},\"author\":{\"name\":\"WM81\",\"@id\":\"https:\\\/\\\/toutesnosenergies.fr\\\/#\\\/schema\\\/person\\\/83b429b7810ce59e0a21afb7e0b3cb1c\"},\"headline\":\"UN APPEL URGENT DE L&rsquo;AMASSADA !\",\"datePublished\":\"2018-11-07T16:41:49+00:00\",\"mainEntityOfPage\":{\"@id\":\"https:\\\/\\\/toutesnosenergies.fr\\\/index.php\\\/2018\\\/11\\\/07\\\/un-appel-urgent-de-lamassada\\\/\"},\"wordCount\":515,\"commentCount\":0,\"publisher\":{\"@id\":\"https:\\\/\\\/toutesnosenergies.fr\\\/#organization\"},\"articleSection\":[\"Communiqu\u00e9s des associations\"],\"inLanguage\":\"fr-FR\",\"potentialAction\":[{\"@type\":\"CommentAction\",\"name\":\"Comment\",\"target\":[\"https:\\\/\\\/toutesnosenergies.fr\\\/index.php\\\/2018\\\/11\\\/07\\\/un-appel-urgent-de-lamassada\\\/#respond\"]}]},{\"@type\":\"WebPage\",\"@id\":\"https:\\\/\\\/toutesnosenergies.fr\\\/index.php\\\/2018\\\/11\\\/07\\\/un-appel-urgent-de-lamassada\\\/\",\"url\":\"https:\\\/\\\/toutesnosenergies.fr\\\/index.php\\\/2018\\\/11\\\/07\\\/un-appel-urgent-de-lamassada\\\/\",\"name\":\"UN APPEL URGENT DE L'AMASSADA ! - Toutes Nos \u00c9nergies \u2013 Occitanie Environnement\",\"isPartOf\":{\"@id\":\"https:\\\/\\\/toutesnosenergies.fr\\\/#website\"},\"datePublished\":\"2018-11-07T16:41:49+00:00\",\"breadcrumb\":{\"@id\":\"https:\\\/\\\/toutesnosenergies.fr\\\/index.php\\\/2018\\\/11\\\/07\\\/un-appel-urgent-de-lamassada\\\/#breadcrumb\"},\"inLanguage\":\"fr-FR\",\"potentialAction\":[{\"@type\":\"ReadAction\",\"target\":[\"https:\\\/\\\/toutesnosenergies.fr\\\/index.php\\\/2018\\\/11\\\/07\\\/un-appel-urgent-de-lamassada\\\/\"]}]},{\"@type\":\"BreadcrumbList\",\"@id\":\"https:\\\/\\\/toutesnosenergies.fr\\\/index.php\\\/2018\\\/11\\\/07\\\/un-appel-urgent-de-lamassada\\\/#breadcrumb\",\"itemListElement\":[{\"@type\":\"ListItem\",\"position\":1,\"name\":\"Accueil\",\"item\":\"https:\\\/\\\/toutesnosenergies.fr\\\/\"},{\"@type\":\"ListItem\",\"position\":2,\"name\":\"UN APPEL URGENT DE L&#8217;AMASSADA !\"}]},{\"@type\":\"WebSite\",\"@id\":\"https:\\\/\\\/toutesnosenergies.fr\\\/#website\",\"url\":\"https:\\\/\\\/toutesnosenergies.fr\\\/\",\"name\":\"Toutes Nos \u00c9nergies \u2013 Occitanie Environnement\",\"description\":\"Pour une \u00e9nergie respectueuse du vivant et des territoires ruraux en Occitanie\",\"publisher\":{\"@id\":\"https:\\\/\\\/toutesnosenergies.fr\\\/#organization\"},\"potentialAction\":[{\"@type\":\"SearchAction\",\"target\":{\"@type\":\"EntryPoint\",\"urlTemplate\":\"https:\\\/\\\/toutesnosenergies.fr\\\/?s={search_term_string}\"},\"query-input\":{\"@type\":\"PropertyValueSpecification\",\"valueRequired\":true,\"valueName\":\"search_term_string\"}}],\"inLanguage\":\"fr-FR\"},{\"@type\":\"Organization\",\"@id\":\"https:\\\/\\\/toutesnosenergies.fr\\\/#organization\",\"name\":\"Toutes Nos \u00c9nergies \u2013 Occitanie Environnement\",\"url\":\"https:\\\/\\\/toutesnosenergies.fr\\\/\",\"logo\":{\"@type\":\"ImageObject\",\"inLanguage\":\"fr-FR\",\"@id\":\"https:\\\/\\\/toutesnosenergies.fr\\\/#\\\/schema\\\/logo\\\/image\\\/\",\"url\":\"https:\\\/\\\/toutesnosenergies.fr\\\/wp-content\\\/uploads\\\/2023\\\/01\\\/Petit-logo.png\",\"contentUrl\":\"https:\\\/\\\/toutesnosenergies.fr\\\/wp-content\\\/uploads\\\/2023\\\/01\\\/Petit-logo.png\",\"width\":360,\"height\":102,\"caption\":\"Toutes Nos \u00c9nergies \u2013 Occitanie Environnement\"},\"image\":{\"@id\":\"https:\\\/\\\/toutesnosenergies.fr\\\/#\\\/schema\\\/logo\\\/image\\\/\"},\"sameAs\":[\"https:\\\/\\\/www.facebook.com\\\/TNEtoutesnosenergiesOccitanieEnvironnement\"]},{\"@type\":\"Person\",\"@id\":\"https:\\\/\\\/toutesnosenergies.fr\\\/#\\\/schema\\\/person\\\/83b429b7810ce59e0a21afb7e0b3cb1c\",\"name\":\"WM81\",\"image\":{\"@type\":\"ImageObject\",\"inLanguage\":\"fr-FR\",\"@id\":\"https:\\\/\\\/secure.gravatar.com\\\/avatar\\\/aa9bf2bd97a7297274c53294f09e800c7ee0d88290f959d5d49f9380299b9ff1?s=96&d=mm&r=g\",\"url\":\"https:\\\/\\\/secure.gravatar.com\\\/avatar\\\/aa9bf2bd97a7297274c53294f09e800c7ee0d88290f959d5d49f9380299b9ff1?s=96&d=mm&r=g\",\"contentUrl\":\"https:\\\/\\\/secure.gravatar.com\\\/avatar\\\/aa9bf2bd97a7297274c53294f09e800c7ee0d88290f959d5d49f9380299b9ff1?s=96&d=mm&r=g\",\"caption\":\"WM81\"},\"sameAs\":[\"http:\\\/\\\/toutesnosenergies.fr\"],\"url\":\"https:\\\/\\\/toutesnosenergies.fr\\\/index.php\\\/author\\\/wm81\\\/\"}]}<\/script>\n<!-- \/ Yoast SEO plugin. -->","yoast_head_json":{"title":"UN APPEL URGENT DE L'AMASSADA ! - Toutes Nos \u00c9nergies \u2013 Occitanie Environnement","robots":{"index":"index","follow":"follow","max-snippet":"max-snippet:-1","max-image-preview":"max-image-preview:large","max-video-preview":"max-video-preview:-1"},"canonical":"https:\/\/toutesnosenergies.fr\/index.php\/2018\/11\/07\/un-appel-urgent-de-lamassada\/","og_locale":"fr_FR","og_type":"article","og_title":"UN APPEL URGENT DE L'AMASSADA ! - Toutes Nos \u00c9nergies \u2013 Occitanie Environnement","og_description":"PIQUE-NIQUE DES MALFAITEURS SAMEDI 10 NOVEMBRE \u00c0 12H SUR LE CHANTIER \u00c9OLIEN DE CRASSOUS (12) Le 14 novembre prochain se tiendra \u00e0 Nant (12) une \u00e9ni\u00e8me r\u00e9union servant de propagande sur les \u00e9nergies renouvelables et leur \u00ab\u00a0capacit\u00e9\u00a0\u00bb \u00e0 dynamiser les territoires. Mr Fauconnier, Maire de Saint-Affrique, Pr\u00e9sident du Parc Naturel R\u00e9gional des Grands Causses , ... Lire plus","og_url":"https:\/\/toutesnosenergies.fr\/index.php\/2018\/11\/07\/un-appel-urgent-de-lamassada\/","og_site_name":"Toutes Nos \u00c9nergies \u2013 Occitanie Environnement","article_publisher":"https:\/\/www.facebook.com\/TNEtoutesnosenergiesOccitanieEnvironnement","article_published_time":"2018-11-07T16:41:49+00:00","author":"WM81","twitter_card":"summary_large_image","twitter_misc":{"\u00c9crit par":"WM81","Dur\u00e9e de lecture estim\u00e9e":"3 minutes"},"schema":{"@context":"https:\/\/schema.org","@graph":[{"@type":"Article","@id":"https:\/\/toutesnosenergies.fr\/index.php\/2018\/11\/07\/un-appel-urgent-de-lamassada\/#article","isPartOf":{"@id":"https:\/\/toutesnosenergies.fr\/index.php\/2018\/11\/07\/un-appel-urgent-de-lamassada\/"},"author":{"name":"WM81","@id":"https:\/\/toutesnosenergies.fr\/#\/schema\/person\/83b429b7810ce59e0a21afb7e0b3cb1c"},"headline":"UN APPEL URGENT DE L&rsquo;AMASSADA !","datePublished":"2018-11-07T16:41:49+00:00","mainEntityOfPage":{"@id":"https:\/\/toutesnosenergies.fr\/index.php\/2018\/11\/07\/un-appel-urgent-de-lamassada\/"},"wordCount":515,"commentCount":0,"publisher":{"@id":"https:\/\/toutesnosenergies.fr\/#organization"},"articleSection":["Communiqu\u00e9s des associations"],"inLanguage":"fr-FR","potentialAction":[{"@type":"CommentAction","name":"Comment","target":["https:\/\/toutesnosenergies.fr\/index.php\/2018\/11\/07\/un-appel-urgent-de-lamassada\/#respond"]}]},{"@type":"WebPage","@id":"https:\/\/toutesnosenergies.fr\/index.php\/2018\/11\/07\/un-appel-urgent-de-lamassada\/","url":"https:\/\/toutesnosenergies.fr\/index.php\/2018\/11\/07\/un-appel-urgent-de-lamassada\/","name":"UN APPEL URGENT DE L'AMASSADA ! - Toutes Nos \u00c9nergies \u2013 Occitanie Environnement","isPartOf":{"@id":"https:\/\/toutesnosenergies.fr\/#website"},"datePublished":"2018-11-07T16:41:49+00:00","breadcrumb":{"@id":"https:\/\/toutesnosenergies.fr\/index.php\/2018\/11\/07\/un-appel-urgent-de-lamassada\/#breadcrumb"},"inLanguage":"fr-FR","potentialAction":[{"@type":"ReadAction","target":["https:\/\/toutesnosenergies.fr\/index.php\/2018\/11\/07\/un-appel-urgent-de-lamassada\/"]}]},{"@type":"BreadcrumbList","@id":"https:\/\/toutesnosenergies.fr\/index.php\/2018\/11\/07\/un-appel-urgent-de-lamassada\/#breadcrumb","itemListElement":[{"@type":"ListItem","position":1,"name":"Accueil","item":"https:\/\/toutesnosenergies.fr\/"},{"@type":"ListItem","position":2,"name":"UN APPEL URGENT DE L&#8217;AMASSADA !"}]},{"@type":"WebSite","@id":"https:\/\/toutesnosenergies.fr\/#website","url":"https:\/\/toutesnosenergies.fr\/","name":"Toutes Nos \u00c9nergies \u2013 Occitanie Environnement","description":"Pour une \u00e9nergie respectueuse du vivant et des territoires ruraux en Occitanie","publisher":{"@id":"https:\/\/toutesnosenergies.fr\/#organization"},"potentialAction":[{"@type":"SearchAction","target":{"@type":"EntryPoint","urlTemplate":"https:\/\/toutesnosenergies.fr\/?s={search_term_string}"},"query-input":{"@type":"PropertyValueSpecification","valueRequired":true,"valueName":"search_term_string"}}],"inLanguage":"fr-FR"},{"@type":"Organization","@id":"https:\/\/toutesnosenergies.fr\/#organization","name":"Toutes Nos \u00c9nergies \u2013 Occitanie Environnement","url":"https:\/\/toutesnosenergies.fr\/","logo":{"@type":"ImageObject","inLanguage":"fr-FR","@id":"https:\/\/toutesnosenergies.fr\/#\/schema\/logo\/image\/","url":"https:\/\/toutesnosenergies.fr\/wp-content\/uploads\/2023\/01\/Petit-logo.png","contentUrl":"https:\/\/toutesnosenergies.fr\/wp-content\/uploads\/2023\/01\/Petit-logo.png","width":360,"height":102,"caption":"Toutes Nos \u00c9nergies \u2013 Occitanie Environnement"},"image":{"@id":"https:\/\/toutesnosenergies.fr\/#\/schema\/logo\/image\/"},"sameAs":["https:\/\/www.facebook.com\/TNEtoutesnosenergiesOccitanieEnvironnement"]},{"@type":"Person","@id":"https:\/\/toutesnosenergies.fr\/#\/schema\/person\/83b429b7810ce59e0a21afb7e0b3cb1c","name":"WM81","image":{"@type":"ImageObject","inLanguage":"fr-FR","@id":"https:\/\/secure.gravatar.com\/avatar\/aa9bf2bd97a7297274c53294f09e800c7ee0d88290f959d5d49f9380299b9ff1?s=96&d=mm&r=g","url":"https:\/\/secure.gravatar.com\/avatar\/aa9bf2bd97a7297274c53294f09e800c7ee0d88290f959d5d49f9380299b9ff1?s=96&d=mm&r=g","contentUrl":"https:\/\/secure.gravatar.com\/avatar\/aa9bf2bd97a7297274c53294f09e800c7ee0d88290f959d5d49f9380299b9ff1?s=96&d=mm&r=g","caption":"WM81"},"sameAs":["http:\/\/toutesnosenergies.fr"],"url":"https:\/\/toutesnosenergies.fr\/index.php\/author\/wm81\/"}]}},"_links":{"self":[{"href":"https:\/\/toutesnosenergies.fr\/index.php\/wp-json\/wp\/v2\/posts\/1722","targetHints":{"allow":["GET"]}}],"collection":[{"href":"https:\/\/toutesnosenergies.fr\/index.php\/wp-json\/wp\/v2\/posts"}],"about":[{"href":"https:\/\/toutesnosenergies.fr\/index.php\/wp-json\/wp\/v2\/types\/post"}],"author":[{"embeddable":true,"href":"https:\/\/toutesnosenergies.fr\/index.php\/wp-json\/wp\/v2\/users\/3"}],"replies":[{"embeddable":true,"href":"https:\/\/toutesnosenergies.fr\/index.php\/wp-json\/wp\/v2\/comments?post=1722"}],"version-history":[{"count":1,"href":"https:\/\/toutesnosenergies.fr\/index.php\/wp-json\/wp\/v2\/posts\/1722\/revisions"}],"predecessor-version":[{"id":1723,"href":"https:\/\/toutesnosenergies.fr\/index.php\/wp-json\/wp\/v2\/posts\/1722\/revisions\/1723"}],"wp:attachment":[{"href":"https:\/\/toutesnosenergies.fr\/index.php\/wp-json\/wp\/v2\/media?parent=1722"}],"wp:term":[{"taxonomy":"category","embeddable":true,"href":"https:\/\/toutesnosenergies.fr\/index.php\/wp-json\/wp\/v2\/categories?post=1722"},{"taxonomy":"post_tag","embeddable":true,"href":"https:\/\/toutesnosenergies.fr\/index.php\/wp-json\/wp\/v2\/tags?post=1722"}],"curies":[{"name":"wp","href":"https:\/\/api.w.org\/{rel}","templated":true}]}}