{"id":1728,"date":"2018-11-11T10:18:51","date_gmt":"2018-11-11T09:18:51","guid":{"rendered":"http:\/\/toutesnosenergies.fr\/?p=1728"},"modified":"2018-11-11T10:26:45","modified_gmt":"2018-11-11T09:26:45","slug":"non-aux-eoliennes-a-fourques-dans-les-pyrenees-orientales","status":"publish","type":"post","link":"https:\/\/toutesnosenergies.fr\/index.php\/2018\/11\/11\/non-aux-eoliennes-a-fourques-dans-les-pyrenees-orientales\/","title":{"rendered":"Non aux \u00e9oliennes \u00e0 Fourques dans les Pyr\u00e9n\u00e9es Orientales"},"content":{"rendered":"<p>Nos amis du collectif des Pyr\u00e9n\u00e9es orientales le Vent Tourne 66 se mobilisent contre un nouveau projet de parcs \u00e9olien entre Fourques et Terrats. Il s\u2019agit de l\u2019implantation de 6 \u00e9oliennes de 130 \u00e0 150 m\u00e8tres, de 3MW par le promoteur \u00ab\u00a0\u00c9l\u00e9ments\u00a0\u00bb. (Voir l\u2019article de l\u2019Ind\u00e9pendant du<a href=\"https:\/\/www.lindependant.fr\/2018\/11\/04\/pyrenees-orientales-six-eoliennes-de-130-metres-en-projet-entre-fourques-et-terrats,4754480.php\"> 4 novembre 2018<\/a>).<\/p>\n<p>Pour alerter et mobiliser les citoyens, le Collectif organise une r\u00e9union \u00e0<span style=\"color: #3366ff;\"><strong> Terrats le vendredi 16 novembre \u00e0 18h30\u00a0<\/strong><\/span>(salle municipale rue de l&rsquo;ancienne mairie)<span style=\"color: #3366ff;\">.<\/span><\/p>\n<div style=\"width: 854px;\" class=\"wp-video\"><video class=\"wp-video-shortcode\" id=\"video-1728-1\" width=\"854\" height=\"480\" preload=\"metadata\" controls=\"controls\"><source type=\"video\/mp4\" src=\"http:\/\/toutesnosenergies.fr\/wp-content\/uploads\/2018\/11\/Annonce-Terrats.mp4?_=1\" \/><a href=\"http:\/\/toutesnosenergies.fr\/wp-content\/uploads\/2018\/11\/Annonce-Terrats.mp4\">http:\/\/toutesnosenergies.fr\/wp-content\/uploads\/2018\/11\/Annonce-Terrats.mp4<\/a><\/video><\/div>\n<p>Le collectif s\u2019insurge contre les menaces de \u00ab saccage de ce pi\u00e9mont est, contrefort du Canigou \u00bb et rappelle l\u2019opposition de \u00ab la grande majorit\u00e9 des \u00e9lus de la communaut\u00e9 de communes des Aspres \u00bb.<\/p>\n<p>Le collectif appelle \u00e0 participer \u00e0\u00a0la consultation ouverte jusqu&rsquo;au 26 novembre (mode d&#8217;emploi dans la suite de l&rsquo;article) sur le site du promoteur <a href=\"http:\/\/projeteoliendefourques.fr\/\">projeteoliendefourques.fr<\/a>\u00a0et par l&rsquo;envoi de mails \u00e0 l&rsquo;adresse des opposants\u00a0<a href=\"mailto:fourquesdemain@gmail.com\">fourquesdemain@gmail.com<\/a><\/p>\n<p><!--more--><\/p>\n<p>Nous d\u00e9plorons l\u2019attitude peu d\u00e9mocrate du maire qui n\u2019a, ni consult\u00e9, ni r\u00e9uni les habitants, avant de faire voter le conseil municipal pour le projet \u00e9olien.\u00a0(la lettre de d\u00e9mission de la 1<sup>\u00e8re<\/sup>adjointe, li\u00e9e aux \u00e9oliennes, n\u2019a m\u00eame pas \u00e9t\u00e9 publi\u00e9e dans le Bulletin municipal).<\/p>\n<p>Ceci, malgr\u00e9 l\u2019opposition populaire et le refus pr\u00e9fectoral du premier projet de 2009\u2026\u00e7a continue\u00a0!\u00a0Pour eux, ni notre opinion, ni la d\u00e9cision de l&rsquo;Etat, ne sont respectables.<\/p>\n<p>On nous refuse la location de la salle municipale pour informer les habitants alors que le promoteur du projet, la soci\u00e9t\u00e9 El\u00e9ments, qui est financi\u00e8rement la premi\u00e8re b\u00e9n\u00e9ficiaire, a des moyens communaux (locaux, panneaux d\u2019affichage officiel) \u00e0 sa disposition pour exposer son projet et faire une concertation. Concertation qui est donc sous son contr\u00f4le, et celui d\u2019une soci\u00e9t\u00e9 qu\u2019elle r\u00e9mun\u00e8re.<\/p>\n<p>Aussi nous nous interrogeons sur son impartialit\u00e9. Nous devons avoir les preuves de nos avis exprim\u00e9s. Le Collectif Le Vent Tourne organise une consultation citoyenne.<\/p>\n<p><b>La consultation est ouverte sans restriction g\u00e9ographique.<\/b><\/p>\n<p>Ce qui aiderait \u00e9norm\u00e9ment le collectif, c&rsquo;est une participation sur le site de la pseudo concertation du promoteur \u00ab\u00a0El\u00e9ments\u00a0\u00bb :<\/p>\n<p>Consid\u00e9rant l&rsquo;int\u00e9r\u00eat touristique de ces villages, paysag\u00e9, culturel et patrimonial.<\/p>\n<p>Consid\u00e9rant qu&rsquo;on peut d\u00e9fendre un territoire que l\u2019on aime, sans forc\u00e9ment y habiter.<\/p>\n<p>Consid\u00e9rant le fort d\u00e9bat de soci\u00e9t\u00e9 et d&rsquo;avenir autours de ces a\u00e9rog\u00e9n\u00e9rateurs g\u00e9ants.<\/p>\n<p>1\/ envoyer votre avis directement \u00e0\u00a0:\u00a0<a href=\"mailto:fourquesdemain@gmail.com\">fourquesdemain@gmail.com<\/a><\/p>\n<p>2\/ vous pouvez participer sur le site des porteurs du projet\u00a0: <a href=\"http:\/\/projeteoliendefourques.fr\/\">projeteoliendefourques.fr<\/a><\/p>\n<p style=\"padding-left: 30px;\">Envoyez-nous syst\u00e9matiquement une copie \u00e0\u00a0: <a href=\"mailto:fourquesdemain@gmail.com\">fourquesdemain@gmail.com\u00a0<\/a><\/p>\n<p>3\/ par courrier \u00e0 la soci\u00e9t\u00e9 :<\/p>\n<p style=\"padding-left: 90px;\">Courant Porteur<br \/>\nBP 89<br \/>\n75921 PARIS cedex 19<\/p>\n<p>De pr\u00e9f\u00e9rence avec accus\u00e9 de r\u00e9ception et copie \u00a0pour\u00a0<a href=\"mailto:fourquesdemain@gmail.com\">fourquesdemain@gmail.com<\/a><\/p>\n","protected":false},"excerpt":{"rendered":"<p>Nos amis du collectif des Pyr\u00e9n\u00e9es orientales le Vent Tourne 66 se mobilisent contre un nouveau projet de parcs \u00e9olien entre Fourques et Terrats. Il s\u2019agit de l\u2019implantation de 6 \u00e9oliennes de 130 \u00e0 150 m\u00e8tres, de 3MW par le promoteur \u00ab\u00a0\u00c9l\u00e9ments\u00a0\u00bb. (Voir l\u2019article de l\u2019Ind\u00e9pendant du 4 novembre 2018).<\/p>\n<p>Pour alerter et mobiliser les citoyens, le Collectif organise une r\u00e9union \u00e0 Terrats le vendredi 16 novembre \u00e0 18h30. Voir la vid\u00e9o.<\/p>\n<p>Le collectif s\u2019insurge contre les menaces de \u00ab saccage de ce pi\u00e9mont est, contrefort du Canigou \u00bb et rappelle l\u2019opposition de \u00ab la grande majorit\u00e9 des \u00e9lus de la communaut\u00e9 de communes des Aspres \u00bb.<\/p>\n<p>Le collectif appelle \u00e0 participer \u00e0\u00a0la consultation ouverte jusqu&rsquo;au 26 novembre (mode d&#8217;emploi dans la suite de l&rsquo;article) sur le site du promoteur projeteoliendefourques.fr\u00a0et sur celui des opposants fourquesdemain@gmail.com.<\/p>\n","protected":false},"author":3,"featured_media":0,"comment_status":"open","ping_status":"open","sticky":false,"template":"","format":"standard","meta":{"_cbd_carousel_blocks":"[]","sfsi_plus_gutenberg_text_before_share":"","sfsi_plus_gutenberg_show_text_before_share":"","sfsi_plus_gutenberg_icon_type":"","sfsi_plus_gutenberg_icon_alignemt":"","sfsi_plus_gutenburg_max_per_row":"","footnotes":""},"categories":[8,1],"tags":[],"class_list":["post-1728","post","type-post","status-publish","format-standard","hentry","category-communiques-associations","category-non-classe"],"yoast_head":"<!-- This site is optimized with the Yoast SEO plugin v27.5 - https:\/\/yoast.com\/product\/yoast-seo-wordpress\/ -->\n<title>Non aux \u00e9oliennes \u00e0 Fourques dans les Pyr\u00e9n\u00e9es Orientales - Toutes Nos \u00c9nergies \u2013 Occitanie Environnement<\/title>\n<meta name=\"robots\" content=\"index, follow, max-snippet:-1, max-image-preview:large, max-video-preview:-1\" \/>\n<link rel=\"canonical\" href=\"https:\/\/toutesnosenergies.fr\/index.php\/2018\/11\/11\/non-aux-eoliennes-a-fourques-dans-les-pyrenees-orientales\/\" \/>\n<meta property=\"og:locale\" content=\"fr_FR\" \/>\n<meta property=\"og:type\" content=\"article\" \/>\n<meta property=\"og:title\" content=\"Non aux \u00e9oliennes \u00e0 Fourques dans les Pyr\u00e9n\u00e9es Orientales - Toutes Nos \u00c9nergies \u2013 Occitanie Environnement\" \/>\n<meta property=\"og:description\" content=\"Nos amis du collectif des Pyr\u00e9n\u00e9es orientales le Vent Tourne 66 se mobilisent contre un nouveau projet de parcs \u00e9olien entre Fourques et Terrats. Il s\u2019agit de l\u2019implantation de 6 \u00e9oliennes de 130 \u00e0 150 m\u00e8tres, de 3MW par le promoteur \u00ab\u00a0\u00c9l\u00e9ments\u00a0\u00bb. (Voir l\u2019article de l\u2019Ind\u00e9pendant du 4 novembre 2018).  Pour alerter et mobiliser les citoyens, le Collectif organise une r\u00e9union \u00e0 Terrats le vendredi 16 novembre \u00e0 18h30. Voir la vid\u00e9o.  Le collectif s\u2019insurge contre les menaces de \u00ab saccage de ce pi\u00e9mont est, contrefort du Canigou \u00bb et rappelle l\u2019opposition de \u00ab la grande majorit\u00e9 des \u00e9lus de la communaut\u00e9 de communes des Aspres \u00bb.  Le collectif appelle \u00e0 participer \u00e0\u00a0la consultation ouverte jusqu&#039;au 26 novembre (mode d&#039;emploi dans la suite de l&#039;article) sur le site du promoteur projeteoliendefourques.fr\u00a0et sur celui des opposants fourquesdemain@gmail.com.\" \/>\n<meta property=\"og:url\" content=\"https:\/\/toutesnosenergies.fr\/index.php\/2018\/11\/11\/non-aux-eoliennes-a-fourques-dans-les-pyrenees-orientales\/\" \/>\n<meta property=\"og:site_name\" content=\"Toutes Nos \u00c9nergies \u2013 Occitanie Environnement\" \/>\n<meta property=\"article:publisher\" content=\"https:\/\/www.facebook.com\/TNEtoutesnosenergiesOccitanieEnvironnement\" \/>\n<meta property=\"article:published_time\" content=\"2018-11-11T09:18:51+00:00\" \/>\n<meta property=\"article:modified_time\" content=\"2018-11-11T09:26:45+00:00\" \/>\n<meta name=\"author\" content=\"WM81\" \/>\n<meta name=\"twitter:card\" content=\"summary_large_image\" \/>\n<meta name=\"twitter:label1\" content=\"\u00c9crit par\" \/>\n\t<meta name=\"twitter:data1\" content=\"WM81\" \/>\n\t<meta name=\"twitter:label2\" content=\"Dur\u00e9e de lecture estim\u00e9e\" \/>\n\t<meta name=\"twitter:data2\" content=\"2 minutes\" \/>\n<script type=\"application\/ld+json\" class=\"yoast-schema-graph\">{\"@context\":\"https:\\\/\\\/schema.org\",\"@graph\":[{\"@type\":\"Article\",\"@id\":\"https:\\\/\\\/toutesnosenergies.fr\\\/index.php\\\/2018\\\/11\\\/11\\\/non-aux-eoliennes-a-fourques-dans-les-pyrenees-orientales\\\/#article\",\"isPartOf\":{\"@id\":\"https:\\\/\\\/toutesnosenergies.fr\\\/index.php\\\/2018\\\/11\\\/11\\\/non-aux-eoliennes-a-fourques-dans-les-pyrenees-orientales\\\/\"},\"author\":{\"name\":\"WM81\",\"@id\":\"https:\\\/\\\/toutesnosenergies.fr\\\/#\\\/schema\\\/person\\\/83b429b7810ce59e0a21afb7e0b3cb1c\"},\"headline\":\"Non aux \u00e9oliennes \u00e0 Fourques dans les Pyr\u00e9n\u00e9es Orientales\",\"datePublished\":\"2018-11-11T09:18:51+00:00\",\"dateModified\":\"2018-11-11T09:26:45+00:00\",\"mainEntityOfPage\":{\"@id\":\"https:\\\/\\\/toutesnosenergies.fr\\\/index.php\\\/2018\\\/11\\\/11\\\/non-aux-eoliennes-a-fourques-dans-les-pyrenees-orientales\\\/\"},\"wordCount\":479,\"commentCount\":0,\"publisher\":{\"@id\":\"https:\\\/\\\/toutesnosenergies.fr\\\/#organization\"},\"articleSection\":[\"Communiqu\u00e9s des associations\"],\"inLanguage\":\"fr-FR\",\"potentialAction\":[{\"@type\":\"CommentAction\",\"name\":\"Comment\",\"target\":[\"https:\\\/\\\/toutesnosenergies.fr\\\/index.php\\\/2018\\\/11\\\/11\\\/non-aux-eoliennes-a-fourques-dans-les-pyrenees-orientales\\\/#respond\"]}]},{\"@type\":\"WebPage\",\"@id\":\"https:\\\/\\\/toutesnosenergies.fr\\\/index.php\\\/2018\\\/11\\\/11\\\/non-aux-eoliennes-a-fourques-dans-les-pyrenees-orientales\\\/\",\"url\":\"https:\\\/\\\/toutesnosenergies.fr\\\/index.php\\\/2018\\\/11\\\/11\\\/non-aux-eoliennes-a-fourques-dans-les-pyrenees-orientales\\\/\",\"name\":\"Non aux \u00e9oliennes \u00e0 Fourques dans les Pyr\u00e9n\u00e9es Orientales - Toutes Nos \u00c9nergies \u2013 Occitanie Environnement\",\"isPartOf\":{\"@id\":\"https:\\\/\\\/toutesnosenergies.fr\\\/#website\"},\"datePublished\":\"2018-11-11T09:18:51+00:00\",\"dateModified\":\"2018-11-11T09:26:45+00:00\",\"breadcrumb\":{\"@id\":\"https:\\\/\\\/toutesnosenergies.fr\\\/index.php\\\/2018\\\/11\\\/11\\\/non-aux-eoliennes-a-fourques-dans-les-pyrenees-orientales\\\/#breadcrumb\"},\"inLanguage\":\"fr-FR\",\"potentialAction\":[{\"@type\":\"ReadAction\",\"target\":[\"https:\\\/\\\/toutesnosenergies.fr\\\/index.php\\\/2018\\\/11\\\/11\\\/non-aux-eoliennes-a-fourques-dans-les-pyrenees-orientales\\\/\"]}]},{\"@type\":\"BreadcrumbList\",\"@id\":\"https:\\\/\\\/toutesnosenergies.fr\\\/index.php\\\/2018\\\/11\\\/11\\\/non-aux-eoliennes-a-fourques-dans-les-pyrenees-orientales\\\/#breadcrumb\",\"itemListElement\":[{\"@type\":\"ListItem\",\"position\":1,\"name\":\"Accueil\",\"item\":\"https:\\\/\\\/toutesnosenergies.fr\\\/\"},{\"@type\":\"ListItem\",\"position\":2,\"name\":\"Non aux \u00e9oliennes \u00e0 Fourques dans les Pyr\u00e9n\u00e9es Orientales\"}]},{\"@type\":\"WebSite\",\"@id\":\"https:\\\/\\\/toutesnosenergies.fr\\\/#website\",\"url\":\"https:\\\/\\\/toutesnosenergies.fr\\\/\",\"name\":\"Toutes Nos \u00c9nergies \u2013 Occitanie Environnement\",\"description\":\"Pour une \u00e9nergie respectueuse du vivant et des territoires ruraux en Occitanie\",\"publisher\":{\"@id\":\"https:\\\/\\\/toutesnosenergies.fr\\\/#organization\"},\"potentialAction\":[{\"@type\":\"SearchAction\",\"target\":{\"@type\":\"EntryPoint\",\"urlTemplate\":\"https:\\\/\\\/toutesnosenergies.fr\\\/?s={search_term_string}\"},\"query-input\":{\"@type\":\"PropertyValueSpecification\",\"valueRequired\":true,\"valueName\":\"search_term_string\"}}],\"inLanguage\":\"fr-FR\"},{\"@type\":\"Organization\",\"@id\":\"https:\\\/\\\/toutesnosenergies.fr\\\/#organization\",\"name\":\"Toutes Nos \u00c9nergies \u2013 Occitanie Environnement\",\"url\":\"https:\\\/\\\/toutesnosenergies.fr\\\/\",\"logo\":{\"@type\":\"ImageObject\",\"inLanguage\":\"fr-FR\",\"@id\":\"https:\\\/\\\/toutesnosenergies.fr\\\/#\\\/schema\\\/logo\\\/image\\\/\",\"url\":\"https:\\\/\\\/toutesnosenergies.fr\\\/wp-content\\\/uploads\\\/2023\\\/01\\\/Petit-logo.png\",\"contentUrl\":\"https:\\\/\\\/toutesnosenergies.fr\\\/wp-content\\\/uploads\\\/2023\\\/01\\\/Petit-logo.png\",\"width\":360,\"height\":102,\"caption\":\"Toutes Nos \u00c9nergies \u2013 Occitanie Environnement\"},\"image\":{\"@id\":\"https:\\\/\\\/toutesnosenergies.fr\\\/#\\\/schema\\\/logo\\\/image\\\/\"},\"sameAs\":[\"https:\\\/\\\/www.facebook.com\\\/TNEtoutesnosenergiesOccitanieEnvironnement\"]},{\"@type\":\"Person\",\"@id\":\"https:\\\/\\\/toutesnosenergies.fr\\\/#\\\/schema\\\/person\\\/83b429b7810ce59e0a21afb7e0b3cb1c\",\"name\":\"WM81\",\"image\":{\"@type\":\"ImageObject\",\"inLanguage\":\"fr-FR\",\"@id\":\"https:\\\/\\\/secure.gravatar.com\\\/avatar\\\/aa9bf2bd97a7297274c53294f09e800c7ee0d88290f959d5d49f9380299b9ff1?s=96&d=mm&r=g\",\"url\":\"https:\\\/\\\/secure.gravatar.com\\\/avatar\\\/aa9bf2bd97a7297274c53294f09e800c7ee0d88290f959d5d49f9380299b9ff1?s=96&d=mm&r=g\",\"contentUrl\":\"https:\\\/\\\/secure.gravatar.com\\\/avatar\\\/aa9bf2bd97a7297274c53294f09e800c7ee0d88290f959d5d49f9380299b9ff1?s=96&d=mm&r=g\",\"caption\":\"WM81\"},\"sameAs\":[\"http:\\\/\\\/toutesnosenergies.fr\"],\"url\":\"https:\\\/\\\/toutesnosenergies.fr\\\/index.php\\\/author\\\/wm81\\\/\"}]}<\/script>\n<!-- \/ Yoast SEO plugin. -->","yoast_head_json":{"title":"Non aux \u00e9oliennes \u00e0 Fourques dans les Pyr\u00e9n\u00e9es Orientales - Toutes Nos \u00c9nergies \u2013 Occitanie Environnement","robots":{"index":"index","follow":"follow","max-snippet":"max-snippet:-1","max-image-preview":"max-image-preview:large","max-video-preview":"max-video-preview:-1"},"canonical":"https:\/\/toutesnosenergies.fr\/index.php\/2018\/11\/11\/non-aux-eoliennes-a-fourques-dans-les-pyrenees-orientales\/","og_locale":"fr_FR","og_type":"article","og_title":"Non aux \u00e9oliennes \u00e0 Fourques dans les Pyr\u00e9n\u00e9es Orientales - Toutes Nos \u00c9nergies \u2013 Occitanie Environnement","og_description":"Nos amis du collectif des Pyr\u00e9n\u00e9es orientales le Vent Tourne 66 se mobilisent contre un nouveau projet de parcs \u00e9olien entre Fourques et Terrats. Il s\u2019agit de l\u2019implantation de 6 \u00e9oliennes de 130 \u00e0 150 m\u00e8tres, de 3MW par le promoteur \u00ab\u00a0\u00c9l\u00e9ments\u00a0\u00bb. (Voir l\u2019article de l\u2019Ind\u00e9pendant du 4 novembre 2018).  Pour alerter et mobiliser les citoyens, le Collectif organise une r\u00e9union \u00e0 Terrats le vendredi 16 novembre \u00e0 18h30. Voir la vid\u00e9o.  Le collectif s\u2019insurge contre les menaces de \u00ab saccage de ce pi\u00e9mont est, contrefort du Canigou \u00bb et rappelle l\u2019opposition de \u00ab la grande majorit\u00e9 des \u00e9lus de la communaut\u00e9 de communes des Aspres \u00bb.  Le collectif appelle \u00e0 participer \u00e0\u00a0la consultation ouverte jusqu'au 26 novembre (mode d'emploi dans la suite de l'article) sur le site du promoteur projeteoliendefourques.fr\u00a0et sur celui des opposants fourquesdemain@gmail.com.","og_url":"https:\/\/toutesnosenergies.fr\/index.php\/2018\/11\/11\/non-aux-eoliennes-a-fourques-dans-les-pyrenees-orientales\/","og_site_name":"Toutes Nos \u00c9nergies \u2013 Occitanie Environnement","article_publisher":"https:\/\/www.facebook.com\/TNEtoutesnosenergiesOccitanieEnvironnement","article_published_time":"2018-11-11T09:18:51+00:00","article_modified_time":"2018-11-11T09:26:45+00:00","author":"WM81","twitter_card":"summary_large_image","twitter_misc":{"\u00c9crit par":"WM81","Dur\u00e9e de lecture estim\u00e9e":"2 minutes"},"schema":{"@context":"https:\/\/schema.org","@graph":[{"@type":"Article","@id":"https:\/\/toutesnosenergies.fr\/index.php\/2018\/11\/11\/non-aux-eoliennes-a-fourques-dans-les-pyrenees-orientales\/#article","isPartOf":{"@id":"https:\/\/toutesnosenergies.fr\/index.php\/2018\/11\/11\/non-aux-eoliennes-a-fourques-dans-les-pyrenees-orientales\/"},"author":{"name":"WM81","@id":"https:\/\/toutesnosenergies.fr\/#\/schema\/person\/83b429b7810ce59e0a21afb7e0b3cb1c"},"headline":"Non aux \u00e9oliennes \u00e0 Fourques dans les Pyr\u00e9n\u00e9es Orientales","datePublished":"2018-11-11T09:18:51+00:00","dateModified":"2018-11-11T09:26:45+00:00","mainEntityOfPage":{"@id":"https:\/\/toutesnosenergies.fr\/index.php\/2018\/11\/11\/non-aux-eoliennes-a-fourques-dans-les-pyrenees-orientales\/"},"wordCount":479,"commentCount":0,"publisher":{"@id":"https:\/\/toutesnosenergies.fr\/#organization"},"articleSection":["Communiqu\u00e9s des associations"],"inLanguage":"fr-FR","potentialAction":[{"@type":"CommentAction","name":"Comment","target":["https:\/\/toutesnosenergies.fr\/index.php\/2018\/11\/11\/non-aux-eoliennes-a-fourques-dans-les-pyrenees-orientales\/#respond"]}]},{"@type":"WebPage","@id":"https:\/\/toutesnosenergies.fr\/index.php\/2018\/11\/11\/non-aux-eoliennes-a-fourques-dans-les-pyrenees-orientales\/","url":"https:\/\/toutesnosenergies.fr\/index.php\/2018\/11\/11\/non-aux-eoliennes-a-fourques-dans-les-pyrenees-orientales\/","name":"Non aux \u00e9oliennes \u00e0 Fourques dans les Pyr\u00e9n\u00e9es Orientales - Toutes Nos \u00c9nergies \u2013 Occitanie Environnement","isPartOf":{"@id":"https:\/\/toutesnosenergies.fr\/#website"},"datePublished":"2018-11-11T09:18:51+00:00","dateModified":"2018-11-11T09:26:45+00:00","breadcrumb":{"@id":"https:\/\/toutesnosenergies.fr\/index.php\/2018\/11\/11\/non-aux-eoliennes-a-fourques-dans-les-pyrenees-orientales\/#breadcrumb"},"inLanguage":"fr-FR","potentialAction":[{"@type":"ReadAction","target":["https:\/\/toutesnosenergies.fr\/index.php\/2018\/11\/11\/non-aux-eoliennes-a-fourques-dans-les-pyrenees-orientales\/"]}]},{"@type":"BreadcrumbList","@id":"https:\/\/toutesnosenergies.fr\/index.php\/2018\/11\/11\/non-aux-eoliennes-a-fourques-dans-les-pyrenees-orientales\/#breadcrumb","itemListElement":[{"@type":"ListItem","position":1,"name":"Accueil","item":"https:\/\/toutesnosenergies.fr\/"},{"@type":"ListItem","position":2,"name":"Non aux \u00e9oliennes \u00e0 Fourques dans les Pyr\u00e9n\u00e9es Orientales"}]},{"@type":"WebSite","@id":"https:\/\/toutesnosenergies.fr\/#website","url":"https:\/\/toutesnosenergies.fr\/","name":"Toutes Nos \u00c9nergies \u2013 Occitanie Environnement","description":"Pour une \u00e9nergie respectueuse du vivant et des territoires ruraux en Occitanie","publisher":{"@id":"https:\/\/toutesnosenergies.fr\/#organization"},"potentialAction":[{"@type":"SearchAction","target":{"@type":"EntryPoint","urlTemplate":"https:\/\/toutesnosenergies.fr\/?s={search_term_string}"},"query-input":{"@type":"PropertyValueSpecification","valueRequired":true,"valueName":"search_term_string"}}],"inLanguage":"fr-FR"},{"@type":"Organization","@id":"https:\/\/toutesnosenergies.fr\/#organization","name":"Toutes Nos \u00c9nergies \u2013 Occitanie Environnement","url":"https:\/\/toutesnosenergies.fr\/","logo":{"@type":"ImageObject","inLanguage":"fr-FR","@id":"https:\/\/toutesnosenergies.fr\/#\/schema\/logo\/image\/","url":"https:\/\/toutesnosenergies.fr\/wp-content\/uploads\/2023\/01\/Petit-logo.png","contentUrl":"https:\/\/toutesnosenergies.fr\/wp-content\/uploads\/2023\/01\/Petit-logo.png","width":360,"height":102,"caption":"Toutes Nos \u00c9nergies \u2013 Occitanie Environnement"},"image":{"@id":"https:\/\/toutesnosenergies.fr\/#\/schema\/logo\/image\/"},"sameAs":["https:\/\/www.facebook.com\/TNEtoutesnosenergiesOccitanieEnvironnement"]},{"@type":"Person","@id":"https:\/\/toutesnosenergies.fr\/#\/schema\/person\/83b429b7810ce59e0a21afb7e0b3cb1c","name":"WM81","image":{"@type":"ImageObject","inLanguage":"fr-FR","@id":"https:\/\/secure.gravatar.com\/avatar\/aa9bf2bd97a7297274c53294f09e800c7ee0d88290f959d5d49f9380299b9ff1?s=96&d=mm&r=g","url":"https:\/\/secure.gravatar.com\/avatar\/aa9bf2bd97a7297274c53294f09e800c7ee0d88290f959d5d49f9380299b9ff1?s=96&d=mm&r=g","contentUrl":"https:\/\/secure.gravatar.com\/avatar\/aa9bf2bd97a7297274c53294f09e800c7ee0d88290f959d5d49f9380299b9ff1?s=96&d=mm&r=g","caption":"WM81"},"sameAs":["http:\/\/toutesnosenergies.fr"],"url":"https:\/\/toutesnosenergies.fr\/index.php\/author\/wm81\/"}]}},"_links":{"self":[{"href":"https:\/\/toutesnosenergies.fr\/index.php\/wp-json\/wp\/v2\/posts\/1728","targetHints":{"allow":["GET"]}}],"collection":[{"href":"https:\/\/toutesnosenergies.fr\/index.php\/wp-json\/wp\/v2\/posts"}],"about":[{"href":"https:\/\/toutesnosenergies.fr\/index.php\/wp-json\/wp\/v2\/types\/post"}],"author":[{"embeddable":true,"href":"https:\/\/toutesnosenergies.fr\/index.php\/wp-json\/wp\/v2\/users\/3"}],"replies":[{"embeddable":true,"href":"https:\/\/toutesnosenergies.fr\/index.php\/wp-json\/wp\/v2\/comments?post=1728"}],"version-history":[{"count":8,"href":"https:\/\/toutesnosenergies.fr\/index.php\/wp-json\/wp\/v2\/posts\/1728\/revisions"}],"predecessor-version":[{"id":1736,"href":"https:\/\/toutesnosenergies.fr\/index.php\/wp-json\/wp\/v2\/posts\/1728\/revisions\/1736"}],"wp:attachment":[{"href":"https:\/\/toutesnosenergies.fr\/index.php\/wp-json\/wp\/v2\/media?parent=1728"}],"wp:term":[{"taxonomy":"category","embeddable":true,"href":"https:\/\/toutesnosenergies.fr\/index.php\/wp-json\/wp\/v2\/categories?post=1728"},{"taxonomy":"post_tag","embeddable":true,"href":"https:\/\/toutesnosenergies.fr\/index.php\/wp-json\/wp\/v2\/tags?post=1728"}],"curies":[{"name":"wp","href":"https:\/\/api.w.org\/{rel}","templated":true}]}}