{"id":1817,"date":"2018-12-02T10:02:20","date_gmt":"2018-12-02T09:02:20","guid":{"rendered":"http:\/\/toutesnosenergies.fr\/?p=1817"},"modified":"2018-12-03T15:10:52","modified_gmt":"2018-12-03T14:10:52","slug":"non-a-la-suppression-de-lenquete-publique","status":"publish","type":"post","link":"https:\/\/toutesnosenergies.fr\/index.php\/2018\/12\/02\/non-a-la-suppression-de-lenquete-publique\/","title":{"rendered":"NON \u00e0 la suppression de l&rsquo;enqu\u00eate publique !"},"content":{"rendered":"<p><b>Un nouveau mode de participation du public<\/b> dans l\u2019instruction des dossiers \u00e9oliens se met en place, visant \u00e0 remplacer l&rsquo;enqu\u00eate publique par une \u00ab\u00a0participation\u00a0\u00bb du public \u00e0 2 moments :<\/p>\n<p style=\"padding-left: 30px;\">(1) en amont lors de la conception du projet, dans la phase dite de concertation pr\u00e9alable en amont, cf. art. 121-15 et suivants du code de l\u2019environnement.<span class=\"Apple-converted-space\">\u00a0<\/span><\/p>\n<p style=\"padding-left: 30px;\">(2) avant la d\u00e9cision du pr\u00e9fet, par voie \u00e9lectronique (suppression de l&rsquo;enqu\u00eate publique telle que nous la connaissons jusqu&rsquo;\u00e0 pr\u00e9sent), du moins lorsque la concertation pr\u00e9alable aura eu lieu <b><i>avec garant<\/i><\/b>, cf. notamment art. 56 de la r\u00e9cente loi pour un \u00ab Etat au service d\u2019une soci\u00e9t\u00e9 de confiance\u00a0\u00bb\u00a0:<\/p>\n<p>TNE-OE consid\u00e8re que ces \u00e9volutions ne vont pas renforcer la confiance des citoyens<span class=\"Apple-converted-space\">\u00a0 <\/span>:\u00a0 la publicit\u00e9 de ces proc\u00e9dures restera insuffisante, tout le monde n&rsquo;a pas d&rsquo;acc\u00e8s \u00e0 internet, le dialogue avec le commissaire-enqu\u00eateur est une garantie minimale essentielle, et les modalit\u00e9s de prise en compte des observations sont peu claires et \u00e0 l&rsquo;\u00e9vidence insuffisantes, etc&#8230;<\/p>\n<p><b>Or, un projet de d\u00e9cret pr\u00e9voit de mettre cette proc\u00e9dure en test<\/b> pendant 3 ans dans deux r\u00e9gions, Bretagne et Hauts de France. La FED (F\u00e9d\u00e9ration pour un Environnement Durable) a d\u00e9j\u00e0 publi\u00e9 <a href=\"http:\/\/fed-info.org\/index.php?option=com_acymailing&amp;ctrl=archive&amp;task=view&amp;mailid=577&amp;key=a3pg2jOn&amp;subid=115193-UoUT9a9CWsgqCe&amp;tmpl=component\">un appel contre ce projet<\/a>. L\u2019autre f\u00e9d\u00e9ration nationale contre l\u2019\u00e9olien industriel (Vent de Col\u00e8re) s\u2019appr\u00eate \u00e0 faire de m\u00eame, rejoints par la SPPEF (Soci\u00e9t\u00e9 pour la Protection des Paysages et de l\u2019Esth\u00e9tique de la France).<span class=\"Apple-converted-space\">\u00a0<\/span><\/p>\n<p>Certains d\u2019entre nous ont d\u00e9j\u00e0 r\u00e9pondu :<a href=\"http:\/\/toutesnosenergies.fr\/wp-content\/uploads\/2018\/12\/Calelh-enqu\u00eate-publique.pdf\"> l\u2019association Calelh (81)<\/a> ou <a href=\"http:\/\/toutesnosenergies.fr\/wp-content\/uploads\/2018\/12\/BL-enqu\u00eate-publique.pdf\">Bruno Ladsous<\/a> qui nous propose un argumentaire complet contre ce projet de d\u00e9cret.<span class=\"Apple-converted-space\">\u00a0<\/span><\/p>\n<p><strong>Nous avons jusqu\u2019au 11 d\u00e9cembre<\/strong> <a href=\"http:\/\/www.consultations-publiques.developpement-durable.gouv.fr\">pour participer<span class=\"Apple-converted-space\">\u00a0 <\/span>cette consultation par voie \u00e9lectronique,<\/a> <strong>et pour r\u00e9pondre massivement NON, nous ne voulons pas la suppression de l&rsquo;enqu\u00eate publique.<\/strong><\/p>\n<p>Exprimez vos raisons personnelles sans h\u00e9siter \u00e0 utiliser les raisons expos\u00e9es dans les documents joints).<\/p>\n<p><strong>C\u2019est un enjeu tr\u00e8s important pour la participation d\u00e9mocratique des citoyens et la transparence du d\u00e9bat public.<\/strong><span class=\"Apple-converted-space\">\u00a0<\/span><\/p>\n","protected":false},"excerpt":{"rendered":"<p>Un nouveau mode de participation du public dans l\u2019instruction des dossiers \u00e9oliens se met en place, visant \u00e0 remplacer l&rsquo;enqu\u00eate publique par une \u00ab\u00a0participation\u00a0\u00bb du public \u00e0 2 moments : (1) en amont lors de la conception du projet, dans la phase dite de concertation pr\u00e9alable en amont, cf. art. 121-15 et suivants du code &#8230; <a title=\"NON \u00e0 la suppression de l&rsquo;enqu\u00eate publique !\" class=\"read-more\" href=\"https:\/\/toutesnosenergies.fr\/index.php\/2018\/12\/02\/non-a-la-suppression-de-lenquete-publique\/\" aria-label=\"Plus sur NON \u00e0 la suppression de l&rsquo;enqu\u00eate publique !\">Lire plus<\/a><\/p>\n","protected":false},"author":3,"featured_media":0,"comment_status":"open","ping_status":"open","sticky":false,"template":"","format":"standard","meta":{"_cbd_carousel_blocks":"[]","sfsi_plus_gutenberg_text_before_share":"","sfsi_plus_gutenberg_show_text_before_share":"","sfsi_plus_gutenberg_icon_type":"","sfsi_plus_gutenberg_icon_alignemt":"","sfsi_plus_gutenburg_max_per_row":"","footnotes":""},"categories":[7],"tags":[],"class_list":["post-1817","post","type-post","status-publish","format-standard","hentry","category-communiques-collectif-tne-oe"],"yoast_head":"<!-- This site is optimized with the Yoast SEO plugin v27.4 - https:\/\/yoast.com\/product\/yoast-seo-wordpress\/ -->\n<title>NON \u00e0 la suppression de l&#039;enqu\u00eate publique ! - Toutes Nos \u00c9nergies \u2013 Occitanie Environnement<\/title>\n<meta name=\"robots\" content=\"index, follow, max-snippet:-1, max-image-preview:large, max-video-preview:-1\" \/>\n<link rel=\"canonical\" href=\"https:\/\/toutesnosenergies.fr\/index.php\/2018\/12\/02\/non-a-la-suppression-de-lenquete-publique\/\" \/>\n<meta property=\"og:locale\" content=\"fr_FR\" \/>\n<meta property=\"og:type\" content=\"article\" \/>\n<meta property=\"og:title\" content=\"NON \u00e0 la suppression de l&#039;enqu\u00eate publique ! - Toutes Nos \u00c9nergies \u2013 Occitanie Environnement\" \/>\n<meta property=\"og:description\" content=\"Un nouveau mode de participation du public dans l\u2019instruction des dossiers \u00e9oliens se met en place, visant \u00e0 remplacer l&rsquo;enqu\u00eate publique par une \u00ab\u00a0participation\u00a0\u00bb du public \u00e0 2 moments : (1) en amont lors de la conception du projet, dans la phase dite de concertation pr\u00e9alable en amont, cf. art. 121-15 et suivants du code ... Lire plus\" \/>\n<meta property=\"og:url\" content=\"https:\/\/toutesnosenergies.fr\/index.php\/2018\/12\/02\/non-a-la-suppression-de-lenquete-publique\/\" \/>\n<meta property=\"og:site_name\" content=\"Toutes Nos \u00c9nergies \u2013 Occitanie Environnement\" \/>\n<meta property=\"article:publisher\" content=\"https:\/\/www.facebook.com\/TNEtoutesnosenergiesOccitanieEnvironnement\" \/>\n<meta property=\"article:published_time\" content=\"2018-12-02T09:02:20+00:00\" \/>\n<meta property=\"article:modified_time\" content=\"2018-12-03T14:10:52+00:00\" \/>\n<meta name=\"author\" content=\"WM81\" \/>\n<meta name=\"twitter:card\" content=\"summary_large_image\" \/>\n<meta name=\"twitter:label1\" content=\"\u00c9crit par\" \/>\n\t<meta name=\"twitter:data1\" content=\"WM81\" \/>\n\t<meta name=\"twitter:label2\" content=\"Dur\u00e9e de lecture estim\u00e9e\" \/>\n\t<meta name=\"twitter:data2\" content=\"2 minutes\" \/>\n<script type=\"application\/ld+json\" class=\"yoast-schema-graph\">{\"@context\":\"https:\\\/\\\/schema.org\",\"@graph\":[{\"@type\":\"Article\",\"@id\":\"https:\\\/\\\/toutesnosenergies.fr\\\/index.php\\\/2018\\\/12\\\/02\\\/non-a-la-suppression-de-lenquete-publique\\\/#article\",\"isPartOf\":{\"@id\":\"https:\\\/\\\/toutesnosenergies.fr\\\/index.php\\\/2018\\\/12\\\/02\\\/non-a-la-suppression-de-lenquete-publique\\\/\"},\"author\":{\"name\":\"WM81\",\"@id\":\"https:\\\/\\\/toutesnosenergies.fr\\\/#\\\/schema\\\/person\\\/83b429b7810ce59e0a21afb7e0b3cb1c\"},\"headline\":\"NON \u00e0 la suppression de l&rsquo;enqu\u00eate publique !\",\"datePublished\":\"2018-12-02T09:02:20+00:00\",\"dateModified\":\"2018-12-03T14:10:52+00:00\",\"mainEntityOfPage\":{\"@id\":\"https:\\\/\\\/toutesnosenergies.fr\\\/index.php\\\/2018\\\/12\\\/02\\\/non-a-la-suppression-de-lenquete-publique\\\/\"},\"wordCount\":353,\"commentCount\":8,\"publisher\":{\"@id\":\"https:\\\/\\\/toutesnosenergies.fr\\\/#organization\"},\"articleSection\":[\"Communiqu\u00e9s de TNE-OE\"],\"inLanguage\":\"fr-FR\",\"potentialAction\":[{\"@type\":\"CommentAction\",\"name\":\"Comment\",\"target\":[\"https:\\\/\\\/toutesnosenergies.fr\\\/index.php\\\/2018\\\/12\\\/02\\\/non-a-la-suppression-de-lenquete-publique\\\/#respond\"]}]},{\"@type\":\"WebPage\",\"@id\":\"https:\\\/\\\/toutesnosenergies.fr\\\/index.php\\\/2018\\\/12\\\/02\\\/non-a-la-suppression-de-lenquete-publique\\\/\",\"url\":\"https:\\\/\\\/toutesnosenergies.fr\\\/index.php\\\/2018\\\/12\\\/02\\\/non-a-la-suppression-de-lenquete-publique\\\/\",\"name\":\"NON \u00e0 la suppression de l'enqu\u00eate publique ! - Toutes Nos \u00c9nergies \u2013 Occitanie Environnement\",\"isPartOf\":{\"@id\":\"https:\\\/\\\/toutesnosenergies.fr\\\/#website\"},\"datePublished\":\"2018-12-02T09:02:20+00:00\",\"dateModified\":\"2018-12-03T14:10:52+00:00\",\"breadcrumb\":{\"@id\":\"https:\\\/\\\/toutesnosenergies.fr\\\/index.php\\\/2018\\\/12\\\/02\\\/non-a-la-suppression-de-lenquete-publique\\\/#breadcrumb\"},\"inLanguage\":\"fr-FR\",\"potentialAction\":[{\"@type\":\"ReadAction\",\"target\":[\"https:\\\/\\\/toutesnosenergies.fr\\\/index.php\\\/2018\\\/12\\\/02\\\/non-a-la-suppression-de-lenquete-publique\\\/\"]}]},{\"@type\":\"BreadcrumbList\",\"@id\":\"https:\\\/\\\/toutesnosenergies.fr\\\/index.php\\\/2018\\\/12\\\/02\\\/non-a-la-suppression-de-lenquete-publique\\\/#breadcrumb\",\"itemListElement\":[{\"@type\":\"ListItem\",\"position\":1,\"name\":\"Accueil\",\"item\":\"https:\\\/\\\/toutesnosenergies.fr\\\/\"},{\"@type\":\"ListItem\",\"position\":2,\"name\":\"NON \u00e0 la suppression de l&#8217;enqu\u00eate publique !\"}]},{\"@type\":\"WebSite\",\"@id\":\"https:\\\/\\\/toutesnosenergies.fr\\\/#website\",\"url\":\"https:\\\/\\\/toutesnosenergies.fr\\\/\",\"name\":\"Toutes Nos \u00c9nergies \u2013 Occitanie Environnement\",\"description\":\"Pour une \u00e9nergie respectueuse du vivant et des territoires ruraux en Occitanie\",\"publisher\":{\"@id\":\"https:\\\/\\\/toutesnosenergies.fr\\\/#organization\"},\"potentialAction\":[{\"@type\":\"SearchAction\",\"target\":{\"@type\":\"EntryPoint\",\"urlTemplate\":\"https:\\\/\\\/toutesnosenergies.fr\\\/?s={search_term_string}\"},\"query-input\":{\"@type\":\"PropertyValueSpecification\",\"valueRequired\":true,\"valueName\":\"search_term_string\"}}],\"inLanguage\":\"fr-FR\"},{\"@type\":\"Organization\",\"@id\":\"https:\\\/\\\/toutesnosenergies.fr\\\/#organization\",\"name\":\"Toutes Nos \u00c9nergies \u2013 Occitanie Environnement\",\"url\":\"https:\\\/\\\/toutesnosenergies.fr\\\/\",\"logo\":{\"@type\":\"ImageObject\",\"inLanguage\":\"fr-FR\",\"@id\":\"https:\\\/\\\/toutesnosenergies.fr\\\/#\\\/schema\\\/logo\\\/image\\\/\",\"url\":\"https:\\\/\\\/toutesnosenergies.fr\\\/wp-content\\\/uploads\\\/2023\\\/01\\\/Petit-logo.png\",\"contentUrl\":\"https:\\\/\\\/toutesnosenergies.fr\\\/wp-content\\\/uploads\\\/2023\\\/01\\\/Petit-logo.png\",\"width\":360,\"height\":102,\"caption\":\"Toutes Nos \u00c9nergies \u2013 Occitanie Environnement\"},\"image\":{\"@id\":\"https:\\\/\\\/toutesnosenergies.fr\\\/#\\\/schema\\\/logo\\\/image\\\/\"},\"sameAs\":[\"https:\\\/\\\/www.facebook.com\\\/TNEtoutesnosenergiesOccitanieEnvironnement\"]},{\"@type\":\"Person\",\"@id\":\"https:\\\/\\\/toutesnosenergies.fr\\\/#\\\/schema\\\/person\\\/83b429b7810ce59e0a21afb7e0b3cb1c\",\"name\":\"WM81\",\"image\":{\"@type\":\"ImageObject\",\"inLanguage\":\"fr-FR\",\"@id\":\"https:\\\/\\\/secure.gravatar.com\\\/avatar\\\/aa9bf2bd97a7297274c53294f09e800c7ee0d88290f959d5d49f9380299b9ff1?s=96&d=mm&r=g\",\"url\":\"https:\\\/\\\/secure.gravatar.com\\\/avatar\\\/aa9bf2bd97a7297274c53294f09e800c7ee0d88290f959d5d49f9380299b9ff1?s=96&d=mm&r=g\",\"contentUrl\":\"https:\\\/\\\/secure.gravatar.com\\\/avatar\\\/aa9bf2bd97a7297274c53294f09e800c7ee0d88290f959d5d49f9380299b9ff1?s=96&d=mm&r=g\",\"caption\":\"WM81\"},\"sameAs\":[\"http:\\\/\\\/toutesnosenergies.fr\"],\"url\":\"https:\\\/\\\/toutesnosenergies.fr\\\/index.php\\\/author\\\/wm81\\\/\"}]}<\/script>\n<!-- \/ Yoast SEO plugin. -->","yoast_head_json":{"title":"NON \u00e0 la suppression de l'enqu\u00eate publique ! - Toutes Nos \u00c9nergies \u2013 Occitanie Environnement","robots":{"index":"index","follow":"follow","max-snippet":"max-snippet:-1","max-image-preview":"max-image-preview:large","max-video-preview":"max-video-preview:-1"},"canonical":"https:\/\/toutesnosenergies.fr\/index.php\/2018\/12\/02\/non-a-la-suppression-de-lenquete-publique\/","og_locale":"fr_FR","og_type":"article","og_title":"NON \u00e0 la suppression de l'enqu\u00eate publique ! - Toutes Nos \u00c9nergies \u2013 Occitanie Environnement","og_description":"Un nouveau mode de participation du public dans l\u2019instruction des dossiers \u00e9oliens se met en place, visant \u00e0 remplacer l&rsquo;enqu\u00eate publique par une \u00ab\u00a0participation\u00a0\u00bb du public \u00e0 2 moments : (1) en amont lors de la conception du projet, dans la phase dite de concertation pr\u00e9alable en amont, cf. art. 121-15 et suivants du code ... Lire plus","og_url":"https:\/\/toutesnosenergies.fr\/index.php\/2018\/12\/02\/non-a-la-suppression-de-lenquete-publique\/","og_site_name":"Toutes Nos \u00c9nergies \u2013 Occitanie Environnement","article_publisher":"https:\/\/www.facebook.com\/TNEtoutesnosenergiesOccitanieEnvironnement","article_published_time":"2018-12-02T09:02:20+00:00","article_modified_time":"2018-12-03T14:10:52+00:00","author":"WM81","twitter_card":"summary_large_image","twitter_misc":{"\u00c9crit par":"WM81","Dur\u00e9e de lecture estim\u00e9e":"2 minutes"},"schema":{"@context":"https:\/\/schema.org","@graph":[{"@type":"Article","@id":"https:\/\/toutesnosenergies.fr\/index.php\/2018\/12\/02\/non-a-la-suppression-de-lenquete-publique\/#article","isPartOf":{"@id":"https:\/\/toutesnosenergies.fr\/index.php\/2018\/12\/02\/non-a-la-suppression-de-lenquete-publique\/"},"author":{"name":"WM81","@id":"https:\/\/toutesnosenergies.fr\/#\/schema\/person\/83b429b7810ce59e0a21afb7e0b3cb1c"},"headline":"NON \u00e0 la suppression de l&rsquo;enqu\u00eate publique !","datePublished":"2018-12-02T09:02:20+00:00","dateModified":"2018-12-03T14:10:52+00:00","mainEntityOfPage":{"@id":"https:\/\/toutesnosenergies.fr\/index.php\/2018\/12\/02\/non-a-la-suppression-de-lenquete-publique\/"},"wordCount":353,"commentCount":8,"publisher":{"@id":"https:\/\/toutesnosenergies.fr\/#organization"},"articleSection":["Communiqu\u00e9s de TNE-OE"],"inLanguage":"fr-FR","potentialAction":[{"@type":"CommentAction","name":"Comment","target":["https:\/\/toutesnosenergies.fr\/index.php\/2018\/12\/02\/non-a-la-suppression-de-lenquete-publique\/#respond"]}]},{"@type":"WebPage","@id":"https:\/\/toutesnosenergies.fr\/index.php\/2018\/12\/02\/non-a-la-suppression-de-lenquete-publique\/","url":"https:\/\/toutesnosenergies.fr\/index.php\/2018\/12\/02\/non-a-la-suppression-de-lenquete-publique\/","name":"NON \u00e0 la suppression de l'enqu\u00eate publique ! - Toutes Nos \u00c9nergies \u2013 Occitanie Environnement","isPartOf":{"@id":"https:\/\/toutesnosenergies.fr\/#website"},"datePublished":"2018-12-02T09:02:20+00:00","dateModified":"2018-12-03T14:10:52+00:00","breadcrumb":{"@id":"https:\/\/toutesnosenergies.fr\/index.php\/2018\/12\/02\/non-a-la-suppression-de-lenquete-publique\/#breadcrumb"},"inLanguage":"fr-FR","potentialAction":[{"@type":"ReadAction","target":["https:\/\/toutesnosenergies.fr\/index.php\/2018\/12\/02\/non-a-la-suppression-de-lenquete-publique\/"]}]},{"@type":"BreadcrumbList","@id":"https:\/\/toutesnosenergies.fr\/index.php\/2018\/12\/02\/non-a-la-suppression-de-lenquete-publique\/#breadcrumb","itemListElement":[{"@type":"ListItem","position":1,"name":"Accueil","item":"https:\/\/toutesnosenergies.fr\/"},{"@type":"ListItem","position":2,"name":"NON \u00e0 la suppression de l&#8217;enqu\u00eate publique !"}]},{"@type":"WebSite","@id":"https:\/\/toutesnosenergies.fr\/#website","url":"https:\/\/toutesnosenergies.fr\/","name":"Toutes Nos \u00c9nergies \u2013 Occitanie Environnement","description":"Pour une \u00e9nergie respectueuse du vivant et des territoires ruraux en Occitanie","publisher":{"@id":"https:\/\/toutesnosenergies.fr\/#organization"},"potentialAction":[{"@type":"SearchAction","target":{"@type":"EntryPoint","urlTemplate":"https:\/\/toutesnosenergies.fr\/?s={search_term_string}"},"query-input":{"@type":"PropertyValueSpecification","valueRequired":true,"valueName":"search_term_string"}}],"inLanguage":"fr-FR"},{"@type":"Organization","@id":"https:\/\/toutesnosenergies.fr\/#organization","name":"Toutes Nos \u00c9nergies \u2013 Occitanie Environnement","url":"https:\/\/toutesnosenergies.fr\/","logo":{"@type":"ImageObject","inLanguage":"fr-FR","@id":"https:\/\/toutesnosenergies.fr\/#\/schema\/logo\/image\/","url":"https:\/\/toutesnosenergies.fr\/wp-content\/uploads\/2023\/01\/Petit-logo.png","contentUrl":"https:\/\/toutesnosenergies.fr\/wp-content\/uploads\/2023\/01\/Petit-logo.png","width":360,"height":102,"caption":"Toutes Nos \u00c9nergies \u2013 Occitanie Environnement"},"image":{"@id":"https:\/\/toutesnosenergies.fr\/#\/schema\/logo\/image\/"},"sameAs":["https:\/\/www.facebook.com\/TNEtoutesnosenergiesOccitanieEnvironnement"]},{"@type":"Person","@id":"https:\/\/toutesnosenergies.fr\/#\/schema\/person\/83b429b7810ce59e0a21afb7e0b3cb1c","name":"WM81","image":{"@type":"ImageObject","inLanguage":"fr-FR","@id":"https:\/\/secure.gravatar.com\/avatar\/aa9bf2bd97a7297274c53294f09e800c7ee0d88290f959d5d49f9380299b9ff1?s=96&d=mm&r=g","url":"https:\/\/secure.gravatar.com\/avatar\/aa9bf2bd97a7297274c53294f09e800c7ee0d88290f959d5d49f9380299b9ff1?s=96&d=mm&r=g","contentUrl":"https:\/\/secure.gravatar.com\/avatar\/aa9bf2bd97a7297274c53294f09e800c7ee0d88290f959d5d49f9380299b9ff1?s=96&d=mm&r=g","caption":"WM81"},"sameAs":["http:\/\/toutesnosenergies.fr"],"url":"https:\/\/toutesnosenergies.fr\/index.php\/author\/wm81\/"}]}},"_links":{"self":[{"href":"https:\/\/toutesnosenergies.fr\/index.php\/wp-json\/wp\/v2\/posts\/1817","targetHints":{"allow":["GET"]}}],"collection":[{"href":"https:\/\/toutesnosenergies.fr\/index.php\/wp-json\/wp\/v2\/posts"}],"about":[{"href":"https:\/\/toutesnosenergies.fr\/index.php\/wp-json\/wp\/v2\/types\/post"}],"author":[{"embeddable":true,"href":"https:\/\/toutesnosenergies.fr\/index.php\/wp-json\/wp\/v2\/users\/3"}],"replies":[{"embeddable":true,"href":"https:\/\/toutesnosenergies.fr\/index.php\/wp-json\/wp\/v2\/comments?post=1817"}],"version-history":[{"count":4,"href":"https:\/\/toutesnosenergies.fr\/index.php\/wp-json\/wp\/v2\/posts\/1817\/revisions"}],"predecessor-version":[{"id":1825,"href":"https:\/\/toutesnosenergies.fr\/index.php\/wp-json\/wp\/v2\/posts\/1817\/revisions\/1825"}],"wp:attachment":[{"href":"https:\/\/toutesnosenergies.fr\/index.php\/wp-json\/wp\/v2\/media?parent=1817"}],"wp:term":[{"taxonomy":"category","embeddable":true,"href":"https:\/\/toutesnosenergies.fr\/index.php\/wp-json\/wp\/v2\/categories?post=1817"},{"taxonomy":"post_tag","embeddable":true,"href":"https:\/\/toutesnosenergies.fr\/index.php\/wp-json\/wp\/v2\/tags?post=1817"}],"curies":[{"name":"wp","href":"https:\/\/api.w.org\/{rel}","templated":true}]}}