{"id":1833,"date":"2018-12-04T14:26:01","date_gmt":"2018-12-04T13:26:01","guid":{"rendered":"http:\/\/toutesnosenergies.fr\/?p=1833"},"modified":"2018-12-04T14:26:51","modified_gmt":"2018-12-04T13:26:51","slug":"la-transition-energetique-sans-une-eolienne-de-plus","status":"publish","type":"post","link":"https:\/\/toutesnosenergies.fr\/index.php\/2018\/12\/04\/la-transition-energetique-sans-une-eolienne-de-plus\/","title":{"rendered":"La transition \u00e9nerg\u00e9tique sans une \u00e9olienne de plus !"},"content":{"rendered":"<p>Xavier Bertrand, pr\u00e9sident de la r\u00e9gion des Hauts de France \u2013 <a href=\"http:\/\/toutesnosenergies.fr\/wp-content\/uploads\/2018\/12\/bertrrand_lettre_a_de_rugy_sur_e_oliennes-19_oct_2018.pdf\">dans une lettre \u00e0 Fran\u00e7ois de Rugy, ministre de la transition \u00e9cologique et solidaire<\/a> \u2013 plaide pour l\u2019arr\u00eat de l\u2019implantation de parcs d\u2019\u00e9oliennes industrielles dans sa r\u00e9gion.<\/p>\n<p>\u00ab\u00a0L\u2019\u00e9olien a atteint dans les Hauts de France ses limites en termes d\u2019occupation de l\u2019espace. Ce d\u00e9veloppement anarchique et massif entraine des nuisances visuelles et sonores pour les riverains et d\u00e9nature nos paysages. 70% des nouveaux projets \u00e9oliens sont contest\u00e9s devant les tribunaux\u00a0\u00bb.<\/p>\n<p>Quelle que soit l\u2019appr\u00e9ciation de la politique men\u00e9e par Bertrand, sa prise de position ne peut qu\u2019encourager tous ceux qui pensent qu\u2019une transition \u00e9nerg\u00e9tique est possible sans une \u00e9olienne de plus, et toutes les instances municipales, d\u00e9partementales ou r\u00e9gionales qui se sont prononc\u00e9s pour un moratoire.<\/p>\n","protected":false},"excerpt":{"rendered":"<p>Xavier Bertrand, pr\u00e9sident de la r\u00e9gion des Hauts de France \u2013 dans une lettre \u00e0 Fran\u00e7ois de Rugy, ministre de la transition \u00e9cologique et solidaire \u2013 plaide pour l\u2019arr\u00eat de l\u2019implantation de parcs d\u2019\u00e9oliennes industrielles dans sa r\u00e9gion. \u00ab\u00a0L\u2019\u00e9olien a atteint dans les Hauts de France ses limites en termes d\u2019occupation de l\u2019espace. Ce d\u00e9veloppement &#8230; <a title=\"La transition \u00e9nerg\u00e9tique sans une \u00e9olienne de plus !\" class=\"read-more\" href=\"https:\/\/toutesnosenergies.fr\/index.php\/2018\/12\/04\/la-transition-energetique-sans-une-eolienne-de-plus\/\" aria-label=\"Plus sur La transition \u00e9nerg\u00e9tique sans une \u00e9olienne de plus !\">Lire plus<\/a><\/p>\n","protected":false},"author":3,"featured_media":0,"comment_status":"open","ping_status":"open","sticky":false,"template":"","format":"standard","meta":{"_cbd_carousel_blocks":"[]","sfsi_plus_gutenberg_text_before_share":"","sfsi_plus_gutenberg_show_text_before_share":"","sfsi_plus_gutenberg_icon_type":"","sfsi_plus_gutenberg_icon_alignemt":"","sfsi_plus_gutenburg_max_per_row":"","footnotes":""},"categories":[1],"tags":[],"class_list":["post-1833","post","type-post","status-publish","format-standard","hentry","category-non-classe"],"yoast_head":"<!-- This site is optimized with the Yoast SEO plugin v27.4 - https:\/\/yoast.com\/product\/yoast-seo-wordpress\/ -->\n<title>La transition \u00e9nerg\u00e9tique sans une \u00e9olienne de plus ! - Toutes Nos \u00c9nergies \u2013 Occitanie Environnement<\/title>\n<meta name=\"robots\" content=\"index, follow, max-snippet:-1, max-image-preview:large, max-video-preview:-1\" \/>\n<link rel=\"canonical\" href=\"https:\/\/toutesnosenergies.fr\/index.php\/2018\/12\/04\/la-transition-energetique-sans-une-eolienne-de-plus\/\" \/>\n<meta property=\"og:locale\" content=\"fr_FR\" \/>\n<meta property=\"og:type\" content=\"article\" \/>\n<meta property=\"og:title\" content=\"La transition \u00e9nerg\u00e9tique sans une \u00e9olienne de plus ! - Toutes Nos \u00c9nergies \u2013 Occitanie Environnement\" \/>\n<meta property=\"og:description\" content=\"Xavier Bertrand, pr\u00e9sident de la r\u00e9gion des Hauts de France \u2013 dans une lettre \u00e0 Fran\u00e7ois de Rugy, ministre de la transition \u00e9cologique et solidaire \u2013 plaide pour l\u2019arr\u00eat de l\u2019implantation de parcs d\u2019\u00e9oliennes industrielles dans sa r\u00e9gion. \u00ab\u00a0L\u2019\u00e9olien a atteint dans les Hauts de France ses limites en termes d\u2019occupation de l\u2019espace. Ce d\u00e9veloppement ... Lire plus\" \/>\n<meta property=\"og:url\" content=\"https:\/\/toutesnosenergies.fr\/index.php\/2018\/12\/04\/la-transition-energetique-sans-une-eolienne-de-plus\/\" \/>\n<meta property=\"og:site_name\" content=\"Toutes Nos \u00c9nergies \u2013 Occitanie Environnement\" \/>\n<meta property=\"article:publisher\" content=\"https:\/\/www.facebook.com\/TNEtoutesnosenergiesOccitanieEnvironnement\" \/>\n<meta property=\"article:published_time\" content=\"2018-12-04T13:26:01+00:00\" \/>\n<meta property=\"article:modified_time\" content=\"2018-12-04T13:26:51+00:00\" \/>\n<meta name=\"author\" content=\"WM81\" \/>\n<meta name=\"twitter:card\" content=\"summary_large_image\" \/>\n<meta name=\"twitter:label1\" content=\"\u00c9crit par\" \/>\n\t<meta name=\"twitter:data1\" content=\"WM81\" \/>\n\t<meta name=\"twitter:label2\" content=\"Dur\u00e9e de lecture estim\u00e9e\" \/>\n\t<meta name=\"twitter:data2\" content=\"1 minute\" \/>\n<script type=\"application\/ld+json\" class=\"yoast-schema-graph\">{\"@context\":\"https:\\\/\\\/schema.org\",\"@graph\":[{\"@type\":\"Article\",\"@id\":\"https:\\\/\\\/toutesnosenergies.fr\\\/index.php\\\/2018\\\/12\\\/04\\\/la-transition-energetique-sans-une-eolienne-de-plus\\\/#article\",\"isPartOf\":{\"@id\":\"https:\\\/\\\/toutesnosenergies.fr\\\/index.php\\\/2018\\\/12\\\/04\\\/la-transition-energetique-sans-une-eolienne-de-plus\\\/\"},\"author\":{\"name\":\"WM81\",\"@id\":\"https:\\\/\\\/toutesnosenergies.fr\\\/#\\\/schema\\\/person\\\/83b429b7810ce59e0a21afb7e0b3cb1c\"},\"headline\":\"La transition \u00e9nerg\u00e9tique sans une \u00e9olienne de plus !\",\"datePublished\":\"2018-12-04T13:26:01+00:00\",\"dateModified\":\"2018-12-04T13:26:51+00:00\",\"mainEntityOfPage\":{\"@id\":\"https:\\\/\\\/toutesnosenergies.fr\\\/index.php\\\/2018\\\/12\\\/04\\\/la-transition-energetique-sans-une-eolienne-de-plus\\\/\"},\"wordCount\":155,\"commentCount\":0,\"publisher\":{\"@id\":\"https:\\\/\\\/toutesnosenergies.fr\\\/#organization\"},\"inLanguage\":\"fr-FR\",\"potentialAction\":[{\"@type\":\"CommentAction\",\"name\":\"Comment\",\"target\":[\"https:\\\/\\\/toutesnosenergies.fr\\\/index.php\\\/2018\\\/12\\\/04\\\/la-transition-energetique-sans-une-eolienne-de-plus\\\/#respond\"]}]},{\"@type\":\"WebPage\",\"@id\":\"https:\\\/\\\/toutesnosenergies.fr\\\/index.php\\\/2018\\\/12\\\/04\\\/la-transition-energetique-sans-une-eolienne-de-plus\\\/\",\"url\":\"https:\\\/\\\/toutesnosenergies.fr\\\/index.php\\\/2018\\\/12\\\/04\\\/la-transition-energetique-sans-une-eolienne-de-plus\\\/\",\"name\":\"La transition \u00e9nerg\u00e9tique sans une \u00e9olienne de plus ! - Toutes Nos \u00c9nergies \u2013 Occitanie Environnement\",\"isPartOf\":{\"@id\":\"https:\\\/\\\/toutesnosenergies.fr\\\/#website\"},\"datePublished\":\"2018-12-04T13:26:01+00:00\",\"dateModified\":\"2018-12-04T13:26:51+00:00\",\"breadcrumb\":{\"@id\":\"https:\\\/\\\/toutesnosenergies.fr\\\/index.php\\\/2018\\\/12\\\/04\\\/la-transition-energetique-sans-une-eolienne-de-plus\\\/#breadcrumb\"},\"inLanguage\":\"fr-FR\",\"potentialAction\":[{\"@type\":\"ReadAction\",\"target\":[\"https:\\\/\\\/toutesnosenergies.fr\\\/index.php\\\/2018\\\/12\\\/04\\\/la-transition-energetique-sans-une-eolienne-de-plus\\\/\"]}]},{\"@type\":\"BreadcrumbList\",\"@id\":\"https:\\\/\\\/toutesnosenergies.fr\\\/index.php\\\/2018\\\/12\\\/04\\\/la-transition-energetique-sans-une-eolienne-de-plus\\\/#breadcrumb\",\"itemListElement\":[{\"@type\":\"ListItem\",\"position\":1,\"name\":\"Accueil\",\"item\":\"https:\\\/\\\/toutesnosenergies.fr\\\/\"},{\"@type\":\"ListItem\",\"position\":2,\"name\":\"La transition \u00e9nerg\u00e9tique sans une \u00e9olienne de plus !\"}]},{\"@type\":\"WebSite\",\"@id\":\"https:\\\/\\\/toutesnosenergies.fr\\\/#website\",\"url\":\"https:\\\/\\\/toutesnosenergies.fr\\\/\",\"name\":\"Toutes Nos \u00c9nergies \u2013 Occitanie Environnement\",\"description\":\"Pour une \u00e9nergie respectueuse du vivant et des territoires ruraux en Occitanie\",\"publisher\":{\"@id\":\"https:\\\/\\\/toutesnosenergies.fr\\\/#organization\"},\"potentialAction\":[{\"@type\":\"SearchAction\",\"target\":{\"@type\":\"EntryPoint\",\"urlTemplate\":\"https:\\\/\\\/toutesnosenergies.fr\\\/?s={search_term_string}\"},\"query-input\":{\"@type\":\"PropertyValueSpecification\",\"valueRequired\":true,\"valueName\":\"search_term_string\"}}],\"inLanguage\":\"fr-FR\"},{\"@type\":\"Organization\",\"@id\":\"https:\\\/\\\/toutesnosenergies.fr\\\/#organization\",\"name\":\"Toutes Nos \u00c9nergies \u2013 Occitanie Environnement\",\"url\":\"https:\\\/\\\/toutesnosenergies.fr\\\/\",\"logo\":{\"@type\":\"ImageObject\",\"inLanguage\":\"fr-FR\",\"@id\":\"https:\\\/\\\/toutesnosenergies.fr\\\/#\\\/schema\\\/logo\\\/image\\\/\",\"url\":\"https:\\\/\\\/toutesnosenergies.fr\\\/wp-content\\\/uploads\\\/2023\\\/01\\\/Petit-logo.png\",\"contentUrl\":\"https:\\\/\\\/toutesnosenergies.fr\\\/wp-content\\\/uploads\\\/2023\\\/01\\\/Petit-logo.png\",\"width\":360,\"height\":102,\"caption\":\"Toutes Nos \u00c9nergies \u2013 Occitanie Environnement\"},\"image\":{\"@id\":\"https:\\\/\\\/toutesnosenergies.fr\\\/#\\\/schema\\\/logo\\\/image\\\/\"},\"sameAs\":[\"https:\\\/\\\/www.facebook.com\\\/TNEtoutesnosenergiesOccitanieEnvironnement\"]},{\"@type\":\"Person\",\"@id\":\"https:\\\/\\\/toutesnosenergies.fr\\\/#\\\/schema\\\/person\\\/83b429b7810ce59e0a21afb7e0b3cb1c\",\"name\":\"WM81\",\"image\":{\"@type\":\"ImageObject\",\"inLanguage\":\"fr-FR\",\"@id\":\"https:\\\/\\\/secure.gravatar.com\\\/avatar\\\/aa9bf2bd97a7297274c53294f09e800c7ee0d88290f959d5d49f9380299b9ff1?s=96&d=mm&r=g\",\"url\":\"https:\\\/\\\/secure.gravatar.com\\\/avatar\\\/aa9bf2bd97a7297274c53294f09e800c7ee0d88290f959d5d49f9380299b9ff1?s=96&d=mm&r=g\",\"contentUrl\":\"https:\\\/\\\/secure.gravatar.com\\\/avatar\\\/aa9bf2bd97a7297274c53294f09e800c7ee0d88290f959d5d49f9380299b9ff1?s=96&d=mm&r=g\",\"caption\":\"WM81\"},\"sameAs\":[\"http:\\\/\\\/toutesnosenergies.fr\"],\"url\":\"https:\\\/\\\/toutesnosenergies.fr\\\/index.php\\\/author\\\/wm81\\\/\"}]}<\/script>\n<!-- \/ Yoast SEO plugin. -->","yoast_head_json":{"title":"La transition \u00e9nerg\u00e9tique sans une \u00e9olienne de plus ! - Toutes Nos \u00c9nergies \u2013 Occitanie Environnement","robots":{"index":"index","follow":"follow","max-snippet":"max-snippet:-1","max-image-preview":"max-image-preview:large","max-video-preview":"max-video-preview:-1"},"canonical":"https:\/\/toutesnosenergies.fr\/index.php\/2018\/12\/04\/la-transition-energetique-sans-une-eolienne-de-plus\/","og_locale":"fr_FR","og_type":"article","og_title":"La transition \u00e9nerg\u00e9tique sans une \u00e9olienne de plus ! - Toutes Nos \u00c9nergies \u2013 Occitanie Environnement","og_description":"Xavier Bertrand, pr\u00e9sident de la r\u00e9gion des Hauts de France \u2013 dans une lettre \u00e0 Fran\u00e7ois de Rugy, ministre de la transition \u00e9cologique et solidaire \u2013 plaide pour l\u2019arr\u00eat de l\u2019implantation de parcs d\u2019\u00e9oliennes industrielles dans sa r\u00e9gion. \u00ab\u00a0L\u2019\u00e9olien a atteint dans les Hauts de France ses limites en termes d\u2019occupation de l\u2019espace. Ce d\u00e9veloppement ... Lire plus","og_url":"https:\/\/toutesnosenergies.fr\/index.php\/2018\/12\/04\/la-transition-energetique-sans-une-eolienne-de-plus\/","og_site_name":"Toutes Nos \u00c9nergies \u2013 Occitanie Environnement","article_publisher":"https:\/\/www.facebook.com\/TNEtoutesnosenergiesOccitanieEnvironnement","article_published_time":"2018-12-04T13:26:01+00:00","article_modified_time":"2018-12-04T13:26:51+00:00","author":"WM81","twitter_card":"summary_large_image","twitter_misc":{"\u00c9crit par":"WM81","Dur\u00e9e de lecture estim\u00e9e":"1 minute"},"schema":{"@context":"https:\/\/schema.org","@graph":[{"@type":"Article","@id":"https:\/\/toutesnosenergies.fr\/index.php\/2018\/12\/04\/la-transition-energetique-sans-une-eolienne-de-plus\/#article","isPartOf":{"@id":"https:\/\/toutesnosenergies.fr\/index.php\/2018\/12\/04\/la-transition-energetique-sans-une-eolienne-de-plus\/"},"author":{"name":"WM81","@id":"https:\/\/toutesnosenergies.fr\/#\/schema\/person\/83b429b7810ce59e0a21afb7e0b3cb1c"},"headline":"La transition \u00e9nerg\u00e9tique sans une \u00e9olienne de plus !","datePublished":"2018-12-04T13:26:01+00:00","dateModified":"2018-12-04T13:26:51+00:00","mainEntityOfPage":{"@id":"https:\/\/toutesnosenergies.fr\/index.php\/2018\/12\/04\/la-transition-energetique-sans-une-eolienne-de-plus\/"},"wordCount":155,"commentCount":0,"publisher":{"@id":"https:\/\/toutesnosenergies.fr\/#organization"},"inLanguage":"fr-FR","potentialAction":[{"@type":"CommentAction","name":"Comment","target":["https:\/\/toutesnosenergies.fr\/index.php\/2018\/12\/04\/la-transition-energetique-sans-une-eolienne-de-plus\/#respond"]}]},{"@type":"WebPage","@id":"https:\/\/toutesnosenergies.fr\/index.php\/2018\/12\/04\/la-transition-energetique-sans-une-eolienne-de-plus\/","url":"https:\/\/toutesnosenergies.fr\/index.php\/2018\/12\/04\/la-transition-energetique-sans-une-eolienne-de-plus\/","name":"La transition \u00e9nerg\u00e9tique sans une \u00e9olienne de plus ! - Toutes Nos \u00c9nergies \u2013 Occitanie Environnement","isPartOf":{"@id":"https:\/\/toutesnosenergies.fr\/#website"},"datePublished":"2018-12-04T13:26:01+00:00","dateModified":"2018-12-04T13:26:51+00:00","breadcrumb":{"@id":"https:\/\/toutesnosenergies.fr\/index.php\/2018\/12\/04\/la-transition-energetique-sans-une-eolienne-de-plus\/#breadcrumb"},"inLanguage":"fr-FR","potentialAction":[{"@type":"ReadAction","target":["https:\/\/toutesnosenergies.fr\/index.php\/2018\/12\/04\/la-transition-energetique-sans-une-eolienne-de-plus\/"]}]},{"@type":"BreadcrumbList","@id":"https:\/\/toutesnosenergies.fr\/index.php\/2018\/12\/04\/la-transition-energetique-sans-une-eolienne-de-plus\/#breadcrumb","itemListElement":[{"@type":"ListItem","position":1,"name":"Accueil","item":"https:\/\/toutesnosenergies.fr\/"},{"@type":"ListItem","position":2,"name":"La transition \u00e9nerg\u00e9tique sans une \u00e9olienne de plus !"}]},{"@type":"WebSite","@id":"https:\/\/toutesnosenergies.fr\/#website","url":"https:\/\/toutesnosenergies.fr\/","name":"Toutes Nos \u00c9nergies \u2013 Occitanie Environnement","description":"Pour une \u00e9nergie respectueuse du vivant et des territoires ruraux en Occitanie","publisher":{"@id":"https:\/\/toutesnosenergies.fr\/#organization"},"potentialAction":[{"@type":"SearchAction","target":{"@type":"EntryPoint","urlTemplate":"https:\/\/toutesnosenergies.fr\/?s={search_term_string}"},"query-input":{"@type":"PropertyValueSpecification","valueRequired":true,"valueName":"search_term_string"}}],"inLanguage":"fr-FR"},{"@type":"Organization","@id":"https:\/\/toutesnosenergies.fr\/#organization","name":"Toutes Nos \u00c9nergies \u2013 Occitanie Environnement","url":"https:\/\/toutesnosenergies.fr\/","logo":{"@type":"ImageObject","inLanguage":"fr-FR","@id":"https:\/\/toutesnosenergies.fr\/#\/schema\/logo\/image\/","url":"https:\/\/toutesnosenergies.fr\/wp-content\/uploads\/2023\/01\/Petit-logo.png","contentUrl":"https:\/\/toutesnosenergies.fr\/wp-content\/uploads\/2023\/01\/Petit-logo.png","width":360,"height":102,"caption":"Toutes Nos \u00c9nergies \u2013 Occitanie Environnement"},"image":{"@id":"https:\/\/toutesnosenergies.fr\/#\/schema\/logo\/image\/"},"sameAs":["https:\/\/www.facebook.com\/TNEtoutesnosenergiesOccitanieEnvironnement"]},{"@type":"Person","@id":"https:\/\/toutesnosenergies.fr\/#\/schema\/person\/83b429b7810ce59e0a21afb7e0b3cb1c","name":"WM81","image":{"@type":"ImageObject","inLanguage":"fr-FR","@id":"https:\/\/secure.gravatar.com\/avatar\/aa9bf2bd97a7297274c53294f09e800c7ee0d88290f959d5d49f9380299b9ff1?s=96&d=mm&r=g","url":"https:\/\/secure.gravatar.com\/avatar\/aa9bf2bd97a7297274c53294f09e800c7ee0d88290f959d5d49f9380299b9ff1?s=96&d=mm&r=g","contentUrl":"https:\/\/secure.gravatar.com\/avatar\/aa9bf2bd97a7297274c53294f09e800c7ee0d88290f959d5d49f9380299b9ff1?s=96&d=mm&r=g","caption":"WM81"},"sameAs":["http:\/\/toutesnosenergies.fr"],"url":"https:\/\/toutesnosenergies.fr\/index.php\/author\/wm81\/"}]}},"_links":{"self":[{"href":"https:\/\/toutesnosenergies.fr\/index.php\/wp-json\/wp\/v2\/posts\/1833","targetHints":{"allow":["GET"]}}],"collection":[{"href":"https:\/\/toutesnosenergies.fr\/index.php\/wp-json\/wp\/v2\/posts"}],"about":[{"href":"https:\/\/toutesnosenergies.fr\/index.php\/wp-json\/wp\/v2\/types\/post"}],"author":[{"embeddable":true,"href":"https:\/\/toutesnosenergies.fr\/index.php\/wp-json\/wp\/v2\/users\/3"}],"replies":[{"embeddable":true,"href":"https:\/\/toutesnosenergies.fr\/index.php\/wp-json\/wp\/v2\/comments?post=1833"}],"version-history":[{"count":2,"href":"https:\/\/toutesnosenergies.fr\/index.php\/wp-json\/wp\/v2\/posts\/1833\/revisions"}],"predecessor-version":[{"id":1836,"href":"https:\/\/toutesnosenergies.fr\/index.php\/wp-json\/wp\/v2\/posts\/1833\/revisions\/1836"}],"wp:attachment":[{"href":"https:\/\/toutesnosenergies.fr\/index.php\/wp-json\/wp\/v2\/media?parent=1833"}],"wp:term":[{"taxonomy":"category","embeddable":true,"href":"https:\/\/toutesnosenergies.fr\/index.php\/wp-json\/wp\/v2\/categories?post=1833"},{"taxonomy":"post_tag","embeddable":true,"href":"https:\/\/toutesnosenergies.fr\/index.php\/wp-json\/wp\/v2\/tags?post=1833"}],"curies":[{"name":"wp","href":"https:\/\/api.w.org\/{rel}","templated":true}]}}