{"id":1867,"date":"2018-12-13T11:47:48","date_gmt":"2018-12-13T10:47:48","guid":{"rendered":"http:\/\/toutesnosenergies.fr\/?p=1867"},"modified":"2018-12-13T12:03:19","modified_gmt":"2018-12-13T11:03:19","slug":"participons-a-la-redaction-des-cahiers-de-doleances","status":"publish","type":"post","link":"https:\/\/toutesnosenergies.fr\/index.php\/2018\/12\/13\/participons-a-la-redaction-des-cahiers-de-doleances\/","title":{"rendered":"Participons \u00e0 la r\u00e9daction des cahiers de dol\u00e9ances"},"content":{"rendered":"<p><a href=\"http:\/\/toutesnosenergies.fr\/wp-content\/uploads\/2018\/12\/mod\u00e8le-cahier-de-dol\u00e9ances-recto.jpg\"><img loading=\"lazy\" decoding=\"async\" class=\"alignleft size-medium wp-image-1859\" src=\"http:\/\/toutesnosenergies.fr\/wp-content\/uploads\/2018\/12\/mod\u00e8le-cahier-de-dol\u00e9ances-recto-212x300.jpg\" alt=\"\" width=\"212\" height=\"300\" srcset=\"https:\/\/toutesnosenergies.fr\/wp-content\/uploads\/2018\/12\/mod\u00e8le-cahier-de-dol\u00e9ances-recto-212x300.jpg 212w, https:\/\/toutesnosenergies.fr\/wp-content\/uploads\/2018\/12\/mod\u00e8le-cahier-de-dol\u00e9ances-recto-768x1086.jpg 768w, https:\/\/toutesnosenergies.fr\/wp-content\/uploads\/2018\/12\/mod\u00e8le-cahier-de-dol\u00e9ances-recto-724x1024.jpg 724w, https:\/\/toutesnosenergies.fr\/wp-content\/uploads\/2018\/12\/mod\u00e8le-cahier-de-dol\u00e9ances-recto.jpg 1240w\" sizes=\"auto, (max-width: 212px) 100vw, 212px\" \/><\/a>L&rsquo; Association des Maires Ruraux de France a d\u00e9cid\u00e9 de mettre en place, au vu des mouvements de revendications du moment, des cahiers de recueil des \u00abdol\u00e9ances et propositions des habitants ruraux\u00bb dans toutes les Mairies des territoires ruraux.<\/p>\n<p style=\"text-align: center;\"><strong>Nous avons jusqu&rsquo;au samedi 15 d\u00e9cembre pour participer \u00e0 leur r\u00e9daction.<\/strong><\/p>\n<p style=\"text-align: center;\">Voici quelques conseils de m\u00e9thode et quelques suggestions !<\/p>\n<p style=\"text-align: center;\"><strong>Rappelez vous des cons\u00e9quences<br \/>\ndes cahiers de dol\u00e9ances de 1789<\/strong><\/p>\n<p><!--more-->Comment faire ?<\/p>\n<ol>\n<li><strong> il existe un mod\u00e8le tr\u00e8s simple, ci-joint. <\/strong>A lecture vous voyez que, si possible, il faut \u00e9galement \u00eatre auteur de propositions : pas obligatoire mais souhaitable.<\/li>\n<li><strong> si votre maire n&rsquo;a pas adh\u00e9r\u00e9 \u00e0 cette d\u00e9marche, trouvez un maire d&rsquo;une commune voisine qui a ouvert cette proc\u00e9dure,<\/strong>et commencez votre texte par la justification simple :\u00a0<em>J&rsquo;habite la commune de &#8230;&#8230; . Celle-ci n&rsquo;ayant pas ouvert un cahier de dol\u00e9ances, je demande au maire de la commune voisine de &#8230;.. de bien vouloir proc\u00e9der comme si j&rsquo;\u00e9tais l&rsquo;un de ses administr\u00e9s<\/em>(enfin, une phrase de ce genre)<\/li>\n<li>une fois votre texte \u00e9tabli <u>et sign\u00e9<\/u>, <strong>pensez \u00e0 le photocopier et \u00e0 le scanner.<\/strong><\/li>\n<\/ol>\n<p style=\"padding-left: 30px;\">\u00c0 le photocopier pour en avoir la preuve et la m\u00e9moire.<br \/>\n\u00c0 le scanner parce que le <u>d\u00e9p\u00f4t par email est recevable;<\/u><\/p>\n<ol start=\"4\">\n<li>c&rsquo;est \u00e0 adresser au maire, mais vous pouvez aussi l&rsquo;adresser au pr\u00e9sident de votre communuat\u00e9 de communes, \u00e0 votre d\u00e9put\u00e9, \u00e0 votre s\u00e9nateur (par courrier ou par mail).<\/li>\n<\/ol>\n<p style=\"text-align: center;\"><strong>Avant le samedi 15 d\u00e9cembre au soir.<\/strong><\/p>\n<p>Voici quelques arguments sugg\u00e9r\u00e9s, issus de nos r\u00e9flexions collectives, \u00e0 charge pour chacun.e de s&rsquo;en inspirer:<\/p>\n<ol>\n<li>Nous nous ressentons malmen\u00e9s, socialement et financi\u00e8rement, par des d\u00e9cisions inacceptables en mati\u00e8re de transition \u00e9nerg\u00e9tique, trop influenc\u00e9es par des profits financiers ou politiques \u00e0 court terme. Par exemple, des sommes \u00e9normes et des privil\u00e8ges exorbitants ont \u00e9t\u00e9 accord\u00e9s aux investisseurs et industriels de l&rsquo;\u00e9olien (passe-droits en mati\u00e8re de r\u00e9glementation sanitaire et environnementale, avantages financiers et fiscaux, limitations du droit d&rsquo;expression et de recours des citoyens&#8230;). Leurs effets sont catastrophiques sur nos factures d&rsquo;\u00e9lectricit\u00e9 et sur le d\u00e9ficit d&rsquo;EDF. Il faut arr\u00eater l\u2019\u00e9olien terrestre qui a d\u00e9j\u00e0 co\u00fbt\u00e9 146 Mds \u20ac \u00e0 la Nation (rapport Cour des Comptes * 18 avril 2018).<\/li>\n<li>La priorit\u00e9 absolue doit \u00eatre de r\u00e9duire la pr\u00e9carit\u00e9 \u00e9nerg\u00e9tique et la consommation d\u2019\u00e9nergies fossiles en aidant nos concitoyens \u00e0 am\u00e9liorer l&rsquo;isolation de leur logement et leur mode de chauffage, en adoptant des dispositions collectives et individuelles, pour rendre leurs d\u00e9placements moins co\u00fbteux et moins consommateurs d&rsquo;\u00e9nergie.<\/li>\n<li>Il faut ensuite investir dans des \u00e9nergies renouvelables accept\u00e9es par la population, efficaces, supportables financi\u00e8rement, compatibles avec la pr\u00e9servation des paysages et de l\u2019environnement, compatibles avec l\u2019attractivit\u00e9 des pays ruraux. Il faut d\u00e9velopper la production de chaleur renouvelable dont l\u2019efficacit\u00e9 \u00e9conomique et \u00e9cologique est certaine, plut\u00f4t que le tout \u00e9lectrique.<\/li>\n<li>Nous demandons que le produit des imp\u00f4ts sur les carburants soit fl\u00e9ch\u00e9 sur ces\u00a0 objectifs.<\/li>\n<li>Nous demandons aux pouvoirs publics \u00e0 tous les niveaux (Etat, R\u00e9gion, D\u00e9partement, intercommunalit\u00e9s, maires) de respecter la dignit\u00e9 et les conditions de vie des habitants des espaces ruraux, car c&rsquo;est eux qui font vivre ces territoires, sans toujours b\u00e9n\u00e9ficier d\u2019un niveau acceptable de services publics. Nous demandons que les citoyens soient associ\u00e9s \u00e0 toute d\u00e9cision concernant des projets \u00e9nerg\u00e9tiques, en commen\u00e7ant par une information compl\u00e8te et honn\u00eate.<\/li>\n<\/ol>\n","protected":false},"excerpt":{"rendered":"<p>L&rsquo; Association des Maires Ruraux de France a d\u00e9cid\u00e9 de mettre en place, au vu des mouvements de revendications du moment, des cahiers de recueil des \u00abdol\u00e9ances et propositions des habitants ruraux\u00bb dans toutes les Mairies des territoires ruraux.<\/p>\n<p>Nous avons jusqu&rsquo;au samedi 15 d\u00e9cembre pour participer \u00e0 leur r\u00e9daction.<\/p>\n<p>Voici quelques conseils de m\u00e9thode et quelques suggestions !<\/p>\n<p>Rappelez vous des cons\u00e9quences<br \/>\ndes cahiers de dol\u00e9ances de 1789<\/p>\n","protected":false},"author":3,"featured_media":0,"comment_status":"open","ping_status":"open","sticky":false,"template":"","format":"standard","meta":{"_cbd_carousel_blocks":"[]","sfsi_plus_gutenberg_text_before_share":"","sfsi_plus_gutenberg_show_text_before_share":"","sfsi_plus_gutenberg_icon_type":"","sfsi_plus_gutenberg_icon_alignemt":"","sfsi_plus_gutenburg_max_per_row":"","footnotes":""},"categories":[1],"tags":[],"class_list":["post-1867","post","type-post","status-publish","format-standard","hentry","category-non-classe"],"yoast_head":"<!-- This site is optimized with the Yoast SEO plugin v27.4 - https:\/\/yoast.com\/product\/yoast-seo-wordpress\/ -->\n<title>Participons \u00e0 la r\u00e9daction des cahiers de dol\u00e9ances - Toutes Nos \u00c9nergies \u2013 Occitanie Environnement<\/title>\n<meta name=\"robots\" content=\"index, follow, max-snippet:-1, max-image-preview:large, max-video-preview:-1\" \/>\n<link rel=\"canonical\" href=\"https:\/\/toutesnosenergies.fr\/index.php\/2018\/12\/13\/participons-a-la-redaction-des-cahiers-de-doleances\/\" \/>\n<meta property=\"og:locale\" content=\"fr_FR\" \/>\n<meta property=\"og:type\" content=\"article\" \/>\n<meta property=\"og:title\" content=\"Participons \u00e0 la r\u00e9daction des cahiers de dol\u00e9ances - Toutes Nos \u00c9nergies \u2013 Occitanie Environnement\" \/>\n<meta property=\"og:description\" content=\"L&#039; Association des Maires Ruraux de France a d\u00e9cid\u00e9 de mettre en place, au vu des mouvements de revendications du moment, des cahiers de recueil des \u00abdol\u00e9ances et propositions des habitants ruraux\u00bb dans toutes les Mairies des territoires ruraux.  Nous avons jusqu&#039;au samedi 15 d\u00e9cembre pour participer \u00e0 leur r\u00e9daction.  Voici quelques conseils de m\u00e9thode et quelques suggestions !  Rappelez vous des cons\u00e9quences  des cahiers de dol\u00e9ances de 1789\" \/>\n<meta property=\"og:url\" content=\"https:\/\/toutesnosenergies.fr\/index.php\/2018\/12\/13\/participons-a-la-redaction-des-cahiers-de-doleances\/\" \/>\n<meta property=\"og:site_name\" content=\"Toutes Nos \u00c9nergies \u2013 Occitanie Environnement\" \/>\n<meta property=\"article:publisher\" content=\"https:\/\/www.facebook.com\/TNEtoutesnosenergiesOccitanieEnvironnement\" \/>\n<meta property=\"article:published_time\" content=\"2018-12-13T10:47:48+00:00\" \/>\n<meta property=\"article:modified_time\" content=\"2018-12-13T11:03:19+00:00\" \/>\n<meta name=\"author\" content=\"WM81\" \/>\n<meta name=\"twitter:card\" content=\"summary_large_image\" \/>\n<meta name=\"twitter:label1\" content=\"\u00c9crit par\" \/>\n\t<meta name=\"twitter:data1\" content=\"WM81\" \/>\n\t<meta name=\"twitter:label2\" content=\"Dur\u00e9e de lecture estim\u00e9e\" \/>\n\t<meta name=\"twitter:data2\" content=\"3 minutes\" \/>\n<script type=\"application\/ld+json\" class=\"yoast-schema-graph\">{\"@context\":\"https:\\\/\\\/schema.org\",\"@graph\":[{\"@type\":\"Article\",\"@id\":\"https:\\\/\\\/toutesnosenergies.fr\\\/index.php\\\/2018\\\/12\\\/13\\\/participons-a-la-redaction-des-cahiers-de-doleances\\\/#article\",\"isPartOf\":{\"@id\":\"https:\\\/\\\/toutesnosenergies.fr\\\/index.php\\\/2018\\\/12\\\/13\\\/participons-a-la-redaction-des-cahiers-de-doleances\\\/\"},\"author\":{\"name\":\"WM81\",\"@id\":\"https:\\\/\\\/toutesnosenergies.fr\\\/#\\\/schema\\\/person\\\/83b429b7810ce59e0a21afb7e0b3cb1c\"},\"headline\":\"Participons \u00e0 la r\u00e9daction des cahiers de dol\u00e9ances\",\"datePublished\":\"2018-12-13T10:47:48+00:00\",\"dateModified\":\"2018-12-13T11:03:19+00:00\",\"mainEntityOfPage\":{\"@id\":\"https:\\\/\\\/toutesnosenergies.fr\\\/index.php\\\/2018\\\/12\\\/13\\\/participons-a-la-redaction-des-cahiers-de-doleances\\\/\"},\"wordCount\":590,\"commentCount\":0,\"publisher\":{\"@id\":\"https:\\\/\\\/toutesnosenergies.fr\\\/#organization\"},\"inLanguage\":\"fr-FR\",\"potentialAction\":[{\"@type\":\"CommentAction\",\"name\":\"Comment\",\"target\":[\"https:\\\/\\\/toutesnosenergies.fr\\\/index.php\\\/2018\\\/12\\\/13\\\/participons-a-la-redaction-des-cahiers-de-doleances\\\/#respond\"]}]},{\"@type\":\"WebPage\",\"@id\":\"https:\\\/\\\/toutesnosenergies.fr\\\/index.php\\\/2018\\\/12\\\/13\\\/participons-a-la-redaction-des-cahiers-de-doleances\\\/\",\"url\":\"https:\\\/\\\/toutesnosenergies.fr\\\/index.php\\\/2018\\\/12\\\/13\\\/participons-a-la-redaction-des-cahiers-de-doleances\\\/\",\"name\":\"Participons \u00e0 la r\u00e9daction des cahiers de dol\u00e9ances - Toutes Nos \u00c9nergies \u2013 Occitanie Environnement\",\"isPartOf\":{\"@id\":\"https:\\\/\\\/toutesnosenergies.fr\\\/#website\"},\"datePublished\":\"2018-12-13T10:47:48+00:00\",\"dateModified\":\"2018-12-13T11:03:19+00:00\",\"breadcrumb\":{\"@id\":\"https:\\\/\\\/toutesnosenergies.fr\\\/index.php\\\/2018\\\/12\\\/13\\\/participons-a-la-redaction-des-cahiers-de-doleances\\\/#breadcrumb\"},\"inLanguage\":\"fr-FR\",\"potentialAction\":[{\"@type\":\"ReadAction\",\"target\":[\"https:\\\/\\\/toutesnosenergies.fr\\\/index.php\\\/2018\\\/12\\\/13\\\/participons-a-la-redaction-des-cahiers-de-doleances\\\/\"]}]},{\"@type\":\"BreadcrumbList\",\"@id\":\"https:\\\/\\\/toutesnosenergies.fr\\\/index.php\\\/2018\\\/12\\\/13\\\/participons-a-la-redaction-des-cahiers-de-doleances\\\/#breadcrumb\",\"itemListElement\":[{\"@type\":\"ListItem\",\"position\":1,\"name\":\"Accueil\",\"item\":\"https:\\\/\\\/toutesnosenergies.fr\\\/\"},{\"@type\":\"ListItem\",\"position\":2,\"name\":\"Participons \u00e0 la r\u00e9daction des cahiers de dol\u00e9ances\"}]},{\"@type\":\"WebSite\",\"@id\":\"https:\\\/\\\/toutesnosenergies.fr\\\/#website\",\"url\":\"https:\\\/\\\/toutesnosenergies.fr\\\/\",\"name\":\"Toutes Nos \u00c9nergies \u2013 Occitanie Environnement\",\"description\":\"Pour une \u00e9nergie respectueuse du vivant et des territoires ruraux en Occitanie\",\"publisher\":{\"@id\":\"https:\\\/\\\/toutesnosenergies.fr\\\/#organization\"},\"potentialAction\":[{\"@type\":\"SearchAction\",\"target\":{\"@type\":\"EntryPoint\",\"urlTemplate\":\"https:\\\/\\\/toutesnosenergies.fr\\\/?s={search_term_string}\"},\"query-input\":{\"@type\":\"PropertyValueSpecification\",\"valueRequired\":true,\"valueName\":\"search_term_string\"}}],\"inLanguage\":\"fr-FR\"},{\"@type\":\"Organization\",\"@id\":\"https:\\\/\\\/toutesnosenergies.fr\\\/#organization\",\"name\":\"Toutes Nos \u00c9nergies \u2013 Occitanie Environnement\",\"url\":\"https:\\\/\\\/toutesnosenergies.fr\\\/\",\"logo\":{\"@type\":\"ImageObject\",\"inLanguage\":\"fr-FR\",\"@id\":\"https:\\\/\\\/toutesnosenergies.fr\\\/#\\\/schema\\\/logo\\\/image\\\/\",\"url\":\"https:\\\/\\\/toutesnosenergies.fr\\\/wp-content\\\/uploads\\\/2023\\\/01\\\/Petit-logo.png\",\"contentUrl\":\"https:\\\/\\\/toutesnosenergies.fr\\\/wp-content\\\/uploads\\\/2023\\\/01\\\/Petit-logo.png\",\"width\":360,\"height\":102,\"caption\":\"Toutes Nos \u00c9nergies \u2013 Occitanie Environnement\"},\"image\":{\"@id\":\"https:\\\/\\\/toutesnosenergies.fr\\\/#\\\/schema\\\/logo\\\/image\\\/\"},\"sameAs\":[\"https:\\\/\\\/www.facebook.com\\\/TNEtoutesnosenergiesOccitanieEnvironnement\"]},{\"@type\":\"Person\",\"@id\":\"https:\\\/\\\/toutesnosenergies.fr\\\/#\\\/schema\\\/person\\\/83b429b7810ce59e0a21afb7e0b3cb1c\",\"name\":\"WM81\",\"image\":{\"@type\":\"ImageObject\",\"inLanguage\":\"fr-FR\",\"@id\":\"https:\\\/\\\/secure.gravatar.com\\\/avatar\\\/aa9bf2bd97a7297274c53294f09e800c7ee0d88290f959d5d49f9380299b9ff1?s=96&d=mm&r=g\",\"url\":\"https:\\\/\\\/secure.gravatar.com\\\/avatar\\\/aa9bf2bd97a7297274c53294f09e800c7ee0d88290f959d5d49f9380299b9ff1?s=96&d=mm&r=g\",\"contentUrl\":\"https:\\\/\\\/secure.gravatar.com\\\/avatar\\\/aa9bf2bd97a7297274c53294f09e800c7ee0d88290f959d5d49f9380299b9ff1?s=96&d=mm&r=g\",\"caption\":\"WM81\"},\"sameAs\":[\"http:\\\/\\\/toutesnosenergies.fr\"],\"url\":\"https:\\\/\\\/toutesnosenergies.fr\\\/index.php\\\/author\\\/wm81\\\/\"}]}<\/script>\n<!-- \/ Yoast SEO plugin. -->","yoast_head_json":{"title":"Participons \u00e0 la r\u00e9daction des cahiers de dol\u00e9ances - Toutes Nos \u00c9nergies \u2013 Occitanie Environnement","robots":{"index":"index","follow":"follow","max-snippet":"max-snippet:-1","max-image-preview":"max-image-preview:large","max-video-preview":"max-video-preview:-1"},"canonical":"https:\/\/toutesnosenergies.fr\/index.php\/2018\/12\/13\/participons-a-la-redaction-des-cahiers-de-doleances\/","og_locale":"fr_FR","og_type":"article","og_title":"Participons \u00e0 la r\u00e9daction des cahiers de dol\u00e9ances - Toutes Nos \u00c9nergies \u2013 Occitanie Environnement","og_description":"L' Association des Maires Ruraux de France a d\u00e9cid\u00e9 de mettre en place, au vu des mouvements de revendications du moment, des cahiers de recueil des \u00abdol\u00e9ances et propositions des habitants ruraux\u00bb dans toutes les Mairies des territoires ruraux.  Nous avons jusqu'au samedi 15 d\u00e9cembre pour participer \u00e0 leur r\u00e9daction.  Voici quelques conseils de m\u00e9thode et quelques suggestions !  Rappelez vous des cons\u00e9quences  des cahiers de dol\u00e9ances de 1789","og_url":"https:\/\/toutesnosenergies.fr\/index.php\/2018\/12\/13\/participons-a-la-redaction-des-cahiers-de-doleances\/","og_site_name":"Toutes Nos \u00c9nergies \u2013 Occitanie Environnement","article_publisher":"https:\/\/www.facebook.com\/TNEtoutesnosenergiesOccitanieEnvironnement","article_published_time":"2018-12-13T10:47:48+00:00","article_modified_time":"2018-12-13T11:03:19+00:00","author":"WM81","twitter_card":"summary_large_image","twitter_misc":{"\u00c9crit par":"WM81","Dur\u00e9e de lecture estim\u00e9e":"3 minutes"},"schema":{"@context":"https:\/\/schema.org","@graph":[{"@type":"Article","@id":"https:\/\/toutesnosenergies.fr\/index.php\/2018\/12\/13\/participons-a-la-redaction-des-cahiers-de-doleances\/#article","isPartOf":{"@id":"https:\/\/toutesnosenergies.fr\/index.php\/2018\/12\/13\/participons-a-la-redaction-des-cahiers-de-doleances\/"},"author":{"name":"WM81","@id":"https:\/\/toutesnosenergies.fr\/#\/schema\/person\/83b429b7810ce59e0a21afb7e0b3cb1c"},"headline":"Participons \u00e0 la r\u00e9daction des cahiers de dol\u00e9ances","datePublished":"2018-12-13T10:47:48+00:00","dateModified":"2018-12-13T11:03:19+00:00","mainEntityOfPage":{"@id":"https:\/\/toutesnosenergies.fr\/index.php\/2018\/12\/13\/participons-a-la-redaction-des-cahiers-de-doleances\/"},"wordCount":590,"commentCount":0,"publisher":{"@id":"https:\/\/toutesnosenergies.fr\/#organization"},"inLanguage":"fr-FR","potentialAction":[{"@type":"CommentAction","name":"Comment","target":["https:\/\/toutesnosenergies.fr\/index.php\/2018\/12\/13\/participons-a-la-redaction-des-cahiers-de-doleances\/#respond"]}]},{"@type":"WebPage","@id":"https:\/\/toutesnosenergies.fr\/index.php\/2018\/12\/13\/participons-a-la-redaction-des-cahiers-de-doleances\/","url":"https:\/\/toutesnosenergies.fr\/index.php\/2018\/12\/13\/participons-a-la-redaction-des-cahiers-de-doleances\/","name":"Participons \u00e0 la r\u00e9daction des cahiers de dol\u00e9ances - Toutes Nos \u00c9nergies \u2013 Occitanie Environnement","isPartOf":{"@id":"https:\/\/toutesnosenergies.fr\/#website"},"datePublished":"2018-12-13T10:47:48+00:00","dateModified":"2018-12-13T11:03:19+00:00","breadcrumb":{"@id":"https:\/\/toutesnosenergies.fr\/index.php\/2018\/12\/13\/participons-a-la-redaction-des-cahiers-de-doleances\/#breadcrumb"},"inLanguage":"fr-FR","potentialAction":[{"@type":"ReadAction","target":["https:\/\/toutesnosenergies.fr\/index.php\/2018\/12\/13\/participons-a-la-redaction-des-cahiers-de-doleances\/"]}]},{"@type":"BreadcrumbList","@id":"https:\/\/toutesnosenergies.fr\/index.php\/2018\/12\/13\/participons-a-la-redaction-des-cahiers-de-doleances\/#breadcrumb","itemListElement":[{"@type":"ListItem","position":1,"name":"Accueil","item":"https:\/\/toutesnosenergies.fr\/"},{"@type":"ListItem","position":2,"name":"Participons \u00e0 la r\u00e9daction des cahiers de dol\u00e9ances"}]},{"@type":"WebSite","@id":"https:\/\/toutesnosenergies.fr\/#website","url":"https:\/\/toutesnosenergies.fr\/","name":"Toutes Nos \u00c9nergies \u2013 Occitanie Environnement","description":"Pour une \u00e9nergie respectueuse du vivant et des territoires ruraux en Occitanie","publisher":{"@id":"https:\/\/toutesnosenergies.fr\/#organization"},"potentialAction":[{"@type":"SearchAction","target":{"@type":"EntryPoint","urlTemplate":"https:\/\/toutesnosenergies.fr\/?s={search_term_string}"},"query-input":{"@type":"PropertyValueSpecification","valueRequired":true,"valueName":"search_term_string"}}],"inLanguage":"fr-FR"},{"@type":"Organization","@id":"https:\/\/toutesnosenergies.fr\/#organization","name":"Toutes Nos \u00c9nergies \u2013 Occitanie Environnement","url":"https:\/\/toutesnosenergies.fr\/","logo":{"@type":"ImageObject","inLanguage":"fr-FR","@id":"https:\/\/toutesnosenergies.fr\/#\/schema\/logo\/image\/","url":"https:\/\/toutesnosenergies.fr\/wp-content\/uploads\/2023\/01\/Petit-logo.png","contentUrl":"https:\/\/toutesnosenergies.fr\/wp-content\/uploads\/2023\/01\/Petit-logo.png","width":360,"height":102,"caption":"Toutes Nos \u00c9nergies \u2013 Occitanie Environnement"},"image":{"@id":"https:\/\/toutesnosenergies.fr\/#\/schema\/logo\/image\/"},"sameAs":["https:\/\/www.facebook.com\/TNEtoutesnosenergiesOccitanieEnvironnement"]},{"@type":"Person","@id":"https:\/\/toutesnosenergies.fr\/#\/schema\/person\/83b429b7810ce59e0a21afb7e0b3cb1c","name":"WM81","image":{"@type":"ImageObject","inLanguage":"fr-FR","@id":"https:\/\/secure.gravatar.com\/avatar\/aa9bf2bd97a7297274c53294f09e800c7ee0d88290f959d5d49f9380299b9ff1?s=96&d=mm&r=g","url":"https:\/\/secure.gravatar.com\/avatar\/aa9bf2bd97a7297274c53294f09e800c7ee0d88290f959d5d49f9380299b9ff1?s=96&d=mm&r=g","contentUrl":"https:\/\/secure.gravatar.com\/avatar\/aa9bf2bd97a7297274c53294f09e800c7ee0d88290f959d5d49f9380299b9ff1?s=96&d=mm&r=g","caption":"WM81"},"sameAs":["http:\/\/toutesnosenergies.fr"],"url":"https:\/\/toutesnosenergies.fr\/index.php\/author\/wm81\/"}]}},"_links":{"self":[{"href":"https:\/\/toutesnosenergies.fr\/index.php\/wp-json\/wp\/v2\/posts\/1867","targetHints":{"allow":["GET"]}}],"collection":[{"href":"https:\/\/toutesnosenergies.fr\/index.php\/wp-json\/wp\/v2\/posts"}],"about":[{"href":"https:\/\/toutesnosenergies.fr\/index.php\/wp-json\/wp\/v2\/types\/post"}],"author":[{"embeddable":true,"href":"https:\/\/toutesnosenergies.fr\/index.php\/wp-json\/wp\/v2\/users\/3"}],"replies":[{"embeddable":true,"href":"https:\/\/toutesnosenergies.fr\/index.php\/wp-json\/wp\/v2\/comments?post=1867"}],"version-history":[{"count":3,"href":"https:\/\/toutesnosenergies.fr\/index.php\/wp-json\/wp\/v2\/posts\/1867\/revisions"}],"predecessor-version":[{"id":1870,"href":"https:\/\/toutesnosenergies.fr\/index.php\/wp-json\/wp\/v2\/posts\/1867\/revisions\/1870"}],"wp:attachment":[{"href":"https:\/\/toutesnosenergies.fr\/index.php\/wp-json\/wp\/v2\/media?parent=1867"}],"wp:term":[{"taxonomy":"category","embeddable":true,"href":"https:\/\/toutesnosenergies.fr\/index.php\/wp-json\/wp\/v2\/categories?post=1867"},{"taxonomy":"post_tag","embeddable":true,"href":"https:\/\/toutesnosenergies.fr\/index.php\/wp-json\/wp\/v2\/tags?post=1867"}],"curies":[{"name":"wp","href":"https:\/\/api.w.org\/{rel}","templated":true}]}}