{"id":1882,"date":"2018-12-18T14:09:18","date_gmt":"2018-12-18T13:09:18","guid":{"rendered":"http:\/\/toutesnosenergies.fr\/?p=1882"},"modified":"2018-12-18T14:35:53","modified_gmt":"2018-12-18T13:35:53","slug":"avis-de-tempete-cevenole","status":"publish","type":"post","link":"https:\/\/toutesnosenergies.fr\/index.php\/2018\/12\/18\/avis-de-tempete-cevenole\/","title":{"rendered":"Avis de temp\u00eate c\u00e9venole !"},"content":{"rendered":"<p><a href=\"http:\/\/toutesnosenergies.fr\/wp-content\/uploads\/2018\/12\/ADTC.jpeg\"><img loading=\"lazy\" decoding=\"async\" class=\"wp-image-1891 alignnone\" src=\"http:\/\/toutesnosenergies.fr\/wp-content\/uploads\/2018\/12\/ADTC-300x44.jpeg\" alt=\"\" width=\"293\" height=\"43\" srcset=\"https:\/\/toutesnosenergies.fr\/wp-content\/uploads\/2018\/12\/ADTC-300x44.jpeg 300w, https:\/\/toutesnosenergies.fr\/wp-content\/uploads\/2018\/12\/ADTC.jpeg 454w\" sizes=\"auto, (max-width: 293px) 100vw, 293px\" \/><\/a><\/p>\n<p>L&rsquo;association ard\u00e9choise, ADTC, (<a href=\"http:\/\/www.perspectivesecologiques.com\">Avis de Temp\u00eate C\u00e9venole<\/a>) nous envoie le <a href=\"http:\/\/toutesnosenergies.fr\/wp-content\/uploads\/2018\/12\/Meyrand-18Nov2018-Compte-Rendu.pdf\">compte-rendu de la manifestation du 18 novembre<\/a> au col de Meyrand.<\/p>\n<p>Mais elle nous transmet surtout une lettre ouverte aux \u00e9lus de proximit\u00e9, <a href=\"http:\/\/toutesnosenergies.fr\/wp-content\/uploads\/2018\/12\/ADTC-Lettre-Ouverte-Aux-Elus-De-Proximite-Decembre-2018.pdf\">\u00ab Gilets jaunes, illusions vertes\u00a0\u00bb<\/a> qui argumente de mani\u00e8re forte et convaincante le refus de la\u00a0\u00ab d\u00e9ferlante \u00e9olienne\u00a0\u00bb dans les territoires ruraux.Pour eux, vouloir tripler le nombre d&rsquo;\u00e9oliennes terrestres est une d\u00e9claration de guerre au milieu rural.<\/p>\n<p>Ils estiment qu&rsquo;aujourd\u2019hui, la fili\u00e8re \u00e9olienne aux enjeux \u00e9nerg\u00e9tiques et climatiques nationaux appara\u00eet pour ce qu\u2019elle est, c\u2019est-\u00e0-dire n\u00e9gligeable dans ses effets, et donc d\u2019autant plus exorbitante par ses co\u00fbts.<\/p>\n<div class=\"page\" title=\"Page 2\">\n<div class=\"section\">\n<div class=\"layoutArea\">\n<div class=\"column\">\n<p>L&rsquo;annonce gouvernementale de tripler le nombre d&rsquo;\u00e9oliennes s&rsquo;accompagne d&rsquo;une mesure l\u00e9gislative, dite \u00ab\u00a0d\u00e9cret Lecornu\u00a0\u00bb qui, de fa\u00e7on absolument in\u00e9dite dans le droit fran\u00e7ais, prive d\u00e9sormais les simples citoyens et les associations qui combattent la prolif\u00e9ration \u00e9olienne de la possibilit\u00e9 de saisir les tribunaux administratifs.<\/p>\n<p>Ils soutiennent toutes les demandes de moratoire des instances locales, d\u00e9partementales ou r\u00e9gionales, visant \u00e0 instaurer un d\u00e9bat r\u00e9el sur l&rsquo;int\u00e9r\u00eat et les nuisances des centrales \u00e9oliennes.<\/p>\n<p>Leur conclusion : \u00ab Le triplement annonc\u00e9 du nombre d&rsquo;\u00e9oliennes terrestres accompagne de fa\u00e7on tr\u00e8s coh\u00e9rente la rar\u00e9faction des services publics, la poursuite de la concentration dans les fili\u00e8res agricoles, et l\u2019essor de l&rsquo;extractivisme forestier. La perspective qui s\u2019esquisse au titre de ces \u00ab\u00a0tendances lourdes\u00a0\u00bb est celle de l\u2019\u00e9vacuation, progressive sans doute, mais inexorable et g\u00e9n\u00e9ralis\u00e9e, d\u2019un milieu rural transform\u00e9 en zone industrielle\u00a0\u00bb.<\/p>\n<\/div>\n<\/div>\n<\/div>\n<\/div>\n","protected":false},"excerpt":{"rendered":"<p>L&rsquo;association ard\u00e9choise, ADTC, (Avis de Temp\u00eate C\u00e9venole) nous envoie le compte-rendu de la manifestation du 18 novembre au col de Meyrand. Mais elle nous transmet surtout une lettre ouverte aux \u00e9lus de proximit\u00e9, \u00ab Gilets jaunes, illusions vertes\u00a0\u00bb qui argumente de mani\u00e8re forte et convaincante le refus de la\u00a0\u00ab d\u00e9ferlante \u00e9olienne\u00a0\u00bb dans les territoires ruraux.Pour &#8230; <a title=\"Avis de temp\u00eate c\u00e9venole !\" class=\"read-more\" href=\"https:\/\/toutesnosenergies.fr\/index.php\/2018\/12\/18\/avis-de-tempete-cevenole\/\" aria-label=\"Plus sur Avis de temp\u00eate c\u00e9venole !\">Lire plus<\/a><\/p>\n","protected":false},"author":3,"featured_media":0,"comment_status":"open","ping_status":"open","sticky":false,"template":"","format":"standard","meta":{"_cbd_carousel_blocks":"[]","sfsi_plus_gutenberg_text_before_share":"","sfsi_plus_gutenberg_show_text_before_share":"","sfsi_plus_gutenberg_icon_type":"","sfsi_plus_gutenberg_icon_alignemt":"","sfsi_plus_gutenburg_max_per_row":"","footnotes":""},"categories":[1],"tags":[],"class_list":["post-1882","post","type-post","status-publish","format-standard","hentry","category-non-classe"],"yoast_head":"<!-- This site is optimized with the Yoast SEO plugin v27.4 - https:\/\/yoast.com\/product\/yoast-seo-wordpress\/ -->\n<title>Avis de temp\u00eate c\u00e9venole ! - Toutes Nos \u00c9nergies \u2013 Occitanie Environnement<\/title>\n<meta name=\"robots\" content=\"index, follow, max-snippet:-1, max-image-preview:large, max-video-preview:-1\" \/>\n<link rel=\"canonical\" href=\"https:\/\/toutesnosenergies.fr\/index.php\/2018\/12\/18\/avis-de-tempete-cevenole\/\" \/>\n<meta property=\"og:locale\" content=\"fr_FR\" \/>\n<meta property=\"og:type\" content=\"article\" \/>\n<meta property=\"og:title\" content=\"Avis de temp\u00eate c\u00e9venole ! - Toutes Nos \u00c9nergies \u2013 Occitanie Environnement\" \/>\n<meta property=\"og:description\" content=\"L&rsquo;association ard\u00e9choise, ADTC, (Avis de Temp\u00eate C\u00e9venole) nous envoie le compte-rendu de la manifestation du 18 novembre au col de Meyrand. Mais elle nous transmet surtout une lettre ouverte aux \u00e9lus de proximit\u00e9, \u00ab Gilets jaunes, illusions vertes\u00a0\u00bb qui argumente de mani\u00e8re forte et convaincante le refus de la\u00a0\u00ab d\u00e9ferlante \u00e9olienne\u00a0\u00bb dans les territoires ruraux.Pour ... Lire plus\" \/>\n<meta property=\"og:url\" content=\"https:\/\/toutesnosenergies.fr\/index.php\/2018\/12\/18\/avis-de-tempete-cevenole\/\" \/>\n<meta property=\"og:site_name\" content=\"Toutes Nos \u00c9nergies \u2013 Occitanie Environnement\" \/>\n<meta property=\"article:publisher\" content=\"https:\/\/www.facebook.com\/TNEtoutesnosenergiesOccitanieEnvironnement\" \/>\n<meta property=\"article:published_time\" content=\"2018-12-18T13:09:18+00:00\" \/>\n<meta property=\"article:modified_time\" content=\"2018-12-18T13:35:53+00:00\" \/>\n<meta property=\"og:image\" content=\"http:\/\/toutesnosenergies.fr\/wp-content\/uploads\/2018\/12\/ADTC-300x44.jpeg\" \/>\n<meta name=\"author\" content=\"WM81\" \/>\n<meta name=\"twitter:card\" content=\"summary_large_image\" \/>\n<meta name=\"twitter:label1\" content=\"\u00c9crit par\" \/>\n\t<meta name=\"twitter:data1\" content=\"WM81\" \/>\n\t<meta name=\"twitter:label2\" content=\"Dur\u00e9e de lecture estim\u00e9e\" \/>\n\t<meta name=\"twitter:data2\" content=\"1 minute\" \/>\n<script type=\"application\/ld+json\" class=\"yoast-schema-graph\">{\"@context\":\"https:\\\/\\\/schema.org\",\"@graph\":[{\"@type\":\"Article\",\"@id\":\"https:\\\/\\\/toutesnosenergies.fr\\\/index.php\\\/2018\\\/12\\\/18\\\/avis-de-tempete-cevenole\\\/#article\",\"isPartOf\":{\"@id\":\"https:\\\/\\\/toutesnosenergies.fr\\\/index.php\\\/2018\\\/12\\\/18\\\/avis-de-tempete-cevenole\\\/\"},\"author\":{\"name\":\"WM81\",\"@id\":\"https:\\\/\\\/toutesnosenergies.fr\\\/#\\\/schema\\\/person\\\/83b429b7810ce59e0a21afb7e0b3cb1c\"},\"headline\":\"Avis de temp\u00eate c\u00e9venole !\",\"datePublished\":\"2018-12-18T13:09:18+00:00\",\"dateModified\":\"2018-12-18T13:35:53+00:00\",\"mainEntityOfPage\":{\"@id\":\"https:\\\/\\\/toutesnosenergies.fr\\\/index.php\\\/2018\\\/12\\\/18\\\/avis-de-tempete-cevenole\\\/\"},\"wordCount\":280,\"commentCount\":0,\"publisher\":{\"@id\":\"https:\\\/\\\/toutesnosenergies.fr\\\/#organization\"},\"image\":{\"@id\":\"https:\\\/\\\/toutesnosenergies.fr\\\/index.php\\\/2018\\\/12\\\/18\\\/avis-de-tempete-cevenole\\\/#primaryimage\"},\"thumbnailUrl\":\"http:\\\/\\\/toutesnosenergies.fr\\\/wp-content\\\/uploads\\\/2018\\\/12\\\/ADTC-300x44.jpeg\",\"inLanguage\":\"fr-FR\",\"potentialAction\":[{\"@type\":\"CommentAction\",\"name\":\"Comment\",\"target\":[\"https:\\\/\\\/toutesnosenergies.fr\\\/index.php\\\/2018\\\/12\\\/18\\\/avis-de-tempete-cevenole\\\/#respond\"]}]},{\"@type\":\"WebPage\",\"@id\":\"https:\\\/\\\/toutesnosenergies.fr\\\/index.php\\\/2018\\\/12\\\/18\\\/avis-de-tempete-cevenole\\\/\",\"url\":\"https:\\\/\\\/toutesnosenergies.fr\\\/index.php\\\/2018\\\/12\\\/18\\\/avis-de-tempete-cevenole\\\/\",\"name\":\"Avis de temp\u00eate c\u00e9venole ! - Toutes Nos \u00c9nergies \u2013 Occitanie Environnement\",\"isPartOf\":{\"@id\":\"https:\\\/\\\/toutesnosenergies.fr\\\/#website\"},\"primaryImageOfPage\":{\"@id\":\"https:\\\/\\\/toutesnosenergies.fr\\\/index.php\\\/2018\\\/12\\\/18\\\/avis-de-tempete-cevenole\\\/#primaryimage\"},\"image\":{\"@id\":\"https:\\\/\\\/toutesnosenergies.fr\\\/index.php\\\/2018\\\/12\\\/18\\\/avis-de-tempete-cevenole\\\/#primaryimage\"},\"thumbnailUrl\":\"http:\\\/\\\/toutesnosenergies.fr\\\/wp-content\\\/uploads\\\/2018\\\/12\\\/ADTC-300x44.jpeg\",\"datePublished\":\"2018-12-18T13:09:18+00:00\",\"dateModified\":\"2018-12-18T13:35:53+00:00\",\"breadcrumb\":{\"@id\":\"https:\\\/\\\/toutesnosenergies.fr\\\/index.php\\\/2018\\\/12\\\/18\\\/avis-de-tempete-cevenole\\\/#breadcrumb\"},\"inLanguage\":\"fr-FR\",\"potentialAction\":[{\"@type\":\"ReadAction\",\"target\":[\"https:\\\/\\\/toutesnosenergies.fr\\\/index.php\\\/2018\\\/12\\\/18\\\/avis-de-tempete-cevenole\\\/\"]}]},{\"@type\":\"ImageObject\",\"inLanguage\":\"fr-FR\",\"@id\":\"https:\\\/\\\/toutesnosenergies.fr\\\/index.php\\\/2018\\\/12\\\/18\\\/avis-de-tempete-cevenole\\\/#primaryimage\",\"url\":\"https:\\\/\\\/toutesnosenergies.fr\\\/wp-content\\\/uploads\\\/2018\\\/12\\\/ADTC.jpeg\",\"contentUrl\":\"https:\\\/\\\/toutesnosenergies.fr\\\/wp-content\\\/uploads\\\/2018\\\/12\\\/ADTC.jpeg\",\"width\":454,\"height\":67},{\"@type\":\"BreadcrumbList\",\"@id\":\"https:\\\/\\\/toutesnosenergies.fr\\\/index.php\\\/2018\\\/12\\\/18\\\/avis-de-tempete-cevenole\\\/#breadcrumb\",\"itemListElement\":[{\"@type\":\"ListItem\",\"position\":1,\"name\":\"Accueil\",\"item\":\"https:\\\/\\\/toutesnosenergies.fr\\\/\"},{\"@type\":\"ListItem\",\"position\":2,\"name\":\"Avis de temp\u00eate c\u00e9venole !\"}]},{\"@type\":\"WebSite\",\"@id\":\"https:\\\/\\\/toutesnosenergies.fr\\\/#website\",\"url\":\"https:\\\/\\\/toutesnosenergies.fr\\\/\",\"name\":\"Toutes Nos \u00c9nergies \u2013 Occitanie Environnement\",\"description\":\"Pour une \u00e9nergie respectueuse du vivant et des territoires ruraux en Occitanie\",\"publisher\":{\"@id\":\"https:\\\/\\\/toutesnosenergies.fr\\\/#organization\"},\"potentialAction\":[{\"@type\":\"SearchAction\",\"target\":{\"@type\":\"EntryPoint\",\"urlTemplate\":\"https:\\\/\\\/toutesnosenergies.fr\\\/?s={search_term_string}\"},\"query-input\":{\"@type\":\"PropertyValueSpecification\",\"valueRequired\":true,\"valueName\":\"search_term_string\"}}],\"inLanguage\":\"fr-FR\"},{\"@type\":\"Organization\",\"@id\":\"https:\\\/\\\/toutesnosenergies.fr\\\/#organization\",\"name\":\"Toutes Nos \u00c9nergies \u2013 Occitanie Environnement\",\"url\":\"https:\\\/\\\/toutesnosenergies.fr\\\/\",\"logo\":{\"@type\":\"ImageObject\",\"inLanguage\":\"fr-FR\",\"@id\":\"https:\\\/\\\/toutesnosenergies.fr\\\/#\\\/schema\\\/logo\\\/image\\\/\",\"url\":\"https:\\\/\\\/toutesnosenergies.fr\\\/wp-content\\\/uploads\\\/2023\\\/01\\\/Petit-logo.png\",\"contentUrl\":\"https:\\\/\\\/toutesnosenergies.fr\\\/wp-content\\\/uploads\\\/2023\\\/01\\\/Petit-logo.png\",\"width\":360,\"height\":102,\"caption\":\"Toutes Nos \u00c9nergies \u2013 Occitanie Environnement\"},\"image\":{\"@id\":\"https:\\\/\\\/toutesnosenergies.fr\\\/#\\\/schema\\\/logo\\\/image\\\/\"},\"sameAs\":[\"https:\\\/\\\/www.facebook.com\\\/TNEtoutesnosenergiesOccitanieEnvironnement\"]},{\"@type\":\"Person\",\"@id\":\"https:\\\/\\\/toutesnosenergies.fr\\\/#\\\/schema\\\/person\\\/83b429b7810ce59e0a21afb7e0b3cb1c\",\"name\":\"WM81\",\"image\":{\"@type\":\"ImageObject\",\"inLanguage\":\"fr-FR\",\"@id\":\"https:\\\/\\\/secure.gravatar.com\\\/avatar\\\/aa9bf2bd97a7297274c53294f09e800c7ee0d88290f959d5d49f9380299b9ff1?s=96&d=mm&r=g\",\"url\":\"https:\\\/\\\/secure.gravatar.com\\\/avatar\\\/aa9bf2bd97a7297274c53294f09e800c7ee0d88290f959d5d49f9380299b9ff1?s=96&d=mm&r=g\",\"contentUrl\":\"https:\\\/\\\/secure.gravatar.com\\\/avatar\\\/aa9bf2bd97a7297274c53294f09e800c7ee0d88290f959d5d49f9380299b9ff1?s=96&d=mm&r=g\",\"caption\":\"WM81\"},\"sameAs\":[\"http:\\\/\\\/toutesnosenergies.fr\"],\"url\":\"https:\\\/\\\/toutesnosenergies.fr\\\/index.php\\\/author\\\/wm81\\\/\"}]}<\/script>\n<!-- \/ Yoast SEO plugin. -->","yoast_head_json":{"title":"Avis de temp\u00eate c\u00e9venole ! - Toutes Nos \u00c9nergies \u2013 Occitanie Environnement","robots":{"index":"index","follow":"follow","max-snippet":"max-snippet:-1","max-image-preview":"max-image-preview:large","max-video-preview":"max-video-preview:-1"},"canonical":"https:\/\/toutesnosenergies.fr\/index.php\/2018\/12\/18\/avis-de-tempete-cevenole\/","og_locale":"fr_FR","og_type":"article","og_title":"Avis de temp\u00eate c\u00e9venole ! - Toutes Nos \u00c9nergies \u2013 Occitanie Environnement","og_description":"L&rsquo;association ard\u00e9choise, ADTC, (Avis de Temp\u00eate C\u00e9venole) nous envoie le compte-rendu de la manifestation du 18 novembre au col de Meyrand. Mais elle nous transmet surtout une lettre ouverte aux \u00e9lus de proximit\u00e9, \u00ab Gilets jaunes, illusions vertes\u00a0\u00bb qui argumente de mani\u00e8re forte et convaincante le refus de la\u00a0\u00ab d\u00e9ferlante \u00e9olienne\u00a0\u00bb dans les territoires ruraux.Pour ... Lire plus","og_url":"https:\/\/toutesnosenergies.fr\/index.php\/2018\/12\/18\/avis-de-tempete-cevenole\/","og_site_name":"Toutes Nos \u00c9nergies \u2013 Occitanie Environnement","article_publisher":"https:\/\/www.facebook.com\/TNEtoutesnosenergiesOccitanieEnvironnement","article_published_time":"2018-12-18T13:09:18+00:00","article_modified_time":"2018-12-18T13:35:53+00:00","og_image":[{"url":"http:\/\/toutesnosenergies.fr\/wp-content\/uploads\/2018\/12\/ADTC-300x44.jpeg","type":"","width":"","height":""}],"author":"WM81","twitter_card":"summary_large_image","twitter_misc":{"\u00c9crit par":"WM81","Dur\u00e9e de lecture estim\u00e9e":"1 minute"},"schema":{"@context":"https:\/\/schema.org","@graph":[{"@type":"Article","@id":"https:\/\/toutesnosenergies.fr\/index.php\/2018\/12\/18\/avis-de-tempete-cevenole\/#article","isPartOf":{"@id":"https:\/\/toutesnosenergies.fr\/index.php\/2018\/12\/18\/avis-de-tempete-cevenole\/"},"author":{"name":"WM81","@id":"https:\/\/toutesnosenergies.fr\/#\/schema\/person\/83b429b7810ce59e0a21afb7e0b3cb1c"},"headline":"Avis de temp\u00eate c\u00e9venole !","datePublished":"2018-12-18T13:09:18+00:00","dateModified":"2018-12-18T13:35:53+00:00","mainEntityOfPage":{"@id":"https:\/\/toutesnosenergies.fr\/index.php\/2018\/12\/18\/avis-de-tempete-cevenole\/"},"wordCount":280,"commentCount":0,"publisher":{"@id":"https:\/\/toutesnosenergies.fr\/#organization"},"image":{"@id":"https:\/\/toutesnosenergies.fr\/index.php\/2018\/12\/18\/avis-de-tempete-cevenole\/#primaryimage"},"thumbnailUrl":"http:\/\/toutesnosenergies.fr\/wp-content\/uploads\/2018\/12\/ADTC-300x44.jpeg","inLanguage":"fr-FR","potentialAction":[{"@type":"CommentAction","name":"Comment","target":["https:\/\/toutesnosenergies.fr\/index.php\/2018\/12\/18\/avis-de-tempete-cevenole\/#respond"]}]},{"@type":"WebPage","@id":"https:\/\/toutesnosenergies.fr\/index.php\/2018\/12\/18\/avis-de-tempete-cevenole\/","url":"https:\/\/toutesnosenergies.fr\/index.php\/2018\/12\/18\/avis-de-tempete-cevenole\/","name":"Avis de temp\u00eate c\u00e9venole ! - Toutes Nos \u00c9nergies \u2013 Occitanie Environnement","isPartOf":{"@id":"https:\/\/toutesnosenergies.fr\/#website"},"primaryImageOfPage":{"@id":"https:\/\/toutesnosenergies.fr\/index.php\/2018\/12\/18\/avis-de-tempete-cevenole\/#primaryimage"},"image":{"@id":"https:\/\/toutesnosenergies.fr\/index.php\/2018\/12\/18\/avis-de-tempete-cevenole\/#primaryimage"},"thumbnailUrl":"http:\/\/toutesnosenergies.fr\/wp-content\/uploads\/2018\/12\/ADTC-300x44.jpeg","datePublished":"2018-12-18T13:09:18+00:00","dateModified":"2018-12-18T13:35:53+00:00","breadcrumb":{"@id":"https:\/\/toutesnosenergies.fr\/index.php\/2018\/12\/18\/avis-de-tempete-cevenole\/#breadcrumb"},"inLanguage":"fr-FR","potentialAction":[{"@type":"ReadAction","target":["https:\/\/toutesnosenergies.fr\/index.php\/2018\/12\/18\/avis-de-tempete-cevenole\/"]}]},{"@type":"ImageObject","inLanguage":"fr-FR","@id":"https:\/\/toutesnosenergies.fr\/index.php\/2018\/12\/18\/avis-de-tempete-cevenole\/#primaryimage","url":"https:\/\/toutesnosenergies.fr\/wp-content\/uploads\/2018\/12\/ADTC.jpeg","contentUrl":"https:\/\/toutesnosenergies.fr\/wp-content\/uploads\/2018\/12\/ADTC.jpeg","width":454,"height":67},{"@type":"BreadcrumbList","@id":"https:\/\/toutesnosenergies.fr\/index.php\/2018\/12\/18\/avis-de-tempete-cevenole\/#breadcrumb","itemListElement":[{"@type":"ListItem","position":1,"name":"Accueil","item":"https:\/\/toutesnosenergies.fr\/"},{"@type":"ListItem","position":2,"name":"Avis de temp\u00eate c\u00e9venole !"}]},{"@type":"WebSite","@id":"https:\/\/toutesnosenergies.fr\/#website","url":"https:\/\/toutesnosenergies.fr\/","name":"Toutes Nos \u00c9nergies \u2013 Occitanie Environnement","description":"Pour une \u00e9nergie respectueuse du vivant et des territoires ruraux en Occitanie","publisher":{"@id":"https:\/\/toutesnosenergies.fr\/#organization"},"potentialAction":[{"@type":"SearchAction","target":{"@type":"EntryPoint","urlTemplate":"https:\/\/toutesnosenergies.fr\/?s={search_term_string}"},"query-input":{"@type":"PropertyValueSpecification","valueRequired":true,"valueName":"search_term_string"}}],"inLanguage":"fr-FR"},{"@type":"Organization","@id":"https:\/\/toutesnosenergies.fr\/#organization","name":"Toutes Nos \u00c9nergies \u2013 Occitanie Environnement","url":"https:\/\/toutesnosenergies.fr\/","logo":{"@type":"ImageObject","inLanguage":"fr-FR","@id":"https:\/\/toutesnosenergies.fr\/#\/schema\/logo\/image\/","url":"https:\/\/toutesnosenergies.fr\/wp-content\/uploads\/2023\/01\/Petit-logo.png","contentUrl":"https:\/\/toutesnosenergies.fr\/wp-content\/uploads\/2023\/01\/Petit-logo.png","width":360,"height":102,"caption":"Toutes Nos \u00c9nergies \u2013 Occitanie Environnement"},"image":{"@id":"https:\/\/toutesnosenergies.fr\/#\/schema\/logo\/image\/"},"sameAs":["https:\/\/www.facebook.com\/TNEtoutesnosenergiesOccitanieEnvironnement"]},{"@type":"Person","@id":"https:\/\/toutesnosenergies.fr\/#\/schema\/person\/83b429b7810ce59e0a21afb7e0b3cb1c","name":"WM81","image":{"@type":"ImageObject","inLanguage":"fr-FR","@id":"https:\/\/secure.gravatar.com\/avatar\/aa9bf2bd97a7297274c53294f09e800c7ee0d88290f959d5d49f9380299b9ff1?s=96&d=mm&r=g","url":"https:\/\/secure.gravatar.com\/avatar\/aa9bf2bd97a7297274c53294f09e800c7ee0d88290f959d5d49f9380299b9ff1?s=96&d=mm&r=g","contentUrl":"https:\/\/secure.gravatar.com\/avatar\/aa9bf2bd97a7297274c53294f09e800c7ee0d88290f959d5d49f9380299b9ff1?s=96&d=mm&r=g","caption":"WM81"},"sameAs":["http:\/\/toutesnosenergies.fr"],"url":"https:\/\/toutesnosenergies.fr\/index.php\/author\/wm81\/"}]}},"_links":{"self":[{"href":"https:\/\/toutesnosenergies.fr\/index.php\/wp-json\/wp\/v2\/posts\/1882","targetHints":{"allow":["GET"]}}],"collection":[{"href":"https:\/\/toutesnosenergies.fr\/index.php\/wp-json\/wp\/v2\/posts"}],"about":[{"href":"https:\/\/toutesnosenergies.fr\/index.php\/wp-json\/wp\/v2\/types\/post"}],"author":[{"embeddable":true,"href":"https:\/\/toutesnosenergies.fr\/index.php\/wp-json\/wp\/v2\/users\/3"}],"replies":[{"embeddable":true,"href":"https:\/\/toutesnosenergies.fr\/index.php\/wp-json\/wp\/v2\/comments?post=1882"}],"version-history":[{"count":6,"href":"https:\/\/toutesnosenergies.fr\/index.php\/wp-json\/wp\/v2\/posts\/1882\/revisions"}],"predecessor-version":[{"id":1892,"href":"https:\/\/toutesnosenergies.fr\/index.php\/wp-json\/wp\/v2\/posts\/1882\/revisions\/1892"}],"wp:attachment":[{"href":"https:\/\/toutesnosenergies.fr\/index.php\/wp-json\/wp\/v2\/media?parent=1882"}],"wp:term":[{"taxonomy":"category","embeddable":true,"href":"https:\/\/toutesnosenergies.fr\/index.php\/wp-json\/wp\/v2\/categories?post=1882"},{"taxonomy":"post_tag","embeddable":true,"href":"https:\/\/toutesnosenergies.fr\/index.php\/wp-json\/wp\/v2\/tags?post=1882"}],"curies":[{"name":"wp","href":"https:\/\/api.w.org\/{rel}","templated":true}]}}