{"id":1894,"date":"2018-12-18T17:37:41","date_gmt":"2018-12-18T16:37:41","guid":{"rendered":"http:\/\/toutesnosenergies.fr\/?p=1894"},"modified":"2018-12-23T16:28:09","modified_gmt":"2018-12-23T15:28:09","slug":"vent-mauvais-interpelle-la-communaute-de-communes-de-la-montagne-noire","status":"publish","type":"post","link":"https:\/\/toutesnosenergies.fr\/index.php\/2018\/12\/18\/vent-mauvais-interpelle-la-communaute-de-communes-de-la-montagne-noire\/","title":{"rendered":"Vent Mauvais interpelle la Communaut\u00e9 de communes de la Montagne Noire"},"content":{"rendered":"<p><a href=\"http:\/\/toutesnosenergies.fr\/wp-content\/uploads\/2018\/12\/47688219_573803656396979_6442074275368140800_n.jpg\"><img loading=\"lazy\" decoding=\"async\" class=\"alignleft wp-image-1897\" src=\"http:\/\/toutesnosenergies.fr\/wp-content\/uploads\/2018\/12\/47688219_573803656396979_6442074275368140800_n-300x225.jpg\" alt=\"\" width=\"323\" height=\"242\" srcset=\"https:\/\/toutesnosenergies.fr\/wp-content\/uploads\/2018\/12\/47688219_573803656396979_6442074275368140800_n-300x225.jpg 300w, https:\/\/toutesnosenergies.fr\/wp-content\/uploads\/2018\/12\/47688219_573803656396979_6442074275368140800_n-768x576.jpg 768w, https:\/\/toutesnosenergies.fr\/wp-content\/uploads\/2018\/12\/47688219_573803656396979_6442074275368140800_n-1024x768.jpg 1024w, https:\/\/toutesnosenergies.fr\/wp-content\/uploads\/2018\/12\/47688219_573803656396979_6442074275368140800_n-1320x990.jpg 1320w, https:\/\/toutesnosenergies.fr\/wp-content\/uploads\/2018\/12\/47688219_573803656396979_6442074275368140800_n.jpg 1548w\" sizes=\"auto, (max-width: 323px) 100vw, 323px\" \/><\/a>Le 11 d\u00e9cembre 2018 \u00e0 18h00 la Communaut\u00e9 de communes de la Montagne noire r\u00e9unissait son Conseil communautaire pour d\u00e9battre entre autres d\u2019une Charte pour le d\u00e9veloppement des \u00e9nergies renouvelables dans la Montagne noire.<\/p>\n<p>L\u2019association Vent mauvais qui combat la prolif\u00e9ration anarchique des projets d\u2019\u00e9oliennes autour de la centrale \u00e9olienne du Sambres sous pr\u00e9texte de \u00ab\u00a0densification des parcs\u00a0\u00bb s\u2019est invit\u00e9e \u00e0 l\u2019ext\u00e9rieur du foyer communal o\u00f9 se d\u00e9roulait la r\u00e9union.<\/p>\n<p><a href=\"http:\/\/toutesnosenergies.fr\/wp-content\/uploads\/2018\/12\/IMG_2388.jpg\"><img loading=\"lazy\" decoding=\"async\" class=\" wp-image-1896 alignright\" src=\"http:\/\/toutesnosenergies.fr\/wp-content\/uploads\/2018\/12\/IMG_2388-225x300.jpg\" alt=\"\" width=\"157\" height=\"209\" srcset=\"https:\/\/toutesnosenergies.fr\/wp-content\/uploads\/2018\/12\/IMG_2388-225x300.jpg 225w, https:\/\/toutesnosenergies.fr\/wp-content\/uploads\/2018\/12\/IMG_2388.jpg 576w\" sizes=\"auto, (max-width: 157px) 100vw, 157px\" \/><\/a><a href=\"http:\/\/toutesnosenergies.fr\/wp-content\/uploads\/2018\/12\/appel-aux-Maires-de-la-CCMN.pdf\">Un appel aux maires de la CCMN<\/a> (voir pi\u00e8ce jointe) a \u00e9t\u00e9 remis aux participants \u00e0 la r\u00e9union.\u00a0Monsieur Cyril DELPECH, pr\u00e9sident de la CCMN est sorti pour discuter avec les protestataires et a propos\u00e9 une rencontre rapide entre le pr\u00e9sident de la CCMN et les repr\u00e9sentants de l\u2019association qui en a accept\u00e9 le principe. La date reste \u00e0 fixer.<\/p>\n<p>Un article de l\u2019ind\u00e9pendant du 15\/12\/2018 relate notre action :<\/p>\n<p><a href=\"https:\/\/www.lindependant.fr\/2018\/12\/14\/ras-le-bol-des-eoliennes-a-roquefere,5473318.php\">https:\/\/www.lindependant.fr\/2018\/12\/14\/ras-le-bol-des-eoliennes-a-roquefere,5473318.php<\/a><\/p>\n","protected":false},"excerpt":{"rendered":"<p>Le 11 d\u00e9cembre 2018 \u00e0 18h00 la Communaut\u00e9 de communes de la Montagne noire r\u00e9unissait son Conseil communautaire pour d\u00e9battre entre autres d\u2019une Charte pour le d\u00e9veloppement des \u00e9nergies renouvelables dans la Montagne noire. L\u2019association Vent mauvais qui combat la prolif\u00e9ration anarchique des projets d\u2019\u00e9oliennes autour de la centrale \u00e9olienne du Sambres sous pr\u00e9texte de &#8230; <a title=\"Vent Mauvais interpelle la Communaut\u00e9 de communes de la Montagne Noire\" class=\"read-more\" href=\"https:\/\/toutesnosenergies.fr\/index.php\/2018\/12\/18\/vent-mauvais-interpelle-la-communaute-de-communes-de-la-montagne-noire\/\" aria-label=\"Plus sur Vent Mauvais interpelle la Communaut\u00e9 de communes de la Montagne Noire\">Lire plus<\/a><\/p>\n","protected":false},"author":3,"featured_media":0,"comment_status":"open","ping_status":"open","sticky":false,"template":"","format":"standard","meta":{"_cbd_carousel_blocks":"[]","sfsi_plus_gutenberg_text_before_share":"","sfsi_plus_gutenberg_show_text_before_share":"","sfsi_plus_gutenberg_icon_type":"","sfsi_plus_gutenberg_icon_alignemt":"","sfsi_plus_gutenburg_max_per_row":"","footnotes":""},"categories":[1],"tags":[],"class_list":["post-1894","post","type-post","status-publish","format-standard","hentry","category-non-classe"],"yoast_head":"<!-- This site is optimized with the Yoast SEO plugin v27.5 - https:\/\/yoast.com\/product\/yoast-seo-wordpress\/ -->\n<title>Vent Mauvais interpelle la Communaut\u00e9 de communes de la Montagne Noire - Toutes Nos \u00c9nergies \u2013 Occitanie Environnement<\/title>\n<meta name=\"robots\" content=\"index, follow, max-snippet:-1, max-image-preview:large, max-video-preview:-1\" \/>\n<link rel=\"canonical\" href=\"https:\/\/toutesnosenergies.fr\/index.php\/2018\/12\/18\/vent-mauvais-interpelle-la-communaute-de-communes-de-la-montagne-noire\/\" \/>\n<meta property=\"og:locale\" content=\"fr_FR\" \/>\n<meta property=\"og:type\" content=\"article\" \/>\n<meta property=\"og:title\" content=\"Vent Mauvais interpelle la Communaut\u00e9 de communes de la Montagne Noire - Toutes Nos \u00c9nergies \u2013 Occitanie Environnement\" \/>\n<meta property=\"og:description\" content=\"Le 11 d\u00e9cembre 2018 \u00e0 18h00 la Communaut\u00e9 de communes de la Montagne noire r\u00e9unissait son Conseil communautaire pour d\u00e9battre entre autres d\u2019une Charte pour le d\u00e9veloppement des \u00e9nergies renouvelables dans la Montagne noire. L\u2019association Vent mauvais qui combat la prolif\u00e9ration anarchique des projets d\u2019\u00e9oliennes autour de la centrale \u00e9olienne du Sambres sous pr\u00e9texte de ... Lire plus\" \/>\n<meta property=\"og:url\" content=\"https:\/\/toutesnosenergies.fr\/index.php\/2018\/12\/18\/vent-mauvais-interpelle-la-communaute-de-communes-de-la-montagne-noire\/\" \/>\n<meta property=\"og:site_name\" content=\"Toutes Nos \u00c9nergies \u2013 Occitanie Environnement\" \/>\n<meta property=\"article:publisher\" content=\"https:\/\/www.facebook.com\/TNEtoutesnosenergiesOccitanieEnvironnement\" \/>\n<meta property=\"article:published_time\" content=\"2018-12-18T16:37:41+00:00\" \/>\n<meta property=\"article:modified_time\" content=\"2018-12-23T15:28:09+00:00\" \/>\n<meta property=\"og:image\" content=\"http:\/\/toutesnosenergies.fr\/wp-content\/uploads\/2018\/12\/47688219_573803656396979_6442074275368140800_n-300x225.jpg\" \/>\n<meta name=\"author\" content=\"WM81\" \/>\n<meta name=\"twitter:card\" content=\"summary_large_image\" \/>\n<meta name=\"twitter:label1\" content=\"\u00c9crit par\" \/>\n\t<meta name=\"twitter:data1\" content=\"WM81\" \/>\n\t<meta name=\"twitter:label2\" content=\"Dur\u00e9e de lecture estim\u00e9e\" \/>\n\t<meta name=\"twitter:data2\" content=\"1 minute\" \/>\n<script type=\"application\/ld+json\" class=\"yoast-schema-graph\">{\"@context\":\"https:\\\/\\\/schema.org\",\"@graph\":[{\"@type\":\"Article\",\"@id\":\"https:\\\/\\\/toutesnosenergies.fr\\\/index.php\\\/2018\\\/12\\\/18\\\/vent-mauvais-interpelle-la-communaute-de-communes-de-la-montagne-noire\\\/#article\",\"isPartOf\":{\"@id\":\"https:\\\/\\\/toutesnosenergies.fr\\\/index.php\\\/2018\\\/12\\\/18\\\/vent-mauvais-interpelle-la-communaute-de-communes-de-la-montagne-noire\\\/\"},\"author\":{\"name\":\"WM81\",\"@id\":\"https:\\\/\\\/toutesnosenergies.fr\\\/#\\\/schema\\\/person\\\/83b429b7810ce59e0a21afb7e0b3cb1c\"},\"headline\":\"Vent Mauvais interpelle la Communaut\u00e9 de communes de la Montagne Noire\",\"datePublished\":\"2018-12-18T16:37:41+00:00\",\"dateModified\":\"2018-12-23T15:28:09+00:00\",\"mainEntityOfPage\":{\"@id\":\"https:\\\/\\\/toutesnosenergies.fr\\\/index.php\\\/2018\\\/12\\\/18\\\/vent-mauvais-interpelle-la-communaute-de-communes-de-la-montagne-noire\\\/\"},\"wordCount\":172,\"commentCount\":0,\"publisher\":{\"@id\":\"https:\\\/\\\/toutesnosenergies.fr\\\/#organization\"},\"image\":{\"@id\":\"https:\\\/\\\/toutesnosenergies.fr\\\/index.php\\\/2018\\\/12\\\/18\\\/vent-mauvais-interpelle-la-communaute-de-communes-de-la-montagne-noire\\\/#primaryimage\"},\"thumbnailUrl\":\"http:\\\/\\\/toutesnosenergies.fr\\\/wp-content\\\/uploads\\\/2018\\\/12\\\/47688219_573803656396979_6442074275368140800_n-300x225.jpg\",\"inLanguage\":\"fr-FR\",\"potentialAction\":[{\"@type\":\"CommentAction\",\"name\":\"Comment\",\"target\":[\"https:\\\/\\\/toutesnosenergies.fr\\\/index.php\\\/2018\\\/12\\\/18\\\/vent-mauvais-interpelle-la-communaute-de-communes-de-la-montagne-noire\\\/#respond\"]}]},{\"@type\":\"WebPage\",\"@id\":\"https:\\\/\\\/toutesnosenergies.fr\\\/index.php\\\/2018\\\/12\\\/18\\\/vent-mauvais-interpelle-la-communaute-de-communes-de-la-montagne-noire\\\/\",\"url\":\"https:\\\/\\\/toutesnosenergies.fr\\\/index.php\\\/2018\\\/12\\\/18\\\/vent-mauvais-interpelle-la-communaute-de-communes-de-la-montagne-noire\\\/\",\"name\":\"Vent Mauvais interpelle la Communaut\u00e9 de communes de la Montagne Noire - Toutes Nos \u00c9nergies \u2013 Occitanie Environnement\",\"isPartOf\":{\"@id\":\"https:\\\/\\\/toutesnosenergies.fr\\\/#website\"},\"primaryImageOfPage\":{\"@id\":\"https:\\\/\\\/toutesnosenergies.fr\\\/index.php\\\/2018\\\/12\\\/18\\\/vent-mauvais-interpelle-la-communaute-de-communes-de-la-montagne-noire\\\/#primaryimage\"},\"image\":{\"@id\":\"https:\\\/\\\/toutesnosenergies.fr\\\/index.php\\\/2018\\\/12\\\/18\\\/vent-mauvais-interpelle-la-communaute-de-communes-de-la-montagne-noire\\\/#primaryimage\"},\"thumbnailUrl\":\"http:\\\/\\\/toutesnosenergies.fr\\\/wp-content\\\/uploads\\\/2018\\\/12\\\/47688219_573803656396979_6442074275368140800_n-300x225.jpg\",\"datePublished\":\"2018-12-18T16:37:41+00:00\",\"dateModified\":\"2018-12-23T15:28:09+00:00\",\"breadcrumb\":{\"@id\":\"https:\\\/\\\/toutesnosenergies.fr\\\/index.php\\\/2018\\\/12\\\/18\\\/vent-mauvais-interpelle-la-communaute-de-communes-de-la-montagne-noire\\\/#breadcrumb\"},\"inLanguage\":\"fr-FR\",\"potentialAction\":[{\"@type\":\"ReadAction\",\"target\":[\"https:\\\/\\\/toutesnosenergies.fr\\\/index.php\\\/2018\\\/12\\\/18\\\/vent-mauvais-interpelle-la-communaute-de-communes-de-la-montagne-noire\\\/\"]}]},{\"@type\":\"ImageObject\",\"inLanguage\":\"fr-FR\",\"@id\":\"https:\\\/\\\/toutesnosenergies.fr\\\/index.php\\\/2018\\\/12\\\/18\\\/vent-mauvais-interpelle-la-communaute-de-communes-de-la-montagne-noire\\\/#primaryimage\",\"url\":\"https:\\\/\\\/toutesnosenergies.fr\\\/wp-content\\\/uploads\\\/2018\\\/12\\\/47688219_573803656396979_6442074275368140800_n.jpg\",\"contentUrl\":\"https:\\\/\\\/toutesnosenergies.fr\\\/wp-content\\\/uploads\\\/2018\\\/12\\\/47688219_573803656396979_6442074275368140800_n.jpg\",\"width\":1548,\"height\":1161},{\"@type\":\"BreadcrumbList\",\"@id\":\"https:\\\/\\\/toutesnosenergies.fr\\\/index.php\\\/2018\\\/12\\\/18\\\/vent-mauvais-interpelle-la-communaute-de-communes-de-la-montagne-noire\\\/#breadcrumb\",\"itemListElement\":[{\"@type\":\"ListItem\",\"position\":1,\"name\":\"Accueil\",\"item\":\"https:\\\/\\\/toutesnosenergies.fr\\\/\"},{\"@type\":\"ListItem\",\"position\":2,\"name\":\"Vent Mauvais interpelle la Communaut\u00e9 de communes de la Montagne Noire\"}]},{\"@type\":\"WebSite\",\"@id\":\"https:\\\/\\\/toutesnosenergies.fr\\\/#website\",\"url\":\"https:\\\/\\\/toutesnosenergies.fr\\\/\",\"name\":\"Toutes Nos \u00c9nergies \u2013 Occitanie Environnement\",\"description\":\"Pour une \u00e9nergie respectueuse du vivant et des territoires ruraux en Occitanie\",\"publisher\":{\"@id\":\"https:\\\/\\\/toutesnosenergies.fr\\\/#organization\"},\"potentialAction\":[{\"@type\":\"SearchAction\",\"target\":{\"@type\":\"EntryPoint\",\"urlTemplate\":\"https:\\\/\\\/toutesnosenergies.fr\\\/?s={search_term_string}\"},\"query-input\":{\"@type\":\"PropertyValueSpecification\",\"valueRequired\":true,\"valueName\":\"search_term_string\"}}],\"inLanguage\":\"fr-FR\"},{\"@type\":\"Organization\",\"@id\":\"https:\\\/\\\/toutesnosenergies.fr\\\/#organization\",\"name\":\"Toutes Nos \u00c9nergies \u2013 Occitanie Environnement\",\"url\":\"https:\\\/\\\/toutesnosenergies.fr\\\/\",\"logo\":{\"@type\":\"ImageObject\",\"inLanguage\":\"fr-FR\",\"@id\":\"https:\\\/\\\/toutesnosenergies.fr\\\/#\\\/schema\\\/logo\\\/image\\\/\",\"url\":\"https:\\\/\\\/toutesnosenergies.fr\\\/wp-content\\\/uploads\\\/2023\\\/01\\\/Petit-logo.png\",\"contentUrl\":\"https:\\\/\\\/toutesnosenergies.fr\\\/wp-content\\\/uploads\\\/2023\\\/01\\\/Petit-logo.png\",\"width\":360,\"height\":102,\"caption\":\"Toutes Nos \u00c9nergies \u2013 Occitanie Environnement\"},\"image\":{\"@id\":\"https:\\\/\\\/toutesnosenergies.fr\\\/#\\\/schema\\\/logo\\\/image\\\/\"},\"sameAs\":[\"https:\\\/\\\/www.facebook.com\\\/TNEtoutesnosenergiesOccitanieEnvironnement\"]},{\"@type\":\"Person\",\"@id\":\"https:\\\/\\\/toutesnosenergies.fr\\\/#\\\/schema\\\/person\\\/83b429b7810ce59e0a21afb7e0b3cb1c\",\"name\":\"WM81\",\"image\":{\"@type\":\"ImageObject\",\"inLanguage\":\"fr-FR\",\"@id\":\"https:\\\/\\\/secure.gravatar.com\\\/avatar\\\/aa9bf2bd97a7297274c53294f09e800c7ee0d88290f959d5d49f9380299b9ff1?s=96&d=mm&r=g\",\"url\":\"https:\\\/\\\/secure.gravatar.com\\\/avatar\\\/aa9bf2bd97a7297274c53294f09e800c7ee0d88290f959d5d49f9380299b9ff1?s=96&d=mm&r=g\",\"contentUrl\":\"https:\\\/\\\/secure.gravatar.com\\\/avatar\\\/aa9bf2bd97a7297274c53294f09e800c7ee0d88290f959d5d49f9380299b9ff1?s=96&d=mm&r=g\",\"caption\":\"WM81\"},\"sameAs\":[\"http:\\\/\\\/toutesnosenergies.fr\"],\"url\":\"https:\\\/\\\/toutesnosenergies.fr\\\/index.php\\\/author\\\/wm81\\\/\"}]}<\/script>\n<!-- \/ Yoast SEO plugin. -->","yoast_head_json":{"title":"Vent Mauvais interpelle la Communaut\u00e9 de communes de la Montagne Noire - Toutes Nos \u00c9nergies \u2013 Occitanie Environnement","robots":{"index":"index","follow":"follow","max-snippet":"max-snippet:-1","max-image-preview":"max-image-preview:large","max-video-preview":"max-video-preview:-1"},"canonical":"https:\/\/toutesnosenergies.fr\/index.php\/2018\/12\/18\/vent-mauvais-interpelle-la-communaute-de-communes-de-la-montagne-noire\/","og_locale":"fr_FR","og_type":"article","og_title":"Vent Mauvais interpelle la Communaut\u00e9 de communes de la Montagne Noire - Toutes Nos \u00c9nergies \u2013 Occitanie Environnement","og_description":"Le 11 d\u00e9cembre 2018 \u00e0 18h00 la Communaut\u00e9 de communes de la Montagne noire r\u00e9unissait son Conseil communautaire pour d\u00e9battre entre autres d\u2019une Charte pour le d\u00e9veloppement des \u00e9nergies renouvelables dans la Montagne noire. L\u2019association Vent mauvais qui combat la prolif\u00e9ration anarchique des projets d\u2019\u00e9oliennes autour de la centrale \u00e9olienne du Sambres sous pr\u00e9texte de ... Lire plus","og_url":"https:\/\/toutesnosenergies.fr\/index.php\/2018\/12\/18\/vent-mauvais-interpelle-la-communaute-de-communes-de-la-montagne-noire\/","og_site_name":"Toutes Nos \u00c9nergies \u2013 Occitanie Environnement","article_publisher":"https:\/\/www.facebook.com\/TNEtoutesnosenergiesOccitanieEnvironnement","article_published_time":"2018-12-18T16:37:41+00:00","article_modified_time":"2018-12-23T15:28:09+00:00","og_image":[{"url":"http:\/\/toutesnosenergies.fr\/wp-content\/uploads\/2018\/12\/47688219_573803656396979_6442074275368140800_n-300x225.jpg","type":"","width":"","height":""}],"author":"WM81","twitter_card":"summary_large_image","twitter_misc":{"\u00c9crit par":"WM81","Dur\u00e9e de lecture estim\u00e9e":"1 minute"},"schema":{"@context":"https:\/\/schema.org","@graph":[{"@type":"Article","@id":"https:\/\/toutesnosenergies.fr\/index.php\/2018\/12\/18\/vent-mauvais-interpelle-la-communaute-de-communes-de-la-montagne-noire\/#article","isPartOf":{"@id":"https:\/\/toutesnosenergies.fr\/index.php\/2018\/12\/18\/vent-mauvais-interpelle-la-communaute-de-communes-de-la-montagne-noire\/"},"author":{"name":"WM81","@id":"https:\/\/toutesnosenergies.fr\/#\/schema\/person\/83b429b7810ce59e0a21afb7e0b3cb1c"},"headline":"Vent Mauvais interpelle la Communaut\u00e9 de communes de la Montagne Noire","datePublished":"2018-12-18T16:37:41+00:00","dateModified":"2018-12-23T15:28:09+00:00","mainEntityOfPage":{"@id":"https:\/\/toutesnosenergies.fr\/index.php\/2018\/12\/18\/vent-mauvais-interpelle-la-communaute-de-communes-de-la-montagne-noire\/"},"wordCount":172,"commentCount":0,"publisher":{"@id":"https:\/\/toutesnosenergies.fr\/#organization"},"image":{"@id":"https:\/\/toutesnosenergies.fr\/index.php\/2018\/12\/18\/vent-mauvais-interpelle-la-communaute-de-communes-de-la-montagne-noire\/#primaryimage"},"thumbnailUrl":"http:\/\/toutesnosenergies.fr\/wp-content\/uploads\/2018\/12\/47688219_573803656396979_6442074275368140800_n-300x225.jpg","inLanguage":"fr-FR","potentialAction":[{"@type":"CommentAction","name":"Comment","target":["https:\/\/toutesnosenergies.fr\/index.php\/2018\/12\/18\/vent-mauvais-interpelle-la-communaute-de-communes-de-la-montagne-noire\/#respond"]}]},{"@type":"WebPage","@id":"https:\/\/toutesnosenergies.fr\/index.php\/2018\/12\/18\/vent-mauvais-interpelle-la-communaute-de-communes-de-la-montagne-noire\/","url":"https:\/\/toutesnosenergies.fr\/index.php\/2018\/12\/18\/vent-mauvais-interpelle-la-communaute-de-communes-de-la-montagne-noire\/","name":"Vent Mauvais interpelle la Communaut\u00e9 de communes de la Montagne Noire - Toutes Nos \u00c9nergies \u2013 Occitanie Environnement","isPartOf":{"@id":"https:\/\/toutesnosenergies.fr\/#website"},"primaryImageOfPage":{"@id":"https:\/\/toutesnosenergies.fr\/index.php\/2018\/12\/18\/vent-mauvais-interpelle-la-communaute-de-communes-de-la-montagne-noire\/#primaryimage"},"image":{"@id":"https:\/\/toutesnosenergies.fr\/index.php\/2018\/12\/18\/vent-mauvais-interpelle-la-communaute-de-communes-de-la-montagne-noire\/#primaryimage"},"thumbnailUrl":"http:\/\/toutesnosenergies.fr\/wp-content\/uploads\/2018\/12\/47688219_573803656396979_6442074275368140800_n-300x225.jpg","datePublished":"2018-12-18T16:37:41+00:00","dateModified":"2018-12-23T15:28:09+00:00","breadcrumb":{"@id":"https:\/\/toutesnosenergies.fr\/index.php\/2018\/12\/18\/vent-mauvais-interpelle-la-communaute-de-communes-de-la-montagne-noire\/#breadcrumb"},"inLanguage":"fr-FR","potentialAction":[{"@type":"ReadAction","target":["https:\/\/toutesnosenergies.fr\/index.php\/2018\/12\/18\/vent-mauvais-interpelle-la-communaute-de-communes-de-la-montagne-noire\/"]}]},{"@type":"ImageObject","inLanguage":"fr-FR","@id":"https:\/\/toutesnosenergies.fr\/index.php\/2018\/12\/18\/vent-mauvais-interpelle-la-communaute-de-communes-de-la-montagne-noire\/#primaryimage","url":"https:\/\/toutesnosenergies.fr\/wp-content\/uploads\/2018\/12\/47688219_573803656396979_6442074275368140800_n.jpg","contentUrl":"https:\/\/toutesnosenergies.fr\/wp-content\/uploads\/2018\/12\/47688219_573803656396979_6442074275368140800_n.jpg","width":1548,"height":1161},{"@type":"BreadcrumbList","@id":"https:\/\/toutesnosenergies.fr\/index.php\/2018\/12\/18\/vent-mauvais-interpelle-la-communaute-de-communes-de-la-montagne-noire\/#breadcrumb","itemListElement":[{"@type":"ListItem","position":1,"name":"Accueil","item":"https:\/\/toutesnosenergies.fr\/"},{"@type":"ListItem","position":2,"name":"Vent Mauvais interpelle la Communaut\u00e9 de communes de la Montagne Noire"}]},{"@type":"WebSite","@id":"https:\/\/toutesnosenergies.fr\/#website","url":"https:\/\/toutesnosenergies.fr\/","name":"Toutes Nos \u00c9nergies \u2013 Occitanie Environnement","description":"Pour une \u00e9nergie respectueuse du vivant et des territoires ruraux en Occitanie","publisher":{"@id":"https:\/\/toutesnosenergies.fr\/#organization"},"potentialAction":[{"@type":"SearchAction","target":{"@type":"EntryPoint","urlTemplate":"https:\/\/toutesnosenergies.fr\/?s={search_term_string}"},"query-input":{"@type":"PropertyValueSpecification","valueRequired":true,"valueName":"search_term_string"}}],"inLanguage":"fr-FR"},{"@type":"Organization","@id":"https:\/\/toutesnosenergies.fr\/#organization","name":"Toutes Nos \u00c9nergies \u2013 Occitanie Environnement","url":"https:\/\/toutesnosenergies.fr\/","logo":{"@type":"ImageObject","inLanguage":"fr-FR","@id":"https:\/\/toutesnosenergies.fr\/#\/schema\/logo\/image\/","url":"https:\/\/toutesnosenergies.fr\/wp-content\/uploads\/2023\/01\/Petit-logo.png","contentUrl":"https:\/\/toutesnosenergies.fr\/wp-content\/uploads\/2023\/01\/Petit-logo.png","width":360,"height":102,"caption":"Toutes Nos \u00c9nergies \u2013 Occitanie Environnement"},"image":{"@id":"https:\/\/toutesnosenergies.fr\/#\/schema\/logo\/image\/"},"sameAs":["https:\/\/www.facebook.com\/TNEtoutesnosenergiesOccitanieEnvironnement"]},{"@type":"Person","@id":"https:\/\/toutesnosenergies.fr\/#\/schema\/person\/83b429b7810ce59e0a21afb7e0b3cb1c","name":"WM81","image":{"@type":"ImageObject","inLanguage":"fr-FR","@id":"https:\/\/secure.gravatar.com\/avatar\/aa9bf2bd97a7297274c53294f09e800c7ee0d88290f959d5d49f9380299b9ff1?s=96&d=mm&r=g","url":"https:\/\/secure.gravatar.com\/avatar\/aa9bf2bd97a7297274c53294f09e800c7ee0d88290f959d5d49f9380299b9ff1?s=96&d=mm&r=g","contentUrl":"https:\/\/secure.gravatar.com\/avatar\/aa9bf2bd97a7297274c53294f09e800c7ee0d88290f959d5d49f9380299b9ff1?s=96&d=mm&r=g","caption":"WM81"},"sameAs":["http:\/\/toutesnosenergies.fr"],"url":"https:\/\/toutesnosenergies.fr\/index.php\/author\/wm81\/"}]}},"_links":{"self":[{"href":"https:\/\/toutesnosenergies.fr\/index.php\/wp-json\/wp\/v2\/posts\/1894","targetHints":{"allow":["GET"]}}],"collection":[{"href":"https:\/\/toutesnosenergies.fr\/index.php\/wp-json\/wp\/v2\/posts"}],"about":[{"href":"https:\/\/toutesnosenergies.fr\/index.php\/wp-json\/wp\/v2\/types\/post"}],"author":[{"embeddable":true,"href":"https:\/\/toutesnosenergies.fr\/index.php\/wp-json\/wp\/v2\/users\/3"}],"replies":[{"embeddable":true,"href":"https:\/\/toutesnosenergies.fr\/index.php\/wp-json\/wp\/v2\/comments?post=1894"}],"version-history":[{"count":4,"href":"https:\/\/toutesnosenergies.fr\/index.php\/wp-json\/wp\/v2\/posts\/1894\/revisions"}],"predecessor-version":[{"id":1937,"href":"https:\/\/toutesnosenergies.fr\/index.php\/wp-json\/wp\/v2\/posts\/1894\/revisions\/1937"}],"wp:attachment":[{"href":"https:\/\/toutesnosenergies.fr\/index.php\/wp-json\/wp\/v2\/media?parent=1894"}],"wp:term":[{"taxonomy":"category","embeddable":true,"href":"https:\/\/toutesnosenergies.fr\/index.php\/wp-json\/wp\/v2\/categories?post=1894"},{"taxonomy":"post_tag","embeddable":true,"href":"https:\/\/toutesnosenergies.fr\/index.php\/wp-json\/wp\/v2\/tags?post=1894"}],"curies":[{"name":"wp","href":"https:\/\/api.w.org\/{rel}","templated":true}]}}