{"id":1930,"date":"2018-12-23T10:54:12","date_gmt":"2018-12-23T09:54:12","guid":{"rendered":"http:\/\/toutesnosenergies.fr\/?p=1930"},"modified":"2018-12-23T10:57:34","modified_gmt":"2018-12-23T09:57:34","slug":"vent-mauvais-chez-la-deputee-de-la-1-circonscription-de-laude","status":"publish","type":"post","link":"https:\/\/toutesnosenergies.fr\/index.php\/2018\/12\/23\/vent-mauvais-chez-la-deputee-de-la-1-circonscription-de-laude\/","title":{"rendered":"Vent mauvais chez la d\u00e9put\u00e9e de la 1\u00b0 circonscription de l&rsquo;Aude"},"content":{"rendered":"<p>Le vendredi 21 d\u00e9cembre \u00e0 16 heures, le bureau de l\u2019association Vent mauvais a \u00e9t\u00e9 re\u00e7u \u00e0 sa demande par Madame Dani\u00e8le H\u00e9rin, d\u00e9put\u00e9e de la 1<sup>\u00e8re<\/sup>circonscription de l\u2019Aude pendant pr\u00e8s d\u2019une heure trente. Le th\u00e8me de la rencontre \u00e9tait la prolif\u00e9ration toujours plus grande des projets de centrales \u00e9oliennes sur la Montagne Noire et sur ses pi\u00e9monts. Un accueil courtois et attentif mais une discussion qui a r\u00e9v\u00e9l\u00e9 la grande ignorance du sujet, voire une certaine na\u00efvet\u00e9 d\u2019approche chez la d\u00e9put\u00e9e qui, jusque-l\u00e0, ne connaissait que le discours des \u00e9lus locaux et des promoteurs sur le sujet (elle a r\u00e9cemment donn\u00e9 son avis favorable au projet du Bois de l\u2019aiguille \u00e0 Cuxac-Cabard\u00e8s sans en avoir mesur\u00e9 l\u2019impact). A l\u2019aide d\u2019une carte de l\u2019existant o\u00f9 \u00e9taient indiqu\u00e9s les projets en cours, nous lui avons montr\u00e9 que le risque \u00e9tait r\u00e9el de voir pr\u00e8s de 100 \u00e9oliennes s\u2019\u00e9riger sur un territoire de 20 km\u00b2.<\/p>\n<p>Nous avons le sentiment que nous lui avons ouvert les yeux sur un certain nombre de points\u00a0: destruction du paysage, nuisances sonores (non-conformit\u00e9 de la centrale \u00e9olienne du Sambres), rentabilit\u00e9 de l\u2019\u00e9olien d\u00e9pendant des subventions publiques et des taxes pr\u00e9lev\u00e9es sur la consommation d\u2019\u00e9lectricit\u00e9 et de carburant, co\u00fbt global consid\u00e9rable (elle ne connaissait pas le rapport de la cour des comptes \u2026), faible productivit\u00e9 des \u00e9oliennes (facteur de charge national de 21%), gigantisme des machines pour tenter de pallier \u00e0 cette insuffisance, intermittence de la production, absence de r\u00e9flexion chez les \u00e9lus qui ne voient que leur int\u00e9r\u00eat financier plut\u00f4t que d\u2019envisager le d\u00e9veloppement d\u2019une \u00e9conomie locale et des m\u00e9thodes plus adapt\u00e9e de production d\u2019\u00e9lectricit\u00e9 (g\u00e9othermie etc\u2026). Madame H\u00e9rin a beaucoup insist\u00e9 sur l\u2019importance de d\u00e9velopper la m\u00e9thanisation chez les \u00e9leveurs.<\/p>\n<p>Nous avons demand\u00e9 \u00e0 Madame H\u00e9rin de soutenir aupr\u00e8s de la repr\u00e9sentation nationale et du Minist\u00e8re de l\u2019\u00e9cologie solidaire nos demandes formul\u00e9es <a href=\"http:\/\/toutesnosenergies.fr\/wp-content\/uploads\/2018\/12\/lettre-\u00e0-Dani\u00e8le-H\u00e9rin.pdf\">dans la lettre qui lui est adress\u00e9e.<\/a><\/p>\n<p><!--more--><\/p>\n<ul>\n<li><strong>Un moratoire d\u2019un an sur toute nouvelle construction d\u2019a\u00e9rog\u00e9n\u00e9rateurs et le gel des projets d\u2019implantation en cours<\/strong><\/li>\n<li><strong>Une modification de la loi relative \u00e0 la transition \u00e9nerg\u00e9tique <\/strong>sur les r\u00e8gles de distance d\u2019\u00e9loignement minimale des \u00e9oliennes aux habitations <strong>pour que cette distance, qui est aujourd\u2019hui de 500 m\u00e8tres, soit port\u00e9e \u00e0 10 fois la hauteur de l\u2019\u00e9olienne en bout de pale<\/strong>pour tenir compte de l\u2019augmentation constante de la hauteur des \u00e9oliennes, aujourd\u2019hui souvent sup\u00e9rieure \u00e0 150 m\u00e8tres et jusqu\u2019\u00e0 200 m\u00e8tres et <strong>l\u2019annulation des dispositions du d\u00e9cret du 29\/11\/2018 qui obligent \u00e0 aller devant la cour d\u2019appel administrative en premier ressort<\/strong>contre un projet d\u2019implantation.<\/li>\n<li><strong>L\u2019arr\u00eat d\u00e9finitif de toute subvention publique<\/strong><strong>\u00e0 l\u2019industrie \u00e9olienne,<\/strong>que ce soit par le biais des taxes sur la consommation \u00e9lectrique, pay\u00e9es par le consommateurs, ou de primes<\/li>\n<\/ul>\n<p>Madame H\u00e9rin ne soutient pas la proposition de moratoire car <em>\u00ab\u00a0trop de gens attendent l\u2019implantation d\u2019\u00e9oliennes depuis des ann\u00e9es pour les sauver financi\u00e8rement.\u00a0\u00bb <\/em>Elle cite l\u2019exemple de coop\u00e9ratives viticoles \u2026 Elle consid\u00e8re n\u00e9anmoins qu\u2019il faut stopper la prolif\u00e9ration des \u00e9oliennes sur le territoire par un examen plus attentif des projets. \u00a0Sur la distance aux \u00e9oliennes, elle va y r\u00e9fl\u00e9chir (cela lui para\u00eet logique) et prendre des contacts aupr\u00e8s d\u2019autres d\u00e9put\u00e9s. Sur les subventions publiques elle ne se prononce pas\u2026<\/p>\n<p>M\u00eame si l\u2019impact concret d\u2019une telle rencontre est difficile \u00e0 \u00e9valuer, nous pensons que cela a \u00e9t\u00e9 utile et ouvre la voie \u00e0 d\u2019autres discussions avec une interlocutrice qui s\u2019est montr\u00e9e plut\u00f4t dispos\u00e9e \u00e0 nous entendre.<\/p>\n<p>France 3 est venu faire un reportage sur l\u2019inqui\u00e9tude des riverains du plateau du Sambres. Evidemment au montage, cela dure 2 minutes chrono sur 1 demi-heure d\u2019entretien mais au moins cela fait le buzz comme ils disent. Ils ont coup\u00e9 tous les propos politiques ou de nature \u00e0 faire r\u00e9fl\u00e9chir\u2026<\/p>\n<p><strong>On trouve \u00e7a l\u00e0 dans le JT 19\/20 du 21 d\u00e9cembre \u00e0 la minute 15:45<\/strong><\/p>\n<p><a href=\"https:\/\/france3-regions.francetvinfo.fr\/occitanie\/emissions\/jt-1920-languedoc-roussillon\">https:\/\/france3-regions.francetvinfo.fr\/occitanie\/emissions\/jt-1920-languedoc-roussillon<\/a><\/p>\n","protected":false},"excerpt":{"rendered":"<p>Le vendredi 21 d\u00e9cembre \u00e0 16 heures, le bureau de l\u2019association Vent mauvais a \u00e9t\u00e9 re\u00e7u \u00e0 sa demande par Madame Dani\u00e8le H\u00e9rin, d\u00e9put\u00e9e de la 1\u00e8recirconscription de l\u2019Aude pendant pr\u00e8s d\u2019une heure trente. Le th\u00e8me de la rencontre \u00e9tait la prolif\u00e9ration toujours plus grande des projets de centrales \u00e9oliennes sur la Montagne Noire et sur ses pi\u00e9monts. Un accueil courtois et attentif mais une discussion qui a r\u00e9v\u00e9l\u00e9 la grande ignorance du sujet, voire une certaine na\u00efvet\u00e9 d\u2019approche chez la d\u00e9put\u00e9e qui, jusque-l\u00e0, ne connaissait que le discours des \u00e9lus locaux et des promoteurs sur le sujet (elle a r\u00e9cemment donn\u00e9 son avis favorable au projet du Bois de l\u2019aiguille \u00e0 Cuxac-Cabard\u00e8s sans en avoir mesur\u00e9 l\u2019impact). A l\u2019aide d\u2019une carte de l\u2019existant o\u00f9 \u00e9taient indiqu\u00e9s les projets en cours, nous lui avons montr\u00e9 que le risque \u00e9tait r\u00e9el de voir pr\u00e8s de 100 \u00e9oliennes s\u2019\u00e9riger sur un territoire de 20 km\u00b2.<\/p>\n<p>Nous avons le sentiment que nous lui avons ouvert les yeux sur un certain nombre de points\u00a0: destruction du paysage, nuisances sonores (non-conformit\u00e9 de la centrale \u00e9olienne du Sambres), rentabilit\u00e9 de l\u2019\u00e9olien d\u00e9pendant des subventions publiques et des taxes pr\u00e9lev\u00e9es sur la consommation d\u2019\u00e9lectricit\u00e9 et de carburant, co\u00fbt global consid\u00e9rable (elle ne connaissait pas le rapport de la cour des comptes \u2026), faible productivit\u00e9 des \u00e9oliennes (facteur de charge national de 21%), gigantisme des machines pour tenter de pallier \u00e0 cette insuffisance, intermittence de la production, absence de r\u00e9flexion chez les \u00e9lus qui ne voient que leur int\u00e9r\u00eat financier plut\u00f4t que d\u2019envisager le d\u00e9veloppement d\u2019une \u00e9conomie locale et des m\u00e9thodes plus adapt\u00e9e de production d\u2019\u00e9lectricit\u00e9 (g\u00e9othermie etc\u2026). Madame H\u00e9rin a beaucoup insist\u00e9 sur l\u2019importance de d\u00e9velopper la m\u00e9thanisation chez les \u00e9leveurs.<\/p>\n<p>Nous avons demand\u00e9 \u00e0 Madame H\u00e9rin de soutenir aupr\u00e8s de la repr\u00e9sentation nationale et du Minist\u00e8re de l\u2019\u00e9cologie solidaire nos demandes formul\u00e9es dans la lettre qui lui est adress\u00e9e.<\/p>\n","protected":false},"author":3,"featured_media":0,"comment_status":"open","ping_status":"open","sticky":false,"template":"","format":"standard","meta":{"_cbd_carousel_blocks":"[]","sfsi_plus_gutenberg_text_before_share":"","sfsi_plus_gutenberg_show_text_before_share":"","sfsi_plus_gutenberg_icon_type":"","sfsi_plus_gutenberg_icon_alignemt":"","sfsi_plus_gutenburg_max_per_row":"","footnotes":""},"categories":[1],"tags":[],"class_list":["post-1930","post","type-post","status-publish","format-standard","hentry","category-non-classe"],"yoast_head":"<!-- This site is optimized with the Yoast SEO plugin v27.4 - https:\/\/yoast.com\/product\/yoast-seo-wordpress\/ -->\n<title>Vent mauvais chez la d\u00e9put\u00e9e de la 1\u00b0 circonscription de l&#039;Aude - Toutes Nos \u00c9nergies \u2013 Occitanie Environnement<\/title>\n<meta name=\"robots\" content=\"index, follow, max-snippet:-1, max-image-preview:large, max-video-preview:-1\" \/>\n<link rel=\"canonical\" href=\"https:\/\/toutesnosenergies.fr\/index.php\/2018\/12\/23\/vent-mauvais-chez-la-deputee-de-la-1-circonscription-de-laude\/\" \/>\n<meta property=\"og:locale\" content=\"fr_FR\" \/>\n<meta property=\"og:type\" content=\"article\" \/>\n<meta property=\"og:title\" content=\"Vent mauvais chez la d\u00e9put\u00e9e de la 1\u00b0 circonscription de l&#039;Aude - Toutes Nos \u00c9nergies \u2013 Occitanie Environnement\" \/>\n<meta property=\"og:description\" content=\"Le vendredi 21 d\u00e9cembre \u00e0 16 heures, le bureau de l\u2019association Vent mauvais a \u00e9t\u00e9 re\u00e7u \u00e0 sa demande par Madame Dani\u00e8le H\u00e9rin, d\u00e9put\u00e9e de la 1\u00e8recirconscription de l\u2019Aude pendant pr\u00e8s d\u2019une heure trente. Le th\u00e8me de la rencontre \u00e9tait la prolif\u00e9ration toujours plus grande des projets de centrales \u00e9oliennes sur la Montagne Noire et sur ses pi\u00e9monts. Un accueil courtois et attentif mais une discussion qui a r\u00e9v\u00e9l\u00e9 la grande ignorance du sujet, voire une certaine na\u00efvet\u00e9 d\u2019approche chez la d\u00e9put\u00e9e qui, jusque-l\u00e0, ne connaissait que le discours des \u00e9lus locaux et des promoteurs sur le sujet (elle a r\u00e9cemment donn\u00e9 son avis favorable au projet du Bois de l\u2019aiguille \u00e0 Cuxac-Cabard\u00e8s sans en avoir mesur\u00e9 l\u2019impact). A l\u2019aide d\u2019une carte de l\u2019existant o\u00f9 \u00e9taient indiqu\u00e9s les projets en cours, nous lui avons montr\u00e9 que le risque \u00e9tait r\u00e9el de voir pr\u00e8s de 100 \u00e9oliennes s\u2019\u00e9riger sur un territoire de 20 km\u00b2.  Nous avons le sentiment que nous lui avons ouvert les yeux sur un certain nombre de points\u00a0: destruction du paysage, nuisances sonores (non-conformit\u00e9 de la centrale \u00e9olienne du Sambres), rentabilit\u00e9 de l\u2019\u00e9olien d\u00e9pendant des subventions publiques et des taxes pr\u00e9lev\u00e9es sur la consommation d\u2019\u00e9lectricit\u00e9 et de carburant, co\u00fbt global consid\u00e9rable (elle ne connaissait pas le rapport de la cour des comptes \u2026), faible productivit\u00e9 des \u00e9oliennes (facteur de charge national de 21%), gigantisme des machines pour tenter de pallier \u00e0 cette insuffisance, intermittence de la production, absence de r\u00e9flexion chez les \u00e9lus qui ne voient que leur int\u00e9r\u00eat financier plut\u00f4t que d\u2019envisager le d\u00e9veloppement d\u2019une \u00e9conomie locale et des m\u00e9thodes plus adapt\u00e9e de production d\u2019\u00e9lectricit\u00e9 (g\u00e9othermie etc\u2026). Madame H\u00e9rin a beaucoup insist\u00e9 sur l\u2019importance de d\u00e9velopper la m\u00e9thanisation chez les \u00e9leveurs.  Nous avons demand\u00e9 \u00e0 Madame H\u00e9rin de soutenir aupr\u00e8s de la repr\u00e9sentation nationale et du Minist\u00e8re de l\u2019\u00e9cologie solidaire nos demandes formul\u00e9es dans la lettre qui lui est adress\u00e9e.\" \/>\n<meta property=\"og:url\" content=\"https:\/\/toutesnosenergies.fr\/index.php\/2018\/12\/23\/vent-mauvais-chez-la-deputee-de-la-1-circonscription-de-laude\/\" \/>\n<meta property=\"og:site_name\" content=\"Toutes Nos \u00c9nergies \u2013 Occitanie Environnement\" \/>\n<meta property=\"article:publisher\" content=\"https:\/\/www.facebook.com\/TNEtoutesnosenergiesOccitanieEnvironnement\" \/>\n<meta property=\"article:published_time\" content=\"2018-12-23T09:54:12+00:00\" \/>\n<meta property=\"article:modified_time\" content=\"2018-12-23T09:57:34+00:00\" \/>\n<meta name=\"author\" content=\"WM81\" \/>\n<meta name=\"twitter:card\" content=\"summary_large_image\" \/>\n<meta name=\"twitter:label1\" content=\"\u00c9crit par\" \/>\n\t<meta name=\"twitter:data1\" content=\"WM81\" \/>\n\t<meta name=\"twitter:label2\" content=\"Dur\u00e9e de lecture estim\u00e9e\" \/>\n\t<meta name=\"twitter:data2\" content=\"4 minutes\" \/>\n<script type=\"application\/ld+json\" class=\"yoast-schema-graph\">{\"@context\":\"https:\\\/\\\/schema.org\",\"@graph\":[{\"@type\":\"Article\",\"@id\":\"https:\\\/\\\/toutesnosenergies.fr\\\/index.php\\\/2018\\\/12\\\/23\\\/vent-mauvais-chez-la-deputee-de-la-1-circonscription-de-laude\\\/#article\",\"isPartOf\":{\"@id\":\"https:\\\/\\\/toutesnosenergies.fr\\\/index.php\\\/2018\\\/12\\\/23\\\/vent-mauvais-chez-la-deputee-de-la-1-circonscription-de-laude\\\/\"},\"author\":{\"name\":\"WM81\",\"@id\":\"https:\\\/\\\/toutesnosenergies.fr\\\/#\\\/schema\\\/person\\\/83b429b7810ce59e0a21afb7e0b3cb1c\"},\"headline\":\"Vent mauvais chez la d\u00e9put\u00e9e de la 1\u00b0 circonscription de l&rsquo;Aude\",\"datePublished\":\"2018-12-23T09:54:12+00:00\",\"dateModified\":\"2018-12-23T09:57:34+00:00\",\"mainEntityOfPage\":{\"@id\":\"https:\\\/\\\/toutesnosenergies.fr\\\/index.php\\\/2018\\\/12\\\/23\\\/vent-mauvais-chez-la-deputee-de-la-1-circonscription-de-laude\\\/\"},\"wordCount\":731,\"commentCount\":0,\"publisher\":{\"@id\":\"https:\\\/\\\/toutesnosenergies.fr\\\/#organization\"},\"inLanguage\":\"fr-FR\",\"potentialAction\":[{\"@type\":\"CommentAction\",\"name\":\"Comment\",\"target\":[\"https:\\\/\\\/toutesnosenergies.fr\\\/index.php\\\/2018\\\/12\\\/23\\\/vent-mauvais-chez-la-deputee-de-la-1-circonscription-de-laude\\\/#respond\"]}]},{\"@type\":\"WebPage\",\"@id\":\"https:\\\/\\\/toutesnosenergies.fr\\\/index.php\\\/2018\\\/12\\\/23\\\/vent-mauvais-chez-la-deputee-de-la-1-circonscription-de-laude\\\/\",\"url\":\"https:\\\/\\\/toutesnosenergies.fr\\\/index.php\\\/2018\\\/12\\\/23\\\/vent-mauvais-chez-la-deputee-de-la-1-circonscription-de-laude\\\/\",\"name\":\"Vent mauvais chez la d\u00e9put\u00e9e de la 1\u00b0 circonscription de l'Aude - Toutes Nos \u00c9nergies \u2013 Occitanie Environnement\",\"isPartOf\":{\"@id\":\"https:\\\/\\\/toutesnosenergies.fr\\\/#website\"},\"datePublished\":\"2018-12-23T09:54:12+00:00\",\"dateModified\":\"2018-12-23T09:57:34+00:00\",\"breadcrumb\":{\"@id\":\"https:\\\/\\\/toutesnosenergies.fr\\\/index.php\\\/2018\\\/12\\\/23\\\/vent-mauvais-chez-la-deputee-de-la-1-circonscription-de-laude\\\/#breadcrumb\"},\"inLanguage\":\"fr-FR\",\"potentialAction\":[{\"@type\":\"ReadAction\",\"target\":[\"https:\\\/\\\/toutesnosenergies.fr\\\/index.php\\\/2018\\\/12\\\/23\\\/vent-mauvais-chez-la-deputee-de-la-1-circonscription-de-laude\\\/\"]}]},{\"@type\":\"BreadcrumbList\",\"@id\":\"https:\\\/\\\/toutesnosenergies.fr\\\/index.php\\\/2018\\\/12\\\/23\\\/vent-mauvais-chez-la-deputee-de-la-1-circonscription-de-laude\\\/#breadcrumb\",\"itemListElement\":[{\"@type\":\"ListItem\",\"position\":1,\"name\":\"Accueil\",\"item\":\"https:\\\/\\\/toutesnosenergies.fr\\\/\"},{\"@type\":\"ListItem\",\"position\":2,\"name\":\"Vent mauvais chez la d\u00e9put\u00e9e de la 1\u00b0 circonscription de l&#8217;Aude\"}]},{\"@type\":\"WebSite\",\"@id\":\"https:\\\/\\\/toutesnosenergies.fr\\\/#website\",\"url\":\"https:\\\/\\\/toutesnosenergies.fr\\\/\",\"name\":\"Toutes Nos \u00c9nergies \u2013 Occitanie Environnement\",\"description\":\"Pour une \u00e9nergie respectueuse du vivant et des territoires ruraux en Occitanie\",\"publisher\":{\"@id\":\"https:\\\/\\\/toutesnosenergies.fr\\\/#organization\"},\"potentialAction\":[{\"@type\":\"SearchAction\",\"target\":{\"@type\":\"EntryPoint\",\"urlTemplate\":\"https:\\\/\\\/toutesnosenergies.fr\\\/?s={search_term_string}\"},\"query-input\":{\"@type\":\"PropertyValueSpecification\",\"valueRequired\":true,\"valueName\":\"search_term_string\"}}],\"inLanguage\":\"fr-FR\"},{\"@type\":\"Organization\",\"@id\":\"https:\\\/\\\/toutesnosenergies.fr\\\/#organization\",\"name\":\"Toutes Nos \u00c9nergies \u2013 Occitanie Environnement\",\"url\":\"https:\\\/\\\/toutesnosenergies.fr\\\/\",\"logo\":{\"@type\":\"ImageObject\",\"inLanguage\":\"fr-FR\",\"@id\":\"https:\\\/\\\/toutesnosenergies.fr\\\/#\\\/schema\\\/logo\\\/image\\\/\",\"url\":\"https:\\\/\\\/toutesnosenergies.fr\\\/wp-content\\\/uploads\\\/2023\\\/01\\\/Petit-logo.png\",\"contentUrl\":\"https:\\\/\\\/toutesnosenergies.fr\\\/wp-content\\\/uploads\\\/2023\\\/01\\\/Petit-logo.png\",\"width\":360,\"height\":102,\"caption\":\"Toutes Nos \u00c9nergies \u2013 Occitanie Environnement\"},\"image\":{\"@id\":\"https:\\\/\\\/toutesnosenergies.fr\\\/#\\\/schema\\\/logo\\\/image\\\/\"},\"sameAs\":[\"https:\\\/\\\/www.facebook.com\\\/TNEtoutesnosenergiesOccitanieEnvironnement\"]},{\"@type\":\"Person\",\"@id\":\"https:\\\/\\\/toutesnosenergies.fr\\\/#\\\/schema\\\/person\\\/83b429b7810ce59e0a21afb7e0b3cb1c\",\"name\":\"WM81\",\"image\":{\"@type\":\"ImageObject\",\"inLanguage\":\"fr-FR\",\"@id\":\"https:\\\/\\\/secure.gravatar.com\\\/avatar\\\/aa9bf2bd97a7297274c53294f09e800c7ee0d88290f959d5d49f9380299b9ff1?s=96&d=mm&r=g\",\"url\":\"https:\\\/\\\/secure.gravatar.com\\\/avatar\\\/aa9bf2bd97a7297274c53294f09e800c7ee0d88290f959d5d49f9380299b9ff1?s=96&d=mm&r=g\",\"contentUrl\":\"https:\\\/\\\/secure.gravatar.com\\\/avatar\\\/aa9bf2bd97a7297274c53294f09e800c7ee0d88290f959d5d49f9380299b9ff1?s=96&d=mm&r=g\",\"caption\":\"WM81\"},\"sameAs\":[\"http:\\\/\\\/toutesnosenergies.fr\"],\"url\":\"https:\\\/\\\/toutesnosenergies.fr\\\/index.php\\\/author\\\/wm81\\\/\"}]}<\/script>\n<!-- \/ Yoast SEO plugin. -->","yoast_head_json":{"title":"Vent mauvais chez la d\u00e9put\u00e9e de la 1\u00b0 circonscription de l'Aude - Toutes Nos \u00c9nergies \u2013 Occitanie Environnement","robots":{"index":"index","follow":"follow","max-snippet":"max-snippet:-1","max-image-preview":"max-image-preview:large","max-video-preview":"max-video-preview:-1"},"canonical":"https:\/\/toutesnosenergies.fr\/index.php\/2018\/12\/23\/vent-mauvais-chez-la-deputee-de-la-1-circonscription-de-laude\/","og_locale":"fr_FR","og_type":"article","og_title":"Vent mauvais chez la d\u00e9put\u00e9e de la 1\u00b0 circonscription de l'Aude - Toutes Nos \u00c9nergies \u2013 Occitanie Environnement","og_description":"Le vendredi 21 d\u00e9cembre \u00e0 16 heures, le bureau de l\u2019association Vent mauvais a \u00e9t\u00e9 re\u00e7u \u00e0 sa demande par Madame Dani\u00e8le H\u00e9rin, d\u00e9put\u00e9e de la 1\u00e8recirconscription de l\u2019Aude pendant pr\u00e8s d\u2019une heure trente. Le th\u00e8me de la rencontre \u00e9tait la prolif\u00e9ration toujours plus grande des projets de centrales \u00e9oliennes sur la Montagne Noire et sur ses pi\u00e9monts. Un accueil courtois et attentif mais une discussion qui a r\u00e9v\u00e9l\u00e9 la grande ignorance du sujet, voire une certaine na\u00efvet\u00e9 d\u2019approche chez la d\u00e9put\u00e9e qui, jusque-l\u00e0, ne connaissait que le discours des \u00e9lus locaux et des promoteurs sur le sujet (elle a r\u00e9cemment donn\u00e9 son avis favorable au projet du Bois de l\u2019aiguille \u00e0 Cuxac-Cabard\u00e8s sans en avoir mesur\u00e9 l\u2019impact). A l\u2019aide d\u2019une carte de l\u2019existant o\u00f9 \u00e9taient indiqu\u00e9s les projets en cours, nous lui avons montr\u00e9 que le risque \u00e9tait r\u00e9el de voir pr\u00e8s de 100 \u00e9oliennes s\u2019\u00e9riger sur un territoire de 20 km\u00b2.  Nous avons le sentiment que nous lui avons ouvert les yeux sur un certain nombre de points\u00a0: destruction du paysage, nuisances sonores (non-conformit\u00e9 de la centrale \u00e9olienne du Sambres), rentabilit\u00e9 de l\u2019\u00e9olien d\u00e9pendant des subventions publiques et des taxes pr\u00e9lev\u00e9es sur la consommation d\u2019\u00e9lectricit\u00e9 et de carburant, co\u00fbt global consid\u00e9rable (elle ne connaissait pas le rapport de la cour des comptes \u2026), faible productivit\u00e9 des \u00e9oliennes (facteur de charge national de 21%), gigantisme des machines pour tenter de pallier \u00e0 cette insuffisance, intermittence de la production, absence de r\u00e9flexion chez les \u00e9lus qui ne voient que leur int\u00e9r\u00eat financier plut\u00f4t que d\u2019envisager le d\u00e9veloppement d\u2019une \u00e9conomie locale et des m\u00e9thodes plus adapt\u00e9e de production d\u2019\u00e9lectricit\u00e9 (g\u00e9othermie etc\u2026). Madame H\u00e9rin a beaucoup insist\u00e9 sur l\u2019importance de d\u00e9velopper la m\u00e9thanisation chez les \u00e9leveurs.  Nous avons demand\u00e9 \u00e0 Madame H\u00e9rin de soutenir aupr\u00e8s de la repr\u00e9sentation nationale et du Minist\u00e8re de l\u2019\u00e9cologie solidaire nos demandes formul\u00e9es dans la lettre qui lui est adress\u00e9e.","og_url":"https:\/\/toutesnosenergies.fr\/index.php\/2018\/12\/23\/vent-mauvais-chez-la-deputee-de-la-1-circonscription-de-laude\/","og_site_name":"Toutes Nos \u00c9nergies \u2013 Occitanie Environnement","article_publisher":"https:\/\/www.facebook.com\/TNEtoutesnosenergiesOccitanieEnvironnement","article_published_time":"2018-12-23T09:54:12+00:00","article_modified_time":"2018-12-23T09:57:34+00:00","author":"WM81","twitter_card":"summary_large_image","twitter_misc":{"\u00c9crit par":"WM81","Dur\u00e9e de lecture estim\u00e9e":"4 minutes"},"schema":{"@context":"https:\/\/schema.org","@graph":[{"@type":"Article","@id":"https:\/\/toutesnosenergies.fr\/index.php\/2018\/12\/23\/vent-mauvais-chez-la-deputee-de-la-1-circonscription-de-laude\/#article","isPartOf":{"@id":"https:\/\/toutesnosenergies.fr\/index.php\/2018\/12\/23\/vent-mauvais-chez-la-deputee-de-la-1-circonscription-de-laude\/"},"author":{"name":"WM81","@id":"https:\/\/toutesnosenergies.fr\/#\/schema\/person\/83b429b7810ce59e0a21afb7e0b3cb1c"},"headline":"Vent mauvais chez la d\u00e9put\u00e9e de la 1\u00b0 circonscription de l&rsquo;Aude","datePublished":"2018-12-23T09:54:12+00:00","dateModified":"2018-12-23T09:57:34+00:00","mainEntityOfPage":{"@id":"https:\/\/toutesnosenergies.fr\/index.php\/2018\/12\/23\/vent-mauvais-chez-la-deputee-de-la-1-circonscription-de-laude\/"},"wordCount":731,"commentCount":0,"publisher":{"@id":"https:\/\/toutesnosenergies.fr\/#organization"},"inLanguage":"fr-FR","potentialAction":[{"@type":"CommentAction","name":"Comment","target":["https:\/\/toutesnosenergies.fr\/index.php\/2018\/12\/23\/vent-mauvais-chez-la-deputee-de-la-1-circonscription-de-laude\/#respond"]}]},{"@type":"WebPage","@id":"https:\/\/toutesnosenergies.fr\/index.php\/2018\/12\/23\/vent-mauvais-chez-la-deputee-de-la-1-circonscription-de-laude\/","url":"https:\/\/toutesnosenergies.fr\/index.php\/2018\/12\/23\/vent-mauvais-chez-la-deputee-de-la-1-circonscription-de-laude\/","name":"Vent mauvais chez la d\u00e9put\u00e9e de la 1\u00b0 circonscription de l'Aude - Toutes Nos \u00c9nergies \u2013 Occitanie Environnement","isPartOf":{"@id":"https:\/\/toutesnosenergies.fr\/#website"},"datePublished":"2018-12-23T09:54:12+00:00","dateModified":"2018-12-23T09:57:34+00:00","breadcrumb":{"@id":"https:\/\/toutesnosenergies.fr\/index.php\/2018\/12\/23\/vent-mauvais-chez-la-deputee-de-la-1-circonscription-de-laude\/#breadcrumb"},"inLanguage":"fr-FR","potentialAction":[{"@type":"ReadAction","target":["https:\/\/toutesnosenergies.fr\/index.php\/2018\/12\/23\/vent-mauvais-chez-la-deputee-de-la-1-circonscription-de-laude\/"]}]},{"@type":"BreadcrumbList","@id":"https:\/\/toutesnosenergies.fr\/index.php\/2018\/12\/23\/vent-mauvais-chez-la-deputee-de-la-1-circonscription-de-laude\/#breadcrumb","itemListElement":[{"@type":"ListItem","position":1,"name":"Accueil","item":"https:\/\/toutesnosenergies.fr\/"},{"@type":"ListItem","position":2,"name":"Vent mauvais chez la d\u00e9put\u00e9e de la 1\u00b0 circonscription de l&#8217;Aude"}]},{"@type":"WebSite","@id":"https:\/\/toutesnosenergies.fr\/#website","url":"https:\/\/toutesnosenergies.fr\/","name":"Toutes Nos \u00c9nergies \u2013 Occitanie Environnement","description":"Pour une \u00e9nergie respectueuse du vivant et des territoires ruraux en Occitanie","publisher":{"@id":"https:\/\/toutesnosenergies.fr\/#organization"},"potentialAction":[{"@type":"SearchAction","target":{"@type":"EntryPoint","urlTemplate":"https:\/\/toutesnosenergies.fr\/?s={search_term_string}"},"query-input":{"@type":"PropertyValueSpecification","valueRequired":true,"valueName":"search_term_string"}}],"inLanguage":"fr-FR"},{"@type":"Organization","@id":"https:\/\/toutesnosenergies.fr\/#organization","name":"Toutes Nos \u00c9nergies \u2013 Occitanie Environnement","url":"https:\/\/toutesnosenergies.fr\/","logo":{"@type":"ImageObject","inLanguage":"fr-FR","@id":"https:\/\/toutesnosenergies.fr\/#\/schema\/logo\/image\/","url":"https:\/\/toutesnosenergies.fr\/wp-content\/uploads\/2023\/01\/Petit-logo.png","contentUrl":"https:\/\/toutesnosenergies.fr\/wp-content\/uploads\/2023\/01\/Petit-logo.png","width":360,"height":102,"caption":"Toutes Nos \u00c9nergies \u2013 Occitanie Environnement"},"image":{"@id":"https:\/\/toutesnosenergies.fr\/#\/schema\/logo\/image\/"},"sameAs":["https:\/\/www.facebook.com\/TNEtoutesnosenergiesOccitanieEnvironnement"]},{"@type":"Person","@id":"https:\/\/toutesnosenergies.fr\/#\/schema\/person\/83b429b7810ce59e0a21afb7e0b3cb1c","name":"WM81","image":{"@type":"ImageObject","inLanguage":"fr-FR","@id":"https:\/\/secure.gravatar.com\/avatar\/aa9bf2bd97a7297274c53294f09e800c7ee0d88290f959d5d49f9380299b9ff1?s=96&d=mm&r=g","url":"https:\/\/secure.gravatar.com\/avatar\/aa9bf2bd97a7297274c53294f09e800c7ee0d88290f959d5d49f9380299b9ff1?s=96&d=mm&r=g","contentUrl":"https:\/\/secure.gravatar.com\/avatar\/aa9bf2bd97a7297274c53294f09e800c7ee0d88290f959d5d49f9380299b9ff1?s=96&d=mm&r=g","caption":"WM81"},"sameAs":["http:\/\/toutesnosenergies.fr"],"url":"https:\/\/toutesnosenergies.fr\/index.php\/author\/wm81\/"}]}},"_links":{"self":[{"href":"https:\/\/toutesnosenergies.fr\/index.php\/wp-json\/wp\/v2\/posts\/1930","targetHints":{"allow":["GET"]}}],"collection":[{"href":"https:\/\/toutesnosenergies.fr\/index.php\/wp-json\/wp\/v2\/posts"}],"about":[{"href":"https:\/\/toutesnosenergies.fr\/index.php\/wp-json\/wp\/v2\/types\/post"}],"author":[{"embeddable":true,"href":"https:\/\/toutesnosenergies.fr\/index.php\/wp-json\/wp\/v2\/users\/3"}],"replies":[{"embeddable":true,"href":"https:\/\/toutesnosenergies.fr\/index.php\/wp-json\/wp\/v2\/comments?post=1930"}],"version-history":[{"count":4,"href":"https:\/\/toutesnosenergies.fr\/index.php\/wp-json\/wp\/v2\/posts\/1930\/revisions"}],"predecessor-version":[{"id":1936,"href":"https:\/\/toutesnosenergies.fr\/index.php\/wp-json\/wp\/v2\/posts\/1930\/revisions\/1936"}],"wp:attachment":[{"href":"https:\/\/toutesnosenergies.fr\/index.php\/wp-json\/wp\/v2\/media?parent=1930"}],"wp:term":[{"taxonomy":"category","embeddable":true,"href":"https:\/\/toutesnosenergies.fr\/index.php\/wp-json\/wp\/v2\/categories?post=1930"},{"taxonomy":"post_tag","embeddable":true,"href":"https:\/\/toutesnosenergies.fr\/index.php\/wp-json\/wp\/v2\/tags?post=1930"}],"curies":[{"name":"wp","href":"https:\/\/api.w.org\/{rel}","templated":true}]}}