{"id":2091,"date":"2019-02-09T16:04:17","date_gmt":"2019-02-09T15:04:17","guid":{"rendered":"http:\/\/toutesnosenergies.fr\/?p=2091"},"modified":"2019-02-11T16:50:47","modified_gmt":"2019-02-11T15:50:47","slug":"samedi-9-fevrier-manifestation-a-montparnasse","status":"publish","type":"post","link":"https:\/\/toutesnosenergies.fr\/index.php\/2019\/02\/09\/samedi-9-fevrier-manifestation-a-montparnasse\/","title":{"rendered":"Samedi 9 f\u00e9vrier, manifestation \u00e0 Montparnasse"},"content":{"rendered":"<p dir=\"auto\"><a href=\"http:\/\/toutesnosenergies.fr\/wp-content\/uploads\/2019\/02\/IMG_6778.jpg\"><img loading=\"lazy\" decoding=\"async\" class=\"alignleft wp-image-2093\" src=\"http:\/\/toutesnosenergies.fr\/wp-content\/uploads\/2019\/02\/IMG_6778-300x225.jpg\" alt=\"\" width=\"348\" height=\"261\" srcset=\"https:\/\/toutesnosenergies.fr\/wp-content\/uploads\/2019\/02\/IMG_6778-300x225.jpg 300w, https:\/\/toutesnosenergies.fr\/wp-content\/uploads\/2019\/02\/IMG_6778-768x576.jpg 768w, https:\/\/toutesnosenergies.fr\/wp-content\/uploads\/2019\/02\/IMG_6778-1024x768.jpg 1024w, https:\/\/toutesnosenergies.fr\/wp-content\/uploads\/2019\/02\/IMG_6778-1320x990.jpg 1320w\" sizes=\"auto, (max-width: 348px) 100vw, 348px\" \/><\/a>Bruno Ladsous \u00e9tait pr\u00e9sent, samedi 9 f\u00e9vrier 2019, 11h00, sur le parvis de la Gare Montparnasse \u00e0 Paris : il participait \u00e0 un rassemblement de 600 repr\u00e9sentants des associations de d\u00e9fense de l\u2019environnement luttant contre l\u2019invasion \u00e9olienne dans nos pays ruraux, France enti\u00e8re. Parmi eux, une vingtaine d\u2019occitans y compris des aveyronnais de Paris toujours fid\u00e8les !<\/p>\n<p dir=\"auto\">Cette manifestation \u00e9tait organis\u00e9e \u00e0 l\u2019initiative d\u2019un collectif du Morvan, Morvent en col\u00e8re, et soutenue notamment par la FED.<\/p>\n<p dir=\"auto\"><strong><i>Pourquoi la Gare Montparnasse ? Les nouvelles \u00e9oliennes qui se pr\u00e9parent font 240 m de haut, aussi hau<\/i>tes <i>que la Tour Montparnasse. Inou\u00ef !<\/i><\/strong><i><\/i><\/p>\n<p dir=\"auto\">Ambiance bon enfant, malgr\u00e9 des t\u00e9moignages poignants.<\/p>\n<p dir=\"auto\">Un appel est lanc\u00e9 aux pouvoirs publics pour que revienne le bon sens, que l\u2019on \u00e9coute les critiques de la Cour des Comptes (on en est aujourd\u2019hui \u00e0 160 Mds \u20ac engag\u00e9s), que l\u2019on donne enfin suite aux recommandations de l\u2019Acad\u00e9mie de M\u00e9decine du 9 mai 2017, que l\u2019on cesse de d\u00e9truire nos paysages et nos rivages (ex entre Yeu et Noirmoutier), que l\u2019on \u00e9pargne les 450000 oiseaux (450000 selon les \u00ab meilleures \u00bb estimations) tu\u00e9s chaque ann\u00e9e par les \u00e9oliennes, que cesse enfin toute pr\u00e9varication et toute chasse \u00e0 la manne financi\u00e8re, sans parler du chantage aux subventions&#8230;<\/p>\n<p dir=\"auto\">Le projet de PPE pr\u00e9voyant trois fois plus d\u2019\u00e9olien en 2028 est vigoureusement d\u00e9nonc\u00e9, et peu importe qu\u2019il y ait ou non des machines plus puissantes : en l\u2019\u00e9tat actuel, plus puissantes signifie aussi plus hautes et plus bruyantes, ce qui n\u2019est pas acceptable.<\/p>\n<p dir=\"auto\">Sites &amp; Monuments (SPPEF) puis le pr\u00e9sident de la F\u00e9d\u00e9ration Environnement Durable (FED) prennent la parole pour rappeler les recours men\u00e9s aupr\u00e8s de la Justice &#8211; notamment contre les d\u00e9crets Lecornu-Rugy de la fin 2018 &#8211; et d\u00e9crire la d\u00e9sinvolture avec laquelle la secr\u00e9taire d\u2019Etat Emmanuelle Wargon s\u2019est crue autoris\u00e9e \u00e0 ne pas honorer &#8211; sans pr\u00e9venance &#8211; son engagement d\u2019une r\u00e9union avec FED-VDC-SPPEF le 5 f\u00e9vrier, r\u00e9union \u00a0destin\u00e9e \u00e0 pr\u00e9parer les bases d\u2019une r\u00e9forme des r\u00e8gles et de la r\u00e9glementation.<\/p>\n<p dir=\"auto\">Nos \u00e9lus r\u00e9alistes et courageux sont f\u00e9licit\u00e9s, tant \u00e9lus locaux (plusieurs t\u00e9moignages) que nationaux (commission d\u2019enqu\u00eate parlementaire obtenue par le d\u00e9put\u00e9 J. Aubert) ou r\u00e9gionaux (Pr\u00e9sident de la R\u00e9gion Hauts-de-France).<\/p>\n<p dir=\"auto\">13h00 : dislocation du rassemblement.<\/p>\n","protected":false},"excerpt":{"rendered":"<p>Bruno Ladsous \u00e9tait pr\u00e9sent, samedi 9 f\u00e9vrier 2019, 11h00, sur le parvis de la Gare Montparnasse \u00e0 Paris : il participait \u00e0 un rassemblement de 600 repr\u00e9sentants des associations de d\u00e9fense de l\u2019environnement luttant contre l\u2019invasion \u00e9olienne dans nos pays ruraux, France enti\u00e8re. Parmi eux, une vingtaine d\u2019occitans y compris des aveyronnais de Paris toujours &#8230; <a title=\"Samedi 9 f\u00e9vrier, manifestation \u00e0 Montparnasse\" class=\"read-more\" href=\"https:\/\/toutesnosenergies.fr\/index.php\/2019\/02\/09\/samedi-9-fevrier-manifestation-a-montparnasse\/\" aria-label=\"Plus sur Samedi 9 f\u00e9vrier, manifestation \u00e0 Montparnasse\">Lire plus<\/a><\/p>\n","protected":false},"author":3,"featured_media":0,"comment_status":"open","ping_status":"open","sticky":false,"template":"","format":"standard","meta":{"_cbd_carousel_blocks":"[]","sfsi_plus_gutenberg_text_before_share":"","sfsi_plus_gutenberg_show_text_before_share":"","sfsi_plus_gutenberg_icon_type":"","sfsi_plus_gutenberg_icon_alignemt":"","sfsi_plus_gutenburg_max_per_row":"","footnotes":""},"categories":[1],"tags":[],"class_list":["post-2091","post","type-post","status-publish","format-standard","hentry","category-non-classe"],"yoast_head":"<!-- This site is optimized with the Yoast SEO plugin v27.5 - https:\/\/yoast.com\/product\/yoast-seo-wordpress\/ -->\n<title>Samedi 9 f\u00e9vrier, manifestation \u00e0 Montparnasse - Toutes Nos \u00c9nergies \u2013 Occitanie Environnement<\/title>\n<meta name=\"robots\" content=\"index, follow, max-snippet:-1, max-image-preview:large, max-video-preview:-1\" \/>\n<link rel=\"canonical\" href=\"https:\/\/toutesnosenergies.fr\/index.php\/2019\/02\/09\/samedi-9-fevrier-manifestation-a-montparnasse\/\" \/>\n<meta property=\"og:locale\" content=\"fr_FR\" \/>\n<meta property=\"og:type\" content=\"article\" \/>\n<meta property=\"og:title\" content=\"Samedi 9 f\u00e9vrier, manifestation \u00e0 Montparnasse - Toutes Nos \u00c9nergies \u2013 Occitanie Environnement\" \/>\n<meta property=\"og:description\" content=\"Bruno Ladsous \u00e9tait pr\u00e9sent, samedi 9 f\u00e9vrier 2019, 11h00, sur le parvis de la Gare Montparnasse \u00e0 Paris : il participait \u00e0 un rassemblement de 600 repr\u00e9sentants des associations de d\u00e9fense de l\u2019environnement luttant contre l\u2019invasion \u00e9olienne dans nos pays ruraux, France enti\u00e8re. Parmi eux, une vingtaine d\u2019occitans y compris des aveyronnais de Paris toujours ... Lire plus\" \/>\n<meta property=\"og:url\" content=\"https:\/\/toutesnosenergies.fr\/index.php\/2019\/02\/09\/samedi-9-fevrier-manifestation-a-montparnasse\/\" \/>\n<meta property=\"og:site_name\" content=\"Toutes Nos \u00c9nergies \u2013 Occitanie Environnement\" \/>\n<meta property=\"article:publisher\" content=\"https:\/\/www.facebook.com\/TNEtoutesnosenergiesOccitanieEnvironnement\" \/>\n<meta property=\"article:published_time\" content=\"2019-02-09T15:04:17+00:00\" \/>\n<meta property=\"article:modified_time\" content=\"2019-02-11T15:50:47+00:00\" \/>\n<meta property=\"og:image\" content=\"http:\/\/toutesnosenergies.fr\/wp-content\/uploads\/2019\/02\/IMG_6778-300x225.jpg\" \/>\n<meta name=\"author\" content=\"WM81\" \/>\n<meta name=\"twitter:card\" content=\"summary_large_image\" \/>\n<meta name=\"twitter:label1\" content=\"\u00c9crit par\" \/>\n\t<meta name=\"twitter:data1\" content=\"WM81\" \/>\n\t<meta name=\"twitter:label2\" content=\"Dur\u00e9e de lecture estim\u00e9e\" \/>\n\t<meta name=\"twitter:data2\" content=\"2 minutes\" \/>\n<script type=\"application\/ld+json\" class=\"yoast-schema-graph\">{\"@context\":\"https:\\\/\\\/schema.org\",\"@graph\":[{\"@type\":\"Article\",\"@id\":\"https:\\\/\\\/toutesnosenergies.fr\\\/index.php\\\/2019\\\/02\\\/09\\\/samedi-9-fevrier-manifestation-a-montparnasse\\\/#article\",\"isPartOf\":{\"@id\":\"https:\\\/\\\/toutesnosenergies.fr\\\/index.php\\\/2019\\\/02\\\/09\\\/samedi-9-fevrier-manifestation-a-montparnasse\\\/\"},\"author\":{\"name\":\"WM81\",\"@id\":\"https:\\\/\\\/toutesnosenergies.fr\\\/#\\\/schema\\\/person\\\/83b429b7810ce59e0a21afb7e0b3cb1c\"},\"headline\":\"Samedi 9 f\u00e9vrier, manifestation \u00e0 Montparnasse\",\"datePublished\":\"2019-02-09T15:04:17+00:00\",\"dateModified\":\"2019-02-11T15:50:47+00:00\",\"mainEntityOfPage\":{\"@id\":\"https:\\\/\\\/toutesnosenergies.fr\\\/index.php\\\/2019\\\/02\\\/09\\\/samedi-9-fevrier-manifestation-a-montparnasse\\\/\"},\"wordCount\":411,\"commentCount\":0,\"publisher\":{\"@id\":\"https:\\\/\\\/toutesnosenergies.fr\\\/#organization\"},\"image\":{\"@id\":\"https:\\\/\\\/toutesnosenergies.fr\\\/index.php\\\/2019\\\/02\\\/09\\\/samedi-9-fevrier-manifestation-a-montparnasse\\\/#primaryimage\"},\"thumbnailUrl\":\"http:\\\/\\\/toutesnosenergies.fr\\\/wp-content\\\/uploads\\\/2019\\\/02\\\/IMG_6778-300x225.jpg\",\"inLanguage\":\"fr-FR\",\"potentialAction\":[{\"@type\":\"CommentAction\",\"name\":\"Comment\",\"target\":[\"https:\\\/\\\/toutesnosenergies.fr\\\/index.php\\\/2019\\\/02\\\/09\\\/samedi-9-fevrier-manifestation-a-montparnasse\\\/#respond\"]}]},{\"@type\":\"WebPage\",\"@id\":\"https:\\\/\\\/toutesnosenergies.fr\\\/index.php\\\/2019\\\/02\\\/09\\\/samedi-9-fevrier-manifestation-a-montparnasse\\\/\",\"url\":\"https:\\\/\\\/toutesnosenergies.fr\\\/index.php\\\/2019\\\/02\\\/09\\\/samedi-9-fevrier-manifestation-a-montparnasse\\\/\",\"name\":\"Samedi 9 f\u00e9vrier, manifestation \u00e0 Montparnasse - Toutes Nos \u00c9nergies \u2013 Occitanie Environnement\",\"isPartOf\":{\"@id\":\"https:\\\/\\\/toutesnosenergies.fr\\\/#website\"},\"primaryImageOfPage\":{\"@id\":\"https:\\\/\\\/toutesnosenergies.fr\\\/index.php\\\/2019\\\/02\\\/09\\\/samedi-9-fevrier-manifestation-a-montparnasse\\\/#primaryimage\"},\"image\":{\"@id\":\"https:\\\/\\\/toutesnosenergies.fr\\\/index.php\\\/2019\\\/02\\\/09\\\/samedi-9-fevrier-manifestation-a-montparnasse\\\/#primaryimage\"},\"thumbnailUrl\":\"http:\\\/\\\/toutesnosenergies.fr\\\/wp-content\\\/uploads\\\/2019\\\/02\\\/IMG_6778-300x225.jpg\",\"datePublished\":\"2019-02-09T15:04:17+00:00\",\"dateModified\":\"2019-02-11T15:50:47+00:00\",\"breadcrumb\":{\"@id\":\"https:\\\/\\\/toutesnosenergies.fr\\\/index.php\\\/2019\\\/02\\\/09\\\/samedi-9-fevrier-manifestation-a-montparnasse\\\/#breadcrumb\"},\"inLanguage\":\"fr-FR\",\"potentialAction\":[{\"@type\":\"ReadAction\",\"target\":[\"https:\\\/\\\/toutesnosenergies.fr\\\/index.php\\\/2019\\\/02\\\/09\\\/samedi-9-fevrier-manifestation-a-montparnasse\\\/\"]}]},{\"@type\":\"ImageObject\",\"inLanguage\":\"fr-FR\",\"@id\":\"https:\\\/\\\/toutesnosenergies.fr\\\/index.php\\\/2019\\\/02\\\/09\\\/samedi-9-fevrier-manifestation-a-montparnasse\\\/#primaryimage\",\"url\":\"https:\\\/\\\/toutesnosenergies.fr\\\/wp-content\\\/uploads\\\/2019\\\/02\\\/IMG_6778.jpg\",\"contentUrl\":\"https:\\\/\\\/toutesnosenergies.fr\\\/wp-content\\\/uploads\\\/2019\\\/02\\\/IMG_6778.jpg\",\"width\":4032,\"height\":3024},{\"@type\":\"BreadcrumbList\",\"@id\":\"https:\\\/\\\/toutesnosenergies.fr\\\/index.php\\\/2019\\\/02\\\/09\\\/samedi-9-fevrier-manifestation-a-montparnasse\\\/#breadcrumb\",\"itemListElement\":[{\"@type\":\"ListItem\",\"position\":1,\"name\":\"Accueil\",\"item\":\"https:\\\/\\\/toutesnosenergies.fr\\\/\"},{\"@type\":\"ListItem\",\"position\":2,\"name\":\"Samedi 9 f\u00e9vrier, manifestation \u00e0 Montparnasse\"}]},{\"@type\":\"WebSite\",\"@id\":\"https:\\\/\\\/toutesnosenergies.fr\\\/#website\",\"url\":\"https:\\\/\\\/toutesnosenergies.fr\\\/\",\"name\":\"Toutes Nos \u00c9nergies \u2013 Occitanie Environnement\",\"description\":\"Pour une \u00e9nergie respectueuse du vivant et des territoires ruraux en Occitanie\",\"publisher\":{\"@id\":\"https:\\\/\\\/toutesnosenergies.fr\\\/#organization\"},\"potentialAction\":[{\"@type\":\"SearchAction\",\"target\":{\"@type\":\"EntryPoint\",\"urlTemplate\":\"https:\\\/\\\/toutesnosenergies.fr\\\/?s={search_term_string}\"},\"query-input\":{\"@type\":\"PropertyValueSpecification\",\"valueRequired\":true,\"valueName\":\"search_term_string\"}}],\"inLanguage\":\"fr-FR\"},{\"@type\":\"Organization\",\"@id\":\"https:\\\/\\\/toutesnosenergies.fr\\\/#organization\",\"name\":\"Toutes Nos \u00c9nergies \u2013 Occitanie Environnement\",\"url\":\"https:\\\/\\\/toutesnosenergies.fr\\\/\",\"logo\":{\"@type\":\"ImageObject\",\"inLanguage\":\"fr-FR\",\"@id\":\"https:\\\/\\\/toutesnosenergies.fr\\\/#\\\/schema\\\/logo\\\/image\\\/\",\"url\":\"https:\\\/\\\/toutesnosenergies.fr\\\/wp-content\\\/uploads\\\/2023\\\/01\\\/Petit-logo.png\",\"contentUrl\":\"https:\\\/\\\/toutesnosenergies.fr\\\/wp-content\\\/uploads\\\/2023\\\/01\\\/Petit-logo.png\",\"width\":360,\"height\":102,\"caption\":\"Toutes Nos \u00c9nergies \u2013 Occitanie Environnement\"},\"image\":{\"@id\":\"https:\\\/\\\/toutesnosenergies.fr\\\/#\\\/schema\\\/logo\\\/image\\\/\"},\"sameAs\":[\"https:\\\/\\\/www.facebook.com\\\/TNEtoutesnosenergiesOccitanieEnvironnement\"]},{\"@type\":\"Person\",\"@id\":\"https:\\\/\\\/toutesnosenergies.fr\\\/#\\\/schema\\\/person\\\/83b429b7810ce59e0a21afb7e0b3cb1c\",\"name\":\"WM81\",\"image\":{\"@type\":\"ImageObject\",\"inLanguage\":\"fr-FR\",\"@id\":\"https:\\\/\\\/secure.gravatar.com\\\/avatar\\\/aa9bf2bd97a7297274c53294f09e800c7ee0d88290f959d5d49f9380299b9ff1?s=96&d=mm&r=g\",\"url\":\"https:\\\/\\\/secure.gravatar.com\\\/avatar\\\/aa9bf2bd97a7297274c53294f09e800c7ee0d88290f959d5d49f9380299b9ff1?s=96&d=mm&r=g\",\"contentUrl\":\"https:\\\/\\\/secure.gravatar.com\\\/avatar\\\/aa9bf2bd97a7297274c53294f09e800c7ee0d88290f959d5d49f9380299b9ff1?s=96&d=mm&r=g\",\"caption\":\"WM81\"},\"sameAs\":[\"http:\\\/\\\/toutesnosenergies.fr\"],\"url\":\"https:\\\/\\\/toutesnosenergies.fr\\\/index.php\\\/author\\\/wm81\\\/\"}]}<\/script>\n<!-- \/ Yoast SEO plugin. -->","yoast_head_json":{"title":"Samedi 9 f\u00e9vrier, manifestation \u00e0 Montparnasse - Toutes Nos \u00c9nergies \u2013 Occitanie Environnement","robots":{"index":"index","follow":"follow","max-snippet":"max-snippet:-1","max-image-preview":"max-image-preview:large","max-video-preview":"max-video-preview:-1"},"canonical":"https:\/\/toutesnosenergies.fr\/index.php\/2019\/02\/09\/samedi-9-fevrier-manifestation-a-montparnasse\/","og_locale":"fr_FR","og_type":"article","og_title":"Samedi 9 f\u00e9vrier, manifestation \u00e0 Montparnasse - Toutes Nos \u00c9nergies \u2013 Occitanie Environnement","og_description":"Bruno Ladsous \u00e9tait pr\u00e9sent, samedi 9 f\u00e9vrier 2019, 11h00, sur le parvis de la Gare Montparnasse \u00e0 Paris : il participait \u00e0 un rassemblement de 600 repr\u00e9sentants des associations de d\u00e9fense de l\u2019environnement luttant contre l\u2019invasion \u00e9olienne dans nos pays ruraux, France enti\u00e8re. Parmi eux, une vingtaine d\u2019occitans y compris des aveyronnais de Paris toujours ... Lire plus","og_url":"https:\/\/toutesnosenergies.fr\/index.php\/2019\/02\/09\/samedi-9-fevrier-manifestation-a-montparnasse\/","og_site_name":"Toutes Nos \u00c9nergies \u2013 Occitanie Environnement","article_publisher":"https:\/\/www.facebook.com\/TNEtoutesnosenergiesOccitanieEnvironnement","article_published_time":"2019-02-09T15:04:17+00:00","article_modified_time":"2019-02-11T15:50:47+00:00","og_image":[{"url":"http:\/\/toutesnosenergies.fr\/wp-content\/uploads\/2019\/02\/IMG_6778-300x225.jpg","type":"","width":"","height":""}],"author":"WM81","twitter_card":"summary_large_image","twitter_misc":{"\u00c9crit par":"WM81","Dur\u00e9e de lecture estim\u00e9e":"2 minutes"},"schema":{"@context":"https:\/\/schema.org","@graph":[{"@type":"Article","@id":"https:\/\/toutesnosenergies.fr\/index.php\/2019\/02\/09\/samedi-9-fevrier-manifestation-a-montparnasse\/#article","isPartOf":{"@id":"https:\/\/toutesnosenergies.fr\/index.php\/2019\/02\/09\/samedi-9-fevrier-manifestation-a-montparnasse\/"},"author":{"name":"WM81","@id":"https:\/\/toutesnosenergies.fr\/#\/schema\/person\/83b429b7810ce59e0a21afb7e0b3cb1c"},"headline":"Samedi 9 f\u00e9vrier, manifestation \u00e0 Montparnasse","datePublished":"2019-02-09T15:04:17+00:00","dateModified":"2019-02-11T15:50:47+00:00","mainEntityOfPage":{"@id":"https:\/\/toutesnosenergies.fr\/index.php\/2019\/02\/09\/samedi-9-fevrier-manifestation-a-montparnasse\/"},"wordCount":411,"commentCount":0,"publisher":{"@id":"https:\/\/toutesnosenergies.fr\/#organization"},"image":{"@id":"https:\/\/toutesnosenergies.fr\/index.php\/2019\/02\/09\/samedi-9-fevrier-manifestation-a-montparnasse\/#primaryimage"},"thumbnailUrl":"http:\/\/toutesnosenergies.fr\/wp-content\/uploads\/2019\/02\/IMG_6778-300x225.jpg","inLanguage":"fr-FR","potentialAction":[{"@type":"CommentAction","name":"Comment","target":["https:\/\/toutesnosenergies.fr\/index.php\/2019\/02\/09\/samedi-9-fevrier-manifestation-a-montparnasse\/#respond"]}]},{"@type":"WebPage","@id":"https:\/\/toutesnosenergies.fr\/index.php\/2019\/02\/09\/samedi-9-fevrier-manifestation-a-montparnasse\/","url":"https:\/\/toutesnosenergies.fr\/index.php\/2019\/02\/09\/samedi-9-fevrier-manifestation-a-montparnasse\/","name":"Samedi 9 f\u00e9vrier, manifestation \u00e0 Montparnasse - Toutes Nos \u00c9nergies \u2013 Occitanie Environnement","isPartOf":{"@id":"https:\/\/toutesnosenergies.fr\/#website"},"primaryImageOfPage":{"@id":"https:\/\/toutesnosenergies.fr\/index.php\/2019\/02\/09\/samedi-9-fevrier-manifestation-a-montparnasse\/#primaryimage"},"image":{"@id":"https:\/\/toutesnosenergies.fr\/index.php\/2019\/02\/09\/samedi-9-fevrier-manifestation-a-montparnasse\/#primaryimage"},"thumbnailUrl":"http:\/\/toutesnosenergies.fr\/wp-content\/uploads\/2019\/02\/IMG_6778-300x225.jpg","datePublished":"2019-02-09T15:04:17+00:00","dateModified":"2019-02-11T15:50:47+00:00","breadcrumb":{"@id":"https:\/\/toutesnosenergies.fr\/index.php\/2019\/02\/09\/samedi-9-fevrier-manifestation-a-montparnasse\/#breadcrumb"},"inLanguage":"fr-FR","potentialAction":[{"@type":"ReadAction","target":["https:\/\/toutesnosenergies.fr\/index.php\/2019\/02\/09\/samedi-9-fevrier-manifestation-a-montparnasse\/"]}]},{"@type":"ImageObject","inLanguage":"fr-FR","@id":"https:\/\/toutesnosenergies.fr\/index.php\/2019\/02\/09\/samedi-9-fevrier-manifestation-a-montparnasse\/#primaryimage","url":"https:\/\/toutesnosenergies.fr\/wp-content\/uploads\/2019\/02\/IMG_6778.jpg","contentUrl":"https:\/\/toutesnosenergies.fr\/wp-content\/uploads\/2019\/02\/IMG_6778.jpg","width":4032,"height":3024},{"@type":"BreadcrumbList","@id":"https:\/\/toutesnosenergies.fr\/index.php\/2019\/02\/09\/samedi-9-fevrier-manifestation-a-montparnasse\/#breadcrumb","itemListElement":[{"@type":"ListItem","position":1,"name":"Accueil","item":"https:\/\/toutesnosenergies.fr\/"},{"@type":"ListItem","position":2,"name":"Samedi 9 f\u00e9vrier, manifestation \u00e0 Montparnasse"}]},{"@type":"WebSite","@id":"https:\/\/toutesnosenergies.fr\/#website","url":"https:\/\/toutesnosenergies.fr\/","name":"Toutes Nos \u00c9nergies \u2013 Occitanie Environnement","description":"Pour une \u00e9nergie respectueuse du vivant et des territoires ruraux en Occitanie","publisher":{"@id":"https:\/\/toutesnosenergies.fr\/#organization"},"potentialAction":[{"@type":"SearchAction","target":{"@type":"EntryPoint","urlTemplate":"https:\/\/toutesnosenergies.fr\/?s={search_term_string}"},"query-input":{"@type":"PropertyValueSpecification","valueRequired":true,"valueName":"search_term_string"}}],"inLanguage":"fr-FR"},{"@type":"Organization","@id":"https:\/\/toutesnosenergies.fr\/#organization","name":"Toutes Nos \u00c9nergies \u2013 Occitanie Environnement","url":"https:\/\/toutesnosenergies.fr\/","logo":{"@type":"ImageObject","inLanguage":"fr-FR","@id":"https:\/\/toutesnosenergies.fr\/#\/schema\/logo\/image\/","url":"https:\/\/toutesnosenergies.fr\/wp-content\/uploads\/2023\/01\/Petit-logo.png","contentUrl":"https:\/\/toutesnosenergies.fr\/wp-content\/uploads\/2023\/01\/Petit-logo.png","width":360,"height":102,"caption":"Toutes Nos \u00c9nergies \u2013 Occitanie Environnement"},"image":{"@id":"https:\/\/toutesnosenergies.fr\/#\/schema\/logo\/image\/"},"sameAs":["https:\/\/www.facebook.com\/TNEtoutesnosenergiesOccitanieEnvironnement"]},{"@type":"Person","@id":"https:\/\/toutesnosenergies.fr\/#\/schema\/person\/83b429b7810ce59e0a21afb7e0b3cb1c","name":"WM81","image":{"@type":"ImageObject","inLanguage":"fr-FR","@id":"https:\/\/secure.gravatar.com\/avatar\/aa9bf2bd97a7297274c53294f09e800c7ee0d88290f959d5d49f9380299b9ff1?s=96&d=mm&r=g","url":"https:\/\/secure.gravatar.com\/avatar\/aa9bf2bd97a7297274c53294f09e800c7ee0d88290f959d5d49f9380299b9ff1?s=96&d=mm&r=g","contentUrl":"https:\/\/secure.gravatar.com\/avatar\/aa9bf2bd97a7297274c53294f09e800c7ee0d88290f959d5d49f9380299b9ff1?s=96&d=mm&r=g","caption":"WM81"},"sameAs":["http:\/\/toutesnosenergies.fr"],"url":"https:\/\/toutesnosenergies.fr\/index.php\/author\/wm81\/"}]}},"_links":{"self":[{"href":"https:\/\/toutesnosenergies.fr\/index.php\/wp-json\/wp\/v2\/posts\/2091","targetHints":{"allow":["GET"]}}],"collection":[{"href":"https:\/\/toutesnosenergies.fr\/index.php\/wp-json\/wp\/v2\/posts"}],"about":[{"href":"https:\/\/toutesnosenergies.fr\/index.php\/wp-json\/wp\/v2\/types\/post"}],"author":[{"embeddable":true,"href":"https:\/\/toutesnosenergies.fr\/index.php\/wp-json\/wp\/v2\/users\/3"}],"replies":[{"embeddable":true,"href":"https:\/\/toutesnosenergies.fr\/index.php\/wp-json\/wp\/v2\/comments?post=2091"}],"version-history":[{"count":4,"href":"https:\/\/toutesnosenergies.fr\/index.php\/wp-json\/wp\/v2\/posts\/2091\/revisions"}],"predecessor-version":[{"id":2096,"href":"https:\/\/toutesnosenergies.fr\/index.php\/wp-json\/wp\/v2\/posts\/2091\/revisions\/2096"}],"wp:attachment":[{"href":"https:\/\/toutesnosenergies.fr\/index.php\/wp-json\/wp\/v2\/media?parent=2091"}],"wp:term":[{"taxonomy":"category","embeddable":true,"href":"https:\/\/toutesnosenergies.fr\/index.php\/wp-json\/wp\/v2\/categories?post=2091"},{"taxonomy":"post_tag","embeddable":true,"href":"https:\/\/toutesnosenergies.fr\/index.php\/wp-json\/wp\/v2\/tags?post=2091"}],"curies":[{"name":"wp","href":"https:\/\/api.w.org\/{rel}","templated":true}]}}