{"id":2142,"date":"2019-02-25T13:23:34","date_gmt":"2019-02-25T12:23:34","guid":{"rendered":"http:\/\/toutesnosenergies.fr\/?p=2142"},"modified":"2019-03-25T22:55:58","modified_gmt":"2019-03-25T21:55:58","slug":"carnaval-es-arrivat-a-lamassada","status":"publish","type":"post","link":"https:\/\/toutesnosenergies.fr\/index.php\/2019\/02\/25\/carnaval-es-arrivat-a-lamassada\/","title":{"rendered":"CARNAVAL ES ARRIVAT !!\u00a0Le 9 mars \u00e0 l&rsquo;AMASSADA"},"content":{"rendered":"<p><img loading=\"lazy\" decoding=\"async\" class=\"wp-image-2145 alignright\" src=\"http:\/\/toutesnosenergies.fr\/wp-content\/uploads\/2019\/02\/Carnaval-RTE-300x199.jpeg\" alt=\"\" width=\"336\" height=\"223\" srcset=\"https:\/\/toutesnosenergies.fr\/wp-content\/uploads\/2019\/02\/Carnaval-RTE-300x199.jpeg 300w, https:\/\/toutesnosenergies.fr\/wp-content\/uploads\/2019\/02\/Carnaval-RTE.jpeg 711w\" sizes=\"auto, (max-width: 336px) 100vw, 336px\" \/><strong>Dernier message de l&rsquo;AMASSADA \u2039\u00a0<\/strong>Bonjour \u00e0 toutes et tous, dans l&rsquo;actualit\u00e9 de l&rsquo;Amassada, bien s\u00fbr le Carnaval!! le carnaval de la transition = trahison: c&rsquo;est \u00e0 Millau le samedi 9 mars et on vous y attend tr\u00e8s nombreu.ses!!!!!!! \u00a0Et pour bien le pr\u00e9parer ce CARNAVAL :\u00a0rendez vous \u00e0 \u00a0lundi, mardi, jeudi et vendredi des prochaines semaines de 14h \u00e0 18h ; confection de d\u00e9guisements, de masques, et bien sur d&rsquo;un caramantran !!<br \/>\nApportez tout ce qui vous semblera utile !<\/p>\n<p>PS. Nous rappelons que l&rsquo;Amassada, ses b\u00e2timents, ses cabanes existent toujours, et que chacun.e y est la bienvenue, \u00e0 toutes heures et chaque jour!!<\/p>\n<p><!--more--><\/p>\n<p>Aussi \u00e0 lire cette semaine un article tr\u00e8s intructif paru dans la presse locale sur l&rsquo;arnaque au carbone, \u00e0 laquelle participe le Parc des Grands Causses par sa promotion de l&rsquo;\u00e9olien industriel. <a href=\"https:\/\/douze.noblogs.org\/post\/2019\/02\/25\/le-parc-des-grands-causses-arnaque-au-carbone\/\">https:\/\/douze.noblogs.org\/post\/2019\/02\/25\/le-parc-des-grands-causses-arnaque-au-carbone\/<\/a>\u00a0 Et pour vous tenir au courant des \u00e9v\u00e9nements militants dans toute la r\u00e9gion un agenda participatif est en ligne, consulter le : <a href=\"https:\/\/aveyron.demosphere.net\/\">https:\/\/aveyron.demosphere.net\/<\/a><\/p>\n<p>Cet hiver \u00e0 vu na\u00eetre un mouvement in\u00e9dit qui s\u2019est, dans un premier temps, oppos\u00e9 \u00e0 la taxe carbone, vision punitive d\u2019une \u00e9cologie de fa\u00e7ade o\u00f9 les principaux responsables des \u00e9missions de gaz \u00e0 effet de serre en sont exempt\u00e9s : transport a\u00e9rien et maritime ; agriculture industrielle ; \u00e9nergie ; extractivisme\u00a0et \u00e9conomie num\u00e9rique.<\/p>\n<p>Depuis quatre ans, \u00e0 l&rsquo;amassada, nous d\u00e9non\u00e7ons la mascarade de la transition \u00e9nerg\u00e9tique, le d\u00e9veloppement tout azimut d\u2019\u00e9nergies dites renouvelables dans des territoires ruraux sacrifi\u00e9s par des rapaces de la finance alors m\u00eame qu\u2019aucune garantie n\u2019est donn\u00e9e sur une possible sortie du nucl\u00e9aire.<br \/>\nAu contraire le passage \u00e0 la voiture \u00e9lectrique est l\u2019assurance de voir dans les ann\u00e9es qui viennent la construction de nouveaux r\u00e9acteurs.<\/p>\n<p>Depuis quatre ans, nous emp\u00eachons la construction d\u2019un megatransformateur et ses lignes THT \u00e0 Saint Victor qui est l\u2019un des maillons essentiels \u00e0 la poursuite du saccage &#8211; L\u2019Amassada est en ce sens un rond point occup\u00e9 depuis quatre ans \u2013 Ce territoire dans\u00a0lequel nous vivons est depuis trop longtemps g\u00e9r\u00e9 par des \u00e9lus et des bureaucrates d\u00e9connect\u00e9s. D\u00e9fendons-le !<\/p>\n<p><strong>Carnaval es arrivat !<\/strong> Carnaval, le r\u00e9veil des plantes et les sourires baign\u00e9s par le retour de la douceur. Une transition, r\u00e9elle cette fois, le passage de l\u2019hiver au printemps.\u00a0 Des corps qui s\u2019\u00e9brouent et enl\u00e8vent la gangue sociale accumul\u00e9e au fil des mois pass\u00e9s. Carnaval, l\u2019occasion de mettre tout cul par-dessus t\u00eate, de s\u2019unir malgr\u00e9 nos diff\u00e9rences et faire front le temps d\u2019une journ\u00e9e. Prendre la rue, changer ses allures.\u00a0 Cette ann\u00e9e, retrouvons nous \u00e0 Millau, Samedi 9 mars, place de la gare pour le carnaval de \u00ab\u00a0la farce \u00e9nerg\u00e9tique : Retrouve Ton Enfance\u00a0\u00bb (RTE*: R\u00e9seau de transport d&rsquo;\u00e9lectricit\u00e9, filiale d&rsquo;EDF)\u00a0 F\u00eatons carnaval tous ensemble !\u00bb<\/p>\n<p><strong>Dansons ! Chantons !\u00a0\u00a0Que cet hiver si riche en rencontres laisse place \u00e0\u00a0 un printemps ardent.<\/strong><\/p>\n","protected":false},"excerpt":{"rendered":"<p>Dernier message de l&rsquo;AMASSADA \u2039 Bonjour \u00e0 toutes et tous, dans l&rsquo;actualit\u00e9 de l&rsquo;Amassada, bien s\u00fbr le Carnaval!! le carnaval de la transition = trahison: c&rsquo;est \u00e0 Millau le samedi 9 mars et on vous y attend tr\u00e8s nombreu.ses!!!!!!!  Et pour bien le pr\u00e9parer ce CARNAVAL : rendez vous \u00e0  lundi, mardi, jeudi et vendredi des prochaines semaines de 14h \u00e0 18h ; confection de d\u00e9guisements, de masques, et bien sur d&rsquo;un caramantran !!<br \/>\nApportez tout ce qui vous semblera utile !<\/p>\n<p>PS. Nous rappelons que l&rsquo;Amassada, ses b\u00e2timents, ses cabanes existent toujours, et que chacun.e y est la bienvenue, \u00e0 toutes heures et chaque jour!!   Aussi \u00e0 lire cette semaine un article tr\u00e8s intructif paru dans la presse locale sur l&rsquo;arnaque au carbone, auquelle participe le Parc des Grands Causses par sa promotion de l&rsquo;\u00e9olien industriel. https:\/\/douze.noblogs.org\/post\/2019\/02\/25\/le-parc-des-grands-causses-arnaque-au-carbone\/  Et pour vous tenir au courant des \u00e9v\u00e9nements militants dans toute la r\u00e9gion un agenda participatif est en ligne, consulter le : https:\/\/aveyron.demosphere.net\/<\/p>\n","protected":false},"author":3,"featured_media":0,"comment_status":"open","ping_status":"open","sticky":false,"template":"","format":"standard","meta":{"_cbd_carousel_blocks":"[]","sfsi_plus_gutenberg_text_before_share":"","sfsi_plus_gutenberg_show_text_before_share":"","sfsi_plus_gutenberg_icon_type":"","sfsi_plus_gutenberg_icon_alignemt":"","sfsi_plus_gutenburg_max_per_row":"","footnotes":""},"categories":[8],"tags":[],"class_list":["post-2142","post","type-post","status-publish","format-standard","hentry","category-communiques-associations"],"yoast_head":"<!-- This site is optimized with the Yoast SEO plugin v27.5 - https:\/\/yoast.com\/product\/yoast-seo-wordpress\/ -->\n<title>CARNAVAL ES ARRIVAT !!\u00a0Le 9 mars \u00e0 l&#039;AMASSADA - Toutes Nos \u00c9nergies \u2013 Occitanie Environnement<\/title>\n<meta name=\"robots\" content=\"index, follow, max-snippet:-1, max-image-preview:large, max-video-preview:-1\" \/>\n<link rel=\"canonical\" href=\"https:\/\/toutesnosenergies.fr\/index.php\/2019\/02\/25\/carnaval-es-arrivat-a-lamassada\/\" \/>\n<meta property=\"og:locale\" content=\"fr_FR\" \/>\n<meta property=\"og:type\" content=\"article\" \/>\n<meta property=\"og:title\" content=\"CARNAVAL ES ARRIVAT !!\u00a0Le 9 mars \u00e0 l&#039;AMASSADA - Toutes Nos \u00c9nergies \u2013 Occitanie Environnement\" \/>\n<meta property=\"og:description\" content=\"Dernier message de l&#039;AMASSADA \u2039 Bonjour \u00e0 toutes et tous, dans l&#039;actualit\u00e9 de l&#039;Amassada, bien s\u00fbr le Carnaval!! le carnaval de la transition = trahison: c&#039;est \u00e0 Millau le samedi 9 mars et on vous y attend tr\u00e8s nombreu.ses!!!!!!! Et pour bien le pr\u00e9parer ce CARNAVAL : rendez vous \u00e0 lundi, mardi, jeudi et vendredi des prochaines semaines de 14h \u00e0 18h ; confection de d\u00e9guisements, de masques, et bien sur d&#039;un caramantran !! Apportez tout ce qui vous semblera utile !  PS. Nous rappelons que l&#039;Amassada, ses b\u00e2timents, ses cabanes existent toujours, et que chacun.e y est la bienvenue, \u00e0 toutes heures et chaque jour!!  Aussi \u00e0 lire cette semaine un article tr\u00e8s intructif paru dans la presse locale sur l&#039;arnaque au carbone, auquelle participe le Parc des Grands Causses par sa promotion de l&#039;\u00e9olien industriel. https:\/\/douze.noblogs.org\/post\/2019\/02\/25\/le-parc-des-grands-causses-arnaque-au-carbone\/ Et pour vous tenir au courant des \u00e9v\u00e9nements militants dans toute la r\u00e9gion un agenda participatif est en ligne, consulter le : https:\/\/aveyron.demosphere.net\/\" \/>\n<meta property=\"og:url\" content=\"https:\/\/toutesnosenergies.fr\/index.php\/2019\/02\/25\/carnaval-es-arrivat-a-lamassada\/\" \/>\n<meta property=\"og:site_name\" content=\"Toutes Nos \u00c9nergies \u2013 Occitanie Environnement\" \/>\n<meta property=\"article:publisher\" content=\"https:\/\/www.facebook.com\/TNEtoutesnosenergiesOccitanieEnvironnement\" \/>\n<meta property=\"article:published_time\" content=\"2019-02-25T12:23:34+00:00\" \/>\n<meta property=\"article:modified_time\" content=\"2019-03-25T21:55:58+00:00\" \/>\n<meta property=\"og:image\" content=\"http:\/\/toutesnosenergies.fr\/wp-content\/uploads\/2019\/02\/Carnaval-RTE-300x199.jpeg\" \/>\n<meta name=\"author\" content=\"WM81\" \/>\n<meta name=\"twitter:card\" content=\"summary_large_image\" \/>\n<meta name=\"twitter:label1\" content=\"\u00c9crit par\" \/>\n\t<meta name=\"twitter:data1\" content=\"WM81\" \/>\n\t<meta name=\"twitter:label2\" content=\"Dur\u00e9e de lecture estim\u00e9e\" \/>\n\t<meta name=\"twitter:data2\" content=\"2 minutes\" \/>\n<script type=\"application\/ld+json\" class=\"yoast-schema-graph\">{\"@context\":\"https:\\\/\\\/schema.org\",\"@graph\":[{\"@type\":\"Article\",\"@id\":\"https:\\\/\\\/toutesnosenergies.fr\\\/index.php\\\/2019\\\/02\\\/25\\\/carnaval-es-arrivat-a-lamassada\\\/#article\",\"isPartOf\":{\"@id\":\"https:\\\/\\\/toutesnosenergies.fr\\\/index.php\\\/2019\\\/02\\\/25\\\/carnaval-es-arrivat-a-lamassada\\\/\"},\"author\":{\"name\":\"WM81\",\"@id\":\"https:\\\/\\\/toutesnosenergies.fr\\\/#\\\/schema\\\/person\\\/83b429b7810ce59e0a21afb7e0b3cb1c\"},\"headline\":\"CARNAVAL ES ARRIVAT !!\u00a0Le 9 mars \u00e0 l&rsquo;AMASSADA\",\"datePublished\":\"2019-02-25T12:23:34+00:00\",\"dateModified\":\"2019-03-25T21:55:58+00:00\",\"mainEntityOfPage\":{\"@id\":\"https:\\\/\\\/toutesnosenergies.fr\\\/index.php\\\/2019\\\/02\\\/25\\\/carnaval-es-arrivat-a-lamassada\\\/\"},\"wordCount\":505,\"commentCount\":0,\"publisher\":{\"@id\":\"https:\\\/\\\/toutesnosenergies.fr\\\/#organization\"},\"image\":{\"@id\":\"https:\\\/\\\/toutesnosenergies.fr\\\/index.php\\\/2019\\\/02\\\/25\\\/carnaval-es-arrivat-a-lamassada\\\/#primaryimage\"},\"thumbnailUrl\":\"http:\\\/\\\/toutesnosenergies.fr\\\/wp-content\\\/uploads\\\/2019\\\/02\\\/Carnaval-RTE-300x199.jpeg\",\"articleSection\":[\"Communiqu\u00e9s des associations\"],\"inLanguage\":\"fr-FR\",\"potentialAction\":[{\"@type\":\"CommentAction\",\"name\":\"Comment\",\"target\":[\"https:\\\/\\\/toutesnosenergies.fr\\\/index.php\\\/2019\\\/02\\\/25\\\/carnaval-es-arrivat-a-lamassada\\\/#respond\"]}]},{\"@type\":\"WebPage\",\"@id\":\"https:\\\/\\\/toutesnosenergies.fr\\\/index.php\\\/2019\\\/02\\\/25\\\/carnaval-es-arrivat-a-lamassada\\\/\",\"url\":\"https:\\\/\\\/toutesnosenergies.fr\\\/index.php\\\/2019\\\/02\\\/25\\\/carnaval-es-arrivat-a-lamassada\\\/\",\"name\":\"CARNAVAL ES ARRIVAT !!\u00a0Le 9 mars \u00e0 l'AMASSADA - Toutes Nos \u00c9nergies \u2013 Occitanie Environnement\",\"isPartOf\":{\"@id\":\"https:\\\/\\\/toutesnosenergies.fr\\\/#website\"},\"primaryImageOfPage\":{\"@id\":\"https:\\\/\\\/toutesnosenergies.fr\\\/index.php\\\/2019\\\/02\\\/25\\\/carnaval-es-arrivat-a-lamassada\\\/#primaryimage\"},\"image\":{\"@id\":\"https:\\\/\\\/toutesnosenergies.fr\\\/index.php\\\/2019\\\/02\\\/25\\\/carnaval-es-arrivat-a-lamassada\\\/#primaryimage\"},\"thumbnailUrl\":\"http:\\\/\\\/toutesnosenergies.fr\\\/wp-content\\\/uploads\\\/2019\\\/02\\\/Carnaval-RTE-300x199.jpeg\",\"datePublished\":\"2019-02-25T12:23:34+00:00\",\"dateModified\":\"2019-03-25T21:55:58+00:00\",\"breadcrumb\":{\"@id\":\"https:\\\/\\\/toutesnosenergies.fr\\\/index.php\\\/2019\\\/02\\\/25\\\/carnaval-es-arrivat-a-lamassada\\\/#breadcrumb\"},\"inLanguage\":\"fr-FR\",\"potentialAction\":[{\"@type\":\"ReadAction\",\"target\":[\"https:\\\/\\\/toutesnosenergies.fr\\\/index.php\\\/2019\\\/02\\\/25\\\/carnaval-es-arrivat-a-lamassada\\\/\"]}]},{\"@type\":\"ImageObject\",\"inLanguage\":\"fr-FR\",\"@id\":\"https:\\\/\\\/toutesnosenergies.fr\\\/index.php\\\/2019\\\/02\\\/25\\\/carnaval-es-arrivat-a-lamassada\\\/#primaryimage\",\"url\":\"https:\\\/\\\/toutesnosenergies.fr\\\/wp-content\\\/uploads\\\/2019\\\/02\\\/Carnaval-RTE.jpeg\",\"contentUrl\":\"https:\\\/\\\/toutesnosenergies.fr\\\/wp-content\\\/uploads\\\/2019\\\/02\\\/Carnaval-RTE.jpeg\",\"width\":711,\"height\":472},{\"@type\":\"BreadcrumbList\",\"@id\":\"https:\\\/\\\/toutesnosenergies.fr\\\/index.php\\\/2019\\\/02\\\/25\\\/carnaval-es-arrivat-a-lamassada\\\/#breadcrumb\",\"itemListElement\":[{\"@type\":\"ListItem\",\"position\":1,\"name\":\"Accueil\",\"item\":\"https:\\\/\\\/toutesnosenergies.fr\\\/\"},{\"@type\":\"ListItem\",\"position\":2,\"name\":\"CARNAVAL ES ARRIVAT !!\u00a0Le 9 mars \u00e0 l&#8217;AMASSADA\"}]},{\"@type\":\"WebSite\",\"@id\":\"https:\\\/\\\/toutesnosenergies.fr\\\/#website\",\"url\":\"https:\\\/\\\/toutesnosenergies.fr\\\/\",\"name\":\"Toutes Nos \u00c9nergies \u2013 Occitanie Environnement\",\"description\":\"Pour une \u00e9nergie respectueuse du vivant et des territoires ruraux en Occitanie\",\"publisher\":{\"@id\":\"https:\\\/\\\/toutesnosenergies.fr\\\/#organization\"},\"potentialAction\":[{\"@type\":\"SearchAction\",\"target\":{\"@type\":\"EntryPoint\",\"urlTemplate\":\"https:\\\/\\\/toutesnosenergies.fr\\\/?s={search_term_string}\"},\"query-input\":{\"@type\":\"PropertyValueSpecification\",\"valueRequired\":true,\"valueName\":\"search_term_string\"}}],\"inLanguage\":\"fr-FR\"},{\"@type\":\"Organization\",\"@id\":\"https:\\\/\\\/toutesnosenergies.fr\\\/#organization\",\"name\":\"Toutes Nos \u00c9nergies \u2013 Occitanie Environnement\",\"url\":\"https:\\\/\\\/toutesnosenergies.fr\\\/\",\"logo\":{\"@type\":\"ImageObject\",\"inLanguage\":\"fr-FR\",\"@id\":\"https:\\\/\\\/toutesnosenergies.fr\\\/#\\\/schema\\\/logo\\\/image\\\/\",\"url\":\"https:\\\/\\\/toutesnosenergies.fr\\\/wp-content\\\/uploads\\\/2023\\\/01\\\/Petit-logo.png\",\"contentUrl\":\"https:\\\/\\\/toutesnosenergies.fr\\\/wp-content\\\/uploads\\\/2023\\\/01\\\/Petit-logo.png\",\"width\":360,\"height\":102,\"caption\":\"Toutes Nos \u00c9nergies \u2013 Occitanie Environnement\"},\"image\":{\"@id\":\"https:\\\/\\\/toutesnosenergies.fr\\\/#\\\/schema\\\/logo\\\/image\\\/\"},\"sameAs\":[\"https:\\\/\\\/www.facebook.com\\\/TNEtoutesnosenergiesOccitanieEnvironnement\"]},{\"@type\":\"Person\",\"@id\":\"https:\\\/\\\/toutesnosenergies.fr\\\/#\\\/schema\\\/person\\\/83b429b7810ce59e0a21afb7e0b3cb1c\",\"name\":\"WM81\",\"image\":{\"@type\":\"ImageObject\",\"inLanguage\":\"fr-FR\",\"@id\":\"https:\\\/\\\/secure.gravatar.com\\\/avatar\\\/aa9bf2bd97a7297274c53294f09e800c7ee0d88290f959d5d49f9380299b9ff1?s=96&d=mm&r=g\",\"url\":\"https:\\\/\\\/secure.gravatar.com\\\/avatar\\\/aa9bf2bd97a7297274c53294f09e800c7ee0d88290f959d5d49f9380299b9ff1?s=96&d=mm&r=g\",\"contentUrl\":\"https:\\\/\\\/secure.gravatar.com\\\/avatar\\\/aa9bf2bd97a7297274c53294f09e800c7ee0d88290f959d5d49f9380299b9ff1?s=96&d=mm&r=g\",\"caption\":\"WM81\"},\"sameAs\":[\"http:\\\/\\\/toutesnosenergies.fr\"],\"url\":\"https:\\\/\\\/toutesnosenergies.fr\\\/index.php\\\/author\\\/wm81\\\/\"}]}<\/script>\n<!-- \/ Yoast SEO plugin. -->","yoast_head_json":{"title":"CARNAVAL ES ARRIVAT !!\u00a0Le 9 mars \u00e0 l'AMASSADA - Toutes Nos \u00c9nergies \u2013 Occitanie Environnement","robots":{"index":"index","follow":"follow","max-snippet":"max-snippet:-1","max-image-preview":"max-image-preview:large","max-video-preview":"max-video-preview:-1"},"canonical":"https:\/\/toutesnosenergies.fr\/index.php\/2019\/02\/25\/carnaval-es-arrivat-a-lamassada\/","og_locale":"fr_FR","og_type":"article","og_title":"CARNAVAL ES ARRIVAT !!\u00a0Le 9 mars \u00e0 l'AMASSADA - Toutes Nos \u00c9nergies \u2013 Occitanie Environnement","og_description":"Dernier message de l'AMASSADA \u2039 Bonjour \u00e0 toutes et tous, dans l'actualit\u00e9 de l'Amassada, bien s\u00fbr le Carnaval!! le carnaval de la transition = trahison: c'est \u00e0 Millau le samedi 9 mars et on vous y attend tr\u00e8s nombreu.ses!!!!!!! Et pour bien le pr\u00e9parer ce CARNAVAL : rendez vous \u00e0 lundi, mardi, jeudi et vendredi des prochaines semaines de 14h \u00e0 18h ; confection de d\u00e9guisements, de masques, et bien sur d'un caramantran !! Apportez tout ce qui vous semblera utile !  PS. Nous rappelons que l'Amassada, ses b\u00e2timents, ses cabanes existent toujours, et que chacun.e y est la bienvenue, \u00e0 toutes heures et chaque jour!!  Aussi \u00e0 lire cette semaine un article tr\u00e8s intructif paru dans la presse locale sur l'arnaque au carbone, auquelle participe le Parc des Grands Causses par sa promotion de l'\u00e9olien industriel. https:\/\/douze.noblogs.org\/post\/2019\/02\/25\/le-parc-des-grands-causses-arnaque-au-carbone\/ Et pour vous tenir au courant des \u00e9v\u00e9nements militants dans toute la r\u00e9gion un agenda participatif est en ligne, consulter le : https:\/\/aveyron.demosphere.net\/","og_url":"https:\/\/toutesnosenergies.fr\/index.php\/2019\/02\/25\/carnaval-es-arrivat-a-lamassada\/","og_site_name":"Toutes Nos \u00c9nergies \u2013 Occitanie Environnement","article_publisher":"https:\/\/www.facebook.com\/TNEtoutesnosenergiesOccitanieEnvironnement","article_published_time":"2019-02-25T12:23:34+00:00","article_modified_time":"2019-03-25T21:55:58+00:00","og_image":[{"url":"http:\/\/toutesnosenergies.fr\/wp-content\/uploads\/2019\/02\/Carnaval-RTE-300x199.jpeg","type":"","width":"","height":""}],"author":"WM81","twitter_card":"summary_large_image","twitter_misc":{"\u00c9crit par":"WM81","Dur\u00e9e de lecture estim\u00e9e":"2 minutes"},"schema":{"@context":"https:\/\/schema.org","@graph":[{"@type":"Article","@id":"https:\/\/toutesnosenergies.fr\/index.php\/2019\/02\/25\/carnaval-es-arrivat-a-lamassada\/#article","isPartOf":{"@id":"https:\/\/toutesnosenergies.fr\/index.php\/2019\/02\/25\/carnaval-es-arrivat-a-lamassada\/"},"author":{"name":"WM81","@id":"https:\/\/toutesnosenergies.fr\/#\/schema\/person\/83b429b7810ce59e0a21afb7e0b3cb1c"},"headline":"CARNAVAL ES ARRIVAT !!\u00a0Le 9 mars \u00e0 l&rsquo;AMASSADA","datePublished":"2019-02-25T12:23:34+00:00","dateModified":"2019-03-25T21:55:58+00:00","mainEntityOfPage":{"@id":"https:\/\/toutesnosenergies.fr\/index.php\/2019\/02\/25\/carnaval-es-arrivat-a-lamassada\/"},"wordCount":505,"commentCount":0,"publisher":{"@id":"https:\/\/toutesnosenergies.fr\/#organization"},"image":{"@id":"https:\/\/toutesnosenergies.fr\/index.php\/2019\/02\/25\/carnaval-es-arrivat-a-lamassada\/#primaryimage"},"thumbnailUrl":"http:\/\/toutesnosenergies.fr\/wp-content\/uploads\/2019\/02\/Carnaval-RTE-300x199.jpeg","articleSection":["Communiqu\u00e9s des associations"],"inLanguage":"fr-FR","potentialAction":[{"@type":"CommentAction","name":"Comment","target":["https:\/\/toutesnosenergies.fr\/index.php\/2019\/02\/25\/carnaval-es-arrivat-a-lamassada\/#respond"]}]},{"@type":"WebPage","@id":"https:\/\/toutesnosenergies.fr\/index.php\/2019\/02\/25\/carnaval-es-arrivat-a-lamassada\/","url":"https:\/\/toutesnosenergies.fr\/index.php\/2019\/02\/25\/carnaval-es-arrivat-a-lamassada\/","name":"CARNAVAL ES ARRIVAT !!\u00a0Le 9 mars \u00e0 l'AMASSADA - Toutes Nos \u00c9nergies \u2013 Occitanie Environnement","isPartOf":{"@id":"https:\/\/toutesnosenergies.fr\/#website"},"primaryImageOfPage":{"@id":"https:\/\/toutesnosenergies.fr\/index.php\/2019\/02\/25\/carnaval-es-arrivat-a-lamassada\/#primaryimage"},"image":{"@id":"https:\/\/toutesnosenergies.fr\/index.php\/2019\/02\/25\/carnaval-es-arrivat-a-lamassada\/#primaryimage"},"thumbnailUrl":"http:\/\/toutesnosenergies.fr\/wp-content\/uploads\/2019\/02\/Carnaval-RTE-300x199.jpeg","datePublished":"2019-02-25T12:23:34+00:00","dateModified":"2019-03-25T21:55:58+00:00","breadcrumb":{"@id":"https:\/\/toutesnosenergies.fr\/index.php\/2019\/02\/25\/carnaval-es-arrivat-a-lamassada\/#breadcrumb"},"inLanguage":"fr-FR","potentialAction":[{"@type":"ReadAction","target":["https:\/\/toutesnosenergies.fr\/index.php\/2019\/02\/25\/carnaval-es-arrivat-a-lamassada\/"]}]},{"@type":"ImageObject","inLanguage":"fr-FR","@id":"https:\/\/toutesnosenergies.fr\/index.php\/2019\/02\/25\/carnaval-es-arrivat-a-lamassada\/#primaryimage","url":"https:\/\/toutesnosenergies.fr\/wp-content\/uploads\/2019\/02\/Carnaval-RTE.jpeg","contentUrl":"https:\/\/toutesnosenergies.fr\/wp-content\/uploads\/2019\/02\/Carnaval-RTE.jpeg","width":711,"height":472},{"@type":"BreadcrumbList","@id":"https:\/\/toutesnosenergies.fr\/index.php\/2019\/02\/25\/carnaval-es-arrivat-a-lamassada\/#breadcrumb","itemListElement":[{"@type":"ListItem","position":1,"name":"Accueil","item":"https:\/\/toutesnosenergies.fr\/"},{"@type":"ListItem","position":2,"name":"CARNAVAL ES ARRIVAT !!\u00a0Le 9 mars \u00e0 l&#8217;AMASSADA"}]},{"@type":"WebSite","@id":"https:\/\/toutesnosenergies.fr\/#website","url":"https:\/\/toutesnosenergies.fr\/","name":"Toutes Nos \u00c9nergies \u2013 Occitanie Environnement","description":"Pour une \u00e9nergie respectueuse du vivant et des territoires ruraux en Occitanie","publisher":{"@id":"https:\/\/toutesnosenergies.fr\/#organization"},"potentialAction":[{"@type":"SearchAction","target":{"@type":"EntryPoint","urlTemplate":"https:\/\/toutesnosenergies.fr\/?s={search_term_string}"},"query-input":{"@type":"PropertyValueSpecification","valueRequired":true,"valueName":"search_term_string"}}],"inLanguage":"fr-FR"},{"@type":"Organization","@id":"https:\/\/toutesnosenergies.fr\/#organization","name":"Toutes Nos \u00c9nergies \u2013 Occitanie Environnement","url":"https:\/\/toutesnosenergies.fr\/","logo":{"@type":"ImageObject","inLanguage":"fr-FR","@id":"https:\/\/toutesnosenergies.fr\/#\/schema\/logo\/image\/","url":"https:\/\/toutesnosenergies.fr\/wp-content\/uploads\/2023\/01\/Petit-logo.png","contentUrl":"https:\/\/toutesnosenergies.fr\/wp-content\/uploads\/2023\/01\/Petit-logo.png","width":360,"height":102,"caption":"Toutes Nos \u00c9nergies \u2013 Occitanie Environnement"},"image":{"@id":"https:\/\/toutesnosenergies.fr\/#\/schema\/logo\/image\/"},"sameAs":["https:\/\/www.facebook.com\/TNEtoutesnosenergiesOccitanieEnvironnement"]},{"@type":"Person","@id":"https:\/\/toutesnosenergies.fr\/#\/schema\/person\/83b429b7810ce59e0a21afb7e0b3cb1c","name":"WM81","image":{"@type":"ImageObject","inLanguage":"fr-FR","@id":"https:\/\/secure.gravatar.com\/avatar\/aa9bf2bd97a7297274c53294f09e800c7ee0d88290f959d5d49f9380299b9ff1?s=96&d=mm&r=g","url":"https:\/\/secure.gravatar.com\/avatar\/aa9bf2bd97a7297274c53294f09e800c7ee0d88290f959d5d49f9380299b9ff1?s=96&d=mm&r=g","contentUrl":"https:\/\/secure.gravatar.com\/avatar\/aa9bf2bd97a7297274c53294f09e800c7ee0d88290f959d5d49f9380299b9ff1?s=96&d=mm&r=g","caption":"WM81"},"sameAs":["http:\/\/toutesnosenergies.fr"],"url":"https:\/\/toutesnosenergies.fr\/index.php\/author\/wm81\/"}]}},"_links":{"self":[{"href":"https:\/\/toutesnosenergies.fr\/index.php\/wp-json\/wp\/v2\/posts\/2142","targetHints":{"allow":["GET"]}}],"collection":[{"href":"https:\/\/toutesnosenergies.fr\/index.php\/wp-json\/wp\/v2\/posts"}],"about":[{"href":"https:\/\/toutesnosenergies.fr\/index.php\/wp-json\/wp\/v2\/types\/post"}],"author":[{"embeddable":true,"href":"https:\/\/toutesnosenergies.fr\/index.php\/wp-json\/wp\/v2\/users\/3"}],"replies":[{"embeddable":true,"href":"https:\/\/toutesnosenergies.fr\/index.php\/wp-json\/wp\/v2\/comments?post=2142"}],"version-history":[{"count":7,"href":"https:\/\/toutesnosenergies.fr\/index.php\/wp-json\/wp\/v2\/posts\/2142\/revisions"}],"predecessor-version":[{"id":2338,"href":"https:\/\/toutesnosenergies.fr\/index.php\/wp-json\/wp\/v2\/posts\/2142\/revisions\/2338"}],"wp:attachment":[{"href":"https:\/\/toutesnosenergies.fr\/index.php\/wp-json\/wp\/v2\/media?parent=2142"}],"wp:term":[{"taxonomy":"category","embeddable":true,"href":"https:\/\/toutesnosenergies.fr\/index.php\/wp-json\/wp\/v2\/categories?post=2142"},{"taxonomy":"post_tag","embeddable":true,"href":"https:\/\/toutesnosenergies.fr\/index.php\/wp-json\/wp\/v2\/tags?post=2142"}],"curies":[{"name":"wp","href":"https:\/\/api.w.org\/{rel}","templated":true}]}}