{"id":2618,"date":"2019-06-15T11:02:57","date_gmt":"2019-06-15T09:02:57","guid":{"rendered":"https:\/\/toutesnosenergies.fr\/?p=2618"},"modified":"2019-06-18T09:38:31","modified_gmt":"2019-06-18T07:38:31","slug":"appel-de-la-confederation-paysanne-de-lherault-contre-le-projet-de-solarzac","status":"publish","type":"post","link":"https:\/\/toutesnosenergies.fr\/index.php\/2019\/06\/15\/appel-de-la-confederation-paysanne-de-lherault-contre-le-projet-de-solarzac\/","title":{"rendered":"Appel de la conf\u00e9d\u00e9ration paysanne de l&rsquo;H\u00e9rault contre le projet de Solarzac"},"content":{"rendered":"\n<p>Albane, animatrice syndicale et Dominique, \u00e9leveuse de brebis nous ont demand\u00e9 de faire circuler l&rsquo;appel suivant.<\/p>\n\n\n\n<p style=\"text-align:left\"><strong>Les projets industriels d\u2019artificialisation des terres agricoles se multiplient et les promoteurs de ces projets ne reculent devant rien<\/strong>&nbsp;: mensonges, promesses, cadeaux, simulacre de concertation pr\u00e9alable, utilisation du langage alternatif et citoyen, d\u2019un langage volontairement technique et donc, expertises fauss\u00e9es, violation des lois et r\u00e9glementations\u2026&nbsp;<br><strong>Nous, paysan-nes, habitant-es, citoyen-nes<\/strong> serions les indig\u00e8nes qui ne comprendraient rien. Ils tentent de nous convaincre par tous les moyens..&nbsp;<br><strong>Pour eux, nos terres<\/strong>,<strong>par lesquelles nous vivons pour nourrir les gens<\/strong>, que nous&nbsp;<strong>transmettons aux jeunes<\/strong> en qu\u00eate de foncier pour s\u2019installer,&nbsp;<strong>ne vaudraient rien&nbsp;!<\/strong><br><strong>Pour eux,nos terres agricoles et pastorales<\/strong> seraient des gisements \u00e0 artificialiser&nbsp;!<br><strong>Pour eux,<\/strong>nos parcelles seraient des op\u00e9rations financi\u00e8res&nbsp;!<br><strong>Laisser passer<\/strong> de tels projets ouvrirait la porte \u00e0 la fin des campagnes&nbsp;: avec la faiblesse des revenus paysans, la faiblesse des retraites\u2026 Comment un propri\u00e9taire peut-il r\u00e9sister \u00e0 la tentation des promesses mirobolantes de prix de location du foncier&nbsp;?&nbsp;&nbsp;<br><br><strong>Laisser passer un tel projet remettrait en cause la destination nourrici\u00e8re des terres agricoles.<\/strong><\/p>\n\n\n\n<p style=\"text-align:center\"><br><strong>Oui aux installations assurant la transition \u00e9nerg\u00e9tique MAIS sur les toits, les parkings, les anciennes d\u00e9charges, les friches industrielles\u2026&nbsp;<\/strong>&nbsp;<br><strong>La terre n\u2019est pas une marchandise&nbsp;! <\/strong><br><strong>Stop \u00e0 l\u2019industrialisation des campagnes&nbsp;!<\/strong><\/p>\n\n\n\n<p style=\"color:#d80e2c;font-size:24px;text-align:center\" class=\"has-text-color has-background has-very-light-gray-background-color\"><strong>Contre le m\u00e9ga projet photovolta\u00efque <\/strong><br><br><strong>de Solarzac<br><\/strong><br><strong>Mercredi 19 juin \u00e0 9h <\/strong><br><br><strong>dans l\u2019HERAULT<\/strong><br><br>sortie 28 autoroute A 9<\/p>\n\n\n\n<p>Le collectif TNE-Occitanie Environnement apporte <a href=\"https:\/\/toutesnosenergies.fr\/wp-content\/uploads\/2019\/06\/Soutien-Conf\u00e9d\u00e9ration-Paysanne-.pages\">son soutien \u00e0 cette initiative <\/a>et appelle \u00e0 la participation la plus large possible. <\/p>\n","protected":false},"excerpt":{"rendered":"<p>Albane, animatrice syndicale et Dominique, \u00e9leveuse de brebis nous ont demand\u00e9 de faire circuler l&rsquo;appel suivant. Les projets industriels d\u2019artificialisation des terres agricoles se multiplient et les promoteurs de ces projets ne reculent devant rien&nbsp;: mensonges, promesses, cadeaux, simulacre de concertation pr\u00e9alable, utilisation du langage alternatif et citoyen, d\u2019un langage volontairement technique et donc, expertises &#8230; <a title=\"Appel de la conf\u00e9d\u00e9ration paysanne de l&rsquo;H\u00e9rault contre le projet de Solarzac\" class=\"read-more\" href=\"https:\/\/toutesnosenergies.fr\/index.php\/2019\/06\/15\/appel-de-la-confederation-paysanne-de-lherault-contre-le-projet-de-solarzac\/\" aria-label=\"Plus sur Appel de la conf\u00e9d\u00e9ration paysanne de l&rsquo;H\u00e9rault contre le projet de Solarzac\">Lire plus<\/a><\/p>\n","protected":false},"author":3,"featured_media":0,"comment_status":"open","ping_status":"open","sticky":false,"template":"","format":"standard","meta":{"_cbd_carousel_blocks":"[]","sfsi_plus_gutenberg_text_before_share":"","sfsi_plus_gutenberg_show_text_before_share":"","sfsi_plus_gutenberg_icon_type":"","sfsi_plus_gutenberg_icon_alignemt":"","sfsi_plus_gutenburg_max_per_row":"","footnotes":""},"categories":[8],"tags":[],"class_list":["post-2618","post","type-post","status-publish","format-standard","hentry","category-communiques-associations"],"yoast_head":"<!-- This site is optimized with the Yoast SEO plugin v27.5 - https:\/\/yoast.com\/product\/yoast-seo-wordpress\/ -->\n<title>Appel de la conf\u00e9d\u00e9ration paysanne de l&#039;H\u00e9rault contre le projet de Solarzac - Toutes Nos \u00c9nergies \u2013 Occitanie Environnement<\/title>\n<meta name=\"robots\" content=\"index, follow, max-snippet:-1, max-image-preview:large, max-video-preview:-1\" \/>\n<link rel=\"canonical\" href=\"https:\/\/toutesnosenergies.fr\/index.php\/2019\/06\/15\/appel-de-la-confederation-paysanne-de-lherault-contre-le-projet-de-solarzac\/\" \/>\n<meta property=\"og:locale\" content=\"fr_FR\" \/>\n<meta property=\"og:type\" content=\"article\" \/>\n<meta property=\"og:title\" content=\"Appel de la conf\u00e9d\u00e9ration paysanne de l&#039;H\u00e9rault contre le projet de Solarzac - Toutes Nos \u00c9nergies \u2013 Occitanie Environnement\" \/>\n<meta property=\"og:description\" content=\"Albane, animatrice syndicale et Dominique, \u00e9leveuse de brebis nous ont demand\u00e9 de faire circuler l&rsquo;appel suivant. Les projets industriels d\u2019artificialisation des terres agricoles se multiplient et les promoteurs de ces projets ne reculent devant rien&nbsp;: mensonges, promesses, cadeaux, simulacre de concertation pr\u00e9alable, utilisation du langage alternatif et citoyen, d\u2019un langage volontairement technique et donc, expertises ... Lire plus\" \/>\n<meta property=\"og:url\" content=\"https:\/\/toutesnosenergies.fr\/index.php\/2019\/06\/15\/appel-de-la-confederation-paysanne-de-lherault-contre-le-projet-de-solarzac\/\" \/>\n<meta property=\"og:site_name\" content=\"Toutes Nos \u00c9nergies \u2013 Occitanie Environnement\" \/>\n<meta property=\"article:publisher\" content=\"https:\/\/www.facebook.com\/TNEtoutesnosenergiesOccitanieEnvironnement\" \/>\n<meta property=\"article:published_time\" content=\"2019-06-15T09:02:57+00:00\" \/>\n<meta property=\"article:modified_time\" content=\"2019-06-18T07:38:31+00:00\" \/>\n<meta name=\"author\" content=\"WM81\" \/>\n<meta name=\"twitter:card\" content=\"summary_large_image\" \/>\n<meta name=\"twitter:label1\" content=\"\u00c9crit par\" \/>\n\t<meta name=\"twitter:data1\" content=\"WM81\" \/>\n\t<meta name=\"twitter:label2\" content=\"Dur\u00e9e de lecture estim\u00e9e\" \/>\n\t<meta name=\"twitter:data2\" content=\"1 minute\" \/>\n<script type=\"application\/ld+json\" class=\"yoast-schema-graph\">{\"@context\":\"https:\\\/\\\/schema.org\",\"@graph\":[{\"@type\":\"Article\",\"@id\":\"https:\\\/\\\/toutesnosenergies.fr\\\/index.php\\\/2019\\\/06\\\/15\\\/appel-de-la-confederation-paysanne-de-lherault-contre-le-projet-de-solarzac\\\/#article\",\"isPartOf\":{\"@id\":\"https:\\\/\\\/toutesnosenergies.fr\\\/index.php\\\/2019\\\/06\\\/15\\\/appel-de-la-confederation-paysanne-de-lherault-contre-le-projet-de-solarzac\\\/\"},\"author\":{\"name\":\"WM81\",\"@id\":\"https:\\\/\\\/toutesnosenergies.fr\\\/#\\\/schema\\\/person\\\/83b429b7810ce59e0a21afb7e0b3cb1c\"},\"headline\":\"Appel de la conf\u00e9d\u00e9ration paysanne de l&rsquo;H\u00e9rault contre le projet de Solarzac\",\"datePublished\":\"2019-06-15T09:02:57+00:00\",\"dateModified\":\"2019-06-18T07:38:31+00:00\",\"mainEntityOfPage\":{\"@id\":\"https:\\\/\\\/toutesnosenergies.fr\\\/index.php\\\/2019\\\/06\\\/15\\\/appel-de-la-confederation-paysanne-de-lherault-contre-le-projet-de-solarzac\\\/\"},\"wordCount\":290,\"commentCount\":0,\"publisher\":{\"@id\":\"https:\\\/\\\/toutesnosenergies.fr\\\/#organization\"},\"articleSection\":[\"Communiqu\u00e9s des associations\"],\"inLanguage\":\"fr-FR\",\"potentialAction\":[{\"@type\":\"CommentAction\",\"name\":\"Comment\",\"target\":[\"https:\\\/\\\/toutesnosenergies.fr\\\/index.php\\\/2019\\\/06\\\/15\\\/appel-de-la-confederation-paysanne-de-lherault-contre-le-projet-de-solarzac\\\/#respond\"]}]},{\"@type\":\"WebPage\",\"@id\":\"https:\\\/\\\/toutesnosenergies.fr\\\/index.php\\\/2019\\\/06\\\/15\\\/appel-de-la-confederation-paysanne-de-lherault-contre-le-projet-de-solarzac\\\/\",\"url\":\"https:\\\/\\\/toutesnosenergies.fr\\\/index.php\\\/2019\\\/06\\\/15\\\/appel-de-la-confederation-paysanne-de-lherault-contre-le-projet-de-solarzac\\\/\",\"name\":\"Appel de la conf\u00e9d\u00e9ration paysanne de l'H\u00e9rault contre le projet de Solarzac - Toutes Nos \u00c9nergies \u2013 Occitanie Environnement\",\"isPartOf\":{\"@id\":\"https:\\\/\\\/toutesnosenergies.fr\\\/#website\"},\"datePublished\":\"2019-06-15T09:02:57+00:00\",\"dateModified\":\"2019-06-18T07:38:31+00:00\",\"breadcrumb\":{\"@id\":\"https:\\\/\\\/toutesnosenergies.fr\\\/index.php\\\/2019\\\/06\\\/15\\\/appel-de-la-confederation-paysanne-de-lherault-contre-le-projet-de-solarzac\\\/#breadcrumb\"},\"inLanguage\":\"fr-FR\",\"potentialAction\":[{\"@type\":\"ReadAction\",\"target\":[\"https:\\\/\\\/toutesnosenergies.fr\\\/index.php\\\/2019\\\/06\\\/15\\\/appel-de-la-confederation-paysanne-de-lherault-contre-le-projet-de-solarzac\\\/\"]}]},{\"@type\":\"BreadcrumbList\",\"@id\":\"https:\\\/\\\/toutesnosenergies.fr\\\/index.php\\\/2019\\\/06\\\/15\\\/appel-de-la-confederation-paysanne-de-lherault-contre-le-projet-de-solarzac\\\/#breadcrumb\",\"itemListElement\":[{\"@type\":\"ListItem\",\"position\":1,\"name\":\"Accueil\",\"item\":\"https:\\\/\\\/toutesnosenergies.fr\\\/\"},{\"@type\":\"ListItem\",\"position\":2,\"name\":\"Appel de la conf\u00e9d\u00e9ration paysanne de l&#8217;H\u00e9rault contre le projet de Solarzac\"}]},{\"@type\":\"WebSite\",\"@id\":\"https:\\\/\\\/toutesnosenergies.fr\\\/#website\",\"url\":\"https:\\\/\\\/toutesnosenergies.fr\\\/\",\"name\":\"Toutes Nos \u00c9nergies \u2013 Occitanie Environnement\",\"description\":\"Pour une \u00e9nergie respectueuse du vivant et des territoires ruraux en Occitanie\",\"publisher\":{\"@id\":\"https:\\\/\\\/toutesnosenergies.fr\\\/#organization\"},\"potentialAction\":[{\"@type\":\"SearchAction\",\"target\":{\"@type\":\"EntryPoint\",\"urlTemplate\":\"https:\\\/\\\/toutesnosenergies.fr\\\/?s={search_term_string}\"},\"query-input\":{\"@type\":\"PropertyValueSpecification\",\"valueRequired\":true,\"valueName\":\"search_term_string\"}}],\"inLanguage\":\"fr-FR\"},{\"@type\":\"Organization\",\"@id\":\"https:\\\/\\\/toutesnosenergies.fr\\\/#organization\",\"name\":\"Toutes Nos \u00c9nergies \u2013 Occitanie Environnement\",\"url\":\"https:\\\/\\\/toutesnosenergies.fr\\\/\",\"logo\":{\"@type\":\"ImageObject\",\"inLanguage\":\"fr-FR\",\"@id\":\"https:\\\/\\\/toutesnosenergies.fr\\\/#\\\/schema\\\/logo\\\/image\\\/\",\"url\":\"https:\\\/\\\/toutesnosenergies.fr\\\/wp-content\\\/uploads\\\/2023\\\/01\\\/Petit-logo.png\",\"contentUrl\":\"https:\\\/\\\/toutesnosenergies.fr\\\/wp-content\\\/uploads\\\/2023\\\/01\\\/Petit-logo.png\",\"width\":360,\"height\":102,\"caption\":\"Toutes Nos \u00c9nergies \u2013 Occitanie Environnement\"},\"image\":{\"@id\":\"https:\\\/\\\/toutesnosenergies.fr\\\/#\\\/schema\\\/logo\\\/image\\\/\"},\"sameAs\":[\"https:\\\/\\\/www.facebook.com\\\/TNEtoutesnosenergiesOccitanieEnvironnement\"]},{\"@type\":\"Person\",\"@id\":\"https:\\\/\\\/toutesnosenergies.fr\\\/#\\\/schema\\\/person\\\/83b429b7810ce59e0a21afb7e0b3cb1c\",\"name\":\"WM81\",\"image\":{\"@type\":\"ImageObject\",\"inLanguage\":\"fr-FR\",\"@id\":\"https:\\\/\\\/secure.gravatar.com\\\/avatar\\\/aa9bf2bd97a7297274c53294f09e800c7ee0d88290f959d5d49f9380299b9ff1?s=96&d=mm&r=g\",\"url\":\"https:\\\/\\\/secure.gravatar.com\\\/avatar\\\/aa9bf2bd97a7297274c53294f09e800c7ee0d88290f959d5d49f9380299b9ff1?s=96&d=mm&r=g\",\"contentUrl\":\"https:\\\/\\\/secure.gravatar.com\\\/avatar\\\/aa9bf2bd97a7297274c53294f09e800c7ee0d88290f959d5d49f9380299b9ff1?s=96&d=mm&r=g\",\"caption\":\"WM81\"},\"sameAs\":[\"http:\\\/\\\/toutesnosenergies.fr\"],\"url\":\"https:\\\/\\\/toutesnosenergies.fr\\\/index.php\\\/author\\\/wm81\\\/\"}]}<\/script>\n<!-- \/ Yoast SEO plugin. -->","yoast_head_json":{"title":"Appel de la conf\u00e9d\u00e9ration paysanne de l'H\u00e9rault contre le projet de Solarzac - Toutes Nos \u00c9nergies \u2013 Occitanie Environnement","robots":{"index":"index","follow":"follow","max-snippet":"max-snippet:-1","max-image-preview":"max-image-preview:large","max-video-preview":"max-video-preview:-1"},"canonical":"https:\/\/toutesnosenergies.fr\/index.php\/2019\/06\/15\/appel-de-la-confederation-paysanne-de-lherault-contre-le-projet-de-solarzac\/","og_locale":"fr_FR","og_type":"article","og_title":"Appel de la conf\u00e9d\u00e9ration paysanne de l'H\u00e9rault contre le projet de Solarzac - Toutes Nos \u00c9nergies \u2013 Occitanie Environnement","og_description":"Albane, animatrice syndicale et Dominique, \u00e9leveuse de brebis nous ont demand\u00e9 de faire circuler l&rsquo;appel suivant. Les projets industriels d\u2019artificialisation des terres agricoles se multiplient et les promoteurs de ces projets ne reculent devant rien&nbsp;: mensonges, promesses, cadeaux, simulacre de concertation pr\u00e9alable, utilisation du langage alternatif et citoyen, d\u2019un langage volontairement technique et donc, expertises ... Lire plus","og_url":"https:\/\/toutesnosenergies.fr\/index.php\/2019\/06\/15\/appel-de-la-confederation-paysanne-de-lherault-contre-le-projet-de-solarzac\/","og_site_name":"Toutes Nos \u00c9nergies \u2013 Occitanie Environnement","article_publisher":"https:\/\/www.facebook.com\/TNEtoutesnosenergiesOccitanieEnvironnement","article_published_time":"2019-06-15T09:02:57+00:00","article_modified_time":"2019-06-18T07:38:31+00:00","author":"WM81","twitter_card":"summary_large_image","twitter_misc":{"\u00c9crit par":"WM81","Dur\u00e9e de lecture estim\u00e9e":"1 minute"},"schema":{"@context":"https:\/\/schema.org","@graph":[{"@type":"Article","@id":"https:\/\/toutesnosenergies.fr\/index.php\/2019\/06\/15\/appel-de-la-confederation-paysanne-de-lherault-contre-le-projet-de-solarzac\/#article","isPartOf":{"@id":"https:\/\/toutesnosenergies.fr\/index.php\/2019\/06\/15\/appel-de-la-confederation-paysanne-de-lherault-contre-le-projet-de-solarzac\/"},"author":{"name":"WM81","@id":"https:\/\/toutesnosenergies.fr\/#\/schema\/person\/83b429b7810ce59e0a21afb7e0b3cb1c"},"headline":"Appel de la conf\u00e9d\u00e9ration paysanne de l&rsquo;H\u00e9rault contre le projet de Solarzac","datePublished":"2019-06-15T09:02:57+00:00","dateModified":"2019-06-18T07:38:31+00:00","mainEntityOfPage":{"@id":"https:\/\/toutesnosenergies.fr\/index.php\/2019\/06\/15\/appel-de-la-confederation-paysanne-de-lherault-contre-le-projet-de-solarzac\/"},"wordCount":290,"commentCount":0,"publisher":{"@id":"https:\/\/toutesnosenergies.fr\/#organization"},"articleSection":["Communiqu\u00e9s des associations"],"inLanguage":"fr-FR","potentialAction":[{"@type":"CommentAction","name":"Comment","target":["https:\/\/toutesnosenergies.fr\/index.php\/2019\/06\/15\/appel-de-la-confederation-paysanne-de-lherault-contre-le-projet-de-solarzac\/#respond"]}]},{"@type":"WebPage","@id":"https:\/\/toutesnosenergies.fr\/index.php\/2019\/06\/15\/appel-de-la-confederation-paysanne-de-lherault-contre-le-projet-de-solarzac\/","url":"https:\/\/toutesnosenergies.fr\/index.php\/2019\/06\/15\/appel-de-la-confederation-paysanne-de-lherault-contre-le-projet-de-solarzac\/","name":"Appel de la conf\u00e9d\u00e9ration paysanne de l'H\u00e9rault contre le projet de Solarzac - Toutes Nos \u00c9nergies \u2013 Occitanie Environnement","isPartOf":{"@id":"https:\/\/toutesnosenergies.fr\/#website"},"datePublished":"2019-06-15T09:02:57+00:00","dateModified":"2019-06-18T07:38:31+00:00","breadcrumb":{"@id":"https:\/\/toutesnosenergies.fr\/index.php\/2019\/06\/15\/appel-de-la-confederation-paysanne-de-lherault-contre-le-projet-de-solarzac\/#breadcrumb"},"inLanguage":"fr-FR","potentialAction":[{"@type":"ReadAction","target":["https:\/\/toutesnosenergies.fr\/index.php\/2019\/06\/15\/appel-de-la-confederation-paysanne-de-lherault-contre-le-projet-de-solarzac\/"]}]},{"@type":"BreadcrumbList","@id":"https:\/\/toutesnosenergies.fr\/index.php\/2019\/06\/15\/appel-de-la-confederation-paysanne-de-lherault-contre-le-projet-de-solarzac\/#breadcrumb","itemListElement":[{"@type":"ListItem","position":1,"name":"Accueil","item":"https:\/\/toutesnosenergies.fr\/"},{"@type":"ListItem","position":2,"name":"Appel de la conf\u00e9d\u00e9ration paysanne de l&#8217;H\u00e9rault contre le projet de Solarzac"}]},{"@type":"WebSite","@id":"https:\/\/toutesnosenergies.fr\/#website","url":"https:\/\/toutesnosenergies.fr\/","name":"Toutes Nos \u00c9nergies \u2013 Occitanie Environnement","description":"Pour une \u00e9nergie respectueuse du vivant et des territoires ruraux en Occitanie","publisher":{"@id":"https:\/\/toutesnosenergies.fr\/#organization"},"potentialAction":[{"@type":"SearchAction","target":{"@type":"EntryPoint","urlTemplate":"https:\/\/toutesnosenergies.fr\/?s={search_term_string}"},"query-input":{"@type":"PropertyValueSpecification","valueRequired":true,"valueName":"search_term_string"}}],"inLanguage":"fr-FR"},{"@type":"Organization","@id":"https:\/\/toutesnosenergies.fr\/#organization","name":"Toutes Nos \u00c9nergies \u2013 Occitanie Environnement","url":"https:\/\/toutesnosenergies.fr\/","logo":{"@type":"ImageObject","inLanguage":"fr-FR","@id":"https:\/\/toutesnosenergies.fr\/#\/schema\/logo\/image\/","url":"https:\/\/toutesnosenergies.fr\/wp-content\/uploads\/2023\/01\/Petit-logo.png","contentUrl":"https:\/\/toutesnosenergies.fr\/wp-content\/uploads\/2023\/01\/Petit-logo.png","width":360,"height":102,"caption":"Toutes Nos \u00c9nergies \u2013 Occitanie Environnement"},"image":{"@id":"https:\/\/toutesnosenergies.fr\/#\/schema\/logo\/image\/"},"sameAs":["https:\/\/www.facebook.com\/TNEtoutesnosenergiesOccitanieEnvironnement"]},{"@type":"Person","@id":"https:\/\/toutesnosenergies.fr\/#\/schema\/person\/83b429b7810ce59e0a21afb7e0b3cb1c","name":"WM81","image":{"@type":"ImageObject","inLanguage":"fr-FR","@id":"https:\/\/secure.gravatar.com\/avatar\/aa9bf2bd97a7297274c53294f09e800c7ee0d88290f959d5d49f9380299b9ff1?s=96&d=mm&r=g","url":"https:\/\/secure.gravatar.com\/avatar\/aa9bf2bd97a7297274c53294f09e800c7ee0d88290f959d5d49f9380299b9ff1?s=96&d=mm&r=g","contentUrl":"https:\/\/secure.gravatar.com\/avatar\/aa9bf2bd97a7297274c53294f09e800c7ee0d88290f959d5d49f9380299b9ff1?s=96&d=mm&r=g","caption":"WM81"},"sameAs":["http:\/\/toutesnosenergies.fr"],"url":"https:\/\/toutesnosenergies.fr\/index.php\/author\/wm81\/"}]}},"_links":{"self":[{"href":"https:\/\/toutesnosenergies.fr\/index.php\/wp-json\/wp\/v2\/posts\/2618","targetHints":{"allow":["GET"]}}],"collection":[{"href":"https:\/\/toutesnosenergies.fr\/index.php\/wp-json\/wp\/v2\/posts"}],"about":[{"href":"https:\/\/toutesnosenergies.fr\/index.php\/wp-json\/wp\/v2\/types\/post"}],"author":[{"embeddable":true,"href":"https:\/\/toutesnosenergies.fr\/index.php\/wp-json\/wp\/v2\/users\/3"}],"replies":[{"embeddable":true,"href":"https:\/\/toutesnosenergies.fr\/index.php\/wp-json\/wp\/v2\/comments?post=2618"}],"version-history":[{"count":8,"href":"https:\/\/toutesnosenergies.fr\/index.php\/wp-json\/wp\/v2\/posts\/2618\/revisions"}],"predecessor-version":[{"id":2642,"href":"https:\/\/toutesnosenergies.fr\/index.php\/wp-json\/wp\/v2\/posts\/2618\/revisions\/2642"}],"wp:attachment":[{"href":"https:\/\/toutesnosenergies.fr\/index.php\/wp-json\/wp\/v2\/media?parent=2618"}],"wp:term":[{"taxonomy":"category","embeddable":true,"href":"https:\/\/toutesnosenergies.fr\/index.php\/wp-json\/wp\/v2\/categories?post=2618"},{"taxonomy":"post_tag","embeddable":true,"href":"https:\/\/toutesnosenergies.fr\/index.php\/wp-json\/wp\/v2\/tags?post=2618"}],"curies":[{"name":"wp","href":"https:\/\/api.w.org\/{rel}","templated":true}]}}