{"id":2646,"date":"2019-06-22T01:08:41","date_gmt":"2019-06-21T23:08:41","guid":{"rendered":"https:\/\/toutesnosenergies.fr\/?p=2646"},"modified":"2019-06-22T01:10:44","modified_gmt":"2019-06-21T23:10:44","slug":"hurlevent-sera-au-conseil-municipal-de-pardailhan-le-25-juin","status":"publish","type":"post","link":"https:\/\/toutesnosenergies.fr\/index.php\/2019\/06\/22\/hurlevent-sera-au-conseil-municipal-de-pardailhan-le-25-juin\/","title":{"rendered":"Hurlevent sera au conseil municipal de Pardailhan le 25 juin !"},"content":{"rendered":"\n<p>Venez assister au&nbsp;<strong>conseil municipal qui doit avoir lieu \u00e0 Pardailhan,&nbsp;<a href=\"x-apple-data-detectors:\/\/107\">ce mardi 25 juin \u00e0 18 h 30<\/a>, en pr\u00e9sence des dirigeants d&rsquo;EDF EN et de Josian Cabrol, pr\u00e9sident de la Com&rsquo;com.<\/strong>&nbsp;Leur objectif est d&rsquo;exercer une tr\u00e8s grosse pression pour faire c\u00e9der le conseil de Pardailhan sur l&rsquo;utilisation par EDF EN des chemins communaux permettant l&rsquo;acc\u00e8s au site pr\u00e9vu pour les \u00e9oliennes de Ferri\u00e8res-Poussarou.<\/p>\n\n\n\n<p><br>Jusqu&rsquo;ici, par deux fois, le conseil a rejet\u00e9 les propositions de Me Bassou, en l&rsquo;envoyant compl\u00e8tement promener la derni\u00e8re fois. Mais ils reviennent \u00e0 la charge parce qu&rsquo;ils ont besoin des chemins pour d\u00e9buter le chantier de construction. La pression extr\u00eame que vont exercer les diff\u00e9rents pouvoirs pourrait avoir raison de la volont\u00e9 de la majorit\u00e9 du conseil,&nbsp;<strong>sauf si nous les soutenons par notre pr\u00e9sence ce soir-l\u00e0<\/strong>.&nbsp;<\/p>\n\n\n\n<p><br><strong>Venez<\/strong>&nbsp;les encourager et<strong>&nbsp;faites venir du monde<\/strong>.<\/p>\n","protected":false},"excerpt":{"rendered":"<p>Venez assister au&nbsp;conseil municipal qui doit avoir lieu \u00e0 Pardailhan,&nbsp;ce mardi 25 juin \u00e0 18 h 30, en pr\u00e9sence des dirigeants d&rsquo;EDF EN et de Josian Cabrol, pr\u00e9sident de la Com&rsquo;com.&nbsp;Leur objectif est d&rsquo;exercer une tr\u00e8s grosse pression pour faire c\u00e9der le conseil de Pardailhan sur l&rsquo;utilisation par EDF EN des chemins communaux permettant l&rsquo;acc\u00e8s &#8230; <a title=\"Hurlevent sera au conseil municipal de Pardailhan le 25 juin !\" class=\"read-more\" href=\"https:\/\/toutesnosenergies.fr\/index.php\/2019\/06\/22\/hurlevent-sera-au-conseil-municipal-de-pardailhan-le-25-juin\/\" aria-label=\"Plus sur Hurlevent sera au conseil municipal de Pardailhan le 25 juin !\">Lire plus<\/a><\/p>\n","protected":false},"author":3,"featured_media":0,"comment_status":"open","ping_status":"open","sticky":false,"template":"","format":"standard","meta":{"_cbd_carousel_blocks":"[]","sfsi_plus_gutenberg_text_before_share":"","sfsi_plus_gutenberg_show_text_before_share":"","sfsi_plus_gutenberg_icon_type":"","sfsi_plus_gutenberg_icon_alignemt":"","sfsi_plus_gutenburg_max_per_row":"","footnotes":""},"categories":[8],"tags":[],"class_list":["post-2646","post","type-post","status-publish","format-standard","hentry","category-communiques-associations"],"yoast_head":"<!-- This site is optimized with the Yoast SEO plugin v27.5 - https:\/\/yoast.com\/product\/yoast-seo-wordpress\/ -->\n<title>Hurlevent sera au conseil municipal de Pardailhan le 25 juin ! - Toutes Nos \u00c9nergies \u2013 Occitanie Environnement<\/title>\n<meta name=\"robots\" content=\"index, follow, max-snippet:-1, max-image-preview:large, max-video-preview:-1\" \/>\n<link rel=\"canonical\" href=\"https:\/\/toutesnosenergies.fr\/index.php\/2019\/06\/22\/hurlevent-sera-au-conseil-municipal-de-pardailhan-le-25-juin\/\" \/>\n<meta property=\"og:locale\" content=\"fr_FR\" \/>\n<meta property=\"og:type\" content=\"article\" \/>\n<meta property=\"og:title\" content=\"Hurlevent sera au conseil municipal de Pardailhan le 25 juin ! - Toutes Nos \u00c9nergies \u2013 Occitanie Environnement\" \/>\n<meta property=\"og:description\" content=\"Venez assister au&nbsp;conseil municipal qui doit avoir lieu \u00e0 Pardailhan,&nbsp;ce mardi 25 juin \u00e0 18 h 30, en pr\u00e9sence des dirigeants d&rsquo;EDF EN et de Josian Cabrol, pr\u00e9sident de la Com&rsquo;com.&nbsp;Leur objectif est d&rsquo;exercer une tr\u00e8s grosse pression pour faire c\u00e9der le conseil de Pardailhan sur l&rsquo;utilisation par EDF EN des chemins communaux permettant l&rsquo;acc\u00e8s ... Lire plus\" \/>\n<meta property=\"og:url\" content=\"https:\/\/toutesnosenergies.fr\/index.php\/2019\/06\/22\/hurlevent-sera-au-conseil-municipal-de-pardailhan-le-25-juin\/\" \/>\n<meta property=\"og:site_name\" content=\"Toutes Nos \u00c9nergies \u2013 Occitanie Environnement\" \/>\n<meta property=\"article:publisher\" content=\"https:\/\/www.facebook.com\/TNEtoutesnosenergiesOccitanieEnvironnement\" \/>\n<meta property=\"article:published_time\" content=\"2019-06-21T23:08:41+00:00\" \/>\n<meta property=\"article:modified_time\" content=\"2019-06-21T23:10:44+00:00\" \/>\n<meta name=\"author\" content=\"WM81\" \/>\n<meta name=\"twitter:card\" content=\"summary_large_image\" \/>\n<meta name=\"twitter:label1\" content=\"\u00c9crit par\" \/>\n\t<meta name=\"twitter:data1\" content=\"WM81\" \/>\n\t<meta name=\"twitter:label2\" content=\"Dur\u00e9e de lecture estim\u00e9e\" \/>\n\t<meta name=\"twitter:data2\" content=\"1 minute\" \/>\n<script type=\"application\/ld+json\" class=\"yoast-schema-graph\">{\"@context\":\"https:\\\/\\\/schema.org\",\"@graph\":[{\"@type\":\"Article\",\"@id\":\"https:\\\/\\\/toutesnosenergies.fr\\\/index.php\\\/2019\\\/06\\\/22\\\/hurlevent-sera-au-conseil-municipal-de-pardailhan-le-25-juin\\\/#article\",\"isPartOf\":{\"@id\":\"https:\\\/\\\/toutesnosenergies.fr\\\/index.php\\\/2019\\\/06\\\/22\\\/hurlevent-sera-au-conseil-municipal-de-pardailhan-le-25-juin\\\/\"},\"author\":{\"name\":\"WM81\",\"@id\":\"https:\\\/\\\/toutesnosenergies.fr\\\/#\\\/schema\\\/person\\\/83b429b7810ce59e0a21afb7e0b3cb1c\"},\"headline\":\"Hurlevent sera au conseil municipal de Pardailhan le 25 juin !\",\"datePublished\":\"2019-06-21T23:08:41+00:00\",\"dateModified\":\"2019-06-21T23:10:44+00:00\",\"mainEntityOfPage\":{\"@id\":\"https:\\\/\\\/toutesnosenergies.fr\\\/index.php\\\/2019\\\/06\\\/22\\\/hurlevent-sera-au-conseil-municipal-de-pardailhan-le-25-juin\\\/\"},\"wordCount\":165,\"commentCount\":0,\"publisher\":{\"@id\":\"https:\\\/\\\/toutesnosenergies.fr\\\/#organization\"},\"articleSection\":[\"Communiqu\u00e9s des associations\"],\"inLanguage\":\"fr-FR\",\"potentialAction\":[{\"@type\":\"CommentAction\",\"name\":\"Comment\",\"target\":[\"https:\\\/\\\/toutesnosenergies.fr\\\/index.php\\\/2019\\\/06\\\/22\\\/hurlevent-sera-au-conseil-municipal-de-pardailhan-le-25-juin\\\/#respond\"]}]},{\"@type\":\"WebPage\",\"@id\":\"https:\\\/\\\/toutesnosenergies.fr\\\/index.php\\\/2019\\\/06\\\/22\\\/hurlevent-sera-au-conseil-municipal-de-pardailhan-le-25-juin\\\/\",\"url\":\"https:\\\/\\\/toutesnosenergies.fr\\\/index.php\\\/2019\\\/06\\\/22\\\/hurlevent-sera-au-conseil-municipal-de-pardailhan-le-25-juin\\\/\",\"name\":\"Hurlevent sera au conseil municipal de Pardailhan le 25 juin ! - Toutes Nos \u00c9nergies \u2013 Occitanie Environnement\",\"isPartOf\":{\"@id\":\"https:\\\/\\\/toutesnosenergies.fr\\\/#website\"},\"datePublished\":\"2019-06-21T23:08:41+00:00\",\"dateModified\":\"2019-06-21T23:10:44+00:00\",\"breadcrumb\":{\"@id\":\"https:\\\/\\\/toutesnosenergies.fr\\\/index.php\\\/2019\\\/06\\\/22\\\/hurlevent-sera-au-conseil-municipal-de-pardailhan-le-25-juin\\\/#breadcrumb\"},\"inLanguage\":\"fr-FR\",\"potentialAction\":[{\"@type\":\"ReadAction\",\"target\":[\"https:\\\/\\\/toutesnosenergies.fr\\\/index.php\\\/2019\\\/06\\\/22\\\/hurlevent-sera-au-conseil-municipal-de-pardailhan-le-25-juin\\\/\"]}]},{\"@type\":\"BreadcrumbList\",\"@id\":\"https:\\\/\\\/toutesnosenergies.fr\\\/index.php\\\/2019\\\/06\\\/22\\\/hurlevent-sera-au-conseil-municipal-de-pardailhan-le-25-juin\\\/#breadcrumb\",\"itemListElement\":[{\"@type\":\"ListItem\",\"position\":1,\"name\":\"Accueil\",\"item\":\"https:\\\/\\\/toutesnosenergies.fr\\\/\"},{\"@type\":\"ListItem\",\"position\":2,\"name\":\"Hurlevent sera au conseil municipal de Pardailhan le 25 juin !\"}]},{\"@type\":\"WebSite\",\"@id\":\"https:\\\/\\\/toutesnosenergies.fr\\\/#website\",\"url\":\"https:\\\/\\\/toutesnosenergies.fr\\\/\",\"name\":\"Toutes Nos \u00c9nergies \u2013 Occitanie Environnement\",\"description\":\"Pour une \u00e9nergie respectueuse du vivant et des territoires ruraux en Occitanie\",\"publisher\":{\"@id\":\"https:\\\/\\\/toutesnosenergies.fr\\\/#organization\"},\"potentialAction\":[{\"@type\":\"SearchAction\",\"target\":{\"@type\":\"EntryPoint\",\"urlTemplate\":\"https:\\\/\\\/toutesnosenergies.fr\\\/?s={search_term_string}\"},\"query-input\":{\"@type\":\"PropertyValueSpecification\",\"valueRequired\":true,\"valueName\":\"search_term_string\"}}],\"inLanguage\":\"fr-FR\"},{\"@type\":\"Organization\",\"@id\":\"https:\\\/\\\/toutesnosenergies.fr\\\/#organization\",\"name\":\"Toutes Nos \u00c9nergies \u2013 Occitanie Environnement\",\"url\":\"https:\\\/\\\/toutesnosenergies.fr\\\/\",\"logo\":{\"@type\":\"ImageObject\",\"inLanguage\":\"fr-FR\",\"@id\":\"https:\\\/\\\/toutesnosenergies.fr\\\/#\\\/schema\\\/logo\\\/image\\\/\",\"url\":\"https:\\\/\\\/toutesnosenergies.fr\\\/wp-content\\\/uploads\\\/2023\\\/01\\\/Petit-logo.png\",\"contentUrl\":\"https:\\\/\\\/toutesnosenergies.fr\\\/wp-content\\\/uploads\\\/2023\\\/01\\\/Petit-logo.png\",\"width\":360,\"height\":102,\"caption\":\"Toutes Nos \u00c9nergies \u2013 Occitanie Environnement\"},\"image\":{\"@id\":\"https:\\\/\\\/toutesnosenergies.fr\\\/#\\\/schema\\\/logo\\\/image\\\/\"},\"sameAs\":[\"https:\\\/\\\/www.facebook.com\\\/TNEtoutesnosenergiesOccitanieEnvironnement\"]},{\"@type\":\"Person\",\"@id\":\"https:\\\/\\\/toutesnosenergies.fr\\\/#\\\/schema\\\/person\\\/83b429b7810ce59e0a21afb7e0b3cb1c\",\"name\":\"WM81\",\"image\":{\"@type\":\"ImageObject\",\"inLanguage\":\"fr-FR\",\"@id\":\"https:\\\/\\\/secure.gravatar.com\\\/avatar\\\/aa9bf2bd97a7297274c53294f09e800c7ee0d88290f959d5d49f9380299b9ff1?s=96&d=mm&r=g\",\"url\":\"https:\\\/\\\/secure.gravatar.com\\\/avatar\\\/aa9bf2bd97a7297274c53294f09e800c7ee0d88290f959d5d49f9380299b9ff1?s=96&d=mm&r=g\",\"contentUrl\":\"https:\\\/\\\/secure.gravatar.com\\\/avatar\\\/aa9bf2bd97a7297274c53294f09e800c7ee0d88290f959d5d49f9380299b9ff1?s=96&d=mm&r=g\",\"caption\":\"WM81\"},\"sameAs\":[\"http:\\\/\\\/toutesnosenergies.fr\"],\"url\":\"https:\\\/\\\/toutesnosenergies.fr\\\/index.php\\\/author\\\/wm81\\\/\"}]}<\/script>\n<!-- \/ Yoast SEO plugin. -->","yoast_head_json":{"title":"Hurlevent sera au conseil municipal de Pardailhan le 25 juin ! - Toutes Nos \u00c9nergies \u2013 Occitanie Environnement","robots":{"index":"index","follow":"follow","max-snippet":"max-snippet:-1","max-image-preview":"max-image-preview:large","max-video-preview":"max-video-preview:-1"},"canonical":"https:\/\/toutesnosenergies.fr\/index.php\/2019\/06\/22\/hurlevent-sera-au-conseil-municipal-de-pardailhan-le-25-juin\/","og_locale":"fr_FR","og_type":"article","og_title":"Hurlevent sera au conseil municipal de Pardailhan le 25 juin ! - Toutes Nos \u00c9nergies \u2013 Occitanie Environnement","og_description":"Venez assister au&nbsp;conseil municipal qui doit avoir lieu \u00e0 Pardailhan,&nbsp;ce mardi 25 juin \u00e0 18 h 30, en pr\u00e9sence des dirigeants d&rsquo;EDF EN et de Josian Cabrol, pr\u00e9sident de la Com&rsquo;com.&nbsp;Leur objectif est d&rsquo;exercer une tr\u00e8s grosse pression pour faire c\u00e9der le conseil de Pardailhan sur l&rsquo;utilisation par EDF EN des chemins communaux permettant l&rsquo;acc\u00e8s ... Lire plus","og_url":"https:\/\/toutesnosenergies.fr\/index.php\/2019\/06\/22\/hurlevent-sera-au-conseil-municipal-de-pardailhan-le-25-juin\/","og_site_name":"Toutes Nos \u00c9nergies \u2013 Occitanie Environnement","article_publisher":"https:\/\/www.facebook.com\/TNEtoutesnosenergiesOccitanieEnvironnement","article_published_time":"2019-06-21T23:08:41+00:00","article_modified_time":"2019-06-21T23:10:44+00:00","author":"WM81","twitter_card":"summary_large_image","twitter_misc":{"\u00c9crit par":"WM81","Dur\u00e9e de lecture estim\u00e9e":"1 minute"},"schema":{"@context":"https:\/\/schema.org","@graph":[{"@type":"Article","@id":"https:\/\/toutesnosenergies.fr\/index.php\/2019\/06\/22\/hurlevent-sera-au-conseil-municipal-de-pardailhan-le-25-juin\/#article","isPartOf":{"@id":"https:\/\/toutesnosenergies.fr\/index.php\/2019\/06\/22\/hurlevent-sera-au-conseil-municipal-de-pardailhan-le-25-juin\/"},"author":{"name":"WM81","@id":"https:\/\/toutesnosenergies.fr\/#\/schema\/person\/83b429b7810ce59e0a21afb7e0b3cb1c"},"headline":"Hurlevent sera au conseil municipal de Pardailhan le 25 juin !","datePublished":"2019-06-21T23:08:41+00:00","dateModified":"2019-06-21T23:10:44+00:00","mainEntityOfPage":{"@id":"https:\/\/toutesnosenergies.fr\/index.php\/2019\/06\/22\/hurlevent-sera-au-conseil-municipal-de-pardailhan-le-25-juin\/"},"wordCount":165,"commentCount":0,"publisher":{"@id":"https:\/\/toutesnosenergies.fr\/#organization"},"articleSection":["Communiqu\u00e9s des associations"],"inLanguage":"fr-FR","potentialAction":[{"@type":"CommentAction","name":"Comment","target":["https:\/\/toutesnosenergies.fr\/index.php\/2019\/06\/22\/hurlevent-sera-au-conseil-municipal-de-pardailhan-le-25-juin\/#respond"]}]},{"@type":"WebPage","@id":"https:\/\/toutesnosenergies.fr\/index.php\/2019\/06\/22\/hurlevent-sera-au-conseil-municipal-de-pardailhan-le-25-juin\/","url":"https:\/\/toutesnosenergies.fr\/index.php\/2019\/06\/22\/hurlevent-sera-au-conseil-municipal-de-pardailhan-le-25-juin\/","name":"Hurlevent sera au conseil municipal de Pardailhan le 25 juin ! - Toutes Nos \u00c9nergies \u2013 Occitanie Environnement","isPartOf":{"@id":"https:\/\/toutesnosenergies.fr\/#website"},"datePublished":"2019-06-21T23:08:41+00:00","dateModified":"2019-06-21T23:10:44+00:00","breadcrumb":{"@id":"https:\/\/toutesnosenergies.fr\/index.php\/2019\/06\/22\/hurlevent-sera-au-conseil-municipal-de-pardailhan-le-25-juin\/#breadcrumb"},"inLanguage":"fr-FR","potentialAction":[{"@type":"ReadAction","target":["https:\/\/toutesnosenergies.fr\/index.php\/2019\/06\/22\/hurlevent-sera-au-conseil-municipal-de-pardailhan-le-25-juin\/"]}]},{"@type":"BreadcrumbList","@id":"https:\/\/toutesnosenergies.fr\/index.php\/2019\/06\/22\/hurlevent-sera-au-conseil-municipal-de-pardailhan-le-25-juin\/#breadcrumb","itemListElement":[{"@type":"ListItem","position":1,"name":"Accueil","item":"https:\/\/toutesnosenergies.fr\/"},{"@type":"ListItem","position":2,"name":"Hurlevent sera au conseil municipal de Pardailhan le 25 juin !"}]},{"@type":"WebSite","@id":"https:\/\/toutesnosenergies.fr\/#website","url":"https:\/\/toutesnosenergies.fr\/","name":"Toutes Nos \u00c9nergies \u2013 Occitanie Environnement","description":"Pour une \u00e9nergie respectueuse du vivant et des territoires ruraux en Occitanie","publisher":{"@id":"https:\/\/toutesnosenergies.fr\/#organization"},"potentialAction":[{"@type":"SearchAction","target":{"@type":"EntryPoint","urlTemplate":"https:\/\/toutesnosenergies.fr\/?s={search_term_string}"},"query-input":{"@type":"PropertyValueSpecification","valueRequired":true,"valueName":"search_term_string"}}],"inLanguage":"fr-FR"},{"@type":"Organization","@id":"https:\/\/toutesnosenergies.fr\/#organization","name":"Toutes Nos \u00c9nergies \u2013 Occitanie Environnement","url":"https:\/\/toutesnosenergies.fr\/","logo":{"@type":"ImageObject","inLanguage":"fr-FR","@id":"https:\/\/toutesnosenergies.fr\/#\/schema\/logo\/image\/","url":"https:\/\/toutesnosenergies.fr\/wp-content\/uploads\/2023\/01\/Petit-logo.png","contentUrl":"https:\/\/toutesnosenergies.fr\/wp-content\/uploads\/2023\/01\/Petit-logo.png","width":360,"height":102,"caption":"Toutes Nos \u00c9nergies \u2013 Occitanie Environnement"},"image":{"@id":"https:\/\/toutesnosenergies.fr\/#\/schema\/logo\/image\/"},"sameAs":["https:\/\/www.facebook.com\/TNEtoutesnosenergiesOccitanieEnvironnement"]},{"@type":"Person","@id":"https:\/\/toutesnosenergies.fr\/#\/schema\/person\/83b429b7810ce59e0a21afb7e0b3cb1c","name":"WM81","image":{"@type":"ImageObject","inLanguage":"fr-FR","@id":"https:\/\/secure.gravatar.com\/avatar\/aa9bf2bd97a7297274c53294f09e800c7ee0d88290f959d5d49f9380299b9ff1?s=96&d=mm&r=g","url":"https:\/\/secure.gravatar.com\/avatar\/aa9bf2bd97a7297274c53294f09e800c7ee0d88290f959d5d49f9380299b9ff1?s=96&d=mm&r=g","contentUrl":"https:\/\/secure.gravatar.com\/avatar\/aa9bf2bd97a7297274c53294f09e800c7ee0d88290f959d5d49f9380299b9ff1?s=96&d=mm&r=g","caption":"WM81"},"sameAs":["http:\/\/toutesnosenergies.fr"],"url":"https:\/\/toutesnosenergies.fr\/index.php\/author\/wm81\/"}]}},"_links":{"self":[{"href":"https:\/\/toutesnosenergies.fr\/index.php\/wp-json\/wp\/v2\/posts\/2646","targetHints":{"allow":["GET"]}}],"collection":[{"href":"https:\/\/toutesnosenergies.fr\/index.php\/wp-json\/wp\/v2\/posts"}],"about":[{"href":"https:\/\/toutesnosenergies.fr\/index.php\/wp-json\/wp\/v2\/types\/post"}],"author":[{"embeddable":true,"href":"https:\/\/toutesnosenergies.fr\/index.php\/wp-json\/wp\/v2\/users\/3"}],"replies":[{"embeddable":true,"href":"https:\/\/toutesnosenergies.fr\/index.php\/wp-json\/wp\/v2\/comments?post=2646"}],"version-history":[{"count":2,"href":"https:\/\/toutesnosenergies.fr\/index.php\/wp-json\/wp\/v2\/posts\/2646\/revisions"}],"predecessor-version":[{"id":2649,"href":"https:\/\/toutesnosenergies.fr\/index.php\/wp-json\/wp\/v2\/posts\/2646\/revisions\/2649"}],"wp:attachment":[{"href":"https:\/\/toutesnosenergies.fr\/index.php\/wp-json\/wp\/v2\/media?parent=2646"}],"wp:term":[{"taxonomy":"category","embeddable":true,"href":"https:\/\/toutesnosenergies.fr\/index.php\/wp-json\/wp\/v2\/categories?post=2646"},{"taxonomy":"post_tag","embeddable":true,"href":"https:\/\/toutesnosenergies.fr\/index.php\/wp-json\/wp\/v2\/tags?post=2646"}],"curies":[{"name":"wp","href":"https:\/\/api.w.org\/{rel}","templated":true}]}}