{"id":2657,"date":"2019-06-22T21:41:20","date_gmt":"2019-06-22T19:41:20","guid":{"rendered":"https:\/\/toutesnosenergies.fr\/?p=2657"},"modified":"2019-06-22T21:42:09","modified_gmt":"2019-06-22T19:42:09","slug":"proces-a-rodez-le-3-juillet","status":"publish","type":"post","link":"https:\/\/toutesnosenergies.fr\/index.php\/2019\/06\/22\/proces-a-rodez-le-3-juillet\/","title":{"rendered":"Proc\u00e8s \u00e0 Rodez le 3 juillet"},"content":{"rendered":"\n<p>Pour celles et ceux qui n&rsquo;ont pas suivi de pr\u00e8s les affaires judiciaires de l\u2019Amassada, nous vous rappelons que le 3 JUILLET prochain aura lieu \u00e0 RODEZ le PROCES de 5 personnes investies dans la lutte contre le transfo. Ces personnes sont accus\u00e9es de vouloir \u00e9lire leur domicile principal \u00e0 l&rsquo;Amassada, autrement dit c&rsquo;est le proc\u00e8s de l&rsquo;occupation. 2 d&rsquo;entres elles ont une interdiction de territoire.&nbsp;<\/p>\n\n\n\n<p>La strat\u00e9gie de d\u00e9fense mise en oeuvre est celle de la solidarit\u00e9, c&rsquo;est \u00e0 dire que l\u2019Amassada s\u2019appuie sur les personnes pr\u00eates \u00e0 compara\u00eetre volontairement au c\u00f4t\u00e9s de celles et ceux qui passent en proc\u00e8s, dans le but de discr\u00e9diter l&rsquo;accusation qui leur est faite en affirmant qu\u2019elles viennent plus ou moins occasionnellement sur les lieux et ce, bien s\u00fbr, non dans le but d&rsquo;y \u00e9lire leur domicile principale mais de nourrir la lutte.<\/p>\n\n\n\n<p>L\u2019Amassada appelle d&rsquo;ores et d\u00e9j\u00e0 \u00e0 un rassemblement devant le tribunal o\u00f9 de nombreuses personnes ont d\u00e9j\u00e0 pr\u00e9vu de venir.<\/p>\n\n\n\n<p>Pour celles et ceux qui se trouvent dans le Sud-Aveyron, un RDV est donn\u00e9 \u00e0 7h pour un d\u00e9part \u00e0 7h30 \u00e0 la gare. Nous comptons sur vous!<\/p>\n\n\n\n<p>Le collectif TNE Occitanie Environnement s\u2019associe \u00e0 cet appel en rappelant l\u2019importance strat\u00e9gique de la lutte que m\u00e8ne l\u2019Amassada contre le transformateur de Saint Victor et Melvieu, cl\u00e9 de vo\u00fbte du r\u00e9seau d\u2019\u00e9oliennes industrielles en Occitanie. <\/p>\n","protected":false},"excerpt":{"rendered":"<p>Pour celles et ceux qui n&rsquo;ont pas suivi de pr\u00e8s les affaires judiciaires de l\u2019Amassada, nous vous rappelons que le 3 JUILLET prochain aura lieu \u00e0 RODEZ le PROCES de 5 personnes investies dans la lutte contre le transfo. Ces personnes sont accus\u00e9es de vouloir \u00e9lire leur domicile principal \u00e0 l&rsquo;Amassada, autrement dit c&rsquo;est le &#8230; <a title=\"Proc\u00e8s \u00e0 Rodez le 3 juillet\" class=\"read-more\" href=\"https:\/\/toutesnosenergies.fr\/index.php\/2019\/06\/22\/proces-a-rodez-le-3-juillet\/\" aria-label=\"Plus sur Proc\u00e8s \u00e0 Rodez le 3 juillet\">Lire plus<\/a><\/p>\n","protected":false},"author":3,"featured_media":0,"comment_status":"open","ping_status":"open","sticky":false,"template":"","format":"standard","meta":{"_cbd_carousel_blocks":"[]","sfsi_plus_gutenberg_text_before_share":"","sfsi_plus_gutenberg_show_text_before_share":"","sfsi_plus_gutenberg_icon_type":"","sfsi_plus_gutenberg_icon_alignemt":"","sfsi_plus_gutenburg_max_per_row":"","footnotes":""},"categories":[7,8],"tags":[],"class_list":["post-2657","post","type-post","status-publish","format-standard","hentry","category-communiques-collectif-tne-oe","category-communiques-associations"],"yoast_head":"<!-- This site is optimized with the Yoast SEO plugin v27.4 - https:\/\/yoast.com\/product\/yoast-seo-wordpress\/ -->\n<title>Proc\u00e8s \u00e0 Rodez le 3 juillet - Toutes Nos \u00c9nergies \u2013 Occitanie Environnement<\/title>\n<meta name=\"robots\" content=\"index, follow, max-snippet:-1, max-image-preview:large, max-video-preview:-1\" \/>\n<link rel=\"canonical\" href=\"https:\/\/toutesnosenergies.fr\/index.php\/2019\/06\/22\/proces-a-rodez-le-3-juillet\/\" \/>\n<meta property=\"og:locale\" content=\"fr_FR\" \/>\n<meta property=\"og:type\" content=\"article\" \/>\n<meta property=\"og:title\" content=\"Proc\u00e8s \u00e0 Rodez le 3 juillet - Toutes Nos \u00c9nergies \u2013 Occitanie Environnement\" \/>\n<meta property=\"og:description\" content=\"Pour celles et ceux qui n&rsquo;ont pas suivi de pr\u00e8s les affaires judiciaires de l\u2019Amassada, nous vous rappelons que le 3 JUILLET prochain aura lieu \u00e0 RODEZ le PROCES de 5 personnes investies dans la lutte contre le transfo. Ces personnes sont accus\u00e9es de vouloir \u00e9lire leur domicile principal \u00e0 l&rsquo;Amassada, autrement dit c&rsquo;est le ... Lire plus\" \/>\n<meta property=\"og:url\" content=\"https:\/\/toutesnosenergies.fr\/index.php\/2019\/06\/22\/proces-a-rodez-le-3-juillet\/\" \/>\n<meta property=\"og:site_name\" content=\"Toutes Nos \u00c9nergies \u2013 Occitanie Environnement\" \/>\n<meta property=\"article:publisher\" content=\"https:\/\/www.facebook.com\/TNEtoutesnosenergiesOccitanieEnvironnement\" \/>\n<meta property=\"article:published_time\" content=\"2019-06-22T19:41:20+00:00\" \/>\n<meta property=\"article:modified_time\" content=\"2019-06-22T19:42:09+00:00\" \/>\n<meta name=\"author\" content=\"WM81\" \/>\n<meta name=\"twitter:card\" content=\"summary_large_image\" \/>\n<meta name=\"twitter:label1\" content=\"\u00c9crit par\" \/>\n\t<meta name=\"twitter:data1\" content=\"WM81\" \/>\n\t<meta name=\"twitter:label2\" content=\"Dur\u00e9e de lecture estim\u00e9e\" \/>\n\t<meta name=\"twitter:data2\" content=\"1 minute\" \/>\n<script type=\"application\/ld+json\" class=\"yoast-schema-graph\">{\"@context\":\"https:\\\/\\\/schema.org\",\"@graph\":[{\"@type\":\"Article\",\"@id\":\"https:\\\/\\\/toutesnosenergies.fr\\\/index.php\\\/2019\\\/06\\\/22\\\/proces-a-rodez-le-3-juillet\\\/#article\",\"isPartOf\":{\"@id\":\"https:\\\/\\\/toutesnosenergies.fr\\\/index.php\\\/2019\\\/06\\\/22\\\/proces-a-rodez-le-3-juillet\\\/\"},\"author\":{\"name\":\"WM81\",\"@id\":\"https:\\\/\\\/toutesnosenergies.fr\\\/#\\\/schema\\\/person\\\/83b429b7810ce59e0a21afb7e0b3cb1c\"},\"headline\":\"Proc\u00e8s \u00e0 Rodez le 3 juillet\",\"datePublished\":\"2019-06-22T19:41:20+00:00\",\"dateModified\":\"2019-06-22T19:42:09+00:00\",\"mainEntityOfPage\":{\"@id\":\"https:\\\/\\\/toutesnosenergies.fr\\\/index.php\\\/2019\\\/06\\\/22\\\/proces-a-rodez-le-3-juillet\\\/\"},\"wordCount\":247,\"commentCount\":0,\"publisher\":{\"@id\":\"https:\\\/\\\/toutesnosenergies.fr\\\/#organization\"},\"articleSection\":[\"Communiqu\u00e9s de TNE-OE\",\"Communiqu\u00e9s des associations\"],\"inLanguage\":\"fr-FR\",\"potentialAction\":[{\"@type\":\"CommentAction\",\"name\":\"Comment\",\"target\":[\"https:\\\/\\\/toutesnosenergies.fr\\\/index.php\\\/2019\\\/06\\\/22\\\/proces-a-rodez-le-3-juillet\\\/#respond\"]}]},{\"@type\":\"WebPage\",\"@id\":\"https:\\\/\\\/toutesnosenergies.fr\\\/index.php\\\/2019\\\/06\\\/22\\\/proces-a-rodez-le-3-juillet\\\/\",\"url\":\"https:\\\/\\\/toutesnosenergies.fr\\\/index.php\\\/2019\\\/06\\\/22\\\/proces-a-rodez-le-3-juillet\\\/\",\"name\":\"Proc\u00e8s \u00e0 Rodez le 3 juillet - Toutes Nos \u00c9nergies \u2013 Occitanie Environnement\",\"isPartOf\":{\"@id\":\"https:\\\/\\\/toutesnosenergies.fr\\\/#website\"},\"datePublished\":\"2019-06-22T19:41:20+00:00\",\"dateModified\":\"2019-06-22T19:42:09+00:00\",\"breadcrumb\":{\"@id\":\"https:\\\/\\\/toutesnosenergies.fr\\\/index.php\\\/2019\\\/06\\\/22\\\/proces-a-rodez-le-3-juillet\\\/#breadcrumb\"},\"inLanguage\":\"fr-FR\",\"potentialAction\":[{\"@type\":\"ReadAction\",\"target\":[\"https:\\\/\\\/toutesnosenergies.fr\\\/index.php\\\/2019\\\/06\\\/22\\\/proces-a-rodez-le-3-juillet\\\/\"]}]},{\"@type\":\"BreadcrumbList\",\"@id\":\"https:\\\/\\\/toutesnosenergies.fr\\\/index.php\\\/2019\\\/06\\\/22\\\/proces-a-rodez-le-3-juillet\\\/#breadcrumb\",\"itemListElement\":[{\"@type\":\"ListItem\",\"position\":1,\"name\":\"Accueil\",\"item\":\"https:\\\/\\\/toutesnosenergies.fr\\\/\"},{\"@type\":\"ListItem\",\"position\":2,\"name\":\"Proc\u00e8s \u00e0 Rodez le 3 juillet\"}]},{\"@type\":\"WebSite\",\"@id\":\"https:\\\/\\\/toutesnosenergies.fr\\\/#website\",\"url\":\"https:\\\/\\\/toutesnosenergies.fr\\\/\",\"name\":\"Toutes Nos \u00c9nergies \u2013 Occitanie Environnement\",\"description\":\"Pour une \u00e9nergie respectueuse du vivant et des territoires ruraux en Occitanie\",\"publisher\":{\"@id\":\"https:\\\/\\\/toutesnosenergies.fr\\\/#organization\"},\"potentialAction\":[{\"@type\":\"SearchAction\",\"target\":{\"@type\":\"EntryPoint\",\"urlTemplate\":\"https:\\\/\\\/toutesnosenergies.fr\\\/?s={search_term_string}\"},\"query-input\":{\"@type\":\"PropertyValueSpecification\",\"valueRequired\":true,\"valueName\":\"search_term_string\"}}],\"inLanguage\":\"fr-FR\"},{\"@type\":\"Organization\",\"@id\":\"https:\\\/\\\/toutesnosenergies.fr\\\/#organization\",\"name\":\"Toutes Nos \u00c9nergies \u2013 Occitanie Environnement\",\"url\":\"https:\\\/\\\/toutesnosenergies.fr\\\/\",\"logo\":{\"@type\":\"ImageObject\",\"inLanguage\":\"fr-FR\",\"@id\":\"https:\\\/\\\/toutesnosenergies.fr\\\/#\\\/schema\\\/logo\\\/image\\\/\",\"url\":\"https:\\\/\\\/toutesnosenergies.fr\\\/wp-content\\\/uploads\\\/2023\\\/01\\\/Petit-logo.png\",\"contentUrl\":\"https:\\\/\\\/toutesnosenergies.fr\\\/wp-content\\\/uploads\\\/2023\\\/01\\\/Petit-logo.png\",\"width\":360,\"height\":102,\"caption\":\"Toutes Nos \u00c9nergies \u2013 Occitanie Environnement\"},\"image\":{\"@id\":\"https:\\\/\\\/toutesnosenergies.fr\\\/#\\\/schema\\\/logo\\\/image\\\/\"},\"sameAs\":[\"https:\\\/\\\/www.facebook.com\\\/TNEtoutesnosenergiesOccitanieEnvironnement\"]},{\"@type\":\"Person\",\"@id\":\"https:\\\/\\\/toutesnosenergies.fr\\\/#\\\/schema\\\/person\\\/83b429b7810ce59e0a21afb7e0b3cb1c\",\"name\":\"WM81\",\"image\":{\"@type\":\"ImageObject\",\"inLanguage\":\"fr-FR\",\"@id\":\"https:\\\/\\\/secure.gravatar.com\\\/avatar\\\/aa9bf2bd97a7297274c53294f09e800c7ee0d88290f959d5d49f9380299b9ff1?s=96&d=mm&r=g\",\"url\":\"https:\\\/\\\/secure.gravatar.com\\\/avatar\\\/aa9bf2bd97a7297274c53294f09e800c7ee0d88290f959d5d49f9380299b9ff1?s=96&d=mm&r=g\",\"contentUrl\":\"https:\\\/\\\/secure.gravatar.com\\\/avatar\\\/aa9bf2bd97a7297274c53294f09e800c7ee0d88290f959d5d49f9380299b9ff1?s=96&d=mm&r=g\",\"caption\":\"WM81\"},\"sameAs\":[\"http:\\\/\\\/toutesnosenergies.fr\"],\"url\":\"https:\\\/\\\/toutesnosenergies.fr\\\/index.php\\\/author\\\/wm81\\\/\"}]}<\/script>\n<!-- \/ Yoast SEO plugin. -->","yoast_head_json":{"title":"Proc\u00e8s \u00e0 Rodez le 3 juillet - Toutes Nos \u00c9nergies \u2013 Occitanie Environnement","robots":{"index":"index","follow":"follow","max-snippet":"max-snippet:-1","max-image-preview":"max-image-preview:large","max-video-preview":"max-video-preview:-1"},"canonical":"https:\/\/toutesnosenergies.fr\/index.php\/2019\/06\/22\/proces-a-rodez-le-3-juillet\/","og_locale":"fr_FR","og_type":"article","og_title":"Proc\u00e8s \u00e0 Rodez le 3 juillet - Toutes Nos \u00c9nergies \u2013 Occitanie Environnement","og_description":"Pour celles et ceux qui n&rsquo;ont pas suivi de pr\u00e8s les affaires judiciaires de l\u2019Amassada, nous vous rappelons que le 3 JUILLET prochain aura lieu \u00e0 RODEZ le PROCES de 5 personnes investies dans la lutte contre le transfo. Ces personnes sont accus\u00e9es de vouloir \u00e9lire leur domicile principal \u00e0 l&rsquo;Amassada, autrement dit c&rsquo;est le ... Lire plus","og_url":"https:\/\/toutesnosenergies.fr\/index.php\/2019\/06\/22\/proces-a-rodez-le-3-juillet\/","og_site_name":"Toutes Nos \u00c9nergies \u2013 Occitanie Environnement","article_publisher":"https:\/\/www.facebook.com\/TNEtoutesnosenergiesOccitanieEnvironnement","article_published_time":"2019-06-22T19:41:20+00:00","article_modified_time":"2019-06-22T19:42:09+00:00","author":"WM81","twitter_card":"summary_large_image","twitter_misc":{"\u00c9crit par":"WM81","Dur\u00e9e de lecture estim\u00e9e":"1 minute"},"schema":{"@context":"https:\/\/schema.org","@graph":[{"@type":"Article","@id":"https:\/\/toutesnosenergies.fr\/index.php\/2019\/06\/22\/proces-a-rodez-le-3-juillet\/#article","isPartOf":{"@id":"https:\/\/toutesnosenergies.fr\/index.php\/2019\/06\/22\/proces-a-rodez-le-3-juillet\/"},"author":{"name":"WM81","@id":"https:\/\/toutesnosenergies.fr\/#\/schema\/person\/83b429b7810ce59e0a21afb7e0b3cb1c"},"headline":"Proc\u00e8s \u00e0 Rodez le 3 juillet","datePublished":"2019-06-22T19:41:20+00:00","dateModified":"2019-06-22T19:42:09+00:00","mainEntityOfPage":{"@id":"https:\/\/toutesnosenergies.fr\/index.php\/2019\/06\/22\/proces-a-rodez-le-3-juillet\/"},"wordCount":247,"commentCount":0,"publisher":{"@id":"https:\/\/toutesnosenergies.fr\/#organization"},"articleSection":["Communiqu\u00e9s de TNE-OE","Communiqu\u00e9s des associations"],"inLanguage":"fr-FR","potentialAction":[{"@type":"CommentAction","name":"Comment","target":["https:\/\/toutesnosenergies.fr\/index.php\/2019\/06\/22\/proces-a-rodez-le-3-juillet\/#respond"]}]},{"@type":"WebPage","@id":"https:\/\/toutesnosenergies.fr\/index.php\/2019\/06\/22\/proces-a-rodez-le-3-juillet\/","url":"https:\/\/toutesnosenergies.fr\/index.php\/2019\/06\/22\/proces-a-rodez-le-3-juillet\/","name":"Proc\u00e8s \u00e0 Rodez le 3 juillet - Toutes Nos \u00c9nergies \u2013 Occitanie Environnement","isPartOf":{"@id":"https:\/\/toutesnosenergies.fr\/#website"},"datePublished":"2019-06-22T19:41:20+00:00","dateModified":"2019-06-22T19:42:09+00:00","breadcrumb":{"@id":"https:\/\/toutesnosenergies.fr\/index.php\/2019\/06\/22\/proces-a-rodez-le-3-juillet\/#breadcrumb"},"inLanguage":"fr-FR","potentialAction":[{"@type":"ReadAction","target":["https:\/\/toutesnosenergies.fr\/index.php\/2019\/06\/22\/proces-a-rodez-le-3-juillet\/"]}]},{"@type":"BreadcrumbList","@id":"https:\/\/toutesnosenergies.fr\/index.php\/2019\/06\/22\/proces-a-rodez-le-3-juillet\/#breadcrumb","itemListElement":[{"@type":"ListItem","position":1,"name":"Accueil","item":"https:\/\/toutesnosenergies.fr\/"},{"@type":"ListItem","position":2,"name":"Proc\u00e8s \u00e0 Rodez le 3 juillet"}]},{"@type":"WebSite","@id":"https:\/\/toutesnosenergies.fr\/#website","url":"https:\/\/toutesnosenergies.fr\/","name":"Toutes Nos \u00c9nergies \u2013 Occitanie Environnement","description":"Pour une \u00e9nergie respectueuse du vivant et des territoires ruraux en Occitanie","publisher":{"@id":"https:\/\/toutesnosenergies.fr\/#organization"},"potentialAction":[{"@type":"SearchAction","target":{"@type":"EntryPoint","urlTemplate":"https:\/\/toutesnosenergies.fr\/?s={search_term_string}"},"query-input":{"@type":"PropertyValueSpecification","valueRequired":true,"valueName":"search_term_string"}}],"inLanguage":"fr-FR"},{"@type":"Organization","@id":"https:\/\/toutesnosenergies.fr\/#organization","name":"Toutes Nos \u00c9nergies \u2013 Occitanie Environnement","url":"https:\/\/toutesnosenergies.fr\/","logo":{"@type":"ImageObject","inLanguage":"fr-FR","@id":"https:\/\/toutesnosenergies.fr\/#\/schema\/logo\/image\/","url":"https:\/\/toutesnosenergies.fr\/wp-content\/uploads\/2023\/01\/Petit-logo.png","contentUrl":"https:\/\/toutesnosenergies.fr\/wp-content\/uploads\/2023\/01\/Petit-logo.png","width":360,"height":102,"caption":"Toutes Nos \u00c9nergies \u2013 Occitanie Environnement"},"image":{"@id":"https:\/\/toutesnosenergies.fr\/#\/schema\/logo\/image\/"},"sameAs":["https:\/\/www.facebook.com\/TNEtoutesnosenergiesOccitanieEnvironnement"]},{"@type":"Person","@id":"https:\/\/toutesnosenergies.fr\/#\/schema\/person\/83b429b7810ce59e0a21afb7e0b3cb1c","name":"WM81","image":{"@type":"ImageObject","inLanguage":"fr-FR","@id":"https:\/\/secure.gravatar.com\/avatar\/aa9bf2bd97a7297274c53294f09e800c7ee0d88290f959d5d49f9380299b9ff1?s=96&d=mm&r=g","url":"https:\/\/secure.gravatar.com\/avatar\/aa9bf2bd97a7297274c53294f09e800c7ee0d88290f959d5d49f9380299b9ff1?s=96&d=mm&r=g","contentUrl":"https:\/\/secure.gravatar.com\/avatar\/aa9bf2bd97a7297274c53294f09e800c7ee0d88290f959d5d49f9380299b9ff1?s=96&d=mm&r=g","caption":"WM81"},"sameAs":["http:\/\/toutesnosenergies.fr"],"url":"https:\/\/toutesnosenergies.fr\/index.php\/author\/wm81\/"}]}},"_links":{"self":[{"href":"https:\/\/toutesnosenergies.fr\/index.php\/wp-json\/wp\/v2\/posts\/2657","targetHints":{"allow":["GET"]}}],"collection":[{"href":"https:\/\/toutesnosenergies.fr\/index.php\/wp-json\/wp\/v2\/posts"}],"about":[{"href":"https:\/\/toutesnosenergies.fr\/index.php\/wp-json\/wp\/v2\/types\/post"}],"author":[{"embeddable":true,"href":"https:\/\/toutesnosenergies.fr\/index.php\/wp-json\/wp\/v2\/users\/3"}],"replies":[{"embeddable":true,"href":"https:\/\/toutesnosenergies.fr\/index.php\/wp-json\/wp\/v2\/comments?post=2657"}],"version-history":[{"count":2,"href":"https:\/\/toutesnosenergies.fr\/index.php\/wp-json\/wp\/v2\/posts\/2657\/revisions"}],"predecessor-version":[{"id":2659,"href":"https:\/\/toutesnosenergies.fr\/index.php\/wp-json\/wp\/v2\/posts\/2657\/revisions\/2659"}],"wp:attachment":[{"href":"https:\/\/toutesnosenergies.fr\/index.php\/wp-json\/wp\/v2\/media?parent=2657"}],"wp:term":[{"taxonomy":"category","embeddable":true,"href":"https:\/\/toutesnosenergies.fr\/index.php\/wp-json\/wp\/v2\/categories?post=2657"},{"taxonomy":"post_tag","embeddable":true,"href":"https:\/\/toutesnosenergies.fr\/index.php\/wp-json\/wp\/v2\/tags?post=2657"}],"curies":[{"name":"wp","href":"https:\/\/api.w.org\/{rel}","templated":true}]}}