{"id":2680,"date":"2019-07-01T14:33:50","date_gmt":"2019-07-01T12:33:50","guid":{"rendered":"https:\/\/toutesnosenergies.fr\/?p=2680"},"modified":"2019-07-01T14:36:28","modified_gmt":"2019-07-01T12:36:28","slug":"saint-victor-le-tribunal-et-le-rechauffement-climatique","status":"publish","type":"post","link":"https:\/\/toutesnosenergies.fr\/index.php\/2019\/07\/01\/saint-victor-le-tribunal-et-le-rechauffement-climatique\/","title":{"rendered":"Saint Victor, le tribunal et le r\u00e9chauffement climatique !"},"content":{"rendered":"\n<h4 class=\"wp-block-heading\"><strong>Un communiqu\u00e9 de l\u2019AMASSADA<\/strong><\/h4>\n\n\n\n<p>Ce mercredi 3 juillet 9h cinq personnes passent en proc\u00e8s au tribunal p\u00e9nal de Rodez. Elles sont accus\u00e9es d&rsquo;avoir \u00e9tabli leur domicile sur le terrain de RTE \u00e0 Saint-Victor, \u00e0 l&#8217;emplacement du futur transfo de 2100 MW. &nbsp;Le fait marquant c&rsquo;est que 35 personnes utilisent leur droit \u00e0 compara\u00eetre volontairement \u00e0 cette audience en revendiquant d&rsquo;avoir occup\u00e9 le terrain. Ce fait, cette extraordinaire augmentation des comparants d\u00e9mant\u00e8le totalement l&rsquo;accusation, puisque c&rsquo;est bien d&rsquo;une occupation politique dont il s&rsquo;agit et non pas d&rsquo;une quelconque recherche de domicile.<\/p>\n\n\n\n<p>Les raisons de cette occupation politique sont multiples. Ce n&rsquo;est pas que RTE veuille d\u00e9truire cinq &nbsp;hectares de culture sur le terrain de la Plaine, ce n&rsquo;est pas que RTE veuille d\u00e9verser dans les excavations des milliers de m\u00e8tres cubes de b\u00e9ton ou isoler le c\u0153ur du transformateur avec des gaz CFC SF6 ou utiliser 80 tonnes d&rsquo;huile \u00e9lectrique. Ce n&rsquo;est donc pas seulement que cette infrastructure contribue au ravage des ressources naturelles partout sur la plan\u00e8te. Ce n&rsquo;est pas &nbsp;que ce syst\u00e8me THT provoquera encore plus de tumeurs et de probl\u00e8mes thyro\u00efdiens sur les populations alentour. Ce n&rsquo;est pas seulement, nonplus, que l\u2019\u00c9tat ait tellement bricol\u00e9 son enqu\u00eate publique qu&rsquo;elle a d\u00fb \u00eatre d\u00e9plac\u00e9e \u00e0 une heure de route pour \u00e9viter la contestation. Ce n&rsquo;est pas seulement que cette infrastructure soit un cadeau de l\u2019\u00c9tat aux industriels pay\u00e9 avec notre argent.<\/p>\n\n\n\n<!--more-->\n\n\n\n<p>C&rsquo;est bien s\u00fbr tout cela qui nous a amen\u00e9s \u00e0 occuper collectivement le terrain devenu la propri\u00e9t\u00e9 de RTE en octobre 2018, par force de droit. Mais c&rsquo;est surtout que la justification finale du projet ne tient pas une seule seconde.<\/p>\n\n\n\n<p>Car en ces jours de canicule, nous rappelons que le transformateur en question est surtout la pi\u00e8ce ma\u00eetresse d&rsquo;une politique qui ne trouve sa seule  justification que dans la lutte contre le r\u00e9chauffement climatique. RTE, mais \u00e0 travers lui toutes les instances politiques d\u00e9di\u00e9es, veut construire cette infrastructure pour exporter l&rsquo;\u00e9lectricit\u00e9 dite \u00ab propre \u00bb produite par les \u00e9oliennes et les panneaux solaires de l&rsquo;Aveyron et des r\u00e9gions contigu\u00ebs. Cette \u00e9lectricit\u00e9 sert donc au dispositif de la compensation carbone, c&rsquo;est-\u00e0-dire \u00e0 ce que les pollueurs puissent continuer \u00e0 \u00e9mettre du CO2 sans limite ! Pour x m\u00e9ga watts propres ils gagnent le droit de produire x m\u00e9ga watts sales. Cette logique de la compensation ou du bilan carbone est une logique absurde propos\u00e9e et mise en place par des financiers au sommet de Kyoto en 1992.<\/p>\n\n\n\n<p>Et depuis les \u00e9missions de CO2 n&rsquo;ont fait qu&rsquo;augmenter. Quand il s&rsquo;agit\u2019d&rsquo;\u00e9teindre un feu domestique personne n&rsquo;aurait l&rsquo;id\u00e9e saugrenue de jeter dans le brasier tant\u00f4t une chaise, tant\u00f4t un seau d&rsquo;eau. Quand on veut sauver sa peau, dans le feu, on ne jette que de l&rsquo;eau ! Et bien pour legrand feu plan\u00e9taire, les scientifiques ind\u00e9pendants disent la m\u00eame chose : il faut aller tr\u00e8s rapidement vers z\u00e9ro \u00e9mission. Car l&rsquo;enfer ne fait que commencer, le CO2 mettant un certain temps pour monter dans l&rsquo;atmosph\u00e8re, le CO2 \u00e9mis il y a quarante ne provoque qu&rsquo;aujourd&rsquo;hui sa part d&rsquo;effet de serre ! <\/p>\n\n\n\n<p>Nous invitons Madame la Juge Desgrailles \u00e0 sortir de son r\u00f4le, c&rsquo;est RTE, les pollueurs et l\u2019\u00c9tat qu&rsquo;il faut juger dans cette affaire, ce sont eux les coupables. Il s&rsquo;agit d&rsquo;une tromperie aggrav\u00e9e, il s&rsquo;agit d&rsquo;un \u00e9cocide !<\/p>\n\n\n\n<p>Quant \u00e0 nous, quoi qu&rsquo;il arrive, nous continuerons \u00e0 expliquer cette tromperie et \u00e0 b\u00e2tir une solidarit\u00e9 forte et nombreuse pour combattre ce monde qui tire sa domination de sa fr\u00e9n\u00e9sie \u00e9nerg\u00e9tique. <\/p>\n","protected":false},"excerpt":{"rendered":"<p>Un communiqu\u00e9 de l\u2019AMASSADA Ce mercredi 3 juillet 9h cinq personnes passent en proc\u00e8s au tribunal p\u00e9nal de Rodez. Elles sont accus\u00e9es d&rsquo;avoir \u00e9tabli leur domicile sur le terrain de RTE \u00e0 Saint-Victor, \u00e0 l&#8217;emplacement du futur transfo de 2100 MW. &nbsp;Le fait marquant c&rsquo;est que 35 personnes utilisent leur droit \u00e0 compara\u00eetre volontairement \u00e0 &#8230; <a title=\"Saint Victor, le tribunal et le r\u00e9chauffement climatique !\" class=\"read-more\" href=\"https:\/\/toutesnosenergies.fr\/index.php\/2019\/07\/01\/saint-victor-le-tribunal-et-le-rechauffement-climatique\/\" aria-label=\"Plus sur Saint Victor, le tribunal et le r\u00e9chauffement climatique !\">Lire plus<\/a><\/p>\n","protected":false},"author":3,"featured_media":0,"comment_status":"open","ping_status":"open","sticky":false,"template":"","format":"standard","meta":{"_cbd_carousel_blocks":"[]","sfsi_plus_gutenberg_text_before_share":"","sfsi_plus_gutenberg_show_text_before_share":"","sfsi_plus_gutenberg_icon_type":"","sfsi_plus_gutenberg_icon_alignemt":"","sfsi_plus_gutenburg_max_per_row":"","footnotes":""},"categories":[8],"tags":[],"class_list":["post-2680","post","type-post","status-publish","format-standard","hentry","category-communiques-associations"],"yoast_head":"<!-- This site is optimized with the Yoast SEO plugin v27.5 - https:\/\/yoast.com\/product\/yoast-seo-wordpress\/ -->\n<title>Saint Victor, le tribunal et le r\u00e9chauffement climatique ! - Toutes Nos \u00c9nergies \u2013 Occitanie Environnement<\/title>\n<meta name=\"robots\" content=\"index, follow, max-snippet:-1, max-image-preview:large, max-video-preview:-1\" \/>\n<link rel=\"canonical\" href=\"https:\/\/toutesnosenergies.fr\/index.php\/2019\/07\/01\/saint-victor-le-tribunal-et-le-rechauffement-climatique\/\" \/>\n<meta property=\"og:locale\" content=\"fr_FR\" \/>\n<meta property=\"og:type\" content=\"article\" \/>\n<meta property=\"og:title\" content=\"Saint Victor, le tribunal et le r\u00e9chauffement climatique ! - Toutes Nos \u00c9nergies \u2013 Occitanie Environnement\" \/>\n<meta property=\"og:description\" content=\"Un communiqu\u00e9 de l\u2019AMASSADA Ce mercredi 3 juillet 9h cinq personnes passent en proc\u00e8s au tribunal p\u00e9nal de Rodez. Elles sont accus\u00e9es d&rsquo;avoir \u00e9tabli leur domicile sur le terrain de RTE \u00e0 Saint-Victor, \u00e0 l&#8217;emplacement du futur transfo de 2100 MW. &nbsp;Le fait marquant c&rsquo;est que 35 personnes utilisent leur droit \u00e0 compara\u00eetre volontairement \u00e0 ... Lire plus\" \/>\n<meta property=\"og:url\" content=\"https:\/\/toutesnosenergies.fr\/index.php\/2019\/07\/01\/saint-victor-le-tribunal-et-le-rechauffement-climatique\/\" \/>\n<meta property=\"og:site_name\" content=\"Toutes Nos \u00c9nergies \u2013 Occitanie Environnement\" \/>\n<meta property=\"article:publisher\" content=\"https:\/\/www.facebook.com\/TNEtoutesnosenergiesOccitanieEnvironnement\" \/>\n<meta property=\"article:published_time\" content=\"2019-07-01T12:33:50+00:00\" \/>\n<meta property=\"article:modified_time\" content=\"2019-07-01T12:36:28+00:00\" \/>\n<meta name=\"author\" content=\"WM81\" \/>\n<meta name=\"twitter:card\" content=\"summary_large_image\" \/>\n<meta name=\"twitter:label1\" content=\"\u00c9crit par\" \/>\n\t<meta name=\"twitter:data1\" content=\"WM81\" \/>\n\t<meta name=\"twitter:label2\" content=\"Dur\u00e9e de lecture estim\u00e9e\" \/>\n\t<meta name=\"twitter:data2\" content=\"3 minutes\" \/>\n<script type=\"application\/ld+json\" class=\"yoast-schema-graph\">{\"@context\":\"https:\\\/\\\/schema.org\",\"@graph\":[{\"@type\":\"Article\",\"@id\":\"https:\\\/\\\/toutesnosenergies.fr\\\/index.php\\\/2019\\\/07\\\/01\\\/saint-victor-le-tribunal-et-le-rechauffement-climatique\\\/#article\",\"isPartOf\":{\"@id\":\"https:\\\/\\\/toutesnosenergies.fr\\\/index.php\\\/2019\\\/07\\\/01\\\/saint-victor-le-tribunal-et-le-rechauffement-climatique\\\/\"},\"author\":{\"name\":\"WM81\",\"@id\":\"https:\\\/\\\/toutesnosenergies.fr\\\/#\\\/schema\\\/person\\\/83b429b7810ce59e0a21afb7e0b3cb1c\"},\"headline\":\"Saint Victor, le tribunal et le r\u00e9chauffement climatique !\",\"datePublished\":\"2019-07-01T12:33:50+00:00\",\"dateModified\":\"2019-07-01T12:36:28+00:00\",\"mainEntityOfPage\":{\"@id\":\"https:\\\/\\\/toutesnosenergies.fr\\\/index.php\\\/2019\\\/07\\\/01\\\/saint-victor-le-tribunal-et-le-rechauffement-climatique\\\/\"},\"wordCount\":620,\"commentCount\":0,\"publisher\":{\"@id\":\"https:\\\/\\\/toutesnosenergies.fr\\\/#organization\"},\"articleSection\":[\"Communiqu\u00e9s des associations\"],\"inLanguage\":\"fr-FR\",\"potentialAction\":[{\"@type\":\"CommentAction\",\"name\":\"Comment\",\"target\":[\"https:\\\/\\\/toutesnosenergies.fr\\\/index.php\\\/2019\\\/07\\\/01\\\/saint-victor-le-tribunal-et-le-rechauffement-climatique\\\/#respond\"]}]},{\"@type\":\"WebPage\",\"@id\":\"https:\\\/\\\/toutesnosenergies.fr\\\/index.php\\\/2019\\\/07\\\/01\\\/saint-victor-le-tribunal-et-le-rechauffement-climatique\\\/\",\"url\":\"https:\\\/\\\/toutesnosenergies.fr\\\/index.php\\\/2019\\\/07\\\/01\\\/saint-victor-le-tribunal-et-le-rechauffement-climatique\\\/\",\"name\":\"Saint Victor, le tribunal et le r\u00e9chauffement climatique ! - Toutes Nos \u00c9nergies \u2013 Occitanie Environnement\",\"isPartOf\":{\"@id\":\"https:\\\/\\\/toutesnosenergies.fr\\\/#website\"},\"datePublished\":\"2019-07-01T12:33:50+00:00\",\"dateModified\":\"2019-07-01T12:36:28+00:00\",\"breadcrumb\":{\"@id\":\"https:\\\/\\\/toutesnosenergies.fr\\\/index.php\\\/2019\\\/07\\\/01\\\/saint-victor-le-tribunal-et-le-rechauffement-climatique\\\/#breadcrumb\"},\"inLanguage\":\"fr-FR\",\"potentialAction\":[{\"@type\":\"ReadAction\",\"target\":[\"https:\\\/\\\/toutesnosenergies.fr\\\/index.php\\\/2019\\\/07\\\/01\\\/saint-victor-le-tribunal-et-le-rechauffement-climatique\\\/\"]}]},{\"@type\":\"BreadcrumbList\",\"@id\":\"https:\\\/\\\/toutesnosenergies.fr\\\/index.php\\\/2019\\\/07\\\/01\\\/saint-victor-le-tribunal-et-le-rechauffement-climatique\\\/#breadcrumb\",\"itemListElement\":[{\"@type\":\"ListItem\",\"position\":1,\"name\":\"Accueil\",\"item\":\"https:\\\/\\\/toutesnosenergies.fr\\\/\"},{\"@type\":\"ListItem\",\"position\":2,\"name\":\"Saint Victor, le tribunal et le r\u00e9chauffement climatique !\"}]},{\"@type\":\"WebSite\",\"@id\":\"https:\\\/\\\/toutesnosenergies.fr\\\/#website\",\"url\":\"https:\\\/\\\/toutesnosenergies.fr\\\/\",\"name\":\"Toutes Nos \u00c9nergies \u2013 Occitanie Environnement\",\"description\":\"Pour une \u00e9nergie respectueuse du vivant et des territoires ruraux en Occitanie\",\"publisher\":{\"@id\":\"https:\\\/\\\/toutesnosenergies.fr\\\/#organization\"},\"potentialAction\":[{\"@type\":\"SearchAction\",\"target\":{\"@type\":\"EntryPoint\",\"urlTemplate\":\"https:\\\/\\\/toutesnosenergies.fr\\\/?s={search_term_string}\"},\"query-input\":{\"@type\":\"PropertyValueSpecification\",\"valueRequired\":true,\"valueName\":\"search_term_string\"}}],\"inLanguage\":\"fr-FR\"},{\"@type\":\"Organization\",\"@id\":\"https:\\\/\\\/toutesnosenergies.fr\\\/#organization\",\"name\":\"Toutes Nos \u00c9nergies \u2013 Occitanie Environnement\",\"url\":\"https:\\\/\\\/toutesnosenergies.fr\\\/\",\"logo\":{\"@type\":\"ImageObject\",\"inLanguage\":\"fr-FR\",\"@id\":\"https:\\\/\\\/toutesnosenergies.fr\\\/#\\\/schema\\\/logo\\\/image\\\/\",\"url\":\"https:\\\/\\\/toutesnosenergies.fr\\\/wp-content\\\/uploads\\\/2023\\\/01\\\/Petit-logo.png\",\"contentUrl\":\"https:\\\/\\\/toutesnosenergies.fr\\\/wp-content\\\/uploads\\\/2023\\\/01\\\/Petit-logo.png\",\"width\":360,\"height\":102,\"caption\":\"Toutes Nos \u00c9nergies \u2013 Occitanie Environnement\"},\"image\":{\"@id\":\"https:\\\/\\\/toutesnosenergies.fr\\\/#\\\/schema\\\/logo\\\/image\\\/\"},\"sameAs\":[\"https:\\\/\\\/www.facebook.com\\\/TNEtoutesnosenergiesOccitanieEnvironnement\"]},{\"@type\":\"Person\",\"@id\":\"https:\\\/\\\/toutesnosenergies.fr\\\/#\\\/schema\\\/person\\\/83b429b7810ce59e0a21afb7e0b3cb1c\",\"name\":\"WM81\",\"image\":{\"@type\":\"ImageObject\",\"inLanguage\":\"fr-FR\",\"@id\":\"https:\\\/\\\/secure.gravatar.com\\\/avatar\\\/aa9bf2bd97a7297274c53294f09e800c7ee0d88290f959d5d49f9380299b9ff1?s=96&d=mm&r=g\",\"url\":\"https:\\\/\\\/secure.gravatar.com\\\/avatar\\\/aa9bf2bd97a7297274c53294f09e800c7ee0d88290f959d5d49f9380299b9ff1?s=96&d=mm&r=g\",\"contentUrl\":\"https:\\\/\\\/secure.gravatar.com\\\/avatar\\\/aa9bf2bd97a7297274c53294f09e800c7ee0d88290f959d5d49f9380299b9ff1?s=96&d=mm&r=g\",\"caption\":\"WM81\"},\"sameAs\":[\"http:\\\/\\\/toutesnosenergies.fr\"],\"url\":\"https:\\\/\\\/toutesnosenergies.fr\\\/index.php\\\/author\\\/wm81\\\/\"}]}<\/script>\n<!-- \/ Yoast SEO plugin. -->","yoast_head_json":{"title":"Saint Victor, le tribunal et le r\u00e9chauffement climatique ! - Toutes Nos \u00c9nergies \u2013 Occitanie Environnement","robots":{"index":"index","follow":"follow","max-snippet":"max-snippet:-1","max-image-preview":"max-image-preview:large","max-video-preview":"max-video-preview:-1"},"canonical":"https:\/\/toutesnosenergies.fr\/index.php\/2019\/07\/01\/saint-victor-le-tribunal-et-le-rechauffement-climatique\/","og_locale":"fr_FR","og_type":"article","og_title":"Saint Victor, le tribunal et le r\u00e9chauffement climatique ! - Toutes Nos \u00c9nergies \u2013 Occitanie Environnement","og_description":"Un communiqu\u00e9 de l\u2019AMASSADA Ce mercredi 3 juillet 9h cinq personnes passent en proc\u00e8s au tribunal p\u00e9nal de Rodez. Elles sont accus\u00e9es d&rsquo;avoir \u00e9tabli leur domicile sur le terrain de RTE \u00e0 Saint-Victor, \u00e0 l&#8217;emplacement du futur transfo de 2100 MW. &nbsp;Le fait marquant c&rsquo;est que 35 personnes utilisent leur droit \u00e0 compara\u00eetre volontairement \u00e0 ... Lire plus","og_url":"https:\/\/toutesnosenergies.fr\/index.php\/2019\/07\/01\/saint-victor-le-tribunal-et-le-rechauffement-climatique\/","og_site_name":"Toutes Nos \u00c9nergies \u2013 Occitanie Environnement","article_publisher":"https:\/\/www.facebook.com\/TNEtoutesnosenergiesOccitanieEnvironnement","article_published_time":"2019-07-01T12:33:50+00:00","article_modified_time":"2019-07-01T12:36:28+00:00","author":"WM81","twitter_card":"summary_large_image","twitter_misc":{"\u00c9crit par":"WM81","Dur\u00e9e de lecture estim\u00e9e":"3 minutes"},"schema":{"@context":"https:\/\/schema.org","@graph":[{"@type":"Article","@id":"https:\/\/toutesnosenergies.fr\/index.php\/2019\/07\/01\/saint-victor-le-tribunal-et-le-rechauffement-climatique\/#article","isPartOf":{"@id":"https:\/\/toutesnosenergies.fr\/index.php\/2019\/07\/01\/saint-victor-le-tribunal-et-le-rechauffement-climatique\/"},"author":{"name":"WM81","@id":"https:\/\/toutesnosenergies.fr\/#\/schema\/person\/83b429b7810ce59e0a21afb7e0b3cb1c"},"headline":"Saint Victor, le tribunal et le r\u00e9chauffement climatique !","datePublished":"2019-07-01T12:33:50+00:00","dateModified":"2019-07-01T12:36:28+00:00","mainEntityOfPage":{"@id":"https:\/\/toutesnosenergies.fr\/index.php\/2019\/07\/01\/saint-victor-le-tribunal-et-le-rechauffement-climatique\/"},"wordCount":620,"commentCount":0,"publisher":{"@id":"https:\/\/toutesnosenergies.fr\/#organization"},"articleSection":["Communiqu\u00e9s des associations"],"inLanguage":"fr-FR","potentialAction":[{"@type":"CommentAction","name":"Comment","target":["https:\/\/toutesnosenergies.fr\/index.php\/2019\/07\/01\/saint-victor-le-tribunal-et-le-rechauffement-climatique\/#respond"]}]},{"@type":"WebPage","@id":"https:\/\/toutesnosenergies.fr\/index.php\/2019\/07\/01\/saint-victor-le-tribunal-et-le-rechauffement-climatique\/","url":"https:\/\/toutesnosenergies.fr\/index.php\/2019\/07\/01\/saint-victor-le-tribunal-et-le-rechauffement-climatique\/","name":"Saint Victor, le tribunal et le r\u00e9chauffement climatique ! - Toutes Nos \u00c9nergies \u2013 Occitanie Environnement","isPartOf":{"@id":"https:\/\/toutesnosenergies.fr\/#website"},"datePublished":"2019-07-01T12:33:50+00:00","dateModified":"2019-07-01T12:36:28+00:00","breadcrumb":{"@id":"https:\/\/toutesnosenergies.fr\/index.php\/2019\/07\/01\/saint-victor-le-tribunal-et-le-rechauffement-climatique\/#breadcrumb"},"inLanguage":"fr-FR","potentialAction":[{"@type":"ReadAction","target":["https:\/\/toutesnosenergies.fr\/index.php\/2019\/07\/01\/saint-victor-le-tribunal-et-le-rechauffement-climatique\/"]}]},{"@type":"BreadcrumbList","@id":"https:\/\/toutesnosenergies.fr\/index.php\/2019\/07\/01\/saint-victor-le-tribunal-et-le-rechauffement-climatique\/#breadcrumb","itemListElement":[{"@type":"ListItem","position":1,"name":"Accueil","item":"https:\/\/toutesnosenergies.fr\/"},{"@type":"ListItem","position":2,"name":"Saint Victor, le tribunal et le r\u00e9chauffement climatique !"}]},{"@type":"WebSite","@id":"https:\/\/toutesnosenergies.fr\/#website","url":"https:\/\/toutesnosenergies.fr\/","name":"Toutes Nos \u00c9nergies \u2013 Occitanie Environnement","description":"Pour une \u00e9nergie respectueuse du vivant et des territoires ruraux en Occitanie","publisher":{"@id":"https:\/\/toutesnosenergies.fr\/#organization"},"potentialAction":[{"@type":"SearchAction","target":{"@type":"EntryPoint","urlTemplate":"https:\/\/toutesnosenergies.fr\/?s={search_term_string}"},"query-input":{"@type":"PropertyValueSpecification","valueRequired":true,"valueName":"search_term_string"}}],"inLanguage":"fr-FR"},{"@type":"Organization","@id":"https:\/\/toutesnosenergies.fr\/#organization","name":"Toutes Nos \u00c9nergies \u2013 Occitanie Environnement","url":"https:\/\/toutesnosenergies.fr\/","logo":{"@type":"ImageObject","inLanguage":"fr-FR","@id":"https:\/\/toutesnosenergies.fr\/#\/schema\/logo\/image\/","url":"https:\/\/toutesnosenergies.fr\/wp-content\/uploads\/2023\/01\/Petit-logo.png","contentUrl":"https:\/\/toutesnosenergies.fr\/wp-content\/uploads\/2023\/01\/Petit-logo.png","width":360,"height":102,"caption":"Toutes Nos \u00c9nergies \u2013 Occitanie Environnement"},"image":{"@id":"https:\/\/toutesnosenergies.fr\/#\/schema\/logo\/image\/"},"sameAs":["https:\/\/www.facebook.com\/TNEtoutesnosenergiesOccitanieEnvironnement"]},{"@type":"Person","@id":"https:\/\/toutesnosenergies.fr\/#\/schema\/person\/83b429b7810ce59e0a21afb7e0b3cb1c","name":"WM81","image":{"@type":"ImageObject","inLanguage":"fr-FR","@id":"https:\/\/secure.gravatar.com\/avatar\/aa9bf2bd97a7297274c53294f09e800c7ee0d88290f959d5d49f9380299b9ff1?s=96&d=mm&r=g","url":"https:\/\/secure.gravatar.com\/avatar\/aa9bf2bd97a7297274c53294f09e800c7ee0d88290f959d5d49f9380299b9ff1?s=96&d=mm&r=g","contentUrl":"https:\/\/secure.gravatar.com\/avatar\/aa9bf2bd97a7297274c53294f09e800c7ee0d88290f959d5d49f9380299b9ff1?s=96&d=mm&r=g","caption":"WM81"},"sameAs":["http:\/\/toutesnosenergies.fr"],"url":"https:\/\/toutesnosenergies.fr\/index.php\/author\/wm81\/"}]}},"_links":{"self":[{"href":"https:\/\/toutesnosenergies.fr\/index.php\/wp-json\/wp\/v2\/posts\/2680","targetHints":{"allow":["GET"]}}],"collection":[{"href":"https:\/\/toutesnosenergies.fr\/index.php\/wp-json\/wp\/v2\/posts"}],"about":[{"href":"https:\/\/toutesnosenergies.fr\/index.php\/wp-json\/wp\/v2\/types\/post"}],"author":[{"embeddable":true,"href":"https:\/\/toutesnosenergies.fr\/index.php\/wp-json\/wp\/v2\/users\/3"}],"replies":[{"embeddable":true,"href":"https:\/\/toutesnosenergies.fr\/index.php\/wp-json\/wp\/v2\/comments?post=2680"}],"version-history":[{"count":2,"href":"https:\/\/toutesnosenergies.fr\/index.php\/wp-json\/wp\/v2\/posts\/2680\/revisions"}],"predecessor-version":[{"id":2682,"href":"https:\/\/toutesnosenergies.fr\/index.php\/wp-json\/wp\/v2\/posts\/2680\/revisions\/2682"}],"wp:attachment":[{"href":"https:\/\/toutesnosenergies.fr\/index.php\/wp-json\/wp\/v2\/media?parent=2680"}],"wp:term":[{"taxonomy":"category","embeddable":true,"href":"https:\/\/toutesnosenergies.fr\/index.php\/wp-json\/wp\/v2\/categories?post=2680"},{"taxonomy":"post_tag","embeddable":true,"href":"https:\/\/toutesnosenergies.fr\/index.php\/wp-json\/wp\/v2\/tags?post=2680"}],"curies":[{"name":"wp","href":"https:\/\/api.w.org\/{rel}","templated":true}]}}