{"id":2686,"date":"2019-07-02T15:22:58","date_gmt":"2019-07-02T13:22:58","guid":{"rendered":"https:\/\/toutesnosenergies.fr\/?p=2686"},"modified":"2019-07-02T15:25:05","modified_gmt":"2019-07-02T13:25:05","slug":"les-corbieres-vivantes-28-juillet","status":"publish","type":"post","link":"https:\/\/toutesnosenergies.fr\/index.php\/2019\/07\/02\/les-corbieres-vivantes-28-juillet\/","title":{"rendered":"Les Corbi\u00e8res Vivantes ! 28 juillet !"},"content":{"rendered":"\n<h4 class=\"wp-block-heading\"><em>\u00ab\u00a0Comme chaque ann\u00e9e le collectif citoyen pour des Corbi\u00e8res vivantes organise une journ\u00e9e pour r\u00e9fl\u00e9chir sur les ENR<strong>\u00ab\u00a0Le Vent Tourne\u00a0\u00bb&nbsp; aura lieu <\/strong><\/em><strong>dimanche 28 juillet \u00e0 Villerouge Termen\u00e8s dans l\u2019Aude.<\/strong><\/h4>\n\n\n\n<div class=\"wp-block-image\"><figure class=\"alignleft\"><img loading=\"lazy\" decoding=\"async\" width=\"732\" height=\"1024\" src=\"https:\/\/toutesnosenergies.fr\/wp-content\/uploads\/2019\/07\/00A055AA-F36B-4741-88C4-4DB432740DA7-732x1024.jpeg\" alt=\"\" class=\"wp-image-2684\" srcset=\"https:\/\/toutesnosenergies.fr\/wp-content\/uploads\/2019\/07\/00A055AA-F36B-4741-88C4-4DB432740DA7-732x1024.jpeg 732w, https:\/\/toutesnosenergies.fr\/wp-content\/uploads\/2019\/07\/00A055AA-F36B-4741-88C4-4DB432740DA7-214x300.jpeg 214w, https:\/\/toutesnosenergies.fr\/wp-content\/uploads\/2019\/07\/00A055AA-F36B-4741-88C4-4DB432740DA7-768x1074.jpeg 768w, https:\/\/toutesnosenergies.fr\/wp-content\/uploads\/2019\/07\/00A055AA-F36B-4741-88C4-4DB432740DA7.jpeg 1223w\" sizes=\"auto, (max-width: 732px) 100vw, 732px\" \/><\/figure><\/div>\n\n\n\n<p><em>CCCV est une association spontan\u00e9ment cr\u00e9\u00e9e pour combattre le gros projet de parc \u00e9olien (encore \u00e0 l&rsquo;\u00e9tude), avec transformateur, des Hautes Corbi\u00e8res.Pourtant elle n&rsquo;a pas pour seul but de s&rsquo;opposer bonnement, mais souhaite aussi alerter sur l&rsquo;urgence \u00e9cologique et la n\u00e9cessit\u00e9 de r\u00e9fl\u00e9chir \u00e0 des alternatives aux modes de production et de consommation des \u00e9nergies, sans se laisser berner par les fausses solutions que nous imposent les grands groupes dont le but unique est le profit.<\/em><\/p>\n\n\n\n<p><em><strong>On vous attend nombreux pour cette nouvelle journ\u00e9e de r\u00e9flexion. <\/strong><\/em><\/p>\n\n\n\n<p><a href=\"https:\/\/toutesnosenergies.fr\/wp-content\/uploads\/2019\/07\/EFEEB06C-BE77-4A5E-8445-84E68C26364A.jpeg\">VOICI LE PROGRAMME D\u00c9TAILL\u00c9 <\/a><\/p>\n\n\n\n<p><em><strong>Merci de faire passer l&rsquo;info.<\/strong><\/em><br><em>L&rsquo;\u00e9quipe du Vent Tourne \u00ab\u00a0<\/em><\/p>\n","protected":false},"excerpt":{"rendered":"<p>\u00ab\u00a0Comme chaque ann\u00e9e le collectif citoyen pour des Corbi\u00e8res vivantes organise une journ\u00e9e pour r\u00e9fl\u00e9chir sur les ENR\u00ab\u00a0Le Vent Tourne\u00a0\u00bb&nbsp; aura lieu dimanche 28 juillet \u00e0 Villerouge Termen\u00e8s dans l\u2019Aude. CCCV est une association spontan\u00e9ment cr\u00e9\u00e9e pour combattre le gros projet de parc \u00e9olien (encore \u00e0 l&rsquo;\u00e9tude), avec transformateur, des Hautes Corbi\u00e8res.Pourtant elle n&rsquo;a pas &#8230; <a title=\"Les Corbi\u00e8res Vivantes ! 28 juillet !\" class=\"read-more\" href=\"https:\/\/toutesnosenergies.fr\/index.php\/2019\/07\/02\/les-corbieres-vivantes-28-juillet\/\" aria-label=\"Plus sur Les Corbi\u00e8res Vivantes ! 28 juillet !\">Lire plus<\/a><\/p>\n","protected":false},"author":3,"featured_media":0,"comment_status":"open","ping_status":"open","sticky":false,"template":"","format":"standard","meta":{"_cbd_carousel_blocks":"[]","sfsi_plus_gutenberg_text_before_share":"","sfsi_plus_gutenberg_show_text_before_share":"","sfsi_plus_gutenberg_icon_type":"","sfsi_plus_gutenberg_icon_alignemt":"","sfsi_plus_gutenburg_max_per_row":"","footnotes":""},"categories":[8],"tags":[],"class_list":["post-2686","post","type-post","status-publish","format-standard","hentry","category-communiques-associations"],"yoast_head":"<!-- This site is optimized with the Yoast SEO plugin v27.5 - https:\/\/yoast.com\/product\/yoast-seo-wordpress\/ -->\n<title>Les Corbi\u00e8res Vivantes ! 28 juillet ! - Toutes Nos \u00c9nergies \u2013 Occitanie Environnement<\/title>\n<meta name=\"robots\" content=\"index, follow, max-snippet:-1, max-image-preview:large, max-video-preview:-1\" \/>\n<link rel=\"canonical\" href=\"https:\/\/toutesnosenergies.fr\/index.php\/2019\/07\/02\/les-corbieres-vivantes-28-juillet\/\" \/>\n<meta property=\"og:locale\" content=\"fr_FR\" \/>\n<meta property=\"og:type\" content=\"article\" \/>\n<meta property=\"og:title\" content=\"Les Corbi\u00e8res Vivantes ! 28 juillet ! - Toutes Nos \u00c9nergies \u2013 Occitanie Environnement\" \/>\n<meta property=\"og:description\" content=\"\u00ab\u00a0Comme chaque ann\u00e9e le collectif citoyen pour des Corbi\u00e8res vivantes organise une journ\u00e9e pour r\u00e9fl\u00e9chir sur les ENR\u00ab\u00a0Le Vent Tourne\u00a0\u00bb&nbsp; aura lieu dimanche 28 juillet \u00e0 Villerouge Termen\u00e8s dans l\u2019Aude. CCCV est une association spontan\u00e9ment cr\u00e9\u00e9e pour combattre le gros projet de parc \u00e9olien (encore \u00e0 l&rsquo;\u00e9tude), avec transformateur, des Hautes Corbi\u00e8res.Pourtant elle n&rsquo;a pas ... Lire plus\" \/>\n<meta property=\"og:url\" content=\"https:\/\/toutesnosenergies.fr\/index.php\/2019\/07\/02\/les-corbieres-vivantes-28-juillet\/\" \/>\n<meta property=\"og:site_name\" content=\"Toutes Nos \u00c9nergies \u2013 Occitanie Environnement\" \/>\n<meta property=\"article:publisher\" content=\"https:\/\/www.facebook.com\/TNEtoutesnosenergiesOccitanieEnvironnement\" \/>\n<meta property=\"article:published_time\" content=\"2019-07-02T13:22:58+00:00\" \/>\n<meta property=\"article:modified_time\" content=\"2019-07-02T13:25:05+00:00\" \/>\n<meta property=\"og:image\" content=\"https:\/\/toutesnosenergies.fr\/wp-content\/uploads\/2019\/07\/00A055AA-F36B-4741-88C4-4DB432740DA7-732x1024.jpeg\" \/>\n<meta name=\"author\" content=\"WM81\" \/>\n<meta name=\"twitter:card\" content=\"summary_large_image\" \/>\n<meta name=\"twitter:label1\" content=\"\u00c9crit par\" \/>\n\t<meta name=\"twitter:data1\" content=\"WM81\" \/>\n\t<meta name=\"twitter:label2\" content=\"Dur\u00e9e de lecture estim\u00e9e\" \/>\n\t<meta name=\"twitter:data2\" content=\"1 minute\" \/>\n<script type=\"application\/ld+json\" class=\"yoast-schema-graph\">{\"@context\":\"https:\\\/\\\/schema.org\",\"@graph\":[{\"@type\":\"Article\",\"@id\":\"https:\\\/\\\/toutesnosenergies.fr\\\/index.php\\\/2019\\\/07\\\/02\\\/les-corbieres-vivantes-28-juillet\\\/#article\",\"isPartOf\":{\"@id\":\"https:\\\/\\\/toutesnosenergies.fr\\\/index.php\\\/2019\\\/07\\\/02\\\/les-corbieres-vivantes-28-juillet\\\/\"},\"author\":{\"name\":\"WM81\",\"@id\":\"https:\\\/\\\/toutesnosenergies.fr\\\/#\\\/schema\\\/person\\\/83b429b7810ce59e0a21afb7e0b3cb1c\"},\"headline\":\"Les Corbi\u00e8res Vivantes ! 28 juillet !\",\"datePublished\":\"2019-07-02T13:22:58+00:00\",\"dateModified\":\"2019-07-02T13:25:05+00:00\",\"mainEntityOfPage\":{\"@id\":\"https:\\\/\\\/toutesnosenergies.fr\\\/index.php\\\/2019\\\/07\\\/02\\\/les-corbieres-vivantes-28-juillet\\\/\"},\"wordCount\":151,\"commentCount\":0,\"publisher\":{\"@id\":\"https:\\\/\\\/toutesnosenergies.fr\\\/#organization\"},\"image\":{\"@id\":\"https:\\\/\\\/toutesnosenergies.fr\\\/index.php\\\/2019\\\/07\\\/02\\\/les-corbieres-vivantes-28-juillet\\\/#primaryimage\"},\"thumbnailUrl\":\"https:\\\/\\\/toutesnosenergies.fr\\\/wp-content\\\/uploads\\\/2019\\\/07\\\/00A055AA-F36B-4741-88C4-4DB432740DA7-732x1024.jpeg\",\"articleSection\":[\"Communiqu\u00e9s des associations\"],\"inLanguage\":\"fr-FR\",\"potentialAction\":[{\"@type\":\"CommentAction\",\"name\":\"Comment\",\"target\":[\"https:\\\/\\\/toutesnosenergies.fr\\\/index.php\\\/2019\\\/07\\\/02\\\/les-corbieres-vivantes-28-juillet\\\/#respond\"]}]},{\"@type\":\"WebPage\",\"@id\":\"https:\\\/\\\/toutesnosenergies.fr\\\/index.php\\\/2019\\\/07\\\/02\\\/les-corbieres-vivantes-28-juillet\\\/\",\"url\":\"https:\\\/\\\/toutesnosenergies.fr\\\/index.php\\\/2019\\\/07\\\/02\\\/les-corbieres-vivantes-28-juillet\\\/\",\"name\":\"Les Corbi\u00e8res Vivantes ! 28 juillet ! - Toutes Nos \u00c9nergies \u2013 Occitanie Environnement\",\"isPartOf\":{\"@id\":\"https:\\\/\\\/toutesnosenergies.fr\\\/#website\"},\"primaryImageOfPage\":{\"@id\":\"https:\\\/\\\/toutesnosenergies.fr\\\/index.php\\\/2019\\\/07\\\/02\\\/les-corbieres-vivantes-28-juillet\\\/#primaryimage\"},\"image\":{\"@id\":\"https:\\\/\\\/toutesnosenergies.fr\\\/index.php\\\/2019\\\/07\\\/02\\\/les-corbieres-vivantes-28-juillet\\\/#primaryimage\"},\"thumbnailUrl\":\"https:\\\/\\\/toutesnosenergies.fr\\\/wp-content\\\/uploads\\\/2019\\\/07\\\/00A055AA-F36B-4741-88C4-4DB432740DA7-732x1024.jpeg\",\"datePublished\":\"2019-07-02T13:22:58+00:00\",\"dateModified\":\"2019-07-02T13:25:05+00:00\",\"breadcrumb\":{\"@id\":\"https:\\\/\\\/toutesnosenergies.fr\\\/index.php\\\/2019\\\/07\\\/02\\\/les-corbieres-vivantes-28-juillet\\\/#breadcrumb\"},\"inLanguage\":\"fr-FR\",\"potentialAction\":[{\"@type\":\"ReadAction\",\"target\":[\"https:\\\/\\\/toutesnosenergies.fr\\\/index.php\\\/2019\\\/07\\\/02\\\/les-corbieres-vivantes-28-juillet\\\/\"]}]},{\"@type\":\"ImageObject\",\"inLanguage\":\"fr-FR\",\"@id\":\"https:\\\/\\\/toutesnosenergies.fr\\\/index.php\\\/2019\\\/07\\\/02\\\/les-corbieres-vivantes-28-juillet\\\/#primaryimage\",\"url\":\"https:\\\/\\\/toutesnosenergies.fr\\\/wp-content\\\/uploads\\\/2019\\\/07\\\/00A055AA-F36B-4741-88C4-4DB432740DA7.jpeg\",\"contentUrl\":\"https:\\\/\\\/toutesnosenergies.fr\\\/wp-content\\\/uploads\\\/2019\\\/07\\\/00A055AA-F36B-4741-88C4-4DB432740DA7.jpeg\",\"width\":1223,\"height\":1711},{\"@type\":\"BreadcrumbList\",\"@id\":\"https:\\\/\\\/toutesnosenergies.fr\\\/index.php\\\/2019\\\/07\\\/02\\\/les-corbieres-vivantes-28-juillet\\\/#breadcrumb\",\"itemListElement\":[{\"@type\":\"ListItem\",\"position\":1,\"name\":\"Accueil\",\"item\":\"https:\\\/\\\/toutesnosenergies.fr\\\/\"},{\"@type\":\"ListItem\",\"position\":2,\"name\":\"Les Corbi\u00e8res Vivantes ! 28 juillet !\"}]},{\"@type\":\"WebSite\",\"@id\":\"https:\\\/\\\/toutesnosenergies.fr\\\/#website\",\"url\":\"https:\\\/\\\/toutesnosenergies.fr\\\/\",\"name\":\"Toutes Nos \u00c9nergies \u2013 Occitanie Environnement\",\"description\":\"Pour une \u00e9nergie respectueuse du vivant et des territoires ruraux en Occitanie\",\"publisher\":{\"@id\":\"https:\\\/\\\/toutesnosenergies.fr\\\/#organization\"},\"potentialAction\":[{\"@type\":\"SearchAction\",\"target\":{\"@type\":\"EntryPoint\",\"urlTemplate\":\"https:\\\/\\\/toutesnosenergies.fr\\\/?s={search_term_string}\"},\"query-input\":{\"@type\":\"PropertyValueSpecification\",\"valueRequired\":true,\"valueName\":\"search_term_string\"}}],\"inLanguage\":\"fr-FR\"},{\"@type\":\"Organization\",\"@id\":\"https:\\\/\\\/toutesnosenergies.fr\\\/#organization\",\"name\":\"Toutes Nos \u00c9nergies \u2013 Occitanie Environnement\",\"url\":\"https:\\\/\\\/toutesnosenergies.fr\\\/\",\"logo\":{\"@type\":\"ImageObject\",\"inLanguage\":\"fr-FR\",\"@id\":\"https:\\\/\\\/toutesnosenergies.fr\\\/#\\\/schema\\\/logo\\\/image\\\/\",\"url\":\"https:\\\/\\\/toutesnosenergies.fr\\\/wp-content\\\/uploads\\\/2023\\\/01\\\/Petit-logo.png\",\"contentUrl\":\"https:\\\/\\\/toutesnosenergies.fr\\\/wp-content\\\/uploads\\\/2023\\\/01\\\/Petit-logo.png\",\"width\":360,\"height\":102,\"caption\":\"Toutes Nos \u00c9nergies \u2013 Occitanie Environnement\"},\"image\":{\"@id\":\"https:\\\/\\\/toutesnosenergies.fr\\\/#\\\/schema\\\/logo\\\/image\\\/\"},\"sameAs\":[\"https:\\\/\\\/www.facebook.com\\\/TNEtoutesnosenergiesOccitanieEnvironnement\"]},{\"@type\":\"Person\",\"@id\":\"https:\\\/\\\/toutesnosenergies.fr\\\/#\\\/schema\\\/person\\\/83b429b7810ce59e0a21afb7e0b3cb1c\",\"name\":\"WM81\",\"image\":{\"@type\":\"ImageObject\",\"inLanguage\":\"fr-FR\",\"@id\":\"https:\\\/\\\/secure.gravatar.com\\\/avatar\\\/aa9bf2bd97a7297274c53294f09e800c7ee0d88290f959d5d49f9380299b9ff1?s=96&d=mm&r=g\",\"url\":\"https:\\\/\\\/secure.gravatar.com\\\/avatar\\\/aa9bf2bd97a7297274c53294f09e800c7ee0d88290f959d5d49f9380299b9ff1?s=96&d=mm&r=g\",\"contentUrl\":\"https:\\\/\\\/secure.gravatar.com\\\/avatar\\\/aa9bf2bd97a7297274c53294f09e800c7ee0d88290f959d5d49f9380299b9ff1?s=96&d=mm&r=g\",\"caption\":\"WM81\"},\"sameAs\":[\"http:\\\/\\\/toutesnosenergies.fr\"],\"url\":\"https:\\\/\\\/toutesnosenergies.fr\\\/index.php\\\/author\\\/wm81\\\/\"}]}<\/script>\n<!-- \/ Yoast SEO plugin. -->","yoast_head_json":{"title":"Les Corbi\u00e8res Vivantes ! 28 juillet ! - Toutes Nos \u00c9nergies \u2013 Occitanie Environnement","robots":{"index":"index","follow":"follow","max-snippet":"max-snippet:-1","max-image-preview":"max-image-preview:large","max-video-preview":"max-video-preview:-1"},"canonical":"https:\/\/toutesnosenergies.fr\/index.php\/2019\/07\/02\/les-corbieres-vivantes-28-juillet\/","og_locale":"fr_FR","og_type":"article","og_title":"Les Corbi\u00e8res Vivantes ! 28 juillet ! - Toutes Nos \u00c9nergies \u2013 Occitanie Environnement","og_description":"\u00ab\u00a0Comme chaque ann\u00e9e le collectif citoyen pour des Corbi\u00e8res vivantes organise une journ\u00e9e pour r\u00e9fl\u00e9chir sur les ENR\u00ab\u00a0Le Vent Tourne\u00a0\u00bb&nbsp; aura lieu dimanche 28 juillet \u00e0 Villerouge Termen\u00e8s dans l\u2019Aude. CCCV est une association spontan\u00e9ment cr\u00e9\u00e9e pour combattre le gros projet de parc \u00e9olien (encore \u00e0 l&rsquo;\u00e9tude), avec transformateur, des Hautes Corbi\u00e8res.Pourtant elle n&rsquo;a pas ... Lire plus","og_url":"https:\/\/toutesnosenergies.fr\/index.php\/2019\/07\/02\/les-corbieres-vivantes-28-juillet\/","og_site_name":"Toutes Nos \u00c9nergies \u2013 Occitanie Environnement","article_publisher":"https:\/\/www.facebook.com\/TNEtoutesnosenergiesOccitanieEnvironnement","article_published_time":"2019-07-02T13:22:58+00:00","article_modified_time":"2019-07-02T13:25:05+00:00","og_image":[{"url":"https:\/\/toutesnosenergies.fr\/wp-content\/uploads\/2019\/07\/00A055AA-F36B-4741-88C4-4DB432740DA7-732x1024.jpeg","type":"","width":"","height":""}],"author":"WM81","twitter_card":"summary_large_image","twitter_misc":{"\u00c9crit par":"WM81","Dur\u00e9e de lecture estim\u00e9e":"1 minute"},"schema":{"@context":"https:\/\/schema.org","@graph":[{"@type":"Article","@id":"https:\/\/toutesnosenergies.fr\/index.php\/2019\/07\/02\/les-corbieres-vivantes-28-juillet\/#article","isPartOf":{"@id":"https:\/\/toutesnosenergies.fr\/index.php\/2019\/07\/02\/les-corbieres-vivantes-28-juillet\/"},"author":{"name":"WM81","@id":"https:\/\/toutesnosenergies.fr\/#\/schema\/person\/83b429b7810ce59e0a21afb7e0b3cb1c"},"headline":"Les Corbi\u00e8res Vivantes ! 28 juillet !","datePublished":"2019-07-02T13:22:58+00:00","dateModified":"2019-07-02T13:25:05+00:00","mainEntityOfPage":{"@id":"https:\/\/toutesnosenergies.fr\/index.php\/2019\/07\/02\/les-corbieres-vivantes-28-juillet\/"},"wordCount":151,"commentCount":0,"publisher":{"@id":"https:\/\/toutesnosenergies.fr\/#organization"},"image":{"@id":"https:\/\/toutesnosenergies.fr\/index.php\/2019\/07\/02\/les-corbieres-vivantes-28-juillet\/#primaryimage"},"thumbnailUrl":"https:\/\/toutesnosenergies.fr\/wp-content\/uploads\/2019\/07\/00A055AA-F36B-4741-88C4-4DB432740DA7-732x1024.jpeg","articleSection":["Communiqu\u00e9s des associations"],"inLanguage":"fr-FR","potentialAction":[{"@type":"CommentAction","name":"Comment","target":["https:\/\/toutesnosenergies.fr\/index.php\/2019\/07\/02\/les-corbieres-vivantes-28-juillet\/#respond"]}]},{"@type":"WebPage","@id":"https:\/\/toutesnosenergies.fr\/index.php\/2019\/07\/02\/les-corbieres-vivantes-28-juillet\/","url":"https:\/\/toutesnosenergies.fr\/index.php\/2019\/07\/02\/les-corbieres-vivantes-28-juillet\/","name":"Les Corbi\u00e8res Vivantes ! 28 juillet ! - Toutes Nos \u00c9nergies \u2013 Occitanie Environnement","isPartOf":{"@id":"https:\/\/toutesnosenergies.fr\/#website"},"primaryImageOfPage":{"@id":"https:\/\/toutesnosenergies.fr\/index.php\/2019\/07\/02\/les-corbieres-vivantes-28-juillet\/#primaryimage"},"image":{"@id":"https:\/\/toutesnosenergies.fr\/index.php\/2019\/07\/02\/les-corbieres-vivantes-28-juillet\/#primaryimage"},"thumbnailUrl":"https:\/\/toutesnosenergies.fr\/wp-content\/uploads\/2019\/07\/00A055AA-F36B-4741-88C4-4DB432740DA7-732x1024.jpeg","datePublished":"2019-07-02T13:22:58+00:00","dateModified":"2019-07-02T13:25:05+00:00","breadcrumb":{"@id":"https:\/\/toutesnosenergies.fr\/index.php\/2019\/07\/02\/les-corbieres-vivantes-28-juillet\/#breadcrumb"},"inLanguage":"fr-FR","potentialAction":[{"@type":"ReadAction","target":["https:\/\/toutesnosenergies.fr\/index.php\/2019\/07\/02\/les-corbieres-vivantes-28-juillet\/"]}]},{"@type":"ImageObject","inLanguage":"fr-FR","@id":"https:\/\/toutesnosenergies.fr\/index.php\/2019\/07\/02\/les-corbieres-vivantes-28-juillet\/#primaryimage","url":"https:\/\/toutesnosenergies.fr\/wp-content\/uploads\/2019\/07\/00A055AA-F36B-4741-88C4-4DB432740DA7.jpeg","contentUrl":"https:\/\/toutesnosenergies.fr\/wp-content\/uploads\/2019\/07\/00A055AA-F36B-4741-88C4-4DB432740DA7.jpeg","width":1223,"height":1711},{"@type":"BreadcrumbList","@id":"https:\/\/toutesnosenergies.fr\/index.php\/2019\/07\/02\/les-corbieres-vivantes-28-juillet\/#breadcrumb","itemListElement":[{"@type":"ListItem","position":1,"name":"Accueil","item":"https:\/\/toutesnosenergies.fr\/"},{"@type":"ListItem","position":2,"name":"Les Corbi\u00e8res Vivantes ! 28 juillet !"}]},{"@type":"WebSite","@id":"https:\/\/toutesnosenergies.fr\/#website","url":"https:\/\/toutesnosenergies.fr\/","name":"Toutes Nos \u00c9nergies \u2013 Occitanie Environnement","description":"Pour une \u00e9nergie respectueuse du vivant et des territoires ruraux en Occitanie","publisher":{"@id":"https:\/\/toutesnosenergies.fr\/#organization"},"potentialAction":[{"@type":"SearchAction","target":{"@type":"EntryPoint","urlTemplate":"https:\/\/toutesnosenergies.fr\/?s={search_term_string}"},"query-input":{"@type":"PropertyValueSpecification","valueRequired":true,"valueName":"search_term_string"}}],"inLanguage":"fr-FR"},{"@type":"Organization","@id":"https:\/\/toutesnosenergies.fr\/#organization","name":"Toutes Nos \u00c9nergies \u2013 Occitanie Environnement","url":"https:\/\/toutesnosenergies.fr\/","logo":{"@type":"ImageObject","inLanguage":"fr-FR","@id":"https:\/\/toutesnosenergies.fr\/#\/schema\/logo\/image\/","url":"https:\/\/toutesnosenergies.fr\/wp-content\/uploads\/2023\/01\/Petit-logo.png","contentUrl":"https:\/\/toutesnosenergies.fr\/wp-content\/uploads\/2023\/01\/Petit-logo.png","width":360,"height":102,"caption":"Toutes Nos \u00c9nergies \u2013 Occitanie Environnement"},"image":{"@id":"https:\/\/toutesnosenergies.fr\/#\/schema\/logo\/image\/"},"sameAs":["https:\/\/www.facebook.com\/TNEtoutesnosenergiesOccitanieEnvironnement"]},{"@type":"Person","@id":"https:\/\/toutesnosenergies.fr\/#\/schema\/person\/83b429b7810ce59e0a21afb7e0b3cb1c","name":"WM81","image":{"@type":"ImageObject","inLanguage":"fr-FR","@id":"https:\/\/secure.gravatar.com\/avatar\/aa9bf2bd97a7297274c53294f09e800c7ee0d88290f959d5d49f9380299b9ff1?s=96&d=mm&r=g","url":"https:\/\/secure.gravatar.com\/avatar\/aa9bf2bd97a7297274c53294f09e800c7ee0d88290f959d5d49f9380299b9ff1?s=96&d=mm&r=g","contentUrl":"https:\/\/secure.gravatar.com\/avatar\/aa9bf2bd97a7297274c53294f09e800c7ee0d88290f959d5d49f9380299b9ff1?s=96&d=mm&r=g","caption":"WM81"},"sameAs":["http:\/\/toutesnosenergies.fr"],"url":"https:\/\/toutesnosenergies.fr\/index.php\/author\/wm81\/"}]}},"_links":{"self":[{"href":"https:\/\/toutesnosenergies.fr\/index.php\/wp-json\/wp\/v2\/posts\/2686","targetHints":{"allow":["GET"]}}],"collection":[{"href":"https:\/\/toutesnosenergies.fr\/index.php\/wp-json\/wp\/v2\/posts"}],"about":[{"href":"https:\/\/toutesnosenergies.fr\/index.php\/wp-json\/wp\/v2\/types\/post"}],"author":[{"embeddable":true,"href":"https:\/\/toutesnosenergies.fr\/index.php\/wp-json\/wp\/v2\/users\/3"}],"replies":[{"embeddable":true,"href":"https:\/\/toutesnosenergies.fr\/index.php\/wp-json\/wp\/v2\/comments?post=2686"}],"version-history":[{"count":2,"href":"https:\/\/toutesnosenergies.fr\/index.php\/wp-json\/wp\/v2\/posts\/2686\/revisions"}],"predecessor-version":[{"id":2688,"href":"https:\/\/toutesnosenergies.fr\/index.php\/wp-json\/wp\/v2\/posts\/2686\/revisions\/2688"}],"wp:attachment":[{"href":"https:\/\/toutesnosenergies.fr\/index.php\/wp-json\/wp\/v2\/media?parent=2686"}],"wp:term":[{"taxonomy":"category","embeddable":true,"href":"https:\/\/toutesnosenergies.fr\/index.php\/wp-json\/wp\/v2\/categories?post=2686"},{"taxonomy":"post_tag","embeddable":true,"href":"https:\/\/toutesnosenergies.fr\/index.php\/wp-json\/wp\/v2\/tags?post=2686"}],"curies":[{"name":"wp","href":"https:\/\/api.w.org\/{rel}","templated":true}]}}