{"id":2822,"date":"2019-08-30T15:23:32","date_gmt":"2019-08-30T13:23:32","guid":{"rendered":"https:\/\/toutesnosenergies.fr\/?p=2822"},"modified":"2019-08-30T21:19:09","modified_gmt":"2019-08-30T19:19:09","slug":"port-la-nouvelle-le-collectif-balance-ton-port-ecrit-a-carole-delga","status":"publish","type":"post","link":"https:\/\/toutesnosenergies.fr\/index.php\/2019\/08\/30\/port-la-nouvelle-le-collectif-balance-ton-port-ecrit-a-carole-delga\/","title":{"rendered":"Port-La Nouvelle : le collectif \u00ab\u00a0Balance Ton Port\u00a0\u00bb \u00e9crit \u00e0 Carole Delga."},"content":{"rendered":"\n<p>Le collectif \u00ab&nbsp;Balance Ton Port&nbsp;\u00bb nous a alert\u00e9 sur un projet d\u2019extension portuaire de Port La Nouvelle (Aude) qui comprendrait un quai d\u00e9di\u00e9 \u00e0 la construction d\u2019\u00e9oliennes marines off shore dans le cadre d\u2019une exp\u00e9rimentation de l\u2019\u00e9olien flottant.&nbsp;<\/p>\n\n\n\n<p>Leur lutte porte pas seulement sur cet aspect du projet mais sur la d\u00e9marche d\u2019ensemble. Ils d\u00e9non\u00e7ent le fait que le port pourrait \u00eatre adapt\u00e9 en vue de l\u2019accueil des \u00e9oliennes sans r\u00e9aliser l\u2019ensemble du projet. C\u2019est d\u2019ailleurs cette exp\u00e9rimentation qui a ressuscit\u00e9 et servi d\u2019alibi \u00e0 un projet vieux de pr\u00e8s d\u2019un demi-si\u00e8cle et qui a toujours capot\u00e9 faute de perspective \u00e9conomique. Il est \u00e9vident pour tous que ce ne sont pas les \u00e9oliennes qui assureront la rentabilit\u00e9 d\u2019un investissement public de plusieurs centaines (3, 4, 5, 6&nbsp;?) M\u20ac.<\/p>\n\n\n\n<div class=\"wp-block-image\"><figure class=\"alignleft is-resized\"><img loading=\"lazy\" decoding=\"async\" src=\"https:\/\/toutesnosenergies.fr\/wp-content\/uploads\/2019\/08\/image.jpg\" alt=\"\" class=\"wp-image-2832\" width=\"378\" height=\"213\" srcset=\"https:\/\/toutesnosenergies.fr\/wp-content\/uploads\/2019\/08\/image.jpg 885w, https:\/\/toutesnosenergies.fr\/wp-content\/uploads\/2019\/08\/image-300x169.jpg 300w, https:\/\/toutesnosenergies.fr\/wp-content\/uploads\/2019\/08\/image-768x434.jpg 768w\" sizes=\"auto, (max-width: 378px) 100vw, 378px\" \/><\/figure><\/div>\n\n\n\n<p>Au nombre des d\u00e9fauts du projet, on peut compter p\u00eale-m\u00eale&nbsp;: la destruction de fonds marins, l\u2019\u00e9rosion c\u00f4ti\u00e8re, l\u2019atteinte \u00e0 la biodiversit\u00e9 des lagunes, l\u2019impact sur les finances publiques, les contradictions sur la transition \u00e9nerg\u00e9tique, les contradictions sur le d\u00e9veloppement agricole et la souverainet\u00e9 alimentaire, les atteintes \u00e0 la qualit\u00e9 de l\u2019air, le manque de d\u00e9mocratie, etc.&nbsp;<\/p>\n\n\n\n<p><a href=\"https:\/\/toutesnosenergies.fr\/wp-content\/uploads\/2019\/08\/lettre-ouverte-V-5.5-1.pdf\">Une lettre ouverte \u00e0 Carole Delga<\/a>, portant sur ces aspects est en cours de signature. Nous demandons un moratoire sur les travaux (ils devraient commencer en fin d\u2019ann\u00e9e)&nbsp; pour&nbsp;<em>\u00ab&nbsp;pouvoir d\u00e9finir un projet alternatif pour le port, au regard des exigences \u00e9cologiques, sociales et \u00e9conomiques de notre \u00e9poque.&nbsp;\u00bb&nbsp;<\/em><\/p>\n\n\n\n<p>Le collectif TNE-Occitanie partage les pr\u00e9occupations de ce collectif. Si notre expertise citoyenne porte essentiellement sur l\u2019\u00e9olien terrestre, nous ne pouvons ignorer les impacts \u2013 sur terre \u2013 de l\u2019implantation de l\u2019\u00e9olien flottant. Nous nous proposons de rencontrer rapidement les animateurs de Balance Ton Port..<\/p>\n\n\n\n<p>Pour tout renseignement compl\u00e9mentaire (et pour signer la lettre ouverte)&nbsp;: contacter Albert Cormary (<a>af.cormary@wanadoo.fr<\/a>)&nbsp;<\/p>\n","protected":false},"excerpt":{"rendered":"<p>Le collectif \u00ab&nbsp;Balance Ton Port&nbsp;\u00bb nous a alert\u00e9 sur un projet d\u2019extension portuaire de Port La Nouvelle (Aude) qui comprendrait un quai d\u00e9di\u00e9 \u00e0 la construction d\u2019\u00e9oliennes marines off shore dans le cadre d\u2019une exp\u00e9rimentation de l\u2019\u00e9olien flottant.&nbsp; Leur lutte porte pas seulement sur cet aspect du projet mais sur la d\u00e9marche d\u2019ensemble. Ils d\u00e9non\u00e7ent &#8230; <a title=\"Port-La Nouvelle : le collectif \u00ab\u00a0Balance Ton Port\u00a0\u00bb \u00e9crit \u00e0 Carole Delga.\" class=\"read-more\" href=\"https:\/\/toutesnosenergies.fr\/index.php\/2019\/08\/30\/port-la-nouvelle-le-collectif-balance-ton-port-ecrit-a-carole-delga\/\" aria-label=\"Plus sur Port-La Nouvelle : le collectif \u00ab\u00a0Balance Ton Port\u00a0\u00bb \u00e9crit \u00e0 Carole Delga.\">Lire plus<\/a><\/p>\n","protected":false},"author":3,"featured_media":0,"comment_status":"open","ping_status":"open","sticky":false,"template":"","format":"standard","meta":{"_cbd_carousel_blocks":"[]","sfsi_plus_gutenberg_text_before_share":"","sfsi_plus_gutenberg_show_text_before_share":"","sfsi_plus_gutenberg_icon_type":"","sfsi_plus_gutenberg_icon_alignemt":"","sfsi_plus_gutenburg_max_per_row":"","footnotes":""},"categories":[7],"tags":[],"class_list":["post-2822","post","type-post","status-publish","format-standard","hentry","category-communiques-collectif-tne-oe"],"yoast_head":"<!-- This site is optimized with the Yoast SEO plugin v27.5 - https:\/\/yoast.com\/product\/yoast-seo-wordpress\/ -->\n<title>Port-La Nouvelle : le collectif &quot;Balance Ton Port&quot; \u00e9crit \u00e0 Carole Delga. - Toutes Nos \u00c9nergies \u2013 Occitanie Environnement<\/title>\n<meta name=\"robots\" content=\"index, follow, max-snippet:-1, max-image-preview:large, max-video-preview:-1\" \/>\n<link rel=\"canonical\" href=\"https:\/\/toutesnosenergies.fr\/index.php\/2019\/08\/30\/port-la-nouvelle-le-collectif-balance-ton-port-ecrit-a-carole-delga\/\" \/>\n<meta property=\"og:locale\" content=\"fr_FR\" \/>\n<meta property=\"og:type\" content=\"article\" \/>\n<meta property=\"og:title\" content=\"Port-La Nouvelle : le collectif &quot;Balance Ton Port&quot; \u00e9crit \u00e0 Carole Delga. - Toutes Nos \u00c9nergies \u2013 Occitanie Environnement\" \/>\n<meta property=\"og:description\" content=\"Le collectif \u00ab&nbsp;Balance Ton Port&nbsp;\u00bb nous a alert\u00e9 sur un projet d\u2019extension portuaire de Port La Nouvelle (Aude) qui comprendrait un quai d\u00e9di\u00e9 \u00e0 la construction d\u2019\u00e9oliennes marines off shore dans le cadre d\u2019une exp\u00e9rimentation de l\u2019\u00e9olien flottant.&nbsp; Leur lutte porte pas seulement sur cet aspect du projet mais sur la d\u00e9marche d\u2019ensemble. Ils d\u00e9non\u00e7ent ... Lire plus\" \/>\n<meta property=\"og:url\" content=\"https:\/\/toutesnosenergies.fr\/index.php\/2019\/08\/30\/port-la-nouvelle-le-collectif-balance-ton-port-ecrit-a-carole-delga\/\" \/>\n<meta property=\"og:site_name\" content=\"Toutes Nos \u00c9nergies \u2013 Occitanie Environnement\" \/>\n<meta property=\"article:publisher\" content=\"https:\/\/www.facebook.com\/TNEtoutesnosenergiesOccitanieEnvironnement\" \/>\n<meta property=\"article:published_time\" content=\"2019-08-30T13:23:32+00:00\" \/>\n<meta property=\"article:modified_time\" content=\"2019-08-30T19:19:09+00:00\" \/>\n<meta property=\"og:image\" content=\"https:\/\/toutesnosenergies.fr\/wp-content\/uploads\/2019\/08\/image.jpg\" \/>\n<meta name=\"author\" content=\"WM81\" \/>\n<meta name=\"twitter:card\" content=\"summary_large_image\" \/>\n<meta name=\"twitter:label1\" content=\"\u00c9crit par\" \/>\n\t<meta name=\"twitter:data1\" content=\"WM81\" \/>\n\t<meta name=\"twitter:label2\" content=\"Dur\u00e9e de lecture estim\u00e9e\" \/>\n\t<meta name=\"twitter:data2\" content=\"2 minutes\" \/>\n<script type=\"application\/ld+json\" class=\"yoast-schema-graph\">{\"@context\":\"https:\\\/\\\/schema.org\",\"@graph\":[{\"@type\":\"Article\",\"@id\":\"https:\\\/\\\/toutesnosenergies.fr\\\/index.php\\\/2019\\\/08\\\/30\\\/port-la-nouvelle-le-collectif-balance-ton-port-ecrit-a-carole-delga\\\/#article\",\"isPartOf\":{\"@id\":\"https:\\\/\\\/toutesnosenergies.fr\\\/index.php\\\/2019\\\/08\\\/30\\\/port-la-nouvelle-le-collectif-balance-ton-port-ecrit-a-carole-delga\\\/\"},\"author\":{\"name\":\"WM81\",\"@id\":\"https:\\\/\\\/toutesnosenergies.fr\\\/#\\\/schema\\\/person\\\/83b429b7810ce59e0a21afb7e0b3cb1c\"},\"headline\":\"Port-La Nouvelle : le collectif \u00ab\u00a0Balance Ton Port\u00a0\u00bb \u00e9crit \u00e0 Carole Delga.\",\"datePublished\":\"2019-08-30T13:23:32+00:00\",\"dateModified\":\"2019-08-30T19:19:09+00:00\",\"mainEntityOfPage\":{\"@id\":\"https:\\\/\\\/toutesnosenergies.fr\\\/index.php\\\/2019\\\/08\\\/30\\\/port-la-nouvelle-le-collectif-balance-ton-port-ecrit-a-carole-delga\\\/\"},\"wordCount\":347,\"commentCount\":0,\"publisher\":{\"@id\":\"https:\\\/\\\/toutesnosenergies.fr\\\/#organization\"},\"image\":{\"@id\":\"https:\\\/\\\/toutesnosenergies.fr\\\/index.php\\\/2019\\\/08\\\/30\\\/port-la-nouvelle-le-collectif-balance-ton-port-ecrit-a-carole-delga\\\/#primaryimage\"},\"thumbnailUrl\":\"https:\\\/\\\/toutesnosenergies.fr\\\/wp-content\\\/uploads\\\/2019\\\/08\\\/image.jpg\",\"articleSection\":[\"Communiqu\u00e9s de TNE-OE\"],\"inLanguage\":\"fr-FR\",\"potentialAction\":[{\"@type\":\"CommentAction\",\"name\":\"Comment\",\"target\":[\"https:\\\/\\\/toutesnosenergies.fr\\\/index.php\\\/2019\\\/08\\\/30\\\/port-la-nouvelle-le-collectif-balance-ton-port-ecrit-a-carole-delga\\\/#respond\"]}]},{\"@type\":\"WebPage\",\"@id\":\"https:\\\/\\\/toutesnosenergies.fr\\\/index.php\\\/2019\\\/08\\\/30\\\/port-la-nouvelle-le-collectif-balance-ton-port-ecrit-a-carole-delga\\\/\",\"url\":\"https:\\\/\\\/toutesnosenergies.fr\\\/index.php\\\/2019\\\/08\\\/30\\\/port-la-nouvelle-le-collectif-balance-ton-port-ecrit-a-carole-delga\\\/\",\"name\":\"Port-La Nouvelle : le collectif \\\"Balance Ton Port\\\" \u00e9crit \u00e0 Carole Delga. - Toutes Nos \u00c9nergies \u2013 Occitanie Environnement\",\"isPartOf\":{\"@id\":\"https:\\\/\\\/toutesnosenergies.fr\\\/#website\"},\"primaryImageOfPage\":{\"@id\":\"https:\\\/\\\/toutesnosenergies.fr\\\/index.php\\\/2019\\\/08\\\/30\\\/port-la-nouvelle-le-collectif-balance-ton-port-ecrit-a-carole-delga\\\/#primaryimage\"},\"image\":{\"@id\":\"https:\\\/\\\/toutesnosenergies.fr\\\/index.php\\\/2019\\\/08\\\/30\\\/port-la-nouvelle-le-collectif-balance-ton-port-ecrit-a-carole-delga\\\/#primaryimage\"},\"thumbnailUrl\":\"https:\\\/\\\/toutesnosenergies.fr\\\/wp-content\\\/uploads\\\/2019\\\/08\\\/image.jpg\",\"datePublished\":\"2019-08-30T13:23:32+00:00\",\"dateModified\":\"2019-08-30T19:19:09+00:00\",\"breadcrumb\":{\"@id\":\"https:\\\/\\\/toutesnosenergies.fr\\\/index.php\\\/2019\\\/08\\\/30\\\/port-la-nouvelle-le-collectif-balance-ton-port-ecrit-a-carole-delga\\\/#breadcrumb\"},\"inLanguage\":\"fr-FR\",\"potentialAction\":[{\"@type\":\"ReadAction\",\"target\":[\"https:\\\/\\\/toutesnosenergies.fr\\\/index.php\\\/2019\\\/08\\\/30\\\/port-la-nouvelle-le-collectif-balance-ton-port-ecrit-a-carole-delga\\\/\"]}]},{\"@type\":\"ImageObject\",\"inLanguage\":\"fr-FR\",\"@id\":\"https:\\\/\\\/toutesnosenergies.fr\\\/index.php\\\/2019\\\/08\\\/30\\\/port-la-nouvelle-le-collectif-balance-ton-port-ecrit-a-carole-delga\\\/#primaryimage\",\"url\":\"https:\\\/\\\/toutesnosenergies.fr\\\/wp-content\\\/uploads\\\/2019\\\/08\\\/image.jpg\",\"contentUrl\":\"https:\\\/\\\/toutesnosenergies.fr\\\/wp-content\\\/uploads\\\/2019\\\/08\\\/image.jpg\",\"width\":885,\"height\":500},{\"@type\":\"BreadcrumbList\",\"@id\":\"https:\\\/\\\/toutesnosenergies.fr\\\/index.php\\\/2019\\\/08\\\/30\\\/port-la-nouvelle-le-collectif-balance-ton-port-ecrit-a-carole-delga\\\/#breadcrumb\",\"itemListElement\":[{\"@type\":\"ListItem\",\"position\":1,\"name\":\"Accueil\",\"item\":\"https:\\\/\\\/toutesnosenergies.fr\\\/\"},{\"@type\":\"ListItem\",\"position\":2,\"name\":\"Port-La Nouvelle : le collectif &#8220;Balance Ton Port&#8221; \u00e9crit \u00e0 Carole Delga.\"}]},{\"@type\":\"WebSite\",\"@id\":\"https:\\\/\\\/toutesnosenergies.fr\\\/#website\",\"url\":\"https:\\\/\\\/toutesnosenergies.fr\\\/\",\"name\":\"Toutes Nos \u00c9nergies \u2013 Occitanie Environnement\",\"description\":\"Pour une \u00e9nergie respectueuse du vivant et des territoires ruraux en Occitanie\",\"publisher\":{\"@id\":\"https:\\\/\\\/toutesnosenergies.fr\\\/#organization\"},\"potentialAction\":[{\"@type\":\"SearchAction\",\"target\":{\"@type\":\"EntryPoint\",\"urlTemplate\":\"https:\\\/\\\/toutesnosenergies.fr\\\/?s={search_term_string}\"},\"query-input\":{\"@type\":\"PropertyValueSpecification\",\"valueRequired\":true,\"valueName\":\"search_term_string\"}}],\"inLanguage\":\"fr-FR\"},{\"@type\":\"Organization\",\"@id\":\"https:\\\/\\\/toutesnosenergies.fr\\\/#organization\",\"name\":\"Toutes Nos \u00c9nergies \u2013 Occitanie Environnement\",\"url\":\"https:\\\/\\\/toutesnosenergies.fr\\\/\",\"logo\":{\"@type\":\"ImageObject\",\"inLanguage\":\"fr-FR\",\"@id\":\"https:\\\/\\\/toutesnosenergies.fr\\\/#\\\/schema\\\/logo\\\/image\\\/\",\"url\":\"https:\\\/\\\/toutesnosenergies.fr\\\/wp-content\\\/uploads\\\/2023\\\/01\\\/Petit-logo.png\",\"contentUrl\":\"https:\\\/\\\/toutesnosenergies.fr\\\/wp-content\\\/uploads\\\/2023\\\/01\\\/Petit-logo.png\",\"width\":360,\"height\":102,\"caption\":\"Toutes Nos \u00c9nergies \u2013 Occitanie Environnement\"},\"image\":{\"@id\":\"https:\\\/\\\/toutesnosenergies.fr\\\/#\\\/schema\\\/logo\\\/image\\\/\"},\"sameAs\":[\"https:\\\/\\\/www.facebook.com\\\/TNEtoutesnosenergiesOccitanieEnvironnement\"]},{\"@type\":\"Person\",\"@id\":\"https:\\\/\\\/toutesnosenergies.fr\\\/#\\\/schema\\\/person\\\/83b429b7810ce59e0a21afb7e0b3cb1c\",\"name\":\"WM81\",\"image\":{\"@type\":\"ImageObject\",\"inLanguage\":\"fr-FR\",\"@id\":\"https:\\\/\\\/secure.gravatar.com\\\/avatar\\\/aa9bf2bd97a7297274c53294f09e800c7ee0d88290f959d5d49f9380299b9ff1?s=96&d=mm&r=g\",\"url\":\"https:\\\/\\\/secure.gravatar.com\\\/avatar\\\/aa9bf2bd97a7297274c53294f09e800c7ee0d88290f959d5d49f9380299b9ff1?s=96&d=mm&r=g\",\"contentUrl\":\"https:\\\/\\\/secure.gravatar.com\\\/avatar\\\/aa9bf2bd97a7297274c53294f09e800c7ee0d88290f959d5d49f9380299b9ff1?s=96&d=mm&r=g\",\"caption\":\"WM81\"},\"sameAs\":[\"http:\\\/\\\/toutesnosenergies.fr\"],\"url\":\"https:\\\/\\\/toutesnosenergies.fr\\\/index.php\\\/author\\\/wm81\\\/\"}]}<\/script>\n<!-- \/ Yoast SEO plugin. -->","yoast_head_json":{"title":"Port-La Nouvelle : le collectif \"Balance Ton Port\" \u00e9crit \u00e0 Carole Delga. - Toutes Nos \u00c9nergies \u2013 Occitanie Environnement","robots":{"index":"index","follow":"follow","max-snippet":"max-snippet:-1","max-image-preview":"max-image-preview:large","max-video-preview":"max-video-preview:-1"},"canonical":"https:\/\/toutesnosenergies.fr\/index.php\/2019\/08\/30\/port-la-nouvelle-le-collectif-balance-ton-port-ecrit-a-carole-delga\/","og_locale":"fr_FR","og_type":"article","og_title":"Port-La Nouvelle : le collectif \"Balance Ton Port\" \u00e9crit \u00e0 Carole Delga. - Toutes Nos \u00c9nergies \u2013 Occitanie Environnement","og_description":"Le collectif \u00ab&nbsp;Balance Ton Port&nbsp;\u00bb nous a alert\u00e9 sur un projet d\u2019extension portuaire de Port La Nouvelle (Aude) qui comprendrait un quai d\u00e9di\u00e9 \u00e0 la construction d\u2019\u00e9oliennes marines off shore dans le cadre d\u2019une exp\u00e9rimentation de l\u2019\u00e9olien flottant.&nbsp; Leur lutte porte pas seulement sur cet aspect du projet mais sur la d\u00e9marche d\u2019ensemble. Ils d\u00e9non\u00e7ent ... Lire plus","og_url":"https:\/\/toutesnosenergies.fr\/index.php\/2019\/08\/30\/port-la-nouvelle-le-collectif-balance-ton-port-ecrit-a-carole-delga\/","og_site_name":"Toutes Nos \u00c9nergies \u2013 Occitanie Environnement","article_publisher":"https:\/\/www.facebook.com\/TNEtoutesnosenergiesOccitanieEnvironnement","article_published_time":"2019-08-30T13:23:32+00:00","article_modified_time":"2019-08-30T19:19:09+00:00","og_image":[{"url":"https:\/\/toutesnosenergies.fr\/wp-content\/uploads\/2019\/08\/image.jpg","type":"","width":"","height":""}],"author":"WM81","twitter_card":"summary_large_image","twitter_misc":{"\u00c9crit par":"WM81","Dur\u00e9e de lecture estim\u00e9e":"2 minutes"},"schema":{"@context":"https:\/\/schema.org","@graph":[{"@type":"Article","@id":"https:\/\/toutesnosenergies.fr\/index.php\/2019\/08\/30\/port-la-nouvelle-le-collectif-balance-ton-port-ecrit-a-carole-delga\/#article","isPartOf":{"@id":"https:\/\/toutesnosenergies.fr\/index.php\/2019\/08\/30\/port-la-nouvelle-le-collectif-balance-ton-port-ecrit-a-carole-delga\/"},"author":{"name":"WM81","@id":"https:\/\/toutesnosenergies.fr\/#\/schema\/person\/83b429b7810ce59e0a21afb7e0b3cb1c"},"headline":"Port-La Nouvelle : le collectif \u00ab\u00a0Balance Ton Port\u00a0\u00bb \u00e9crit \u00e0 Carole Delga.","datePublished":"2019-08-30T13:23:32+00:00","dateModified":"2019-08-30T19:19:09+00:00","mainEntityOfPage":{"@id":"https:\/\/toutesnosenergies.fr\/index.php\/2019\/08\/30\/port-la-nouvelle-le-collectif-balance-ton-port-ecrit-a-carole-delga\/"},"wordCount":347,"commentCount":0,"publisher":{"@id":"https:\/\/toutesnosenergies.fr\/#organization"},"image":{"@id":"https:\/\/toutesnosenergies.fr\/index.php\/2019\/08\/30\/port-la-nouvelle-le-collectif-balance-ton-port-ecrit-a-carole-delga\/#primaryimage"},"thumbnailUrl":"https:\/\/toutesnosenergies.fr\/wp-content\/uploads\/2019\/08\/image.jpg","articleSection":["Communiqu\u00e9s de TNE-OE"],"inLanguage":"fr-FR","potentialAction":[{"@type":"CommentAction","name":"Comment","target":["https:\/\/toutesnosenergies.fr\/index.php\/2019\/08\/30\/port-la-nouvelle-le-collectif-balance-ton-port-ecrit-a-carole-delga\/#respond"]}]},{"@type":"WebPage","@id":"https:\/\/toutesnosenergies.fr\/index.php\/2019\/08\/30\/port-la-nouvelle-le-collectif-balance-ton-port-ecrit-a-carole-delga\/","url":"https:\/\/toutesnosenergies.fr\/index.php\/2019\/08\/30\/port-la-nouvelle-le-collectif-balance-ton-port-ecrit-a-carole-delga\/","name":"Port-La Nouvelle : le collectif \"Balance Ton Port\" \u00e9crit \u00e0 Carole Delga. - Toutes Nos \u00c9nergies \u2013 Occitanie Environnement","isPartOf":{"@id":"https:\/\/toutesnosenergies.fr\/#website"},"primaryImageOfPage":{"@id":"https:\/\/toutesnosenergies.fr\/index.php\/2019\/08\/30\/port-la-nouvelle-le-collectif-balance-ton-port-ecrit-a-carole-delga\/#primaryimage"},"image":{"@id":"https:\/\/toutesnosenergies.fr\/index.php\/2019\/08\/30\/port-la-nouvelle-le-collectif-balance-ton-port-ecrit-a-carole-delga\/#primaryimage"},"thumbnailUrl":"https:\/\/toutesnosenergies.fr\/wp-content\/uploads\/2019\/08\/image.jpg","datePublished":"2019-08-30T13:23:32+00:00","dateModified":"2019-08-30T19:19:09+00:00","breadcrumb":{"@id":"https:\/\/toutesnosenergies.fr\/index.php\/2019\/08\/30\/port-la-nouvelle-le-collectif-balance-ton-port-ecrit-a-carole-delga\/#breadcrumb"},"inLanguage":"fr-FR","potentialAction":[{"@type":"ReadAction","target":["https:\/\/toutesnosenergies.fr\/index.php\/2019\/08\/30\/port-la-nouvelle-le-collectif-balance-ton-port-ecrit-a-carole-delga\/"]}]},{"@type":"ImageObject","inLanguage":"fr-FR","@id":"https:\/\/toutesnosenergies.fr\/index.php\/2019\/08\/30\/port-la-nouvelle-le-collectif-balance-ton-port-ecrit-a-carole-delga\/#primaryimage","url":"https:\/\/toutesnosenergies.fr\/wp-content\/uploads\/2019\/08\/image.jpg","contentUrl":"https:\/\/toutesnosenergies.fr\/wp-content\/uploads\/2019\/08\/image.jpg","width":885,"height":500},{"@type":"BreadcrumbList","@id":"https:\/\/toutesnosenergies.fr\/index.php\/2019\/08\/30\/port-la-nouvelle-le-collectif-balance-ton-port-ecrit-a-carole-delga\/#breadcrumb","itemListElement":[{"@type":"ListItem","position":1,"name":"Accueil","item":"https:\/\/toutesnosenergies.fr\/"},{"@type":"ListItem","position":2,"name":"Port-La Nouvelle : le collectif &#8220;Balance Ton Port&#8221; \u00e9crit \u00e0 Carole Delga."}]},{"@type":"WebSite","@id":"https:\/\/toutesnosenergies.fr\/#website","url":"https:\/\/toutesnosenergies.fr\/","name":"Toutes Nos \u00c9nergies \u2013 Occitanie Environnement","description":"Pour une \u00e9nergie respectueuse du vivant et des territoires ruraux en Occitanie","publisher":{"@id":"https:\/\/toutesnosenergies.fr\/#organization"},"potentialAction":[{"@type":"SearchAction","target":{"@type":"EntryPoint","urlTemplate":"https:\/\/toutesnosenergies.fr\/?s={search_term_string}"},"query-input":{"@type":"PropertyValueSpecification","valueRequired":true,"valueName":"search_term_string"}}],"inLanguage":"fr-FR"},{"@type":"Organization","@id":"https:\/\/toutesnosenergies.fr\/#organization","name":"Toutes Nos \u00c9nergies \u2013 Occitanie Environnement","url":"https:\/\/toutesnosenergies.fr\/","logo":{"@type":"ImageObject","inLanguage":"fr-FR","@id":"https:\/\/toutesnosenergies.fr\/#\/schema\/logo\/image\/","url":"https:\/\/toutesnosenergies.fr\/wp-content\/uploads\/2023\/01\/Petit-logo.png","contentUrl":"https:\/\/toutesnosenergies.fr\/wp-content\/uploads\/2023\/01\/Petit-logo.png","width":360,"height":102,"caption":"Toutes Nos \u00c9nergies \u2013 Occitanie Environnement"},"image":{"@id":"https:\/\/toutesnosenergies.fr\/#\/schema\/logo\/image\/"},"sameAs":["https:\/\/www.facebook.com\/TNEtoutesnosenergiesOccitanieEnvironnement"]},{"@type":"Person","@id":"https:\/\/toutesnosenergies.fr\/#\/schema\/person\/83b429b7810ce59e0a21afb7e0b3cb1c","name":"WM81","image":{"@type":"ImageObject","inLanguage":"fr-FR","@id":"https:\/\/secure.gravatar.com\/avatar\/aa9bf2bd97a7297274c53294f09e800c7ee0d88290f959d5d49f9380299b9ff1?s=96&d=mm&r=g","url":"https:\/\/secure.gravatar.com\/avatar\/aa9bf2bd97a7297274c53294f09e800c7ee0d88290f959d5d49f9380299b9ff1?s=96&d=mm&r=g","contentUrl":"https:\/\/secure.gravatar.com\/avatar\/aa9bf2bd97a7297274c53294f09e800c7ee0d88290f959d5d49f9380299b9ff1?s=96&d=mm&r=g","caption":"WM81"},"sameAs":["http:\/\/toutesnosenergies.fr"],"url":"https:\/\/toutesnosenergies.fr\/index.php\/author\/wm81\/"}]}},"_links":{"self":[{"href":"https:\/\/toutesnosenergies.fr\/index.php\/wp-json\/wp\/v2\/posts\/2822","targetHints":{"allow":["GET"]}}],"collection":[{"href":"https:\/\/toutesnosenergies.fr\/index.php\/wp-json\/wp\/v2\/posts"}],"about":[{"href":"https:\/\/toutesnosenergies.fr\/index.php\/wp-json\/wp\/v2\/types\/post"}],"author":[{"embeddable":true,"href":"https:\/\/toutesnosenergies.fr\/index.php\/wp-json\/wp\/v2\/users\/3"}],"replies":[{"embeddable":true,"href":"https:\/\/toutesnosenergies.fr\/index.php\/wp-json\/wp\/v2\/comments?post=2822"}],"version-history":[{"count":3,"href":"https:\/\/toutesnosenergies.fr\/index.php\/wp-json\/wp\/v2\/posts\/2822\/revisions"}],"predecessor-version":[{"id":2833,"href":"https:\/\/toutesnosenergies.fr\/index.php\/wp-json\/wp\/v2\/posts\/2822\/revisions\/2833"}],"wp:attachment":[{"href":"https:\/\/toutesnosenergies.fr\/index.php\/wp-json\/wp\/v2\/media?parent=2822"}],"wp:term":[{"taxonomy":"category","embeddable":true,"href":"https:\/\/toutesnosenergies.fr\/index.php\/wp-json\/wp\/v2\/categories?post=2822"},{"taxonomy":"post_tag","embeddable":true,"href":"https:\/\/toutesnosenergies.fr\/index.php\/wp-json\/wp\/v2\/tags?post=2822"}],"curies":[{"name":"wp","href":"https:\/\/api.w.org\/{rel}","templated":true}]}}