{"id":2834,"date":"2019-08-30T23:15:56","date_gmt":"2019-08-30T21:15:56","guid":{"rendered":"https:\/\/toutesnosenergies.fr\/?p=2834"},"modified":"2019-08-30T23:16:18","modified_gmt":"2019-08-30T21:16:18","slug":"le-24-aout-une-manifestation-reussie-en-nouvelle-aquitaine","status":"publish","type":"post","link":"https:\/\/toutesnosenergies.fr\/index.php\/2019\/08\/30\/le-24-aout-une-manifestation-reussie-en-nouvelle-aquitaine\/","title":{"rendered":"Le 24 ao\u00fbt, une manifestation r\u00e9ussie en Nouvelle Aquitaine"},"content":{"rendered":"\n<p>Le samedi 24 ao\u00fbt, \u00e0 Saint-Aulaye (Dordogne), pr\u00e8s de 500 personnes dont de nombreux \u00e9lus, ont r\u00e9pondu \u00e0 l\u2019appel de l\u2019Asso 3D (D\u00e9fense du val de Dronne et de la Double) et ont manifest\u00e9 contre les \u00e9oliennes en g\u00e9n\u00e9ral et plus particuli\u00e8rement le projet d\u2019implantation de cinq a\u00e9rog\u00e9n\u00e9rateurs sur les communes de Saint-Aulaye-Puymangou et Parcoul-Chenaud. <a href=\"https:\/\/www.sudouest.fr\/2019\/08\/24\/videos-dordogne-500-anti-eoliennes-rassembles-le-depute-chahute-6478974-2024.php \">Voir l&rsquo;article de Sud Ouest<\/a>.<\/p>\n\n\n\n<div class=\"wp-block-image\"><figure class=\"alignright is-resized\"><img loading=\"lazy\" decoding=\"async\" src=\"https:\/\/toutesnosenergies.fr\/wp-content\/uploads\/2019\/08\/DJI_0263-1024x768.jpeg\" alt=\"\" class=\"wp-image-2835\" width=\"254\" height=\"191\" srcset=\"https:\/\/toutesnosenergies.fr\/wp-content\/uploads\/2019\/08\/DJI_0263-1024x768.jpeg 1024w, https:\/\/toutesnosenergies.fr\/wp-content\/uploads\/2019\/08\/DJI_0263-300x225.jpeg 300w, https:\/\/toutesnosenergies.fr\/wp-content\/uploads\/2019\/08\/DJI_0263-768x576.jpeg 768w, https:\/\/toutesnosenergies.fr\/wp-content\/uploads\/2019\/08\/DJI_0263.jpeg 1280w\" sizes=\"auto, (max-width: 254px) 100vw, 254px\" \/><figcaption>Calmes, mais d\u00e9termin\u00e9s&#8230;<\/figcaption><\/figure><\/div>\n\n\n\n<p>Venus de toute la Nouvelle-Aquitaine, les manifestants ont manifest\u00e9 leur m\u00e9contentement face aux projets qui se multiplient dans la r\u00e9gion parfois sans l\u2019assentiment des populations et des \u00e9lus locaux.<\/p>\n\n\n\n<p>Le collectif TNE Occitanie Environnement partage largement les pr\u00e9occupations exprim\u00e9es par les manifestants. Solidaires de leurs luttes, nous nous associons \u00e0 leurs revendications&nbsp;: la transition \u00e9nerg\u00e9tique ne peut se faire qu&rsquo;avec la participation directe et effective des citoyens.<\/p>\n","protected":false},"excerpt":{"rendered":"<p>Le samedi 24 ao\u00fbt, \u00e0 Saint-Aulaye (Dordogne), pr\u00e8s de 500 personnes dont de nombreux \u00e9lus, ont r\u00e9pondu \u00e0 l\u2019appel de l\u2019Asso 3D (D\u00e9fense du val de Dronne et de la Double) et ont manifest\u00e9 contre les \u00e9oliennes en g\u00e9n\u00e9ral et plus particuli\u00e8rement le projet d\u2019implantation de cinq a\u00e9rog\u00e9n\u00e9rateurs sur les communes de Saint-Aulaye-Puymangou et Parcoul-Chenaud. &#8230; <a title=\"Le 24 ao\u00fbt, une manifestation r\u00e9ussie en Nouvelle Aquitaine\" class=\"read-more\" href=\"https:\/\/toutesnosenergies.fr\/index.php\/2019\/08\/30\/le-24-aout-une-manifestation-reussie-en-nouvelle-aquitaine\/\" aria-label=\"Plus sur Le 24 ao\u00fbt, une manifestation r\u00e9ussie en Nouvelle Aquitaine\">Lire plus<\/a><\/p>\n","protected":false},"author":3,"featured_media":0,"comment_status":"open","ping_status":"open","sticky":false,"template":"","format":"standard","meta":{"_cbd_carousel_blocks":"[]","sfsi_plus_gutenberg_text_before_share":"","sfsi_plus_gutenberg_show_text_before_share":"","sfsi_plus_gutenberg_icon_type":"","sfsi_plus_gutenberg_icon_alignemt":"","sfsi_plus_gutenburg_max_per_row":"","footnotes":""},"categories":[1],"tags":[],"class_list":["post-2834","post","type-post","status-publish","format-standard","hentry","category-non-classe"],"yoast_head":"<!-- This site is optimized with the Yoast SEO plugin v27.5 - https:\/\/yoast.com\/product\/yoast-seo-wordpress\/ -->\n<title>Le 24 ao\u00fbt, une manifestation r\u00e9ussie en Nouvelle Aquitaine - Toutes Nos \u00c9nergies \u2013 Occitanie Environnement<\/title>\n<meta name=\"robots\" content=\"index, follow, max-snippet:-1, max-image-preview:large, max-video-preview:-1\" \/>\n<link rel=\"canonical\" href=\"https:\/\/toutesnosenergies.fr\/index.php\/2019\/08\/30\/le-24-aout-une-manifestation-reussie-en-nouvelle-aquitaine\/\" \/>\n<meta property=\"og:locale\" content=\"fr_FR\" \/>\n<meta property=\"og:type\" content=\"article\" \/>\n<meta property=\"og:title\" content=\"Le 24 ao\u00fbt, une manifestation r\u00e9ussie en Nouvelle Aquitaine - Toutes Nos \u00c9nergies \u2013 Occitanie Environnement\" \/>\n<meta property=\"og:description\" content=\"Le samedi 24 ao\u00fbt, \u00e0 Saint-Aulaye (Dordogne), pr\u00e8s de 500 personnes dont de nombreux \u00e9lus, ont r\u00e9pondu \u00e0 l\u2019appel de l\u2019Asso 3D (D\u00e9fense du val de Dronne et de la Double) et ont manifest\u00e9 contre les \u00e9oliennes en g\u00e9n\u00e9ral et plus particuli\u00e8rement le projet d\u2019implantation de cinq a\u00e9rog\u00e9n\u00e9rateurs sur les communes de Saint-Aulaye-Puymangou et Parcoul-Chenaud. ... Lire plus\" \/>\n<meta property=\"og:url\" content=\"https:\/\/toutesnosenergies.fr\/index.php\/2019\/08\/30\/le-24-aout-une-manifestation-reussie-en-nouvelle-aquitaine\/\" \/>\n<meta property=\"og:site_name\" content=\"Toutes Nos \u00c9nergies \u2013 Occitanie Environnement\" \/>\n<meta property=\"article:publisher\" content=\"https:\/\/www.facebook.com\/TNEtoutesnosenergiesOccitanieEnvironnement\" \/>\n<meta property=\"article:published_time\" content=\"2019-08-30T21:15:56+00:00\" \/>\n<meta property=\"article:modified_time\" content=\"2019-08-30T21:16:18+00:00\" \/>\n<meta property=\"og:image\" content=\"https:\/\/toutesnosenergies.fr\/wp-content\/uploads\/2019\/08\/DJI_0263-1024x768.jpeg\" \/>\n<meta name=\"author\" content=\"WM81\" \/>\n<meta name=\"twitter:card\" content=\"summary_large_image\" \/>\n<meta name=\"twitter:label1\" content=\"\u00c9crit par\" \/>\n\t<meta name=\"twitter:data1\" content=\"WM81\" \/>\n\t<meta name=\"twitter:label2\" content=\"Dur\u00e9e de lecture estim\u00e9e\" \/>\n\t<meta name=\"twitter:data2\" content=\"1 minute\" \/>\n<script type=\"application\/ld+json\" class=\"yoast-schema-graph\">{\"@context\":\"https:\\\/\\\/schema.org\",\"@graph\":[{\"@type\":\"Article\",\"@id\":\"https:\\\/\\\/toutesnosenergies.fr\\\/index.php\\\/2019\\\/08\\\/30\\\/le-24-aout-une-manifestation-reussie-en-nouvelle-aquitaine\\\/#article\",\"isPartOf\":{\"@id\":\"https:\\\/\\\/toutesnosenergies.fr\\\/index.php\\\/2019\\\/08\\\/30\\\/le-24-aout-une-manifestation-reussie-en-nouvelle-aquitaine\\\/\"},\"author\":{\"name\":\"WM81\",\"@id\":\"https:\\\/\\\/toutesnosenergies.fr\\\/#\\\/schema\\\/person\\\/83b429b7810ce59e0a21afb7e0b3cb1c\"},\"headline\":\"Le 24 ao\u00fbt, une manifestation r\u00e9ussie en Nouvelle Aquitaine\",\"datePublished\":\"2019-08-30T21:15:56+00:00\",\"dateModified\":\"2019-08-30T21:16:18+00:00\",\"mainEntityOfPage\":{\"@id\":\"https:\\\/\\\/toutesnosenergies.fr\\\/index.php\\\/2019\\\/08\\\/30\\\/le-24-aout-une-manifestation-reussie-en-nouvelle-aquitaine\\\/\"},\"wordCount\":157,\"commentCount\":0,\"publisher\":{\"@id\":\"https:\\\/\\\/toutesnosenergies.fr\\\/#organization\"},\"image\":{\"@id\":\"https:\\\/\\\/toutesnosenergies.fr\\\/index.php\\\/2019\\\/08\\\/30\\\/le-24-aout-une-manifestation-reussie-en-nouvelle-aquitaine\\\/#primaryimage\"},\"thumbnailUrl\":\"https:\\\/\\\/toutesnosenergies.fr\\\/wp-content\\\/uploads\\\/2019\\\/08\\\/DJI_0263-1024x768.jpeg\",\"inLanguage\":\"fr-FR\",\"potentialAction\":[{\"@type\":\"CommentAction\",\"name\":\"Comment\",\"target\":[\"https:\\\/\\\/toutesnosenergies.fr\\\/index.php\\\/2019\\\/08\\\/30\\\/le-24-aout-une-manifestation-reussie-en-nouvelle-aquitaine\\\/#respond\"]}]},{\"@type\":\"WebPage\",\"@id\":\"https:\\\/\\\/toutesnosenergies.fr\\\/index.php\\\/2019\\\/08\\\/30\\\/le-24-aout-une-manifestation-reussie-en-nouvelle-aquitaine\\\/\",\"url\":\"https:\\\/\\\/toutesnosenergies.fr\\\/index.php\\\/2019\\\/08\\\/30\\\/le-24-aout-une-manifestation-reussie-en-nouvelle-aquitaine\\\/\",\"name\":\"Le 24 ao\u00fbt, une manifestation r\u00e9ussie en Nouvelle Aquitaine - Toutes Nos \u00c9nergies \u2013 Occitanie Environnement\",\"isPartOf\":{\"@id\":\"https:\\\/\\\/toutesnosenergies.fr\\\/#website\"},\"primaryImageOfPage\":{\"@id\":\"https:\\\/\\\/toutesnosenergies.fr\\\/index.php\\\/2019\\\/08\\\/30\\\/le-24-aout-une-manifestation-reussie-en-nouvelle-aquitaine\\\/#primaryimage\"},\"image\":{\"@id\":\"https:\\\/\\\/toutesnosenergies.fr\\\/index.php\\\/2019\\\/08\\\/30\\\/le-24-aout-une-manifestation-reussie-en-nouvelle-aquitaine\\\/#primaryimage\"},\"thumbnailUrl\":\"https:\\\/\\\/toutesnosenergies.fr\\\/wp-content\\\/uploads\\\/2019\\\/08\\\/DJI_0263-1024x768.jpeg\",\"datePublished\":\"2019-08-30T21:15:56+00:00\",\"dateModified\":\"2019-08-30T21:16:18+00:00\",\"breadcrumb\":{\"@id\":\"https:\\\/\\\/toutesnosenergies.fr\\\/index.php\\\/2019\\\/08\\\/30\\\/le-24-aout-une-manifestation-reussie-en-nouvelle-aquitaine\\\/#breadcrumb\"},\"inLanguage\":\"fr-FR\",\"potentialAction\":[{\"@type\":\"ReadAction\",\"target\":[\"https:\\\/\\\/toutesnosenergies.fr\\\/index.php\\\/2019\\\/08\\\/30\\\/le-24-aout-une-manifestation-reussie-en-nouvelle-aquitaine\\\/\"]}]},{\"@type\":\"ImageObject\",\"inLanguage\":\"fr-FR\",\"@id\":\"https:\\\/\\\/toutesnosenergies.fr\\\/index.php\\\/2019\\\/08\\\/30\\\/le-24-aout-une-manifestation-reussie-en-nouvelle-aquitaine\\\/#primaryimage\",\"url\":\"https:\\\/\\\/toutesnosenergies.fr\\\/wp-content\\\/uploads\\\/2019\\\/08\\\/DJI_0263.jpeg\",\"contentUrl\":\"https:\\\/\\\/toutesnosenergies.fr\\\/wp-content\\\/uploads\\\/2019\\\/08\\\/DJI_0263.jpeg\",\"width\":1280,\"height\":960,\"caption\":\"DCIM\\\\100MEDIA\\\\DJI_0263.JPG\"},{\"@type\":\"BreadcrumbList\",\"@id\":\"https:\\\/\\\/toutesnosenergies.fr\\\/index.php\\\/2019\\\/08\\\/30\\\/le-24-aout-une-manifestation-reussie-en-nouvelle-aquitaine\\\/#breadcrumb\",\"itemListElement\":[{\"@type\":\"ListItem\",\"position\":1,\"name\":\"Accueil\",\"item\":\"https:\\\/\\\/toutesnosenergies.fr\\\/\"},{\"@type\":\"ListItem\",\"position\":2,\"name\":\"Le 24 ao\u00fbt, une manifestation r\u00e9ussie en Nouvelle Aquitaine\"}]},{\"@type\":\"WebSite\",\"@id\":\"https:\\\/\\\/toutesnosenergies.fr\\\/#website\",\"url\":\"https:\\\/\\\/toutesnosenergies.fr\\\/\",\"name\":\"Toutes Nos \u00c9nergies \u2013 Occitanie Environnement\",\"description\":\"Pour une \u00e9nergie respectueuse du vivant et des territoires ruraux en Occitanie\",\"publisher\":{\"@id\":\"https:\\\/\\\/toutesnosenergies.fr\\\/#organization\"},\"potentialAction\":[{\"@type\":\"SearchAction\",\"target\":{\"@type\":\"EntryPoint\",\"urlTemplate\":\"https:\\\/\\\/toutesnosenergies.fr\\\/?s={search_term_string}\"},\"query-input\":{\"@type\":\"PropertyValueSpecification\",\"valueRequired\":true,\"valueName\":\"search_term_string\"}}],\"inLanguage\":\"fr-FR\"},{\"@type\":\"Organization\",\"@id\":\"https:\\\/\\\/toutesnosenergies.fr\\\/#organization\",\"name\":\"Toutes Nos \u00c9nergies \u2013 Occitanie Environnement\",\"url\":\"https:\\\/\\\/toutesnosenergies.fr\\\/\",\"logo\":{\"@type\":\"ImageObject\",\"inLanguage\":\"fr-FR\",\"@id\":\"https:\\\/\\\/toutesnosenergies.fr\\\/#\\\/schema\\\/logo\\\/image\\\/\",\"url\":\"https:\\\/\\\/toutesnosenergies.fr\\\/wp-content\\\/uploads\\\/2023\\\/01\\\/Petit-logo.png\",\"contentUrl\":\"https:\\\/\\\/toutesnosenergies.fr\\\/wp-content\\\/uploads\\\/2023\\\/01\\\/Petit-logo.png\",\"width\":360,\"height\":102,\"caption\":\"Toutes Nos \u00c9nergies \u2013 Occitanie Environnement\"},\"image\":{\"@id\":\"https:\\\/\\\/toutesnosenergies.fr\\\/#\\\/schema\\\/logo\\\/image\\\/\"},\"sameAs\":[\"https:\\\/\\\/www.facebook.com\\\/TNEtoutesnosenergiesOccitanieEnvironnement\"]},{\"@type\":\"Person\",\"@id\":\"https:\\\/\\\/toutesnosenergies.fr\\\/#\\\/schema\\\/person\\\/83b429b7810ce59e0a21afb7e0b3cb1c\",\"name\":\"WM81\",\"image\":{\"@type\":\"ImageObject\",\"inLanguage\":\"fr-FR\",\"@id\":\"https:\\\/\\\/secure.gravatar.com\\\/avatar\\\/aa9bf2bd97a7297274c53294f09e800c7ee0d88290f959d5d49f9380299b9ff1?s=96&d=mm&r=g\",\"url\":\"https:\\\/\\\/secure.gravatar.com\\\/avatar\\\/aa9bf2bd97a7297274c53294f09e800c7ee0d88290f959d5d49f9380299b9ff1?s=96&d=mm&r=g\",\"contentUrl\":\"https:\\\/\\\/secure.gravatar.com\\\/avatar\\\/aa9bf2bd97a7297274c53294f09e800c7ee0d88290f959d5d49f9380299b9ff1?s=96&d=mm&r=g\",\"caption\":\"WM81\"},\"sameAs\":[\"http:\\\/\\\/toutesnosenergies.fr\"],\"url\":\"https:\\\/\\\/toutesnosenergies.fr\\\/index.php\\\/author\\\/wm81\\\/\"}]}<\/script>\n<!-- \/ Yoast SEO plugin. -->","yoast_head_json":{"title":"Le 24 ao\u00fbt, une manifestation r\u00e9ussie en Nouvelle Aquitaine - Toutes Nos \u00c9nergies \u2013 Occitanie Environnement","robots":{"index":"index","follow":"follow","max-snippet":"max-snippet:-1","max-image-preview":"max-image-preview:large","max-video-preview":"max-video-preview:-1"},"canonical":"https:\/\/toutesnosenergies.fr\/index.php\/2019\/08\/30\/le-24-aout-une-manifestation-reussie-en-nouvelle-aquitaine\/","og_locale":"fr_FR","og_type":"article","og_title":"Le 24 ao\u00fbt, une manifestation r\u00e9ussie en Nouvelle Aquitaine - Toutes Nos \u00c9nergies \u2013 Occitanie Environnement","og_description":"Le samedi 24 ao\u00fbt, \u00e0 Saint-Aulaye (Dordogne), pr\u00e8s de 500 personnes dont de nombreux \u00e9lus, ont r\u00e9pondu \u00e0 l\u2019appel de l\u2019Asso 3D (D\u00e9fense du val de Dronne et de la Double) et ont manifest\u00e9 contre les \u00e9oliennes en g\u00e9n\u00e9ral et plus particuli\u00e8rement le projet d\u2019implantation de cinq a\u00e9rog\u00e9n\u00e9rateurs sur les communes de Saint-Aulaye-Puymangou et Parcoul-Chenaud. ... Lire plus","og_url":"https:\/\/toutesnosenergies.fr\/index.php\/2019\/08\/30\/le-24-aout-une-manifestation-reussie-en-nouvelle-aquitaine\/","og_site_name":"Toutes Nos \u00c9nergies \u2013 Occitanie Environnement","article_publisher":"https:\/\/www.facebook.com\/TNEtoutesnosenergiesOccitanieEnvironnement","article_published_time":"2019-08-30T21:15:56+00:00","article_modified_time":"2019-08-30T21:16:18+00:00","og_image":[{"url":"https:\/\/toutesnosenergies.fr\/wp-content\/uploads\/2019\/08\/DJI_0263-1024x768.jpeg","type":"","width":"","height":""}],"author":"WM81","twitter_card":"summary_large_image","twitter_misc":{"\u00c9crit par":"WM81","Dur\u00e9e de lecture estim\u00e9e":"1 minute"},"schema":{"@context":"https:\/\/schema.org","@graph":[{"@type":"Article","@id":"https:\/\/toutesnosenergies.fr\/index.php\/2019\/08\/30\/le-24-aout-une-manifestation-reussie-en-nouvelle-aquitaine\/#article","isPartOf":{"@id":"https:\/\/toutesnosenergies.fr\/index.php\/2019\/08\/30\/le-24-aout-une-manifestation-reussie-en-nouvelle-aquitaine\/"},"author":{"name":"WM81","@id":"https:\/\/toutesnosenergies.fr\/#\/schema\/person\/83b429b7810ce59e0a21afb7e0b3cb1c"},"headline":"Le 24 ao\u00fbt, une manifestation r\u00e9ussie en Nouvelle Aquitaine","datePublished":"2019-08-30T21:15:56+00:00","dateModified":"2019-08-30T21:16:18+00:00","mainEntityOfPage":{"@id":"https:\/\/toutesnosenergies.fr\/index.php\/2019\/08\/30\/le-24-aout-une-manifestation-reussie-en-nouvelle-aquitaine\/"},"wordCount":157,"commentCount":0,"publisher":{"@id":"https:\/\/toutesnosenergies.fr\/#organization"},"image":{"@id":"https:\/\/toutesnosenergies.fr\/index.php\/2019\/08\/30\/le-24-aout-une-manifestation-reussie-en-nouvelle-aquitaine\/#primaryimage"},"thumbnailUrl":"https:\/\/toutesnosenergies.fr\/wp-content\/uploads\/2019\/08\/DJI_0263-1024x768.jpeg","inLanguage":"fr-FR","potentialAction":[{"@type":"CommentAction","name":"Comment","target":["https:\/\/toutesnosenergies.fr\/index.php\/2019\/08\/30\/le-24-aout-une-manifestation-reussie-en-nouvelle-aquitaine\/#respond"]}]},{"@type":"WebPage","@id":"https:\/\/toutesnosenergies.fr\/index.php\/2019\/08\/30\/le-24-aout-une-manifestation-reussie-en-nouvelle-aquitaine\/","url":"https:\/\/toutesnosenergies.fr\/index.php\/2019\/08\/30\/le-24-aout-une-manifestation-reussie-en-nouvelle-aquitaine\/","name":"Le 24 ao\u00fbt, une manifestation r\u00e9ussie en Nouvelle Aquitaine - Toutes Nos \u00c9nergies \u2013 Occitanie Environnement","isPartOf":{"@id":"https:\/\/toutesnosenergies.fr\/#website"},"primaryImageOfPage":{"@id":"https:\/\/toutesnosenergies.fr\/index.php\/2019\/08\/30\/le-24-aout-une-manifestation-reussie-en-nouvelle-aquitaine\/#primaryimage"},"image":{"@id":"https:\/\/toutesnosenergies.fr\/index.php\/2019\/08\/30\/le-24-aout-une-manifestation-reussie-en-nouvelle-aquitaine\/#primaryimage"},"thumbnailUrl":"https:\/\/toutesnosenergies.fr\/wp-content\/uploads\/2019\/08\/DJI_0263-1024x768.jpeg","datePublished":"2019-08-30T21:15:56+00:00","dateModified":"2019-08-30T21:16:18+00:00","breadcrumb":{"@id":"https:\/\/toutesnosenergies.fr\/index.php\/2019\/08\/30\/le-24-aout-une-manifestation-reussie-en-nouvelle-aquitaine\/#breadcrumb"},"inLanguage":"fr-FR","potentialAction":[{"@type":"ReadAction","target":["https:\/\/toutesnosenergies.fr\/index.php\/2019\/08\/30\/le-24-aout-une-manifestation-reussie-en-nouvelle-aquitaine\/"]}]},{"@type":"ImageObject","inLanguage":"fr-FR","@id":"https:\/\/toutesnosenergies.fr\/index.php\/2019\/08\/30\/le-24-aout-une-manifestation-reussie-en-nouvelle-aquitaine\/#primaryimage","url":"https:\/\/toutesnosenergies.fr\/wp-content\/uploads\/2019\/08\/DJI_0263.jpeg","contentUrl":"https:\/\/toutesnosenergies.fr\/wp-content\/uploads\/2019\/08\/DJI_0263.jpeg","width":1280,"height":960,"caption":"DCIM\\100MEDIA\\DJI_0263.JPG"},{"@type":"BreadcrumbList","@id":"https:\/\/toutesnosenergies.fr\/index.php\/2019\/08\/30\/le-24-aout-une-manifestation-reussie-en-nouvelle-aquitaine\/#breadcrumb","itemListElement":[{"@type":"ListItem","position":1,"name":"Accueil","item":"https:\/\/toutesnosenergies.fr\/"},{"@type":"ListItem","position":2,"name":"Le 24 ao\u00fbt, une manifestation r\u00e9ussie en Nouvelle Aquitaine"}]},{"@type":"WebSite","@id":"https:\/\/toutesnosenergies.fr\/#website","url":"https:\/\/toutesnosenergies.fr\/","name":"Toutes Nos \u00c9nergies \u2013 Occitanie Environnement","description":"Pour une \u00e9nergie respectueuse du vivant et des territoires ruraux en Occitanie","publisher":{"@id":"https:\/\/toutesnosenergies.fr\/#organization"},"potentialAction":[{"@type":"SearchAction","target":{"@type":"EntryPoint","urlTemplate":"https:\/\/toutesnosenergies.fr\/?s={search_term_string}"},"query-input":{"@type":"PropertyValueSpecification","valueRequired":true,"valueName":"search_term_string"}}],"inLanguage":"fr-FR"},{"@type":"Organization","@id":"https:\/\/toutesnosenergies.fr\/#organization","name":"Toutes Nos \u00c9nergies \u2013 Occitanie Environnement","url":"https:\/\/toutesnosenergies.fr\/","logo":{"@type":"ImageObject","inLanguage":"fr-FR","@id":"https:\/\/toutesnosenergies.fr\/#\/schema\/logo\/image\/","url":"https:\/\/toutesnosenergies.fr\/wp-content\/uploads\/2023\/01\/Petit-logo.png","contentUrl":"https:\/\/toutesnosenergies.fr\/wp-content\/uploads\/2023\/01\/Petit-logo.png","width":360,"height":102,"caption":"Toutes Nos \u00c9nergies \u2013 Occitanie Environnement"},"image":{"@id":"https:\/\/toutesnosenergies.fr\/#\/schema\/logo\/image\/"},"sameAs":["https:\/\/www.facebook.com\/TNEtoutesnosenergiesOccitanieEnvironnement"]},{"@type":"Person","@id":"https:\/\/toutesnosenergies.fr\/#\/schema\/person\/83b429b7810ce59e0a21afb7e0b3cb1c","name":"WM81","image":{"@type":"ImageObject","inLanguage":"fr-FR","@id":"https:\/\/secure.gravatar.com\/avatar\/aa9bf2bd97a7297274c53294f09e800c7ee0d88290f959d5d49f9380299b9ff1?s=96&d=mm&r=g","url":"https:\/\/secure.gravatar.com\/avatar\/aa9bf2bd97a7297274c53294f09e800c7ee0d88290f959d5d49f9380299b9ff1?s=96&d=mm&r=g","contentUrl":"https:\/\/secure.gravatar.com\/avatar\/aa9bf2bd97a7297274c53294f09e800c7ee0d88290f959d5d49f9380299b9ff1?s=96&d=mm&r=g","caption":"WM81"},"sameAs":["http:\/\/toutesnosenergies.fr"],"url":"https:\/\/toutesnosenergies.fr\/index.php\/author\/wm81\/"}]}},"_links":{"self":[{"href":"https:\/\/toutesnosenergies.fr\/index.php\/wp-json\/wp\/v2\/posts\/2834","targetHints":{"allow":["GET"]}}],"collection":[{"href":"https:\/\/toutesnosenergies.fr\/index.php\/wp-json\/wp\/v2\/posts"}],"about":[{"href":"https:\/\/toutesnosenergies.fr\/index.php\/wp-json\/wp\/v2\/types\/post"}],"author":[{"embeddable":true,"href":"https:\/\/toutesnosenergies.fr\/index.php\/wp-json\/wp\/v2\/users\/3"}],"replies":[{"embeddable":true,"href":"https:\/\/toutesnosenergies.fr\/index.php\/wp-json\/wp\/v2\/comments?post=2834"}],"version-history":[{"count":2,"href":"https:\/\/toutesnosenergies.fr\/index.php\/wp-json\/wp\/v2\/posts\/2834\/revisions"}],"predecessor-version":[{"id":2837,"href":"https:\/\/toutesnosenergies.fr\/index.php\/wp-json\/wp\/v2\/posts\/2834\/revisions\/2837"}],"wp:attachment":[{"href":"https:\/\/toutesnosenergies.fr\/index.php\/wp-json\/wp\/v2\/media?parent=2834"}],"wp:term":[{"taxonomy":"category","embeddable":true,"href":"https:\/\/toutesnosenergies.fr\/index.php\/wp-json\/wp\/v2\/categories?post=2834"},{"taxonomy":"post_tag","embeddable":true,"href":"https:\/\/toutesnosenergies.fr\/index.php\/wp-json\/wp\/v2\/tags?post=2834"}],"curies":[{"name":"wp","href":"https:\/\/api.w.org\/{rel}","templated":true}]}}