{"id":2839,"date":"2019-09-02T15:35:14","date_gmt":"2019-09-02T13:35:14","guid":{"rendered":"https:\/\/toutesnosenergies.fr\/?p=2839"},"modified":"2019-09-02T15:35:15","modified_gmt":"2019-09-02T13:35:15","slug":"non-aux-eoliennes-face-au-canigou","status":"publish","type":"post","link":"https:\/\/toutesnosenergies.fr\/index.php\/2019\/09\/02\/non-aux-eoliennes-face-au-canigou\/","title":{"rendered":"NON aux \u00e9oliennes face au Canigou"},"content":{"rendered":"\n<h3 class=\"wp-block-heading\">Le collectif le vent tourne 66 a lanc\u00e9 cette p\u00e9tition adress\u00e9e \u00e0 Mme Carole Delga pr\u00e9sidente de la r\u00e9gion Occitanie !<\/h3>\n\n\n\n<p><strong>NOUS VOULONS<\/strong>&nbsp;sauvegarder nos paysages exceptionnels, notre patrimoine historique et immobilier et notre qualit\u00e9 de vie.<\/p>\n\n\n\n<p><strong>NOUS VOULONS<\/strong>&nbsp;prot\u00e9ger le potentiel touristique, r\u00e9sidentiel et agricole de notre r\u00e9gion, h\u00e9ritage de nos a\u00efeux.<\/p>\n\n\n\n<div class=\"wp-block-image\"><figure class=\"alignleft is-resized\"><img loading=\"lazy\" decoding=\"async\" src=\"https:\/\/toutesnosenergies.fr\/wp-content\/uploads\/2019\/09\/datPhoto3_51a4d6ac26cea_N-1024x683.jpg\" alt=\"\" class=\"wp-image-2840\" width=\"258\" height=\"171\" srcset=\"https:\/\/toutesnosenergies.fr\/wp-content\/uploads\/2019\/09\/datPhoto3_51a4d6ac26cea_N-1024x683.jpg 1024w, https:\/\/toutesnosenergies.fr\/wp-content\/uploads\/2019\/09\/datPhoto3_51a4d6ac26cea_N-300x200.jpg 300w, https:\/\/toutesnosenergies.fr\/wp-content\/uploads\/2019\/09\/datPhoto3_51a4d6ac26cea_N-768x512.jpg 768w, https:\/\/toutesnosenergies.fr\/wp-content\/uploads\/2019\/09\/datPhoto3_51a4d6ac26cea_N.jpg 1200w\" sizes=\"auto, (max-width: 258px) 100vw, 258px\" \/><\/figure><\/div>\n\n\n\n<p><strong>NOUS VOULONS<\/strong>&nbsp;arr\u00eater une h\u00e9morragie d\u2019argent public au profit principal de promoteurs priv\u00e9s, alors que ces subventions pourraient \u00eatre mieux utilis\u00e9es, comme dans la recherche d\u2019autres sources d\u2019\u00e9nergie renouvelables plus efficaces.<\/p>\n\n\n\n<p><strong>NOUS VOULONS<\/strong>\u00a0d\u00e9noncer l\u2019imposture \u00e9cologique et \u00e9conomique de ces machines qui sont intermittentes (quand il n&rsquo;y a pas de vent, comment on fait ?)\u00a0qui ont consomm\u00e9 pour leur fabrication, leur transport, leur implantation, leur liaison avec le r\u00e9seau, et finalement leur d\u00e9construction et recyclage, une quantit\u00e9 de CO2, qui annule leur b\u00e9n\u00e9fice.\u00a0<\/p>\n\n\n\n<h3 class=\"wp-block-heading\"><a href=\"https:\/\/www.change.org\/p\/mme-carole-delga-pr\u00e9sidente-de-la-r\u00e9gion-occitanie-non-aux-eoliennes-face-au-canigou\">SIGNEZ ET FAITES SIGNER LA P\u00c9TITION <\/a><\/h3>\n","protected":false},"excerpt":{"rendered":"<p>Le collectif le vent tourne 66 a lanc\u00e9 cette p\u00e9tition adress\u00e9e \u00e0 Mme Carole Delga pr\u00e9sidente de la r\u00e9gion Occitanie ! NOUS VOULONS&nbsp;sauvegarder nos paysages exceptionnels, notre patrimoine historique et immobilier et notre qualit\u00e9 de vie. NOUS VOULONS&nbsp;prot\u00e9ger le potentiel touristique, r\u00e9sidentiel et agricole de notre r\u00e9gion, h\u00e9ritage de nos a\u00efeux. NOUS VOULONS&nbsp;arr\u00eater une h\u00e9morragie &#8230; <a title=\"NON aux \u00e9oliennes face au Canigou\" class=\"read-more\" href=\"https:\/\/toutesnosenergies.fr\/index.php\/2019\/09\/02\/non-aux-eoliennes-face-au-canigou\/\" aria-label=\"Plus sur NON aux \u00e9oliennes face au Canigou\">Lire plus<\/a><\/p>\n","protected":false},"author":3,"featured_media":0,"comment_status":"open","ping_status":"open","sticky":false,"template":"","format":"standard","meta":{"_cbd_carousel_blocks":"[]","sfsi_plus_gutenberg_text_before_share":"","sfsi_plus_gutenberg_show_text_before_share":"","sfsi_plus_gutenberg_icon_type":"","sfsi_plus_gutenberg_icon_alignemt":"","sfsi_plus_gutenburg_max_per_row":"","footnotes":""},"categories":[8],"tags":[],"class_list":["post-2839","post","type-post","status-publish","format-standard","hentry","category-communiques-associations"],"yoast_head":"<!-- This site is optimized with the Yoast SEO plugin v27.4 - https:\/\/yoast.com\/product\/yoast-seo-wordpress\/ -->\n<title>NON aux \u00e9oliennes face au Canigou - Toutes Nos \u00c9nergies \u2013 Occitanie Environnement<\/title>\n<meta name=\"robots\" content=\"index, follow, max-snippet:-1, max-image-preview:large, max-video-preview:-1\" \/>\n<link rel=\"canonical\" href=\"https:\/\/toutesnosenergies.fr\/index.php\/2019\/09\/02\/non-aux-eoliennes-face-au-canigou\/\" \/>\n<meta property=\"og:locale\" content=\"fr_FR\" \/>\n<meta property=\"og:type\" content=\"article\" \/>\n<meta property=\"og:title\" content=\"NON aux \u00e9oliennes face au Canigou - Toutes Nos \u00c9nergies \u2013 Occitanie Environnement\" \/>\n<meta property=\"og:description\" content=\"Le collectif le vent tourne 66 a lanc\u00e9 cette p\u00e9tition adress\u00e9e \u00e0 Mme Carole Delga pr\u00e9sidente de la r\u00e9gion Occitanie ! NOUS VOULONS&nbsp;sauvegarder nos paysages exceptionnels, notre patrimoine historique et immobilier et notre qualit\u00e9 de vie. NOUS VOULONS&nbsp;prot\u00e9ger le potentiel touristique, r\u00e9sidentiel et agricole de notre r\u00e9gion, h\u00e9ritage de nos a\u00efeux. NOUS VOULONS&nbsp;arr\u00eater une h\u00e9morragie ... Lire plus\" \/>\n<meta property=\"og:url\" content=\"https:\/\/toutesnosenergies.fr\/index.php\/2019\/09\/02\/non-aux-eoliennes-face-au-canigou\/\" \/>\n<meta property=\"og:site_name\" content=\"Toutes Nos \u00c9nergies \u2013 Occitanie Environnement\" \/>\n<meta property=\"article:publisher\" content=\"https:\/\/www.facebook.com\/TNEtoutesnosenergiesOccitanieEnvironnement\" \/>\n<meta property=\"article:published_time\" content=\"2019-09-02T13:35:14+00:00\" \/>\n<meta property=\"article:modified_time\" content=\"2019-09-02T13:35:15+00:00\" \/>\n<meta property=\"og:image\" content=\"https:\/\/toutesnosenergies.fr\/wp-content\/uploads\/2019\/09\/datPhoto3_51a4d6ac26cea_N-1024x683.jpg\" \/>\n<meta name=\"author\" content=\"WM81\" \/>\n<meta name=\"twitter:card\" content=\"summary_large_image\" \/>\n<meta name=\"twitter:label1\" content=\"\u00c9crit par\" \/>\n\t<meta name=\"twitter:data1\" content=\"WM81\" \/>\n\t<meta name=\"twitter:label2\" content=\"Dur\u00e9e de lecture estim\u00e9e\" \/>\n\t<meta name=\"twitter:data2\" content=\"1 minute\" \/>\n<script type=\"application\/ld+json\" class=\"yoast-schema-graph\">{\"@context\":\"https:\\\/\\\/schema.org\",\"@graph\":[{\"@type\":\"Article\",\"@id\":\"https:\\\/\\\/toutesnosenergies.fr\\\/index.php\\\/2019\\\/09\\\/02\\\/non-aux-eoliennes-face-au-canigou\\\/#article\",\"isPartOf\":{\"@id\":\"https:\\\/\\\/toutesnosenergies.fr\\\/index.php\\\/2019\\\/09\\\/02\\\/non-aux-eoliennes-face-au-canigou\\\/\"},\"author\":{\"name\":\"WM81\",\"@id\":\"https:\\\/\\\/toutesnosenergies.fr\\\/#\\\/schema\\\/person\\\/83b429b7810ce59e0a21afb7e0b3cb1c\"},\"headline\":\"NON aux \u00e9oliennes face au Canigou\",\"datePublished\":\"2019-09-02T13:35:14+00:00\",\"dateModified\":\"2019-09-02T13:35:15+00:00\",\"mainEntityOfPage\":{\"@id\":\"https:\\\/\\\/toutesnosenergies.fr\\\/index.php\\\/2019\\\/09\\\/02\\\/non-aux-eoliennes-face-au-canigou\\\/\"},\"wordCount\":171,\"commentCount\":0,\"publisher\":{\"@id\":\"https:\\\/\\\/toutesnosenergies.fr\\\/#organization\"},\"image\":{\"@id\":\"https:\\\/\\\/toutesnosenergies.fr\\\/index.php\\\/2019\\\/09\\\/02\\\/non-aux-eoliennes-face-au-canigou\\\/#primaryimage\"},\"thumbnailUrl\":\"https:\\\/\\\/toutesnosenergies.fr\\\/wp-content\\\/uploads\\\/2019\\\/09\\\/datPhoto3_51a4d6ac26cea_N-1024x683.jpg\",\"articleSection\":[\"Communiqu\u00e9s des associations\"],\"inLanguage\":\"fr-FR\",\"potentialAction\":[{\"@type\":\"CommentAction\",\"name\":\"Comment\",\"target\":[\"https:\\\/\\\/toutesnosenergies.fr\\\/index.php\\\/2019\\\/09\\\/02\\\/non-aux-eoliennes-face-au-canigou\\\/#respond\"]}]},{\"@type\":\"WebPage\",\"@id\":\"https:\\\/\\\/toutesnosenergies.fr\\\/index.php\\\/2019\\\/09\\\/02\\\/non-aux-eoliennes-face-au-canigou\\\/\",\"url\":\"https:\\\/\\\/toutesnosenergies.fr\\\/index.php\\\/2019\\\/09\\\/02\\\/non-aux-eoliennes-face-au-canigou\\\/\",\"name\":\"NON aux \u00e9oliennes face au Canigou - Toutes Nos \u00c9nergies \u2013 Occitanie Environnement\",\"isPartOf\":{\"@id\":\"https:\\\/\\\/toutesnosenergies.fr\\\/#website\"},\"primaryImageOfPage\":{\"@id\":\"https:\\\/\\\/toutesnosenergies.fr\\\/index.php\\\/2019\\\/09\\\/02\\\/non-aux-eoliennes-face-au-canigou\\\/#primaryimage\"},\"image\":{\"@id\":\"https:\\\/\\\/toutesnosenergies.fr\\\/index.php\\\/2019\\\/09\\\/02\\\/non-aux-eoliennes-face-au-canigou\\\/#primaryimage\"},\"thumbnailUrl\":\"https:\\\/\\\/toutesnosenergies.fr\\\/wp-content\\\/uploads\\\/2019\\\/09\\\/datPhoto3_51a4d6ac26cea_N-1024x683.jpg\",\"datePublished\":\"2019-09-02T13:35:14+00:00\",\"dateModified\":\"2019-09-02T13:35:15+00:00\",\"breadcrumb\":{\"@id\":\"https:\\\/\\\/toutesnosenergies.fr\\\/index.php\\\/2019\\\/09\\\/02\\\/non-aux-eoliennes-face-au-canigou\\\/#breadcrumb\"},\"inLanguage\":\"fr-FR\",\"potentialAction\":[{\"@type\":\"ReadAction\",\"target\":[\"https:\\\/\\\/toutesnosenergies.fr\\\/index.php\\\/2019\\\/09\\\/02\\\/non-aux-eoliennes-face-au-canigou\\\/\"]}]},{\"@type\":\"ImageObject\",\"inLanguage\":\"fr-FR\",\"@id\":\"https:\\\/\\\/toutesnosenergies.fr\\\/index.php\\\/2019\\\/09\\\/02\\\/non-aux-eoliennes-face-au-canigou\\\/#primaryimage\",\"url\":\"https:\\\/\\\/toutesnosenergies.fr\\\/wp-content\\\/uploads\\\/2019\\\/09\\\/datPhoto3_51a4d6ac26cea_N.jpg\",\"contentUrl\":\"https:\\\/\\\/toutesnosenergies.fr\\\/wp-content\\\/uploads\\\/2019\\\/09\\\/datPhoto3_51a4d6ac26cea_N.jpg\",\"width\":1200,\"height\":800},{\"@type\":\"BreadcrumbList\",\"@id\":\"https:\\\/\\\/toutesnosenergies.fr\\\/index.php\\\/2019\\\/09\\\/02\\\/non-aux-eoliennes-face-au-canigou\\\/#breadcrumb\",\"itemListElement\":[{\"@type\":\"ListItem\",\"position\":1,\"name\":\"Accueil\",\"item\":\"https:\\\/\\\/toutesnosenergies.fr\\\/\"},{\"@type\":\"ListItem\",\"position\":2,\"name\":\"NON aux \u00e9oliennes face au Canigou\"}]},{\"@type\":\"WebSite\",\"@id\":\"https:\\\/\\\/toutesnosenergies.fr\\\/#website\",\"url\":\"https:\\\/\\\/toutesnosenergies.fr\\\/\",\"name\":\"Toutes Nos \u00c9nergies \u2013 Occitanie Environnement\",\"description\":\"Pour une \u00e9nergie respectueuse du vivant et des territoires ruraux en Occitanie\",\"publisher\":{\"@id\":\"https:\\\/\\\/toutesnosenergies.fr\\\/#organization\"},\"potentialAction\":[{\"@type\":\"SearchAction\",\"target\":{\"@type\":\"EntryPoint\",\"urlTemplate\":\"https:\\\/\\\/toutesnosenergies.fr\\\/?s={search_term_string}\"},\"query-input\":{\"@type\":\"PropertyValueSpecification\",\"valueRequired\":true,\"valueName\":\"search_term_string\"}}],\"inLanguage\":\"fr-FR\"},{\"@type\":\"Organization\",\"@id\":\"https:\\\/\\\/toutesnosenergies.fr\\\/#organization\",\"name\":\"Toutes Nos \u00c9nergies \u2013 Occitanie Environnement\",\"url\":\"https:\\\/\\\/toutesnosenergies.fr\\\/\",\"logo\":{\"@type\":\"ImageObject\",\"inLanguage\":\"fr-FR\",\"@id\":\"https:\\\/\\\/toutesnosenergies.fr\\\/#\\\/schema\\\/logo\\\/image\\\/\",\"url\":\"https:\\\/\\\/toutesnosenergies.fr\\\/wp-content\\\/uploads\\\/2023\\\/01\\\/Petit-logo.png\",\"contentUrl\":\"https:\\\/\\\/toutesnosenergies.fr\\\/wp-content\\\/uploads\\\/2023\\\/01\\\/Petit-logo.png\",\"width\":360,\"height\":102,\"caption\":\"Toutes Nos \u00c9nergies \u2013 Occitanie Environnement\"},\"image\":{\"@id\":\"https:\\\/\\\/toutesnosenergies.fr\\\/#\\\/schema\\\/logo\\\/image\\\/\"},\"sameAs\":[\"https:\\\/\\\/www.facebook.com\\\/TNEtoutesnosenergiesOccitanieEnvironnement\"]},{\"@type\":\"Person\",\"@id\":\"https:\\\/\\\/toutesnosenergies.fr\\\/#\\\/schema\\\/person\\\/83b429b7810ce59e0a21afb7e0b3cb1c\",\"name\":\"WM81\",\"image\":{\"@type\":\"ImageObject\",\"inLanguage\":\"fr-FR\",\"@id\":\"https:\\\/\\\/secure.gravatar.com\\\/avatar\\\/aa9bf2bd97a7297274c53294f09e800c7ee0d88290f959d5d49f9380299b9ff1?s=96&d=mm&r=g\",\"url\":\"https:\\\/\\\/secure.gravatar.com\\\/avatar\\\/aa9bf2bd97a7297274c53294f09e800c7ee0d88290f959d5d49f9380299b9ff1?s=96&d=mm&r=g\",\"contentUrl\":\"https:\\\/\\\/secure.gravatar.com\\\/avatar\\\/aa9bf2bd97a7297274c53294f09e800c7ee0d88290f959d5d49f9380299b9ff1?s=96&d=mm&r=g\",\"caption\":\"WM81\"},\"sameAs\":[\"http:\\\/\\\/toutesnosenergies.fr\"],\"url\":\"https:\\\/\\\/toutesnosenergies.fr\\\/index.php\\\/author\\\/wm81\\\/\"}]}<\/script>\n<!-- \/ Yoast SEO plugin. -->","yoast_head_json":{"title":"NON aux \u00e9oliennes face au Canigou - Toutes Nos \u00c9nergies \u2013 Occitanie Environnement","robots":{"index":"index","follow":"follow","max-snippet":"max-snippet:-1","max-image-preview":"max-image-preview:large","max-video-preview":"max-video-preview:-1"},"canonical":"https:\/\/toutesnosenergies.fr\/index.php\/2019\/09\/02\/non-aux-eoliennes-face-au-canigou\/","og_locale":"fr_FR","og_type":"article","og_title":"NON aux \u00e9oliennes face au Canigou - Toutes Nos \u00c9nergies \u2013 Occitanie Environnement","og_description":"Le collectif le vent tourne 66 a lanc\u00e9 cette p\u00e9tition adress\u00e9e \u00e0 Mme Carole Delga pr\u00e9sidente de la r\u00e9gion Occitanie ! NOUS VOULONS&nbsp;sauvegarder nos paysages exceptionnels, notre patrimoine historique et immobilier et notre qualit\u00e9 de vie. NOUS VOULONS&nbsp;prot\u00e9ger le potentiel touristique, r\u00e9sidentiel et agricole de notre r\u00e9gion, h\u00e9ritage de nos a\u00efeux. NOUS VOULONS&nbsp;arr\u00eater une h\u00e9morragie ... Lire plus","og_url":"https:\/\/toutesnosenergies.fr\/index.php\/2019\/09\/02\/non-aux-eoliennes-face-au-canigou\/","og_site_name":"Toutes Nos \u00c9nergies \u2013 Occitanie Environnement","article_publisher":"https:\/\/www.facebook.com\/TNEtoutesnosenergiesOccitanieEnvironnement","article_published_time":"2019-09-02T13:35:14+00:00","article_modified_time":"2019-09-02T13:35:15+00:00","og_image":[{"url":"https:\/\/toutesnosenergies.fr\/wp-content\/uploads\/2019\/09\/datPhoto3_51a4d6ac26cea_N-1024x683.jpg","type":"","width":"","height":""}],"author":"WM81","twitter_card":"summary_large_image","twitter_misc":{"\u00c9crit par":"WM81","Dur\u00e9e de lecture estim\u00e9e":"1 minute"},"schema":{"@context":"https:\/\/schema.org","@graph":[{"@type":"Article","@id":"https:\/\/toutesnosenergies.fr\/index.php\/2019\/09\/02\/non-aux-eoliennes-face-au-canigou\/#article","isPartOf":{"@id":"https:\/\/toutesnosenergies.fr\/index.php\/2019\/09\/02\/non-aux-eoliennes-face-au-canigou\/"},"author":{"name":"WM81","@id":"https:\/\/toutesnosenergies.fr\/#\/schema\/person\/83b429b7810ce59e0a21afb7e0b3cb1c"},"headline":"NON aux \u00e9oliennes face au Canigou","datePublished":"2019-09-02T13:35:14+00:00","dateModified":"2019-09-02T13:35:15+00:00","mainEntityOfPage":{"@id":"https:\/\/toutesnosenergies.fr\/index.php\/2019\/09\/02\/non-aux-eoliennes-face-au-canigou\/"},"wordCount":171,"commentCount":0,"publisher":{"@id":"https:\/\/toutesnosenergies.fr\/#organization"},"image":{"@id":"https:\/\/toutesnosenergies.fr\/index.php\/2019\/09\/02\/non-aux-eoliennes-face-au-canigou\/#primaryimage"},"thumbnailUrl":"https:\/\/toutesnosenergies.fr\/wp-content\/uploads\/2019\/09\/datPhoto3_51a4d6ac26cea_N-1024x683.jpg","articleSection":["Communiqu\u00e9s des associations"],"inLanguage":"fr-FR","potentialAction":[{"@type":"CommentAction","name":"Comment","target":["https:\/\/toutesnosenergies.fr\/index.php\/2019\/09\/02\/non-aux-eoliennes-face-au-canigou\/#respond"]}]},{"@type":"WebPage","@id":"https:\/\/toutesnosenergies.fr\/index.php\/2019\/09\/02\/non-aux-eoliennes-face-au-canigou\/","url":"https:\/\/toutesnosenergies.fr\/index.php\/2019\/09\/02\/non-aux-eoliennes-face-au-canigou\/","name":"NON aux \u00e9oliennes face au Canigou - Toutes Nos \u00c9nergies \u2013 Occitanie Environnement","isPartOf":{"@id":"https:\/\/toutesnosenergies.fr\/#website"},"primaryImageOfPage":{"@id":"https:\/\/toutesnosenergies.fr\/index.php\/2019\/09\/02\/non-aux-eoliennes-face-au-canigou\/#primaryimage"},"image":{"@id":"https:\/\/toutesnosenergies.fr\/index.php\/2019\/09\/02\/non-aux-eoliennes-face-au-canigou\/#primaryimage"},"thumbnailUrl":"https:\/\/toutesnosenergies.fr\/wp-content\/uploads\/2019\/09\/datPhoto3_51a4d6ac26cea_N-1024x683.jpg","datePublished":"2019-09-02T13:35:14+00:00","dateModified":"2019-09-02T13:35:15+00:00","breadcrumb":{"@id":"https:\/\/toutesnosenergies.fr\/index.php\/2019\/09\/02\/non-aux-eoliennes-face-au-canigou\/#breadcrumb"},"inLanguage":"fr-FR","potentialAction":[{"@type":"ReadAction","target":["https:\/\/toutesnosenergies.fr\/index.php\/2019\/09\/02\/non-aux-eoliennes-face-au-canigou\/"]}]},{"@type":"ImageObject","inLanguage":"fr-FR","@id":"https:\/\/toutesnosenergies.fr\/index.php\/2019\/09\/02\/non-aux-eoliennes-face-au-canigou\/#primaryimage","url":"https:\/\/toutesnosenergies.fr\/wp-content\/uploads\/2019\/09\/datPhoto3_51a4d6ac26cea_N.jpg","contentUrl":"https:\/\/toutesnosenergies.fr\/wp-content\/uploads\/2019\/09\/datPhoto3_51a4d6ac26cea_N.jpg","width":1200,"height":800},{"@type":"BreadcrumbList","@id":"https:\/\/toutesnosenergies.fr\/index.php\/2019\/09\/02\/non-aux-eoliennes-face-au-canigou\/#breadcrumb","itemListElement":[{"@type":"ListItem","position":1,"name":"Accueil","item":"https:\/\/toutesnosenergies.fr\/"},{"@type":"ListItem","position":2,"name":"NON aux \u00e9oliennes face au Canigou"}]},{"@type":"WebSite","@id":"https:\/\/toutesnosenergies.fr\/#website","url":"https:\/\/toutesnosenergies.fr\/","name":"Toutes Nos \u00c9nergies \u2013 Occitanie Environnement","description":"Pour une \u00e9nergie respectueuse du vivant et des territoires ruraux en Occitanie","publisher":{"@id":"https:\/\/toutesnosenergies.fr\/#organization"},"potentialAction":[{"@type":"SearchAction","target":{"@type":"EntryPoint","urlTemplate":"https:\/\/toutesnosenergies.fr\/?s={search_term_string}"},"query-input":{"@type":"PropertyValueSpecification","valueRequired":true,"valueName":"search_term_string"}}],"inLanguage":"fr-FR"},{"@type":"Organization","@id":"https:\/\/toutesnosenergies.fr\/#organization","name":"Toutes Nos \u00c9nergies \u2013 Occitanie Environnement","url":"https:\/\/toutesnosenergies.fr\/","logo":{"@type":"ImageObject","inLanguage":"fr-FR","@id":"https:\/\/toutesnosenergies.fr\/#\/schema\/logo\/image\/","url":"https:\/\/toutesnosenergies.fr\/wp-content\/uploads\/2023\/01\/Petit-logo.png","contentUrl":"https:\/\/toutesnosenergies.fr\/wp-content\/uploads\/2023\/01\/Petit-logo.png","width":360,"height":102,"caption":"Toutes Nos \u00c9nergies \u2013 Occitanie Environnement"},"image":{"@id":"https:\/\/toutesnosenergies.fr\/#\/schema\/logo\/image\/"},"sameAs":["https:\/\/www.facebook.com\/TNEtoutesnosenergiesOccitanieEnvironnement"]},{"@type":"Person","@id":"https:\/\/toutesnosenergies.fr\/#\/schema\/person\/83b429b7810ce59e0a21afb7e0b3cb1c","name":"WM81","image":{"@type":"ImageObject","inLanguage":"fr-FR","@id":"https:\/\/secure.gravatar.com\/avatar\/aa9bf2bd97a7297274c53294f09e800c7ee0d88290f959d5d49f9380299b9ff1?s=96&d=mm&r=g","url":"https:\/\/secure.gravatar.com\/avatar\/aa9bf2bd97a7297274c53294f09e800c7ee0d88290f959d5d49f9380299b9ff1?s=96&d=mm&r=g","contentUrl":"https:\/\/secure.gravatar.com\/avatar\/aa9bf2bd97a7297274c53294f09e800c7ee0d88290f959d5d49f9380299b9ff1?s=96&d=mm&r=g","caption":"WM81"},"sameAs":["http:\/\/toutesnosenergies.fr"],"url":"https:\/\/toutesnosenergies.fr\/index.php\/author\/wm81\/"}]}},"_links":{"self":[{"href":"https:\/\/toutesnosenergies.fr\/index.php\/wp-json\/wp\/v2\/posts\/2839","targetHints":{"allow":["GET"]}}],"collection":[{"href":"https:\/\/toutesnosenergies.fr\/index.php\/wp-json\/wp\/v2\/posts"}],"about":[{"href":"https:\/\/toutesnosenergies.fr\/index.php\/wp-json\/wp\/v2\/types\/post"}],"author":[{"embeddable":true,"href":"https:\/\/toutesnosenergies.fr\/index.php\/wp-json\/wp\/v2\/users\/3"}],"replies":[{"embeddable":true,"href":"https:\/\/toutesnosenergies.fr\/index.php\/wp-json\/wp\/v2\/comments?post=2839"}],"version-history":[{"count":1,"href":"https:\/\/toutesnosenergies.fr\/index.php\/wp-json\/wp\/v2\/posts\/2839\/revisions"}],"predecessor-version":[{"id":2841,"href":"https:\/\/toutesnosenergies.fr\/index.php\/wp-json\/wp\/v2\/posts\/2839\/revisions\/2841"}],"wp:attachment":[{"href":"https:\/\/toutesnosenergies.fr\/index.php\/wp-json\/wp\/v2\/media?parent=2839"}],"wp:term":[{"taxonomy":"category","embeddable":true,"href":"https:\/\/toutesnosenergies.fr\/index.php\/wp-json\/wp\/v2\/categories?post=2839"},{"taxonomy":"post_tag","embeddable":true,"href":"https:\/\/toutesnosenergies.fr\/index.php\/wp-json\/wp\/v2\/tags?post=2839"}],"curies":[{"name":"wp","href":"https:\/\/api.w.org\/{rel}","templated":true}]}}