{"id":2842,"date":"2019-09-05T18:24:20","date_gmt":"2019-09-05T16:24:20","guid":{"rendered":"https:\/\/toutesnosenergies.fr\/?p=2842"},"modified":"2019-09-05T18:25:23","modified_gmt":"2019-09-05T16:25:23","slug":"le-succes-de-leolien-remis-en-cause-en-allemagne","status":"publish","type":"post","link":"https:\/\/toutesnosenergies.fr\/index.php\/2019\/09\/05\/le-succes-de-leolien-remis-en-cause-en-allemagne\/","title":{"rendered":"Le succ\u00e8s de l&rsquo;\u00e9olien remis en cause en Allemagne"},"content":{"rendered":"\n<p><a href=\"https:\/\/www.boursorama.com\/actualite-economique\/actualites\/allemagne-l-eolien-pilier-de-la-transition-energetique-vacille-d93ce2dbc1c7395e344f4c0c4e5b2874\">Une d\u00e9p\u00eache de l&rsquo;AFP<\/a>, reprise par le site \u00e9conomique et boursier Boursorama, d\u00e9crit les probl\u00e8mes graves que rencontre le d\u00e9veloppement de l&rsquo;\u00e9olien en Allemagne, qui contraint Angela Merkel a organiser une r\u00e9union au niveau du gouvernement. <\/p>\n\n\n\n<div class=\"wp-block-image\"><figure class=\"alignleft is-resized\"><img loading=\"lazy\" decoding=\"async\" src=\"https:\/\/toutesnosenergies.fr\/wp-content\/uploads\/2019\/09\/Allemagne-1024x623.png\" alt=\"\" class=\"wp-image-2843\" width=\"357\" height=\"216\" srcset=\"https:\/\/toutesnosenergies.fr\/wp-content\/uploads\/2019\/09\/Allemagne-1024x623.png 1024w, https:\/\/toutesnosenergies.fr\/wp-content\/uploads\/2019\/09\/Allemagne-300x183.png 300w, https:\/\/toutesnosenergies.fr\/wp-content\/uploads\/2019\/09\/Allemagne-768x467.png 768w, https:\/\/toutesnosenergies.fr\/wp-content\/uploads\/2019\/09\/Allemagne.png 1200w\" sizes=\"auto, (max-width: 357px) 100vw, 357px\" \/><figcaption>Une turbine \u00e9olienne au premier plan, devant les installation d&rsquo;une centrale \u00e0 charbon pr\u00e8s de Niederaussem en Allemagne le 25 avril 2019. <br>( AFP \/ INA FASSBENDER )<\/figcaption><\/figure><\/div>\n\n\n\n<p>C&rsquo;est une \u00ab\u00a0une crise ouverte aux ramifications sociales et politiques\u00a0\u00bb : recul du nombre de nouvelles turbines install\u00e9es, pr\u00e8s de 26 000 emplois supprim\u00e9s, premi\u00e8re fermeture d&rsquo;une entreprise de fabrication d&rsquo;\u00e9oliennes.<\/p>\n\n\n\n<p>L&rsquo;opposition des riverains, la fin des subventions publiques et la mise en concurrence des investisseurs sont les principales explications de cette crise. <\/p>\n\n\n\n<p>Ne nous r\u00e9jouissons pas trop vite, en agitant l&rsquo;\u00e9pouvantail de la r\u00e9cup\u00e9ration par l&rsquo;extr\u00eame-droite (AfD) les lobbies montent \u00e0 l&rsquo;assaut du gouvernement f\u00e9d\u00e9ral pour que la r\u00e9glementation soit uniformis\u00e9e et que les aides publiques soient r\u00e9tablies.<\/p>\n","protected":false},"excerpt":{"rendered":"<p>Une d\u00e9p\u00eache de l&rsquo;AFP, reprise par le site \u00e9conomique et boursier Boursorama, d\u00e9crit les probl\u00e8mes graves que rencontre le d\u00e9veloppement de l&rsquo;\u00e9olien en Allemagne, qui contraint Angela Merkel a organiser une r\u00e9union au niveau du gouvernement. C&rsquo;est une \u00ab\u00a0une crise ouverte aux ramifications sociales et politiques\u00a0\u00bb : recul du nombre de nouvelles turbines install\u00e9es, pr\u00e8s &#8230; <a title=\"Le succ\u00e8s de l&rsquo;\u00e9olien remis en cause en Allemagne\" class=\"read-more\" href=\"https:\/\/toutesnosenergies.fr\/index.php\/2019\/09\/05\/le-succes-de-leolien-remis-en-cause-en-allemagne\/\" aria-label=\"Plus sur Le succ\u00e8s de l&rsquo;\u00e9olien remis en cause en Allemagne\">Lire plus<\/a><\/p>\n","protected":false},"author":3,"featured_media":0,"comment_status":"open","ping_status":"open","sticky":false,"template":"","format":"standard","meta":{"_cbd_carousel_blocks":"[]","sfsi_plus_gutenberg_text_before_share":"","sfsi_plus_gutenberg_show_text_before_share":"","sfsi_plus_gutenberg_icon_type":"","sfsi_plus_gutenberg_icon_alignemt":"","sfsi_plus_gutenburg_max_per_row":"","footnotes":""},"categories":[11],"tags":[],"class_list":["post-2842","post","type-post","status-publish","format-standard","hentry","category-dans-la-presse"],"yoast_head":"<!-- This site is optimized with the Yoast SEO plugin v27.4 - https:\/\/yoast.com\/product\/yoast-seo-wordpress\/ -->\n<title>Le succ\u00e8s de l&#039;\u00e9olien remis en cause en Allemagne - Toutes Nos \u00c9nergies \u2013 Occitanie Environnement<\/title>\n<meta name=\"robots\" content=\"index, follow, max-snippet:-1, max-image-preview:large, max-video-preview:-1\" \/>\n<link rel=\"canonical\" href=\"https:\/\/toutesnosenergies.fr\/index.php\/2019\/09\/05\/le-succes-de-leolien-remis-en-cause-en-allemagne\/\" \/>\n<meta property=\"og:locale\" content=\"fr_FR\" \/>\n<meta property=\"og:type\" content=\"article\" \/>\n<meta property=\"og:title\" content=\"Le succ\u00e8s de l&#039;\u00e9olien remis en cause en Allemagne - Toutes Nos \u00c9nergies \u2013 Occitanie Environnement\" \/>\n<meta property=\"og:description\" content=\"Une d\u00e9p\u00eache de l&rsquo;AFP, reprise par le site \u00e9conomique et boursier Boursorama, d\u00e9crit les probl\u00e8mes graves que rencontre le d\u00e9veloppement de l&rsquo;\u00e9olien en Allemagne, qui contraint Angela Merkel a organiser une r\u00e9union au niveau du gouvernement. C&rsquo;est une \u00ab\u00a0une crise ouverte aux ramifications sociales et politiques\u00a0\u00bb : recul du nombre de nouvelles turbines install\u00e9es, pr\u00e8s ... Lire plus\" \/>\n<meta property=\"og:url\" content=\"https:\/\/toutesnosenergies.fr\/index.php\/2019\/09\/05\/le-succes-de-leolien-remis-en-cause-en-allemagne\/\" \/>\n<meta property=\"og:site_name\" content=\"Toutes Nos \u00c9nergies \u2013 Occitanie Environnement\" \/>\n<meta property=\"article:publisher\" content=\"https:\/\/www.facebook.com\/TNEtoutesnosenergiesOccitanieEnvironnement\" \/>\n<meta property=\"article:published_time\" content=\"2019-09-05T16:24:20+00:00\" \/>\n<meta property=\"article:modified_time\" content=\"2019-09-05T16:25:23+00:00\" \/>\n<meta property=\"og:image\" content=\"https:\/\/toutesnosenergies.fr\/wp-content\/uploads\/2019\/09\/Allemagne-1024x623.png\" \/>\n<meta name=\"author\" content=\"WM81\" \/>\n<meta name=\"twitter:card\" content=\"summary_large_image\" \/>\n<meta name=\"twitter:label1\" content=\"\u00c9crit par\" \/>\n\t<meta name=\"twitter:data1\" content=\"WM81\" \/>\n\t<meta name=\"twitter:label2\" content=\"Dur\u00e9e de lecture estim\u00e9e\" \/>\n\t<meta name=\"twitter:data2\" content=\"1 minute\" \/>\n<script type=\"application\/ld+json\" class=\"yoast-schema-graph\">{\"@context\":\"https:\\\/\\\/schema.org\",\"@graph\":[{\"@type\":\"Article\",\"@id\":\"https:\\\/\\\/toutesnosenergies.fr\\\/index.php\\\/2019\\\/09\\\/05\\\/le-succes-de-leolien-remis-en-cause-en-allemagne\\\/#article\",\"isPartOf\":{\"@id\":\"https:\\\/\\\/toutesnosenergies.fr\\\/index.php\\\/2019\\\/09\\\/05\\\/le-succes-de-leolien-remis-en-cause-en-allemagne\\\/\"},\"author\":{\"name\":\"WM81\",\"@id\":\"https:\\\/\\\/toutesnosenergies.fr\\\/#\\\/schema\\\/person\\\/83b429b7810ce59e0a21afb7e0b3cb1c\"},\"headline\":\"Le succ\u00e8s de l&rsquo;\u00e9olien remis en cause en Allemagne\",\"datePublished\":\"2019-09-05T16:24:20+00:00\",\"dateModified\":\"2019-09-05T16:25:23+00:00\",\"mainEntityOfPage\":{\"@id\":\"https:\\\/\\\/toutesnosenergies.fr\\\/index.php\\\/2019\\\/09\\\/05\\\/le-succes-de-leolien-remis-en-cause-en-allemagne\\\/\"},\"wordCount\":177,\"commentCount\":0,\"publisher\":{\"@id\":\"https:\\\/\\\/toutesnosenergies.fr\\\/#organization\"},\"image\":{\"@id\":\"https:\\\/\\\/toutesnosenergies.fr\\\/index.php\\\/2019\\\/09\\\/05\\\/le-succes-de-leolien-remis-en-cause-en-allemagne\\\/#primaryimage\"},\"thumbnailUrl\":\"https:\\\/\\\/toutesnosenergies.fr\\\/wp-content\\\/uploads\\\/2019\\\/09\\\/Allemagne-1024x623.png\",\"articleSection\":[\"Dans la presse\"],\"inLanguage\":\"fr-FR\",\"potentialAction\":[{\"@type\":\"CommentAction\",\"name\":\"Comment\",\"target\":[\"https:\\\/\\\/toutesnosenergies.fr\\\/index.php\\\/2019\\\/09\\\/05\\\/le-succes-de-leolien-remis-en-cause-en-allemagne\\\/#respond\"]}]},{\"@type\":\"WebPage\",\"@id\":\"https:\\\/\\\/toutesnosenergies.fr\\\/index.php\\\/2019\\\/09\\\/05\\\/le-succes-de-leolien-remis-en-cause-en-allemagne\\\/\",\"url\":\"https:\\\/\\\/toutesnosenergies.fr\\\/index.php\\\/2019\\\/09\\\/05\\\/le-succes-de-leolien-remis-en-cause-en-allemagne\\\/\",\"name\":\"Le succ\u00e8s de l'\u00e9olien remis en cause en Allemagne - Toutes Nos \u00c9nergies \u2013 Occitanie Environnement\",\"isPartOf\":{\"@id\":\"https:\\\/\\\/toutesnosenergies.fr\\\/#website\"},\"primaryImageOfPage\":{\"@id\":\"https:\\\/\\\/toutesnosenergies.fr\\\/index.php\\\/2019\\\/09\\\/05\\\/le-succes-de-leolien-remis-en-cause-en-allemagne\\\/#primaryimage\"},\"image\":{\"@id\":\"https:\\\/\\\/toutesnosenergies.fr\\\/index.php\\\/2019\\\/09\\\/05\\\/le-succes-de-leolien-remis-en-cause-en-allemagne\\\/#primaryimage\"},\"thumbnailUrl\":\"https:\\\/\\\/toutesnosenergies.fr\\\/wp-content\\\/uploads\\\/2019\\\/09\\\/Allemagne-1024x623.png\",\"datePublished\":\"2019-09-05T16:24:20+00:00\",\"dateModified\":\"2019-09-05T16:25:23+00:00\",\"breadcrumb\":{\"@id\":\"https:\\\/\\\/toutesnosenergies.fr\\\/index.php\\\/2019\\\/09\\\/05\\\/le-succes-de-leolien-remis-en-cause-en-allemagne\\\/#breadcrumb\"},\"inLanguage\":\"fr-FR\",\"potentialAction\":[{\"@type\":\"ReadAction\",\"target\":[\"https:\\\/\\\/toutesnosenergies.fr\\\/index.php\\\/2019\\\/09\\\/05\\\/le-succes-de-leolien-remis-en-cause-en-allemagne\\\/\"]}]},{\"@type\":\"ImageObject\",\"inLanguage\":\"fr-FR\",\"@id\":\"https:\\\/\\\/toutesnosenergies.fr\\\/index.php\\\/2019\\\/09\\\/05\\\/le-succes-de-leolien-remis-en-cause-en-allemagne\\\/#primaryimage\",\"url\":\"https:\\\/\\\/toutesnosenergies.fr\\\/wp-content\\\/uploads\\\/2019\\\/09\\\/Allemagne.png\",\"contentUrl\":\"https:\\\/\\\/toutesnosenergies.fr\\\/wp-content\\\/uploads\\\/2019\\\/09\\\/Allemagne.png\",\"width\":1200,\"height\":730},{\"@type\":\"BreadcrumbList\",\"@id\":\"https:\\\/\\\/toutesnosenergies.fr\\\/index.php\\\/2019\\\/09\\\/05\\\/le-succes-de-leolien-remis-en-cause-en-allemagne\\\/#breadcrumb\",\"itemListElement\":[{\"@type\":\"ListItem\",\"position\":1,\"name\":\"Accueil\",\"item\":\"https:\\\/\\\/toutesnosenergies.fr\\\/\"},{\"@type\":\"ListItem\",\"position\":2,\"name\":\"Le succ\u00e8s de l&#8217;\u00e9olien remis en cause en Allemagne\"}]},{\"@type\":\"WebSite\",\"@id\":\"https:\\\/\\\/toutesnosenergies.fr\\\/#website\",\"url\":\"https:\\\/\\\/toutesnosenergies.fr\\\/\",\"name\":\"Toutes Nos \u00c9nergies \u2013 Occitanie Environnement\",\"description\":\"Pour une \u00e9nergie respectueuse du vivant et des territoires ruraux en Occitanie\",\"publisher\":{\"@id\":\"https:\\\/\\\/toutesnosenergies.fr\\\/#organization\"},\"potentialAction\":[{\"@type\":\"SearchAction\",\"target\":{\"@type\":\"EntryPoint\",\"urlTemplate\":\"https:\\\/\\\/toutesnosenergies.fr\\\/?s={search_term_string}\"},\"query-input\":{\"@type\":\"PropertyValueSpecification\",\"valueRequired\":true,\"valueName\":\"search_term_string\"}}],\"inLanguage\":\"fr-FR\"},{\"@type\":\"Organization\",\"@id\":\"https:\\\/\\\/toutesnosenergies.fr\\\/#organization\",\"name\":\"Toutes Nos \u00c9nergies \u2013 Occitanie Environnement\",\"url\":\"https:\\\/\\\/toutesnosenergies.fr\\\/\",\"logo\":{\"@type\":\"ImageObject\",\"inLanguage\":\"fr-FR\",\"@id\":\"https:\\\/\\\/toutesnosenergies.fr\\\/#\\\/schema\\\/logo\\\/image\\\/\",\"url\":\"https:\\\/\\\/toutesnosenergies.fr\\\/wp-content\\\/uploads\\\/2023\\\/01\\\/Petit-logo.png\",\"contentUrl\":\"https:\\\/\\\/toutesnosenergies.fr\\\/wp-content\\\/uploads\\\/2023\\\/01\\\/Petit-logo.png\",\"width\":360,\"height\":102,\"caption\":\"Toutes Nos \u00c9nergies \u2013 Occitanie Environnement\"},\"image\":{\"@id\":\"https:\\\/\\\/toutesnosenergies.fr\\\/#\\\/schema\\\/logo\\\/image\\\/\"},\"sameAs\":[\"https:\\\/\\\/www.facebook.com\\\/TNEtoutesnosenergiesOccitanieEnvironnement\"]},{\"@type\":\"Person\",\"@id\":\"https:\\\/\\\/toutesnosenergies.fr\\\/#\\\/schema\\\/person\\\/83b429b7810ce59e0a21afb7e0b3cb1c\",\"name\":\"WM81\",\"image\":{\"@type\":\"ImageObject\",\"inLanguage\":\"fr-FR\",\"@id\":\"https:\\\/\\\/secure.gravatar.com\\\/avatar\\\/aa9bf2bd97a7297274c53294f09e800c7ee0d88290f959d5d49f9380299b9ff1?s=96&d=mm&r=g\",\"url\":\"https:\\\/\\\/secure.gravatar.com\\\/avatar\\\/aa9bf2bd97a7297274c53294f09e800c7ee0d88290f959d5d49f9380299b9ff1?s=96&d=mm&r=g\",\"contentUrl\":\"https:\\\/\\\/secure.gravatar.com\\\/avatar\\\/aa9bf2bd97a7297274c53294f09e800c7ee0d88290f959d5d49f9380299b9ff1?s=96&d=mm&r=g\",\"caption\":\"WM81\"},\"sameAs\":[\"http:\\\/\\\/toutesnosenergies.fr\"],\"url\":\"https:\\\/\\\/toutesnosenergies.fr\\\/index.php\\\/author\\\/wm81\\\/\"}]}<\/script>\n<!-- \/ Yoast SEO plugin. -->","yoast_head_json":{"title":"Le succ\u00e8s de l'\u00e9olien remis en cause en Allemagne - Toutes Nos \u00c9nergies \u2013 Occitanie Environnement","robots":{"index":"index","follow":"follow","max-snippet":"max-snippet:-1","max-image-preview":"max-image-preview:large","max-video-preview":"max-video-preview:-1"},"canonical":"https:\/\/toutesnosenergies.fr\/index.php\/2019\/09\/05\/le-succes-de-leolien-remis-en-cause-en-allemagne\/","og_locale":"fr_FR","og_type":"article","og_title":"Le succ\u00e8s de l'\u00e9olien remis en cause en Allemagne - Toutes Nos \u00c9nergies \u2013 Occitanie Environnement","og_description":"Une d\u00e9p\u00eache de l&rsquo;AFP, reprise par le site \u00e9conomique et boursier Boursorama, d\u00e9crit les probl\u00e8mes graves que rencontre le d\u00e9veloppement de l&rsquo;\u00e9olien en Allemagne, qui contraint Angela Merkel a organiser une r\u00e9union au niveau du gouvernement. C&rsquo;est une \u00ab\u00a0une crise ouverte aux ramifications sociales et politiques\u00a0\u00bb : recul du nombre de nouvelles turbines install\u00e9es, pr\u00e8s ... Lire plus","og_url":"https:\/\/toutesnosenergies.fr\/index.php\/2019\/09\/05\/le-succes-de-leolien-remis-en-cause-en-allemagne\/","og_site_name":"Toutes Nos \u00c9nergies \u2013 Occitanie Environnement","article_publisher":"https:\/\/www.facebook.com\/TNEtoutesnosenergiesOccitanieEnvironnement","article_published_time":"2019-09-05T16:24:20+00:00","article_modified_time":"2019-09-05T16:25:23+00:00","og_image":[{"url":"https:\/\/toutesnosenergies.fr\/wp-content\/uploads\/2019\/09\/Allemagne-1024x623.png","type":"","width":"","height":""}],"author":"WM81","twitter_card":"summary_large_image","twitter_misc":{"\u00c9crit par":"WM81","Dur\u00e9e de lecture estim\u00e9e":"1 minute"},"schema":{"@context":"https:\/\/schema.org","@graph":[{"@type":"Article","@id":"https:\/\/toutesnosenergies.fr\/index.php\/2019\/09\/05\/le-succes-de-leolien-remis-en-cause-en-allemagne\/#article","isPartOf":{"@id":"https:\/\/toutesnosenergies.fr\/index.php\/2019\/09\/05\/le-succes-de-leolien-remis-en-cause-en-allemagne\/"},"author":{"name":"WM81","@id":"https:\/\/toutesnosenergies.fr\/#\/schema\/person\/83b429b7810ce59e0a21afb7e0b3cb1c"},"headline":"Le succ\u00e8s de l&rsquo;\u00e9olien remis en cause en Allemagne","datePublished":"2019-09-05T16:24:20+00:00","dateModified":"2019-09-05T16:25:23+00:00","mainEntityOfPage":{"@id":"https:\/\/toutesnosenergies.fr\/index.php\/2019\/09\/05\/le-succes-de-leolien-remis-en-cause-en-allemagne\/"},"wordCount":177,"commentCount":0,"publisher":{"@id":"https:\/\/toutesnosenergies.fr\/#organization"},"image":{"@id":"https:\/\/toutesnosenergies.fr\/index.php\/2019\/09\/05\/le-succes-de-leolien-remis-en-cause-en-allemagne\/#primaryimage"},"thumbnailUrl":"https:\/\/toutesnosenergies.fr\/wp-content\/uploads\/2019\/09\/Allemagne-1024x623.png","articleSection":["Dans la presse"],"inLanguage":"fr-FR","potentialAction":[{"@type":"CommentAction","name":"Comment","target":["https:\/\/toutesnosenergies.fr\/index.php\/2019\/09\/05\/le-succes-de-leolien-remis-en-cause-en-allemagne\/#respond"]}]},{"@type":"WebPage","@id":"https:\/\/toutesnosenergies.fr\/index.php\/2019\/09\/05\/le-succes-de-leolien-remis-en-cause-en-allemagne\/","url":"https:\/\/toutesnosenergies.fr\/index.php\/2019\/09\/05\/le-succes-de-leolien-remis-en-cause-en-allemagne\/","name":"Le succ\u00e8s de l'\u00e9olien remis en cause en Allemagne - Toutes Nos \u00c9nergies \u2013 Occitanie Environnement","isPartOf":{"@id":"https:\/\/toutesnosenergies.fr\/#website"},"primaryImageOfPage":{"@id":"https:\/\/toutesnosenergies.fr\/index.php\/2019\/09\/05\/le-succes-de-leolien-remis-en-cause-en-allemagne\/#primaryimage"},"image":{"@id":"https:\/\/toutesnosenergies.fr\/index.php\/2019\/09\/05\/le-succes-de-leolien-remis-en-cause-en-allemagne\/#primaryimage"},"thumbnailUrl":"https:\/\/toutesnosenergies.fr\/wp-content\/uploads\/2019\/09\/Allemagne-1024x623.png","datePublished":"2019-09-05T16:24:20+00:00","dateModified":"2019-09-05T16:25:23+00:00","breadcrumb":{"@id":"https:\/\/toutesnosenergies.fr\/index.php\/2019\/09\/05\/le-succes-de-leolien-remis-en-cause-en-allemagne\/#breadcrumb"},"inLanguage":"fr-FR","potentialAction":[{"@type":"ReadAction","target":["https:\/\/toutesnosenergies.fr\/index.php\/2019\/09\/05\/le-succes-de-leolien-remis-en-cause-en-allemagne\/"]}]},{"@type":"ImageObject","inLanguage":"fr-FR","@id":"https:\/\/toutesnosenergies.fr\/index.php\/2019\/09\/05\/le-succes-de-leolien-remis-en-cause-en-allemagne\/#primaryimage","url":"https:\/\/toutesnosenergies.fr\/wp-content\/uploads\/2019\/09\/Allemagne.png","contentUrl":"https:\/\/toutesnosenergies.fr\/wp-content\/uploads\/2019\/09\/Allemagne.png","width":1200,"height":730},{"@type":"BreadcrumbList","@id":"https:\/\/toutesnosenergies.fr\/index.php\/2019\/09\/05\/le-succes-de-leolien-remis-en-cause-en-allemagne\/#breadcrumb","itemListElement":[{"@type":"ListItem","position":1,"name":"Accueil","item":"https:\/\/toutesnosenergies.fr\/"},{"@type":"ListItem","position":2,"name":"Le succ\u00e8s de l&#8217;\u00e9olien remis en cause en Allemagne"}]},{"@type":"WebSite","@id":"https:\/\/toutesnosenergies.fr\/#website","url":"https:\/\/toutesnosenergies.fr\/","name":"Toutes Nos \u00c9nergies \u2013 Occitanie Environnement","description":"Pour une \u00e9nergie respectueuse du vivant et des territoires ruraux en Occitanie","publisher":{"@id":"https:\/\/toutesnosenergies.fr\/#organization"},"potentialAction":[{"@type":"SearchAction","target":{"@type":"EntryPoint","urlTemplate":"https:\/\/toutesnosenergies.fr\/?s={search_term_string}"},"query-input":{"@type":"PropertyValueSpecification","valueRequired":true,"valueName":"search_term_string"}}],"inLanguage":"fr-FR"},{"@type":"Organization","@id":"https:\/\/toutesnosenergies.fr\/#organization","name":"Toutes Nos \u00c9nergies \u2013 Occitanie Environnement","url":"https:\/\/toutesnosenergies.fr\/","logo":{"@type":"ImageObject","inLanguage":"fr-FR","@id":"https:\/\/toutesnosenergies.fr\/#\/schema\/logo\/image\/","url":"https:\/\/toutesnosenergies.fr\/wp-content\/uploads\/2023\/01\/Petit-logo.png","contentUrl":"https:\/\/toutesnosenergies.fr\/wp-content\/uploads\/2023\/01\/Petit-logo.png","width":360,"height":102,"caption":"Toutes Nos \u00c9nergies \u2013 Occitanie Environnement"},"image":{"@id":"https:\/\/toutesnosenergies.fr\/#\/schema\/logo\/image\/"},"sameAs":["https:\/\/www.facebook.com\/TNEtoutesnosenergiesOccitanieEnvironnement"]},{"@type":"Person","@id":"https:\/\/toutesnosenergies.fr\/#\/schema\/person\/83b429b7810ce59e0a21afb7e0b3cb1c","name":"WM81","image":{"@type":"ImageObject","inLanguage":"fr-FR","@id":"https:\/\/secure.gravatar.com\/avatar\/aa9bf2bd97a7297274c53294f09e800c7ee0d88290f959d5d49f9380299b9ff1?s=96&d=mm&r=g","url":"https:\/\/secure.gravatar.com\/avatar\/aa9bf2bd97a7297274c53294f09e800c7ee0d88290f959d5d49f9380299b9ff1?s=96&d=mm&r=g","contentUrl":"https:\/\/secure.gravatar.com\/avatar\/aa9bf2bd97a7297274c53294f09e800c7ee0d88290f959d5d49f9380299b9ff1?s=96&d=mm&r=g","caption":"WM81"},"sameAs":["http:\/\/toutesnosenergies.fr"],"url":"https:\/\/toutesnosenergies.fr\/index.php\/author\/wm81\/"}]}},"_links":{"self":[{"href":"https:\/\/toutesnosenergies.fr\/index.php\/wp-json\/wp\/v2\/posts\/2842","targetHints":{"allow":["GET"]}}],"collection":[{"href":"https:\/\/toutesnosenergies.fr\/index.php\/wp-json\/wp\/v2\/posts"}],"about":[{"href":"https:\/\/toutesnosenergies.fr\/index.php\/wp-json\/wp\/v2\/types\/post"}],"author":[{"embeddable":true,"href":"https:\/\/toutesnosenergies.fr\/index.php\/wp-json\/wp\/v2\/users\/3"}],"replies":[{"embeddable":true,"href":"https:\/\/toutesnosenergies.fr\/index.php\/wp-json\/wp\/v2\/comments?post=2842"}],"version-history":[{"count":2,"href":"https:\/\/toutesnosenergies.fr\/index.php\/wp-json\/wp\/v2\/posts\/2842\/revisions"}],"predecessor-version":[{"id":2845,"href":"https:\/\/toutesnosenergies.fr\/index.php\/wp-json\/wp\/v2\/posts\/2842\/revisions\/2845"}],"wp:attachment":[{"href":"https:\/\/toutesnosenergies.fr\/index.php\/wp-json\/wp\/v2\/media?parent=2842"}],"wp:term":[{"taxonomy":"category","embeddable":true,"href":"https:\/\/toutesnosenergies.fr\/index.php\/wp-json\/wp\/v2\/categories?post=2842"},{"taxonomy":"post_tag","embeddable":true,"href":"https:\/\/toutesnosenergies.fr\/index.php\/wp-json\/wp\/v2\/tags?post=2842"}],"curies":[{"name":"wp","href":"https:\/\/api.w.org\/{rel}","templated":true}]}}