{"id":2862,"date":"2019-09-23T18:17:02","date_gmt":"2019-09-23T16:17:02","guid":{"rendered":"https:\/\/toutesnosenergies.fr\/?p=2862"},"modified":"2019-09-23T18:17:04","modified_gmt":"2019-09-23T16:17:04","slug":"une-audition-par-le-ceser","status":"publish","type":"post","link":"https:\/\/toutesnosenergies.fr\/index.php\/2019\/09\/23\/une-audition-par-le-ceser\/","title":{"rendered":"Une audition par le CESER"},"content":{"rendered":"\n<h4 class=\"wp-block-heading\">TNE Occitanie Environnement a \u00e9t\u00e9 auditionn\u00e9 le 19 septembre 2019 par le\u00a0CESER\u00a0Occitanie (Conseil Economique, Social et Environnemental R\u00e9gional).<\/h4>\n\n\n\n<p>Rappelons \u00e0 ce propos\u00a0ce que devrait \u00eatre une politique publique de transition \u00e9cologique r\u00e9ussie : <\/p>\n\n\n\n<ul class=\"wp-block-list\"><li>priorit\u00e9 \u00e0 la r\u00e9duction des consommations \u00a0d&rsquo;\u00e9nergies, <\/li><li>solutions de production coh\u00e9rentes avec notre environnement menac\u00e9, <\/li><li>prise en compte de l&rsquo;attractivit\u00e9 des territoires ruraux qui ont de la valeur et dont la vocation ne doit pas se limiter \u00e0 la production d&rsquo;\u00e9nergie, <\/li><li>possibilit\u00e9 donn\u00e9e \u00e0 tous les citoyens d&rsquo;\u00eatre acteurs de la transition \u00e9cologique d&rsquo;une mani\u00e8re adapt\u00e9e \u00e0 leurs territoires.<\/li><\/ul>\n\n\n\n<p>C\u2019est pourquoi TNE propose au Conseil de R\u00e9gion :<\/p>\n\n\n\n<ul class=\"wp-block-list\"><li>la d\u00e9marche REP\u00d2STA r\u00e9\u00e9quilibrant les solutions \u00a0pour une transition respectueuse de l&rsquo;environnement et des citoyens, et compatible avec les moyens \u00e9conomiques de la r\u00e9gion, <\/li><li>un moratoire sur l&rsquo;\u00e9olien terrestre, assorti d&rsquo;une \u00e9valuation. La\u00a0 r\u00e9gion est en capacit\u00e9 de prendre le temps de r\u00e9aliser cette \u00e9valuation compte tenu notamment de sa situation forte dans l&rsquo;\u00e9nergie renouvelable la plus efficace \u00e0 savoir l&rsquo;hydraulique (2\u00e8me r\u00e9gion en France).<\/li><\/ul>\n\n\n\n<p>Le dialogue est \u00e0 la fois une voie \u00e9troite et une voie porteuse d&rsquo;avenir. <br>TNE confirme \u00e0 la pr\u00e9sidence de R\u00e9gion sa volont\u00e9 patiente d&rsquo;y participer pleinement.<\/p>\n\n\n\n<p><\/p>\n\n\n\n<p><\/p>\n","protected":false},"excerpt":{"rendered":"<p>TNE Occitanie Environnement a \u00e9t\u00e9 auditionn\u00e9 le 19 septembre 2019 par le\u00a0CESER\u00a0Occitanie (Conseil Economique, Social et Environnemental R\u00e9gional). Rappelons \u00e0 ce propos\u00a0ce que devrait \u00eatre une politique publique de transition \u00e9cologique r\u00e9ussie : priorit\u00e9 \u00e0 la r\u00e9duction des consommations \u00a0d&rsquo;\u00e9nergies, solutions de production coh\u00e9rentes avec notre environnement menac\u00e9, prise en compte de l&rsquo;attractivit\u00e9 des territoires &#8230; <a title=\"Une audition par le CESER\" class=\"read-more\" href=\"https:\/\/toutesnosenergies.fr\/index.php\/2019\/09\/23\/une-audition-par-le-ceser\/\" aria-label=\"Plus sur Une audition par le CESER\">Lire plus<\/a><\/p>\n","protected":false},"author":3,"featured_media":0,"comment_status":"open","ping_status":"open","sticky":false,"template":"","format":"standard","meta":{"_cbd_carousel_blocks":"[]","sfsi_plus_gutenberg_text_before_share":"","sfsi_plus_gutenberg_show_text_before_share":"","sfsi_plus_gutenberg_icon_type":"","sfsi_plus_gutenberg_icon_alignemt":"","sfsi_plus_gutenburg_max_per_row":"","footnotes":""},"categories":[7],"tags":[],"class_list":["post-2862","post","type-post","status-publish","format-standard","hentry","category-communiques-collectif-tne-oe"],"yoast_head":"<!-- This site is optimized with the Yoast SEO plugin v27.4 - https:\/\/yoast.com\/product\/yoast-seo-wordpress\/ -->\n<title>Une audition par le CESER - Toutes Nos \u00c9nergies \u2013 Occitanie Environnement<\/title>\n<meta name=\"robots\" content=\"index, follow, max-snippet:-1, max-image-preview:large, max-video-preview:-1\" \/>\n<link rel=\"canonical\" href=\"https:\/\/toutesnosenergies.fr\/index.php\/2019\/09\/23\/une-audition-par-le-ceser\/\" \/>\n<meta property=\"og:locale\" content=\"fr_FR\" \/>\n<meta property=\"og:type\" content=\"article\" \/>\n<meta property=\"og:title\" content=\"Une audition par le CESER - Toutes Nos \u00c9nergies \u2013 Occitanie Environnement\" \/>\n<meta property=\"og:description\" content=\"TNE Occitanie Environnement a \u00e9t\u00e9 auditionn\u00e9 le 19 septembre 2019 par le\u00a0CESER\u00a0Occitanie (Conseil Economique, Social et Environnemental R\u00e9gional). Rappelons \u00e0 ce propos\u00a0ce que devrait \u00eatre une politique publique de transition \u00e9cologique r\u00e9ussie : priorit\u00e9 \u00e0 la r\u00e9duction des consommations \u00a0d&rsquo;\u00e9nergies, solutions de production coh\u00e9rentes avec notre environnement menac\u00e9, prise en compte de l&rsquo;attractivit\u00e9 des territoires ... Lire plus\" \/>\n<meta property=\"og:url\" content=\"https:\/\/toutesnosenergies.fr\/index.php\/2019\/09\/23\/une-audition-par-le-ceser\/\" \/>\n<meta property=\"og:site_name\" content=\"Toutes Nos \u00c9nergies \u2013 Occitanie Environnement\" \/>\n<meta property=\"article:publisher\" content=\"https:\/\/www.facebook.com\/TNEtoutesnosenergiesOccitanieEnvironnement\" \/>\n<meta property=\"article:published_time\" content=\"2019-09-23T16:17:02+00:00\" \/>\n<meta property=\"article:modified_time\" content=\"2019-09-23T16:17:04+00:00\" \/>\n<meta name=\"author\" content=\"WM81\" \/>\n<meta name=\"twitter:card\" content=\"summary_large_image\" \/>\n<meta name=\"twitter:label1\" content=\"\u00c9crit par\" \/>\n\t<meta name=\"twitter:data1\" content=\"WM81\" \/>\n\t<meta name=\"twitter:label2\" content=\"Dur\u00e9e de lecture estim\u00e9e\" \/>\n\t<meta name=\"twitter:data2\" content=\"1 minute\" \/>\n<script type=\"application\/ld+json\" class=\"yoast-schema-graph\">{\"@context\":\"https:\\\/\\\/schema.org\",\"@graph\":[{\"@type\":\"Article\",\"@id\":\"https:\\\/\\\/toutesnosenergies.fr\\\/index.php\\\/2019\\\/09\\\/23\\\/une-audition-par-le-ceser\\\/#article\",\"isPartOf\":{\"@id\":\"https:\\\/\\\/toutesnosenergies.fr\\\/index.php\\\/2019\\\/09\\\/23\\\/une-audition-par-le-ceser\\\/\"},\"author\":{\"name\":\"WM81\",\"@id\":\"https:\\\/\\\/toutesnosenergies.fr\\\/#\\\/schema\\\/person\\\/83b429b7810ce59e0a21afb7e0b3cb1c\"},\"headline\":\"Une audition par le CESER\",\"datePublished\":\"2019-09-23T16:17:02+00:00\",\"dateModified\":\"2019-09-23T16:17:04+00:00\",\"mainEntityOfPage\":{\"@id\":\"https:\\\/\\\/toutesnosenergies.fr\\\/index.php\\\/2019\\\/09\\\/23\\\/une-audition-par-le-ceser\\\/\"},\"wordCount\":212,\"commentCount\":0,\"publisher\":{\"@id\":\"https:\\\/\\\/toutesnosenergies.fr\\\/#organization\"},\"articleSection\":[\"Communiqu\u00e9s de TNE-OE\"],\"inLanguage\":\"fr-FR\",\"potentialAction\":[{\"@type\":\"CommentAction\",\"name\":\"Comment\",\"target\":[\"https:\\\/\\\/toutesnosenergies.fr\\\/index.php\\\/2019\\\/09\\\/23\\\/une-audition-par-le-ceser\\\/#respond\"]}]},{\"@type\":\"WebPage\",\"@id\":\"https:\\\/\\\/toutesnosenergies.fr\\\/index.php\\\/2019\\\/09\\\/23\\\/une-audition-par-le-ceser\\\/\",\"url\":\"https:\\\/\\\/toutesnosenergies.fr\\\/index.php\\\/2019\\\/09\\\/23\\\/une-audition-par-le-ceser\\\/\",\"name\":\"Une audition par le CESER - Toutes Nos \u00c9nergies \u2013 Occitanie Environnement\",\"isPartOf\":{\"@id\":\"https:\\\/\\\/toutesnosenergies.fr\\\/#website\"},\"datePublished\":\"2019-09-23T16:17:02+00:00\",\"dateModified\":\"2019-09-23T16:17:04+00:00\",\"breadcrumb\":{\"@id\":\"https:\\\/\\\/toutesnosenergies.fr\\\/index.php\\\/2019\\\/09\\\/23\\\/une-audition-par-le-ceser\\\/#breadcrumb\"},\"inLanguage\":\"fr-FR\",\"potentialAction\":[{\"@type\":\"ReadAction\",\"target\":[\"https:\\\/\\\/toutesnosenergies.fr\\\/index.php\\\/2019\\\/09\\\/23\\\/une-audition-par-le-ceser\\\/\"]}]},{\"@type\":\"BreadcrumbList\",\"@id\":\"https:\\\/\\\/toutesnosenergies.fr\\\/index.php\\\/2019\\\/09\\\/23\\\/une-audition-par-le-ceser\\\/#breadcrumb\",\"itemListElement\":[{\"@type\":\"ListItem\",\"position\":1,\"name\":\"Accueil\",\"item\":\"https:\\\/\\\/toutesnosenergies.fr\\\/\"},{\"@type\":\"ListItem\",\"position\":2,\"name\":\"Une audition par le CESER\"}]},{\"@type\":\"WebSite\",\"@id\":\"https:\\\/\\\/toutesnosenergies.fr\\\/#website\",\"url\":\"https:\\\/\\\/toutesnosenergies.fr\\\/\",\"name\":\"Toutes Nos \u00c9nergies \u2013 Occitanie Environnement\",\"description\":\"Pour une \u00e9nergie respectueuse du vivant et des territoires ruraux en Occitanie\",\"publisher\":{\"@id\":\"https:\\\/\\\/toutesnosenergies.fr\\\/#organization\"},\"potentialAction\":[{\"@type\":\"SearchAction\",\"target\":{\"@type\":\"EntryPoint\",\"urlTemplate\":\"https:\\\/\\\/toutesnosenergies.fr\\\/?s={search_term_string}\"},\"query-input\":{\"@type\":\"PropertyValueSpecification\",\"valueRequired\":true,\"valueName\":\"search_term_string\"}}],\"inLanguage\":\"fr-FR\"},{\"@type\":\"Organization\",\"@id\":\"https:\\\/\\\/toutesnosenergies.fr\\\/#organization\",\"name\":\"Toutes Nos \u00c9nergies \u2013 Occitanie Environnement\",\"url\":\"https:\\\/\\\/toutesnosenergies.fr\\\/\",\"logo\":{\"@type\":\"ImageObject\",\"inLanguage\":\"fr-FR\",\"@id\":\"https:\\\/\\\/toutesnosenergies.fr\\\/#\\\/schema\\\/logo\\\/image\\\/\",\"url\":\"https:\\\/\\\/toutesnosenergies.fr\\\/wp-content\\\/uploads\\\/2023\\\/01\\\/Petit-logo.png\",\"contentUrl\":\"https:\\\/\\\/toutesnosenergies.fr\\\/wp-content\\\/uploads\\\/2023\\\/01\\\/Petit-logo.png\",\"width\":360,\"height\":102,\"caption\":\"Toutes Nos \u00c9nergies \u2013 Occitanie Environnement\"},\"image\":{\"@id\":\"https:\\\/\\\/toutesnosenergies.fr\\\/#\\\/schema\\\/logo\\\/image\\\/\"},\"sameAs\":[\"https:\\\/\\\/www.facebook.com\\\/TNEtoutesnosenergiesOccitanieEnvironnement\"]},{\"@type\":\"Person\",\"@id\":\"https:\\\/\\\/toutesnosenergies.fr\\\/#\\\/schema\\\/person\\\/83b429b7810ce59e0a21afb7e0b3cb1c\",\"name\":\"WM81\",\"image\":{\"@type\":\"ImageObject\",\"inLanguage\":\"fr-FR\",\"@id\":\"https:\\\/\\\/secure.gravatar.com\\\/avatar\\\/aa9bf2bd97a7297274c53294f09e800c7ee0d88290f959d5d49f9380299b9ff1?s=96&d=mm&r=g\",\"url\":\"https:\\\/\\\/secure.gravatar.com\\\/avatar\\\/aa9bf2bd97a7297274c53294f09e800c7ee0d88290f959d5d49f9380299b9ff1?s=96&d=mm&r=g\",\"contentUrl\":\"https:\\\/\\\/secure.gravatar.com\\\/avatar\\\/aa9bf2bd97a7297274c53294f09e800c7ee0d88290f959d5d49f9380299b9ff1?s=96&d=mm&r=g\",\"caption\":\"WM81\"},\"sameAs\":[\"http:\\\/\\\/toutesnosenergies.fr\"],\"url\":\"https:\\\/\\\/toutesnosenergies.fr\\\/index.php\\\/author\\\/wm81\\\/\"}]}<\/script>\n<!-- \/ Yoast SEO plugin. -->","yoast_head_json":{"title":"Une audition par le CESER - Toutes Nos \u00c9nergies \u2013 Occitanie Environnement","robots":{"index":"index","follow":"follow","max-snippet":"max-snippet:-1","max-image-preview":"max-image-preview:large","max-video-preview":"max-video-preview:-1"},"canonical":"https:\/\/toutesnosenergies.fr\/index.php\/2019\/09\/23\/une-audition-par-le-ceser\/","og_locale":"fr_FR","og_type":"article","og_title":"Une audition par le CESER - Toutes Nos \u00c9nergies \u2013 Occitanie Environnement","og_description":"TNE Occitanie Environnement a \u00e9t\u00e9 auditionn\u00e9 le 19 septembre 2019 par le\u00a0CESER\u00a0Occitanie (Conseil Economique, Social et Environnemental R\u00e9gional). Rappelons \u00e0 ce propos\u00a0ce que devrait \u00eatre une politique publique de transition \u00e9cologique r\u00e9ussie : priorit\u00e9 \u00e0 la r\u00e9duction des consommations \u00a0d&rsquo;\u00e9nergies, solutions de production coh\u00e9rentes avec notre environnement menac\u00e9, prise en compte de l&rsquo;attractivit\u00e9 des territoires ... Lire plus","og_url":"https:\/\/toutesnosenergies.fr\/index.php\/2019\/09\/23\/une-audition-par-le-ceser\/","og_site_name":"Toutes Nos \u00c9nergies \u2013 Occitanie Environnement","article_publisher":"https:\/\/www.facebook.com\/TNEtoutesnosenergiesOccitanieEnvironnement","article_published_time":"2019-09-23T16:17:02+00:00","article_modified_time":"2019-09-23T16:17:04+00:00","author":"WM81","twitter_card":"summary_large_image","twitter_misc":{"\u00c9crit par":"WM81","Dur\u00e9e de lecture estim\u00e9e":"1 minute"},"schema":{"@context":"https:\/\/schema.org","@graph":[{"@type":"Article","@id":"https:\/\/toutesnosenergies.fr\/index.php\/2019\/09\/23\/une-audition-par-le-ceser\/#article","isPartOf":{"@id":"https:\/\/toutesnosenergies.fr\/index.php\/2019\/09\/23\/une-audition-par-le-ceser\/"},"author":{"name":"WM81","@id":"https:\/\/toutesnosenergies.fr\/#\/schema\/person\/83b429b7810ce59e0a21afb7e0b3cb1c"},"headline":"Une audition par le CESER","datePublished":"2019-09-23T16:17:02+00:00","dateModified":"2019-09-23T16:17:04+00:00","mainEntityOfPage":{"@id":"https:\/\/toutesnosenergies.fr\/index.php\/2019\/09\/23\/une-audition-par-le-ceser\/"},"wordCount":212,"commentCount":0,"publisher":{"@id":"https:\/\/toutesnosenergies.fr\/#organization"},"articleSection":["Communiqu\u00e9s de TNE-OE"],"inLanguage":"fr-FR","potentialAction":[{"@type":"CommentAction","name":"Comment","target":["https:\/\/toutesnosenergies.fr\/index.php\/2019\/09\/23\/une-audition-par-le-ceser\/#respond"]}]},{"@type":"WebPage","@id":"https:\/\/toutesnosenergies.fr\/index.php\/2019\/09\/23\/une-audition-par-le-ceser\/","url":"https:\/\/toutesnosenergies.fr\/index.php\/2019\/09\/23\/une-audition-par-le-ceser\/","name":"Une audition par le CESER - Toutes Nos \u00c9nergies \u2013 Occitanie Environnement","isPartOf":{"@id":"https:\/\/toutesnosenergies.fr\/#website"},"datePublished":"2019-09-23T16:17:02+00:00","dateModified":"2019-09-23T16:17:04+00:00","breadcrumb":{"@id":"https:\/\/toutesnosenergies.fr\/index.php\/2019\/09\/23\/une-audition-par-le-ceser\/#breadcrumb"},"inLanguage":"fr-FR","potentialAction":[{"@type":"ReadAction","target":["https:\/\/toutesnosenergies.fr\/index.php\/2019\/09\/23\/une-audition-par-le-ceser\/"]}]},{"@type":"BreadcrumbList","@id":"https:\/\/toutesnosenergies.fr\/index.php\/2019\/09\/23\/une-audition-par-le-ceser\/#breadcrumb","itemListElement":[{"@type":"ListItem","position":1,"name":"Accueil","item":"https:\/\/toutesnosenergies.fr\/"},{"@type":"ListItem","position":2,"name":"Une audition par le CESER"}]},{"@type":"WebSite","@id":"https:\/\/toutesnosenergies.fr\/#website","url":"https:\/\/toutesnosenergies.fr\/","name":"Toutes Nos \u00c9nergies \u2013 Occitanie Environnement","description":"Pour une \u00e9nergie respectueuse du vivant et des territoires ruraux en Occitanie","publisher":{"@id":"https:\/\/toutesnosenergies.fr\/#organization"},"potentialAction":[{"@type":"SearchAction","target":{"@type":"EntryPoint","urlTemplate":"https:\/\/toutesnosenergies.fr\/?s={search_term_string}"},"query-input":{"@type":"PropertyValueSpecification","valueRequired":true,"valueName":"search_term_string"}}],"inLanguage":"fr-FR"},{"@type":"Organization","@id":"https:\/\/toutesnosenergies.fr\/#organization","name":"Toutes Nos \u00c9nergies \u2013 Occitanie Environnement","url":"https:\/\/toutesnosenergies.fr\/","logo":{"@type":"ImageObject","inLanguage":"fr-FR","@id":"https:\/\/toutesnosenergies.fr\/#\/schema\/logo\/image\/","url":"https:\/\/toutesnosenergies.fr\/wp-content\/uploads\/2023\/01\/Petit-logo.png","contentUrl":"https:\/\/toutesnosenergies.fr\/wp-content\/uploads\/2023\/01\/Petit-logo.png","width":360,"height":102,"caption":"Toutes Nos \u00c9nergies \u2013 Occitanie Environnement"},"image":{"@id":"https:\/\/toutesnosenergies.fr\/#\/schema\/logo\/image\/"},"sameAs":["https:\/\/www.facebook.com\/TNEtoutesnosenergiesOccitanieEnvironnement"]},{"@type":"Person","@id":"https:\/\/toutesnosenergies.fr\/#\/schema\/person\/83b429b7810ce59e0a21afb7e0b3cb1c","name":"WM81","image":{"@type":"ImageObject","inLanguage":"fr-FR","@id":"https:\/\/secure.gravatar.com\/avatar\/aa9bf2bd97a7297274c53294f09e800c7ee0d88290f959d5d49f9380299b9ff1?s=96&d=mm&r=g","url":"https:\/\/secure.gravatar.com\/avatar\/aa9bf2bd97a7297274c53294f09e800c7ee0d88290f959d5d49f9380299b9ff1?s=96&d=mm&r=g","contentUrl":"https:\/\/secure.gravatar.com\/avatar\/aa9bf2bd97a7297274c53294f09e800c7ee0d88290f959d5d49f9380299b9ff1?s=96&d=mm&r=g","caption":"WM81"},"sameAs":["http:\/\/toutesnosenergies.fr"],"url":"https:\/\/toutesnosenergies.fr\/index.php\/author\/wm81\/"}]}},"_links":{"self":[{"href":"https:\/\/toutesnosenergies.fr\/index.php\/wp-json\/wp\/v2\/posts\/2862","targetHints":{"allow":["GET"]}}],"collection":[{"href":"https:\/\/toutesnosenergies.fr\/index.php\/wp-json\/wp\/v2\/posts"}],"about":[{"href":"https:\/\/toutesnosenergies.fr\/index.php\/wp-json\/wp\/v2\/types\/post"}],"author":[{"embeddable":true,"href":"https:\/\/toutesnosenergies.fr\/index.php\/wp-json\/wp\/v2\/users\/3"}],"replies":[{"embeddable":true,"href":"https:\/\/toutesnosenergies.fr\/index.php\/wp-json\/wp\/v2\/comments?post=2862"}],"version-history":[{"count":1,"href":"https:\/\/toutesnosenergies.fr\/index.php\/wp-json\/wp\/v2\/posts\/2862\/revisions"}],"predecessor-version":[{"id":2863,"href":"https:\/\/toutesnosenergies.fr\/index.php\/wp-json\/wp\/v2\/posts\/2862\/revisions\/2863"}],"wp:attachment":[{"href":"https:\/\/toutesnosenergies.fr\/index.php\/wp-json\/wp\/v2\/media?parent=2862"}],"wp:term":[{"taxonomy":"category","embeddable":true,"href":"https:\/\/toutesnosenergies.fr\/index.php\/wp-json\/wp\/v2\/categories?post=2862"},{"taxonomy":"post_tag","embeddable":true,"href":"https:\/\/toutesnosenergies.fr\/index.php\/wp-json\/wp\/v2\/tags?post=2862"}],"curies":[{"name":"wp","href":"https:\/\/api.w.org\/{rel}","templated":true}]}}