{"id":2892,"date":"2019-10-07T23:13:22","date_gmt":"2019-10-07T21:13:22","guid":{"rendered":"https:\/\/toutesnosenergies.fr\/?p=2892"},"modified":"2019-10-10T23:49:16","modified_gmt":"2019-10-10T21:49:16","slug":"soutien-a-lamassada","status":"publish","type":"post","link":"https:\/\/toutesnosenergies.fr\/index.php\/2019\/10\/07\/soutien-a-lamassada\/","title":{"rendered":"Soutien \u00e0 l\u2019Amassada"},"content":{"rendered":"\n<p>Le matin du 8 octobre, appuy\u00e9s par des blind\u00e9s et des engins de chantier, 150 gardes mobiles ont expuls\u00e9 les occupants de l\u2019Amassada. Ils luttent depuis quatre ans contre la construction d\u2019un \u00e9norme transformateur sur la plaine de Saint Victor-et-Melvieu, en Aveyron.<br>Ce transformateur va occuper plusieurs hectares de terres agricoles et servira de relai \u00e0 l\u2019\u00e9lectricit\u00e9 produite par les centaines d\u2019\u00e9oliennes industrielles qui d\u00e9figurent nos territoires, menacent la biodiversit\u00e9 et cr\u00e9ent des nuisances pour tous les habitants.<br>Symbole d\u2019un syst\u00e8me qui ne recule devant rien pour imposer &#8211; au nom de la transition \u00e9nerg\u00e9tique &#8211; des solutions co\u00fbteuses et inefficaces au d\u00e9triment des citoyens,<strong> ce transformateur ne doit pas se faire.<\/strong><br>Nous apportons notre soutien total \u00e0 nos amis de l\u2019Amassada. Ils ne sont pas seuls. La bataille pour d\u00e9fendre nos territoires contre les industriels du vent continue. <\/p>\n\n\n\n<figure class=\"wp-block-image\"><img loading=\"lazy\" decoding=\"async\" width=\"745\" height=\"1024\" src=\"https:\/\/toutesnosenergies.fr\/wp-content\/uploads\/2019\/10\/Article-St-Affricain-Amassada-expuls\u00e9e-001-745x1024.jpg\" alt=\"\" class=\"wp-image-3060\" srcset=\"https:\/\/toutesnosenergies.fr\/wp-content\/uploads\/2019\/10\/Article-St-Affricain-Amassada-expuls\u00e9e-001-745x1024.jpg 745w, https:\/\/toutesnosenergies.fr\/wp-content\/uploads\/2019\/10\/Article-St-Affricain-Amassada-expuls\u00e9e-001-218x300.jpg 218w, https:\/\/toutesnosenergies.fr\/wp-content\/uploads\/2019\/10\/Article-St-Affricain-Amassada-expuls\u00e9e-001-768x1056.jpg 768w, https:\/\/toutesnosenergies.fr\/wp-content\/uploads\/2019\/10\/Article-St-Affricain-Amassada-expuls\u00e9e-001-1320x1815.jpg 1320w\" sizes=\"auto, (max-width: 745px) 100vw, 745px\" \/><\/figure>\n\n\n\n<p><br>L\u2019Amassada appelle \u00e0 deux rassemblements : vendredi 11 octobre \u00e0 10h. devant la mairie de Saint Afrique et samedi 12 octobre \u00e0 14h. \u00e0 Saint Victor. Le collectif contre les \u00e9oliennes industrielles TNE-Occitanie Environnement y participera. Nous invitons toutes celles et tous ceux qui sont attach\u00e9s \u00e0 une transition respectueuse des habitants, des territoires et de la biodiversit\u00e9 \u00e0 s\u2019y joindre.<\/p>\n\n\n\n<p>\u00ab&nbsp;Oa suivi, vu et lu ce qui est arriv\u00e9 \u00e0 l&rsquo;Amassada du Portugal o\u00f9 nous \u00e9tions encore hier &nbsp;: votre combat est le n\u00f4tre, vos mots et vos revendications sont les n\u00f4tres ; nous aurions tant aim\u00e9 f\u00eater ensemble des victoires communes&#8230; Nous acc\u00e9l\u00e9rons notre retour pour \u00eatre avec vous au moins samedi&nbsp;\u00bb Mich\u00e8le  et Jean de TNE OE<\/p>\n\n\n\n<p>\u00ab&nbsp;Bonsoir \u00e0 tous !<\/p>\n\n\n\n<p>D&rsquo;abord on est triste<br>L&rsquo;Amassada a fait tous ses coups avec imagination, dr\u00f4lerie, courage, une certaine \u00e9l\u00e9gance dans les propos, enthousiasme, originalit\u00e9&#8230;et m\u00eame au moment les + forts, ils montraient&nbsp; t une certaine consid\u00e9ration pour leurs lecteurs passifs !..jamais de mots d\u00e9sagr\u00e9ables<br>On les remercie de tout c\u0153ur&nbsp; pour ce qu&rsquo;ils ont apport\u00e9 dans ce combat de + en + ridicule erron\u00e9, exag\u00e9r\u00e9&#8230;et irrespectueux; On ne peut pas toujours \u00eatre sur le terrain, mais chacun \u0153uvre \u00e0 sa mani\u00e8re.Le combat ne fait que prendre une autre route.<br>Ici, la r\u00e9union avec le sous-pr\u00e9fet prend forme. , suite \u00e0 la r\u00e9union \u00e0 Rodez pour le transfo Causse et Dourdou. Elle sera compl\u00e8te , pr\u00e9par\u00e9e, preuves \u00e0 l&rsquo;appui, et elle sera m\u00e9diatis\u00e9e. De + en +; les \u00e9lus devront r\u00e9pondre ! . j&rsquo;ai ouvert la porte, je crois avec l&rsquo;article &lsquo;la p\u00e9taudi\u00e8re\u00a0\u00bb, \u00e0 la lib\u00e9ration de la parole (c&rsquo;\u00e9tait mon but &lsquo;malgr\u00e9 les fautes idiotes vues trop tard)<br>L&rsquo;important pour moi est de briser le silence des \u00e9lus qui ne nous repr\u00e9sentent plus. on demande des comptes&nbsp; sur ce qu&rsquo;ils sont entrain de faire en Aveyron.<br>Je le dis depuis longtemps, je peux le faire..apr\u00e8s ce que j&rsquo;ai \u00e9crit dans l&rsquo;article.<br>Il faut marteler ce que dit Pierre.;c&rsquo;est tellement \u00e9vident ..ils nous doivent des r\u00e9ponses;<br>Affaires \u00e0 suivre,<br>Bravo \u00e0 l&rsquo;Amassada, ils sortent du hameau avec panache. Ils sont connus au-del\u00e0 de nos fronti\u00e8res<br>A+ \u00bb<br>Anne-Marie<br><\/p>\n","protected":false},"excerpt":{"rendered":"<p>Le matin du 8 octobre, appuy\u00e9s par des blind\u00e9s et des engins de chantier, 150 gardes mobiles ont expuls\u00e9 les occupants de l\u2019Amassada. Ils luttent depuis quatre ans contre la construction d\u2019un \u00e9norme transformateur sur la plaine de Saint Victor-et-Melvieu, en Aveyron.Ce transformateur va occuper plusieurs hectares de terres agricoles et servira de relai \u00e0 &#8230; <a title=\"Soutien \u00e0 l\u2019Amassada\" class=\"read-more\" href=\"https:\/\/toutesnosenergies.fr\/index.php\/2019\/10\/07\/soutien-a-lamassada\/\" aria-label=\"Plus sur Soutien \u00e0 l\u2019Amassada\">Lire plus<\/a><\/p>\n","protected":false},"author":3,"featured_media":0,"comment_status":"open","ping_status":"open","sticky":false,"template":"","format":"standard","meta":{"_cbd_carousel_blocks":"[]","sfsi_plus_gutenberg_text_before_share":"","sfsi_plus_gutenberg_show_text_before_share":"","sfsi_plus_gutenberg_icon_type":"","sfsi_plus_gutenberg_icon_alignemt":"","sfsi_plus_gutenburg_max_per_row":"","footnotes":""},"categories":[7],"tags":[],"class_list":["post-2892","post","type-post","status-publish","format-standard","hentry","category-communiques-collectif-tne-oe"],"yoast_head":"<!-- This site is optimized with the Yoast SEO plugin v27.5 - https:\/\/yoast.com\/product\/yoast-seo-wordpress\/ -->\n<title>Soutien \u00e0 l\u2019Amassada - Toutes Nos \u00c9nergies \u2013 Occitanie Environnement<\/title>\n<meta name=\"robots\" content=\"index, follow, max-snippet:-1, max-image-preview:large, max-video-preview:-1\" \/>\n<link rel=\"canonical\" href=\"https:\/\/toutesnosenergies.fr\/index.php\/2019\/10\/07\/soutien-a-lamassada\/\" \/>\n<meta property=\"og:locale\" content=\"fr_FR\" \/>\n<meta property=\"og:type\" content=\"article\" \/>\n<meta property=\"og:title\" content=\"Soutien \u00e0 l\u2019Amassada - Toutes Nos \u00c9nergies \u2013 Occitanie Environnement\" \/>\n<meta property=\"og:description\" content=\"Le matin du 8 octobre, appuy\u00e9s par des blind\u00e9s et des engins de chantier, 150 gardes mobiles ont expuls\u00e9 les occupants de l\u2019Amassada. Ils luttent depuis quatre ans contre la construction d\u2019un \u00e9norme transformateur sur la plaine de Saint Victor-et-Melvieu, en Aveyron.Ce transformateur va occuper plusieurs hectares de terres agricoles et servira de relai \u00e0 ... Lire plus\" \/>\n<meta property=\"og:url\" content=\"https:\/\/toutesnosenergies.fr\/index.php\/2019\/10\/07\/soutien-a-lamassada\/\" \/>\n<meta property=\"og:site_name\" content=\"Toutes Nos \u00c9nergies \u2013 Occitanie Environnement\" \/>\n<meta property=\"article:publisher\" content=\"https:\/\/www.facebook.com\/TNEtoutesnosenergiesOccitanieEnvironnement\" \/>\n<meta property=\"article:published_time\" content=\"2019-10-07T21:13:22+00:00\" \/>\n<meta property=\"article:modified_time\" content=\"2019-10-10T21:49:16+00:00\" \/>\n<meta name=\"author\" content=\"WM81\" \/>\n<meta name=\"twitter:card\" content=\"summary_large_image\" \/>\n<meta name=\"twitter:label1\" content=\"\u00c9crit par\" \/>\n\t<meta name=\"twitter:data1\" content=\"WM81\" \/>\n\t<meta name=\"twitter:label2\" content=\"Dur\u00e9e de lecture estim\u00e9e\" \/>\n\t<meta name=\"twitter:data2\" content=\"3 minutes\" \/>\n<script type=\"application\/ld+json\" class=\"yoast-schema-graph\">{\"@context\":\"https:\\\/\\\/schema.org\",\"@graph\":[{\"@type\":\"Article\",\"@id\":\"https:\\\/\\\/toutesnosenergies.fr\\\/index.php\\\/2019\\\/10\\\/07\\\/soutien-a-lamassada\\\/#article\",\"isPartOf\":{\"@id\":\"https:\\\/\\\/toutesnosenergies.fr\\\/index.php\\\/2019\\\/10\\\/07\\\/soutien-a-lamassada\\\/\"},\"author\":{\"name\":\"WM81\",\"@id\":\"https:\\\/\\\/toutesnosenergies.fr\\\/#\\\/schema\\\/person\\\/83b429b7810ce59e0a21afb7e0b3cb1c\"},\"headline\":\"Soutien \u00e0 l\u2019Amassada\",\"datePublished\":\"2019-10-07T21:13:22+00:00\",\"dateModified\":\"2019-10-10T21:49:16+00:00\",\"mainEntityOfPage\":{\"@id\":\"https:\\\/\\\/toutesnosenergies.fr\\\/index.php\\\/2019\\\/10\\\/07\\\/soutien-a-lamassada\\\/\"},\"wordCount\":525,\"commentCount\":0,\"publisher\":{\"@id\":\"https:\\\/\\\/toutesnosenergies.fr\\\/#organization\"},\"articleSection\":[\"Communiqu\u00e9s de TNE-OE\"],\"inLanguage\":\"fr-FR\",\"potentialAction\":[{\"@type\":\"CommentAction\",\"name\":\"Comment\",\"target\":[\"https:\\\/\\\/toutesnosenergies.fr\\\/index.php\\\/2019\\\/10\\\/07\\\/soutien-a-lamassada\\\/#respond\"]}]},{\"@type\":\"WebPage\",\"@id\":\"https:\\\/\\\/toutesnosenergies.fr\\\/index.php\\\/2019\\\/10\\\/07\\\/soutien-a-lamassada\\\/\",\"url\":\"https:\\\/\\\/toutesnosenergies.fr\\\/index.php\\\/2019\\\/10\\\/07\\\/soutien-a-lamassada\\\/\",\"name\":\"Soutien \u00e0 l\u2019Amassada - Toutes Nos \u00c9nergies \u2013 Occitanie Environnement\",\"isPartOf\":{\"@id\":\"https:\\\/\\\/toutesnosenergies.fr\\\/#website\"},\"datePublished\":\"2019-10-07T21:13:22+00:00\",\"dateModified\":\"2019-10-10T21:49:16+00:00\",\"breadcrumb\":{\"@id\":\"https:\\\/\\\/toutesnosenergies.fr\\\/index.php\\\/2019\\\/10\\\/07\\\/soutien-a-lamassada\\\/#breadcrumb\"},\"inLanguage\":\"fr-FR\",\"potentialAction\":[{\"@type\":\"ReadAction\",\"target\":[\"https:\\\/\\\/toutesnosenergies.fr\\\/index.php\\\/2019\\\/10\\\/07\\\/soutien-a-lamassada\\\/\"]}]},{\"@type\":\"BreadcrumbList\",\"@id\":\"https:\\\/\\\/toutesnosenergies.fr\\\/index.php\\\/2019\\\/10\\\/07\\\/soutien-a-lamassada\\\/#breadcrumb\",\"itemListElement\":[{\"@type\":\"ListItem\",\"position\":1,\"name\":\"Accueil\",\"item\":\"https:\\\/\\\/toutesnosenergies.fr\\\/\"},{\"@type\":\"ListItem\",\"position\":2,\"name\":\"Soutien \u00e0 l\u2019Amassada\"}]},{\"@type\":\"WebSite\",\"@id\":\"https:\\\/\\\/toutesnosenergies.fr\\\/#website\",\"url\":\"https:\\\/\\\/toutesnosenergies.fr\\\/\",\"name\":\"Toutes Nos \u00c9nergies \u2013 Occitanie Environnement\",\"description\":\"Pour une \u00e9nergie respectueuse du vivant et des territoires ruraux en Occitanie\",\"publisher\":{\"@id\":\"https:\\\/\\\/toutesnosenergies.fr\\\/#organization\"},\"potentialAction\":[{\"@type\":\"SearchAction\",\"target\":{\"@type\":\"EntryPoint\",\"urlTemplate\":\"https:\\\/\\\/toutesnosenergies.fr\\\/?s={search_term_string}\"},\"query-input\":{\"@type\":\"PropertyValueSpecification\",\"valueRequired\":true,\"valueName\":\"search_term_string\"}}],\"inLanguage\":\"fr-FR\"},{\"@type\":\"Organization\",\"@id\":\"https:\\\/\\\/toutesnosenergies.fr\\\/#organization\",\"name\":\"Toutes Nos \u00c9nergies \u2013 Occitanie Environnement\",\"url\":\"https:\\\/\\\/toutesnosenergies.fr\\\/\",\"logo\":{\"@type\":\"ImageObject\",\"inLanguage\":\"fr-FR\",\"@id\":\"https:\\\/\\\/toutesnosenergies.fr\\\/#\\\/schema\\\/logo\\\/image\\\/\",\"url\":\"https:\\\/\\\/toutesnosenergies.fr\\\/wp-content\\\/uploads\\\/2023\\\/01\\\/Petit-logo.png\",\"contentUrl\":\"https:\\\/\\\/toutesnosenergies.fr\\\/wp-content\\\/uploads\\\/2023\\\/01\\\/Petit-logo.png\",\"width\":360,\"height\":102,\"caption\":\"Toutes Nos \u00c9nergies \u2013 Occitanie Environnement\"},\"image\":{\"@id\":\"https:\\\/\\\/toutesnosenergies.fr\\\/#\\\/schema\\\/logo\\\/image\\\/\"},\"sameAs\":[\"https:\\\/\\\/www.facebook.com\\\/TNEtoutesnosenergiesOccitanieEnvironnement\"]},{\"@type\":\"Person\",\"@id\":\"https:\\\/\\\/toutesnosenergies.fr\\\/#\\\/schema\\\/person\\\/83b429b7810ce59e0a21afb7e0b3cb1c\",\"name\":\"WM81\",\"image\":{\"@type\":\"ImageObject\",\"inLanguage\":\"fr-FR\",\"@id\":\"https:\\\/\\\/secure.gravatar.com\\\/avatar\\\/aa9bf2bd97a7297274c53294f09e800c7ee0d88290f959d5d49f9380299b9ff1?s=96&d=mm&r=g\",\"url\":\"https:\\\/\\\/secure.gravatar.com\\\/avatar\\\/aa9bf2bd97a7297274c53294f09e800c7ee0d88290f959d5d49f9380299b9ff1?s=96&d=mm&r=g\",\"contentUrl\":\"https:\\\/\\\/secure.gravatar.com\\\/avatar\\\/aa9bf2bd97a7297274c53294f09e800c7ee0d88290f959d5d49f9380299b9ff1?s=96&d=mm&r=g\",\"caption\":\"WM81\"},\"sameAs\":[\"http:\\\/\\\/toutesnosenergies.fr\"],\"url\":\"https:\\\/\\\/toutesnosenergies.fr\\\/index.php\\\/author\\\/wm81\\\/\"}]}<\/script>\n<!-- \/ Yoast SEO plugin. -->","yoast_head_json":{"title":"Soutien \u00e0 l\u2019Amassada - Toutes Nos \u00c9nergies \u2013 Occitanie Environnement","robots":{"index":"index","follow":"follow","max-snippet":"max-snippet:-1","max-image-preview":"max-image-preview:large","max-video-preview":"max-video-preview:-1"},"canonical":"https:\/\/toutesnosenergies.fr\/index.php\/2019\/10\/07\/soutien-a-lamassada\/","og_locale":"fr_FR","og_type":"article","og_title":"Soutien \u00e0 l\u2019Amassada - Toutes Nos \u00c9nergies \u2013 Occitanie Environnement","og_description":"Le matin du 8 octobre, appuy\u00e9s par des blind\u00e9s et des engins de chantier, 150 gardes mobiles ont expuls\u00e9 les occupants de l\u2019Amassada. Ils luttent depuis quatre ans contre la construction d\u2019un \u00e9norme transformateur sur la plaine de Saint Victor-et-Melvieu, en Aveyron.Ce transformateur va occuper plusieurs hectares de terres agricoles et servira de relai \u00e0 ... Lire plus","og_url":"https:\/\/toutesnosenergies.fr\/index.php\/2019\/10\/07\/soutien-a-lamassada\/","og_site_name":"Toutes Nos \u00c9nergies \u2013 Occitanie Environnement","article_publisher":"https:\/\/www.facebook.com\/TNEtoutesnosenergiesOccitanieEnvironnement","article_published_time":"2019-10-07T21:13:22+00:00","article_modified_time":"2019-10-10T21:49:16+00:00","author":"WM81","twitter_card":"summary_large_image","twitter_misc":{"\u00c9crit par":"WM81","Dur\u00e9e de lecture estim\u00e9e":"3 minutes"},"schema":{"@context":"https:\/\/schema.org","@graph":[{"@type":"Article","@id":"https:\/\/toutesnosenergies.fr\/index.php\/2019\/10\/07\/soutien-a-lamassada\/#article","isPartOf":{"@id":"https:\/\/toutesnosenergies.fr\/index.php\/2019\/10\/07\/soutien-a-lamassada\/"},"author":{"name":"WM81","@id":"https:\/\/toutesnosenergies.fr\/#\/schema\/person\/83b429b7810ce59e0a21afb7e0b3cb1c"},"headline":"Soutien \u00e0 l\u2019Amassada","datePublished":"2019-10-07T21:13:22+00:00","dateModified":"2019-10-10T21:49:16+00:00","mainEntityOfPage":{"@id":"https:\/\/toutesnosenergies.fr\/index.php\/2019\/10\/07\/soutien-a-lamassada\/"},"wordCount":525,"commentCount":0,"publisher":{"@id":"https:\/\/toutesnosenergies.fr\/#organization"},"articleSection":["Communiqu\u00e9s de TNE-OE"],"inLanguage":"fr-FR","potentialAction":[{"@type":"CommentAction","name":"Comment","target":["https:\/\/toutesnosenergies.fr\/index.php\/2019\/10\/07\/soutien-a-lamassada\/#respond"]}]},{"@type":"WebPage","@id":"https:\/\/toutesnosenergies.fr\/index.php\/2019\/10\/07\/soutien-a-lamassada\/","url":"https:\/\/toutesnosenergies.fr\/index.php\/2019\/10\/07\/soutien-a-lamassada\/","name":"Soutien \u00e0 l\u2019Amassada - Toutes Nos \u00c9nergies \u2013 Occitanie Environnement","isPartOf":{"@id":"https:\/\/toutesnosenergies.fr\/#website"},"datePublished":"2019-10-07T21:13:22+00:00","dateModified":"2019-10-10T21:49:16+00:00","breadcrumb":{"@id":"https:\/\/toutesnosenergies.fr\/index.php\/2019\/10\/07\/soutien-a-lamassada\/#breadcrumb"},"inLanguage":"fr-FR","potentialAction":[{"@type":"ReadAction","target":["https:\/\/toutesnosenergies.fr\/index.php\/2019\/10\/07\/soutien-a-lamassada\/"]}]},{"@type":"BreadcrumbList","@id":"https:\/\/toutesnosenergies.fr\/index.php\/2019\/10\/07\/soutien-a-lamassada\/#breadcrumb","itemListElement":[{"@type":"ListItem","position":1,"name":"Accueil","item":"https:\/\/toutesnosenergies.fr\/"},{"@type":"ListItem","position":2,"name":"Soutien \u00e0 l\u2019Amassada"}]},{"@type":"WebSite","@id":"https:\/\/toutesnosenergies.fr\/#website","url":"https:\/\/toutesnosenergies.fr\/","name":"Toutes Nos \u00c9nergies \u2013 Occitanie Environnement","description":"Pour une \u00e9nergie respectueuse du vivant et des territoires ruraux en Occitanie","publisher":{"@id":"https:\/\/toutesnosenergies.fr\/#organization"},"potentialAction":[{"@type":"SearchAction","target":{"@type":"EntryPoint","urlTemplate":"https:\/\/toutesnosenergies.fr\/?s={search_term_string}"},"query-input":{"@type":"PropertyValueSpecification","valueRequired":true,"valueName":"search_term_string"}}],"inLanguage":"fr-FR"},{"@type":"Organization","@id":"https:\/\/toutesnosenergies.fr\/#organization","name":"Toutes Nos \u00c9nergies \u2013 Occitanie Environnement","url":"https:\/\/toutesnosenergies.fr\/","logo":{"@type":"ImageObject","inLanguage":"fr-FR","@id":"https:\/\/toutesnosenergies.fr\/#\/schema\/logo\/image\/","url":"https:\/\/toutesnosenergies.fr\/wp-content\/uploads\/2023\/01\/Petit-logo.png","contentUrl":"https:\/\/toutesnosenergies.fr\/wp-content\/uploads\/2023\/01\/Petit-logo.png","width":360,"height":102,"caption":"Toutes Nos \u00c9nergies \u2013 Occitanie Environnement"},"image":{"@id":"https:\/\/toutesnosenergies.fr\/#\/schema\/logo\/image\/"},"sameAs":["https:\/\/www.facebook.com\/TNEtoutesnosenergiesOccitanieEnvironnement"]},{"@type":"Person","@id":"https:\/\/toutesnosenergies.fr\/#\/schema\/person\/83b429b7810ce59e0a21afb7e0b3cb1c","name":"WM81","image":{"@type":"ImageObject","inLanguage":"fr-FR","@id":"https:\/\/secure.gravatar.com\/avatar\/aa9bf2bd97a7297274c53294f09e800c7ee0d88290f959d5d49f9380299b9ff1?s=96&d=mm&r=g","url":"https:\/\/secure.gravatar.com\/avatar\/aa9bf2bd97a7297274c53294f09e800c7ee0d88290f959d5d49f9380299b9ff1?s=96&d=mm&r=g","contentUrl":"https:\/\/secure.gravatar.com\/avatar\/aa9bf2bd97a7297274c53294f09e800c7ee0d88290f959d5d49f9380299b9ff1?s=96&d=mm&r=g","caption":"WM81"},"sameAs":["http:\/\/toutesnosenergies.fr"],"url":"https:\/\/toutesnosenergies.fr\/index.php\/author\/wm81\/"}]}},"_links":{"self":[{"href":"https:\/\/toutesnosenergies.fr\/index.php\/wp-json\/wp\/v2\/posts\/2892","targetHints":{"allow":["GET"]}}],"collection":[{"href":"https:\/\/toutesnosenergies.fr\/index.php\/wp-json\/wp\/v2\/posts"}],"about":[{"href":"https:\/\/toutesnosenergies.fr\/index.php\/wp-json\/wp\/v2\/types\/post"}],"author":[{"embeddable":true,"href":"https:\/\/toutesnosenergies.fr\/index.php\/wp-json\/wp\/v2\/users\/3"}],"replies":[{"embeddable":true,"href":"https:\/\/toutesnosenergies.fr\/index.php\/wp-json\/wp\/v2\/comments?post=2892"}],"version-history":[{"count":5,"href":"https:\/\/toutesnosenergies.fr\/index.php\/wp-json\/wp\/v2\/posts\/2892\/revisions"}],"predecessor-version":[{"id":3061,"href":"https:\/\/toutesnosenergies.fr\/index.php\/wp-json\/wp\/v2\/posts\/2892\/revisions\/3061"}],"wp:attachment":[{"href":"https:\/\/toutesnosenergies.fr\/index.php\/wp-json\/wp\/v2\/media?parent=2892"}],"wp:term":[{"taxonomy":"category","embeddable":true,"href":"https:\/\/toutesnosenergies.fr\/index.php\/wp-json\/wp\/v2\/categories?post=2892"},{"taxonomy":"post_tag","embeddable":true,"href":"https:\/\/toutesnosenergies.fr\/index.php\/wp-json\/wp\/v2\/tags?post=2892"}],"curies":[{"name":"wp","href":"https:\/\/api.w.org\/{rel}","templated":true}]}}