{"id":3318,"date":"2020-02-29T21:13:32","date_gmt":"2020-02-29T20:13:32","guid":{"rendered":"https:\/\/toutesnosenergies.fr\/?p=3318"},"modified":"2020-02-29T21:14:00","modified_gmt":"2020-02-29T20:14:00","slug":"10-mars-conference-christophe-bonneuil-aurelien-berlan","status":"publish","type":"post","link":"https:\/\/toutesnosenergies.fr\/index.php\/2020\/02\/29\/10-mars-conference-christophe-bonneuil-aurelien-berlan\/","title":{"rendered":"10 mars : Conf\u00e9rence Christophe Bonneuil \/ Aur\u00e9lien Berlan"},"content":{"rendered":"\n<p>L\u2019Amassada est une assembl\u00e9e de lutte contre la d\u00e9mesure \u00e9nerg\u00e9tique et autres joyeuset\u00e9s industrielles qui minent les campagnes, les gens et la plan\u00e8te. Plus pr\u00e9cis\u00e9ment l\u2019Amassada s\u2019est constitu\u00e9e sur l\u2019opposition au grand projet nuisible de RTE \u00e0 St Victor et Melvieu, un gigantesque transformateur \u00e9lectrique qui entre autre, va permettre la connexion au r\u00e9seau d\u2019un millier d\u2019\u00e9oliennes sur un territoire qui n\u2019en a pas besoin. <\/p>\n\n\n\n<ul class=\"wp-block-list\"><li>Depuis 10 ans s\u2019organisent les habitants (association Plateau Survolt\u00e9) : information, recours juridiques, manifestations &#8230; Depuis cinq ans s\u2019organisait l\u2019occupation et la d\u00e9fense du lieu.<\/li><li>Le 8 octobre, la Libre Commune de l\u2019Amassada est expuls\u00e9e et ras\u00e9e par d\u2019importantes forces de l\u2019ordre, blind\u00e9s, h\u00e9licopt\u00e8re et engins de chantier&#8230;&nbsp;<\/li><li>Le 12 octobre nous avons tent\u00e9 de reprendre la Plaine, 4 personnes ont \u00e9t\u00e9 arr\u00eat\u00e9es, pioch\u00e9es dans la masse et plac\u00e9es en GAV 48h. Ils passent en proc\u00e8s le 11 mars avec pas moins de sept chefs d\u2019inculpation.<\/li><\/ul>\n\n\n\n<p>Le saccage social et le saccage \u00e9cologique rel\u00e8vent de la m\u00eame logique : remplir les poches des puissants d\u2019aujourd\u2019hui. Rassemblons nos forces pour les percer et faire ruisseler vraiment. <\/p>\n\n\n\n<h3 class=\"wp-block-heading\">Retrouvons-nous le 10 mars au soir \u00e0 la Grange de Floyrac pour une soir\u00e9e-d\u00e9bat avec :&nbsp;<\/h3>\n\n\n\n<ul class=\"wp-block-list\"><li>Christophe Bonneuil, Historien au CNRS en histoire environnementale et histoire des sciences et des techniques, enseignant \u00e0 l&rsquo;EHESS. Th\u00e8me : \u00ab Leur \u00e9cologie et la n\u00f4tre, des ann\u00e9es 70 \u00e0 aujourd&rsquo;hui. Il a co-\u00e9crit <em>L&rsquo;\u00e9v\u00e9nement anthropoc\u00e8ne. La terre, l&rsquo;histoire et nous<\/em>, Points Seuil, 2016 et <em>Une autre histoire des Trente Glorieuses<\/em>, La D\u00e9couverte, 2013.<\/li><li>Aur\u00e9lien Berlan, philosophe-jardinier, membre du groupe Marcuse qui vient de r\u00e9\u00e9diter<em> La libert\u00e9 dans le coma<\/em>, La lenteur, 2013. Th\u00e8me : num\u00e9risation du monde, boulimie \u00e9nerg\u00e9tique et surveillance totale. Dans son premier livre aux \u00e9ditions de La D\u00e9couverte il revient (avec T\u00f6nnies, Simmel et Weber) sur la marchandisation g\u00e9n\u00e9rale, l\u2019\u00e9rosion du lien social, la perte de sens et de libert\u00e9 li\u00e9s \u00e0 l\u2019emprise des organisations bureaucratiques.<\/li><\/ul>\n\n\n\n<p>La grange de Floyrac est \u00e0 Onet le ch\u00e2teau, 1Km de Rodez sur la route de Conques. Apr\u00e8s le Golf, au rond-point, prendre \u00e0 gauche puis tout de suite \u00e0 droite.<br><\/p>\n","protected":false},"excerpt":{"rendered":"<p>L\u2019Amassada est une assembl\u00e9e de lutte contre la d\u00e9mesure \u00e9nerg\u00e9tique et autres joyeuset\u00e9s industrielles qui minent les campagnes, les gens et la plan\u00e8te. Plus pr\u00e9cis\u00e9ment l\u2019Amassada s\u2019est constitu\u00e9e sur l\u2019opposition au grand projet nuisible de RTE \u00e0 St Victor et Melvieu, un gigantesque transformateur \u00e9lectrique qui entre autre, va permettre la connexion au r\u00e9seau d\u2019un &#8230; <a title=\"10 mars : Conf\u00e9rence Christophe Bonneuil \/ Aur\u00e9lien Berlan\" class=\"read-more\" href=\"https:\/\/toutesnosenergies.fr\/index.php\/2020\/02\/29\/10-mars-conference-christophe-bonneuil-aurelien-berlan\/\" aria-label=\"Plus sur 10 mars : Conf\u00e9rence Christophe Bonneuil \/ Aur\u00e9lien Berlan\">Lire plus<\/a><\/p>\n","protected":false},"author":3,"featured_media":0,"comment_status":"open","ping_status":"open","sticky":false,"template":"","format":"standard","meta":{"_cbd_carousel_blocks":"[]","sfsi_plus_gutenberg_text_before_share":"","sfsi_plus_gutenberg_show_text_before_share":"","sfsi_plus_gutenberg_icon_type":"","sfsi_plus_gutenberg_icon_alignemt":"","sfsi_plus_gutenburg_max_per_row":"","footnotes":""},"categories":[8],"tags":[],"class_list":["post-3318","post","type-post","status-publish","format-standard","hentry","category-communiques-associations"],"yoast_head":"<!-- This site is optimized with the Yoast SEO plugin v27.4 - https:\/\/yoast.com\/product\/yoast-seo-wordpress\/ -->\n<title>10 mars : Conf\u00e9rence Christophe Bonneuil \/ Aur\u00e9lien Berlan - Toutes Nos \u00c9nergies \u2013 Occitanie Environnement<\/title>\n<meta name=\"robots\" content=\"index, follow, max-snippet:-1, max-image-preview:large, max-video-preview:-1\" \/>\n<link rel=\"canonical\" href=\"https:\/\/toutesnosenergies.fr\/index.php\/2020\/02\/29\/10-mars-conference-christophe-bonneuil-aurelien-berlan\/\" \/>\n<meta property=\"og:locale\" content=\"fr_FR\" \/>\n<meta property=\"og:type\" content=\"article\" \/>\n<meta property=\"og:title\" content=\"10 mars : Conf\u00e9rence Christophe Bonneuil \/ Aur\u00e9lien Berlan - Toutes Nos \u00c9nergies \u2013 Occitanie Environnement\" \/>\n<meta property=\"og:description\" content=\"L\u2019Amassada est une assembl\u00e9e de lutte contre la d\u00e9mesure \u00e9nerg\u00e9tique et autres joyeuset\u00e9s industrielles qui minent les campagnes, les gens et la plan\u00e8te. Plus pr\u00e9cis\u00e9ment l\u2019Amassada s\u2019est constitu\u00e9e sur l\u2019opposition au grand projet nuisible de RTE \u00e0 St Victor et Melvieu, un gigantesque transformateur \u00e9lectrique qui entre autre, va permettre la connexion au r\u00e9seau d\u2019un ... Lire plus\" \/>\n<meta property=\"og:url\" content=\"https:\/\/toutesnosenergies.fr\/index.php\/2020\/02\/29\/10-mars-conference-christophe-bonneuil-aurelien-berlan\/\" \/>\n<meta property=\"og:site_name\" content=\"Toutes Nos \u00c9nergies \u2013 Occitanie Environnement\" \/>\n<meta property=\"article:publisher\" content=\"https:\/\/www.facebook.com\/TNEtoutesnosenergiesOccitanieEnvironnement\" \/>\n<meta property=\"article:published_time\" content=\"2020-02-29T20:13:32+00:00\" \/>\n<meta property=\"article:modified_time\" content=\"2020-02-29T20:14:00+00:00\" \/>\n<meta name=\"author\" content=\"WM81\" \/>\n<meta name=\"twitter:card\" content=\"summary_large_image\" \/>\n<meta name=\"twitter:label1\" content=\"\u00c9crit par\" \/>\n\t<meta name=\"twitter:data1\" content=\"WM81\" \/>\n\t<meta name=\"twitter:label2\" content=\"Dur\u00e9e de lecture estim\u00e9e\" \/>\n\t<meta name=\"twitter:data2\" content=\"2 minutes\" \/>\n<script type=\"application\/ld+json\" class=\"yoast-schema-graph\">{\"@context\":\"https:\\\/\\\/schema.org\",\"@graph\":[{\"@type\":\"Article\",\"@id\":\"https:\\\/\\\/toutesnosenergies.fr\\\/index.php\\\/2020\\\/02\\\/29\\\/10-mars-conference-christophe-bonneuil-aurelien-berlan\\\/#article\",\"isPartOf\":{\"@id\":\"https:\\\/\\\/toutesnosenergies.fr\\\/index.php\\\/2020\\\/02\\\/29\\\/10-mars-conference-christophe-bonneuil-aurelien-berlan\\\/\"},\"author\":{\"name\":\"WM81\",\"@id\":\"https:\\\/\\\/toutesnosenergies.fr\\\/#\\\/schema\\\/person\\\/83b429b7810ce59e0a21afb7e0b3cb1c\"},\"headline\":\"10 mars : Conf\u00e9rence Christophe Bonneuil \\\/ Aur\u00e9lien Berlan\",\"datePublished\":\"2020-02-29T20:13:32+00:00\",\"dateModified\":\"2020-02-29T20:14:00+00:00\",\"mainEntityOfPage\":{\"@id\":\"https:\\\/\\\/toutesnosenergies.fr\\\/index.php\\\/2020\\\/02\\\/29\\\/10-mars-conference-christophe-bonneuil-aurelien-berlan\\\/\"},\"wordCount\":394,\"commentCount\":0,\"publisher\":{\"@id\":\"https:\\\/\\\/toutesnosenergies.fr\\\/#organization\"},\"articleSection\":[\"Communiqu\u00e9s des associations\"],\"inLanguage\":\"fr-FR\",\"potentialAction\":[{\"@type\":\"CommentAction\",\"name\":\"Comment\",\"target\":[\"https:\\\/\\\/toutesnosenergies.fr\\\/index.php\\\/2020\\\/02\\\/29\\\/10-mars-conference-christophe-bonneuil-aurelien-berlan\\\/#respond\"]}]},{\"@type\":\"WebPage\",\"@id\":\"https:\\\/\\\/toutesnosenergies.fr\\\/index.php\\\/2020\\\/02\\\/29\\\/10-mars-conference-christophe-bonneuil-aurelien-berlan\\\/\",\"url\":\"https:\\\/\\\/toutesnosenergies.fr\\\/index.php\\\/2020\\\/02\\\/29\\\/10-mars-conference-christophe-bonneuil-aurelien-berlan\\\/\",\"name\":\"10 mars : Conf\u00e9rence Christophe Bonneuil \\\/ Aur\u00e9lien Berlan - Toutes Nos \u00c9nergies \u2013 Occitanie Environnement\",\"isPartOf\":{\"@id\":\"https:\\\/\\\/toutesnosenergies.fr\\\/#website\"},\"datePublished\":\"2020-02-29T20:13:32+00:00\",\"dateModified\":\"2020-02-29T20:14:00+00:00\",\"breadcrumb\":{\"@id\":\"https:\\\/\\\/toutesnosenergies.fr\\\/index.php\\\/2020\\\/02\\\/29\\\/10-mars-conference-christophe-bonneuil-aurelien-berlan\\\/#breadcrumb\"},\"inLanguage\":\"fr-FR\",\"potentialAction\":[{\"@type\":\"ReadAction\",\"target\":[\"https:\\\/\\\/toutesnosenergies.fr\\\/index.php\\\/2020\\\/02\\\/29\\\/10-mars-conference-christophe-bonneuil-aurelien-berlan\\\/\"]}]},{\"@type\":\"BreadcrumbList\",\"@id\":\"https:\\\/\\\/toutesnosenergies.fr\\\/index.php\\\/2020\\\/02\\\/29\\\/10-mars-conference-christophe-bonneuil-aurelien-berlan\\\/#breadcrumb\",\"itemListElement\":[{\"@type\":\"ListItem\",\"position\":1,\"name\":\"Accueil\",\"item\":\"https:\\\/\\\/toutesnosenergies.fr\\\/\"},{\"@type\":\"ListItem\",\"position\":2,\"name\":\"10 mars : Conf\u00e9rence Christophe Bonneuil \\\/ Aur\u00e9lien Berlan\"}]},{\"@type\":\"WebSite\",\"@id\":\"https:\\\/\\\/toutesnosenergies.fr\\\/#website\",\"url\":\"https:\\\/\\\/toutesnosenergies.fr\\\/\",\"name\":\"Toutes Nos \u00c9nergies \u2013 Occitanie Environnement\",\"description\":\"Pour une \u00e9nergie respectueuse du vivant et des territoires ruraux en Occitanie\",\"publisher\":{\"@id\":\"https:\\\/\\\/toutesnosenergies.fr\\\/#organization\"},\"potentialAction\":[{\"@type\":\"SearchAction\",\"target\":{\"@type\":\"EntryPoint\",\"urlTemplate\":\"https:\\\/\\\/toutesnosenergies.fr\\\/?s={search_term_string}\"},\"query-input\":{\"@type\":\"PropertyValueSpecification\",\"valueRequired\":true,\"valueName\":\"search_term_string\"}}],\"inLanguage\":\"fr-FR\"},{\"@type\":\"Organization\",\"@id\":\"https:\\\/\\\/toutesnosenergies.fr\\\/#organization\",\"name\":\"Toutes Nos \u00c9nergies \u2013 Occitanie Environnement\",\"url\":\"https:\\\/\\\/toutesnosenergies.fr\\\/\",\"logo\":{\"@type\":\"ImageObject\",\"inLanguage\":\"fr-FR\",\"@id\":\"https:\\\/\\\/toutesnosenergies.fr\\\/#\\\/schema\\\/logo\\\/image\\\/\",\"url\":\"https:\\\/\\\/toutesnosenergies.fr\\\/wp-content\\\/uploads\\\/2023\\\/01\\\/Petit-logo.png\",\"contentUrl\":\"https:\\\/\\\/toutesnosenergies.fr\\\/wp-content\\\/uploads\\\/2023\\\/01\\\/Petit-logo.png\",\"width\":360,\"height\":102,\"caption\":\"Toutes Nos \u00c9nergies \u2013 Occitanie Environnement\"},\"image\":{\"@id\":\"https:\\\/\\\/toutesnosenergies.fr\\\/#\\\/schema\\\/logo\\\/image\\\/\"},\"sameAs\":[\"https:\\\/\\\/www.facebook.com\\\/TNEtoutesnosenergiesOccitanieEnvironnement\"]},{\"@type\":\"Person\",\"@id\":\"https:\\\/\\\/toutesnosenergies.fr\\\/#\\\/schema\\\/person\\\/83b429b7810ce59e0a21afb7e0b3cb1c\",\"name\":\"WM81\",\"image\":{\"@type\":\"ImageObject\",\"inLanguage\":\"fr-FR\",\"@id\":\"https:\\\/\\\/secure.gravatar.com\\\/avatar\\\/aa9bf2bd97a7297274c53294f09e800c7ee0d88290f959d5d49f9380299b9ff1?s=96&d=mm&r=g\",\"url\":\"https:\\\/\\\/secure.gravatar.com\\\/avatar\\\/aa9bf2bd97a7297274c53294f09e800c7ee0d88290f959d5d49f9380299b9ff1?s=96&d=mm&r=g\",\"contentUrl\":\"https:\\\/\\\/secure.gravatar.com\\\/avatar\\\/aa9bf2bd97a7297274c53294f09e800c7ee0d88290f959d5d49f9380299b9ff1?s=96&d=mm&r=g\",\"caption\":\"WM81\"},\"sameAs\":[\"http:\\\/\\\/toutesnosenergies.fr\"],\"url\":\"https:\\\/\\\/toutesnosenergies.fr\\\/index.php\\\/author\\\/wm81\\\/\"}]}<\/script>\n<!-- \/ Yoast SEO plugin. -->","yoast_head_json":{"title":"10 mars : Conf\u00e9rence Christophe Bonneuil \/ Aur\u00e9lien Berlan - Toutes Nos \u00c9nergies \u2013 Occitanie Environnement","robots":{"index":"index","follow":"follow","max-snippet":"max-snippet:-1","max-image-preview":"max-image-preview:large","max-video-preview":"max-video-preview:-1"},"canonical":"https:\/\/toutesnosenergies.fr\/index.php\/2020\/02\/29\/10-mars-conference-christophe-bonneuil-aurelien-berlan\/","og_locale":"fr_FR","og_type":"article","og_title":"10 mars : Conf\u00e9rence Christophe Bonneuil \/ Aur\u00e9lien Berlan - Toutes Nos \u00c9nergies \u2013 Occitanie Environnement","og_description":"L\u2019Amassada est une assembl\u00e9e de lutte contre la d\u00e9mesure \u00e9nerg\u00e9tique et autres joyeuset\u00e9s industrielles qui minent les campagnes, les gens et la plan\u00e8te. Plus pr\u00e9cis\u00e9ment l\u2019Amassada s\u2019est constitu\u00e9e sur l\u2019opposition au grand projet nuisible de RTE \u00e0 St Victor et Melvieu, un gigantesque transformateur \u00e9lectrique qui entre autre, va permettre la connexion au r\u00e9seau d\u2019un ... Lire plus","og_url":"https:\/\/toutesnosenergies.fr\/index.php\/2020\/02\/29\/10-mars-conference-christophe-bonneuil-aurelien-berlan\/","og_site_name":"Toutes Nos \u00c9nergies \u2013 Occitanie Environnement","article_publisher":"https:\/\/www.facebook.com\/TNEtoutesnosenergiesOccitanieEnvironnement","article_published_time":"2020-02-29T20:13:32+00:00","article_modified_time":"2020-02-29T20:14:00+00:00","author":"WM81","twitter_card":"summary_large_image","twitter_misc":{"\u00c9crit par":"WM81","Dur\u00e9e de lecture estim\u00e9e":"2 minutes"},"schema":{"@context":"https:\/\/schema.org","@graph":[{"@type":"Article","@id":"https:\/\/toutesnosenergies.fr\/index.php\/2020\/02\/29\/10-mars-conference-christophe-bonneuil-aurelien-berlan\/#article","isPartOf":{"@id":"https:\/\/toutesnosenergies.fr\/index.php\/2020\/02\/29\/10-mars-conference-christophe-bonneuil-aurelien-berlan\/"},"author":{"name":"WM81","@id":"https:\/\/toutesnosenergies.fr\/#\/schema\/person\/83b429b7810ce59e0a21afb7e0b3cb1c"},"headline":"10 mars : Conf\u00e9rence Christophe Bonneuil \/ Aur\u00e9lien Berlan","datePublished":"2020-02-29T20:13:32+00:00","dateModified":"2020-02-29T20:14:00+00:00","mainEntityOfPage":{"@id":"https:\/\/toutesnosenergies.fr\/index.php\/2020\/02\/29\/10-mars-conference-christophe-bonneuil-aurelien-berlan\/"},"wordCount":394,"commentCount":0,"publisher":{"@id":"https:\/\/toutesnosenergies.fr\/#organization"},"articleSection":["Communiqu\u00e9s des associations"],"inLanguage":"fr-FR","potentialAction":[{"@type":"CommentAction","name":"Comment","target":["https:\/\/toutesnosenergies.fr\/index.php\/2020\/02\/29\/10-mars-conference-christophe-bonneuil-aurelien-berlan\/#respond"]}]},{"@type":"WebPage","@id":"https:\/\/toutesnosenergies.fr\/index.php\/2020\/02\/29\/10-mars-conference-christophe-bonneuil-aurelien-berlan\/","url":"https:\/\/toutesnosenergies.fr\/index.php\/2020\/02\/29\/10-mars-conference-christophe-bonneuil-aurelien-berlan\/","name":"10 mars : Conf\u00e9rence Christophe Bonneuil \/ Aur\u00e9lien Berlan - Toutes Nos \u00c9nergies \u2013 Occitanie Environnement","isPartOf":{"@id":"https:\/\/toutesnosenergies.fr\/#website"},"datePublished":"2020-02-29T20:13:32+00:00","dateModified":"2020-02-29T20:14:00+00:00","breadcrumb":{"@id":"https:\/\/toutesnosenergies.fr\/index.php\/2020\/02\/29\/10-mars-conference-christophe-bonneuil-aurelien-berlan\/#breadcrumb"},"inLanguage":"fr-FR","potentialAction":[{"@type":"ReadAction","target":["https:\/\/toutesnosenergies.fr\/index.php\/2020\/02\/29\/10-mars-conference-christophe-bonneuil-aurelien-berlan\/"]}]},{"@type":"BreadcrumbList","@id":"https:\/\/toutesnosenergies.fr\/index.php\/2020\/02\/29\/10-mars-conference-christophe-bonneuil-aurelien-berlan\/#breadcrumb","itemListElement":[{"@type":"ListItem","position":1,"name":"Accueil","item":"https:\/\/toutesnosenergies.fr\/"},{"@type":"ListItem","position":2,"name":"10 mars : Conf\u00e9rence Christophe Bonneuil \/ Aur\u00e9lien Berlan"}]},{"@type":"WebSite","@id":"https:\/\/toutesnosenergies.fr\/#website","url":"https:\/\/toutesnosenergies.fr\/","name":"Toutes Nos \u00c9nergies \u2013 Occitanie Environnement","description":"Pour une \u00e9nergie respectueuse du vivant et des territoires ruraux en Occitanie","publisher":{"@id":"https:\/\/toutesnosenergies.fr\/#organization"},"potentialAction":[{"@type":"SearchAction","target":{"@type":"EntryPoint","urlTemplate":"https:\/\/toutesnosenergies.fr\/?s={search_term_string}"},"query-input":{"@type":"PropertyValueSpecification","valueRequired":true,"valueName":"search_term_string"}}],"inLanguage":"fr-FR"},{"@type":"Organization","@id":"https:\/\/toutesnosenergies.fr\/#organization","name":"Toutes Nos \u00c9nergies \u2013 Occitanie Environnement","url":"https:\/\/toutesnosenergies.fr\/","logo":{"@type":"ImageObject","inLanguage":"fr-FR","@id":"https:\/\/toutesnosenergies.fr\/#\/schema\/logo\/image\/","url":"https:\/\/toutesnosenergies.fr\/wp-content\/uploads\/2023\/01\/Petit-logo.png","contentUrl":"https:\/\/toutesnosenergies.fr\/wp-content\/uploads\/2023\/01\/Petit-logo.png","width":360,"height":102,"caption":"Toutes Nos \u00c9nergies \u2013 Occitanie Environnement"},"image":{"@id":"https:\/\/toutesnosenergies.fr\/#\/schema\/logo\/image\/"},"sameAs":["https:\/\/www.facebook.com\/TNEtoutesnosenergiesOccitanieEnvironnement"]},{"@type":"Person","@id":"https:\/\/toutesnosenergies.fr\/#\/schema\/person\/83b429b7810ce59e0a21afb7e0b3cb1c","name":"WM81","image":{"@type":"ImageObject","inLanguage":"fr-FR","@id":"https:\/\/secure.gravatar.com\/avatar\/aa9bf2bd97a7297274c53294f09e800c7ee0d88290f959d5d49f9380299b9ff1?s=96&d=mm&r=g","url":"https:\/\/secure.gravatar.com\/avatar\/aa9bf2bd97a7297274c53294f09e800c7ee0d88290f959d5d49f9380299b9ff1?s=96&d=mm&r=g","contentUrl":"https:\/\/secure.gravatar.com\/avatar\/aa9bf2bd97a7297274c53294f09e800c7ee0d88290f959d5d49f9380299b9ff1?s=96&d=mm&r=g","caption":"WM81"},"sameAs":["http:\/\/toutesnosenergies.fr"],"url":"https:\/\/toutesnosenergies.fr\/index.php\/author\/wm81\/"}]}},"_links":{"self":[{"href":"https:\/\/toutesnosenergies.fr\/index.php\/wp-json\/wp\/v2\/posts\/3318","targetHints":{"allow":["GET"]}}],"collection":[{"href":"https:\/\/toutesnosenergies.fr\/index.php\/wp-json\/wp\/v2\/posts"}],"about":[{"href":"https:\/\/toutesnosenergies.fr\/index.php\/wp-json\/wp\/v2\/types\/post"}],"author":[{"embeddable":true,"href":"https:\/\/toutesnosenergies.fr\/index.php\/wp-json\/wp\/v2\/users\/3"}],"replies":[{"embeddable":true,"href":"https:\/\/toutesnosenergies.fr\/index.php\/wp-json\/wp\/v2\/comments?post=3318"}],"version-history":[{"count":3,"href":"https:\/\/toutesnosenergies.fr\/index.php\/wp-json\/wp\/v2\/posts\/3318\/revisions"}],"predecessor-version":[{"id":3321,"href":"https:\/\/toutesnosenergies.fr\/index.php\/wp-json\/wp\/v2\/posts\/3318\/revisions\/3321"}],"wp:attachment":[{"href":"https:\/\/toutesnosenergies.fr\/index.php\/wp-json\/wp\/v2\/media?parent=3318"}],"wp:term":[{"taxonomy":"category","embeddable":true,"href":"https:\/\/toutesnosenergies.fr\/index.php\/wp-json\/wp\/v2\/categories?post=3318"},{"taxonomy":"post_tag","embeddable":true,"href":"https:\/\/toutesnosenergies.fr\/index.php\/wp-json\/wp\/v2\/tags?post=3318"}],"curies":[{"name":"wp","href":"https:\/\/api.w.org\/{rel}","templated":true}]}}