{"id":3904,"date":"2020-08-15T21:54:53","date_gmt":"2020-08-15T19:54:53","guid":{"rendered":"https:\/\/toutesnosenergies.fr\/?p=3904"},"modified":"2020-08-16T04:59:51","modified_gmt":"2020-08-16T02:59:51","slug":"moi-yen-a-vouloir-des-sous","status":"publish","type":"post","link":"https:\/\/toutesnosenergies.fr\/index.php\/2020\/08\/15\/moi-yen-a-vouloir-des-sous\/","title":{"rendered":"En Touraine, des maires pr\u00eats \u00e0 brader leur territoire&#8230;"},"content":{"rendered":"\n<p class=\"has-background has-very-light-gray-background-color\">La Renaisssance Lochoise du 12 ao\u00fbt, (L&rsquo;hebdomadaire de la Touraine du Sud)&nbsp;&nbsp;publie un appel de&nbsp;&nbsp;maires et \u00e9lus du territoire qui ont cr\u00e9\u00e9&nbsp;&nbsp;une association,&nbsp;NEST (Nouvelles \u00e9nergies en Sud Touraine),&nbsp;pour promouvoir l\u2019installation d\u2019\u00e9oliennes. <strong>\u00c0 condition que leurs retomb\u00e9es profitent directement au Sud Touraine<\/strong><\/p>\n\n\n\n<p>L\u2019Association Environnementale&nbsp;du Sud Touraine (AEST 37 <a href=\"mailto:aest37@orange.fr\">aest37@orange.fr<\/a>) nous transmet le communiqu\u00e9 de r\u00e9ponse (<a href=\"https:\/\/toutesnosenergies.fr\/wp-content\/uploads\/2020\/08\/Communiqu\u00e9-AEST-du-12-ao\u00fbt.pdf\">ci-joint<\/a>).&nbsp;<br><br>L&rsquo;annonce par des Maires : \u00ab \u2026 l&rsquo;id\u00e9al serait qu&rsquo;il y ait une trentaine d&rsquo;\u00e9oliennes &#8230; \u00bb nous \u00e9tonne :&nbsp;comment des \u00e9lus peuvent-ils envisager de faire subir \u00e0 leurs concitoyens et aux habitants du Sud Touraine et des alentours&nbsp; les impacts de machines de 200 m&nbsp; visibles de tr\u00e8s loin,&nbsp;des nuisances multiples, visuelles, sanitaires, \u00e9conomiques,&nbsp;une d\u00e9naturation des paysages qui font le charme et l&rsquo;attractivit\u00e9 de notre terroir,&nbsp;une perte de surfaces agricoles fertiles,&nbsp;une atteinte au droit constitutionnel \u00e0 la tranquillit\u00e9 dans un environnement choisi,&nbsp;une zizanie entre ceux qui vont en tirer un profit et ceux qui vont subir les inconv\u00e9nients<br><br>Pourquoi des financiers et des d\u00e9veloppeurs industriels choisissent-ils de produire, \u00e0 titre priv\u00e9, de l&rsquo;\u00e9lectricit\u00e9 dans une r\u00e9gion qui produit via EDF d\u00e9j\u00e0 plus d&rsquo;\u00e9lectricit\u00e9 qu&rsquo;elle n&rsquo;en consomme et \u00e0 moindre co\u00fbt ?<br>Paradoxe apparent : plus elles produisent plus elles co\u00fbtent cher au consommateur et au contribuable en subventions pour le profit des sp\u00e9culateurs<br>Selon un rapport de la Cour des Comptes de mars 2018 les contrats de l&rsquo;\u00e9olien vont co\u00fbter \u00e0 l&rsquo;\u00c9tat \u00ab40,7 milliards d&rsquo;euros en 20 ans\u00bb pou\u00ab2% de la production fran\u00e7aise\u00bb.<br>&nbsp;Les Maires de NEST se justifient en r\u00eavant de \u00ab\u00a0retomb\u00e9es financi\u00e8res\u00a0\u00bb et de travaux annexes compensatoires pour les communes : cette manne ne tombe pas du ciel mais sort de la poche des citoyens =<br>Pour 1 \u20ac de retomb\u00e9es financi\u00e8res pour la commune et la Communaut\u00e9 il en co\u00fbte de 10 \u00e0 15 \u20ac \u00e0 la collectivit\u00e9.<\/p>\n\n\n\n<p style=\"background-color:#f0ed97\" class=\"has-background\">De nombreux projets sont lanc\u00e9s , nous appelons les \u00e9lus \u00e0 les refuser pour d\u00e9fendre et promouvoir notre ruralit\u00e9, ses centres d&rsquo;int\u00e9r\u00eat et la qualit\u00e9 de vie qu&rsquo;elle nous offre<strong>.<\/strong><\/p>\n","protected":false},"excerpt":{"rendered":"<p>La Renaisssance Lochoise du 12 ao\u00fbt, (L&rsquo;hebdomadaire de la Touraine du Sud)&nbsp;&nbsp;publie un appel de&nbsp;&nbsp;maires et \u00e9lus du territoire qui ont cr\u00e9\u00e9&nbsp;&nbsp;une association,&nbsp;NEST (Nouvelles \u00e9nergies en Sud Touraine),&nbsp;pour promouvoir l\u2019installation d\u2019\u00e9oliennes. \u00c0 condition que leurs retomb\u00e9es profitent directement au Sud Touraine L\u2019Association Environnementale&nbsp;du Sud Touraine (AEST 37 aest37@orange.fr) nous transmet le communiqu\u00e9 de r\u00e9ponse (ci-joint).&nbsp; &#8230; <a title=\"En Touraine, des maires pr\u00eats \u00e0 brader leur territoire&#8230;\" class=\"read-more\" href=\"https:\/\/toutesnosenergies.fr\/index.php\/2020\/08\/15\/moi-yen-a-vouloir-des-sous\/\" aria-label=\"Plus sur En Touraine, des maires pr\u00eats \u00e0 brader leur territoire&#8230;\">Lire plus<\/a><\/p>\n","protected":false},"author":3,"featured_media":0,"comment_status":"open","ping_status":"open","sticky":false,"template":"","format":"standard","meta":{"_cbd_carousel_blocks":"[]","sfsi_plus_gutenberg_text_before_share":"","sfsi_plus_gutenberg_show_text_before_share":"","sfsi_plus_gutenberg_icon_type":"","sfsi_plus_gutenberg_icon_alignemt":"","sfsi_plus_gutenburg_max_per_row":"","footnotes":""},"categories":[8],"tags":[],"class_list":["post-3904","post","type-post","status-publish","format-standard","hentry","category-communiques-associations"],"yoast_head":"<!-- This site is optimized with the Yoast SEO plugin v27.4 - https:\/\/yoast.com\/product\/yoast-seo-wordpress\/ -->\n<title>En Touraine, des maires pr\u00eats \u00e0 brader leur territoire... - Toutes Nos \u00c9nergies \u2013 Occitanie Environnement<\/title>\n<meta name=\"robots\" content=\"index, follow, max-snippet:-1, max-image-preview:large, max-video-preview:-1\" \/>\n<link rel=\"canonical\" href=\"https:\/\/toutesnosenergies.fr\/index.php\/2020\/08\/15\/moi-yen-a-vouloir-des-sous\/\" \/>\n<meta property=\"og:locale\" content=\"fr_FR\" \/>\n<meta property=\"og:type\" content=\"article\" \/>\n<meta property=\"og:title\" content=\"En Touraine, des maires pr\u00eats \u00e0 brader leur territoire... - Toutes Nos \u00c9nergies \u2013 Occitanie Environnement\" \/>\n<meta property=\"og:description\" content=\"La Renaisssance Lochoise du 12 ao\u00fbt, (L&rsquo;hebdomadaire de la Touraine du Sud)&nbsp;&nbsp;publie un appel de&nbsp;&nbsp;maires et \u00e9lus du territoire qui ont cr\u00e9\u00e9&nbsp;&nbsp;une association,&nbsp;NEST (Nouvelles \u00e9nergies en Sud Touraine),&nbsp;pour promouvoir l\u2019installation d\u2019\u00e9oliennes. \u00c0 condition que leurs retomb\u00e9es profitent directement au Sud Touraine L\u2019Association Environnementale&nbsp;du Sud Touraine (AEST 37 aest37@orange.fr) nous transmet le communiqu\u00e9 de r\u00e9ponse (ci-joint).&nbsp; ... Lire plus\" \/>\n<meta property=\"og:url\" content=\"https:\/\/toutesnosenergies.fr\/index.php\/2020\/08\/15\/moi-yen-a-vouloir-des-sous\/\" \/>\n<meta property=\"og:site_name\" content=\"Toutes Nos \u00c9nergies \u2013 Occitanie Environnement\" \/>\n<meta property=\"article:publisher\" content=\"https:\/\/www.facebook.com\/TNEtoutesnosenergiesOccitanieEnvironnement\" \/>\n<meta property=\"article:published_time\" content=\"2020-08-15T19:54:53+00:00\" \/>\n<meta property=\"article:modified_time\" content=\"2020-08-16T02:59:51+00:00\" \/>\n<meta name=\"author\" content=\"WM81\" \/>\n<meta name=\"twitter:card\" content=\"summary_large_image\" \/>\n<meta name=\"twitter:label1\" content=\"\u00c9crit par\" \/>\n\t<meta name=\"twitter:data1\" content=\"WM81\" \/>\n\t<meta name=\"twitter:label2\" content=\"Dur\u00e9e de lecture estim\u00e9e\" \/>\n\t<meta name=\"twitter:data2\" content=\"2 minutes\" \/>\n<script type=\"application\/ld+json\" class=\"yoast-schema-graph\">{\"@context\":\"https:\\\/\\\/schema.org\",\"@graph\":[{\"@type\":\"Article\",\"@id\":\"https:\\\/\\\/toutesnosenergies.fr\\\/index.php\\\/2020\\\/08\\\/15\\\/moi-yen-a-vouloir-des-sous\\\/#article\",\"isPartOf\":{\"@id\":\"https:\\\/\\\/toutesnosenergies.fr\\\/index.php\\\/2020\\\/08\\\/15\\\/moi-yen-a-vouloir-des-sous\\\/\"},\"author\":{\"name\":\"WM81\",\"@id\":\"https:\\\/\\\/toutesnosenergies.fr\\\/#\\\/schema\\\/person\\\/83b429b7810ce59e0a21afb7e0b3cb1c\"},\"headline\":\"En Touraine, des maires pr\u00eats \u00e0 brader leur territoire&#8230;\",\"datePublished\":\"2020-08-15T19:54:53+00:00\",\"dateModified\":\"2020-08-16T02:59:51+00:00\",\"mainEntityOfPage\":{\"@id\":\"https:\\\/\\\/toutesnosenergies.fr\\\/index.php\\\/2020\\\/08\\\/15\\\/moi-yen-a-vouloir-des-sous\\\/\"},\"wordCount\":370,\"commentCount\":0,\"publisher\":{\"@id\":\"https:\\\/\\\/toutesnosenergies.fr\\\/#organization\"},\"articleSection\":[\"Communiqu\u00e9s des associations\"],\"inLanguage\":\"fr-FR\",\"potentialAction\":[{\"@type\":\"CommentAction\",\"name\":\"Comment\",\"target\":[\"https:\\\/\\\/toutesnosenergies.fr\\\/index.php\\\/2020\\\/08\\\/15\\\/moi-yen-a-vouloir-des-sous\\\/#respond\"]}]},{\"@type\":\"WebPage\",\"@id\":\"https:\\\/\\\/toutesnosenergies.fr\\\/index.php\\\/2020\\\/08\\\/15\\\/moi-yen-a-vouloir-des-sous\\\/\",\"url\":\"https:\\\/\\\/toutesnosenergies.fr\\\/index.php\\\/2020\\\/08\\\/15\\\/moi-yen-a-vouloir-des-sous\\\/\",\"name\":\"En Touraine, des maires pr\u00eats \u00e0 brader leur territoire... - Toutes Nos \u00c9nergies \u2013 Occitanie Environnement\",\"isPartOf\":{\"@id\":\"https:\\\/\\\/toutesnosenergies.fr\\\/#website\"},\"datePublished\":\"2020-08-15T19:54:53+00:00\",\"dateModified\":\"2020-08-16T02:59:51+00:00\",\"breadcrumb\":{\"@id\":\"https:\\\/\\\/toutesnosenergies.fr\\\/index.php\\\/2020\\\/08\\\/15\\\/moi-yen-a-vouloir-des-sous\\\/#breadcrumb\"},\"inLanguage\":\"fr-FR\",\"potentialAction\":[{\"@type\":\"ReadAction\",\"target\":[\"https:\\\/\\\/toutesnosenergies.fr\\\/index.php\\\/2020\\\/08\\\/15\\\/moi-yen-a-vouloir-des-sous\\\/\"]}]},{\"@type\":\"BreadcrumbList\",\"@id\":\"https:\\\/\\\/toutesnosenergies.fr\\\/index.php\\\/2020\\\/08\\\/15\\\/moi-yen-a-vouloir-des-sous\\\/#breadcrumb\",\"itemListElement\":[{\"@type\":\"ListItem\",\"position\":1,\"name\":\"Accueil\",\"item\":\"https:\\\/\\\/toutesnosenergies.fr\\\/\"},{\"@type\":\"ListItem\",\"position\":2,\"name\":\"En Touraine, des maires pr\u00eats \u00e0 brader leur territoire&#8230;\"}]},{\"@type\":\"WebSite\",\"@id\":\"https:\\\/\\\/toutesnosenergies.fr\\\/#website\",\"url\":\"https:\\\/\\\/toutesnosenergies.fr\\\/\",\"name\":\"Toutes Nos \u00c9nergies \u2013 Occitanie Environnement\",\"description\":\"Pour une \u00e9nergie respectueuse du vivant et des territoires ruraux en Occitanie\",\"publisher\":{\"@id\":\"https:\\\/\\\/toutesnosenergies.fr\\\/#organization\"},\"potentialAction\":[{\"@type\":\"SearchAction\",\"target\":{\"@type\":\"EntryPoint\",\"urlTemplate\":\"https:\\\/\\\/toutesnosenergies.fr\\\/?s={search_term_string}\"},\"query-input\":{\"@type\":\"PropertyValueSpecification\",\"valueRequired\":true,\"valueName\":\"search_term_string\"}}],\"inLanguage\":\"fr-FR\"},{\"@type\":\"Organization\",\"@id\":\"https:\\\/\\\/toutesnosenergies.fr\\\/#organization\",\"name\":\"Toutes Nos \u00c9nergies \u2013 Occitanie Environnement\",\"url\":\"https:\\\/\\\/toutesnosenergies.fr\\\/\",\"logo\":{\"@type\":\"ImageObject\",\"inLanguage\":\"fr-FR\",\"@id\":\"https:\\\/\\\/toutesnosenergies.fr\\\/#\\\/schema\\\/logo\\\/image\\\/\",\"url\":\"https:\\\/\\\/toutesnosenergies.fr\\\/wp-content\\\/uploads\\\/2023\\\/01\\\/Petit-logo.png\",\"contentUrl\":\"https:\\\/\\\/toutesnosenergies.fr\\\/wp-content\\\/uploads\\\/2023\\\/01\\\/Petit-logo.png\",\"width\":360,\"height\":102,\"caption\":\"Toutes Nos \u00c9nergies \u2013 Occitanie Environnement\"},\"image\":{\"@id\":\"https:\\\/\\\/toutesnosenergies.fr\\\/#\\\/schema\\\/logo\\\/image\\\/\"},\"sameAs\":[\"https:\\\/\\\/www.facebook.com\\\/TNEtoutesnosenergiesOccitanieEnvironnement\"]},{\"@type\":\"Person\",\"@id\":\"https:\\\/\\\/toutesnosenergies.fr\\\/#\\\/schema\\\/person\\\/83b429b7810ce59e0a21afb7e0b3cb1c\",\"name\":\"WM81\",\"image\":{\"@type\":\"ImageObject\",\"inLanguage\":\"fr-FR\",\"@id\":\"https:\\\/\\\/secure.gravatar.com\\\/avatar\\\/aa9bf2bd97a7297274c53294f09e800c7ee0d88290f959d5d49f9380299b9ff1?s=96&d=mm&r=g\",\"url\":\"https:\\\/\\\/secure.gravatar.com\\\/avatar\\\/aa9bf2bd97a7297274c53294f09e800c7ee0d88290f959d5d49f9380299b9ff1?s=96&d=mm&r=g\",\"contentUrl\":\"https:\\\/\\\/secure.gravatar.com\\\/avatar\\\/aa9bf2bd97a7297274c53294f09e800c7ee0d88290f959d5d49f9380299b9ff1?s=96&d=mm&r=g\",\"caption\":\"WM81\"},\"sameAs\":[\"http:\\\/\\\/toutesnosenergies.fr\"],\"url\":\"https:\\\/\\\/toutesnosenergies.fr\\\/index.php\\\/author\\\/wm81\\\/\"}]}<\/script>\n<!-- \/ Yoast SEO plugin. -->","yoast_head_json":{"title":"En Touraine, des maires pr\u00eats \u00e0 brader leur territoire... - Toutes Nos \u00c9nergies \u2013 Occitanie Environnement","robots":{"index":"index","follow":"follow","max-snippet":"max-snippet:-1","max-image-preview":"max-image-preview:large","max-video-preview":"max-video-preview:-1"},"canonical":"https:\/\/toutesnosenergies.fr\/index.php\/2020\/08\/15\/moi-yen-a-vouloir-des-sous\/","og_locale":"fr_FR","og_type":"article","og_title":"En Touraine, des maires pr\u00eats \u00e0 brader leur territoire... - Toutes Nos \u00c9nergies \u2013 Occitanie Environnement","og_description":"La Renaisssance Lochoise du 12 ao\u00fbt, (L&rsquo;hebdomadaire de la Touraine du Sud)&nbsp;&nbsp;publie un appel de&nbsp;&nbsp;maires et \u00e9lus du territoire qui ont cr\u00e9\u00e9&nbsp;&nbsp;une association,&nbsp;NEST (Nouvelles \u00e9nergies en Sud Touraine),&nbsp;pour promouvoir l\u2019installation d\u2019\u00e9oliennes. \u00c0 condition que leurs retomb\u00e9es profitent directement au Sud Touraine L\u2019Association Environnementale&nbsp;du Sud Touraine (AEST 37 aest37@orange.fr) nous transmet le communiqu\u00e9 de r\u00e9ponse (ci-joint).&nbsp; ... Lire plus","og_url":"https:\/\/toutesnosenergies.fr\/index.php\/2020\/08\/15\/moi-yen-a-vouloir-des-sous\/","og_site_name":"Toutes Nos \u00c9nergies \u2013 Occitanie Environnement","article_publisher":"https:\/\/www.facebook.com\/TNEtoutesnosenergiesOccitanieEnvironnement","article_published_time":"2020-08-15T19:54:53+00:00","article_modified_time":"2020-08-16T02:59:51+00:00","author":"WM81","twitter_card":"summary_large_image","twitter_misc":{"\u00c9crit par":"WM81","Dur\u00e9e de lecture estim\u00e9e":"2 minutes"},"schema":{"@context":"https:\/\/schema.org","@graph":[{"@type":"Article","@id":"https:\/\/toutesnosenergies.fr\/index.php\/2020\/08\/15\/moi-yen-a-vouloir-des-sous\/#article","isPartOf":{"@id":"https:\/\/toutesnosenergies.fr\/index.php\/2020\/08\/15\/moi-yen-a-vouloir-des-sous\/"},"author":{"name":"WM81","@id":"https:\/\/toutesnosenergies.fr\/#\/schema\/person\/83b429b7810ce59e0a21afb7e0b3cb1c"},"headline":"En Touraine, des maires pr\u00eats \u00e0 brader leur territoire&#8230;","datePublished":"2020-08-15T19:54:53+00:00","dateModified":"2020-08-16T02:59:51+00:00","mainEntityOfPage":{"@id":"https:\/\/toutesnosenergies.fr\/index.php\/2020\/08\/15\/moi-yen-a-vouloir-des-sous\/"},"wordCount":370,"commentCount":0,"publisher":{"@id":"https:\/\/toutesnosenergies.fr\/#organization"},"articleSection":["Communiqu\u00e9s des associations"],"inLanguage":"fr-FR","potentialAction":[{"@type":"CommentAction","name":"Comment","target":["https:\/\/toutesnosenergies.fr\/index.php\/2020\/08\/15\/moi-yen-a-vouloir-des-sous\/#respond"]}]},{"@type":"WebPage","@id":"https:\/\/toutesnosenergies.fr\/index.php\/2020\/08\/15\/moi-yen-a-vouloir-des-sous\/","url":"https:\/\/toutesnosenergies.fr\/index.php\/2020\/08\/15\/moi-yen-a-vouloir-des-sous\/","name":"En Touraine, des maires pr\u00eats \u00e0 brader leur territoire... - Toutes Nos \u00c9nergies \u2013 Occitanie Environnement","isPartOf":{"@id":"https:\/\/toutesnosenergies.fr\/#website"},"datePublished":"2020-08-15T19:54:53+00:00","dateModified":"2020-08-16T02:59:51+00:00","breadcrumb":{"@id":"https:\/\/toutesnosenergies.fr\/index.php\/2020\/08\/15\/moi-yen-a-vouloir-des-sous\/#breadcrumb"},"inLanguage":"fr-FR","potentialAction":[{"@type":"ReadAction","target":["https:\/\/toutesnosenergies.fr\/index.php\/2020\/08\/15\/moi-yen-a-vouloir-des-sous\/"]}]},{"@type":"BreadcrumbList","@id":"https:\/\/toutesnosenergies.fr\/index.php\/2020\/08\/15\/moi-yen-a-vouloir-des-sous\/#breadcrumb","itemListElement":[{"@type":"ListItem","position":1,"name":"Accueil","item":"https:\/\/toutesnosenergies.fr\/"},{"@type":"ListItem","position":2,"name":"En Touraine, des maires pr\u00eats \u00e0 brader leur territoire&#8230;"}]},{"@type":"WebSite","@id":"https:\/\/toutesnosenergies.fr\/#website","url":"https:\/\/toutesnosenergies.fr\/","name":"Toutes Nos \u00c9nergies \u2013 Occitanie Environnement","description":"Pour une \u00e9nergie respectueuse du vivant et des territoires ruraux en Occitanie","publisher":{"@id":"https:\/\/toutesnosenergies.fr\/#organization"},"potentialAction":[{"@type":"SearchAction","target":{"@type":"EntryPoint","urlTemplate":"https:\/\/toutesnosenergies.fr\/?s={search_term_string}"},"query-input":{"@type":"PropertyValueSpecification","valueRequired":true,"valueName":"search_term_string"}}],"inLanguage":"fr-FR"},{"@type":"Organization","@id":"https:\/\/toutesnosenergies.fr\/#organization","name":"Toutes Nos \u00c9nergies \u2013 Occitanie Environnement","url":"https:\/\/toutesnosenergies.fr\/","logo":{"@type":"ImageObject","inLanguage":"fr-FR","@id":"https:\/\/toutesnosenergies.fr\/#\/schema\/logo\/image\/","url":"https:\/\/toutesnosenergies.fr\/wp-content\/uploads\/2023\/01\/Petit-logo.png","contentUrl":"https:\/\/toutesnosenergies.fr\/wp-content\/uploads\/2023\/01\/Petit-logo.png","width":360,"height":102,"caption":"Toutes Nos \u00c9nergies \u2013 Occitanie Environnement"},"image":{"@id":"https:\/\/toutesnosenergies.fr\/#\/schema\/logo\/image\/"},"sameAs":["https:\/\/www.facebook.com\/TNEtoutesnosenergiesOccitanieEnvironnement"]},{"@type":"Person","@id":"https:\/\/toutesnosenergies.fr\/#\/schema\/person\/83b429b7810ce59e0a21afb7e0b3cb1c","name":"WM81","image":{"@type":"ImageObject","inLanguage":"fr-FR","@id":"https:\/\/secure.gravatar.com\/avatar\/aa9bf2bd97a7297274c53294f09e800c7ee0d88290f959d5d49f9380299b9ff1?s=96&d=mm&r=g","url":"https:\/\/secure.gravatar.com\/avatar\/aa9bf2bd97a7297274c53294f09e800c7ee0d88290f959d5d49f9380299b9ff1?s=96&d=mm&r=g","contentUrl":"https:\/\/secure.gravatar.com\/avatar\/aa9bf2bd97a7297274c53294f09e800c7ee0d88290f959d5d49f9380299b9ff1?s=96&d=mm&r=g","caption":"WM81"},"sameAs":["http:\/\/toutesnosenergies.fr"],"url":"https:\/\/toutesnosenergies.fr\/index.php\/author\/wm81\/"}]}},"_links":{"self":[{"href":"https:\/\/toutesnosenergies.fr\/index.php\/wp-json\/wp\/v2\/posts\/3904","targetHints":{"allow":["GET"]}}],"collection":[{"href":"https:\/\/toutesnosenergies.fr\/index.php\/wp-json\/wp\/v2\/posts"}],"about":[{"href":"https:\/\/toutesnosenergies.fr\/index.php\/wp-json\/wp\/v2\/types\/post"}],"author":[{"embeddable":true,"href":"https:\/\/toutesnosenergies.fr\/index.php\/wp-json\/wp\/v2\/users\/3"}],"replies":[{"embeddable":true,"href":"https:\/\/toutesnosenergies.fr\/index.php\/wp-json\/wp\/v2\/comments?post=3904"}],"version-history":[{"count":4,"href":"https:\/\/toutesnosenergies.fr\/index.php\/wp-json\/wp\/v2\/posts\/3904\/revisions"}],"predecessor-version":[{"id":3915,"href":"https:\/\/toutesnosenergies.fr\/index.php\/wp-json\/wp\/v2\/posts\/3904\/revisions\/3915"}],"wp:attachment":[{"href":"https:\/\/toutesnosenergies.fr\/index.php\/wp-json\/wp\/v2\/media?parent=3904"}],"wp:term":[{"taxonomy":"category","embeddable":true,"href":"https:\/\/toutesnosenergies.fr\/index.php\/wp-json\/wp\/v2\/categories?post=3904"},{"taxonomy":"post_tag","embeddable":true,"href":"https:\/\/toutesnosenergies.fr\/index.php\/wp-json\/wp\/v2\/tags?post=3904"}],"curies":[{"name":"wp","href":"https:\/\/api.w.org\/{rel}","templated":true}]}}