{"id":3909,"date":"2020-08-15T22:31:24","date_gmt":"2020-08-15T20:31:24","guid":{"rendered":"https:\/\/toutesnosenergies.fr\/?p=3909"},"modified":"2020-08-15T22:31:25","modified_gmt":"2020-08-15T20:31:25","slug":"nous-serons-a-puissalicon-34480-le-21-aout-a-19h00","status":"publish","type":"post","link":"https:\/\/toutesnosenergies.fr\/index.php\/2020\/08\/15\/nous-serons-a-puissalicon-34480-le-21-aout-a-19h00\/","title":{"rendered":"Nous serons \u00e0 Puissalicon (34480) le 21 ao\u00fbt \u00e0 19h00."},"content":{"rendered":"\n<p style=\"background-color:#dbadec\" class=\"has-background\">Depuis des ann\u00e9es des promoteurs d\u00e9filent dans nos villages du grand biterrois pour tenter d\u2019y installer leurs \u00ab\u00a0machines \u00e0 sous\u00a0\u00bb : de gros profits en perspective pour ces industriels mais une catastrophe \u00e9cologique, patrimoniale, touristique et sociale pour notre environnement.\u00a0<\/p>\n\n\n\n<div class=\"wp-block-image\"><figure class=\"alignleft is-resized\"><img loading=\"lazy\" decoding=\"async\" src=\"https:\/\/toutesnosenergies.fr\/wp-content\/uploads\/2020\/08\/Puysalicon1.png\" alt=\"\" class=\"wp-image-3912\" width=\"267\" height=\"365\" srcset=\"https:\/\/toutesnosenergies.fr\/wp-content\/uploads\/2020\/08\/Puysalicon1.png 605w, https:\/\/toutesnosenergies.fr\/wp-content\/uploads\/2020\/08\/Puysalicon1-219x300.png 219w\" sizes=\"auto, (max-width: 267px) 100vw, 267px\" \/><\/figure><\/div>\n\n\n\n<p>Jusqu\u2019\u00e0 ce jour, \u00e9lus et habitants ont r\u00e9sist\u00e9\u2026 Puissalicon ne doit pas \u00eatre la porte ouverte \u00e0 de futurs parcs \u00e9oliens dans la r\u00e9gion : 4 \u00e9oliennes pour l\u2019instant de 150m de haut, aux portes de l\u2019AOP Faug\u00e8res, sur le territoire de l\u2019IGP C\u00f4tes de Thongue qui a fait de la protection de la biodiversit\u00e9 le socle de nouvelles pratiques culturales ; elles impacteront les communes voisines qui y sont d\u00e9favorables et seront visibles depuis la cath\u00e9drale St Nazaire et l\u2019Oppidum d&rsquo;Ens\u00e9rune !<\/p>\n\n\n\n<div class=\"wp-block-image\"><figure class=\"alignright is-resized\"><img loading=\"lazy\" decoding=\"async\" src=\"https:\/\/toutesnosenergies.fr\/wp-content\/uploads\/2020\/08\/Puysalicon2.png\" alt=\"\" class=\"wp-image-3913\" width=\"259\" height=\"360\" srcset=\"https:\/\/toutesnosenergies.fr\/wp-content\/uploads\/2020\/08\/Puysalicon2.png 612w, https:\/\/toutesnosenergies.fr\/wp-content\/uploads\/2020\/08\/Puysalicon2-215x300.png 215w\" sizes=\"auto, (max-width: 259px) 100vw, 259px\" \/><\/figure><\/div>\n\n\n\n<p>Mobilisons-nous pour\u00a0<strong>\u00eatre nombreux\u00a0<\/strong>au rassemblement qu\u2019organise l\u2019association Sauvegarde du paysage des 7 collines, <strong>le vendredi 21 ao\u00fbt \u00e0 19h \u00e0 Puissalicon et lors de l\u2019enqu\u00eate publique qui va d\u00e9marrer.<\/strong><\/p>\n\n\n\n<p>Eviter la catastrophe \u00e0 ce petit village en circulade, \u00e0 sa tour romane, \u00e0 ses colonies importantes de chauve-souris, \u00e0 son bien vivre ensemble\u2026 \u00a0c\u2019est emp\u00eacher des loups de rentrer dans nos propres communes.\u00a0<\/p>\n\n\n\n<p>Un promoteur (le groupe allemand Volkswind)\u00a0ne doit pas, pour son profit personnel, et sous pr\u00e9texte d\u2019une transition \u00e9cologique bien loin de ses pr\u00e9occupations, d\u00e9cider de massacrer la qualit\u00e9 de vie et la sociabilit\u00e9 de centaines d\u2019habitants de la Communaut\u00e9 de communes Avants Monts.<\/p>\n\n\n\n<p><a href=\"https:\/\/nonauxeoliennespui.wixsite.com\/eoliennespuissalicon\">Voir le site, tr\u00e8s bien fait et explicite de l\u2019association.<\/a>\u00a0<\/p>\n\n\n\n<p class=\"has-background has-very-light-gray-background-color\">De la part de Mich\u00e8le Solans et Jean Pougnet co-secr\u00e9taires du collectif r\u00e9gional TNE-OE et voisins \u00e0 Th\u00e9zan les B\u00e9ziers !<\/p>\n","protected":false},"excerpt":{"rendered":"<p>Depuis des ann\u00e9es des promoteurs d\u00e9filent dans nos villages du grand biterrois pour tenter d\u2019y installer leurs \u00ab\u00a0machines \u00e0 sous\u00a0\u00bb : de gros profits en perspective pour ces industriels mais une catastrophe \u00e9cologique, patrimoniale, touristique et sociale pour notre environnement.\u00a0 Jusqu\u2019\u00e0 ce jour, \u00e9lus et habitants ont r\u00e9sist\u00e9\u2026 Puissalicon ne doit pas \u00eatre la porte &#8230; <a title=\"Nous serons \u00e0 Puissalicon (34480) le 21 ao\u00fbt \u00e0 19h00.\" class=\"read-more\" href=\"https:\/\/toutesnosenergies.fr\/index.php\/2020\/08\/15\/nous-serons-a-puissalicon-34480-le-21-aout-a-19h00\/\" aria-label=\"Plus sur Nous serons \u00e0 Puissalicon (34480) le 21 ao\u00fbt \u00e0 19h00.\">Lire plus<\/a><\/p>\n","protected":false},"author":3,"featured_media":0,"comment_status":"open","ping_status":"open","sticky":false,"template":"","format":"standard","meta":{"_cbd_carousel_blocks":"[]","sfsi_plus_gutenberg_text_before_share":"","sfsi_plus_gutenberg_show_text_before_share":"","sfsi_plus_gutenberg_icon_type":"","sfsi_plus_gutenberg_icon_alignemt":"","sfsi_plus_gutenburg_max_per_row":"","footnotes":""},"categories":[8],"tags":[],"class_list":["post-3909","post","type-post","status-publish","format-standard","hentry","category-communiques-associations"],"yoast_head":"<!-- This site is optimized with the Yoast SEO plugin v27.5 - https:\/\/yoast.com\/product\/yoast-seo-wordpress\/ -->\n<title>Nous serons \u00e0 Puissalicon (34480) le 21 ao\u00fbt \u00e0 19h00. - Toutes Nos \u00c9nergies \u2013 Occitanie Environnement<\/title>\n<meta name=\"robots\" content=\"index, follow, max-snippet:-1, max-image-preview:large, max-video-preview:-1\" \/>\n<link rel=\"canonical\" href=\"https:\/\/toutesnosenergies.fr\/index.php\/2020\/08\/15\/nous-serons-a-puissalicon-34480-le-21-aout-a-19h00\/\" \/>\n<meta property=\"og:locale\" content=\"fr_FR\" \/>\n<meta property=\"og:type\" content=\"article\" \/>\n<meta property=\"og:title\" content=\"Nous serons \u00e0 Puissalicon (34480) le 21 ao\u00fbt \u00e0 19h00. - Toutes Nos \u00c9nergies \u2013 Occitanie Environnement\" \/>\n<meta property=\"og:description\" content=\"Depuis des ann\u00e9es des promoteurs d\u00e9filent dans nos villages du grand biterrois pour tenter d\u2019y installer leurs \u00ab\u00a0machines \u00e0 sous\u00a0\u00bb : de gros profits en perspective pour ces industriels mais une catastrophe \u00e9cologique, patrimoniale, touristique et sociale pour notre environnement.\u00a0 Jusqu\u2019\u00e0 ce jour, \u00e9lus et habitants ont r\u00e9sist\u00e9\u2026 Puissalicon ne doit pas \u00eatre la porte ... Lire plus\" \/>\n<meta property=\"og:url\" content=\"https:\/\/toutesnosenergies.fr\/index.php\/2020\/08\/15\/nous-serons-a-puissalicon-34480-le-21-aout-a-19h00\/\" \/>\n<meta property=\"og:site_name\" content=\"Toutes Nos \u00c9nergies \u2013 Occitanie Environnement\" \/>\n<meta property=\"article:publisher\" content=\"https:\/\/www.facebook.com\/TNEtoutesnosenergiesOccitanieEnvironnement\" \/>\n<meta property=\"article:published_time\" content=\"2020-08-15T20:31:24+00:00\" \/>\n<meta property=\"article:modified_time\" content=\"2020-08-15T20:31:25+00:00\" \/>\n<meta property=\"og:image\" content=\"https:\/\/toutesnosenergies.fr\/wp-content\/uploads\/2020\/08\/Puysalicon1.png\" \/>\n<meta name=\"author\" content=\"WM81\" \/>\n<meta name=\"twitter:card\" content=\"summary_large_image\" \/>\n<meta name=\"twitter:label1\" content=\"\u00c9crit par\" \/>\n\t<meta name=\"twitter:data1\" content=\"WM81\" \/>\n\t<meta name=\"twitter:label2\" content=\"Dur\u00e9e de lecture estim\u00e9e\" \/>\n\t<meta name=\"twitter:data2\" content=\"1 minute\" \/>\n<script type=\"application\/ld+json\" class=\"yoast-schema-graph\">{\"@context\":\"https:\\\/\\\/schema.org\",\"@graph\":[{\"@type\":\"Article\",\"@id\":\"https:\\\/\\\/toutesnosenergies.fr\\\/index.php\\\/2020\\\/08\\\/15\\\/nous-serons-a-puissalicon-34480-le-21-aout-a-19h00\\\/#article\",\"isPartOf\":{\"@id\":\"https:\\\/\\\/toutesnosenergies.fr\\\/index.php\\\/2020\\\/08\\\/15\\\/nous-serons-a-puissalicon-34480-le-21-aout-a-19h00\\\/\"},\"author\":{\"name\":\"WM81\",\"@id\":\"https:\\\/\\\/toutesnosenergies.fr\\\/#\\\/schema\\\/person\\\/83b429b7810ce59e0a21afb7e0b3cb1c\"},\"headline\":\"Nous serons \u00e0 Puissalicon (34480) le 21 ao\u00fbt \u00e0 19h00.\",\"datePublished\":\"2020-08-15T20:31:24+00:00\",\"dateModified\":\"2020-08-15T20:31:25+00:00\",\"mainEntityOfPage\":{\"@id\":\"https:\\\/\\\/toutesnosenergies.fr\\\/index.php\\\/2020\\\/08\\\/15\\\/nous-serons-a-puissalicon-34480-le-21-aout-a-19h00\\\/\"},\"wordCount\":286,\"commentCount\":1,\"publisher\":{\"@id\":\"https:\\\/\\\/toutesnosenergies.fr\\\/#organization\"},\"image\":{\"@id\":\"https:\\\/\\\/toutesnosenergies.fr\\\/index.php\\\/2020\\\/08\\\/15\\\/nous-serons-a-puissalicon-34480-le-21-aout-a-19h00\\\/#primaryimage\"},\"thumbnailUrl\":\"https:\\\/\\\/toutesnosenergies.fr\\\/wp-content\\\/uploads\\\/2020\\\/08\\\/Puysalicon1.png\",\"articleSection\":[\"Communiqu\u00e9s des associations\"],\"inLanguage\":\"fr-FR\",\"potentialAction\":[{\"@type\":\"CommentAction\",\"name\":\"Comment\",\"target\":[\"https:\\\/\\\/toutesnosenergies.fr\\\/index.php\\\/2020\\\/08\\\/15\\\/nous-serons-a-puissalicon-34480-le-21-aout-a-19h00\\\/#respond\"]}]},{\"@type\":\"WebPage\",\"@id\":\"https:\\\/\\\/toutesnosenergies.fr\\\/index.php\\\/2020\\\/08\\\/15\\\/nous-serons-a-puissalicon-34480-le-21-aout-a-19h00\\\/\",\"url\":\"https:\\\/\\\/toutesnosenergies.fr\\\/index.php\\\/2020\\\/08\\\/15\\\/nous-serons-a-puissalicon-34480-le-21-aout-a-19h00\\\/\",\"name\":\"Nous serons \u00e0 Puissalicon (34480) le 21 ao\u00fbt \u00e0 19h00. - Toutes Nos \u00c9nergies \u2013 Occitanie Environnement\",\"isPartOf\":{\"@id\":\"https:\\\/\\\/toutesnosenergies.fr\\\/#website\"},\"primaryImageOfPage\":{\"@id\":\"https:\\\/\\\/toutesnosenergies.fr\\\/index.php\\\/2020\\\/08\\\/15\\\/nous-serons-a-puissalicon-34480-le-21-aout-a-19h00\\\/#primaryimage\"},\"image\":{\"@id\":\"https:\\\/\\\/toutesnosenergies.fr\\\/index.php\\\/2020\\\/08\\\/15\\\/nous-serons-a-puissalicon-34480-le-21-aout-a-19h00\\\/#primaryimage\"},\"thumbnailUrl\":\"https:\\\/\\\/toutesnosenergies.fr\\\/wp-content\\\/uploads\\\/2020\\\/08\\\/Puysalicon1.png\",\"datePublished\":\"2020-08-15T20:31:24+00:00\",\"dateModified\":\"2020-08-15T20:31:25+00:00\",\"breadcrumb\":{\"@id\":\"https:\\\/\\\/toutesnosenergies.fr\\\/index.php\\\/2020\\\/08\\\/15\\\/nous-serons-a-puissalicon-34480-le-21-aout-a-19h00\\\/#breadcrumb\"},\"inLanguage\":\"fr-FR\",\"potentialAction\":[{\"@type\":\"ReadAction\",\"target\":[\"https:\\\/\\\/toutesnosenergies.fr\\\/index.php\\\/2020\\\/08\\\/15\\\/nous-serons-a-puissalicon-34480-le-21-aout-a-19h00\\\/\"]}]},{\"@type\":\"ImageObject\",\"inLanguage\":\"fr-FR\",\"@id\":\"https:\\\/\\\/toutesnosenergies.fr\\\/index.php\\\/2020\\\/08\\\/15\\\/nous-serons-a-puissalicon-34480-le-21-aout-a-19h00\\\/#primaryimage\",\"url\":\"https:\\\/\\\/toutesnosenergies.fr\\\/wp-content\\\/uploads\\\/2020\\\/08\\\/Puysalicon1.png\",\"contentUrl\":\"https:\\\/\\\/toutesnosenergies.fr\\\/wp-content\\\/uploads\\\/2020\\\/08\\\/Puysalicon1.png\",\"width\":605,\"height\":828},{\"@type\":\"BreadcrumbList\",\"@id\":\"https:\\\/\\\/toutesnosenergies.fr\\\/index.php\\\/2020\\\/08\\\/15\\\/nous-serons-a-puissalicon-34480-le-21-aout-a-19h00\\\/#breadcrumb\",\"itemListElement\":[{\"@type\":\"ListItem\",\"position\":1,\"name\":\"Accueil\",\"item\":\"https:\\\/\\\/toutesnosenergies.fr\\\/\"},{\"@type\":\"ListItem\",\"position\":2,\"name\":\"Nous serons \u00e0 Puissalicon (34480) le 21 ao\u00fbt \u00e0 19h00.\"}]},{\"@type\":\"WebSite\",\"@id\":\"https:\\\/\\\/toutesnosenergies.fr\\\/#website\",\"url\":\"https:\\\/\\\/toutesnosenergies.fr\\\/\",\"name\":\"Toutes Nos \u00c9nergies \u2013 Occitanie Environnement\",\"description\":\"Pour une \u00e9nergie respectueuse du vivant et des territoires ruraux en Occitanie\",\"publisher\":{\"@id\":\"https:\\\/\\\/toutesnosenergies.fr\\\/#organization\"},\"potentialAction\":[{\"@type\":\"SearchAction\",\"target\":{\"@type\":\"EntryPoint\",\"urlTemplate\":\"https:\\\/\\\/toutesnosenergies.fr\\\/?s={search_term_string}\"},\"query-input\":{\"@type\":\"PropertyValueSpecification\",\"valueRequired\":true,\"valueName\":\"search_term_string\"}}],\"inLanguage\":\"fr-FR\"},{\"@type\":\"Organization\",\"@id\":\"https:\\\/\\\/toutesnosenergies.fr\\\/#organization\",\"name\":\"Toutes Nos \u00c9nergies \u2013 Occitanie Environnement\",\"url\":\"https:\\\/\\\/toutesnosenergies.fr\\\/\",\"logo\":{\"@type\":\"ImageObject\",\"inLanguage\":\"fr-FR\",\"@id\":\"https:\\\/\\\/toutesnosenergies.fr\\\/#\\\/schema\\\/logo\\\/image\\\/\",\"url\":\"https:\\\/\\\/toutesnosenergies.fr\\\/wp-content\\\/uploads\\\/2023\\\/01\\\/Petit-logo.png\",\"contentUrl\":\"https:\\\/\\\/toutesnosenergies.fr\\\/wp-content\\\/uploads\\\/2023\\\/01\\\/Petit-logo.png\",\"width\":360,\"height\":102,\"caption\":\"Toutes Nos \u00c9nergies \u2013 Occitanie Environnement\"},\"image\":{\"@id\":\"https:\\\/\\\/toutesnosenergies.fr\\\/#\\\/schema\\\/logo\\\/image\\\/\"},\"sameAs\":[\"https:\\\/\\\/www.facebook.com\\\/TNEtoutesnosenergiesOccitanieEnvironnement\"]},{\"@type\":\"Person\",\"@id\":\"https:\\\/\\\/toutesnosenergies.fr\\\/#\\\/schema\\\/person\\\/83b429b7810ce59e0a21afb7e0b3cb1c\",\"name\":\"WM81\",\"image\":{\"@type\":\"ImageObject\",\"inLanguage\":\"fr-FR\",\"@id\":\"https:\\\/\\\/secure.gravatar.com\\\/avatar\\\/aa9bf2bd97a7297274c53294f09e800c7ee0d88290f959d5d49f9380299b9ff1?s=96&d=mm&r=g\",\"url\":\"https:\\\/\\\/secure.gravatar.com\\\/avatar\\\/aa9bf2bd97a7297274c53294f09e800c7ee0d88290f959d5d49f9380299b9ff1?s=96&d=mm&r=g\",\"contentUrl\":\"https:\\\/\\\/secure.gravatar.com\\\/avatar\\\/aa9bf2bd97a7297274c53294f09e800c7ee0d88290f959d5d49f9380299b9ff1?s=96&d=mm&r=g\",\"caption\":\"WM81\"},\"sameAs\":[\"http:\\\/\\\/toutesnosenergies.fr\"],\"url\":\"https:\\\/\\\/toutesnosenergies.fr\\\/index.php\\\/author\\\/wm81\\\/\"}]}<\/script>\n<!-- \/ Yoast SEO plugin. -->","yoast_head_json":{"title":"Nous serons \u00e0 Puissalicon (34480) le 21 ao\u00fbt \u00e0 19h00. - Toutes Nos \u00c9nergies \u2013 Occitanie Environnement","robots":{"index":"index","follow":"follow","max-snippet":"max-snippet:-1","max-image-preview":"max-image-preview:large","max-video-preview":"max-video-preview:-1"},"canonical":"https:\/\/toutesnosenergies.fr\/index.php\/2020\/08\/15\/nous-serons-a-puissalicon-34480-le-21-aout-a-19h00\/","og_locale":"fr_FR","og_type":"article","og_title":"Nous serons \u00e0 Puissalicon (34480) le 21 ao\u00fbt \u00e0 19h00. - Toutes Nos \u00c9nergies \u2013 Occitanie Environnement","og_description":"Depuis des ann\u00e9es des promoteurs d\u00e9filent dans nos villages du grand biterrois pour tenter d\u2019y installer leurs \u00ab\u00a0machines \u00e0 sous\u00a0\u00bb : de gros profits en perspective pour ces industriels mais une catastrophe \u00e9cologique, patrimoniale, touristique et sociale pour notre environnement.\u00a0 Jusqu\u2019\u00e0 ce jour, \u00e9lus et habitants ont r\u00e9sist\u00e9\u2026 Puissalicon ne doit pas \u00eatre la porte ... Lire plus","og_url":"https:\/\/toutesnosenergies.fr\/index.php\/2020\/08\/15\/nous-serons-a-puissalicon-34480-le-21-aout-a-19h00\/","og_site_name":"Toutes Nos \u00c9nergies \u2013 Occitanie Environnement","article_publisher":"https:\/\/www.facebook.com\/TNEtoutesnosenergiesOccitanieEnvironnement","article_published_time":"2020-08-15T20:31:24+00:00","article_modified_time":"2020-08-15T20:31:25+00:00","og_image":[{"url":"https:\/\/toutesnosenergies.fr\/wp-content\/uploads\/2020\/08\/Puysalicon1.png","type":"","width":"","height":""}],"author":"WM81","twitter_card":"summary_large_image","twitter_misc":{"\u00c9crit par":"WM81","Dur\u00e9e de lecture estim\u00e9e":"1 minute"},"schema":{"@context":"https:\/\/schema.org","@graph":[{"@type":"Article","@id":"https:\/\/toutesnosenergies.fr\/index.php\/2020\/08\/15\/nous-serons-a-puissalicon-34480-le-21-aout-a-19h00\/#article","isPartOf":{"@id":"https:\/\/toutesnosenergies.fr\/index.php\/2020\/08\/15\/nous-serons-a-puissalicon-34480-le-21-aout-a-19h00\/"},"author":{"name":"WM81","@id":"https:\/\/toutesnosenergies.fr\/#\/schema\/person\/83b429b7810ce59e0a21afb7e0b3cb1c"},"headline":"Nous serons \u00e0 Puissalicon (34480) le 21 ao\u00fbt \u00e0 19h00.","datePublished":"2020-08-15T20:31:24+00:00","dateModified":"2020-08-15T20:31:25+00:00","mainEntityOfPage":{"@id":"https:\/\/toutesnosenergies.fr\/index.php\/2020\/08\/15\/nous-serons-a-puissalicon-34480-le-21-aout-a-19h00\/"},"wordCount":286,"commentCount":1,"publisher":{"@id":"https:\/\/toutesnosenergies.fr\/#organization"},"image":{"@id":"https:\/\/toutesnosenergies.fr\/index.php\/2020\/08\/15\/nous-serons-a-puissalicon-34480-le-21-aout-a-19h00\/#primaryimage"},"thumbnailUrl":"https:\/\/toutesnosenergies.fr\/wp-content\/uploads\/2020\/08\/Puysalicon1.png","articleSection":["Communiqu\u00e9s des associations"],"inLanguage":"fr-FR","potentialAction":[{"@type":"CommentAction","name":"Comment","target":["https:\/\/toutesnosenergies.fr\/index.php\/2020\/08\/15\/nous-serons-a-puissalicon-34480-le-21-aout-a-19h00\/#respond"]}]},{"@type":"WebPage","@id":"https:\/\/toutesnosenergies.fr\/index.php\/2020\/08\/15\/nous-serons-a-puissalicon-34480-le-21-aout-a-19h00\/","url":"https:\/\/toutesnosenergies.fr\/index.php\/2020\/08\/15\/nous-serons-a-puissalicon-34480-le-21-aout-a-19h00\/","name":"Nous serons \u00e0 Puissalicon (34480) le 21 ao\u00fbt \u00e0 19h00. - Toutes Nos \u00c9nergies \u2013 Occitanie Environnement","isPartOf":{"@id":"https:\/\/toutesnosenergies.fr\/#website"},"primaryImageOfPage":{"@id":"https:\/\/toutesnosenergies.fr\/index.php\/2020\/08\/15\/nous-serons-a-puissalicon-34480-le-21-aout-a-19h00\/#primaryimage"},"image":{"@id":"https:\/\/toutesnosenergies.fr\/index.php\/2020\/08\/15\/nous-serons-a-puissalicon-34480-le-21-aout-a-19h00\/#primaryimage"},"thumbnailUrl":"https:\/\/toutesnosenergies.fr\/wp-content\/uploads\/2020\/08\/Puysalicon1.png","datePublished":"2020-08-15T20:31:24+00:00","dateModified":"2020-08-15T20:31:25+00:00","breadcrumb":{"@id":"https:\/\/toutesnosenergies.fr\/index.php\/2020\/08\/15\/nous-serons-a-puissalicon-34480-le-21-aout-a-19h00\/#breadcrumb"},"inLanguage":"fr-FR","potentialAction":[{"@type":"ReadAction","target":["https:\/\/toutesnosenergies.fr\/index.php\/2020\/08\/15\/nous-serons-a-puissalicon-34480-le-21-aout-a-19h00\/"]}]},{"@type":"ImageObject","inLanguage":"fr-FR","@id":"https:\/\/toutesnosenergies.fr\/index.php\/2020\/08\/15\/nous-serons-a-puissalicon-34480-le-21-aout-a-19h00\/#primaryimage","url":"https:\/\/toutesnosenergies.fr\/wp-content\/uploads\/2020\/08\/Puysalicon1.png","contentUrl":"https:\/\/toutesnosenergies.fr\/wp-content\/uploads\/2020\/08\/Puysalicon1.png","width":605,"height":828},{"@type":"BreadcrumbList","@id":"https:\/\/toutesnosenergies.fr\/index.php\/2020\/08\/15\/nous-serons-a-puissalicon-34480-le-21-aout-a-19h00\/#breadcrumb","itemListElement":[{"@type":"ListItem","position":1,"name":"Accueil","item":"https:\/\/toutesnosenergies.fr\/"},{"@type":"ListItem","position":2,"name":"Nous serons \u00e0 Puissalicon (34480) le 21 ao\u00fbt \u00e0 19h00."}]},{"@type":"WebSite","@id":"https:\/\/toutesnosenergies.fr\/#website","url":"https:\/\/toutesnosenergies.fr\/","name":"Toutes Nos \u00c9nergies \u2013 Occitanie Environnement","description":"Pour une \u00e9nergie respectueuse du vivant et des territoires ruraux en Occitanie","publisher":{"@id":"https:\/\/toutesnosenergies.fr\/#organization"},"potentialAction":[{"@type":"SearchAction","target":{"@type":"EntryPoint","urlTemplate":"https:\/\/toutesnosenergies.fr\/?s={search_term_string}"},"query-input":{"@type":"PropertyValueSpecification","valueRequired":true,"valueName":"search_term_string"}}],"inLanguage":"fr-FR"},{"@type":"Organization","@id":"https:\/\/toutesnosenergies.fr\/#organization","name":"Toutes Nos \u00c9nergies \u2013 Occitanie Environnement","url":"https:\/\/toutesnosenergies.fr\/","logo":{"@type":"ImageObject","inLanguage":"fr-FR","@id":"https:\/\/toutesnosenergies.fr\/#\/schema\/logo\/image\/","url":"https:\/\/toutesnosenergies.fr\/wp-content\/uploads\/2023\/01\/Petit-logo.png","contentUrl":"https:\/\/toutesnosenergies.fr\/wp-content\/uploads\/2023\/01\/Petit-logo.png","width":360,"height":102,"caption":"Toutes Nos \u00c9nergies \u2013 Occitanie Environnement"},"image":{"@id":"https:\/\/toutesnosenergies.fr\/#\/schema\/logo\/image\/"},"sameAs":["https:\/\/www.facebook.com\/TNEtoutesnosenergiesOccitanieEnvironnement"]},{"@type":"Person","@id":"https:\/\/toutesnosenergies.fr\/#\/schema\/person\/83b429b7810ce59e0a21afb7e0b3cb1c","name":"WM81","image":{"@type":"ImageObject","inLanguage":"fr-FR","@id":"https:\/\/secure.gravatar.com\/avatar\/aa9bf2bd97a7297274c53294f09e800c7ee0d88290f959d5d49f9380299b9ff1?s=96&d=mm&r=g","url":"https:\/\/secure.gravatar.com\/avatar\/aa9bf2bd97a7297274c53294f09e800c7ee0d88290f959d5d49f9380299b9ff1?s=96&d=mm&r=g","contentUrl":"https:\/\/secure.gravatar.com\/avatar\/aa9bf2bd97a7297274c53294f09e800c7ee0d88290f959d5d49f9380299b9ff1?s=96&d=mm&r=g","caption":"WM81"},"sameAs":["http:\/\/toutesnosenergies.fr"],"url":"https:\/\/toutesnosenergies.fr\/index.php\/author\/wm81\/"}]}},"_links":{"self":[{"href":"https:\/\/toutesnosenergies.fr\/index.php\/wp-json\/wp\/v2\/posts\/3909","targetHints":{"allow":["GET"]}}],"collection":[{"href":"https:\/\/toutesnosenergies.fr\/index.php\/wp-json\/wp\/v2\/posts"}],"about":[{"href":"https:\/\/toutesnosenergies.fr\/index.php\/wp-json\/wp\/v2\/types\/post"}],"author":[{"embeddable":true,"href":"https:\/\/toutesnosenergies.fr\/index.php\/wp-json\/wp\/v2\/users\/3"}],"replies":[{"embeddable":true,"href":"https:\/\/toutesnosenergies.fr\/index.php\/wp-json\/wp\/v2\/comments?post=3909"}],"version-history":[{"count":3,"href":"https:\/\/toutesnosenergies.fr\/index.php\/wp-json\/wp\/v2\/posts\/3909\/revisions"}],"predecessor-version":[{"id":3914,"href":"https:\/\/toutesnosenergies.fr\/index.php\/wp-json\/wp\/v2\/posts\/3909\/revisions\/3914"}],"wp:attachment":[{"href":"https:\/\/toutesnosenergies.fr\/index.php\/wp-json\/wp\/v2\/media?parent=3909"}],"wp:term":[{"taxonomy":"category","embeddable":true,"href":"https:\/\/toutesnosenergies.fr\/index.php\/wp-json\/wp\/v2\/categories?post=3909"},{"taxonomy":"post_tag","embeddable":true,"href":"https:\/\/toutesnosenergies.fr\/index.php\/wp-json\/wp\/v2\/tags?post=3909"}],"curies":[{"name":"wp","href":"https:\/\/api.w.org\/{rel}","templated":true}]}}