{"id":3985,"date":"2020-09-14T19:23:56","date_gmt":"2020-09-14T17:23:56","guid":{"rendered":"https:\/\/toutesnosenergies.fr\/?p=3985"},"modified":"2020-09-14T19:34:45","modified_gmt":"2020-09-14T17:34:45","slug":"3985","status":"publish","type":"post","link":"https:\/\/toutesnosenergies.fr\/index.php\/2020\/09\/14\/3985\/","title":{"rendered":""},"content":{"rendered":"\n<p style=\"background-color:#b3e8ff\" class=\"has-background\">Dans la revue \u00e9lectronique <a href=\"https:\/\/lundi.am\/Amassada-2019-2020\">Lundimatin<\/a>, nous avons eu connaissance d\u2019une <a href=\"https:\/\/vimeo.com\/455002348\">vid\u00e9o consacr\u00e9e \u00e0 la lutte <\/a>que m\u00e8ne l\u2019AMASSADA sur le plateau de Saint Victor et Melvieu contre un m\u00e9ga-transformateur \u00e9lectrique de RTE-EDF. <\/p>\n\n\n\n<p>Nous savons que cette infrastructure est la cl\u00e9 de vo\u00fbte de l\u2019implantation des \u00e9oliennes en Occitanie.<\/p>\n\n\n\n<p>Partisans d\u2019une \u00e9cologie de la vie, l\u2019AMASSADA d\u00e9nonce la strat\u00e9gie technocratique d\u2019une des plus puissantes entreprises en France, symbole d\u2019une fuite en avant dont les citoyens ne veulent plus.<\/p>\n\n\n\n<div class=\"wp-block-image\"><figure class=\"aligncenter is-resized\"><img loading=\"lazy\" decoding=\"async\" src=\"https:\/\/toutesnosenergies.fr\/wp-content\/uploads\/2020\/09\/IMG_1927-1024x768.jpeg\" alt=\"\" class=\"wp-image-3987\" width=\"280\" height=\"373\"\/><figcaption>Gaillac 26\/10\/19 \u00a9 DB<\/figcaption><\/figure><\/div>\n\n\n\n<p style=\"background-color:#b3e8ff\" class=\"has-background\">\u00ab&nbsp;Qu\u2019ils aillent voir sur place \u00e0 quoi elle ressemble cette \u00e9cologie-l\u00e0, qu\u2019ils aillent voir la b\u00e9ance de la Terre d\u00e9chir\u00e9e et b\u00e9tonn\u00e9e, qu\u2019ils aillent voir le sol \u00e0 nu, les arbres coup\u00e9s, les champs d\u00e9vast\u00e9s, et comme partout ailleurs ils sentiront dans leurs tripes et non par quelques \u00ab prise de conscience \u00bb qui ne vient jamais, le front de la guerre entre les vivants et le parti de la mort.&nbsp;\u00bb&nbsp;<\/p>\n\n\n\n<p>Les derni\u00e8res images de la<a href=\"https:\/\/vimeo.com\/455002348\"> vid\u00e9o<\/a> de Ferdinand Griffon, le chantier en cours aujourd\u2019hui, sur le plateau\u2026 sont consternantes&nbsp;!<\/p>\n","protected":false},"excerpt":{"rendered":"<p>Dans la revue \u00e9lectronique Lundimatin, nous avons eu connaissance d\u2019une vid\u00e9o consacr\u00e9e \u00e0 la lutte que m\u00e8ne l\u2019AMASSADA sur le plateau de Saint Victor et Melvieu contre un m\u00e9ga-transformateur \u00e9lectrique de RTE-EDF. Nous savons que cette infrastructure est la cl\u00e9 de vo\u00fbte de l\u2019implantation des \u00e9oliennes en Occitanie. Partisans d\u2019une \u00e9cologie de la vie, l\u2019AMASSADA &#8230; <a title=\"\" class=\"read-more\" href=\"https:\/\/toutesnosenergies.fr\/index.php\/2020\/09\/14\/3985\/\" aria-label=\"Plus sur \">Lire plus<\/a><\/p>\n","protected":false},"author":3,"featured_media":0,"comment_status":"open","ping_status":"open","sticky":false,"template":"","format":"standard","meta":{"_cbd_carousel_blocks":"[]","sfsi_plus_gutenberg_text_before_share":"","sfsi_plus_gutenberg_show_text_before_share":"","sfsi_plus_gutenberg_icon_type":"","sfsi_plus_gutenberg_icon_alignemt":"","sfsi_plus_gutenburg_max_per_row":"","footnotes":""},"categories":[1],"tags":[],"class_list":["post-3985","post","type-post","status-publish","format-standard","hentry","category-non-classe"],"yoast_head":"<!-- This site is optimized with the Yoast SEO plugin v27.4 - https:\/\/yoast.com\/product\/yoast-seo-wordpress\/ -->\n<title>- Toutes Nos \u00c9nergies \u2013 Occitanie Environnement<\/title>\n<meta name=\"robots\" content=\"index, follow, max-snippet:-1, max-image-preview:large, max-video-preview:-1\" \/>\n<link rel=\"canonical\" href=\"https:\/\/toutesnosenergies.fr\/index.php\/2020\/09\/14\/3985\/\" \/>\n<meta property=\"og:locale\" content=\"fr_FR\" \/>\n<meta property=\"og:type\" content=\"article\" \/>\n<meta property=\"og:title\" content=\"- Toutes Nos \u00c9nergies \u2013 Occitanie Environnement\" \/>\n<meta property=\"og:description\" content=\"Dans la revue \u00e9lectronique Lundimatin, nous avons eu connaissance d\u2019une vid\u00e9o consacr\u00e9e \u00e0 la lutte que m\u00e8ne l\u2019AMASSADA sur le plateau de Saint Victor et Melvieu contre un m\u00e9ga-transformateur \u00e9lectrique de RTE-EDF. Nous savons que cette infrastructure est la cl\u00e9 de vo\u00fbte de l\u2019implantation des \u00e9oliennes en Occitanie. Partisans d\u2019une \u00e9cologie de la vie, l\u2019AMASSADA ... Lire plus\" \/>\n<meta property=\"og:url\" content=\"https:\/\/toutesnosenergies.fr\/index.php\/2020\/09\/14\/3985\/\" \/>\n<meta property=\"og:site_name\" content=\"Toutes Nos \u00c9nergies \u2013 Occitanie Environnement\" \/>\n<meta property=\"article:publisher\" content=\"https:\/\/www.facebook.com\/TNEtoutesnosenergiesOccitanieEnvironnement\" \/>\n<meta property=\"article:published_time\" content=\"2020-09-14T17:23:56+00:00\" \/>\n<meta property=\"article:modified_time\" content=\"2020-09-14T17:34:45+00:00\" \/>\n<meta property=\"og:image\" content=\"https:\/\/toutesnosenergies.fr\/wp-content\/uploads\/2020\/09\/IMG_1927-1024x768.jpeg\" \/>\n<meta name=\"author\" content=\"WM81\" \/>\n<meta name=\"twitter:card\" content=\"summary_large_image\" \/>\n<meta name=\"twitter:label1\" content=\"\u00c9crit par\" \/>\n\t<meta name=\"twitter:data1\" content=\"WM81\" \/>\n\t<meta name=\"twitter:label2\" content=\"Dur\u00e9e de lecture estim\u00e9e\" \/>\n\t<meta name=\"twitter:data2\" content=\"1 minute\" \/>\n<script type=\"application\/ld+json\" class=\"yoast-schema-graph\">{\"@context\":\"https:\\\/\\\/schema.org\",\"@graph\":[{\"@type\":\"Article\",\"@id\":\"https:\\\/\\\/toutesnosenergies.fr\\\/index.php\\\/2020\\\/09\\\/14\\\/3985\\\/#article\",\"isPartOf\":{\"@id\":\"https:\\\/\\\/toutesnosenergies.fr\\\/index.php\\\/2020\\\/09\\\/14\\\/3985\\\/\"},\"author\":{\"name\":\"WM81\",\"@id\":\"https:\\\/\\\/toutesnosenergies.fr\\\/#\\\/schema\\\/person\\\/83b429b7810ce59e0a21afb7e0b3cb1c\"},\"headline\":\"Aucun titre\",\"datePublished\":\"2020-09-14T17:23:56+00:00\",\"dateModified\":\"2020-09-14T17:34:45+00:00\",\"mainEntityOfPage\":{\"@id\":\"https:\\\/\\\/toutesnosenergies.fr\\\/index.php\\\/2020\\\/09\\\/14\\\/3985\\\/\"},\"wordCount\":196,\"commentCount\":0,\"publisher\":{\"@id\":\"https:\\\/\\\/toutesnosenergies.fr\\\/#organization\"},\"image\":{\"@id\":\"https:\\\/\\\/toutesnosenergies.fr\\\/index.php\\\/2020\\\/09\\\/14\\\/3985\\\/#primaryimage\"},\"thumbnailUrl\":\"https:\\\/\\\/toutesnosenergies.fr\\\/wp-content\\\/uploads\\\/2020\\\/09\\\/IMG_1927-1024x768.jpeg\",\"inLanguage\":\"fr-FR\",\"potentialAction\":[{\"@type\":\"CommentAction\",\"name\":\"Comment\",\"target\":[\"https:\\\/\\\/toutesnosenergies.fr\\\/index.php\\\/2020\\\/09\\\/14\\\/3985\\\/#respond\"]}]},{\"@type\":\"WebPage\",\"@id\":\"https:\\\/\\\/toutesnosenergies.fr\\\/index.php\\\/2020\\\/09\\\/14\\\/3985\\\/\",\"url\":\"https:\\\/\\\/toutesnosenergies.fr\\\/index.php\\\/2020\\\/09\\\/14\\\/3985\\\/\",\"name\":\"- Toutes Nos \u00c9nergies \u2013 Occitanie Environnement\",\"isPartOf\":{\"@id\":\"https:\\\/\\\/toutesnosenergies.fr\\\/#website\"},\"primaryImageOfPage\":{\"@id\":\"https:\\\/\\\/toutesnosenergies.fr\\\/index.php\\\/2020\\\/09\\\/14\\\/3985\\\/#primaryimage\"},\"image\":{\"@id\":\"https:\\\/\\\/toutesnosenergies.fr\\\/index.php\\\/2020\\\/09\\\/14\\\/3985\\\/#primaryimage\"},\"thumbnailUrl\":\"https:\\\/\\\/toutesnosenergies.fr\\\/wp-content\\\/uploads\\\/2020\\\/09\\\/IMG_1927-1024x768.jpeg\",\"datePublished\":\"2020-09-14T17:23:56+00:00\",\"dateModified\":\"2020-09-14T17:34:45+00:00\",\"inLanguage\":\"fr-FR\",\"potentialAction\":[{\"@type\":\"ReadAction\",\"target\":[\"https:\\\/\\\/toutesnosenergies.fr\\\/index.php\\\/2020\\\/09\\\/14\\\/3985\\\/\"]}]},{\"@type\":\"ImageObject\",\"inLanguage\":\"fr-FR\",\"@id\":\"https:\\\/\\\/toutesnosenergies.fr\\\/index.php\\\/2020\\\/09\\\/14\\\/3985\\\/#primaryimage\",\"url\":\"https:\\\/\\\/toutesnosenergies.fr\\\/wp-content\\\/uploads\\\/2020\\\/09\\\/IMG_1927.jpeg\",\"contentUrl\":\"https:\\\/\\\/toutesnosenergies.fr\\\/wp-content\\\/uploads\\\/2020\\\/09\\\/IMG_1927.jpeg\",\"width\":4032,\"height\":3024},{\"@type\":\"WebSite\",\"@id\":\"https:\\\/\\\/toutesnosenergies.fr\\\/#website\",\"url\":\"https:\\\/\\\/toutesnosenergies.fr\\\/\",\"name\":\"Toutes Nos \u00c9nergies \u2013 Occitanie Environnement\",\"description\":\"Pour une \u00e9nergie respectueuse du vivant et des territoires ruraux en Occitanie\",\"publisher\":{\"@id\":\"https:\\\/\\\/toutesnosenergies.fr\\\/#organization\"},\"potentialAction\":[{\"@type\":\"SearchAction\",\"target\":{\"@type\":\"EntryPoint\",\"urlTemplate\":\"https:\\\/\\\/toutesnosenergies.fr\\\/?s={search_term_string}\"},\"query-input\":{\"@type\":\"PropertyValueSpecification\",\"valueRequired\":true,\"valueName\":\"search_term_string\"}}],\"inLanguage\":\"fr-FR\"},{\"@type\":\"Organization\",\"@id\":\"https:\\\/\\\/toutesnosenergies.fr\\\/#organization\",\"name\":\"Toutes Nos \u00c9nergies \u2013 Occitanie Environnement\",\"url\":\"https:\\\/\\\/toutesnosenergies.fr\\\/\",\"logo\":{\"@type\":\"ImageObject\",\"inLanguage\":\"fr-FR\",\"@id\":\"https:\\\/\\\/toutesnosenergies.fr\\\/#\\\/schema\\\/logo\\\/image\\\/\",\"url\":\"https:\\\/\\\/toutesnosenergies.fr\\\/wp-content\\\/uploads\\\/2023\\\/01\\\/Petit-logo.png\",\"contentUrl\":\"https:\\\/\\\/toutesnosenergies.fr\\\/wp-content\\\/uploads\\\/2023\\\/01\\\/Petit-logo.png\",\"width\":360,\"height\":102,\"caption\":\"Toutes Nos \u00c9nergies \u2013 Occitanie Environnement\"},\"image\":{\"@id\":\"https:\\\/\\\/toutesnosenergies.fr\\\/#\\\/schema\\\/logo\\\/image\\\/\"},\"sameAs\":[\"https:\\\/\\\/www.facebook.com\\\/TNEtoutesnosenergiesOccitanieEnvironnement\"]},{\"@type\":\"Person\",\"@id\":\"https:\\\/\\\/toutesnosenergies.fr\\\/#\\\/schema\\\/person\\\/83b429b7810ce59e0a21afb7e0b3cb1c\",\"name\":\"WM81\",\"image\":{\"@type\":\"ImageObject\",\"inLanguage\":\"fr-FR\",\"@id\":\"https:\\\/\\\/secure.gravatar.com\\\/avatar\\\/aa9bf2bd97a7297274c53294f09e800c7ee0d88290f959d5d49f9380299b9ff1?s=96&d=mm&r=g\",\"url\":\"https:\\\/\\\/secure.gravatar.com\\\/avatar\\\/aa9bf2bd97a7297274c53294f09e800c7ee0d88290f959d5d49f9380299b9ff1?s=96&d=mm&r=g\",\"contentUrl\":\"https:\\\/\\\/secure.gravatar.com\\\/avatar\\\/aa9bf2bd97a7297274c53294f09e800c7ee0d88290f959d5d49f9380299b9ff1?s=96&d=mm&r=g\",\"caption\":\"WM81\"},\"sameAs\":[\"http:\\\/\\\/toutesnosenergies.fr\"],\"url\":\"https:\\\/\\\/toutesnosenergies.fr\\\/index.php\\\/author\\\/wm81\\\/\"}]}<\/script>\n<!-- \/ Yoast SEO plugin. -->","yoast_head_json":{"title":"- Toutes Nos \u00c9nergies \u2013 Occitanie Environnement","robots":{"index":"index","follow":"follow","max-snippet":"max-snippet:-1","max-image-preview":"max-image-preview:large","max-video-preview":"max-video-preview:-1"},"canonical":"https:\/\/toutesnosenergies.fr\/index.php\/2020\/09\/14\/3985\/","og_locale":"fr_FR","og_type":"article","og_title":"- Toutes Nos \u00c9nergies \u2013 Occitanie Environnement","og_description":"Dans la revue \u00e9lectronique Lundimatin, nous avons eu connaissance d\u2019une vid\u00e9o consacr\u00e9e \u00e0 la lutte que m\u00e8ne l\u2019AMASSADA sur le plateau de Saint Victor et Melvieu contre un m\u00e9ga-transformateur \u00e9lectrique de RTE-EDF. Nous savons que cette infrastructure est la cl\u00e9 de vo\u00fbte de l\u2019implantation des \u00e9oliennes en Occitanie. Partisans d\u2019une \u00e9cologie de la vie, l\u2019AMASSADA ... Lire plus","og_url":"https:\/\/toutesnosenergies.fr\/index.php\/2020\/09\/14\/3985\/","og_site_name":"Toutes Nos \u00c9nergies \u2013 Occitanie Environnement","article_publisher":"https:\/\/www.facebook.com\/TNEtoutesnosenergiesOccitanieEnvironnement","article_published_time":"2020-09-14T17:23:56+00:00","article_modified_time":"2020-09-14T17:34:45+00:00","og_image":[{"url":"https:\/\/toutesnosenergies.fr\/wp-content\/uploads\/2020\/09\/IMG_1927-1024x768.jpeg","type":"","width":"","height":""}],"author":"WM81","twitter_card":"summary_large_image","twitter_misc":{"\u00c9crit par":"WM81","Dur\u00e9e de lecture estim\u00e9e":"1 minute"},"schema":{"@context":"https:\/\/schema.org","@graph":[{"@type":"Article","@id":"https:\/\/toutesnosenergies.fr\/index.php\/2020\/09\/14\/3985\/#article","isPartOf":{"@id":"https:\/\/toutesnosenergies.fr\/index.php\/2020\/09\/14\/3985\/"},"author":{"name":"WM81","@id":"https:\/\/toutesnosenergies.fr\/#\/schema\/person\/83b429b7810ce59e0a21afb7e0b3cb1c"},"headline":"Aucun titre","datePublished":"2020-09-14T17:23:56+00:00","dateModified":"2020-09-14T17:34:45+00:00","mainEntityOfPage":{"@id":"https:\/\/toutesnosenergies.fr\/index.php\/2020\/09\/14\/3985\/"},"wordCount":196,"commentCount":0,"publisher":{"@id":"https:\/\/toutesnosenergies.fr\/#organization"},"image":{"@id":"https:\/\/toutesnosenergies.fr\/index.php\/2020\/09\/14\/3985\/#primaryimage"},"thumbnailUrl":"https:\/\/toutesnosenergies.fr\/wp-content\/uploads\/2020\/09\/IMG_1927-1024x768.jpeg","inLanguage":"fr-FR","potentialAction":[{"@type":"CommentAction","name":"Comment","target":["https:\/\/toutesnosenergies.fr\/index.php\/2020\/09\/14\/3985\/#respond"]}]},{"@type":"WebPage","@id":"https:\/\/toutesnosenergies.fr\/index.php\/2020\/09\/14\/3985\/","url":"https:\/\/toutesnosenergies.fr\/index.php\/2020\/09\/14\/3985\/","name":"- Toutes Nos \u00c9nergies \u2013 Occitanie Environnement","isPartOf":{"@id":"https:\/\/toutesnosenergies.fr\/#website"},"primaryImageOfPage":{"@id":"https:\/\/toutesnosenergies.fr\/index.php\/2020\/09\/14\/3985\/#primaryimage"},"image":{"@id":"https:\/\/toutesnosenergies.fr\/index.php\/2020\/09\/14\/3985\/#primaryimage"},"thumbnailUrl":"https:\/\/toutesnosenergies.fr\/wp-content\/uploads\/2020\/09\/IMG_1927-1024x768.jpeg","datePublished":"2020-09-14T17:23:56+00:00","dateModified":"2020-09-14T17:34:45+00:00","inLanguage":"fr-FR","potentialAction":[{"@type":"ReadAction","target":["https:\/\/toutesnosenergies.fr\/index.php\/2020\/09\/14\/3985\/"]}]},{"@type":"ImageObject","inLanguage":"fr-FR","@id":"https:\/\/toutesnosenergies.fr\/index.php\/2020\/09\/14\/3985\/#primaryimage","url":"https:\/\/toutesnosenergies.fr\/wp-content\/uploads\/2020\/09\/IMG_1927.jpeg","contentUrl":"https:\/\/toutesnosenergies.fr\/wp-content\/uploads\/2020\/09\/IMG_1927.jpeg","width":4032,"height":3024},{"@type":"WebSite","@id":"https:\/\/toutesnosenergies.fr\/#website","url":"https:\/\/toutesnosenergies.fr\/","name":"Toutes Nos \u00c9nergies \u2013 Occitanie Environnement","description":"Pour une \u00e9nergie respectueuse du vivant et des territoires ruraux en Occitanie","publisher":{"@id":"https:\/\/toutesnosenergies.fr\/#organization"},"potentialAction":[{"@type":"SearchAction","target":{"@type":"EntryPoint","urlTemplate":"https:\/\/toutesnosenergies.fr\/?s={search_term_string}"},"query-input":{"@type":"PropertyValueSpecification","valueRequired":true,"valueName":"search_term_string"}}],"inLanguage":"fr-FR"},{"@type":"Organization","@id":"https:\/\/toutesnosenergies.fr\/#organization","name":"Toutes Nos \u00c9nergies \u2013 Occitanie Environnement","url":"https:\/\/toutesnosenergies.fr\/","logo":{"@type":"ImageObject","inLanguage":"fr-FR","@id":"https:\/\/toutesnosenergies.fr\/#\/schema\/logo\/image\/","url":"https:\/\/toutesnosenergies.fr\/wp-content\/uploads\/2023\/01\/Petit-logo.png","contentUrl":"https:\/\/toutesnosenergies.fr\/wp-content\/uploads\/2023\/01\/Petit-logo.png","width":360,"height":102,"caption":"Toutes Nos \u00c9nergies \u2013 Occitanie Environnement"},"image":{"@id":"https:\/\/toutesnosenergies.fr\/#\/schema\/logo\/image\/"},"sameAs":["https:\/\/www.facebook.com\/TNEtoutesnosenergiesOccitanieEnvironnement"]},{"@type":"Person","@id":"https:\/\/toutesnosenergies.fr\/#\/schema\/person\/83b429b7810ce59e0a21afb7e0b3cb1c","name":"WM81","image":{"@type":"ImageObject","inLanguage":"fr-FR","@id":"https:\/\/secure.gravatar.com\/avatar\/aa9bf2bd97a7297274c53294f09e800c7ee0d88290f959d5d49f9380299b9ff1?s=96&d=mm&r=g","url":"https:\/\/secure.gravatar.com\/avatar\/aa9bf2bd97a7297274c53294f09e800c7ee0d88290f959d5d49f9380299b9ff1?s=96&d=mm&r=g","contentUrl":"https:\/\/secure.gravatar.com\/avatar\/aa9bf2bd97a7297274c53294f09e800c7ee0d88290f959d5d49f9380299b9ff1?s=96&d=mm&r=g","caption":"WM81"},"sameAs":["http:\/\/toutesnosenergies.fr"],"url":"https:\/\/toutesnosenergies.fr\/index.php\/author\/wm81\/"}]}},"_links":{"self":[{"href":"https:\/\/toutesnosenergies.fr\/index.php\/wp-json\/wp\/v2\/posts\/3985","targetHints":{"allow":["GET"]}}],"collection":[{"href":"https:\/\/toutesnosenergies.fr\/index.php\/wp-json\/wp\/v2\/posts"}],"about":[{"href":"https:\/\/toutesnosenergies.fr\/index.php\/wp-json\/wp\/v2\/types\/post"}],"author":[{"embeddable":true,"href":"https:\/\/toutesnosenergies.fr\/index.php\/wp-json\/wp\/v2\/users\/3"}],"replies":[{"embeddable":true,"href":"https:\/\/toutesnosenergies.fr\/index.php\/wp-json\/wp\/v2\/comments?post=3985"}],"version-history":[{"count":4,"href":"https:\/\/toutesnosenergies.fr\/index.php\/wp-json\/wp\/v2\/posts\/3985\/revisions"}],"predecessor-version":[{"id":3991,"href":"https:\/\/toutesnosenergies.fr\/index.php\/wp-json\/wp\/v2\/posts\/3985\/revisions\/3991"}],"wp:attachment":[{"href":"https:\/\/toutesnosenergies.fr\/index.php\/wp-json\/wp\/v2\/media?parent=3985"}],"wp:term":[{"taxonomy":"category","embeddable":true,"href":"https:\/\/toutesnosenergies.fr\/index.php\/wp-json\/wp\/v2\/categories?post=3985"},{"taxonomy":"post_tag","embeddable":true,"href":"https:\/\/toutesnosenergies.fr\/index.php\/wp-json\/wp\/v2\/tags?post=3985"}],"curies":[{"name":"wp","href":"https:\/\/api.w.org\/{rel}","templated":true}]}}