{"id":3997,"date":"2020-09-27T17:24:02","date_gmt":"2020-09-27T15:24:02","guid":{"rendered":"https:\/\/toutesnosenergies.fr\/?p=3997"},"modified":"2020-09-27T17:40:20","modified_gmt":"2020-09-27T15:40:20","slug":"suite-dune-reunion","status":"publish","type":"post","link":"https:\/\/toutesnosenergies.fr\/index.php\/2020\/09\/27\/suite-dune-reunion\/","title":{"rendered":"Contre les \u00e9oliennes dans le Vallespir : suites d&rsquo;une r\u00e9union publique"},"content":{"rendered":"\n<p class=\"has-background has-light-green-cyan-background-color\">St\u00e9phanie Keller nous avait alert\u00e9s sur la tenue de la 1\u00e8re journ\u00e9e des \u00ab\u00a0transitions \u00e9cologiques en Vallespir\u00a0\u00bb consacr\u00e9e ce 23\/9 \u00e0 l&rsquo;expos\u00e9-d\u00e9bat sur les \u00e9nergies renouvelables (EnR) avec un point d&rsquo;orgue pr\u00e9sent\u00e9 et anim\u00e9 par Bertrand Rodriguez g\u00e9rant de CatEnR, (coop\u00e9rative d\u2019\u00e9nergies participatives qui am\u00e9nage et finance la transition&nbsp;\u00e9nerg\u00e9tique dans les Pyr\u00e9n\u00e9es-Orientales). <\/p>\n\n\n\n<p>Elle invitait \u00e0 participer \u00e0 ce d\u00e9bat, \u00ab\u00a0puisque l&rsquo;objectif premier de tous ces lobbyistes du vent est bien d&rsquo;ouvrir d&rsquo;autres br\u00e8ches vers l&rsquo;Espagne (apr\u00e8s leurs c\u00e2bles enterr\u00e9s)&nbsp;afin de leurs donner acc\u00e8s \u00e0 nos frais \u00e0 un march\u00e9 international juteux, promu par le gouvernement fran\u00e7ais mais&nbsp;aussi l&rsquo;Union Europ\u00e9enne elle-m\u00eame\u00a0\u00bb.<\/p>\n\n\n\n<p>Message re\u00e7u, Jean Blin&nbsp; qui assistait \u00e0 la r\u00e9union nous en fait le compte-rendu suivant : \u00e0 C\u00e9ret nous \u00e9tions 55 dans la salle dont une quinzaine de nos amis,  de Banyuls des Aspres, Brouilla, Las Illas-Maureillas et du bureau du Collectif le Vent Tourne.&nbsp; &nbsp;<\/p>\n\n\n\n<p>Apr\u00e8s le 1er expos\u00e9 par Agn\u00e8s Langevine, 1\u00e8re vice-pr\u00e9sidente de la R\u00e9gion Occitanie sous l&rsquo;\u00e9tiquette Europe Ecologie Les Verts (EELV) accompagn\u00e9e de Me Codogn\u00e8s son compagnon, plusieurs de nos amis ont port\u00e9 la contradiction t\u00e2clant p\u00eale-m\u00eale l&rsquo;absence d&rsquo;\u00e9coute des \u00e9lus (R\u00e9gion, D\u00e9partement 66) et hauts fonctionnaires (pr\u00e9fet, ADEME) sur l&rsquo;\u00e9olien; le refuse la R\u00e9gion d&rsquo;\u00e9tudier le sc\u00e9nario REP\u00d2STA de notre collectif occitan TNE-OE en contradictoire avec le sc\u00e9nario REPOS de la R\u00e9gion concoct\u00e9 par le lobby N\u00e9gawatt&nbsp; et l&rsquo;ADEME; les subventions \u00e9normes aux 2 seules EnR \u00e9olien et photovolta\u00efque de grand champ au d\u00e9triment de tout autre type d&rsquo;EnR (g\u00e9othermies, bois-\u00e9nergie, solaire individuel, hydraulique et micro-hydraulique &#8230;). <\/p>\n\n\n\n<p>Le repr\u00e9sentant du collectif transfrontalier \u00ab\u00a0El&nbsp;futur es avui\u00a0\u00bb s&rsquo;est enquis du devenir du projet de 20 \u00e9oliennes \u00e0 Las Illas, r\u00e9it\u00e9rant sa demande plusieurs fois sans obtenir quelque r\u00e9ponse. il a insist\u00e9 sur l&rsquo;abandon du hameau apr\u00e8s les coul\u00e9es de boues, dont la derni\u00e8re cette semaine, et le danger incendie que les Canadairs ne pourront combattre \u00e0 proximit\u00e9 de futures \u00e9oliennes.&nbsp; &nbsp;<\/p>\n\n\n\n<p>La salle n&rsquo;a gu\u00e8re applaudi l&rsquo;enthousiasme de Mme Langevine, nos remarques ont eu quelque succ\u00e8s si bien que la vice-pr\u00e9sidente a imm\u00e9diatement quitt\u00e9 la salle avec son ami n&rsquo;ayant pu, comme elle nous l&rsquo;avait expos\u00e9 d\u00e8s le d\u00e9but, avoir des \u00e9changes positifs et chaleureux qu&rsquo;elle appr\u00e9cie tant avec les convaincus des 2 EnR sponsoris\u00e9es par nos factures \u00e9lectriques.<\/p>\n\n\n\n<p>Le Plan Climat Air \u00c9nergie Territorial (PCAET) n&rsquo;a gu\u00e8re convaincu dans un flou sur ses objectifs, ses moyens comme sur ses r\u00e9sultats.<\/p>\n\n\n\n<p>Nous avons interpell\u00e9 le g\u00e9rant de CatEnR sur l&rsquo;accord pass\u00e9 avec le g\u00e9ant Engie Green pour installer 6 \u00e9oliennes sur les territoires des 2 communes de Brouilla et Banyuls dels Aspres. Le r\u00e9f\u00e9rendum organis\u00e9 par le maire de Banyuls dels Aspre a montr\u00e9 un refus massif de ce projet par 86% des votants. \u00c0 cette zone industrielle \u00e9olienne auquel s&rsquo;ajouteront 2 zones de 16 et&nbsp;13 hectares de panneaux photovolta\u00efques sur des terres agricoles. La r\u00e9ponse de CatEnR est une charte de partage de l&rsquo;investissement, de l&rsquo;exploitation et de&nbsp; la gouvernance de cette exploitation \u00e9oliennes.<\/p>\n\n\n\n<p class=\"has-background has-light-green-cyan-background-color\">Le g\u00e9rant de CatEnr propose au collectif le Vent Tourne une r\u00e9union pour exposer le sc\u00e9nario REPOSTA\u00a0de TNE-OE, affaire \u00e0 suivre avec TNE-OE.\u00a0<br>Nous avons \u00ab\u00a0cass\u00e9\u00a0\u00bb le bel ordonnancement de la soir\u00e9e  et exprim\u00e9 avec force\u00a0les raisons de notre opposition \u00e0 cette EnR et nous avons sem\u00e9 des doutes sur l&rsquo;int\u00e9r\u00eat de l&rsquo;\u00e9olien parmi les participants peu au fait de ces probl\u00e9matiques.\u00a0\u00a0<\/p>\n","protected":false},"excerpt":{"rendered":"<p>St\u00e9phanie Keller nous avait alert\u00e9s sur la tenue de la 1\u00e8re journ\u00e9e des \u00ab\u00a0transitions \u00e9cologiques en Vallespir\u00a0\u00bb consacr\u00e9e ce 23\/9 \u00e0 l&rsquo;expos\u00e9-d\u00e9bat sur les \u00e9nergies renouvelables (EnR) avec un point d&rsquo;orgue pr\u00e9sent\u00e9 et anim\u00e9 par Bertrand Rodriguez g\u00e9rant de CatEnR, (coop\u00e9rative d\u2019\u00e9nergies participatives qui am\u00e9nage et finance la transition&nbsp;\u00e9nerg\u00e9tique dans les Pyr\u00e9n\u00e9es-Orientales). Elle invitait \u00e0 &#8230; <a title=\"Contre les \u00e9oliennes dans le Vallespir : suites d&rsquo;une r\u00e9union publique\" class=\"read-more\" href=\"https:\/\/toutesnosenergies.fr\/index.php\/2020\/09\/27\/suite-dune-reunion\/\" aria-label=\"Plus sur Contre les \u00e9oliennes dans le Vallespir : suites d&rsquo;une r\u00e9union publique\">Lire plus<\/a><\/p>\n","protected":false},"author":3,"featured_media":0,"comment_status":"open","ping_status":"open","sticky":false,"template":"","format":"standard","meta":{"_cbd_carousel_blocks":"[]","sfsi_plus_gutenberg_text_before_share":"","sfsi_plus_gutenberg_show_text_before_share":"","sfsi_plus_gutenberg_icon_type":"","sfsi_plus_gutenberg_icon_alignemt":"","sfsi_plus_gutenburg_max_per_row":"","footnotes":""},"categories":[8],"tags":[],"class_list":["post-3997","post","type-post","status-publish","format-standard","hentry","category-communiques-associations"],"yoast_head":"<!-- This site is optimized with the Yoast SEO plugin v27.4 - https:\/\/yoast.com\/product\/yoast-seo-wordpress\/ -->\n<title>Contre les \u00e9oliennes dans le Vallespir : suites d&#039;une r\u00e9union publique - Toutes Nos \u00c9nergies \u2013 Occitanie Environnement<\/title>\n<meta name=\"robots\" content=\"index, follow, max-snippet:-1, max-image-preview:large, max-video-preview:-1\" \/>\n<link rel=\"canonical\" href=\"https:\/\/toutesnosenergies.fr\/index.php\/2020\/09\/27\/suite-dune-reunion\/\" \/>\n<meta property=\"og:locale\" content=\"fr_FR\" \/>\n<meta property=\"og:type\" content=\"article\" \/>\n<meta property=\"og:title\" content=\"Contre les \u00e9oliennes dans le Vallespir : suites d&#039;une r\u00e9union publique - Toutes Nos \u00c9nergies \u2013 Occitanie Environnement\" \/>\n<meta property=\"og:description\" content=\"St\u00e9phanie Keller nous avait alert\u00e9s sur la tenue de la 1\u00e8re journ\u00e9e des \u00ab\u00a0transitions \u00e9cologiques en Vallespir\u00a0\u00bb consacr\u00e9e ce 23\/9 \u00e0 l&rsquo;expos\u00e9-d\u00e9bat sur les \u00e9nergies renouvelables (EnR) avec un point d&rsquo;orgue pr\u00e9sent\u00e9 et anim\u00e9 par Bertrand Rodriguez g\u00e9rant de CatEnR, (coop\u00e9rative d\u2019\u00e9nergies participatives qui am\u00e9nage et finance la transition&nbsp;\u00e9nerg\u00e9tique dans les Pyr\u00e9n\u00e9es-Orientales). Elle invitait \u00e0 ... Lire plus\" \/>\n<meta property=\"og:url\" content=\"https:\/\/toutesnosenergies.fr\/index.php\/2020\/09\/27\/suite-dune-reunion\/\" \/>\n<meta property=\"og:site_name\" content=\"Toutes Nos \u00c9nergies \u2013 Occitanie Environnement\" \/>\n<meta property=\"article:publisher\" content=\"https:\/\/www.facebook.com\/TNEtoutesnosenergiesOccitanieEnvironnement\" \/>\n<meta property=\"article:published_time\" content=\"2020-09-27T15:24:02+00:00\" \/>\n<meta property=\"article:modified_time\" content=\"2020-09-27T15:40:20+00:00\" \/>\n<meta name=\"author\" content=\"WM81\" \/>\n<meta name=\"twitter:card\" content=\"summary_large_image\" \/>\n<meta name=\"twitter:label1\" content=\"\u00c9crit par\" \/>\n\t<meta name=\"twitter:data1\" content=\"WM81\" \/>\n\t<meta name=\"twitter:label2\" content=\"Dur\u00e9e de lecture estim\u00e9e\" \/>\n\t<meta name=\"twitter:data2\" content=\"3 minutes\" \/>\n<script type=\"application\/ld+json\" class=\"yoast-schema-graph\">{\"@context\":\"https:\\\/\\\/schema.org\",\"@graph\":[{\"@type\":\"Article\",\"@id\":\"https:\\\/\\\/toutesnosenergies.fr\\\/index.php\\\/2020\\\/09\\\/27\\\/suite-dune-reunion\\\/#article\",\"isPartOf\":{\"@id\":\"https:\\\/\\\/toutesnosenergies.fr\\\/index.php\\\/2020\\\/09\\\/27\\\/suite-dune-reunion\\\/\"},\"author\":{\"name\":\"WM81\",\"@id\":\"https:\\\/\\\/toutesnosenergies.fr\\\/#\\\/schema\\\/person\\\/83b429b7810ce59e0a21afb7e0b3cb1c\"},\"headline\":\"Contre les \u00e9oliennes dans le Vallespir : suites d&rsquo;une r\u00e9union publique\",\"datePublished\":\"2020-09-27T15:24:02+00:00\",\"dateModified\":\"2020-09-27T15:40:20+00:00\",\"mainEntityOfPage\":{\"@id\":\"https:\\\/\\\/toutesnosenergies.fr\\\/index.php\\\/2020\\\/09\\\/27\\\/suite-dune-reunion\\\/\"},\"wordCount\":636,\"commentCount\":0,\"publisher\":{\"@id\":\"https:\\\/\\\/toutesnosenergies.fr\\\/#organization\"},\"articleSection\":[\"Communiqu\u00e9s des associations\"],\"inLanguage\":\"fr-FR\",\"potentialAction\":[{\"@type\":\"CommentAction\",\"name\":\"Comment\",\"target\":[\"https:\\\/\\\/toutesnosenergies.fr\\\/index.php\\\/2020\\\/09\\\/27\\\/suite-dune-reunion\\\/#respond\"]}]},{\"@type\":\"WebPage\",\"@id\":\"https:\\\/\\\/toutesnosenergies.fr\\\/index.php\\\/2020\\\/09\\\/27\\\/suite-dune-reunion\\\/\",\"url\":\"https:\\\/\\\/toutesnosenergies.fr\\\/index.php\\\/2020\\\/09\\\/27\\\/suite-dune-reunion\\\/\",\"name\":\"Contre les \u00e9oliennes dans le Vallespir : suites d'une r\u00e9union publique - Toutes Nos \u00c9nergies \u2013 Occitanie Environnement\",\"isPartOf\":{\"@id\":\"https:\\\/\\\/toutesnosenergies.fr\\\/#website\"},\"datePublished\":\"2020-09-27T15:24:02+00:00\",\"dateModified\":\"2020-09-27T15:40:20+00:00\",\"breadcrumb\":{\"@id\":\"https:\\\/\\\/toutesnosenergies.fr\\\/index.php\\\/2020\\\/09\\\/27\\\/suite-dune-reunion\\\/#breadcrumb\"},\"inLanguage\":\"fr-FR\",\"potentialAction\":[{\"@type\":\"ReadAction\",\"target\":[\"https:\\\/\\\/toutesnosenergies.fr\\\/index.php\\\/2020\\\/09\\\/27\\\/suite-dune-reunion\\\/\"]}]},{\"@type\":\"BreadcrumbList\",\"@id\":\"https:\\\/\\\/toutesnosenergies.fr\\\/index.php\\\/2020\\\/09\\\/27\\\/suite-dune-reunion\\\/#breadcrumb\",\"itemListElement\":[{\"@type\":\"ListItem\",\"position\":1,\"name\":\"Accueil\",\"item\":\"https:\\\/\\\/toutesnosenergies.fr\\\/\"},{\"@type\":\"ListItem\",\"position\":2,\"name\":\"Contre les \u00e9oliennes dans le Vallespir : suites d&#8217;une r\u00e9union publique\"}]},{\"@type\":\"WebSite\",\"@id\":\"https:\\\/\\\/toutesnosenergies.fr\\\/#website\",\"url\":\"https:\\\/\\\/toutesnosenergies.fr\\\/\",\"name\":\"Toutes Nos \u00c9nergies \u2013 Occitanie Environnement\",\"description\":\"Pour une \u00e9nergie respectueuse du vivant et des territoires ruraux en Occitanie\",\"publisher\":{\"@id\":\"https:\\\/\\\/toutesnosenergies.fr\\\/#organization\"},\"potentialAction\":[{\"@type\":\"SearchAction\",\"target\":{\"@type\":\"EntryPoint\",\"urlTemplate\":\"https:\\\/\\\/toutesnosenergies.fr\\\/?s={search_term_string}\"},\"query-input\":{\"@type\":\"PropertyValueSpecification\",\"valueRequired\":true,\"valueName\":\"search_term_string\"}}],\"inLanguage\":\"fr-FR\"},{\"@type\":\"Organization\",\"@id\":\"https:\\\/\\\/toutesnosenergies.fr\\\/#organization\",\"name\":\"Toutes Nos \u00c9nergies \u2013 Occitanie Environnement\",\"url\":\"https:\\\/\\\/toutesnosenergies.fr\\\/\",\"logo\":{\"@type\":\"ImageObject\",\"inLanguage\":\"fr-FR\",\"@id\":\"https:\\\/\\\/toutesnosenergies.fr\\\/#\\\/schema\\\/logo\\\/image\\\/\",\"url\":\"https:\\\/\\\/toutesnosenergies.fr\\\/wp-content\\\/uploads\\\/2023\\\/01\\\/Petit-logo.png\",\"contentUrl\":\"https:\\\/\\\/toutesnosenergies.fr\\\/wp-content\\\/uploads\\\/2023\\\/01\\\/Petit-logo.png\",\"width\":360,\"height\":102,\"caption\":\"Toutes Nos \u00c9nergies \u2013 Occitanie Environnement\"},\"image\":{\"@id\":\"https:\\\/\\\/toutesnosenergies.fr\\\/#\\\/schema\\\/logo\\\/image\\\/\"},\"sameAs\":[\"https:\\\/\\\/www.facebook.com\\\/TNEtoutesnosenergiesOccitanieEnvironnement\"]},{\"@type\":\"Person\",\"@id\":\"https:\\\/\\\/toutesnosenergies.fr\\\/#\\\/schema\\\/person\\\/83b429b7810ce59e0a21afb7e0b3cb1c\",\"name\":\"WM81\",\"image\":{\"@type\":\"ImageObject\",\"inLanguage\":\"fr-FR\",\"@id\":\"https:\\\/\\\/secure.gravatar.com\\\/avatar\\\/aa9bf2bd97a7297274c53294f09e800c7ee0d88290f959d5d49f9380299b9ff1?s=96&d=mm&r=g\",\"url\":\"https:\\\/\\\/secure.gravatar.com\\\/avatar\\\/aa9bf2bd97a7297274c53294f09e800c7ee0d88290f959d5d49f9380299b9ff1?s=96&d=mm&r=g\",\"contentUrl\":\"https:\\\/\\\/secure.gravatar.com\\\/avatar\\\/aa9bf2bd97a7297274c53294f09e800c7ee0d88290f959d5d49f9380299b9ff1?s=96&d=mm&r=g\",\"caption\":\"WM81\"},\"sameAs\":[\"http:\\\/\\\/toutesnosenergies.fr\"],\"url\":\"https:\\\/\\\/toutesnosenergies.fr\\\/index.php\\\/author\\\/wm81\\\/\"}]}<\/script>\n<!-- \/ Yoast SEO plugin. -->","yoast_head_json":{"title":"Contre les \u00e9oliennes dans le Vallespir : suites d'une r\u00e9union publique - Toutes Nos \u00c9nergies \u2013 Occitanie Environnement","robots":{"index":"index","follow":"follow","max-snippet":"max-snippet:-1","max-image-preview":"max-image-preview:large","max-video-preview":"max-video-preview:-1"},"canonical":"https:\/\/toutesnosenergies.fr\/index.php\/2020\/09\/27\/suite-dune-reunion\/","og_locale":"fr_FR","og_type":"article","og_title":"Contre les \u00e9oliennes dans le Vallespir : suites d'une r\u00e9union publique - Toutes Nos \u00c9nergies \u2013 Occitanie Environnement","og_description":"St\u00e9phanie Keller nous avait alert\u00e9s sur la tenue de la 1\u00e8re journ\u00e9e des \u00ab\u00a0transitions \u00e9cologiques en Vallespir\u00a0\u00bb consacr\u00e9e ce 23\/9 \u00e0 l&rsquo;expos\u00e9-d\u00e9bat sur les \u00e9nergies renouvelables (EnR) avec un point d&rsquo;orgue pr\u00e9sent\u00e9 et anim\u00e9 par Bertrand Rodriguez g\u00e9rant de CatEnR, (coop\u00e9rative d\u2019\u00e9nergies participatives qui am\u00e9nage et finance la transition&nbsp;\u00e9nerg\u00e9tique dans les Pyr\u00e9n\u00e9es-Orientales). Elle invitait \u00e0 ... Lire plus","og_url":"https:\/\/toutesnosenergies.fr\/index.php\/2020\/09\/27\/suite-dune-reunion\/","og_site_name":"Toutes Nos \u00c9nergies \u2013 Occitanie Environnement","article_publisher":"https:\/\/www.facebook.com\/TNEtoutesnosenergiesOccitanieEnvironnement","article_published_time":"2020-09-27T15:24:02+00:00","article_modified_time":"2020-09-27T15:40:20+00:00","author":"WM81","twitter_card":"summary_large_image","twitter_misc":{"\u00c9crit par":"WM81","Dur\u00e9e de lecture estim\u00e9e":"3 minutes"},"schema":{"@context":"https:\/\/schema.org","@graph":[{"@type":"Article","@id":"https:\/\/toutesnosenergies.fr\/index.php\/2020\/09\/27\/suite-dune-reunion\/#article","isPartOf":{"@id":"https:\/\/toutesnosenergies.fr\/index.php\/2020\/09\/27\/suite-dune-reunion\/"},"author":{"name":"WM81","@id":"https:\/\/toutesnosenergies.fr\/#\/schema\/person\/83b429b7810ce59e0a21afb7e0b3cb1c"},"headline":"Contre les \u00e9oliennes dans le Vallespir : suites d&rsquo;une r\u00e9union publique","datePublished":"2020-09-27T15:24:02+00:00","dateModified":"2020-09-27T15:40:20+00:00","mainEntityOfPage":{"@id":"https:\/\/toutesnosenergies.fr\/index.php\/2020\/09\/27\/suite-dune-reunion\/"},"wordCount":636,"commentCount":0,"publisher":{"@id":"https:\/\/toutesnosenergies.fr\/#organization"},"articleSection":["Communiqu\u00e9s des associations"],"inLanguage":"fr-FR","potentialAction":[{"@type":"CommentAction","name":"Comment","target":["https:\/\/toutesnosenergies.fr\/index.php\/2020\/09\/27\/suite-dune-reunion\/#respond"]}]},{"@type":"WebPage","@id":"https:\/\/toutesnosenergies.fr\/index.php\/2020\/09\/27\/suite-dune-reunion\/","url":"https:\/\/toutesnosenergies.fr\/index.php\/2020\/09\/27\/suite-dune-reunion\/","name":"Contre les \u00e9oliennes dans le Vallespir : suites d'une r\u00e9union publique - Toutes Nos \u00c9nergies \u2013 Occitanie Environnement","isPartOf":{"@id":"https:\/\/toutesnosenergies.fr\/#website"},"datePublished":"2020-09-27T15:24:02+00:00","dateModified":"2020-09-27T15:40:20+00:00","breadcrumb":{"@id":"https:\/\/toutesnosenergies.fr\/index.php\/2020\/09\/27\/suite-dune-reunion\/#breadcrumb"},"inLanguage":"fr-FR","potentialAction":[{"@type":"ReadAction","target":["https:\/\/toutesnosenergies.fr\/index.php\/2020\/09\/27\/suite-dune-reunion\/"]}]},{"@type":"BreadcrumbList","@id":"https:\/\/toutesnosenergies.fr\/index.php\/2020\/09\/27\/suite-dune-reunion\/#breadcrumb","itemListElement":[{"@type":"ListItem","position":1,"name":"Accueil","item":"https:\/\/toutesnosenergies.fr\/"},{"@type":"ListItem","position":2,"name":"Contre les \u00e9oliennes dans le Vallespir : suites d&#8217;une r\u00e9union publique"}]},{"@type":"WebSite","@id":"https:\/\/toutesnosenergies.fr\/#website","url":"https:\/\/toutesnosenergies.fr\/","name":"Toutes Nos \u00c9nergies \u2013 Occitanie Environnement","description":"Pour une \u00e9nergie respectueuse du vivant et des territoires ruraux en Occitanie","publisher":{"@id":"https:\/\/toutesnosenergies.fr\/#organization"},"potentialAction":[{"@type":"SearchAction","target":{"@type":"EntryPoint","urlTemplate":"https:\/\/toutesnosenergies.fr\/?s={search_term_string}"},"query-input":{"@type":"PropertyValueSpecification","valueRequired":true,"valueName":"search_term_string"}}],"inLanguage":"fr-FR"},{"@type":"Organization","@id":"https:\/\/toutesnosenergies.fr\/#organization","name":"Toutes Nos \u00c9nergies \u2013 Occitanie Environnement","url":"https:\/\/toutesnosenergies.fr\/","logo":{"@type":"ImageObject","inLanguage":"fr-FR","@id":"https:\/\/toutesnosenergies.fr\/#\/schema\/logo\/image\/","url":"https:\/\/toutesnosenergies.fr\/wp-content\/uploads\/2023\/01\/Petit-logo.png","contentUrl":"https:\/\/toutesnosenergies.fr\/wp-content\/uploads\/2023\/01\/Petit-logo.png","width":360,"height":102,"caption":"Toutes Nos \u00c9nergies \u2013 Occitanie Environnement"},"image":{"@id":"https:\/\/toutesnosenergies.fr\/#\/schema\/logo\/image\/"},"sameAs":["https:\/\/www.facebook.com\/TNEtoutesnosenergiesOccitanieEnvironnement"]},{"@type":"Person","@id":"https:\/\/toutesnosenergies.fr\/#\/schema\/person\/83b429b7810ce59e0a21afb7e0b3cb1c","name":"WM81","image":{"@type":"ImageObject","inLanguage":"fr-FR","@id":"https:\/\/secure.gravatar.com\/avatar\/aa9bf2bd97a7297274c53294f09e800c7ee0d88290f959d5d49f9380299b9ff1?s=96&d=mm&r=g","url":"https:\/\/secure.gravatar.com\/avatar\/aa9bf2bd97a7297274c53294f09e800c7ee0d88290f959d5d49f9380299b9ff1?s=96&d=mm&r=g","contentUrl":"https:\/\/secure.gravatar.com\/avatar\/aa9bf2bd97a7297274c53294f09e800c7ee0d88290f959d5d49f9380299b9ff1?s=96&d=mm&r=g","caption":"WM81"},"sameAs":["http:\/\/toutesnosenergies.fr"],"url":"https:\/\/toutesnosenergies.fr\/index.php\/author\/wm81\/"}]}},"_links":{"self":[{"href":"https:\/\/toutesnosenergies.fr\/index.php\/wp-json\/wp\/v2\/posts\/3997","targetHints":{"allow":["GET"]}}],"collection":[{"href":"https:\/\/toutesnosenergies.fr\/index.php\/wp-json\/wp\/v2\/posts"}],"about":[{"href":"https:\/\/toutesnosenergies.fr\/index.php\/wp-json\/wp\/v2\/types\/post"}],"author":[{"embeddable":true,"href":"https:\/\/toutesnosenergies.fr\/index.php\/wp-json\/wp\/v2\/users\/3"}],"replies":[{"embeddable":true,"href":"https:\/\/toutesnosenergies.fr\/index.php\/wp-json\/wp\/v2\/comments?post=3997"}],"version-history":[{"count":3,"href":"https:\/\/toutesnosenergies.fr\/index.php\/wp-json\/wp\/v2\/posts\/3997\/revisions"}],"predecessor-version":[{"id":4000,"href":"https:\/\/toutesnosenergies.fr\/index.php\/wp-json\/wp\/v2\/posts\/3997\/revisions\/4000"}],"wp:attachment":[{"href":"https:\/\/toutesnosenergies.fr\/index.php\/wp-json\/wp\/v2\/media?parent=3997"}],"wp:term":[{"taxonomy":"category","embeddable":true,"href":"https:\/\/toutesnosenergies.fr\/index.php\/wp-json\/wp\/v2\/categories?post=3997"},{"taxonomy":"post_tag","embeddable":true,"href":"https:\/\/toutesnosenergies.fr\/index.php\/wp-json\/wp\/v2\/tags?post=3997"}],"curies":[{"name":"wp","href":"https:\/\/api.w.org\/{rel}","templated":true}]}}