{"id":4001,"date":"2020-09-27T18:01:44","date_gmt":"2020-09-27T16:01:44","guid":{"rendered":"https:\/\/toutesnosenergies.fr\/?p=4001"},"modified":"2020-09-27T18:01:51","modified_gmt":"2020-09-27T16:01:51","slug":"attention-jet-de-feuilles-vegetales","status":"publish","type":"post","link":"https:\/\/toutesnosenergies.fr\/index.php\/2020\/09\/27\/attention-jet-de-feuilles-vegetales\/","title":{"rendered":"Attention jet de feuilles v\u00e9g\u00e9tales !"},"content":{"rendered":"\n<p style=\"background-color:#f2e195\" class=\"has-background\">Nous avons appris tr\u00e8s r\u00e9cemment que le proc\u00e8s en appel pour \u00ab\u00a0jet de feuilles d&rsquo;origine v\u00e9g\u00e9tale\u00a0\u00bb suite \u00e0 la manifestation qui avait eu lieu \u00e0 Rodez au d\u00e9but de l&rsquo;ann\u00e9e 2017, aura lieu au tribunal de Montpellier le mardi 6 octobre 2020 !<\/p>\n\n\n\n<p>Le 21 janvier 2017, une constellation d\u2019associations avait manifest\u00e9 \u00e0 Rodez, dans l\u2019Aveyron, son opposition aux multiples projets d\u2019\u00e9olien industriel pr\u00e9vus en Occitanie, et contre l&rsquo;implantation d&rsquo;un m\u00e9ga transformateur sur cinq hectares dans la commune de Saint-Victor-et-Melvieu. Un cort\u00e8ge relativement imposant et bigarr\u00e9, venu de toute la r\u00e9gion Occitanie, H\u00e9rault, Tarn, Aveyron, mais aussi de l\u2019Aude et l\u2019Ari\u00e8ge, autour d&rsquo;un mot d\u2019ordre commun\u00a0:\u00a0<em>\u00ab\u00a0Non \u00e0 l\u2019\u00e9olien industriel\u00a0\u00bb<\/em>.<\/p>\n\n\n\n<p>Comme l&rsquo;\u00e9crit Gr\u00e9goire Souchay dans  cet <a href=\"https:\/\/reporterre.net\/Eolien-industriel-un-vent-frondeur-souffle-sur-l-Aveyron\">article de Reporterre<\/a> paru \u00e0 l&rsquo;\u00e9poque : \u00ab\u00a0C\u2019est unie que cette joyeuse troupe termina son parcours devant la pr\u00e9fecture, dans une atmosph\u00e8re un peu plus tendue. Une action de d\u00e9p\u00f4t de terre et de compost\u00a0<em>\u00ab\u00a0pour enterrer symboliquement les projets\u00a0\u00bb<\/em>\u00a0\u00e9oliens a occasionn\u00e9 quelques r\u00e9actions imm\u00e9diates des forces de l\u2019ordre, avec jets de gaz lacrymog\u00e8nes sur les plus \u00e2g\u00e9s comme les plus jeunes, qui ont pu go\u00fbter ainsi le charme piquant du gaz au poivre dans les yeux. L\u2019occasion aussi pour trois pandores de se retrouver les yeux rougis \u00e0 cause de leurs coll\u00e8gues. Alors que le cort\u00e8ge se dispersait apr\u00e8s ce petit \u00e9v\u00e8nement, l\u2019un des militants a \u00e9t\u00e9 interpell\u00e9 par les gendarmes dans son v\u00e9hicule. Apr\u00e8s une nuit de garde \u00e0 vue, il est aujourd\u2019hui accus\u00e9 de\u00a0<em>\u00ab\u00a0violences aggrav\u00e9es avec jets de feuilles\u00a0\u00bb<\/em>. Beaucoup soup\u00e7onnent le vent d\u2019\u00eatre \u00e0 l\u2019origine de toute cette affaire.<\/p>\n\n\n\n<p>Non, ce n&rsquo;est pas une blague, les feuilles maintenant consid\u00e9r\u00e9es comme des armes par destination !!<\/p>\n\n\n\n<p>Nos ami.es de l&rsquo;Amassada ont organis\u00e9 une r\u00e9union de pr\u00e9paration du proc\u00e8s ce samedi 26 septembre. En ce d\u00e9but d&rsquo;automne c&rsquo;est le bon moment pour r\u00e9\u00e9tudier la dangerosit\u00e9 des feuilles color\u00e9es tombant des arbres \u00e0 cette saison.\u00a0<\/p>\n\n\n\n<p style=\"background-color:#f59898;text-align:center\" class=\"has-background\">\u00ab\u00a0Pour celles et ceux qui habitent assez loin, nous vous appelons \u00e0 vous tenir pr\u00eat.e.s \u00e0 se mobiliser <br>le 6 octobre au tribunal de Montpellier.<br>Nous transmettrons d&rsquo;autres informations d&rsquo;ici l\u00e0.\u00a0\u00bb<br>Pas Res Nos Arresta<br>L&rsquo;Amassada<\/p>\n","protected":false},"excerpt":{"rendered":"<p>Nous avons appris tr\u00e8s r\u00e9cemment que le proc\u00e8s en appel pour \u00ab\u00a0jet de feuilles d&rsquo;origine v\u00e9g\u00e9tale\u00a0\u00bb suite \u00e0 la manifestation qui avait eu lieu \u00e0 Rodez au d\u00e9but de l&rsquo;ann\u00e9e 2017, aura lieu au tribunal de Montpellier le mardi 6 octobre 2020 ! Le 21 janvier 2017, une constellation d\u2019associations avait manifest\u00e9 \u00e0 Rodez, dans &#8230; <a title=\"Attention jet de feuilles v\u00e9g\u00e9tales !\" class=\"read-more\" href=\"https:\/\/toutesnosenergies.fr\/index.php\/2020\/09\/27\/attention-jet-de-feuilles-vegetales\/\" aria-label=\"Plus sur Attention jet de feuilles v\u00e9g\u00e9tales !\">Lire plus<\/a><\/p>\n","protected":false},"author":3,"featured_media":0,"comment_status":"open","ping_status":"open","sticky":false,"template":"","format":"standard","meta":{"_cbd_carousel_blocks":"[]","sfsi_plus_gutenberg_text_before_share":"","sfsi_plus_gutenberg_show_text_before_share":"","sfsi_plus_gutenberg_icon_type":"","sfsi_plus_gutenberg_icon_alignemt":"","sfsi_plus_gutenburg_max_per_row":"","footnotes":""},"categories":[10],"tags":[],"class_list":["post-4001","post","type-post","status-publish","format-standard","hentry","category-informations-diverses"],"yoast_head":"<!-- This site is optimized with the Yoast SEO plugin v27.5 - https:\/\/yoast.com\/product\/yoast-seo-wordpress\/ -->\n<title>Attention jet de feuilles v\u00e9g\u00e9tales ! - Toutes Nos \u00c9nergies \u2013 Occitanie Environnement<\/title>\n<meta name=\"robots\" content=\"index, follow, max-snippet:-1, max-image-preview:large, max-video-preview:-1\" \/>\n<link rel=\"canonical\" href=\"https:\/\/toutesnosenergies.fr\/index.php\/2020\/09\/27\/attention-jet-de-feuilles-vegetales\/\" \/>\n<meta property=\"og:locale\" content=\"fr_FR\" \/>\n<meta property=\"og:type\" content=\"article\" \/>\n<meta property=\"og:title\" content=\"Attention jet de feuilles v\u00e9g\u00e9tales ! - Toutes Nos \u00c9nergies \u2013 Occitanie Environnement\" \/>\n<meta property=\"og:description\" content=\"Nous avons appris tr\u00e8s r\u00e9cemment que le proc\u00e8s en appel pour \u00ab\u00a0jet de feuilles d&rsquo;origine v\u00e9g\u00e9tale\u00a0\u00bb suite \u00e0 la manifestation qui avait eu lieu \u00e0 Rodez au d\u00e9but de l&rsquo;ann\u00e9e 2017, aura lieu au tribunal de Montpellier le mardi 6 octobre 2020 ! Le 21 janvier 2017, une constellation d\u2019associations avait manifest\u00e9 \u00e0 Rodez, dans ... Lire plus\" \/>\n<meta property=\"og:url\" content=\"https:\/\/toutesnosenergies.fr\/index.php\/2020\/09\/27\/attention-jet-de-feuilles-vegetales\/\" \/>\n<meta property=\"og:site_name\" content=\"Toutes Nos \u00c9nergies \u2013 Occitanie Environnement\" \/>\n<meta property=\"article:publisher\" content=\"https:\/\/www.facebook.com\/TNEtoutesnosenergiesOccitanieEnvironnement\" \/>\n<meta property=\"article:published_time\" content=\"2020-09-27T16:01:44+00:00\" \/>\n<meta property=\"article:modified_time\" content=\"2020-09-27T16:01:51+00:00\" \/>\n<meta name=\"author\" content=\"WM81\" \/>\n<meta name=\"twitter:card\" content=\"summary_large_image\" \/>\n<meta name=\"twitter:label1\" content=\"\u00c9crit par\" \/>\n\t<meta name=\"twitter:data1\" content=\"WM81\" \/>\n\t<meta name=\"twitter:label2\" content=\"Dur\u00e9e de lecture estim\u00e9e\" \/>\n\t<meta name=\"twitter:data2\" content=\"2 minutes\" \/>\n<script type=\"application\/ld+json\" class=\"yoast-schema-graph\">{\"@context\":\"https:\\\/\\\/schema.org\",\"@graph\":[{\"@type\":\"Article\",\"@id\":\"https:\\\/\\\/toutesnosenergies.fr\\\/index.php\\\/2020\\\/09\\\/27\\\/attention-jet-de-feuilles-vegetales\\\/#article\",\"isPartOf\":{\"@id\":\"https:\\\/\\\/toutesnosenergies.fr\\\/index.php\\\/2020\\\/09\\\/27\\\/attention-jet-de-feuilles-vegetales\\\/\"},\"author\":{\"name\":\"WM81\",\"@id\":\"https:\\\/\\\/toutesnosenergies.fr\\\/#\\\/schema\\\/person\\\/83b429b7810ce59e0a21afb7e0b3cb1c\"},\"headline\":\"Attention jet de feuilles v\u00e9g\u00e9tales !\",\"datePublished\":\"2020-09-27T16:01:44+00:00\",\"dateModified\":\"2020-09-27T16:01:51+00:00\",\"mainEntityOfPage\":{\"@id\":\"https:\\\/\\\/toutesnosenergies.fr\\\/index.php\\\/2020\\\/09\\\/27\\\/attention-jet-de-feuilles-vegetales\\\/\"},\"wordCount\":394,\"commentCount\":0,\"publisher\":{\"@id\":\"https:\\\/\\\/toutesnosenergies.fr\\\/#organization\"},\"articleSection\":[\"Informations diverses\"],\"inLanguage\":\"fr-FR\",\"potentialAction\":[{\"@type\":\"CommentAction\",\"name\":\"Comment\",\"target\":[\"https:\\\/\\\/toutesnosenergies.fr\\\/index.php\\\/2020\\\/09\\\/27\\\/attention-jet-de-feuilles-vegetales\\\/#respond\"]}]},{\"@type\":\"WebPage\",\"@id\":\"https:\\\/\\\/toutesnosenergies.fr\\\/index.php\\\/2020\\\/09\\\/27\\\/attention-jet-de-feuilles-vegetales\\\/\",\"url\":\"https:\\\/\\\/toutesnosenergies.fr\\\/index.php\\\/2020\\\/09\\\/27\\\/attention-jet-de-feuilles-vegetales\\\/\",\"name\":\"Attention jet de feuilles v\u00e9g\u00e9tales ! - Toutes Nos \u00c9nergies \u2013 Occitanie Environnement\",\"isPartOf\":{\"@id\":\"https:\\\/\\\/toutesnosenergies.fr\\\/#website\"},\"datePublished\":\"2020-09-27T16:01:44+00:00\",\"dateModified\":\"2020-09-27T16:01:51+00:00\",\"breadcrumb\":{\"@id\":\"https:\\\/\\\/toutesnosenergies.fr\\\/index.php\\\/2020\\\/09\\\/27\\\/attention-jet-de-feuilles-vegetales\\\/#breadcrumb\"},\"inLanguage\":\"fr-FR\",\"potentialAction\":[{\"@type\":\"ReadAction\",\"target\":[\"https:\\\/\\\/toutesnosenergies.fr\\\/index.php\\\/2020\\\/09\\\/27\\\/attention-jet-de-feuilles-vegetales\\\/\"]}]},{\"@type\":\"BreadcrumbList\",\"@id\":\"https:\\\/\\\/toutesnosenergies.fr\\\/index.php\\\/2020\\\/09\\\/27\\\/attention-jet-de-feuilles-vegetales\\\/#breadcrumb\",\"itemListElement\":[{\"@type\":\"ListItem\",\"position\":1,\"name\":\"Accueil\",\"item\":\"https:\\\/\\\/toutesnosenergies.fr\\\/\"},{\"@type\":\"ListItem\",\"position\":2,\"name\":\"Attention jet de feuilles v\u00e9g\u00e9tales !\"}]},{\"@type\":\"WebSite\",\"@id\":\"https:\\\/\\\/toutesnosenergies.fr\\\/#website\",\"url\":\"https:\\\/\\\/toutesnosenergies.fr\\\/\",\"name\":\"Toutes Nos \u00c9nergies \u2013 Occitanie Environnement\",\"description\":\"Pour une \u00e9nergie respectueuse du vivant et des territoires ruraux en Occitanie\",\"publisher\":{\"@id\":\"https:\\\/\\\/toutesnosenergies.fr\\\/#organization\"},\"potentialAction\":[{\"@type\":\"SearchAction\",\"target\":{\"@type\":\"EntryPoint\",\"urlTemplate\":\"https:\\\/\\\/toutesnosenergies.fr\\\/?s={search_term_string}\"},\"query-input\":{\"@type\":\"PropertyValueSpecification\",\"valueRequired\":true,\"valueName\":\"search_term_string\"}}],\"inLanguage\":\"fr-FR\"},{\"@type\":\"Organization\",\"@id\":\"https:\\\/\\\/toutesnosenergies.fr\\\/#organization\",\"name\":\"Toutes Nos \u00c9nergies \u2013 Occitanie Environnement\",\"url\":\"https:\\\/\\\/toutesnosenergies.fr\\\/\",\"logo\":{\"@type\":\"ImageObject\",\"inLanguage\":\"fr-FR\",\"@id\":\"https:\\\/\\\/toutesnosenergies.fr\\\/#\\\/schema\\\/logo\\\/image\\\/\",\"url\":\"https:\\\/\\\/toutesnosenergies.fr\\\/wp-content\\\/uploads\\\/2023\\\/01\\\/Petit-logo.png\",\"contentUrl\":\"https:\\\/\\\/toutesnosenergies.fr\\\/wp-content\\\/uploads\\\/2023\\\/01\\\/Petit-logo.png\",\"width\":360,\"height\":102,\"caption\":\"Toutes Nos \u00c9nergies \u2013 Occitanie Environnement\"},\"image\":{\"@id\":\"https:\\\/\\\/toutesnosenergies.fr\\\/#\\\/schema\\\/logo\\\/image\\\/\"},\"sameAs\":[\"https:\\\/\\\/www.facebook.com\\\/TNEtoutesnosenergiesOccitanieEnvironnement\"]},{\"@type\":\"Person\",\"@id\":\"https:\\\/\\\/toutesnosenergies.fr\\\/#\\\/schema\\\/person\\\/83b429b7810ce59e0a21afb7e0b3cb1c\",\"name\":\"WM81\",\"image\":{\"@type\":\"ImageObject\",\"inLanguage\":\"fr-FR\",\"@id\":\"https:\\\/\\\/secure.gravatar.com\\\/avatar\\\/aa9bf2bd97a7297274c53294f09e800c7ee0d88290f959d5d49f9380299b9ff1?s=96&d=mm&r=g\",\"url\":\"https:\\\/\\\/secure.gravatar.com\\\/avatar\\\/aa9bf2bd97a7297274c53294f09e800c7ee0d88290f959d5d49f9380299b9ff1?s=96&d=mm&r=g\",\"contentUrl\":\"https:\\\/\\\/secure.gravatar.com\\\/avatar\\\/aa9bf2bd97a7297274c53294f09e800c7ee0d88290f959d5d49f9380299b9ff1?s=96&d=mm&r=g\",\"caption\":\"WM81\"},\"sameAs\":[\"http:\\\/\\\/toutesnosenergies.fr\"],\"url\":\"https:\\\/\\\/toutesnosenergies.fr\\\/index.php\\\/author\\\/wm81\\\/\"}]}<\/script>\n<!-- \/ Yoast SEO plugin. -->","yoast_head_json":{"title":"Attention jet de feuilles v\u00e9g\u00e9tales ! - Toutes Nos \u00c9nergies \u2013 Occitanie Environnement","robots":{"index":"index","follow":"follow","max-snippet":"max-snippet:-1","max-image-preview":"max-image-preview:large","max-video-preview":"max-video-preview:-1"},"canonical":"https:\/\/toutesnosenergies.fr\/index.php\/2020\/09\/27\/attention-jet-de-feuilles-vegetales\/","og_locale":"fr_FR","og_type":"article","og_title":"Attention jet de feuilles v\u00e9g\u00e9tales ! - Toutes Nos \u00c9nergies \u2013 Occitanie Environnement","og_description":"Nous avons appris tr\u00e8s r\u00e9cemment que le proc\u00e8s en appel pour \u00ab\u00a0jet de feuilles d&rsquo;origine v\u00e9g\u00e9tale\u00a0\u00bb suite \u00e0 la manifestation qui avait eu lieu \u00e0 Rodez au d\u00e9but de l&rsquo;ann\u00e9e 2017, aura lieu au tribunal de Montpellier le mardi 6 octobre 2020 ! Le 21 janvier 2017, une constellation d\u2019associations avait manifest\u00e9 \u00e0 Rodez, dans ... Lire plus","og_url":"https:\/\/toutesnosenergies.fr\/index.php\/2020\/09\/27\/attention-jet-de-feuilles-vegetales\/","og_site_name":"Toutes Nos \u00c9nergies \u2013 Occitanie Environnement","article_publisher":"https:\/\/www.facebook.com\/TNEtoutesnosenergiesOccitanieEnvironnement","article_published_time":"2020-09-27T16:01:44+00:00","article_modified_time":"2020-09-27T16:01:51+00:00","author":"WM81","twitter_card":"summary_large_image","twitter_misc":{"\u00c9crit par":"WM81","Dur\u00e9e de lecture estim\u00e9e":"2 minutes"},"schema":{"@context":"https:\/\/schema.org","@graph":[{"@type":"Article","@id":"https:\/\/toutesnosenergies.fr\/index.php\/2020\/09\/27\/attention-jet-de-feuilles-vegetales\/#article","isPartOf":{"@id":"https:\/\/toutesnosenergies.fr\/index.php\/2020\/09\/27\/attention-jet-de-feuilles-vegetales\/"},"author":{"name":"WM81","@id":"https:\/\/toutesnosenergies.fr\/#\/schema\/person\/83b429b7810ce59e0a21afb7e0b3cb1c"},"headline":"Attention jet de feuilles v\u00e9g\u00e9tales !","datePublished":"2020-09-27T16:01:44+00:00","dateModified":"2020-09-27T16:01:51+00:00","mainEntityOfPage":{"@id":"https:\/\/toutesnosenergies.fr\/index.php\/2020\/09\/27\/attention-jet-de-feuilles-vegetales\/"},"wordCount":394,"commentCount":0,"publisher":{"@id":"https:\/\/toutesnosenergies.fr\/#organization"},"articleSection":["Informations diverses"],"inLanguage":"fr-FR","potentialAction":[{"@type":"CommentAction","name":"Comment","target":["https:\/\/toutesnosenergies.fr\/index.php\/2020\/09\/27\/attention-jet-de-feuilles-vegetales\/#respond"]}]},{"@type":"WebPage","@id":"https:\/\/toutesnosenergies.fr\/index.php\/2020\/09\/27\/attention-jet-de-feuilles-vegetales\/","url":"https:\/\/toutesnosenergies.fr\/index.php\/2020\/09\/27\/attention-jet-de-feuilles-vegetales\/","name":"Attention jet de feuilles v\u00e9g\u00e9tales ! - Toutes Nos \u00c9nergies \u2013 Occitanie Environnement","isPartOf":{"@id":"https:\/\/toutesnosenergies.fr\/#website"},"datePublished":"2020-09-27T16:01:44+00:00","dateModified":"2020-09-27T16:01:51+00:00","breadcrumb":{"@id":"https:\/\/toutesnosenergies.fr\/index.php\/2020\/09\/27\/attention-jet-de-feuilles-vegetales\/#breadcrumb"},"inLanguage":"fr-FR","potentialAction":[{"@type":"ReadAction","target":["https:\/\/toutesnosenergies.fr\/index.php\/2020\/09\/27\/attention-jet-de-feuilles-vegetales\/"]}]},{"@type":"BreadcrumbList","@id":"https:\/\/toutesnosenergies.fr\/index.php\/2020\/09\/27\/attention-jet-de-feuilles-vegetales\/#breadcrumb","itemListElement":[{"@type":"ListItem","position":1,"name":"Accueil","item":"https:\/\/toutesnosenergies.fr\/"},{"@type":"ListItem","position":2,"name":"Attention jet de feuilles v\u00e9g\u00e9tales !"}]},{"@type":"WebSite","@id":"https:\/\/toutesnosenergies.fr\/#website","url":"https:\/\/toutesnosenergies.fr\/","name":"Toutes Nos \u00c9nergies \u2013 Occitanie Environnement","description":"Pour une \u00e9nergie respectueuse du vivant et des territoires ruraux en Occitanie","publisher":{"@id":"https:\/\/toutesnosenergies.fr\/#organization"},"potentialAction":[{"@type":"SearchAction","target":{"@type":"EntryPoint","urlTemplate":"https:\/\/toutesnosenergies.fr\/?s={search_term_string}"},"query-input":{"@type":"PropertyValueSpecification","valueRequired":true,"valueName":"search_term_string"}}],"inLanguage":"fr-FR"},{"@type":"Organization","@id":"https:\/\/toutesnosenergies.fr\/#organization","name":"Toutes Nos \u00c9nergies \u2013 Occitanie Environnement","url":"https:\/\/toutesnosenergies.fr\/","logo":{"@type":"ImageObject","inLanguage":"fr-FR","@id":"https:\/\/toutesnosenergies.fr\/#\/schema\/logo\/image\/","url":"https:\/\/toutesnosenergies.fr\/wp-content\/uploads\/2023\/01\/Petit-logo.png","contentUrl":"https:\/\/toutesnosenergies.fr\/wp-content\/uploads\/2023\/01\/Petit-logo.png","width":360,"height":102,"caption":"Toutes Nos \u00c9nergies \u2013 Occitanie Environnement"},"image":{"@id":"https:\/\/toutesnosenergies.fr\/#\/schema\/logo\/image\/"},"sameAs":["https:\/\/www.facebook.com\/TNEtoutesnosenergiesOccitanieEnvironnement"]},{"@type":"Person","@id":"https:\/\/toutesnosenergies.fr\/#\/schema\/person\/83b429b7810ce59e0a21afb7e0b3cb1c","name":"WM81","image":{"@type":"ImageObject","inLanguage":"fr-FR","@id":"https:\/\/secure.gravatar.com\/avatar\/aa9bf2bd97a7297274c53294f09e800c7ee0d88290f959d5d49f9380299b9ff1?s=96&d=mm&r=g","url":"https:\/\/secure.gravatar.com\/avatar\/aa9bf2bd97a7297274c53294f09e800c7ee0d88290f959d5d49f9380299b9ff1?s=96&d=mm&r=g","contentUrl":"https:\/\/secure.gravatar.com\/avatar\/aa9bf2bd97a7297274c53294f09e800c7ee0d88290f959d5d49f9380299b9ff1?s=96&d=mm&r=g","caption":"WM81"},"sameAs":["http:\/\/toutesnosenergies.fr"],"url":"https:\/\/toutesnosenergies.fr\/index.php\/author\/wm81\/"}]}},"_links":{"self":[{"href":"https:\/\/toutesnosenergies.fr\/index.php\/wp-json\/wp\/v2\/posts\/4001","targetHints":{"allow":["GET"]}}],"collection":[{"href":"https:\/\/toutesnosenergies.fr\/index.php\/wp-json\/wp\/v2\/posts"}],"about":[{"href":"https:\/\/toutesnosenergies.fr\/index.php\/wp-json\/wp\/v2\/types\/post"}],"author":[{"embeddable":true,"href":"https:\/\/toutesnosenergies.fr\/index.php\/wp-json\/wp\/v2\/users\/3"}],"replies":[{"embeddable":true,"href":"https:\/\/toutesnosenergies.fr\/index.php\/wp-json\/wp\/v2\/comments?post=4001"}],"version-history":[{"count":1,"href":"https:\/\/toutesnosenergies.fr\/index.php\/wp-json\/wp\/v2\/posts\/4001\/revisions"}],"predecessor-version":[{"id":4002,"href":"https:\/\/toutesnosenergies.fr\/index.php\/wp-json\/wp\/v2\/posts\/4001\/revisions\/4002"}],"wp:attachment":[{"href":"https:\/\/toutesnosenergies.fr\/index.php\/wp-json\/wp\/v2\/media?parent=4001"}],"wp:term":[{"taxonomy":"category","embeddable":true,"href":"https:\/\/toutesnosenergies.fr\/index.php\/wp-json\/wp\/v2\/categories?post=4001"},{"taxonomy":"post_tag","embeddable":true,"href":"https:\/\/toutesnosenergies.fr\/index.php\/wp-json\/wp\/v2\/tags?post=4001"}],"curies":[{"name":"wp","href":"https:\/\/api.w.org\/{rel}","templated":true}]}}