{"id":4125,"date":"2020-10-20T10:30:38","date_gmt":"2020-10-20T08:30:38","guid":{"rendered":"https:\/\/toutesnosenergies.fr\/?p=4125"},"modified":"2020-10-20T10:42:18","modified_gmt":"2020-10-20T08:42:18","slug":"a-puy-du-lac-17-ils-ne-lacheront-rien","status":"publish","type":"post","link":"https:\/\/toutesnosenergies.fr\/index.php\/2020\/10\/20\/a-puy-du-lac-17-ils-ne-lacheront-rien\/","title":{"rendered":"\u00c0 Puy-du-Lac (17), ils ne l\u00e2cheront rien &#8230;"},"content":{"rendered":"\n<p class=\"has-background has-very-light-gray-background-color\">Michel Broncard, vice-pr\u00e9sident de la F\u00e9d\u00e9ration Environnement Durable, nous envoie cette excellente vid\u00e9o r\u00e9alis\u00e9e par les opposants au projet \u00e9olien du Puy-du-Lac, d\u00e9pos\u00e9 par la soci\u00e9t\u00e9 toulousaine SOLVEO. <br><a href=\"https:\/\/youtu.be\/9vJIycL6uxE \">Voir le film de l\u2019association<\/a> Bien vivre \u00e0 Puy-du-Lac.<\/p>\n\n\n\n<div class=\"wp-block-image\"><figure class=\"alignright is-resized\"><img loading=\"lazy\" decoding=\"async\" src=\"https:\/\/toutesnosenergies.fr\/wp-content\/uploads\/2020\/10\/Sans-titre.001.jpeg\" alt=\"\" class=\"wp-image-4128\" width=\"226\" height=\"134\" srcset=\"https:\/\/toutesnosenergies.fr\/wp-content\/uploads\/2020\/10\/Sans-titre.001.jpeg 638w, https:\/\/toutesnosenergies.fr\/wp-content\/uploads\/2020\/10\/Sans-titre.001-300x179.jpeg 300w\" sizes=\"auto, (max-width: 226px) 100vw, 226px\" \/><figcaption><a href=\"https:\/\/www.facebook.com\/bienvivreapuydulac\/\">Bien vivre \u00e0 Puy-du-Lac<\/a><\/figcaption><\/figure><\/div>\n\n\n\n<p>L\u2019enqu\u00eate publique de Puy-du-Lac\u00a0(Charente-Maritime) s&rsquo;est termin\u00e9e le 14 octobre 2020. Que d&rsquo;actions\u00a0depuis septembre !\u00a0Une\u00a0r\u00e9union publique tr\u00e8s suivie, un petit film tr\u00e8s regard\u00e9, une page facebook tr\u00e8s fr\u00e9quent\u00e9e,<strong>\u00a0630 et 530\u00a0 observations en tout sur les deux registres<\/strong>, une \u00e9olienne de 10 m\u00e8tres\u00a0faite maison\u00a0qui s&rsquo;est balad\u00e9e\u00a0 dans\u00a0\u00a0tous\u00a0les villages et villes alentours, et enfin le 14 octobre&#8230; <a href=\"https:\/\/www.youtube.com\/watch?v=AjUx_YzoEnM\">Un convoi fun\u00e8bre\u00a0tr\u00e8s r\u00e9ussi<\/a>,\u00a0histoire d&rsquo;enterrer symboliquement\u00a0un projet fou dont presque personne ne veut&#8230;\u00a0La c\u00e9r\u00e9monie a \u00e9t\u00e9 suivie d&rsquo;une traditionnelle (et tr\u00e8s spectaculaire) cr\u00e9mation d&rsquo;\u00e9olienne.<\/p>\n\n\n\n<p>Le Commissaire enqu\u00eateur doit maintenant \u00e9tablir son rapport, l&rsquo;adresser par la suite \u00e0 SOLVEO pour que le promoteur puisse r\u00e9pondre aux nombreuses questions qui ont \u00e9t\u00e9 pos\u00e9es&#8230; Enfin, le Pr\u00e9fet de Charente-Maritime d\u00e9cidera si oui ou non les projets de parcs \u00e9oliens se construiront au coeur de notre petit village.<\/p>\n\n\n\n<p><strong>Le collectif TNE-Occitanie Environnement &#8211; au-del\u00e0 de l&rsquo;Occitanie, soutient les luttes que m\u00e8nent les associations sur le territoire national\u2026 nous nous joignons aux opposants de SOLVEO au Puy-du-Lac pour demander au Pr\u00e9fet de prendre en compte leur col\u00e8re et refuser ce projet. Leurs arguments sont les n\u00f4tres :<\/strong><\/p>\n\n\n\n<p style=\"background-color:#b9eca5\" class=\"has-background\">\u00ab&nbsp;Monsieur le pr\u00e9fet, nous comprenons l\u2019exigence de la transition \u00e9nerg\u00e9tique, nous ne comprenons pas qu\u2019elle puisse se faire au m\u00e9pris des habitants des communes rurales \u2026 nous comprenons la n\u00e9cessit\u00e9 de produire de l\u2019\u00e9lectricit\u00e9, nous ne comprenons pas que les promoteurs puissent imposer leurs conditions avec la bienveillance des d\u00e9cideurs publics \u2026&nbsp;\u00bb<\/p>\n","protected":false},"excerpt":{"rendered":"<p>Michel Broncard, vice-pr\u00e9sident de la F\u00e9d\u00e9ration Environnement Durable, nous envoie cette excellente vid\u00e9o r\u00e9alis\u00e9e par les opposants au projet \u00e9olien du Puy-du-Lac, d\u00e9pos\u00e9 par la soci\u00e9t\u00e9 toulousaine SOLVEO. Voir le film de l\u2019association Bien vivre \u00e0 Puy-du-Lac. L\u2019enqu\u00eate publique de Puy-du-Lac\u00a0(Charente-Maritime) s&rsquo;est termin\u00e9e le 14 octobre 2020. Que d&rsquo;actions\u00a0depuis septembre !\u00a0Une\u00a0r\u00e9union publique tr\u00e8s suivie, un &#8230; <a title=\"\u00c0 Puy-du-Lac (17), ils ne l\u00e2cheront rien &#8230;\" class=\"read-more\" href=\"https:\/\/toutesnosenergies.fr\/index.php\/2020\/10\/20\/a-puy-du-lac-17-ils-ne-lacheront-rien\/\" aria-label=\"Plus sur \u00c0 Puy-du-Lac (17), ils ne l\u00e2cheront rien &#8230;\">Lire plus<\/a><\/p>\n","protected":false},"author":3,"featured_media":0,"comment_status":"open","ping_status":"open","sticky":false,"template":"","format":"standard","meta":{"_cbd_carousel_blocks":"[]","sfsi_plus_gutenberg_text_before_share":"","sfsi_plus_gutenberg_show_text_before_share":"","sfsi_plus_gutenberg_icon_type":"","sfsi_plus_gutenberg_icon_alignemt":"","sfsi_plus_gutenburg_max_per_row":"","footnotes":""},"categories":[8],"tags":[],"class_list":["post-4125","post","type-post","status-publish","format-standard","hentry","category-communiques-associations"],"yoast_head":"<!-- This site is optimized with the Yoast SEO plugin v27.4 - https:\/\/yoast.com\/product\/yoast-seo-wordpress\/ -->\n<title>\u00c0 Puy-du-Lac (17), ils ne l\u00e2cheront rien ... - Toutes Nos \u00c9nergies \u2013 Occitanie Environnement<\/title>\n<meta name=\"robots\" content=\"index, follow, max-snippet:-1, max-image-preview:large, max-video-preview:-1\" \/>\n<link rel=\"canonical\" href=\"https:\/\/toutesnosenergies.fr\/index.php\/2020\/10\/20\/a-puy-du-lac-17-ils-ne-lacheront-rien\/\" \/>\n<meta property=\"og:locale\" content=\"fr_FR\" \/>\n<meta property=\"og:type\" content=\"article\" \/>\n<meta property=\"og:title\" content=\"\u00c0 Puy-du-Lac (17), ils ne l\u00e2cheront rien ... - Toutes Nos \u00c9nergies \u2013 Occitanie Environnement\" \/>\n<meta property=\"og:description\" content=\"Michel Broncard, vice-pr\u00e9sident de la F\u00e9d\u00e9ration Environnement Durable, nous envoie cette excellente vid\u00e9o r\u00e9alis\u00e9e par les opposants au projet \u00e9olien du Puy-du-Lac, d\u00e9pos\u00e9 par la soci\u00e9t\u00e9 toulousaine SOLVEO. Voir le film de l\u2019association Bien vivre \u00e0 Puy-du-Lac. L\u2019enqu\u00eate publique de Puy-du-Lac\u00a0(Charente-Maritime) s&rsquo;est termin\u00e9e le 14 octobre 2020. Que d&rsquo;actions\u00a0depuis septembre !\u00a0Une\u00a0r\u00e9union publique tr\u00e8s suivie, un ... Lire plus\" \/>\n<meta property=\"og:url\" content=\"https:\/\/toutesnosenergies.fr\/index.php\/2020\/10\/20\/a-puy-du-lac-17-ils-ne-lacheront-rien\/\" \/>\n<meta property=\"og:site_name\" content=\"Toutes Nos \u00c9nergies \u2013 Occitanie Environnement\" \/>\n<meta property=\"article:publisher\" content=\"https:\/\/www.facebook.com\/TNEtoutesnosenergiesOccitanieEnvironnement\" \/>\n<meta property=\"article:published_time\" content=\"2020-10-20T08:30:38+00:00\" \/>\n<meta property=\"article:modified_time\" content=\"2020-10-20T08:42:18+00:00\" \/>\n<meta property=\"og:image\" content=\"https:\/\/toutesnosenergies.fr\/wp-content\/uploads\/2020\/10\/Sans-titre.001.jpeg\" \/>\n<meta name=\"author\" content=\"WM81\" \/>\n<meta name=\"twitter:card\" content=\"summary_large_image\" \/>\n<meta name=\"twitter:label1\" content=\"\u00c9crit par\" \/>\n\t<meta name=\"twitter:data1\" content=\"WM81\" \/>\n\t<meta name=\"twitter:label2\" content=\"Dur\u00e9e de lecture estim\u00e9e\" \/>\n\t<meta name=\"twitter:data2\" content=\"2 minutes\" \/>\n<script type=\"application\/ld+json\" class=\"yoast-schema-graph\">{\"@context\":\"https:\\\/\\\/schema.org\",\"@graph\":[{\"@type\":\"Article\",\"@id\":\"https:\\\/\\\/toutesnosenergies.fr\\\/index.php\\\/2020\\\/10\\\/20\\\/a-puy-du-lac-17-ils-ne-lacheront-rien\\\/#article\",\"isPartOf\":{\"@id\":\"https:\\\/\\\/toutesnosenergies.fr\\\/index.php\\\/2020\\\/10\\\/20\\\/a-puy-du-lac-17-ils-ne-lacheront-rien\\\/\"},\"author\":{\"name\":\"WM81\",\"@id\":\"https:\\\/\\\/toutesnosenergies.fr\\\/#\\\/schema\\\/person\\\/83b429b7810ce59e0a21afb7e0b3cb1c\"},\"headline\":\"\u00c0 Puy-du-Lac (17), ils ne l\u00e2cheront rien &#8230;\",\"datePublished\":\"2020-10-20T08:30:38+00:00\",\"dateModified\":\"2020-10-20T08:42:18+00:00\",\"mainEntityOfPage\":{\"@id\":\"https:\\\/\\\/toutesnosenergies.fr\\\/index.php\\\/2020\\\/10\\\/20\\\/a-puy-du-lac-17-ils-ne-lacheront-rien\\\/\"},\"wordCount\":322,\"commentCount\":0,\"publisher\":{\"@id\":\"https:\\\/\\\/toutesnosenergies.fr\\\/#organization\"},\"image\":{\"@id\":\"https:\\\/\\\/toutesnosenergies.fr\\\/index.php\\\/2020\\\/10\\\/20\\\/a-puy-du-lac-17-ils-ne-lacheront-rien\\\/#primaryimage\"},\"thumbnailUrl\":\"https:\\\/\\\/toutesnosenergies.fr\\\/wp-content\\\/uploads\\\/2020\\\/10\\\/Sans-titre.001.jpeg\",\"articleSection\":[\"Communiqu\u00e9s des associations\"],\"inLanguage\":\"fr-FR\",\"potentialAction\":[{\"@type\":\"CommentAction\",\"name\":\"Comment\",\"target\":[\"https:\\\/\\\/toutesnosenergies.fr\\\/index.php\\\/2020\\\/10\\\/20\\\/a-puy-du-lac-17-ils-ne-lacheront-rien\\\/#respond\"]}]},{\"@type\":\"WebPage\",\"@id\":\"https:\\\/\\\/toutesnosenergies.fr\\\/index.php\\\/2020\\\/10\\\/20\\\/a-puy-du-lac-17-ils-ne-lacheront-rien\\\/\",\"url\":\"https:\\\/\\\/toutesnosenergies.fr\\\/index.php\\\/2020\\\/10\\\/20\\\/a-puy-du-lac-17-ils-ne-lacheront-rien\\\/\",\"name\":\"\u00c0 Puy-du-Lac (17), ils ne l\u00e2cheront rien ... - Toutes Nos \u00c9nergies \u2013 Occitanie Environnement\",\"isPartOf\":{\"@id\":\"https:\\\/\\\/toutesnosenergies.fr\\\/#website\"},\"primaryImageOfPage\":{\"@id\":\"https:\\\/\\\/toutesnosenergies.fr\\\/index.php\\\/2020\\\/10\\\/20\\\/a-puy-du-lac-17-ils-ne-lacheront-rien\\\/#primaryimage\"},\"image\":{\"@id\":\"https:\\\/\\\/toutesnosenergies.fr\\\/index.php\\\/2020\\\/10\\\/20\\\/a-puy-du-lac-17-ils-ne-lacheront-rien\\\/#primaryimage\"},\"thumbnailUrl\":\"https:\\\/\\\/toutesnosenergies.fr\\\/wp-content\\\/uploads\\\/2020\\\/10\\\/Sans-titre.001.jpeg\",\"datePublished\":\"2020-10-20T08:30:38+00:00\",\"dateModified\":\"2020-10-20T08:42:18+00:00\",\"breadcrumb\":{\"@id\":\"https:\\\/\\\/toutesnosenergies.fr\\\/index.php\\\/2020\\\/10\\\/20\\\/a-puy-du-lac-17-ils-ne-lacheront-rien\\\/#breadcrumb\"},\"inLanguage\":\"fr-FR\",\"potentialAction\":[{\"@type\":\"ReadAction\",\"target\":[\"https:\\\/\\\/toutesnosenergies.fr\\\/index.php\\\/2020\\\/10\\\/20\\\/a-puy-du-lac-17-ils-ne-lacheront-rien\\\/\"]}]},{\"@type\":\"ImageObject\",\"inLanguage\":\"fr-FR\",\"@id\":\"https:\\\/\\\/toutesnosenergies.fr\\\/index.php\\\/2020\\\/10\\\/20\\\/a-puy-du-lac-17-ils-ne-lacheront-rien\\\/#primaryimage\",\"url\":\"https:\\\/\\\/toutesnosenergies.fr\\\/wp-content\\\/uploads\\\/2020\\\/10\\\/Sans-titre.001.jpeg\",\"contentUrl\":\"https:\\\/\\\/toutesnosenergies.fr\\\/wp-content\\\/uploads\\\/2020\\\/10\\\/Sans-titre.001.jpeg\",\"width\":638,\"height\":380},{\"@type\":\"BreadcrumbList\",\"@id\":\"https:\\\/\\\/toutesnosenergies.fr\\\/index.php\\\/2020\\\/10\\\/20\\\/a-puy-du-lac-17-ils-ne-lacheront-rien\\\/#breadcrumb\",\"itemListElement\":[{\"@type\":\"ListItem\",\"position\":1,\"name\":\"Accueil\",\"item\":\"https:\\\/\\\/toutesnosenergies.fr\\\/\"},{\"@type\":\"ListItem\",\"position\":2,\"name\":\"\u00c0 Puy-du-Lac (17), ils ne l\u00e2cheront rien &#8230;\"}]},{\"@type\":\"WebSite\",\"@id\":\"https:\\\/\\\/toutesnosenergies.fr\\\/#website\",\"url\":\"https:\\\/\\\/toutesnosenergies.fr\\\/\",\"name\":\"Toutes Nos \u00c9nergies \u2013 Occitanie Environnement\",\"description\":\"Pour une \u00e9nergie respectueuse du vivant et des territoires ruraux en Occitanie\",\"publisher\":{\"@id\":\"https:\\\/\\\/toutesnosenergies.fr\\\/#organization\"},\"potentialAction\":[{\"@type\":\"SearchAction\",\"target\":{\"@type\":\"EntryPoint\",\"urlTemplate\":\"https:\\\/\\\/toutesnosenergies.fr\\\/?s={search_term_string}\"},\"query-input\":{\"@type\":\"PropertyValueSpecification\",\"valueRequired\":true,\"valueName\":\"search_term_string\"}}],\"inLanguage\":\"fr-FR\"},{\"@type\":\"Organization\",\"@id\":\"https:\\\/\\\/toutesnosenergies.fr\\\/#organization\",\"name\":\"Toutes Nos \u00c9nergies \u2013 Occitanie Environnement\",\"url\":\"https:\\\/\\\/toutesnosenergies.fr\\\/\",\"logo\":{\"@type\":\"ImageObject\",\"inLanguage\":\"fr-FR\",\"@id\":\"https:\\\/\\\/toutesnosenergies.fr\\\/#\\\/schema\\\/logo\\\/image\\\/\",\"url\":\"https:\\\/\\\/toutesnosenergies.fr\\\/wp-content\\\/uploads\\\/2023\\\/01\\\/Petit-logo.png\",\"contentUrl\":\"https:\\\/\\\/toutesnosenergies.fr\\\/wp-content\\\/uploads\\\/2023\\\/01\\\/Petit-logo.png\",\"width\":360,\"height\":102,\"caption\":\"Toutes Nos \u00c9nergies \u2013 Occitanie Environnement\"},\"image\":{\"@id\":\"https:\\\/\\\/toutesnosenergies.fr\\\/#\\\/schema\\\/logo\\\/image\\\/\"},\"sameAs\":[\"https:\\\/\\\/www.facebook.com\\\/TNEtoutesnosenergiesOccitanieEnvironnement\"]},{\"@type\":\"Person\",\"@id\":\"https:\\\/\\\/toutesnosenergies.fr\\\/#\\\/schema\\\/person\\\/83b429b7810ce59e0a21afb7e0b3cb1c\",\"name\":\"WM81\",\"image\":{\"@type\":\"ImageObject\",\"inLanguage\":\"fr-FR\",\"@id\":\"https:\\\/\\\/secure.gravatar.com\\\/avatar\\\/aa9bf2bd97a7297274c53294f09e800c7ee0d88290f959d5d49f9380299b9ff1?s=96&d=mm&r=g\",\"url\":\"https:\\\/\\\/secure.gravatar.com\\\/avatar\\\/aa9bf2bd97a7297274c53294f09e800c7ee0d88290f959d5d49f9380299b9ff1?s=96&d=mm&r=g\",\"contentUrl\":\"https:\\\/\\\/secure.gravatar.com\\\/avatar\\\/aa9bf2bd97a7297274c53294f09e800c7ee0d88290f959d5d49f9380299b9ff1?s=96&d=mm&r=g\",\"caption\":\"WM81\"},\"sameAs\":[\"http:\\\/\\\/toutesnosenergies.fr\"],\"url\":\"https:\\\/\\\/toutesnosenergies.fr\\\/index.php\\\/author\\\/wm81\\\/\"}]}<\/script>\n<!-- \/ Yoast SEO plugin. -->","yoast_head_json":{"title":"\u00c0 Puy-du-Lac (17), ils ne l\u00e2cheront rien ... - Toutes Nos \u00c9nergies \u2013 Occitanie Environnement","robots":{"index":"index","follow":"follow","max-snippet":"max-snippet:-1","max-image-preview":"max-image-preview:large","max-video-preview":"max-video-preview:-1"},"canonical":"https:\/\/toutesnosenergies.fr\/index.php\/2020\/10\/20\/a-puy-du-lac-17-ils-ne-lacheront-rien\/","og_locale":"fr_FR","og_type":"article","og_title":"\u00c0 Puy-du-Lac (17), ils ne l\u00e2cheront rien ... - Toutes Nos \u00c9nergies \u2013 Occitanie Environnement","og_description":"Michel Broncard, vice-pr\u00e9sident de la F\u00e9d\u00e9ration Environnement Durable, nous envoie cette excellente vid\u00e9o r\u00e9alis\u00e9e par les opposants au projet \u00e9olien du Puy-du-Lac, d\u00e9pos\u00e9 par la soci\u00e9t\u00e9 toulousaine SOLVEO. Voir le film de l\u2019association Bien vivre \u00e0 Puy-du-Lac. L\u2019enqu\u00eate publique de Puy-du-Lac\u00a0(Charente-Maritime) s&rsquo;est termin\u00e9e le 14 octobre 2020. Que d&rsquo;actions\u00a0depuis septembre !\u00a0Une\u00a0r\u00e9union publique tr\u00e8s suivie, un ... Lire plus","og_url":"https:\/\/toutesnosenergies.fr\/index.php\/2020\/10\/20\/a-puy-du-lac-17-ils-ne-lacheront-rien\/","og_site_name":"Toutes Nos \u00c9nergies \u2013 Occitanie Environnement","article_publisher":"https:\/\/www.facebook.com\/TNEtoutesnosenergiesOccitanieEnvironnement","article_published_time":"2020-10-20T08:30:38+00:00","article_modified_time":"2020-10-20T08:42:18+00:00","og_image":[{"url":"https:\/\/toutesnosenergies.fr\/wp-content\/uploads\/2020\/10\/Sans-titre.001.jpeg","type":"","width":"","height":""}],"author":"WM81","twitter_card":"summary_large_image","twitter_misc":{"\u00c9crit par":"WM81","Dur\u00e9e de lecture estim\u00e9e":"2 minutes"},"schema":{"@context":"https:\/\/schema.org","@graph":[{"@type":"Article","@id":"https:\/\/toutesnosenergies.fr\/index.php\/2020\/10\/20\/a-puy-du-lac-17-ils-ne-lacheront-rien\/#article","isPartOf":{"@id":"https:\/\/toutesnosenergies.fr\/index.php\/2020\/10\/20\/a-puy-du-lac-17-ils-ne-lacheront-rien\/"},"author":{"name":"WM81","@id":"https:\/\/toutesnosenergies.fr\/#\/schema\/person\/83b429b7810ce59e0a21afb7e0b3cb1c"},"headline":"\u00c0 Puy-du-Lac (17), ils ne l\u00e2cheront rien &#8230;","datePublished":"2020-10-20T08:30:38+00:00","dateModified":"2020-10-20T08:42:18+00:00","mainEntityOfPage":{"@id":"https:\/\/toutesnosenergies.fr\/index.php\/2020\/10\/20\/a-puy-du-lac-17-ils-ne-lacheront-rien\/"},"wordCount":322,"commentCount":0,"publisher":{"@id":"https:\/\/toutesnosenergies.fr\/#organization"},"image":{"@id":"https:\/\/toutesnosenergies.fr\/index.php\/2020\/10\/20\/a-puy-du-lac-17-ils-ne-lacheront-rien\/#primaryimage"},"thumbnailUrl":"https:\/\/toutesnosenergies.fr\/wp-content\/uploads\/2020\/10\/Sans-titre.001.jpeg","articleSection":["Communiqu\u00e9s des associations"],"inLanguage":"fr-FR","potentialAction":[{"@type":"CommentAction","name":"Comment","target":["https:\/\/toutesnosenergies.fr\/index.php\/2020\/10\/20\/a-puy-du-lac-17-ils-ne-lacheront-rien\/#respond"]}]},{"@type":"WebPage","@id":"https:\/\/toutesnosenergies.fr\/index.php\/2020\/10\/20\/a-puy-du-lac-17-ils-ne-lacheront-rien\/","url":"https:\/\/toutesnosenergies.fr\/index.php\/2020\/10\/20\/a-puy-du-lac-17-ils-ne-lacheront-rien\/","name":"\u00c0 Puy-du-Lac (17), ils ne l\u00e2cheront rien ... - Toutes Nos \u00c9nergies \u2013 Occitanie Environnement","isPartOf":{"@id":"https:\/\/toutesnosenergies.fr\/#website"},"primaryImageOfPage":{"@id":"https:\/\/toutesnosenergies.fr\/index.php\/2020\/10\/20\/a-puy-du-lac-17-ils-ne-lacheront-rien\/#primaryimage"},"image":{"@id":"https:\/\/toutesnosenergies.fr\/index.php\/2020\/10\/20\/a-puy-du-lac-17-ils-ne-lacheront-rien\/#primaryimage"},"thumbnailUrl":"https:\/\/toutesnosenergies.fr\/wp-content\/uploads\/2020\/10\/Sans-titre.001.jpeg","datePublished":"2020-10-20T08:30:38+00:00","dateModified":"2020-10-20T08:42:18+00:00","breadcrumb":{"@id":"https:\/\/toutesnosenergies.fr\/index.php\/2020\/10\/20\/a-puy-du-lac-17-ils-ne-lacheront-rien\/#breadcrumb"},"inLanguage":"fr-FR","potentialAction":[{"@type":"ReadAction","target":["https:\/\/toutesnosenergies.fr\/index.php\/2020\/10\/20\/a-puy-du-lac-17-ils-ne-lacheront-rien\/"]}]},{"@type":"ImageObject","inLanguage":"fr-FR","@id":"https:\/\/toutesnosenergies.fr\/index.php\/2020\/10\/20\/a-puy-du-lac-17-ils-ne-lacheront-rien\/#primaryimage","url":"https:\/\/toutesnosenergies.fr\/wp-content\/uploads\/2020\/10\/Sans-titre.001.jpeg","contentUrl":"https:\/\/toutesnosenergies.fr\/wp-content\/uploads\/2020\/10\/Sans-titre.001.jpeg","width":638,"height":380},{"@type":"BreadcrumbList","@id":"https:\/\/toutesnosenergies.fr\/index.php\/2020\/10\/20\/a-puy-du-lac-17-ils-ne-lacheront-rien\/#breadcrumb","itemListElement":[{"@type":"ListItem","position":1,"name":"Accueil","item":"https:\/\/toutesnosenergies.fr\/"},{"@type":"ListItem","position":2,"name":"\u00c0 Puy-du-Lac (17), ils ne l\u00e2cheront rien &#8230;"}]},{"@type":"WebSite","@id":"https:\/\/toutesnosenergies.fr\/#website","url":"https:\/\/toutesnosenergies.fr\/","name":"Toutes Nos \u00c9nergies \u2013 Occitanie Environnement","description":"Pour une \u00e9nergie respectueuse du vivant et des territoires ruraux en Occitanie","publisher":{"@id":"https:\/\/toutesnosenergies.fr\/#organization"},"potentialAction":[{"@type":"SearchAction","target":{"@type":"EntryPoint","urlTemplate":"https:\/\/toutesnosenergies.fr\/?s={search_term_string}"},"query-input":{"@type":"PropertyValueSpecification","valueRequired":true,"valueName":"search_term_string"}}],"inLanguage":"fr-FR"},{"@type":"Organization","@id":"https:\/\/toutesnosenergies.fr\/#organization","name":"Toutes Nos \u00c9nergies \u2013 Occitanie Environnement","url":"https:\/\/toutesnosenergies.fr\/","logo":{"@type":"ImageObject","inLanguage":"fr-FR","@id":"https:\/\/toutesnosenergies.fr\/#\/schema\/logo\/image\/","url":"https:\/\/toutesnosenergies.fr\/wp-content\/uploads\/2023\/01\/Petit-logo.png","contentUrl":"https:\/\/toutesnosenergies.fr\/wp-content\/uploads\/2023\/01\/Petit-logo.png","width":360,"height":102,"caption":"Toutes Nos \u00c9nergies \u2013 Occitanie Environnement"},"image":{"@id":"https:\/\/toutesnosenergies.fr\/#\/schema\/logo\/image\/"},"sameAs":["https:\/\/www.facebook.com\/TNEtoutesnosenergiesOccitanieEnvironnement"]},{"@type":"Person","@id":"https:\/\/toutesnosenergies.fr\/#\/schema\/person\/83b429b7810ce59e0a21afb7e0b3cb1c","name":"WM81","image":{"@type":"ImageObject","inLanguage":"fr-FR","@id":"https:\/\/secure.gravatar.com\/avatar\/aa9bf2bd97a7297274c53294f09e800c7ee0d88290f959d5d49f9380299b9ff1?s=96&d=mm&r=g","url":"https:\/\/secure.gravatar.com\/avatar\/aa9bf2bd97a7297274c53294f09e800c7ee0d88290f959d5d49f9380299b9ff1?s=96&d=mm&r=g","contentUrl":"https:\/\/secure.gravatar.com\/avatar\/aa9bf2bd97a7297274c53294f09e800c7ee0d88290f959d5d49f9380299b9ff1?s=96&d=mm&r=g","caption":"WM81"},"sameAs":["http:\/\/toutesnosenergies.fr"],"url":"https:\/\/toutesnosenergies.fr\/index.php\/author\/wm81\/"}]}},"_links":{"self":[{"href":"https:\/\/toutesnosenergies.fr\/index.php\/wp-json\/wp\/v2\/posts\/4125","targetHints":{"allow":["GET"]}}],"collection":[{"href":"https:\/\/toutesnosenergies.fr\/index.php\/wp-json\/wp\/v2\/posts"}],"about":[{"href":"https:\/\/toutesnosenergies.fr\/index.php\/wp-json\/wp\/v2\/types\/post"}],"author":[{"embeddable":true,"href":"https:\/\/toutesnosenergies.fr\/index.php\/wp-json\/wp\/v2\/users\/3"}],"replies":[{"embeddable":true,"href":"https:\/\/toutesnosenergies.fr\/index.php\/wp-json\/wp\/v2\/comments?post=4125"}],"version-history":[{"count":3,"href":"https:\/\/toutesnosenergies.fr\/index.php\/wp-json\/wp\/v2\/posts\/4125\/revisions"}],"predecessor-version":[{"id":4130,"href":"https:\/\/toutesnosenergies.fr\/index.php\/wp-json\/wp\/v2\/posts\/4125\/revisions\/4130"}],"wp:attachment":[{"href":"https:\/\/toutesnosenergies.fr\/index.php\/wp-json\/wp\/v2\/media?parent=4125"}],"wp:term":[{"taxonomy":"category","embeddable":true,"href":"https:\/\/toutesnosenergies.fr\/index.php\/wp-json\/wp\/v2\/categories?post=4125"},{"taxonomy":"post_tag","embeddable":true,"href":"https:\/\/toutesnosenergies.fr\/index.php\/wp-json\/wp\/v2\/tags?post=4125"}],"curies":[{"name":"wp","href":"https:\/\/api.w.org\/{rel}","templated":true}]}}