{"id":4963,"date":"2021-01-25T21:40:19","date_gmt":"2021-01-25T20:40:19","guid":{"rendered":"https:\/\/toutesnosenergies.fr\/?p=4963"},"modified":"2021-01-25T22:12:34","modified_gmt":"2021-01-25T21:12:34","slug":"encore-et-toujours-menaces-sur-les-territoires","status":"publish","type":"post","link":"https:\/\/toutesnosenergies.fr\/index.php\/2021\/01\/25\/encore-et-toujours-menaces-sur-les-territoires\/","title":{"rendered":"Encore et toujours &#8230; menaces sur les territoires &#8230;"},"content":{"rendered":"\n<p class=\"has-background\" style=\"background-color:#eca3dc\">En Occitanie et en lisi\u00e8re de notre r\u00e9gion, les projets de centrales \u00e9oliennes industrielles se multiplient, mena\u00e7ant la qualit\u00e9 de vie des habitants, l&rsquo;int\u00e9grit\u00e9 des paysages, la richesse de la biodiversit\u00e9&#8230;<br>Dans ces communes des associations se cr\u00e9ent, des actions se m\u00e8nent, avec parfois des \u00e9chos dans la presse locale&#8230;<\/p>\n\n\n\n<p>Il est impossible semaine, apr\u00e8s semaine, de faire un point pr\u00e9cis sur tous les projets aux quatre coins du territoire national. Les \u00e9chos aujourd&rsquo;hui concernent des territoires proches.<br>Que chaque association sache que le collectif TNE Occitanie Environnement les soutient, r\u00e9percute leur action.<\/p>\n\n\n\n<p><br>Le collectif de lutte contre le projet de parc \u00e9olien \u00e0 Baron dans le Gard s\u2019est r\u00e9uni, lundi 18 janvier au Mas de Clary. La p\u00e9tition en cours a r\u00e9uni 170 signatures parmi les habitants de Baron (Gard). Celle-ci d\u00e9nonce \u201cla mise en place d\u2019un bail emphyt\u00e9otique. La destruction de la for\u00eat m\u00e9diterran\u00e9enne, les champs \u00e9oliens..\u201d.<br><a rel=\"noreferrer noopener\" href=\"https:\/\/www.midilibre.fr\/2021\/01\/22\/une-petition-pour-larret-du-projet-de-parc-eolien-9326112.php\" target=\"_blank\">Baron (Gard) Une p\u00e9tition pour l\u2019arr\u00eat du projet de parc \u00e9olien<\/a>&nbsp;(Midi Libre)<\/p>\n\n\n\n<div class=\"wp-block-image\"><figure class=\"alignleft size-large is-resized\"><img loading=\"lazy\" decoding=\"async\" src=\"https:\/\/assets.change.org\/photos\/9\/jk\/nf\/PcjKnFAzruVQqmv-800x450-noPad.jpg?1607715040\" alt=\"\" width=\"281\" height=\"144\"\/><\/figure><\/div>\n\n\n\n<p>&nbsp;L&rsquo;Association Serre de Gruas Vent libre fait circuler cette p\u00e9tition : \u00ab\u00a0Nous, soussign\u00e9s,&nbsp;refusons cat\u00e9goriquement les projets d\u2019implantation d\u2019\u00e9oliennes industrielles sur les&nbsp;cr\u00eates allant de Saint-Cierge-la Serre au col du Moulin \u00e0 Vent et comprenant le Serre de Gruas et le Serre&nbsp;l\u2019\u00c9glise\u00a0\u00bb. <\/p>\n\n\n\n<p><br>Signez et faites signer cette p\u00e9tition, soutenue par la FED (F\u00e9d\u00e9ration Environnement Durable)<br><a rel=\"noreferrer noopener\" href=\"https:\/\/www.change.org\/p\/emmanuel-macron-non-aux-\u00e9oliennes-industrielles-sur-le-serre-de-gruas?utm_content=cl_sharecopy_26278295_fr-FR%3A2&amp;recruiter=1168562950&amp;utm_source=share_petition&amp;utm_medium=copylink&amp;utm_campaign=share_petition\" target=\"_blank\">Non aux \u00e9oliennes industrielles sur le Serre de Gruas&nbsp;<\/a>(Ard\u00e8che)<\/p>\n\n\n\n<div class=\"wp-block-image\"><figure class=\"alignright size-large is-resized\"><img loading=\"lazy\" decoding=\"async\" src=\"https:\/\/toutesnosenergies.fr\/wp-content\/uploads\/2021\/01\/Taillard.jpg\" alt=\"\" width=\"290\" height=\"208\"\/><\/figure><\/div>\n\n\n\n<p>&nbsp;La for\u00eat de Taillard : ce magnifique espace bois\u00e9 situ\u00e9 aux confins de l\u2019Ard\u00e8che, la Loire et la Haute-Loire, est le type m\u00eame d\u2019environnement que nos politiques publiques pr\u00e9tendent aujourd\u2019hui prot\u00e9ger: puits de carbone, biodiversit\u00e9 remarquable, r\u00e9serve hydrologique, qualit\u00e9 paysag\u00e8re, espace de ressourcement (sentiers de randonn\u00e9e) etc.&nbsp;<br><a rel=\"noreferrer noopener\" href=\"https:\/\/toutesnosenergies.fr\/wp-content\/uploads\/2021\/01\/Foret-de-Taillard.pdf\" target=\"_blank\">\u00c9oliennes industrielles en for\u00eat de Taillard&nbsp;<\/a>(Ard\u00e8che)<br>Or la for\u00eat de Taillard est depuis plus de dix ans la cible constante de divers projets d\u2019\u00e9oliennes industrielles, pour un total d\u2019une trentaine de machines.&nbsp;<br><a rel=\"noreferrer noopener\" href=\"http:\/\/www.perspectivesecologiques.com\/telechargements\/EOLIEN%20Taillard%20Article%20Canard%20Enchaine%202%20Decembre%202020.pdf\" target=\"_blank\">C\u2019est la Total pour le parc naturel&nbsp;<\/a>(Canard Encha\u00een\u00e9)<\/p>\n","protected":false},"excerpt":{"rendered":"<p>En Occitanie et en lisi\u00e8re de notre r\u00e9gion, les projets de centrales \u00e9oliennes industrielles se multiplient, mena\u00e7ant la qualit\u00e9 de vie des habitants, l&rsquo;int\u00e9grit\u00e9 des paysages, la richesse de la biodiversit\u00e9&#8230;Dans ces communes des associations se cr\u00e9ent, des actions se m\u00e8nent, avec parfois des \u00e9chos dans la presse locale&#8230; Il est impossible semaine, apr\u00e8s semaine, &#8230; <a title=\"Encore et toujours &#8230; menaces sur les territoires &#8230;\" class=\"read-more\" href=\"https:\/\/toutesnosenergies.fr\/index.php\/2021\/01\/25\/encore-et-toujours-menaces-sur-les-territoires\/\" aria-label=\"Plus sur Encore et toujours &#8230; menaces sur les territoires &#8230;\">Lire plus<\/a><\/p>\n","protected":false},"author":3,"featured_media":0,"comment_status":"open","ping_status":"open","sticky":false,"template":"","format":"standard","meta":{"_cbd_carousel_blocks":"[]","sfsi_plus_gutenberg_text_before_share":"","sfsi_plus_gutenberg_show_text_before_share":"","sfsi_plus_gutenberg_icon_type":"","sfsi_plus_gutenberg_icon_alignemt":"","sfsi_plus_gutenburg_max_per_row":"","footnotes":""},"categories":[11],"tags":[],"class_list":["post-4963","post","type-post","status-publish","format-standard","hentry","category-dans-la-presse"],"yoast_head":"<!-- This site is optimized with the Yoast SEO plugin v27.4 - https:\/\/yoast.com\/product\/yoast-seo-wordpress\/ -->\n<title>Encore et toujours ... menaces sur les territoires ... - Toutes Nos \u00c9nergies \u2013 Occitanie Environnement<\/title>\n<meta name=\"robots\" content=\"index, follow, max-snippet:-1, max-image-preview:large, max-video-preview:-1\" \/>\n<link rel=\"canonical\" href=\"https:\/\/toutesnosenergies.fr\/index.php\/2021\/01\/25\/encore-et-toujours-menaces-sur-les-territoires\/\" \/>\n<meta property=\"og:locale\" content=\"fr_FR\" \/>\n<meta property=\"og:type\" content=\"article\" \/>\n<meta property=\"og:title\" content=\"Encore et toujours ... menaces sur les territoires ... - Toutes Nos \u00c9nergies \u2013 Occitanie Environnement\" \/>\n<meta property=\"og:description\" content=\"En Occitanie et en lisi\u00e8re de notre r\u00e9gion, les projets de centrales \u00e9oliennes industrielles se multiplient, mena\u00e7ant la qualit\u00e9 de vie des habitants, l&rsquo;int\u00e9grit\u00e9 des paysages, la richesse de la biodiversit\u00e9&#8230;Dans ces communes des associations se cr\u00e9ent, des actions se m\u00e8nent, avec parfois des \u00e9chos dans la presse locale&#8230; Il est impossible semaine, apr\u00e8s semaine, ... Lire plus\" \/>\n<meta property=\"og:url\" content=\"https:\/\/toutesnosenergies.fr\/index.php\/2021\/01\/25\/encore-et-toujours-menaces-sur-les-territoires\/\" \/>\n<meta property=\"og:site_name\" content=\"Toutes Nos \u00c9nergies \u2013 Occitanie Environnement\" \/>\n<meta property=\"article:publisher\" content=\"https:\/\/www.facebook.com\/TNEtoutesnosenergiesOccitanieEnvironnement\" \/>\n<meta property=\"article:published_time\" content=\"2021-01-25T20:40:19+00:00\" \/>\n<meta property=\"article:modified_time\" content=\"2021-01-25T21:12:34+00:00\" \/>\n<meta property=\"og:image\" content=\"https:\/\/assets.change.org\/photos\/9\/jk\/nf\/PcjKnFAzruVQqmv-800x450-noPad.jpg?1607715040\" \/>\n<meta name=\"author\" content=\"WM81\" \/>\n<meta name=\"twitter:card\" content=\"summary_large_image\" \/>\n<meta name=\"twitter:label1\" content=\"\u00c9crit par\" \/>\n\t<meta name=\"twitter:data1\" content=\"WM81\" \/>\n\t<meta name=\"twitter:label2\" content=\"Dur\u00e9e de lecture estim\u00e9e\" \/>\n\t<meta name=\"twitter:data2\" content=\"2 minutes\" \/>\n<script type=\"application\/ld+json\" class=\"yoast-schema-graph\">{\"@context\":\"https:\\\/\\\/schema.org\",\"@graph\":[{\"@type\":\"Article\",\"@id\":\"https:\\\/\\\/toutesnosenergies.fr\\\/index.php\\\/2021\\\/01\\\/25\\\/encore-et-toujours-menaces-sur-les-territoires\\\/#article\",\"isPartOf\":{\"@id\":\"https:\\\/\\\/toutesnosenergies.fr\\\/index.php\\\/2021\\\/01\\\/25\\\/encore-et-toujours-menaces-sur-les-territoires\\\/\"},\"author\":{\"name\":\"WM81\",\"@id\":\"https:\\\/\\\/toutesnosenergies.fr\\\/#\\\/schema\\\/person\\\/83b429b7810ce59e0a21afb7e0b3cb1c\"},\"headline\":\"Encore et toujours &#8230; menaces sur les territoires &#8230;\",\"datePublished\":\"2021-01-25T20:40:19+00:00\",\"dateModified\":\"2021-01-25T21:12:34+00:00\",\"mainEntityOfPage\":{\"@id\":\"https:\\\/\\\/toutesnosenergies.fr\\\/index.php\\\/2021\\\/01\\\/25\\\/encore-et-toujours-menaces-sur-les-territoires\\\/\"},\"wordCount\":380,\"commentCount\":0,\"publisher\":{\"@id\":\"https:\\\/\\\/toutesnosenergies.fr\\\/#organization\"},\"image\":{\"@id\":\"https:\\\/\\\/toutesnosenergies.fr\\\/index.php\\\/2021\\\/01\\\/25\\\/encore-et-toujours-menaces-sur-les-territoires\\\/#primaryimage\"},\"thumbnailUrl\":\"https:\\\/\\\/assets.change.org\\\/photos\\\/9\\\/jk\\\/nf\\\/PcjKnFAzruVQqmv-800x450-noPad.jpg?1607715040\",\"articleSection\":[\"Dans la presse\"],\"inLanguage\":\"fr-FR\",\"potentialAction\":[{\"@type\":\"CommentAction\",\"name\":\"Comment\",\"target\":[\"https:\\\/\\\/toutesnosenergies.fr\\\/index.php\\\/2021\\\/01\\\/25\\\/encore-et-toujours-menaces-sur-les-territoires\\\/#respond\"]}]},{\"@type\":\"WebPage\",\"@id\":\"https:\\\/\\\/toutesnosenergies.fr\\\/index.php\\\/2021\\\/01\\\/25\\\/encore-et-toujours-menaces-sur-les-territoires\\\/\",\"url\":\"https:\\\/\\\/toutesnosenergies.fr\\\/index.php\\\/2021\\\/01\\\/25\\\/encore-et-toujours-menaces-sur-les-territoires\\\/\",\"name\":\"Encore et toujours ... menaces sur les territoires ... - Toutes Nos \u00c9nergies \u2013 Occitanie Environnement\",\"isPartOf\":{\"@id\":\"https:\\\/\\\/toutesnosenergies.fr\\\/#website\"},\"primaryImageOfPage\":{\"@id\":\"https:\\\/\\\/toutesnosenergies.fr\\\/index.php\\\/2021\\\/01\\\/25\\\/encore-et-toujours-menaces-sur-les-territoires\\\/#primaryimage\"},\"image\":{\"@id\":\"https:\\\/\\\/toutesnosenergies.fr\\\/index.php\\\/2021\\\/01\\\/25\\\/encore-et-toujours-menaces-sur-les-territoires\\\/#primaryimage\"},\"thumbnailUrl\":\"https:\\\/\\\/assets.change.org\\\/photos\\\/9\\\/jk\\\/nf\\\/PcjKnFAzruVQqmv-800x450-noPad.jpg?1607715040\",\"datePublished\":\"2021-01-25T20:40:19+00:00\",\"dateModified\":\"2021-01-25T21:12:34+00:00\",\"breadcrumb\":{\"@id\":\"https:\\\/\\\/toutesnosenergies.fr\\\/index.php\\\/2021\\\/01\\\/25\\\/encore-et-toujours-menaces-sur-les-territoires\\\/#breadcrumb\"},\"inLanguage\":\"fr-FR\",\"potentialAction\":[{\"@type\":\"ReadAction\",\"target\":[\"https:\\\/\\\/toutesnosenergies.fr\\\/index.php\\\/2021\\\/01\\\/25\\\/encore-et-toujours-menaces-sur-les-territoires\\\/\"]}]},{\"@type\":\"ImageObject\",\"inLanguage\":\"fr-FR\",\"@id\":\"https:\\\/\\\/toutesnosenergies.fr\\\/index.php\\\/2021\\\/01\\\/25\\\/encore-et-toujours-menaces-sur-les-territoires\\\/#primaryimage\",\"url\":\"https:\\\/\\\/assets.change.org\\\/photos\\\/9\\\/jk\\\/nf\\\/PcjKnFAzruVQqmv-800x450-noPad.jpg?1607715040\",\"contentUrl\":\"https:\\\/\\\/assets.change.org\\\/photos\\\/9\\\/jk\\\/nf\\\/PcjKnFAzruVQqmv-800x450-noPad.jpg?1607715040\"},{\"@type\":\"BreadcrumbList\",\"@id\":\"https:\\\/\\\/toutesnosenergies.fr\\\/index.php\\\/2021\\\/01\\\/25\\\/encore-et-toujours-menaces-sur-les-territoires\\\/#breadcrumb\",\"itemListElement\":[{\"@type\":\"ListItem\",\"position\":1,\"name\":\"Accueil\",\"item\":\"https:\\\/\\\/toutesnosenergies.fr\\\/\"},{\"@type\":\"ListItem\",\"position\":2,\"name\":\"Encore et toujours &#8230; menaces sur les territoires &#8230;\"}]},{\"@type\":\"WebSite\",\"@id\":\"https:\\\/\\\/toutesnosenergies.fr\\\/#website\",\"url\":\"https:\\\/\\\/toutesnosenergies.fr\\\/\",\"name\":\"Toutes Nos \u00c9nergies \u2013 Occitanie Environnement\",\"description\":\"Pour une \u00e9nergie respectueuse du vivant et des territoires ruraux en Occitanie\",\"publisher\":{\"@id\":\"https:\\\/\\\/toutesnosenergies.fr\\\/#organization\"},\"potentialAction\":[{\"@type\":\"SearchAction\",\"target\":{\"@type\":\"EntryPoint\",\"urlTemplate\":\"https:\\\/\\\/toutesnosenergies.fr\\\/?s={search_term_string}\"},\"query-input\":{\"@type\":\"PropertyValueSpecification\",\"valueRequired\":true,\"valueName\":\"search_term_string\"}}],\"inLanguage\":\"fr-FR\"},{\"@type\":\"Organization\",\"@id\":\"https:\\\/\\\/toutesnosenergies.fr\\\/#organization\",\"name\":\"Toutes Nos \u00c9nergies \u2013 Occitanie Environnement\",\"url\":\"https:\\\/\\\/toutesnosenergies.fr\\\/\",\"logo\":{\"@type\":\"ImageObject\",\"inLanguage\":\"fr-FR\",\"@id\":\"https:\\\/\\\/toutesnosenergies.fr\\\/#\\\/schema\\\/logo\\\/image\\\/\",\"url\":\"https:\\\/\\\/toutesnosenergies.fr\\\/wp-content\\\/uploads\\\/2023\\\/01\\\/Petit-logo.png\",\"contentUrl\":\"https:\\\/\\\/toutesnosenergies.fr\\\/wp-content\\\/uploads\\\/2023\\\/01\\\/Petit-logo.png\",\"width\":360,\"height\":102,\"caption\":\"Toutes Nos \u00c9nergies \u2013 Occitanie Environnement\"},\"image\":{\"@id\":\"https:\\\/\\\/toutesnosenergies.fr\\\/#\\\/schema\\\/logo\\\/image\\\/\"},\"sameAs\":[\"https:\\\/\\\/www.facebook.com\\\/TNEtoutesnosenergiesOccitanieEnvironnement\"]},{\"@type\":\"Person\",\"@id\":\"https:\\\/\\\/toutesnosenergies.fr\\\/#\\\/schema\\\/person\\\/83b429b7810ce59e0a21afb7e0b3cb1c\",\"name\":\"WM81\",\"image\":{\"@type\":\"ImageObject\",\"inLanguage\":\"fr-FR\",\"@id\":\"https:\\\/\\\/secure.gravatar.com\\\/avatar\\\/aa9bf2bd97a7297274c53294f09e800c7ee0d88290f959d5d49f9380299b9ff1?s=96&d=mm&r=g\",\"url\":\"https:\\\/\\\/secure.gravatar.com\\\/avatar\\\/aa9bf2bd97a7297274c53294f09e800c7ee0d88290f959d5d49f9380299b9ff1?s=96&d=mm&r=g\",\"contentUrl\":\"https:\\\/\\\/secure.gravatar.com\\\/avatar\\\/aa9bf2bd97a7297274c53294f09e800c7ee0d88290f959d5d49f9380299b9ff1?s=96&d=mm&r=g\",\"caption\":\"WM81\"},\"sameAs\":[\"http:\\\/\\\/toutesnosenergies.fr\"],\"url\":\"https:\\\/\\\/toutesnosenergies.fr\\\/index.php\\\/author\\\/wm81\\\/\"}]}<\/script>\n<!-- \/ Yoast SEO plugin. -->","yoast_head_json":{"title":"Encore et toujours ... menaces sur les territoires ... - Toutes Nos \u00c9nergies \u2013 Occitanie Environnement","robots":{"index":"index","follow":"follow","max-snippet":"max-snippet:-1","max-image-preview":"max-image-preview:large","max-video-preview":"max-video-preview:-1"},"canonical":"https:\/\/toutesnosenergies.fr\/index.php\/2021\/01\/25\/encore-et-toujours-menaces-sur-les-territoires\/","og_locale":"fr_FR","og_type":"article","og_title":"Encore et toujours ... menaces sur les territoires ... - Toutes Nos \u00c9nergies \u2013 Occitanie Environnement","og_description":"En Occitanie et en lisi\u00e8re de notre r\u00e9gion, les projets de centrales \u00e9oliennes industrielles se multiplient, mena\u00e7ant la qualit\u00e9 de vie des habitants, l&rsquo;int\u00e9grit\u00e9 des paysages, la richesse de la biodiversit\u00e9&#8230;Dans ces communes des associations se cr\u00e9ent, des actions se m\u00e8nent, avec parfois des \u00e9chos dans la presse locale&#8230; Il est impossible semaine, apr\u00e8s semaine, ... Lire plus","og_url":"https:\/\/toutesnosenergies.fr\/index.php\/2021\/01\/25\/encore-et-toujours-menaces-sur-les-territoires\/","og_site_name":"Toutes Nos \u00c9nergies \u2013 Occitanie Environnement","article_publisher":"https:\/\/www.facebook.com\/TNEtoutesnosenergiesOccitanieEnvironnement","article_published_time":"2021-01-25T20:40:19+00:00","article_modified_time":"2021-01-25T21:12:34+00:00","og_image":[{"url":"https:\/\/assets.change.org\/photos\/9\/jk\/nf\/PcjKnFAzruVQqmv-800x450-noPad.jpg?1607715040","type":"","width":"","height":""}],"author":"WM81","twitter_card":"summary_large_image","twitter_misc":{"\u00c9crit par":"WM81","Dur\u00e9e de lecture estim\u00e9e":"2 minutes"},"schema":{"@context":"https:\/\/schema.org","@graph":[{"@type":"Article","@id":"https:\/\/toutesnosenergies.fr\/index.php\/2021\/01\/25\/encore-et-toujours-menaces-sur-les-territoires\/#article","isPartOf":{"@id":"https:\/\/toutesnosenergies.fr\/index.php\/2021\/01\/25\/encore-et-toujours-menaces-sur-les-territoires\/"},"author":{"name":"WM81","@id":"https:\/\/toutesnosenergies.fr\/#\/schema\/person\/83b429b7810ce59e0a21afb7e0b3cb1c"},"headline":"Encore et toujours &#8230; menaces sur les territoires &#8230;","datePublished":"2021-01-25T20:40:19+00:00","dateModified":"2021-01-25T21:12:34+00:00","mainEntityOfPage":{"@id":"https:\/\/toutesnosenergies.fr\/index.php\/2021\/01\/25\/encore-et-toujours-menaces-sur-les-territoires\/"},"wordCount":380,"commentCount":0,"publisher":{"@id":"https:\/\/toutesnosenergies.fr\/#organization"},"image":{"@id":"https:\/\/toutesnosenergies.fr\/index.php\/2021\/01\/25\/encore-et-toujours-menaces-sur-les-territoires\/#primaryimage"},"thumbnailUrl":"https:\/\/assets.change.org\/photos\/9\/jk\/nf\/PcjKnFAzruVQqmv-800x450-noPad.jpg?1607715040","articleSection":["Dans la presse"],"inLanguage":"fr-FR","potentialAction":[{"@type":"CommentAction","name":"Comment","target":["https:\/\/toutesnosenergies.fr\/index.php\/2021\/01\/25\/encore-et-toujours-menaces-sur-les-territoires\/#respond"]}]},{"@type":"WebPage","@id":"https:\/\/toutesnosenergies.fr\/index.php\/2021\/01\/25\/encore-et-toujours-menaces-sur-les-territoires\/","url":"https:\/\/toutesnosenergies.fr\/index.php\/2021\/01\/25\/encore-et-toujours-menaces-sur-les-territoires\/","name":"Encore et toujours ... menaces sur les territoires ... - Toutes Nos \u00c9nergies \u2013 Occitanie Environnement","isPartOf":{"@id":"https:\/\/toutesnosenergies.fr\/#website"},"primaryImageOfPage":{"@id":"https:\/\/toutesnosenergies.fr\/index.php\/2021\/01\/25\/encore-et-toujours-menaces-sur-les-territoires\/#primaryimage"},"image":{"@id":"https:\/\/toutesnosenergies.fr\/index.php\/2021\/01\/25\/encore-et-toujours-menaces-sur-les-territoires\/#primaryimage"},"thumbnailUrl":"https:\/\/assets.change.org\/photos\/9\/jk\/nf\/PcjKnFAzruVQqmv-800x450-noPad.jpg?1607715040","datePublished":"2021-01-25T20:40:19+00:00","dateModified":"2021-01-25T21:12:34+00:00","breadcrumb":{"@id":"https:\/\/toutesnosenergies.fr\/index.php\/2021\/01\/25\/encore-et-toujours-menaces-sur-les-territoires\/#breadcrumb"},"inLanguage":"fr-FR","potentialAction":[{"@type":"ReadAction","target":["https:\/\/toutesnosenergies.fr\/index.php\/2021\/01\/25\/encore-et-toujours-menaces-sur-les-territoires\/"]}]},{"@type":"ImageObject","inLanguage":"fr-FR","@id":"https:\/\/toutesnosenergies.fr\/index.php\/2021\/01\/25\/encore-et-toujours-menaces-sur-les-territoires\/#primaryimage","url":"https:\/\/assets.change.org\/photos\/9\/jk\/nf\/PcjKnFAzruVQqmv-800x450-noPad.jpg?1607715040","contentUrl":"https:\/\/assets.change.org\/photos\/9\/jk\/nf\/PcjKnFAzruVQqmv-800x450-noPad.jpg?1607715040"},{"@type":"BreadcrumbList","@id":"https:\/\/toutesnosenergies.fr\/index.php\/2021\/01\/25\/encore-et-toujours-menaces-sur-les-territoires\/#breadcrumb","itemListElement":[{"@type":"ListItem","position":1,"name":"Accueil","item":"https:\/\/toutesnosenergies.fr\/"},{"@type":"ListItem","position":2,"name":"Encore et toujours &#8230; menaces sur les territoires &#8230;"}]},{"@type":"WebSite","@id":"https:\/\/toutesnosenergies.fr\/#website","url":"https:\/\/toutesnosenergies.fr\/","name":"Toutes Nos \u00c9nergies \u2013 Occitanie Environnement","description":"Pour une \u00e9nergie respectueuse du vivant et des territoires ruraux en Occitanie","publisher":{"@id":"https:\/\/toutesnosenergies.fr\/#organization"},"potentialAction":[{"@type":"SearchAction","target":{"@type":"EntryPoint","urlTemplate":"https:\/\/toutesnosenergies.fr\/?s={search_term_string}"},"query-input":{"@type":"PropertyValueSpecification","valueRequired":true,"valueName":"search_term_string"}}],"inLanguage":"fr-FR"},{"@type":"Organization","@id":"https:\/\/toutesnosenergies.fr\/#organization","name":"Toutes Nos \u00c9nergies \u2013 Occitanie Environnement","url":"https:\/\/toutesnosenergies.fr\/","logo":{"@type":"ImageObject","inLanguage":"fr-FR","@id":"https:\/\/toutesnosenergies.fr\/#\/schema\/logo\/image\/","url":"https:\/\/toutesnosenergies.fr\/wp-content\/uploads\/2023\/01\/Petit-logo.png","contentUrl":"https:\/\/toutesnosenergies.fr\/wp-content\/uploads\/2023\/01\/Petit-logo.png","width":360,"height":102,"caption":"Toutes Nos \u00c9nergies \u2013 Occitanie Environnement"},"image":{"@id":"https:\/\/toutesnosenergies.fr\/#\/schema\/logo\/image\/"},"sameAs":["https:\/\/www.facebook.com\/TNEtoutesnosenergiesOccitanieEnvironnement"]},{"@type":"Person","@id":"https:\/\/toutesnosenergies.fr\/#\/schema\/person\/83b429b7810ce59e0a21afb7e0b3cb1c","name":"WM81","image":{"@type":"ImageObject","inLanguage":"fr-FR","@id":"https:\/\/secure.gravatar.com\/avatar\/aa9bf2bd97a7297274c53294f09e800c7ee0d88290f959d5d49f9380299b9ff1?s=96&d=mm&r=g","url":"https:\/\/secure.gravatar.com\/avatar\/aa9bf2bd97a7297274c53294f09e800c7ee0d88290f959d5d49f9380299b9ff1?s=96&d=mm&r=g","contentUrl":"https:\/\/secure.gravatar.com\/avatar\/aa9bf2bd97a7297274c53294f09e800c7ee0d88290f959d5d49f9380299b9ff1?s=96&d=mm&r=g","caption":"WM81"},"sameAs":["http:\/\/toutesnosenergies.fr"],"url":"https:\/\/toutesnosenergies.fr\/index.php\/author\/wm81\/"}]}},"_links":{"self":[{"href":"https:\/\/toutesnosenergies.fr\/index.php\/wp-json\/wp\/v2\/posts\/4963","targetHints":{"allow":["GET"]}}],"collection":[{"href":"https:\/\/toutesnosenergies.fr\/index.php\/wp-json\/wp\/v2\/posts"}],"about":[{"href":"https:\/\/toutesnosenergies.fr\/index.php\/wp-json\/wp\/v2\/types\/post"}],"author":[{"embeddable":true,"href":"https:\/\/toutesnosenergies.fr\/index.php\/wp-json\/wp\/v2\/users\/3"}],"replies":[{"embeddable":true,"href":"https:\/\/toutesnosenergies.fr\/index.php\/wp-json\/wp\/v2\/comments?post=4963"}],"version-history":[{"count":5,"href":"https:\/\/toutesnosenergies.fr\/index.php\/wp-json\/wp\/v2\/posts\/4963\/revisions"}],"predecessor-version":[{"id":4977,"href":"https:\/\/toutesnosenergies.fr\/index.php\/wp-json\/wp\/v2\/posts\/4963\/revisions\/4977"}],"wp:attachment":[{"href":"https:\/\/toutesnosenergies.fr\/index.php\/wp-json\/wp\/v2\/media?parent=4963"}],"wp:term":[{"taxonomy":"category","embeddable":true,"href":"https:\/\/toutesnosenergies.fr\/index.php\/wp-json\/wp\/v2\/categories?post=4963"},{"taxonomy":"post_tag","embeddable":true,"href":"https:\/\/toutesnosenergies.fr\/index.php\/wp-json\/wp\/v2\/tags?post=4963"}],"curies":[{"name":"wp","href":"https:\/\/api.w.org\/{rel}","templated":true}]}}