{"id":5235,"date":"2021-02-14T22:36:17","date_gmt":"2021-02-14T21:36:17","guid":{"rendered":"https:\/\/toutesnosenergies.fr\/?p=5235"},"modified":"2021-02-14T22:37:16","modified_gmt":"2021-02-14T21:37:16","slug":"appel-a-soutien-aux-inculpe-e-s-de-lamassada","status":"publish","type":"post","link":"https:\/\/toutesnosenergies.fr\/index.php\/2021\/02\/14\/appel-a-soutien-aux-inculpe-e-s-de-lamassada\/","title":{"rendered":"Appel \u00e0 soutien aux inculp\u00e9.e.s de l\u2019Amassada"},"content":{"rendered":"\n<p class=\"has-background\" style=\"background-color:#fcf9bd\">Au moment o\u00f9 la mascarade de la convention citoyenne pour le climat se r\u00e9v\u00e8le au grand jour, la justice convoque quelques manifestants choisis au hasard dans la centaine de ceux qui &nbsp;protestaient ce jour-l\u00e0 contre le projet de m\u00e9ga transformateur de Saint Victor et Melvieu pour leur signifier que force doit rester \u00e0 la loi\u2026 du plus fort, \u00e0 savoir RTE et le lobby industriel de l\u2019\u00e9nergie. Le collectif de l\u2019Amassada appelle tous ceux qui pensent une vie diff\u00e9rente \u00e0 les rejoindre pour soutenir les opposants \u00e0 ces grands projets inutiles. Voici le communiqu\u00e9 de l&rsquo;Amassada<\/p>\n\n\n\n<p>Le 16 f\u00e9vrier 2021 seront jug\u00e9.e.s en appel 4 opposant.e.s pr\u00e9lev\u00e9.e.s parmi une centaine, lors de la manifestation du 12 octobre 2019 contre le projet de m\u00e9gatransformateur de Saint-Victor et Melvieu, dans le sud Aveyron. Le hameau de l\u2019Amassada qui depuis 5 ans occupait le futur<br>site, venait d\u2019\u00eatre expuls\u00e9 et ras\u00e9 le 8 octobre 2019. Force \u00e9tait rest\u00e9e \u00e0 la loi selon le commentaire de la pr\u00e9f\u00e8te. Il se trouve que cette loi est celle de l\u2019empire industriel de l\u2019\u00e9nergie qui sous couvert de transition \u00e9cologique perp\u00e9tue le massacre\u2026<\/p>\n\n\n\n<p>Lors de la premi\u00e8re audience, le 11 mars 2020, nous avions fait une demande en nullit\u00e9 pour de nombreux vices de proc\u00e9dures d\u2019enqu\u00eates et de convocations (grosso modo les gendarmes plaignants se sont auditionn\u00e9s entre eux). Le tribunal de Rodez a rejet\u00e9 les demandes en nullit\u00e9 et condamn\u00e9 les pr\u00e9venu.e.s \u00e0 5 \u00e0 8 mois de prison avec sursis, assortis de 100 euros d\u2019indemnit\u00e9 pour chacun des gendarmes au titre de pr\u00e9judice moral. Par contre le tribunal a d\u00e9bout\u00e9 RTE (R\u00e9seau de transport d\u2019\u00e9lectricit\u00e9) pour sa demande de pr\u00e9judice mat\u00e9riel.<\/p>\n\n\n\n<p>La s\u00e9quence en cours (Covid) a rendu aveuglant le diagnostic de la mise \u00e0 sac du monde, la marchandisation du vivant, et son contr\u00f4le par la logique s\u00e9curitaire. Gestion des flux partout, chez Amazon comme en Amazonie, dans l\u2019agroalimentaire comme \u00e0 l\u2019h\u00f4pital, dans la 5G comme \u00e0 l\u2019Ehpad, chez spaceX comme chez Renault. \u00c9valuation et contr\u00f4le partout, Big Brother&#8230;<\/p>\n\n\n\n<div class=\"wp-block-image\"><figure class=\"aligncenter size-large is-resized\"><img loading=\"lazy\" decoding=\"async\" src=\"https:\/\/toutesnosenergies.fr\/wp-content\/uploads\/2020\/03\/IMAG0610-1024x572.jpg\" alt=\"\" class=\"wp-image-3380\" width=\"530\" height=\"296\" srcset=\"https:\/\/toutesnosenergies.fr\/wp-content\/uploads\/2020\/03\/IMAG0610-1024x572.jpg 1024w, https:\/\/toutesnosenergies.fr\/wp-content\/uploads\/2020\/03\/IMAG0610-300x168.jpg 300w, https:\/\/toutesnosenergies.fr\/wp-content\/uploads\/2020\/03\/IMAG0610-768x429.jpg 768w, https:\/\/toutesnosenergies.fr\/wp-content\/uploads\/2020\/03\/IMAG0610-1320x738.jpg 1320w\" sizes=\"auto, (max-width: 530px) 100vw, 530px\" \/><figcaption>Devant le tribunal de Rodez<\/figcaption><\/figure><\/div>\n\n\n\n<p>L\u2019Amassada consid\u00e8re que son existence m\u00eame et ses actions s\u2019inscrivent dans un \u00ab&nbsp;\u00e9tat de n\u00e9cessit\u00e9&nbsp;\u00bb. N\u00e9cessit\u00e9 de d\u00e9noncer la mascarade de la transition \u00e9cologique comme elle est imagin\u00e9e par les seuls int\u00e9r\u00eats financiers et industriels. N\u00e9cessit\u00e9 de d\u00e9noncer leurs troupes<br>polici\u00e8res, administratives et politiques. N\u00e9cessit\u00e9 de s\u2019interposer quand les machines de destruction se mettent en marche.&nbsp;<\/p>\n\n\n\n<p>Le 16 f\u00e9vrier 2021 nous ferons encore valoir la n\u00e9cessit\u00e9 d\u2019agir et de d\u00e9noncer le syst\u00e8me industriel de l\u2019\u00e9nergie et ses soutiens politiques, policiers et judiciaires.&nbsp;<br>Est-il besoin de rappeler les nombreuses condamnations du gouvernement concernant les engagements \u00e9cologiques et ses d\u00e9rives s\u00e9curitaires.&nbsp;<\/p>\n\n\n\n<p class=\"has-text-align-center has-background\" style=\"background-color:#8bcb98\"><strong>Nous appelons toutes les personnes pr\u00e9sentes \u00e0 Montpellier ou qui<br>viendraient \u00e0 s\u2019y trouver, \u00e0 se rejoindre devant le tribunal (1 rue<br>Foch), le 16 f\u00e9vrier 2021 \u00e0 13h00.&nbsp;<\/strong><\/p>\n\n\n\n<p>Au programme&nbsp;: chants, couleurs, discussions, \u00e9changes, paillettes pour partager un moment convivial, et affirmer ensemble notre soutien aux personnes jug\u00e9es.<\/p>\n\n\n\n<p>Venez d\u00e9guis\u00e9.e.s&nbsp;: C\u2019est CARNAVAL&nbsp;!<\/p>\n\n\n\n<p>L\u2019Amassada<br class=\"\">&#8212;<\/p>\n","protected":false},"excerpt":{"rendered":"<p>Au moment o\u00f9 la mascarade de la convention citoyenne pour le climat se r\u00e9v\u00e8le au grand jour, la justice convoque quelques manifestants choisis au hasard dans la centaine de ceux qui &nbsp;protestaient ce jour-l\u00e0 contre le projet de m\u00e9ga transformateur de Saint Victor et Melvieu pour leur signifier que force doit rester \u00e0 la loi\u2026 &#8230; <a title=\"Appel \u00e0 soutien aux inculp\u00e9.e.s de l\u2019Amassada\" class=\"read-more\" href=\"https:\/\/toutesnosenergies.fr\/index.php\/2021\/02\/14\/appel-a-soutien-aux-inculpe-e-s-de-lamassada\/\" aria-label=\"Plus sur Appel \u00e0 soutien aux inculp\u00e9.e.s de l\u2019Amassada\">Lire plus<\/a><\/p>\n","protected":false},"author":3,"featured_media":0,"comment_status":"open","ping_status":"open","sticky":false,"template":"","format":"standard","meta":{"_cbd_carousel_blocks":"[]","sfsi_plus_gutenberg_text_before_share":"","sfsi_plus_gutenberg_show_text_before_share":"","sfsi_plus_gutenberg_icon_type":"","sfsi_plus_gutenberg_icon_alignemt":"","sfsi_plus_gutenburg_max_per_row":"","footnotes":""},"categories":[7,8],"tags":[],"class_list":["post-5235","post","type-post","status-publish","format-standard","hentry","category-communiques-collectif-tne-oe","category-communiques-associations"],"yoast_head":"<!-- This site is optimized with the Yoast SEO plugin v27.4 - https:\/\/yoast.com\/product\/yoast-seo-wordpress\/ -->\n<title>Appel \u00e0 soutien aux inculp\u00e9.e.s de l\u2019Amassada - Toutes Nos \u00c9nergies \u2013 Occitanie Environnement<\/title>\n<meta name=\"robots\" content=\"index, follow, max-snippet:-1, max-image-preview:large, max-video-preview:-1\" \/>\n<link rel=\"canonical\" href=\"https:\/\/toutesnosenergies.fr\/index.php\/2021\/02\/14\/appel-a-soutien-aux-inculpe-e-s-de-lamassada\/\" \/>\n<meta property=\"og:locale\" content=\"fr_FR\" \/>\n<meta property=\"og:type\" content=\"article\" \/>\n<meta property=\"og:title\" content=\"Appel \u00e0 soutien aux inculp\u00e9.e.s de l\u2019Amassada - Toutes Nos \u00c9nergies \u2013 Occitanie Environnement\" \/>\n<meta property=\"og:description\" content=\"Au moment o\u00f9 la mascarade de la convention citoyenne pour le climat se r\u00e9v\u00e8le au grand jour, la justice convoque quelques manifestants choisis au hasard dans la centaine de ceux qui &nbsp;protestaient ce jour-l\u00e0 contre le projet de m\u00e9ga transformateur de Saint Victor et Melvieu pour leur signifier que force doit rester \u00e0 la loi\u2026 ... Lire plus\" \/>\n<meta property=\"og:url\" content=\"https:\/\/toutesnosenergies.fr\/index.php\/2021\/02\/14\/appel-a-soutien-aux-inculpe-e-s-de-lamassada\/\" \/>\n<meta property=\"og:site_name\" content=\"Toutes Nos \u00c9nergies \u2013 Occitanie Environnement\" \/>\n<meta property=\"article:publisher\" content=\"https:\/\/www.facebook.com\/TNEtoutesnosenergiesOccitanieEnvironnement\" \/>\n<meta property=\"article:published_time\" content=\"2021-02-14T21:36:17+00:00\" \/>\n<meta property=\"article:modified_time\" content=\"2021-02-14T21:37:16+00:00\" \/>\n<meta property=\"og:image\" content=\"https:\/\/toutesnosenergies.fr\/wp-content\/uploads\/2020\/03\/IMAG0610-1024x572.jpg\" \/>\n<meta name=\"author\" content=\"WM81\" \/>\n<meta name=\"twitter:card\" content=\"summary_large_image\" \/>\n<meta name=\"twitter:label1\" content=\"\u00c9crit par\" \/>\n\t<meta name=\"twitter:data1\" content=\"WM81\" \/>\n\t<meta name=\"twitter:label2\" content=\"Dur\u00e9e de lecture estim\u00e9e\" \/>\n\t<meta name=\"twitter:data2\" content=\"3 minutes\" \/>\n<script type=\"application\/ld+json\" class=\"yoast-schema-graph\">{\"@context\":\"https:\\\/\\\/schema.org\",\"@graph\":[{\"@type\":\"Article\",\"@id\":\"https:\\\/\\\/toutesnosenergies.fr\\\/index.php\\\/2021\\\/02\\\/14\\\/appel-a-soutien-aux-inculpe-e-s-de-lamassada\\\/#article\",\"isPartOf\":{\"@id\":\"https:\\\/\\\/toutesnosenergies.fr\\\/index.php\\\/2021\\\/02\\\/14\\\/appel-a-soutien-aux-inculpe-e-s-de-lamassada\\\/\"},\"author\":{\"name\":\"WM81\",\"@id\":\"https:\\\/\\\/toutesnosenergies.fr\\\/#\\\/schema\\\/person\\\/83b429b7810ce59e0a21afb7e0b3cb1c\"},\"headline\":\"Appel \u00e0 soutien aux inculp\u00e9.e.s de l\u2019Amassada\",\"datePublished\":\"2021-02-14T21:36:17+00:00\",\"dateModified\":\"2021-02-14T21:37:16+00:00\",\"mainEntityOfPage\":{\"@id\":\"https:\\\/\\\/toutesnosenergies.fr\\\/index.php\\\/2021\\\/02\\\/14\\\/appel-a-soutien-aux-inculpe-e-s-de-lamassada\\\/\"},\"wordCount\":554,\"commentCount\":0,\"publisher\":{\"@id\":\"https:\\\/\\\/toutesnosenergies.fr\\\/#organization\"},\"image\":{\"@id\":\"https:\\\/\\\/toutesnosenergies.fr\\\/index.php\\\/2021\\\/02\\\/14\\\/appel-a-soutien-aux-inculpe-e-s-de-lamassada\\\/#primaryimage\"},\"thumbnailUrl\":\"https:\\\/\\\/toutesnosenergies.fr\\\/wp-content\\\/uploads\\\/2020\\\/03\\\/IMAG0610-1024x572.jpg\",\"articleSection\":[\"Communiqu\u00e9s de TNE-OE\",\"Communiqu\u00e9s des associations\"],\"inLanguage\":\"fr-FR\",\"potentialAction\":[{\"@type\":\"CommentAction\",\"name\":\"Comment\",\"target\":[\"https:\\\/\\\/toutesnosenergies.fr\\\/index.php\\\/2021\\\/02\\\/14\\\/appel-a-soutien-aux-inculpe-e-s-de-lamassada\\\/#respond\"]}]},{\"@type\":\"WebPage\",\"@id\":\"https:\\\/\\\/toutesnosenergies.fr\\\/index.php\\\/2021\\\/02\\\/14\\\/appel-a-soutien-aux-inculpe-e-s-de-lamassada\\\/\",\"url\":\"https:\\\/\\\/toutesnosenergies.fr\\\/index.php\\\/2021\\\/02\\\/14\\\/appel-a-soutien-aux-inculpe-e-s-de-lamassada\\\/\",\"name\":\"Appel \u00e0 soutien aux inculp\u00e9.e.s de l\u2019Amassada - Toutes Nos \u00c9nergies \u2013 Occitanie Environnement\",\"isPartOf\":{\"@id\":\"https:\\\/\\\/toutesnosenergies.fr\\\/#website\"},\"primaryImageOfPage\":{\"@id\":\"https:\\\/\\\/toutesnosenergies.fr\\\/index.php\\\/2021\\\/02\\\/14\\\/appel-a-soutien-aux-inculpe-e-s-de-lamassada\\\/#primaryimage\"},\"image\":{\"@id\":\"https:\\\/\\\/toutesnosenergies.fr\\\/index.php\\\/2021\\\/02\\\/14\\\/appel-a-soutien-aux-inculpe-e-s-de-lamassada\\\/#primaryimage\"},\"thumbnailUrl\":\"https:\\\/\\\/toutesnosenergies.fr\\\/wp-content\\\/uploads\\\/2020\\\/03\\\/IMAG0610-1024x572.jpg\",\"datePublished\":\"2021-02-14T21:36:17+00:00\",\"dateModified\":\"2021-02-14T21:37:16+00:00\",\"breadcrumb\":{\"@id\":\"https:\\\/\\\/toutesnosenergies.fr\\\/index.php\\\/2021\\\/02\\\/14\\\/appel-a-soutien-aux-inculpe-e-s-de-lamassada\\\/#breadcrumb\"},\"inLanguage\":\"fr-FR\",\"potentialAction\":[{\"@type\":\"ReadAction\",\"target\":[\"https:\\\/\\\/toutesnosenergies.fr\\\/index.php\\\/2021\\\/02\\\/14\\\/appel-a-soutien-aux-inculpe-e-s-de-lamassada\\\/\"]}]},{\"@type\":\"ImageObject\",\"inLanguage\":\"fr-FR\",\"@id\":\"https:\\\/\\\/toutesnosenergies.fr\\\/index.php\\\/2021\\\/02\\\/14\\\/appel-a-soutien-aux-inculpe-e-s-de-lamassada\\\/#primaryimage\",\"url\":\"https:\\\/\\\/toutesnosenergies.fr\\\/wp-content\\\/uploads\\\/2020\\\/03\\\/IMAG0610.jpg\",\"contentUrl\":\"https:\\\/\\\/toutesnosenergies.fr\\\/wp-content\\\/uploads\\\/2020\\\/03\\\/IMAG0610.jpg\",\"width\":3264,\"height\":1824},{\"@type\":\"BreadcrumbList\",\"@id\":\"https:\\\/\\\/toutesnosenergies.fr\\\/index.php\\\/2021\\\/02\\\/14\\\/appel-a-soutien-aux-inculpe-e-s-de-lamassada\\\/#breadcrumb\",\"itemListElement\":[{\"@type\":\"ListItem\",\"position\":1,\"name\":\"Accueil\",\"item\":\"https:\\\/\\\/toutesnosenergies.fr\\\/\"},{\"@type\":\"ListItem\",\"position\":2,\"name\":\"Appel \u00e0 soutien aux inculp\u00e9.e.s de l\u2019Amassada\"}]},{\"@type\":\"WebSite\",\"@id\":\"https:\\\/\\\/toutesnosenergies.fr\\\/#website\",\"url\":\"https:\\\/\\\/toutesnosenergies.fr\\\/\",\"name\":\"Toutes Nos \u00c9nergies \u2013 Occitanie Environnement\",\"description\":\"Pour une \u00e9nergie respectueuse du vivant et des territoires ruraux en Occitanie\",\"publisher\":{\"@id\":\"https:\\\/\\\/toutesnosenergies.fr\\\/#organization\"},\"potentialAction\":[{\"@type\":\"SearchAction\",\"target\":{\"@type\":\"EntryPoint\",\"urlTemplate\":\"https:\\\/\\\/toutesnosenergies.fr\\\/?s={search_term_string}\"},\"query-input\":{\"@type\":\"PropertyValueSpecification\",\"valueRequired\":true,\"valueName\":\"search_term_string\"}}],\"inLanguage\":\"fr-FR\"},{\"@type\":\"Organization\",\"@id\":\"https:\\\/\\\/toutesnosenergies.fr\\\/#organization\",\"name\":\"Toutes Nos \u00c9nergies \u2013 Occitanie Environnement\",\"url\":\"https:\\\/\\\/toutesnosenergies.fr\\\/\",\"logo\":{\"@type\":\"ImageObject\",\"inLanguage\":\"fr-FR\",\"@id\":\"https:\\\/\\\/toutesnosenergies.fr\\\/#\\\/schema\\\/logo\\\/image\\\/\",\"url\":\"https:\\\/\\\/toutesnosenergies.fr\\\/wp-content\\\/uploads\\\/2023\\\/01\\\/Petit-logo.png\",\"contentUrl\":\"https:\\\/\\\/toutesnosenergies.fr\\\/wp-content\\\/uploads\\\/2023\\\/01\\\/Petit-logo.png\",\"width\":360,\"height\":102,\"caption\":\"Toutes Nos \u00c9nergies \u2013 Occitanie Environnement\"},\"image\":{\"@id\":\"https:\\\/\\\/toutesnosenergies.fr\\\/#\\\/schema\\\/logo\\\/image\\\/\"},\"sameAs\":[\"https:\\\/\\\/www.facebook.com\\\/TNEtoutesnosenergiesOccitanieEnvironnement\"]},{\"@type\":\"Person\",\"@id\":\"https:\\\/\\\/toutesnosenergies.fr\\\/#\\\/schema\\\/person\\\/83b429b7810ce59e0a21afb7e0b3cb1c\",\"name\":\"WM81\",\"image\":{\"@type\":\"ImageObject\",\"inLanguage\":\"fr-FR\",\"@id\":\"https:\\\/\\\/secure.gravatar.com\\\/avatar\\\/aa9bf2bd97a7297274c53294f09e800c7ee0d88290f959d5d49f9380299b9ff1?s=96&d=mm&r=g\",\"url\":\"https:\\\/\\\/secure.gravatar.com\\\/avatar\\\/aa9bf2bd97a7297274c53294f09e800c7ee0d88290f959d5d49f9380299b9ff1?s=96&d=mm&r=g\",\"contentUrl\":\"https:\\\/\\\/secure.gravatar.com\\\/avatar\\\/aa9bf2bd97a7297274c53294f09e800c7ee0d88290f959d5d49f9380299b9ff1?s=96&d=mm&r=g\",\"caption\":\"WM81\"},\"sameAs\":[\"http:\\\/\\\/toutesnosenergies.fr\"],\"url\":\"https:\\\/\\\/toutesnosenergies.fr\\\/index.php\\\/author\\\/wm81\\\/\"}]}<\/script>\n<!-- \/ Yoast SEO plugin. -->","yoast_head_json":{"title":"Appel \u00e0 soutien aux inculp\u00e9.e.s de l\u2019Amassada - Toutes Nos \u00c9nergies \u2013 Occitanie Environnement","robots":{"index":"index","follow":"follow","max-snippet":"max-snippet:-1","max-image-preview":"max-image-preview:large","max-video-preview":"max-video-preview:-1"},"canonical":"https:\/\/toutesnosenergies.fr\/index.php\/2021\/02\/14\/appel-a-soutien-aux-inculpe-e-s-de-lamassada\/","og_locale":"fr_FR","og_type":"article","og_title":"Appel \u00e0 soutien aux inculp\u00e9.e.s de l\u2019Amassada - Toutes Nos \u00c9nergies \u2013 Occitanie Environnement","og_description":"Au moment o\u00f9 la mascarade de la convention citoyenne pour le climat se r\u00e9v\u00e8le au grand jour, la justice convoque quelques manifestants choisis au hasard dans la centaine de ceux qui &nbsp;protestaient ce jour-l\u00e0 contre le projet de m\u00e9ga transformateur de Saint Victor et Melvieu pour leur signifier que force doit rester \u00e0 la loi\u2026 ... Lire plus","og_url":"https:\/\/toutesnosenergies.fr\/index.php\/2021\/02\/14\/appel-a-soutien-aux-inculpe-e-s-de-lamassada\/","og_site_name":"Toutes Nos \u00c9nergies \u2013 Occitanie Environnement","article_publisher":"https:\/\/www.facebook.com\/TNEtoutesnosenergiesOccitanieEnvironnement","article_published_time":"2021-02-14T21:36:17+00:00","article_modified_time":"2021-02-14T21:37:16+00:00","og_image":[{"url":"https:\/\/toutesnosenergies.fr\/wp-content\/uploads\/2020\/03\/IMAG0610-1024x572.jpg","type":"","width":"","height":""}],"author":"WM81","twitter_card":"summary_large_image","twitter_misc":{"\u00c9crit par":"WM81","Dur\u00e9e de lecture estim\u00e9e":"3 minutes"},"schema":{"@context":"https:\/\/schema.org","@graph":[{"@type":"Article","@id":"https:\/\/toutesnosenergies.fr\/index.php\/2021\/02\/14\/appel-a-soutien-aux-inculpe-e-s-de-lamassada\/#article","isPartOf":{"@id":"https:\/\/toutesnosenergies.fr\/index.php\/2021\/02\/14\/appel-a-soutien-aux-inculpe-e-s-de-lamassada\/"},"author":{"name":"WM81","@id":"https:\/\/toutesnosenergies.fr\/#\/schema\/person\/83b429b7810ce59e0a21afb7e0b3cb1c"},"headline":"Appel \u00e0 soutien aux inculp\u00e9.e.s de l\u2019Amassada","datePublished":"2021-02-14T21:36:17+00:00","dateModified":"2021-02-14T21:37:16+00:00","mainEntityOfPage":{"@id":"https:\/\/toutesnosenergies.fr\/index.php\/2021\/02\/14\/appel-a-soutien-aux-inculpe-e-s-de-lamassada\/"},"wordCount":554,"commentCount":0,"publisher":{"@id":"https:\/\/toutesnosenergies.fr\/#organization"},"image":{"@id":"https:\/\/toutesnosenergies.fr\/index.php\/2021\/02\/14\/appel-a-soutien-aux-inculpe-e-s-de-lamassada\/#primaryimage"},"thumbnailUrl":"https:\/\/toutesnosenergies.fr\/wp-content\/uploads\/2020\/03\/IMAG0610-1024x572.jpg","articleSection":["Communiqu\u00e9s de TNE-OE","Communiqu\u00e9s des associations"],"inLanguage":"fr-FR","potentialAction":[{"@type":"CommentAction","name":"Comment","target":["https:\/\/toutesnosenergies.fr\/index.php\/2021\/02\/14\/appel-a-soutien-aux-inculpe-e-s-de-lamassada\/#respond"]}]},{"@type":"WebPage","@id":"https:\/\/toutesnosenergies.fr\/index.php\/2021\/02\/14\/appel-a-soutien-aux-inculpe-e-s-de-lamassada\/","url":"https:\/\/toutesnosenergies.fr\/index.php\/2021\/02\/14\/appel-a-soutien-aux-inculpe-e-s-de-lamassada\/","name":"Appel \u00e0 soutien aux inculp\u00e9.e.s de l\u2019Amassada - Toutes Nos \u00c9nergies \u2013 Occitanie Environnement","isPartOf":{"@id":"https:\/\/toutesnosenergies.fr\/#website"},"primaryImageOfPage":{"@id":"https:\/\/toutesnosenergies.fr\/index.php\/2021\/02\/14\/appel-a-soutien-aux-inculpe-e-s-de-lamassada\/#primaryimage"},"image":{"@id":"https:\/\/toutesnosenergies.fr\/index.php\/2021\/02\/14\/appel-a-soutien-aux-inculpe-e-s-de-lamassada\/#primaryimage"},"thumbnailUrl":"https:\/\/toutesnosenergies.fr\/wp-content\/uploads\/2020\/03\/IMAG0610-1024x572.jpg","datePublished":"2021-02-14T21:36:17+00:00","dateModified":"2021-02-14T21:37:16+00:00","breadcrumb":{"@id":"https:\/\/toutesnosenergies.fr\/index.php\/2021\/02\/14\/appel-a-soutien-aux-inculpe-e-s-de-lamassada\/#breadcrumb"},"inLanguage":"fr-FR","potentialAction":[{"@type":"ReadAction","target":["https:\/\/toutesnosenergies.fr\/index.php\/2021\/02\/14\/appel-a-soutien-aux-inculpe-e-s-de-lamassada\/"]}]},{"@type":"ImageObject","inLanguage":"fr-FR","@id":"https:\/\/toutesnosenergies.fr\/index.php\/2021\/02\/14\/appel-a-soutien-aux-inculpe-e-s-de-lamassada\/#primaryimage","url":"https:\/\/toutesnosenergies.fr\/wp-content\/uploads\/2020\/03\/IMAG0610.jpg","contentUrl":"https:\/\/toutesnosenergies.fr\/wp-content\/uploads\/2020\/03\/IMAG0610.jpg","width":3264,"height":1824},{"@type":"BreadcrumbList","@id":"https:\/\/toutesnosenergies.fr\/index.php\/2021\/02\/14\/appel-a-soutien-aux-inculpe-e-s-de-lamassada\/#breadcrumb","itemListElement":[{"@type":"ListItem","position":1,"name":"Accueil","item":"https:\/\/toutesnosenergies.fr\/"},{"@type":"ListItem","position":2,"name":"Appel \u00e0 soutien aux inculp\u00e9.e.s de l\u2019Amassada"}]},{"@type":"WebSite","@id":"https:\/\/toutesnosenergies.fr\/#website","url":"https:\/\/toutesnosenergies.fr\/","name":"Toutes Nos \u00c9nergies \u2013 Occitanie Environnement","description":"Pour une \u00e9nergie respectueuse du vivant et des territoires ruraux en Occitanie","publisher":{"@id":"https:\/\/toutesnosenergies.fr\/#organization"},"potentialAction":[{"@type":"SearchAction","target":{"@type":"EntryPoint","urlTemplate":"https:\/\/toutesnosenergies.fr\/?s={search_term_string}"},"query-input":{"@type":"PropertyValueSpecification","valueRequired":true,"valueName":"search_term_string"}}],"inLanguage":"fr-FR"},{"@type":"Organization","@id":"https:\/\/toutesnosenergies.fr\/#organization","name":"Toutes Nos \u00c9nergies \u2013 Occitanie Environnement","url":"https:\/\/toutesnosenergies.fr\/","logo":{"@type":"ImageObject","inLanguage":"fr-FR","@id":"https:\/\/toutesnosenergies.fr\/#\/schema\/logo\/image\/","url":"https:\/\/toutesnosenergies.fr\/wp-content\/uploads\/2023\/01\/Petit-logo.png","contentUrl":"https:\/\/toutesnosenergies.fr\/wp-content\/uploads\/2023\/01\/Petit-logo.png","width":360,"height":102,"caption":"Toutes Nos \u00c9nergies \u2013 Occitanie Environnement"},"image":{"@id":"https:\/\/toutesnosenergies.fr\/#\/schema\/logo\/image\/"},"sameAs":["https:\/\/www.facebook.com\/TNEtoutesnosenergiesOccitanieEnvironnement"]},{"@type":"Person","@id":"https:\/\/toutesnosenergies.fr\/#\/schema\/person\/83b429b7810ce59e0a21afb7e0b3cb1c","name":"WM81","image":{"@type":"ImageObject","inLanguage":"fr-FR","@id":"https:\/\/secure.gravatar.com\/avatar\/aa9bf2bd97a7297274c53294f09e800c7ee0d88290f959d5d49f9380299b9ff1?s=96&d=mm&r=g","url":"https:\/\/secure.gravatar.com\/avatar\/aa9bf2bd97a7297274c53294f09e800c7ee0d88290f959d5d49f9380299b9ff1?s=96&d=mm&r=g","contentUrl":"https:\/\/secure.gravatar.com\/avatar\/aa9bf2bd97a7297274c53294f09e800c7ee0d88290f959d5d49f9380299b9ff1?s=96&d=mm&r=g","caption":"WM81"},"sameAs":["http:\/\/toutesnosenergies.fr"],"url":"https:\/\/toutesnosenergies.fr\/index.php\/author\/wm81\/"}]}},"_links":{"self":[{"href":"https:\/\/toutesnosenergies.fr\/index.php\/wp-json\/wp\/v2\/posts\/5235","targetHints":{"allow":["GET"]}}],"collection":[{"href":"https:\/\/toutesnosenergies.fr\/index.php\/wp-json\/wp\/v2\/posts"}],"about":[{"href":"https:\/\/toutesnosenergies.fr\/index.php\/wp-json\/wp\/v2\/types\/post"}],"author":[{"embeddable":true,"href":"https:\/\/toutesnosenergies.fr\/index.php\/wp-json\/wp\/v2\/users\/3"}],"replies":[{"embeddable":true,"href":"https:\/\/toutesnosenergies.fr\/index.php\/wp-json\/wp\/v2\/comments?post=5235"}],"version-history":[{"count":4,"href":"https:\/\/toutesnosenergies.fr\/index.php\/wp-json\/wp\/v2\/posts\/5235\/revisions"}],"predecessor-version":[{"id":5239,"href":"https:\/\/toutesnosenergies.fr\/index.php\/wp-json\/wp\/v2\/posts\/5235\/revisions\/5239"}],"wp:attachment":[{"href":"https:\/\/toutesnosenergies.fr\/index.php\/wp-json\/wp\/v2\/media?parent=5235"}],"wp:term":[{"taxonomy":"category","embeddable":true,"href":"https:\/\/toutesnosenergies.fr\/index.php\/wp-json\/wp\/v2\/categories?post=5235"},{"taxonomy":"post_tag","embeddable":true,"href":"https:\/\/toutesnosenergies.fr\/index.php\/wp-json\/wp\/v2\/tags?post=5235"}],"curies":[{"name":"wp","href":"https:\/\/api.w.org\/{rel}","templated":true}]}}