{"id":5240,"date":"2021-02-14T22:53:51","date_gmt":"2021-02-14T21:53:51","guid":{"rendered":"https:\/\/toutesnosenergies.fr\/?p=5240"},"modified":"2021-02-21T15:49:44","modified_gmt":"2021-02-21T14:49:44","slug":"dans-la-presse-le-point-sur-les-differents-projets-eoliens-en-occitanie","status":"publish","type":"post","link":"https:\/\/toutesnosenergies.fr\/index.php\/2021\/02\/14\/dans-la-presse-le-point-sur-les-differents-projets-eoliens-en-occitanie\/","title":{"rendered":"Dans la presse, le point sur les diff\u00e9rents projets \u00e9oliens en Occitanie"},"content":{"rendered":"\n<p class=\"has-background\" style=\"background-color:#d3cbf2\">Tous les jours sur la page&nbsp;<a rel=\"noreferrer noopener\" href=\"https:\/\/toutesnosenergies.fr\/index.php\/revue-de-presse-nationale-et-occitane\/\" target=\"_blank\">\u201crevue de presse\u201d<\/a>&nbsp;vous trouvez des \u00e9chos de la presse nationale et r\u00e9gionale. Aujourd&rsquo;hui, le point sur quelques projets r\u00e9gionaux :<\/p>\n\n\n\n<p><strong>H\u00e9rault<\/strong> : <a href=\"https:\/\/toutesnosenergies.fr\/wp-content\/uploads\/2021\/02\/Minervois.pdf\">L\u2019ombre des \u00e9oliennes plane sur le vignoble&nbsp;<\/a>(La Semaine du Minervois)<br>Un projet de centrale \u00e9olienne est en cours sur la commune de Siran (H\u00e9rault). En plein coeur du cru La Livini\u00e8re. Les vignerons y sont fermement oppos\u00e9s. <br><a rel=\"noreferrer noopener\" href=\"https:\/\/www.reussir.fr\/vigne\/le-cru-la-liviniere-mobilise-contre-un-projet-de-parc-eolien\" target=\"_blank\">Le cru La Livini\u00e8re mobilis\u00e9 contre un projet de parc \u00e9olien au coeur du vignoble<\/a>&nbsp;(R\u00e9ussir Vigne)<br>Le Syndicat du cru La Livini\u00e8re est pleinement mobilis\u00e9 contre le projet d\u2019implantation de quatre \u00e9oliennes par la soci\u00e9t\u00e9 Volkswind France en plein c\u0153ur de son territoire. Motif invoqu\u00e9, les \u00e9oliennes d\u00e9naturent le paysage et le patrimoine environnemental de l\u2019appellation.<br><a rel=\"noreferrer noopener\" href=\"https:\/\/www.ladepeche.fr\/2021\/02\/15\/le-cru-la-liviniere-soppose-au-projet-eolien-9374099.php\" target=\"_blank\">Carcassonne. Le cru la Livini\u00e8re s\u2019oppose au projet \u00e9olien<\/a> (La D\u00e9p\u00eache)<br>Le cru Minervois est partie prenante dans ce dossier et se donnera tous les moyens pour que ce dossier ne puisse aboutir\u00a0\u00bb. Le pr\u00e9sident du cru La Livini\u00e8re Guy Sabarth\u00e8s va bien entendu dans le m\u00eame sens en d\u00e9clarant:\u00a0\u00bb Ce patrimoine constitue notre cadre de vie et notre outil de travail\u00a0\u00bb.<\/p>\n\n\n\n<p><strong>Haute-Garonne<\/strong> : Hers Ari\u00e8ge Environnement nous propose cette vid\u00e9o qui est un diaporama pour informer les citoyens sur le projet \u00e9olien de Cintegabelle et notamment de son impact sur le paysage environnant.<\/p>\n\n\n\n<figure class=\"wp-block-embed is-type-rich is-provider-prise-en-charge-des-contenus-embarques wp-block-embed-prise-en-charge-des-contenus-embarques wp-embed-aspect-16-9 wp-has-aspect-ratio\"><div class=\"wp-block-embed__wrapper\">\n<iframe loading=\"lazy\" title=\"CINTEGABELLE: point de vue menac\u00e9\" width=\"1200\" height=\"675\" src=\"https:\/\/www.youtube.com\/embed\/TYGuBb9Hifg?feature=oembed\" frameborder=\"0\" allow=\"accelerometer; autoplay; clipboard-write; encrypted-media; gyroscope; picture-in-picture; web-share\" allowfullscreen><\/iframe>\n<\/div><\/figure>\n\n\n\n<p>&nbsp;<a rel=\"noreferrer noopener\" href=\"https:\/\/france3-regions.francetvinfo.fr\/occitanie\/aude\/aude-aux-martys-l-inquietude-d-un-eleveur-face-au-projet-d-implantation-de-quatre-eoliennes-1955002.html\" target=\"_blank\"><strong>Aude<\/strong> : aux Martys, l\u2019inqui\u00e9tude d\u2019un \u00e9leveur face au projet d\u2019implantation de quatre \u00e9oliennes<\/a>&nbsp;(France3 Occitanie)<br>Le d\u00e9partement de l\u2019Aude concentre environ&nbsp;25 % de la puissance \u00e9olienne de la r\u00e9gion Occitanie, et de&nbsp;nombreux projets sont encore en&nbsp;d\u00e9veloppement. Sur le petit village des Martys (300 habitants), \u00e0 la limite avec le Tarn, l\u2019un d\u2019eux alarme un \u00e9leveur local.<\/p>\n\n\n\n<div class=\"wp-block-image\"><figure class=\"aligncenter size-large is-resized\"><img loading=\"lazy\" decoding=\"async\" src=\"https:\/\/france3-regions.francetvinfo.fr\/image\/5ACy21jNpCHrA6w2YJms4MOzn4g\/930x620\/\/filters:format(webp)\/regions\/2021\/02\/13\/6027be3172ec3_capture_decran_2021-02-13_a_12.52.19-5195426.jpg\" alt=\"\" width=\"492\" height=\"327\"\/><figcaption>La ferme de Camille Lasalle est d\u00e9j\u00e0 entour\u00e9e de plusieurs \u00e9oliennes.&nbsp;\u2022&nbsp;\u00a9 FTV \/ F. Guibal<\/figcaption><\/figure><\/div>\n\n\n\n<p><strong>Aude<\/strong> : <a rel=\"noreferrer noopener\" href=\"https:\/\/pierreredoutey.fr\/2021\/02\/11\/les-eoliennes-auraient-porte-atteinte-au-site-du-canal-du-midi\/?fbclid=IwAR2bSBKheUTH5ejLEmyLZP5ixhI7hT92EwoHnKEoL7RLVEepPDkqA9n6D_I\" target=\"_blank\">Les \u00e9oliennes de Puich\u00e9ric (Aude) auraient port\u00e9 atteinte au site du canal du Midi&nbsp;<\/a>(CRIDUN)<br>Le projet de parc&nbsp;\u00e9olien&nbsp;de Puich\u00e9ric se trouve dans la zone d\u2019influence paysag\u00e8re du canal du Midi, \u00e0 1,8 km de ce dernier, lequel est inscrit sur la liste du patrimoine mondial de l\u2019Unesco et \u00e0 moins de 100 m\u00e8tres de la zone sensible du canal, laquelle exclut les grands \u00e9quipements comme le d\u00e9montre la carte de lecture des \u00e9l\u00e9ments patrimoniaux b\u00e2tis et paysagers de l\u2019\u00e9tude paysag\u00e8re.<\/p>\n\n\n\n<p><strong>Aveyron<\/strong> : <a rel=\"noreferrer noopener\" href=\"https:\/\/www.ladepeche.fr\/2021\/02\/13\/les-elus-disent-non-a-un-projet-de-parc-eolien-a-comps-lagrandville-9370777.php\" target=\"_blank\">Calmont (12). Les \u00e9lus disent non \u00e0 un projet de parc \u00e9olien \u00e0 Comps-Lagrandville<\/a>&nbsp;(La D\u00e9p\u00eache)&nbsp;<br>Lors du conseil municipal du 19 janvier et \u00e0 la demande de la commune de Comps-Lagrandville concernant l\u2019implantation d\u2019un parc \u00e9olien proche de ce village, les \u00e9lus, apr\u00e8s avoir d\u00e9lib\u00e9r\u00e9, se prononcent \u00e0 l\u2019unanimit\u00e9 contre ce projet.<\/p>\n\n\n\n<p><a rel=\"noreferrer noopener\" href=\"https:\/\/www.midilibre.fr\/2021\/02\/13\/des-energies-renouvelables-sur-laubrac-9370400.php\" target=\"_blank\">Loz\u00e8re : les militants alertent sur l\u2019installation en masse d\u2019\u00e9oliennes sur l\u2019Aubrac&nbsp;<\/a>(Midi Libre)&nbsp;<br>Les Robins des bois de la Margeride r\u00e9agissent \u00e0 l\u2019appel \u00e0 candidatures pour produire des \u00e9nergies renouvelables sur l\u2019Aubrac, lanc\u00e9 par le Parc naturel r\u00e9gional.<\/p>\n\n\n\n<div class=\"wp-block-image\"><figure class=\"aligncenter size-large\"><img decoding=\"async\" src=\"https:\/\/1.bp.blogspot.com\/-0Bjm6zXIpzk\/YCgCWuaZDHI\/AAAAAAAARvA\/nFyCv6G70QELmq1f20Ib10w-c2RFvPHnQCLcBGAsYHQ\/w359-h1136\/aubrac.jpg\" alt=\"\"\/><\/figure><\/div>\n","protected":false},"excerpt":{"rendered":"<p>Tous les jours sur la page&nbsp;\u201crevue de presse\u201d&nbsp;vous trouvez des \u00e9chos de la presse nationale et r\u00e9gionale. Aujourd&rsquo;hui, le point sur quelques projets r\u00e9gionaux : H\u00e9rault : L\u2019ombre des \u00e9oliennes plane sur le vignoble&nbsp;(La Semaine du Minervois)Un projet de centrale \u00e9olienne est en cours sur la commune de Siran (H\u00e9rault). En plein coeur du cru &#8230; <a title=\"Dans la presse, le point sur les diff\u00e9rents projets \u00e9oliens en Occitanie\" class=\"read-more\" href=\"https:\/\/toutesnosenergies.fr\/index.php\/2021\/02\/14\/dans-la-presse-le-point-sur-les-differents-projets-eoliens-en-occitanie\/\" aria-label=\"Plus sur Dans la presse, le point sur les diff\u00e9rents projets \u00e9oliens en Occitanie\">Lire plus<\/a><\/p>\n","protected":false},"author":3,"featured_media":0,"comment_status":"open","ping_status":"open","sticky":false,"template":"","format":"standard","meta":{"_cbd_carousel_blocks":"[]","sfsi_plus_gutenberg_text_before_share":"","sfsi_plus_gutenberg_show_text_before_share":"","sfsi_plus_gutenberg_icon_type":"","sfsi_plus_gutenberg_icon_alignemt":"","sfsi_plus_gutenburg_max_per_row":"","footnotes":""},"categories":[1],"tags":[],"class_list":["post-5240","post","type-post","status-publish","format-standard","hentry","category-non-classe"],"yoast_head":"<!-- This site is optimized with the Yoast SEO plugin v27.4 - https:\/\/yoast.com\/product\/yoast-seo-wordpress\/ -->\n<title>Dans la presse, le point sur les diff\u00e9rents projets \u00e9oliens en Occitanie - Toutes Nos \u00c9nergies \u2013 Occitanie Environnement<\/title>\n<meta name=\"robots\" content=\"index, follow, max-snippet:-1, max-image-preview:large, max-video-preview:-1\" \/>\n<link rel=\"canonical\" href=\"https:\/\/toutesnosenergies.fr\/index.php\/2021\/02\/14\/dans-la-presse-le-point-sur-les-differents-projets-eoliens-en-occitanie\/\" \/>\n<meta property=\"og:locale\" content=\"fr_FR\" \/>\n<meta property=\"og:type\" content=\"article\" \/>\n<meta property=\"og:title\" content=\"Dans la presse, le point sur les diff\u00e9rents projets \u00e9oliens en Occitanie - Toutes Nos \u00c9nergies \u2013 Occitanie Environnement\" \/>\n<meta property=\"og:description\" content=\"Tous les jours sur la page&nbsp;\u201crevue de presse\u201d&nbsp;vous trouvez des \u00e9chos de la presse nationale et r\u00e9gionale. Aujourd&rsquo;hui, le point sur quelques projets r\u00e9gionaux : H\u00e9rault : L\u2019ombre des \u00e9oliennes plane sur le vignoble&nbsp;(La Semaine du Minervois)Un projet de centrale \u00e9olienne est en cours sur la commune de Siran (H\u00e9rault). En plein coeur du cru ... Lire plus\" \/>\n<meta property=\"og:url\" content=\"https:\/\/toutesnosenergies.fr\/index.php\/2021\/02\/14\/dans-la-presse-le-point-sur-les-differents-projets-eoliens-en-occitanie\/\" \/>\n<meta property=\"og:site_name\" content=\"Toutes Nos \u00c9nergies \u2013 Occitanie Environnement\" \/>\n<meta property=\"article:publisher\" content=\"https:\/\/www.facebook.com\/TNEtoutesnosenergiesOccitanieEnvironnement\" \/>\n<meta property=\"article:published_time\" content=\"2021-02-14T21:53:51+00:00\" \/>\n<meta property=\"article:modified_time\" content=\"2021-02-21T14:49:44+00:00\" \/>\n<meta property=\"og:image\" content=\"https:\/\/france3-regions.francetvinfo.fr\/image\/5ACy21jNpCHrA6w2YJms4MOzn4g\/930x620\/\/filters:format(webp)\/regions\/2021\/02\/13\/6027be3172ec3_capture_decran_2021-02-13_a_12.52.19-5195426.jpg\" \/>\n<meta name=\"author\" content=\"WM81\" \/>\n<meta name=\"twitter:card\" content=\"summary_large_image\" \/>\n<meta name=\"twitter:label1\" content=\"\u00c9crit par\" \/>\n\t<meta name=\"twitter:data1\" content=\"WM81\" \/>\n\t<meta name=\"twitter:label2\" content=\"Dur\u00e9e de lecture estim\u00e9e\" \/>\n\t<meta name=\"twitter:data2\" content=\"3 minutes\" \/>\n<script type=\"application\/ld+json\" class=\"yoast-schema-graph\">{\"@context\":\"https:\\\/\\\/schema.org\",\"@graph\":[{\"@type\":\"Article\",\"@id\":\"https:\\\/\\\/toutesnosenergies.fr\\\/index.php\\\/2021\\\/02\\\/14\\\/dans-la-presse-le-point-sur-les-differents-projets-eoliens-en-occitanie\\\/#article\",\"isPartOf\":{\"@id\":\"https:\\\/\\\/toutesnosenergies.fr\\\/index.php\\\/2021\\\/02\\\/14\\\/dans-la-presse-le-point-sur-les-differents-projets-eoliens-en-occitanie\\\/\"},\"author\":{\"name\":\"WM81\",\"@id\":\"https:\\\/\\\/toutesnosenergies.fr\\\/#\\\/schema\\\/person\\\/83b429b7810ce59e0a21afb7e0b3cb1c\"},\"headline\":\"Dans la presse, le point sur les diff\u00e9rents projets \u00e9oliens en Occitanie\",\"datePublished\":\"2021-02-14T21:53:51+00:00\",\"dateModified\":\"2021-02-21T14:49:44+00:00\",\"mainEntityOfPage\":{\"@id\":\"https:\\\/\\\/toutesnosenergies.fr\\\/index.php\\\/2021\\\/02\\\/14\\\/dans-la-presse-le-point-sur-les-differents-projets-eoliens-en-occitanie\\\/\"},\"wordCount\":551,\"commentCount\":0,\"publisher\":{\"@id\":\"https:\\\/\\\/toutesnosenergies.fr\\\/#organization\"},\"image\":{\"@id\":\"https:\\\/\\\/toutesnosenergies.fr\\\/index.php\\\/2021\\\/02\\\/14\\\/dans-la-presse-le-point-sur-les-differents-projets-eoliens-en-occitanie\\\/#primaryimage\"},\"thumbnailUrl\":\"https:\\\/\\\/france3-regions.francetvinfo.fr\\\/image\\\/5ACy21jNpCHrA6w2YJms4MOzn4g\\\/930x620\\\/\\\/filters:format(webp)\\\/regions\\\/2021\\\/02\\\/13\\\/6027be3172ec3_capture_decran_2021-02-13_a_12.52.19-5195426.jpg\",\"inLanguage\":\"fr-FR\",\"potentialAction\":[{\"@type\":\"CommentAction\",\"name\":\"Comment\",\"target\":[\"https:\\\/\\\/toutesnosenergies.fr\\\/index.php\\\/2021\\\/02\\\/14\\\/dans-la-presse-le-point-sur-les-differents-projets-eoliens-en-occitanie\\\/#respond\"]}]},{\"@type\":\"WebPage\",\"@id\":\"https:\\\/\\\/toutesnosenergies.fr\\\/index.php\\\/2021\\\/02\\\/14\\\/dans-la-presse-le-point-sur-les-differents-projets-eoliens-en-occitanie\\\/\",\"url\":\"https:\\\/\\\/toutesnosenergies.fr\\\/index.php\\\/2021\\\/02\\\/14\\\/dans-la-presse-le-point-sur-les-differents-projets-eoliens-en-occitanie\\\/\",\"name\":\"Dans la presse, le point sur les diff\u00e9rents projets \u00e9oliens en Occitanie - Toutes Nos \u00c9nergies \u2013 Occitanie Environnement\",\"isPartOf\":{\"@id\":\"https:\\\/\\\/toutesnosenergies.fr\\\/#website\"},\"primaryImageOfPage\":{\"@id\":\"https:\\\/\\\/toutesnosenergies.fr\\\/index.php\\\/2021\\\/02\\\/14\\\/dans-la-presse-le-point-sur-les-differents-projets-eoliens-en-occitanie\\\/#primaryimage\"},\"image\":{\"@id\":\"https:\\\/\\\/toutesnosenergies.fr\\\/index.php\\\/2021\\\/02\\\/14\\\/dans-la-presse-le-point-sur-les-differents-projets-eoliens-en-occitanie\\\/#primaryimage\"},\"thumbnailUrl\":\"https:\\\/\\\/france3-regions.francetvinfo.fr\\\/image\\\/5ACy21jNpCHrA6w2YJms4MOzn4g\\\/930x620\\\/\\\/filters:format(webp)\\\/regions\\\/2021\\\/02\\\/13\\\/6027be3172ec3_capture_decran_2021-02-13_a_12.52.19-5195426.jpg\",\"datePublished\":\"2021-02-14T21:53:51+00:00\",\"dateModified\":\"2021-02-21T14:49:44+00:00\",\"breadcrumb\":{\"@id\":\"https:\\\/\\\/toutesnosenergies.fr\\\/index.php\\\/2021\\\/02\\\/14\\\/dans-la-presse-le-point-sur-les-differents-projets-eoliens-en-occitanie\\\/#breadcrumb\"},\"inLanguage\":\"fr-FR\",\"potentialAction\":[{\"@type\":\"ReadAction\",\"target\":[\"https:\\\/\\\/toutesnosenergies.fr\\\/index.php\\\/2021\\\/02\\\/14\\\/dans-la-presse-le-point-sur-les-differents-projets-eoliens-en-occitanie\\\/\"]}]},{\"@type\":\"ImageObject\",\"inLanguage\":\"fr-FR\",\"@id\":\"https:\\\/\\\/toutesnosenergies.fr\\\/index.php\\\/2021\\\/02\\\/14\\\/dans-la-presse-le-point-sur-les-differents-projets-eoliens-en-occitanie\\\/#primaryimage\",\"url\":\"https:\\\/\\\/france3-regions.francetvinfo.fr\\\/image\\\/5ACy21jNpCHrA6w2YJms4MOzn4g\\\/930x620\\\/\\\/filters:format(webp)\\\/regions\\\/2021\\\/02\\\/13\\\/6027be3172ec3_capture_decran_2021-02-13_a_12.52.19-5195426.jpg\",\"contentUrl\":\"https:\\\/\\\/france3-regions.francetvinfo.fr\\\/image\\\/5ACy21jNpCHrA6w2YJms4MOzn4g\\\/930x620\\\/\\\/filters:format(webp)\\\/regions\\\/2021\\\/02\\\/13\\\/6027be3172ec3_capture_decran_2021-02-13_a_12.52.19-5195426.jpg\"},{\"@type\":\"BreadcrumbList\",\"@id\":\"https:\\\/\\\/toutesnosenergies.fr\\\/index.php\\\/2021\\\/02\\\/14\\\/dans-la-presse-le-point-sur-les-differents-projets-eoliens-en-occitanie\\\/#breadcrumb\",\"itemListElement\":[{\"@type\":\"ListItem\",\"position\":1,\"name\":\"Accueil\",\"item\":\"https:\\\/\\\/toutesnosenergies.fr\\\/\"},{\"@type\":\"ListItem\",\"position\":2,\"name\":\"Dans la presse, le point sur les diff\u00e9rents projets \u00e9oliens en Occitanie\"}]},{\"@type\":\"WebSite\",\"@id\":\"https:\\\/\\\/toutesnosenergies.fr\\\/#website\",\"url\":\"https:\\\/\\\/toutesnosenergies.fr\\\/\",\"name\":\"Toutes Nos \u00c9nergies \u2013 Occitanie Environnement\",\"description\":\"Pour une \u00e9nergie respectueuse du vivant et des territoires ruraux en Occitanie\",\"publisher\":{\"@id\":\"https:\\\/\\\/toutesnosenergies.fr\\\/#organization\"},\"potentialAction\":[{\"@type\":\"SearchAction\",\"target\":{\"@type\":\"EntryPoint\",\"urlTemplate\":\"https:\\\/\\\/toutesnosenergies.fr\\\/?s={search_term_string}\"},\"query-input\":{\"@type\":\"PropertyValueSpecification\",\"valueRequired\":true,\"valueName\":\"search_term_string\"}}],\"inLanguage\":\"fr-FR\"},{\"@type\":\"Organization\",\"@id\":\"https:\\\/\\\/toutesnosenergies.fr\\\/#organization\",\"name\":\"Toutes Nos \u00c9nergies \u2013 Occitanie Environnement\",\"url\":\"https:\\\/\\\/toutesnosenergies.fr\\\/\",\"logo\":{\"@type\":\"ImageObject\",\"inLanguage\":\"fr-FR\",\"@id\":\"https:\\\/\\\/toutesnosenergies.fr\\\/#\\\/schema\\\/logo\\\/image\\\/\",\"url\":\"https:\\\/\\\/toutesnosenergies.fr\\\/wp-content\\\/uploads\\\/2023\\\/01\\\/Petit-logo.png\",\"contentUrl\":\"https:\\\/\\\/toutesnosenergies.fr\\\/wp-content\\\/uploads\\\/2023\\\/01\\\/Petit-logo.png\",\"width\":360,\"height\":102,\"caption\":\"Toutes Nos \u00c9nergies \u2013 Occitanie Environnement\"},\"image\":{\"@id\":\"https:\\\/\\\/toutesnosenergies.fr\\\/#\\\/schema\\\/logo\\\/image\\\/\"},\"sameAs\":[\"https:\\\/\\\/www.facebook.com\\\/TNEtoutesnosenergiesOccitanieEnvironnement\"]},{\"@type\":\"Person\",\"@id\":\"https:\\\/\\\/toutesnosenergies.fr\\\/#\\\/schema\\\/person\\\/83b429b7810ce59e0a21afb7e0b3cb1c\",\"name\":\"WM81\",\"image\":{\"@type\":\"ImageObject\",\"inLanguage\":\"fr-FR\",\"@id\":\"https:\\\/\\\/secure.gravatar.com\\\/avatar\\\/aa9bf2bd97a7297274c53294f09e800c7ee0d88290f959d5d49f9380299b9ff1?s=96&d=mm&r=g\",\"url\":\"https:\\\/\\\/secure.gravatar.com\\\/avatar\\\/aa9bf2bd97a7297274c53294f09e800c7ee0d88290f959d5d49f9380299b9ff1?s=96&d=mm&r=g\",\"contentUrl\":\"https:\\\/\\\/secure.gravatar.com\\\/avatar\\\/aa9bf2bd97a7297274c53294f09e800c7ee0d88290f959d5d49f9380299b9ff1?s=96&d=mm&r=g\",\"caption\":\"WM81\"},\"sameAs\":[\"http:\\\/\\\/toutesnosenergies.fr\"],\"url\":\"https:\\\/\\\/toutesnosenergies.fr\\\/index.php\\\/author\\\/wm81\\\/\"}]}<\/script>\n<!-- \/ Yoast SEO plugin. -->","yoast_head_json":{"title":"Dans la presse, le point sur les diff\u00e9rents projets \u00e9oliens en Occitanie - Toutes Nos \u00c9nergies \u2013 Occitanie Environnement","robots":{"index":"index","follow":"follow","max-snippet":"max-snippet:-1","max-image-preview":"max-image-preview:large","max-video-preview":"max-video-preview:-1"},"canonical":"https:\/\/toutesnosenergies.fr\/index.php\/2021\/02\/14\/dans-la-presse-le-point-sur-les-differents-projets-eoliens-en-occitanie\/","og_locale":"fr_FR","og_type":"article","og_title":"Dans la presse, le point sur les diff\u00e9rents projets \u00e9oliens en Occitanie - Toutes Nos \u00c9nergies \u2013 Occitanie Environnement","og_description":"Tous les jours sur la page&nbsp;\u201crevue de presse\u201d&nbsp;vous trouvez des \u00e9chos de la presse nationale et r\u00e9gionale. Aujourd&rsquo;hui, le point sur quelques projets r\u00e9gionaux : H\u00e9rault : L\u2019ombre des \u00e9oliennes plane sur le vignoble&nbsp;(La Semaine du Minervois)Un projet de centrale \u00e9olienne est en cours sur la commune de Siran (H\u00e9rault). En plein coeur du cru ... Lire plus","og_url":"https:\/\/toutesnosenergies.fr\/index.php\/2021\/02\/14\/dans-la-presse-le-point-sur-les-differents-projets-eoliens-en-occitanie\/","og_site_name":"Toutes Nos \u00c9nergies \u2013 Occitanie Environnement","article_publisher":"https:\/\/www.facebook.com\/TNEtoutesnosenergiesOccitanieEnvironnement","article_published_time":"2021-02-14T21:53:51+00:00","article_modified_time":"2021-02-21T14:49:44+00:00","og_image":[{"url":"https:\/\/france3-regions.francetvinfo.fr\/image\/5ACy21jNpCHrA6w2YJms4MOzn4g\/930x620\/\/filters:format(webp)\/regions\/2021\/02\/13\/6027be3172ec3_capture_decran_2021-02-13_a_12.52.19-5195426.jpg","type":"","width":"","height":""}],"author":"WM81","twitter_card":"summary_large_image","twitter_misc":{"\u00c9crit par":"WM81","Dur\u00e9e de lecture estim\u00e9e":"3 minutes"},"schema":{"@context":"https:\/\/schema.org","@graph":[{"@type":"Article","@id":"https:\/\/toutesnosenergies.fr\/index.php\/2021\/02\/14\/dans-la-presse-le-point-sur-les-differents-projets-eoliens-en-occitanie\/#article","isPartOf":{"@id":"https:\/\/toutesnosenergies.fr\/index.php\/2021\/02\/14\/dans-la-presse-le-point-sur-les-differents-projets-eoliens-en-occitanie\/"},"author":{"name":"WM81","@id":"https:\/\/toutesnosenergies.fr\/#\/schema\/person\/83b429b7810ce59e0a21afb7e0b3cb1c"},"headline":"Dans la presse, le point sur les diff\u00e9rents projets \u00e9oliens en Occitanie","datePublished":"2021-02-14T21:53:51+00:00","dateModified":"2021-02-21T14:49:44+00:00","mainEntityOfPage":{"@id":"https:\/\/toutesnosenergies.fr\/index.php\/2021\/02\/14\/dans-la-presse-le-point-sur-les-differents-projets-eoliens-en-occitanie\/"},"wordCount":551,"commentCount":0,"publisher":{"@id":"https:\/\/toutesnosenergies.fr\/#organization"},"image":{"@id":"https:\/\/toutesnosenergies.fr\/index.php\/2021\/02\/14\/dans-la-presse-le-point-sur-les-differents-projets-eoliens-en-occitanie\/#primaryimage"},"thumbnailUrl":"https:\/\/france3-regions.francetvinfo.fr\/image\/5ACy21jNpCHrA6w2YJms4MOzn4g\/930x620\/\/filters:format(webp)\/regions\/2021\/02\/13\/6027be3172ec3_capture_decran_2021-02-13_a_12.52.19-5195426.jpg","inLanguage":"fr-FR","potentialAction":[{"@type":"CommentAction","name":"Comment","target":["https:\/\/toutesnosenergies.fr\/index.php\/2021\/02\/14\/dans-la-presse-le-point-sur-les-differents-projets-eoliens-en-occitanie\/#respond"]}]},{"@type":"WebPage","@id":"https:\/\/toutesnosenergies.fr\/index.php\/2021\/02\/14\/dans-la-presse-le-point-sur-les-differents-projets-eoliens-en-occitanie\/","url":"https:\/\/toutesnosenergies.fr\/index.php\/2021\/02\/14\/dans-la-presse-le-point-sur-les-differents-projets-eoliens-en-occitanie\/","name":"Dans la presse, le point sur les diff\u00e9rents projets \u00e9oliens en Occitanie - Toutes Nos \u00c9nergies \u2013 Occitanie Environnement","isPartOf":{"@id":"https:\/\/toutesnosenergies.fr\/#website"},"primaryImageOfPage":{"@id":"https:\/\/toutesnosenergies.fr\/index.php\/2021\/02\/14\/dans-la-presse-le-point-sur-les-differents-projets-eoliens-en-occitanie\/#primaryimage"},"image":{"@id":"https:\/\/toutesnosenergies.fr\/index.php\/2021\/02\/14\/dans-la-presse-le-point-sur-les-differents-projets-eoliens-en-occitanie\/#primaryimage"},"thumbnailUrl":"https:\/\/france3-regions.francetvinfo.fr\/image\/5ACy21jNpCHrA6w2YJms4MOzn4g\/930x620\/\/filters:format(webp)\/regions\/2021\/02\/13\/6027be3172ec3_capture_decran_2021-02-13_a_12.52.19-5195426.jpg","datePublished":"2021-02-14T21:53:51+00:00","dateModified":"2021-02-21T14:49:44+00:00","breadcrumb":{"@id":"https:\/\/toutesnosenergies.fr\/index.php\/2021\/02\/14\/dans-la-presse-le-point-sur-les-differents-projets-eoliens-en-occitanie\/#breadcrumb"},"inLanguage":"fr-FR","potentialAction":[{"@type":"ReadAction","target":["https:\/\/toutesnosenergies.fr\/index.php\/2021\/02\/14\/dans-la-presse-le-point-sur-les-differents-projets-eoliens-en-occitanie\/"]}]},{"@type":"ImageObject","inLanguage":"fr-FR","@id":"https:\/\/toutesnosenergies.fr\/index.php\/2021\/02\/14\/dans-la-presse-le-point-sur-les-differents-projets-eoliens-en-occitanie\/#primaryimage","url":"https:\/\/france3-regions.francetvinfo.fr\/image\/5ACy21jNpCHrA6w2YJms4MOzn4g\/930x620\/\/filters:format(webp)\/regions\/2021\/02\/13\/6027be3172ec3_capture_decran_2021-02-13_a_12.52.19-5195426.jpg","contentUrl":"https:\/\/france3-regions.francetvinfo.fr\/image\/5ACy21jNpCHrA6w2YJms4MOzn4g\/930x620\/\/filters:format(webp)\/regions\/2021\/02\/13\/6027be3172ec3_capture_decran_2021-02-13_a_12.52.19-5195426.jpg"},{"@type":"BreadcrumbList","@id":"https:\/\/toutesnosenergies.fr\/index.php\/2021\/02\/14\/dans-la-presse-le-point-sur-les-differents-projets-eoliens-en-occitanie\/#breadcrumb","itemListElement":[{"@type":"ListItem","position":1,"name":"Accueil","item":"https:\/\/toutesnosenergies.fr\/"},{"@type":"ListItem","position":2,"name":"Dans la presse, le point sur les diff\u00e9rents projets \u00e9oliens en Occitanie"}]},{"@type":"WebSite","@id":"https:\/\/toutesnosenergies.fr\/#website","url":"https:\/\/toutesnosenergies.fr\/","name":"Toutes Nos \u00c9nergies \u2013 Occitanie Environnement","description":"Pour une \u00e9nergie respectueuse du vivant et des territoires ruraux en Occitanie","publisher":{"@id":"https:\/\/toutesnosenergies.fr\/#organization"},"potentialAction":[{"@type":"SearchAction","target":{"@type":"EntryPoint","urlTemplate":"https:\/\/toutesnosenergies.fr\/?s={search_term_string}"},"query-input":{"@type":"PropertyValueSpecification","valueRequired":true,"valueName":"search_term_string"}}],"inLanguage":"fr-FR"},{"@type":"Organization","@id":"https:\/\/toutesnosenergies.fr\/#organization","name":"Toutes Nos \u00c9nergies \u2013 Occitanie Environnement","url":"https:\/\/toutesnosenergies.fr\/","logo":{"@type":"ImageObject","inLanguage":"fr-FR","@id":"https:\/\/toutesnosenergies.fr\/#\/schema\/logo\/image\/","url":"https:\/\/toutesnosenergies.fr\/wp-content\/uploads\/2023\/01\/Petit-logo.png","contentUrl":"https:\/\/toutesnosenergies.fr\/wp-content\/uploads\/2023\/01\/Petit-logo.png","width":360,"height":102,"caption":"Toutes Nos \u00c9nergies \u2013 Occitanie Environnement"},"image":{"@id":"https:\/\/toutesnosenergies.fr\/#\/schema\/logo\/image\/"},"sameAs":["https:\/\/www.facebook.com\/TNEtoutesnosenergiesOccitanieEnvironnement"]},{"@type":"Person","@id":"https:\/\/toutesnosenergies.fr\/#\/schema\/person\/83b429b7810ce59e0a21afb7e0b3cb1c","name":"WM81","image":{"@type":"ImageObject","inLanguage":"fr-FR","@id":"https:\/\/secure.gravatar.com\/avatar\/aa9bf2bd97a7297274c53294f09e800c7ee0d88290f959d5d49f9380299b9ff1?s=96&d=mm&r=g","url":"https:\/\/secure.gravatar.com\/avatar\/aa9bf2bd97a7297274c53294f09e800c7ee0d88290f959d5d49f9380299b9ff1?s=96&d=mm&r=g","contentUrl":"https:\/\/secure.gravatar.com\/avatar\/aa9bf2bd97a7297274c53294f09e800c7ee0d88290f959d5d49f9380299b9ff1?s=96&d=mm&r=g","caption":"WM81"},"sameAs":["http:\/\/toutesnosenergies.fr"],"url":"https:\/\/toutesnosenergies.fr\/index.php\/author\/wm81\/"}]}},"_links":{"self":[{"href":"https:\/\/toutesnosenergies.fr\/index.php\/wp-json\/wp\/v2\/posts\/5240","targetHints":{"allow":["GET"]}}],"collection":[{"href":"https:\/\/toutesnosenergies.fr\/index.php\/wp-json\/wp\/v2\/posts"}],"about":[{"href":"https:\/\/toutesnosenergies.fr\/index.php\/wp-json\/wp\/v2\/types\/post"}],"author":[{"embeddable":true,"href":"https:\/\/toutesnosenergies.fr\/index.php\/wp-json\/wp\/v2\/users\/3"}],"replies":[{"embeddable":true,"href":"https:\/\/toutesnosenergies.fr\/index.php\/wp-json\/wp\/v2\/comments?post=5240"}],"version-history":[{"count":10,"href":"https:\/\/toutesnosenergies.fr\/index.php\/wp-json\/wp\/v2\/posts\/5240\/revisions"}],"predecessor-version":[{"id":5329,"href":"https:\/\/toutesnosenergies.fr\/index.php\/wp-json\/wp\/v2\/posts\/5240\/revisions\/5329"}],"wp:attachment":[{"href":"https:\/\/toutesnosenergies.fr\/index.php\/wp-json\/wp\/v2\/media?parent=5240"}],"wp:term":[{"taxonomy":"category","embeddable":true,"href":"https:\/\/toutesnosenergies.fr\/index.php\/wp-json\/wp\/v2\/categories?post=5240"},{"taxonomy":"post_tag","embeddable":true,"href":"https:\/\/toutesnosenergies.fr\/index.php\/wp-json\/wp\/v2\/tags?post=5240"}],"curies":[{"name":"wp","href":"https:\/\/api.w.org\/{rel}","templated":true}]}}