{"id":5414,"date":"2021-03-01T18:18:48","date_gmt":"2021-03-01T17:18:48","guid":{"rendered":"https:\/\/toutesnosenergies.fr\/?p=5414"},"modified":"2021-03-01T18:36:08","modified_gmt":"2021-03-01T17:36:08","slug":"ostwind-aux-martys-11-le-projet-de-trop","status":"publish","type":"post","link":"https:\/\/toutesnosenergies.fr\/index.php\/2021\/03\/01\/ostwind-aux-martys-11-le-projet-de-trop\/","title":{"rendered":"Ostwind aux Martys (11) : le projet de trop"},"content":{"rendered":"\n<p class=\"has-background\" style=\"background-color:#5bc65f\">L&rsquo;association audoise Vent Mauvais a besoin de nous ! 4 \u00e9oliennes de 125 m\u00e8tres de haut et 3 MW de puissance unitaire plant\u00e9es sur le pic de la Garnison, commune des Martys, sur des terrains aujourd\u2019hui en zone naturelle stricte, c\u2019est inacceptable<strong>.<\/strong><\/p>\n\n\n\n<p><strong>La Montagne Noire est d\u00e9j\u00e0 satur\u00e9e de machines<\/strong> qui d\u00e9truisent le cadre de vie des habitants, leur sant\u00e9, le paysage et la biodiversit\u00e9 : Haut-Cabardes, Sambres, Bois de la Serre, Grand-Bois, Grament\u00e8s, Cuxac Cabardes, Bois de l\u2019Aiguille&#8230;<\/p>\n\n\n\n<div class=\"wp-block-image\"><figure class=\"alignleft size-large\"><img decoding=\"async\" src=\"data:image\/jpeg;base64,\/9j\/4AAQSkZJRgABAQAAAQABAAD\/2wCEAAkGBxISEhUSEhIVFRUVFRUVFRUXFRUVEBUWFRUWFxUVFRYYHSggGBolGxUVITEhJSkrLi4uFx8zODMtNygtLisBCgoKDg0OFQ8QFSsdFR0rLSstKy0tLS0tKy0tLSsrLSstKysrLS0tNy0rKy0tKy0tKysrKzctLSstKysrLSstK\/\/AABEIAK4BIgMBIgACEQEDEQH\/xAAbAAACAwEBAQAAAAAAAAAAAAACAwEEBQAGB\/\/EAEEQAAEDAgQCCAMFBgQHAQAAAAEAAhEDIQQSMUFRYQUTInGBkaGxBsHwFDJCUtFicpKy4fEkNIKDFSMzQ3OTohb\/xAAZAQEBAQEBAQAAAAAAAAAAAAABAgADBAX\/xAAgEQEBAQACAgIDAQAAAAAAAAAAARECEhQhMUEDBBNx\/9oADAMBAAIRAxEAPwDSlS1yGF0LokTija0JBMIS8oZaqVEklJzIiVm0YcmOPZH7zvZn6qrKbUMMZzLz\/KPkszsyjMk5kJesk4lCXIWuXPWZOZQXIVzki1IKIPSQURKcaVDiluKJxSyskxr13WJcLkMeHJlMqsCmNcsdWgUYqKu16KUKWWuRSktciLlic1GkNcmtegmtMJ7HhViVDaizLjX3gK9Q71l03KyytCmxUbFADirn2gbLCZXTTitlFitatXFWWXiaspL8SVWfVTILR5lyRmXJwaznBQ1MclErokL0shG5LJSlEqC5dKhyzOLk\/GiKdHmx7vOrUA9GqqWrR+IaRaaDeGHpebszj6lBZuZRKWpBVI0YdCPPKTK6Vm0wlCShUFYJBU5lGUqMpWZJXSohdkPBZsWKFOV1XDwndH1BmDSN1qYjCjVRa6SemBkRZVbr0CLwq4CdHUARgpooyiFJZsA1WKdMlFTaBsrVIo04rvpQEdKiVcLQiD0aohjI1RdWITXEFFARrYqlqZSepc07IerKWFVdCAVCmxNiETWgLFXdUPBLeSrhhIrlaUK8lchzLlQA9yW5Q5yAuSHEoXKC5QsAlQHIlc6KwpqOIaJtJP4Wji46NHMrUxFPClxDQLkxG91rfGtKMRGwpsHkCqj+lKOHkUX9diACBUH+XpSIJv8AfMStn4e+J24in1OMaGPAy9YYdSfwJn7p+pXPVY8e6klupr1HTvQrqTs2X\/lnRwu3x4eKzDhOKew6sjIibSV9+Gi6CNk6nqq9UoFNaVOjuioYe+m615K6qnUkDRdklbvUNIiAqtTAXsp7nqoUMKJlXzhbHLEeqOjQOnNW3HZHYyMd+EI7QFxdarCC0EodUxuiNMhLqYKp18GNQrxKErQVVyQhLQjqyq77K4D2sB0RNEKq2vCn7WfBODT61WEo4hValSd0vMqnFN5L7cQnNrLOYUZrLXi05NJtZMZiAsd2IQGuUdD2a1TFBIdjFmGqUJcnoLyaDsYlPxZKo5l0qpxHZZ69cq0qU5Bq45qW4L0LuiOYVav0URpdcu8derDIUK5WwjgYgyoLGsvZzud2N8Pxnvt3p7J6kik1oD6pLWn7oF6r\/wBxuw\/aNu9IxmLqVBk\/6VLam0683u1c7v8ARE8EkuJJcdXG5Kmnh3OMBH+lVYwAQBC9p0ngW\/8ADaFQABzQ2\/EPcSQfGCqFD4fsC498L1fSOFH2GnT2HVjyUWxUleY6C6aq0RkPbpmxY64jlw9lrO6PpVhmw+uppOs4fuzqFTbhWjZMYIMi0cFN5KkV3YTUEQeB1Co4jBwvRHGB4iqM3B4gVB37O8Uqpgpu1wc3juO9puPZGnHn6AI1GqtUmH8K1W4IcAmtoQbQjsZwZlInfVMDZV+tRHBKqUoFkabFUhR1YUuBS3PVRIjC5z+CQai6VSdE4KCozIVm0WVVqlEKwSk1ncEwVTrU1VcFZqOVZ5XWOXIBUSpKBWkQK5QFycCUJRICtCgldKmFORIApylMbTT22U2mRX6l3BQrmZctqsj2LigpazrfTdXXYcFHTwzQvHr1YpYnA9ZJMA8BoP1WTW6BJ0K9M8hLZfREtjZrzR+Gn8UTOhi3VeoNQ7ghIeLXT3o6RRFhC2ukW\/4Vn+38ljvW30mP8MP9v3C0FedIQlOLUtzUEsp9IQlBqZKzRYD1Jeq+ZEFKtNaZROKR1gCU6qnG0yrBWdiWK0XJNSCqiKprpU1BwSpVoHK4uQ5kDnLMJ9RJc4KHlLhXIkL0ktTnBLKsUp4SymkIXNVSueFyplQQgcVYMzLilBynMtjaYEQhVy9Qal0Y2rrXIXlVRVK41UdTqx1q5Vc65ODX1AORZkFVkbyuBEXXhe4h9XYqaFSLpeJZF9ihD0pXTXlKqPVd9SAqjsQeKOp1eyrZ6XP+H\/8AX\/MF5V+JtC9P046MNP8A4\/cKsTawnPS5SDUUCsjGWZUEpBqoTUWwrLSuL+KTQOsLn1eSzCeQl5kBqoHOlODTXPSnOSXOQmqnBamq9I6xGXyq72qomjNRCXc0hzYSnOKuRJ7ioLlX6xcaicGrBNksoOtS3VE4LRvKBzkpz0GZXIi0ZcgJUErlSUFcihdlWYshdCcuWbCYXQmwFMBYYVC5Ohctp6vq1LAiZJKmvgJEArHb0m4KxT6XMXXzevJ79g\/sJFiRbn8lXqUoQV8YHbeKH7RbUq5renOpSlPwYO903rQgqP5rbQz3UzcAL1fxAD9mgazT9wsNhjeVv9Puih\/qZ7qtRY8bcbFLc\/itI4q1gklwdZw7it2OM81lwrp9Sg3YpT8PwVROUbK\/epdXKUGnu8VFTMNkFLqwSjW4IHVOKXnCqRNWeslLek9aEJrJxJuZSXqsaq7OqxhuclVFDnoC5ODXIFxKiFUTUEoZXEoZVIcUKmVCRUhTKFSkJlcXKFyCiVEqQmME2Ak6d52WtM4lx9d6JoPBXMbAqOH5Tl\/h7PySs6OyupWQ8CuT+sXI2tjezlIxnSDaTc7zAkDjqQPmvI0vjQiplcAWgPkxc27N+EyFm\/EHxIcRDWgsbGk6nfyXk\/pMddfS+sIAPEn0j9fdB9q4LwXQ\/wATOY1jXkFrKTmAftXLSZ7g1Vf\/ANRVFMgG8l0\/vAyOdzKP68W19Eb0kC5zIuA1095cCPQKKuODYkgSYHM8F83wHTrxUbULpJbB8APPvVrpjph1bLEBoDT3OEGdVP8AXjh2vbjphuTPm7Nx5Ej5L2vxXiQzCl50BYfBfCaeKdDhJh0SOQM29V634j+J3VMB9nMucXXdByubqLHTl+6ifmlLepdLsBAgSRI4wIkjzCbV6Tnb0uvnOE6SvTdtTp5eEns2jwWhhumXB0uu1zpndo2AjzW\/pw323avVvxEqabiV5mp00BWaA6WFpk89vrmq2A6YPW1HEyHNJA27GgCq\/l4T1ole2p4eSZOgnyQ1CF5vo\/4ilzc5gFrgeElhy3O0ynV+mGAi8g5pM2GVbjz437OtdzgluYBa3NZn\/E2S2HAzfUW4TwTsTim5vvt\/DuNwI911mX4qbVl7R+UIMVhgwNP52h0cNtecE+ISHV25B2hOY7jcD9FOMxjSyn222aRqLQ4x6KoNKJ5KCUg4pn52\/wAQXfaGfnb5hdJiNNJQEoq+VsDOwy0Os4H72x56pafQtPwlHO4NzAEzqCbASdOQKnHFoIa0WAmd3E7ny02v3mOj3RUHc71Y4KekvvkdxH+poKPs\/SpKhE1PxuGDCBJuA6I0DtATNyq1CqVIFie4eJ\/sVBV\/BumjWbDbBj5gZrPDSAddHnyWtwyKK5cuCdCQulOxWHLCATMta4a6OEieaSjSljSdAtLoak0VmOc4dlwdlAc9xy9r8IiLXvos2Vp\/DX+apA6F2X+JpHzRyquKjWa5pIdrqTqDP4gdweKFso6VWBkeJA0\/M075eXL21UOsbEEbEb\/p3LQ1MHguUZiuWD51i2CMwdy81Wp1JHnqmVakyI4RxsoFDK3YngF8yLSHmAPNMtHmq08+7ipa7URJ9VmWRU7NucclZwzpbBnSw4KhltGmsq3gSSCQY8oMaKeUMWrQJ3MKc5\/N2dQ3QToFWxTC0CL6k8bjUz4omPgTY6eigrfR1QCW68Ym0nfj4KwXdrLm\/UmRF9Aspjy0lwNpmP2dLnYK1h8U0ublFp157X77KeUZsOotNiYLQJi3EC5VUVQXAQBa0eo9Ut9TtzmuYkHusBx03SBMh37Ufd1JyyO+6jqy0D2xwO3Eg6+cKKpBBJ2meM7woe2C4\/dGom5G5jlMJzcpAcTM8NII0PPihWFB8BrdCIuOeg8k6qMwneR5N09vRKZTGado1Bm30CnUYE2tFiSTJPft+qe1nwMLNduXNH1MJLqg2hW6ga6Q4EA3tBmNlAwub7kcibERaD6rt+P9jPlNilm5rpWiOjLaA8b6GEDejeIgRrN5+S6+XwRikuDyNCR4p\/2Zo1XGhESL8tLbKvK4t1TRx9VpBa820mD7rV6Yq1esGU2NKidt6TCVkikCOcj12VjEYg1CD90tpsZHEU2hk8jZPkw9T6detuGlPq9JVHQXM0ESO8mfVZzKjz+Kb+B5JhxJESd\/ZbyG6rbcXP4SPBaGCrty1QbZqYDdbuFSm72BWQcbA+vNGcdqLa9y3k1uq9K4OVAY6NR9FE3GiYPgq8mt1a+MxIfkM3FMNOtiHPgfw5VWLgqTsQOfdKWMYCND8vrRM\/YrXivmoOKvdA4hoxNEz\/3af8wWB108fSEeFxgY9r4nK4O1jQz8lvJaRr9JOa2tVbOlR40OzikCszj6FVelekBVrVKgZAe9z4m4zGYMKr12lvU+S3kyNY1vtDOPoVyyet5LlvJjY8k5uW4In1UdYJmYJ1HyBQirJI225pFRsG+xkLzyFbp0xMkQe+fRTWbJ0n+ZBSkwLX81cp5Z1IgqbbFF08GXiT2TcXsDpqrdKnlbcRoIkEf2STigCDqDzTnvt9e6m20QwsBBg+\/kgo4JtNoLgXHnGW\/JBQqCDMAfNRVxjohR7+CdisBm7bWxFywWmLSBoUGFa77obkAkWgERIJJFz6peFrzAzeMq7VxF4nkeJ+rrbcwC6qkQRBkkXEbb6JzKUGTEAQDIdMxJM72Co0e0ZDogaWiJnghNUgkyeHhP6qfbRptE7g6E6gxM6jT+isOYbCwvsbaalZXXwbTqLze3sOSNuMOXWQNdjoeJ+pR11XZbrMa0gGQ7QZeB5jZLqkNJN9hAvHfw2SsNic8gOsPYbGIRGu0OjNHKB779ycwyuB7MAam5tYnVKwtfK43kHWdOVuchFWqgSZ2mPJLDxHfpyQk7EY5wAgkye7XZaeHxmYCfe\/f3rBqtm0840In370+k+ARY+g7+aLxjWNOk\/OMzWzc+e0cdvJHTEXIIPPbjYrK6GxREtBBEl3E8D9d61HYiRM2tHtB46qeXGytB9WJmx5zv3cf0SquHBMjXQ85ugBLovEHh6+6miJJk+EmDP9lsq8Q3DAtJEi5O2sbJFaiYaReSLxx3KvMIkt00OpGvNES1mp8jz4rTkMZtSSAADrr3KGzNxO319brS6sMlzbzpwFo14W9FWrAQXW8xAJ9rKpyGK7QZubR42m\/ip1JgXjx7vNcDcRuMs+gUk3+psE6EN8zYGLBBhT2csyRJnaLxKNriMwjc7xpcqrmyuD+I7XHS3fdb2ZF9tu46dyAX+6d7ieSOlUtHdrrsSPRQ6rIkA73AGsqZacL6y5O4HDcJdQ9owY\/F3WvYoaVeDM2ntR+Ig3P9Eio3Kc3gYNrAzbY7Kxi6H\/VlyrDPs0\/XioR7bHmqgyuiVepWAv38IKq0rlMrOXptSs0nN1Ejje36oX1CBa\/P+6q03Qiqu46eqPtksfIufZWOttA333VNz2jQH2Uvdbh3FbNZae4kCR3whjnsgcbDid0JnijCZSdt7K3UcqFIwVbNx9BFjLTH2+vJIc+\/9RbwS21on5IG1hJtp3XstjLWbmhqONiIjf8AWEhj5PhKNp5IxlvDVrEx3wNRt7+ir1Ac1tfdCwwLWBJAA5cUylJNostTIs4i7Y9ze6TTeMo7+fFNIMbeVwQkg5bkAgiIUfRsxbJF9rE+motdKou0Bta7ROaTx5RCptxMAngdORTHvyw68mTPEW180yMZhzD5tJsLzJjy0+a1w4Ft9IsNrnhvccVl0H2kauDSTx4Ejin4aqZvwEKefy2LUxBAseOpnhv\/AGU1iZnSdNuGkqWscDrYT3oRVJOUyZ0nTkdOSgrDnggEDTeYPNJxDuVvKEuhVElt5BE6AcAoqibN1kX0+tESe2MoOcRlBgbHYc5U0zIcwuBMWk9kHjoOOyQ1p3iZi2nn4rRpYQyHyBIiMokxxdrCdwVnN+9AIF4BtG0QPrdFiauUEQZg8bwUQpA1CLDjYReeXJDiG3g7yRGsDmnUgbJYAey4yP2Tw0t4qKAMZfUTa2okf0UYu0flvaL2OtrFBQ1kF3anWD93a4sLK5PSotscyNz2dZnv+uaTQjSDIvfj9Qg6qN4hs7aWsNvRWGUWluYk9o34377Ln6gtVnNEzq1+p2m2kI2VJEhpGrTYgydPcpuJpupXkER3Ovx8l2RpF80Gd9NotZVo1nmoOP8A9FcrY6LGzz\/C1SnYdf\/Z\" alt=\"\"\/><\/figure><\/div>\n\n\n\n<p><strong>80 \u00e9oliennes fonctionnent d\u00e9j\u00e0 dans un rayon de 5 kms autour des Moussels et 18 de plus sont d\u00e9j\u00e0 autoris\u00e9es ou en instruction <\/strong>&#8230; Plus de 100 machines dans un rayon de 10 kms&nbsp;! <strong>Un repowering<\/strong> <strong>de la centrale du Haut-Cabard\u00e8s et de<\/strong> <strong>Cuxac-Cabard\u00e8s<\/strong> est programm\u00e9 avec des machines de 150 m\u00e8tres de haut et 4 MW de puissance unitaire.<strong> <\/strong><\/p>\n\n\n\n<p><strong>Inacceptable<\/strong><\/p>\n\n\n\n<ul class=\"wp-block-list\"><li>Pour C\u00e9cile BENAZETH et Camille LASSALLE, jeunes agriculteurs de la ferme des Moussels qui verraient leur ressource en eau menac\u00e9e et les nuisances sonores doubl\u00e9es <\/li><li>Pour les habitants des hameaux de Saint-Saraille et du Cun, Les Rousses, La Calmille,<strong> &#8230;<\/strong> qui en subiraient les nuisances sonores.<\/li><li>Pour tous ceux qui souhaitent un cadre de vie, des paysages, une biodiversit\u00e9 sauvegard\u00e9s, sans destruction d\u2019esp\u00e8ces prot\u00e9g\u00e9es, sans nuisances sonores jour et nuit, sans flashs rouges lumineux la nuit, sans avoir leur horizon barr\u00e9 par ces machines et leur sant\u00e9 menac\u00e9e par les basses fr\u00e9quences qu\u2019elles \u00e9mettent.<\/li><\/ul>\n\n\n\n<h2 class=\"has-text-align-center has-background wp-block-heading\" style=\"background-color:#5bc65f\"><strong>Votre soutien est indispensable pour <br>que ce projet ne voit pas le jour&nbsp;!<\/strong><\/h2>\n\n\n\n<p><strong>Signez la p\u00e9tition en ligne sur mesopinions.com&nbsp;: <\/strong><a href=\"https:\/\/www.mesopinions.com\/petition\/nature-environnement\/ostwind-projet\/128212\" target=\"_blank\" rel=\"noreferrer noopener\"><strong>Ostwind, le projet de trop<\/strong>&nbsp;!<\/a><\/p>\n\n\n\n<p><strong>Exprimez massivement votre opposition \u00e0 ce projet en vous d\u00e9pla\u00e7ant pour rencontrer le commissaire-enqu\u00eateur<\/strong>&nbsp;qui se tiendra \u00e0 la disposition du public \u00e0 la Mairie des MARTYS &#8211; 4, rue de la Mairie -11390 Les Martys<\/p>\n\n\n\n<ul class=\"wp-block-list\"><li>Jeudi 25 f\u00e9vrier 2021 de 08h30 \u00e0 11h30<\/li><li>Vendredi 5 mars 2021 de 14h00 \u00e0 17h00<\/li><li>Jeudi 11 mars 2021 de 08h30 \u00e0 11h30<\/li><li>Lundi 22 mars 2021 de 14h00 \u00e0 17h00<\/li><li>Lundi 29 mars 2021 de 14h00 \u00e0 17h00<\/li><\/ul>\n\n\n\n<p><strong>&nbsp;Ou bien en adressant un courriel<\/strong> \u00e0 l\u2019attention du commissaire-enqu\u00eateur \u00e0 l\u2019adresse suivante&nbsp;:&nbsp;<a href=\"mailto:pref-eolien-lesmartys@aude.gouv.fr\">pref-eolien-lesmartys@aude.gouv.fr<\/a> &nbsp;entre le 25 f\u00e9vrier et le 29 mars 2021<\/p>\n\n\n\n<p>Association Vent mauvais 06 10 66 54 00 <a href=\"mailto:ventmauvais.association@outlook.com\">ventmauvais.association@outlook.com<\/a><br>Rejoignez-nous sur Facebook&nbsp;: <a href=\"https:\/\/www.facebook.com\/Association-Vent-mauvais-2130416263742596\/?view_public_for=2130416263742596\">https:\/\/www.facebook.com\/Association-Vent-mauvais-2130416263742596\/?view_public_for=2130416263742596<\/a><\/p>\n","protected":false},"excerpt":{"rendered":"<p>L&rsquo;association audoise Vent Mauvais a besoin de nous ! 4 \u00e9oliennes de 125 m\u00e8tres de haut et 3 MW de puissance unitaire plant\u00e9es sur le pic de la Garnison, commune des Martys, sur des terrains aujourd\u2019hui en zone naturelle stricte, c\u2019est inacceptable. La Montagne Noire est d\u00e9j\u00e0 satur\u00e9e de machines qui d\u00e9truisent le cadre de &#8230; <a title=\"Ostwind aux Martys (11) : le projet de trop\" class=\"read-more\" href=\"https:\/\/toutesnosenergies.fr\/index.php\/2021\/03\/01\/ostwind-aux-martys-11-le-projet-de-trop\/\" aria-label=\"Plus sur Ostwind aux Martys (11) : le projet de trop\">Lire plus<\/a><\/p>\n","protected":false},"author":3,"featured_media":0,"comment_status":"open","ping_status":"open","sticky":false,"template":"","format":"standard","meta":{"_cbd_carousel_blocks":"[]","sfsi_plus_gutenberg_text_before_share":"","sfsi_plus_gutenberg_show_text_before_share":"","sfsi_plus_gutenberg_icon_type":"","sfsi_plus_gutenberg_icon_alignemt":"","sfsi_plus_gutenburg_max_per_row":"","footnotes":""},"categories":[8],"tags":[],"class_list":["post-5414","post","type-post","status-publish","format-standard","hentry","category-communiques-associations"],"yoast_head":"<!-- This site is optimized with the Yoast SEO plugin v27.4 - https:\/\/yoast.com\/product\/yoast-seo-wordpress\/ -->\n<title>Ostwind aux Martys (11) : le projet de trop - Toutes Nos \u00c9nergies \u2013 Occitanie Environnement<\/title>\n<meta name=\"robots\" content=\"index, follow, max-snippet:-1, max-image-preview:large, max-video-preview:-1\" \/>\n<link rel=\"canonical\" href=\"https:\/\/toutesnosenergies.fr\/index.php\/2021\/03\/01\/ostwind-aux-martys-11-le-projet-de-trop\/\" \/>\n<meta property=\"og:locale\" content=\"fr_FR\" \/>\n<meta property=\"og:type\" content=\"article\" \/>\n<meta property=\"og:title\" content=\"Ostwind aux Martys (11) : le projet de trop - Toutes Nos \u00c9nergies \u2013 Occitanie Environnement\" \/>\n<meta property=\"og:description\" content=\"L&rsquo;association audoise Vent Mauvais a besoin de nous ! 4 \u00e9oliennes de 125 m\u00e8tres de haut et 3 MW de puissance unitaire plant\u00e9es sur le pic de la Garnison, commune des Martys, sur des terrains aujourd\u2019hui en zone naturelle stricte, c\u2019est inacceptable. La Montagne Noire est d\u00e9j\u00e0 satur\u00e9e de machines qui d\u00e9truisent le cadre de ... Lire plus\" \/>\n<meta property=\"og:url\" content=\"https:\/\/toutesnosenergies.fr\/index.php\/2021\/03\/01\/ostwind-aux-martys-11-le-projet-de-trop\/\" \/>\n<meta property=\"og:site_name\" content=\"Toutes Nos \u00c9nergies \u2013 Occitanie Environnement\" \/>\n<meta property=\"article:publisher\" content=\"https:\/\/www.facebook.com\/TNEtoutesnosenergiesOccitanieEnvironnement\" \/>\n<meta property=\"article:published_time\" content=\"2021-03-01T17:18:48+00:00\" \/>\n<meta property=\"article:modified_time\" content=\"2021-03-01T17:36:08+00:00\" \/>\n<meta name=\"author\" content=\"WM81\" \/>\n<meta name=\"twitter:card\" content=\"summary_large_image\" \/>\n<meta name=\"twitter:label1\" content=\"\u00c9crit par\" \/>\n\t<meta name=\"twitter:data1\" content=\"WM81\" \/>\n\t<meta name=\"twitter:label2\" content=\"Dur\u00e9e de lecture estim\u00e9e\" \/>\n\t<meta name=\"twitter:data2\" content=\"2 minutes\" \/>\n<script type=\"application\/ld+json\" class=\"yoast-schema-graph\">{\"@context\":\"https:\\\/\\\/schema.org\",\"@graph\":[{\"@type\":\"Article\",\"@id\":\"https:\\\/\\\/toutesnosenergies.fr\\\/index.php\\\/2021\\\/03\\\/01\\\/ostwind-aux-martys-11-le-projet-de-trop\\\/#article\",\"isPartOf\":{\"@id\":\"https:\\\/\\\/toutesnosenergies.fr\\\/index.php\\\/2021\\\/03\\\/01\\\/ostwind-aux-martys-11-le-projet-de-trop\\\/\"},\"author\":{\"name\":\"WM81\",\"@id\":\"https:\\\/\\\/toutesnosenergies.fr\\\/#\\\/schema\\\/person\\\/83b429b7810ce59e0a21afb7e0b3cb1c\"},\"headline\":\"Ostwind aux Martys (11) : le projet de trop\",\"datePublished\":\"2021-03-01T17:18:48+00:00\",\"dateModified\":\"2021-03-01T17:36:08+00:00\",\"mainEntityOfPage\":{\"@id\":\"https:\\\/\\\/toutesnosenergies.fr\\\/index.php\\\/2021\\\/03\\\/01\\\/ostwind-aux-martys-11-le-projet-de-trop\\\/\"},\"wordCount\":394,\"commentCount\":0,\"publisher\":{\"@id\":\"https:\\\/\\\/toutesnosenergies.fr\\\/#organization\"},\"articleSection\":[\"Communiqu\u00e9s des associations\"],\"inLanguage\":\"fr-FR\",\"potentialAction\":[{\"@type\":\"CommentAction\",\"name\":\"Comment\",\"target\":[\"https:\\\/\\\/toutesnosenergies.fr\\\/index.php\\\/2021\\\/03\\\/01\\\/ostwind-aux-martys-11-le-projet-de-trop\\\/#respond\"]}]},{\"@type\":\"WebPage\",\"@id\":\"https:\\\/\\\/toutesnosenergies.fr\\\/index.php\\\/2021\\\/03\\\/01\\\/ostwind-aux-martys-11-le-projet-de-trop\\\/\",\"url\":\"https:\\\/\\\/toutesnosenergies.fr\\\/index.php\\\/2021\\\/03\\\/01\\\/ostwind-aux-martys-11-le-projet-de-trop\\\/\",\"name\":\"Ostwind aux Martys (11) : le projet de trop - Toutes Nos \u00c9nergies \u2013 Occitanie Environnement\",\"isPartOf\":{\"@id\":\"https:\\\/\\\/toutesnosenergies.fr\\\/#website\"},\"datePublished\":\"2021-03-01T17:18:48+00:00\",\"dateModified\":\"2021-03-01T17:36:08+00:00\",\"breadcrumb\":{\"@id\":\"https:\\\/\\\/toutesnosenergies.fr\\\/index.php\\\/2021\\\/03\\\/01\\\/ostwind-aux-martys-11-le-projet-de-trop\\\/#breadcrumb\"},\"inLanguage\":\"fr-FR\",\"potentialAction\":[{\"@type\":\"ReadAction\",\"target\":[\"https:\\\/\\\/toutesnosenergies.fr\\\/index.php\\\/2021\\\/03\\\/01\\\/ostwind-aux-martys-11-le-projet-de-trop\\\/\"]}]},{\"@type\":\"BreadcrumbList\",\"@id\":\"https:\\\/\\\/toutesnosenergies.fr\\\/index.php\\\/2021\\\/03\\\/01\\\/ostwind-aux-martys-11-le-projet-de-trop\\\/#breadcrumb\",\"itemListElement\":[{\"@type\":\"ListItem\",\"position\":1,\"name\":\"Accueil\",\"item\":\"https:\\\/\\\/toutesnosenergies.fr\\\/\"},{\"@type\":\"ListItem\",\"position\":2,\"name\":\"Ostwind aux Martys (11) : le projet de trop\"}]},{\"@type\":\"WebSite\",\"@id\":\"https:\\\/\\\/toutesnosenergies.fr\\\/#website\",\"url\":\"https:\\\/\\\/toutesnosenergies.fr\\\/\",\"name\":\"Toutes Nos \u00c9nergies \u2013 Occitanie Environnement\",\"description\":\"Pour une \u00e9nergie respectueuse du vivant et des territoires ruraux en Occitanie\",\"publisher\":{\"@id\":\"https:\\\/\\\/toutesnosenergies.fr\\\/#organization\"},\"potentialAction\":[{\"@type\":\"SearchAction\",\"target\":{\"@type\":\"EntryPoint\",\"urlTemplate\":\"https:\\\/\\\/toutesnosenergies.fr\\\/?s={search_term_string}\"},\"query-input\":{\"@type\":\"PropertyValueSpecification\",\"valueRequired\":true,\"valueName\":\"search_term_string\"}}],\"inLanguage\":\"fr-FR\"},{\"@type\":\"Organization\",\"@id\":\"https:\\\/\\\/toutesnosenergies.fr\\\/#organization\",\"name\":\"Toutes Nos \u00c9nergies \u2013 Occitanie Environnement\",\"url\":\"https:\\\/\\\/toutesnosenergies.fr\\\/\",\"logo\":{\"@type\":\"ImageObject\",\"inLanguage\":\"fr-FR\",\"@id\":\"https:\\\/\\\/toutesnosenergies.fr\\\/#\\\/schema\\\/logo\\\/image\\\/\",\"url\":\"https:\\\/\\\/toutesnosenergies.fr\\\/wp-content\\\/uploads\\\/2023\\\/01\\\/Petit-logo.png\",\"contentUrl\":\"https:\\\/\\\/toutesnosenergies.fr\\\/wp-content\\\/uploads\\\/2023\\\/01\\\/Petit-logo.png\",\"width\":360,\"height\":102,\"caption\":\"Toutes Nos \u00c9nergies \u2013 Occitanie Environnement\"},\"image\":{\"@id\":\"https:\\\/\\\/toutesnosenergies.fr\\\/#\\\/schema\\\/logo\\\/image\\\/\"},\"sameAs\":[\"https:\\\/\\\/www.facebook.com\\\/TNEtoutesnosenergiesOccitanieEnvironnement\"]},{\"@type\":\"Person\",\"@id\":\"https:\\\/\\\/toutesnosenergies.fr\\\/#\\\/schema\\\/person\\\/83b429b7810ce59e0a21afb7e0b3cb1c\",\"name\":\"WM81\",\"image\":{\"@type\":\"ImageObject\",\"inLanguage\":\"fr-FR\",\"@id\":\"https:\\\/\\\/secure.gravatar.com\\\/avatar\\\/aa9bf2bd97a7297274c53294f09e800c7ee0d88290f959d5d49f9380299b9ff1?s=96&d=mm&r=g\",\"url\":\"https:\\\/\\\/secure.gravatar.com\\\/avatar\\\/aa9bf2bd97a7297274c53294f09e800c7ee0d88290f959d5d49f9380299b9ff1?s=96&d=mm&r=g\",\"contentUrl\":\"https:\\\/\\\/secure.gravatar.com\\\/avatar\\\/aa9bf2bd97a7297274c53294f09e800c7ee0d88290f959d5d49f9380299b9ff1?s=96&d=mm&r=g\",\"caption\":\"WM81\"},\"sameAs\":[\"http:\\\/\\\/toutesnosenergies.fr\"],\"url\":\"https:\\\/\\\/toutesnosenergies.fr\\\/index.php\\\/author\\\/wm81\\\/\"}]}<\/script>\n<!-- \/ Yoast SEO plugin. -->","yoast_head_json":{"title":"Ostwind aux Martys (11) : le projet de trop - Toutes Nos \u00c9nergies \u2013 Occitanie Environnement","robots":{"index":"index","follow":"follow","max-snippet":"max-snippet:-1","max-image-preview":"max-image-preview:large","max-video-preview":"max-video-preview:-1"},"canonical":"https:\/\/toutesnosenergies.fr\/index.php\/2021\/03\/01\/ostwind-aux-martys-11-le-projet-de-trop\/","og_locale":"fr_FR","og_type":"article","og_title":"Ostwind aux Martys (11) : le projet de trop - Toutes Nos \u00c9nergies \u2013 Occitanie Environnement","og_description":"L&rsquo;association audoise Vent Mauvais a besoin de nous ! 4 \u00e9oliennes de 125 m\u00e8tres de haut et 3 MW de puissance unitaire plant\u00e9es sur le pic de la Garnison, commune des Martys, sur des terrains aujourd\u2019hui en zone naturelle stricte, c\u2019est inacceptable. La Montagne Noire est d\u00e9j\u00e0 satur\u00e9e de machines qui d\u00e9truisent le cadre de ... Lire plus","og_url":"https:\/\/toutesnosenergies.fr\/index.php\/2021\/03\/01\/ostwind-aux-martys-11-le-projet-de-trop\/","og_site_name":"Toutes Nos \u00c9nergies \u2013 Occitanie Environnement","article_publisher":"https:\/\/www.facebook.com\/TNEtoutesnosenergiesOccitanieEnvironnement","article_published_time":"2021-03-01T17:18:48+00:00","article_modified_time":"2021-03-01T17:36:08+00:00","author":"WM81","twitter_card":"summary_large_image","twitter_misc":{"\u00c9crit par":"WM81","Dur\u00e9e de lecture estim\u00e9e":"2 minutes"},"schema":{"@context":"https:\/\/schema.org","@graph":[{"@type":"Article","@id":"https:\/\/toutesnosenergies.fr\/index.php\/2021\/03\/01\/ostwind-aux-martys-11-le-projet-de-trop\/#article","isPartOf":{"@id":"https:\/\/toutesnosenergies.fr\/index.php\/2021\/03\/01\/ostwind-aux-martys-11-le-projet-de-trop\/"},"author":{"name":"WM81","@id":"https:\/\/toutesnosenergies.fr\/#\/schema\/person\/83b429b7810ce59e0a21afb7e0b3cb1c"},"headline":"Ostwind aux Martys (11) : le projet de trop","datePublished":"2021-03-01T17:18:48+00:00","dateModified":"2021-03-01T17:36:08+00:00","mainEntityOfPage":{"@id":"https:\/\/toutesnosenergies.fr\/index.php\/2021\/03\/01\/ostwind-aux-martys-11-le-projet-de-trop\/"},"wordCount":394,"commentCount":0,"publisher":{"@id":"https:\/\/toutesnosenergies.fr\/#organization"},"articleSection":["Communiqu\u00e9s des associations"],"inLanguage":"fr-FR","potentialAction":[{"@type":"CommentAction","name":"Comment","target":["https:\/\/toutesnosenergies.fr\/index.php\/2021\/03\/01\/ostwind-aux-martys-11-le-projet-de-trop\/#respond"]}]},{"@type":"WebPage","@id":"https:\/\/toutesnosenergies.fr\/index.php\/2021\/03\/01\/ostwind-aux-martys-11-le-projet-de-trop\/","url":"https:\/\/toutesnosenergies.fr\/index.php\/2021\/03\/01\/ostwind-aux-martys-11-le-projet-de-trop\/","name":"Ostwind aux Martys (11) : le projet de trop - Toutes Nos \u00c9nergies \u2013 Occitanie Environnement","isPartOf":{"@id":"https:\/\/toutesnosenergies.fr\/#website"},"datePublished":"2021-03-01T17:18:48+00:00","dateModified":"2021-03-01T17:36:08+00:00","breadcrumb":{"@id":"https:\/\/toutesnosenergies.fr\/index.php\/2021\/03\/01\/ostwind-aux-martys-11-le-projet-de-trop\/#breadcrumb"},"inLanguage":"fr-FR","potentialAction":[{"@type":"ReadAction","target":["https:\/\/toutesnosenergies.fr\/index.php\/2021\/03\/01\/ostwind-aux-martys-11-le-projet-de-trop\/"]}]},{"@type":"BreadcrumbList","@id":"https:\/\/toutesnosenergies.fr\/index.php\/2021\/03\/01\/ostwind-aux-martys-11-le-projet-de-trop\/#breadcrumb","itemListElement":[{"@type":"ListItem","position":1,"name":"Accueil","item":"https:\/\/toutesnosenergies.fr\/"},{"@type":"ListItem","position":2,"name":"Ostwind aux Martys (11) : le projet de trop"}]},{"@type":"WebSite","@id":"https:\/\/toutesnosenergies.fr\/#website","url":"https:\/\/toutesnosenergies.fr\/","name":"Toutes Nos \u00c9nergies \u2013 Occitanie Environnement","description":"Pour une \u00e9nergie respectueuse du vivant et des territoires ruraux en Occitanie","publisher":{"@id":"https:\/\/toutesnosenergies.fr\/#organization"},"potentialAction":[{"@type":"SearchAction","target":{"@type":"EntryPoint","urlTemplate":"https:\/\/toutesnosenergies.fr\/?s={search_term_string}"},"query-input":{"@type":"PropertyValueSpecification","valueRequired":true,"valueName":"search_term_string"}}],"inLanguage":"fr-FR"},{"@type":"Organization","@id":"https:\/\/toutesnosenergies.fr\/#organization","name":"Toutes Nos \u00c9nergies \u2013 Occitanie Environnement","url":"https:\/\/toutesnosenergies.fr\/","logo":{"@type":"ImageObject","inLanguage":"fr-FR","@id":"https:\/\/toutesnosenergies.fr\/#\/schema\/logo\/image\/","url":"https:\/\/toutesnosenergies.fr\/wp-content\/uploads\/2023\/01\/Petit-logo.png","contentUrl":"https:\/\/toutesnosenergies.fr\/wp-content\/uploads\/2023\/01\/Petit-logo.png","width":360,"height":102,"caption":"Toutes Nos \u00c9nergies \u2013 Occitanie Environnement"},"image":{"@id":"https:\/\/toutesnosenergies.fr\/#\/schema\/logo\/image\/"},"sameAs":["https:\/\/www.facebook.com\/TNEtoutesnosenergiesOccitanieEnvironnement"]},{"@type":"Person","@id":"https:\/\/toutesnosenergies.fr\/#\/schema\/person\/83b429b7810ce59e0a21afb7e0b3cb1c","name":"WM81","image":{"@type":"ImageObject","inLanguage":"fr-FR","@id":"https:\/\/secure.gravatar.com\/avatar\/aa9bf2bd97a7297274c53294f09e800c7ee0d88290f959d5d49f9380299b9ff1?s=96&d=mm&r=g","url":"https:\/\/secure.gravatar.com\/avatar\/aa9bf2bd97a7297274c53294f09e800c7ee0d88290f959d5d49f9380299b9ff1?s=96&d=mm&r=g","contentUrl":"https:\/\/secure.gravatar.com\/avatar\/aa9bf2bd97a7297274c53294f09e800c7ee0d88290f959d5d49f9380299b9ff1?s=96&d=mm&r=g","caption":"WM81"},"sameAs":["http:\/\/toutesnosenergies.fr"],"url":"https:\/\/toutesnosenergies.fr\/index.php\/author\/wm81\/"}]}},"_links":{"self":[{"href":"https:\/\/toutesnosenergies.fr\/index.php\/wp-json\/wp\/v2\/posts\/5414","targetHints":{"allow":["GET"]}}],"collection":[{"href":"https:\/\/toutesnosenergies.fr\/index.php\/wp-json\/wp\/v2\/posts"}],"about":[{"href":"https:\/\/toutesnosenergies.fr\/index.php\/wp-json\/wp\/v2\/types\/post"}],"author":[{"embeddable":true,"href":"https:\/\/toutesnosenergies.fr\/index.php\/wp-json\/wp\/v2\/users\/3"}],"replies":[{"embeddable":true,"href":"https:\/\/toutesnosenergies.fr\/index.php\/wp-json\/wp\/v2\/comments?post=5414"}],"version-history":[{"count":5,"href":"https:\/\/toutesnosenergies.fr\/index.php\/wp-json\/wp\/v2\/posts\/5414\/revisions"}],"predecessor-version":[{"id":5423,"href":"https:\/\/toutesnosenergies.fr\/index.php\/wp-json\/wp\/v2\/posts\/5414\/revisions\/5423"}],"wp:attachment":[{"href":"https:\/\/toutesnosenergies.fr\/index.php\/wp-json\/wp\/v2\/media?parent=5414"}],"wp:term":[{"taxonomy":"category","embeddable":true,"href":"https:\/\/toutesnosenergies.fr\/index.php\/wp-json\/wp\/v2\/categories?post=5414"},{"taxonomy":"post_tag","embeddable":true,"href":"https:\/\/toutesnosenergies.fr\/index.php\/wp-json\/wp\/v2\/tags?post=5414"}],"curies":[{"name":"wp","href":"https:\/\/api.w.org\/{rel}","templated":true}]}}