{"id":5767,"date":"2021-03-29T13:45:06","date_gmt":"2021-03-29T11:45:06","guid":{"rendered":"https:\/\/toutesnosenergies.fr\/?p=5767"},"modified":"2021-04-01T15:36:11","modified_gmt":"2021-04-01T13:36:11","slug":"a-tuchan-pyrenees-orientales-linstruction-pour-le-repowering-de-15-eoliennes-est-suspendue","status":"publish","type":"post","link":"https:\/\/toutesnosenergies.fr\/index.php\/2021\/03\/29\/a-tuchan-pyrenees-orientales-linstruction-pour-le-repowering-de-15-eoliennes-est-suspendue\/","title":{"rendered":"\u00c0 Tuchan (Aude)  l\u2019instruction pour le repowering de 15 \u00e9oliennes est suspendue !"},"content":{"rendered":"\n<p class=\"has-black-color has-text-color has-background\" style=\"background-color:#c3ecad\">Nous avons appris dans l\u2019Ind\u00e9pendant que la pr\u00e9f\u00e8te de l\u2019Aude avait suspendu l\u2019instruction du permis de construire visant \u00e0 remplacer 15 \u00e9oliennes et \u00e0\u00ab&nbsp;booster&nbsp;\u00bb leur production. Cinq \u00e9oliennes avaient \u00e9t\u00e9 autoris\u00e9es en 1996 pour Tuchan 1, et 10 en 2000 pour Tuchan 2.<\/p>\n\n\n\n<p>Le 26f\u00e9vrier, la pr\u00e9f\u00e8te demande donc d\u2019interrompre l\u2019instruction et prescrit une \u00e9valuation des incidences Natura 2000 de ces centrales \u00e9oliennes.<\/p>\n\n\n\n<div class=\"wp-block-image\"><figure class=\"alignleft size-large is-resized\"><img loading=\"lazy\" decoding=\"async\" src=\"https:\/\/toutesnosenergies.fr\/wp-content\/uploads\/2021\/03\/image.png\" alt=\"\" class=\"wp-image-5771\" width=\"208\" height=\"556\" srcset=\"https:\/\/toutesnosenergies.fr\/wp-content\/uploads\/2021\/03\/image.png 285w, https:\/\/toutesnosenergies.fr\/wp-content\/uploads\/2021\/03\/image-112x300.png 112w\" sizes=\"auto, (max-width: 208px) 100vw, 208px\" \/><\/figure><\/div>\n\n\n\n<p>En octobre 2020 le collectif TNE-Occitanie Environnement publiait<a href=\"https:\/\/toutesnosenergies.fr\/wp-content\/uploads\/2021\/03\/communique-Mont-Tauch-et-autres-lieux_oct-2020-modif-KJN_bl-coquilles.pdf\" target=\"_blank\" rel=\"noreferrer noopener\"> un communiqu\u00e9 de presse <\/a>dans lequel nous demandions aux autorit\u00e9s de l\u2019\u00c9tat, \u00e0 propos des \u00e9oliennes de Tuchan au Mont Tauch, de refuser le projet de repowering pr\u00e9sent\u00e9 par l\u2019op\u00e9rateur et d&rsquo;ordonner le d\u00e9mant\u00e8lement des \u00e9oliennes existantes arriv\u00e9es en fin de vie.<\/p>\n\n\n\n<p><em>Le Mont Tauch est une des montagnes embl\u00e9matiques du PNR, visible de partout et offrant de son sommet des vues exceptionnelles. Avec le d\u00e9mant\u00e8lement, ce haut-plateau redeviendra alors ce qu\u2019il n\u2019aurait jamais d\u00fb cesser d\u2019\u00eatre&nbsp;: un site privil\u00e9gi\u00e9 et exemplaire d&rsquo;observation de la nature et des paysages de toute une r\u00e9gion.<\/em><\/p>\n\n\n\n<p>L\u2019\u00e9valuation environnementale est incontournable dans un parc o\u00f9 se concentrent des enjeux majeurs pour les rapaces (aigle royal, vautour fauve et percnopt\u00e8re) sans oublier la localisation du&nbsp; parc sur le futur PNR Corbi\u00e8res Fenouill\u00e8des.&nbsp;<\/p>\n\n\n\n<p class=\"has-light-gray-background-color has-background\"><strong>Le collectif TNE se f\u00e9licite de cette d\u00e9cision et sera vigilant sur les conclusions de l\u2019\u00e9valuation environnementale. Nous renouvelons notre soutien aux membres du collectif Corbi\u00e8res vivantes, actifs et d\u00e9terminants dans cette premi\u00e8re victoire d\u2019\u00e9tape.<\/strong><\/p>\n","protected":false},"excerpt":{"rendered":"<p>Nous avons appris dans l\u2019Ind\u00e9pendant que la pr\u00e9f\u00e8te de l\u2019Aude avait suspendu l\u2019instruction du permis de construire visant \u00e0 remplacer 15 \u00e9oliennes et \u00e0\u00ab&nbsp;booster&nbsp;\u00bb leur production. Cinq \u00e9oliennes avaient \u00e9t\u00e9 autoris\u00e9es en 1996 pour Tuchan 1, et 10 en 2000 pour Tuchan 2. Le 26f\u00e9vrier, la pr\u00e9f\u00e8te demande donc d\u2019interrompre l\u2019instruction et prescrit une \u00e9valuation &#8230; <a title=\"\u00c0 Tuchan (Aude)  l\u2019instruction pour le repowering de 15 \u00e9oliennes est suspendue !\" class=\"read-more\" href=\"https:\/\/toutesnosenergies.fr\/index.php\/2021\/03\/29\/a-tuchan-pyrenees-orientales-linstruction-pour-le-repowering-de-15-eoliennes-est-suspendue\/\" aria-label=\"Plus sur \u00c0 Tuchan (Aude)  l\u2019instruction pour le repowering de 15 \u00e9oliennes est suspendue !\">Lire plus<\/a><\/p>\n","protected":false},"author":3,"featured_media":0,"comment_status":"open","ping_status":"open","sticky":false,"template":"","format":"standard","meta":{"_cbd_carousel_blocks":"[]","sfsi_plus_gutenberg_text_before_share":"","sfsi_plus_gutenberg_show_text_before_share":"","sfsi_plus_gutenberg_icon_type":"","sfsi_plus_gutenberg_icon_alignemt":"","sfsi_plus_gutenburg_max_per_row":"","footnotes":""},"categories":[7,8],"tags":[],"class_list":["post-5767","post","type-post","status-publish","format-standard","hentry","category-communiques-collectif-tne-oe","category-communiques-associations"],"yoast_head":"<!-- This site is optimized with the Yoast SEO plugin v27.4 - https:\/\/yoast.com\/product\/yoast-seo-wordpress\/ -->\n<title>\u00c0 Tuchan (Aude) l\u2019instruction pour le repowering de 15 \u00e9oliennes est suspendue ! - Toutes Nos \u00c9nergies \u2013 Occitanie Environnement<\/title>\n<meta name=\"robots\" content=\"index, follow, max-snippet:-1, max-image-preview:large, max-video-preview:-1\" \/>\n<link rel=\"canonical\" href=\"https:\/\/toutesnosenergies.fr\/index.php\/2021\/03\/29\/a-tuchan-pyrenees-orientales-linstruction-pour-le-repowering-de-15-eoliennes-est-suspendue\/\" \/>\n<meta property=\"og:locale\" content=\"fr_FR\" \/>\n<meta property=\"og:type\" content=\"article\" \/>\n<meta property=\"og:title\" content=\"\u00c0 Tuchan (Aude) l\u2019instruction pour le repowering de 15 \u00e9oliennes est suspendue ! - Toutes Nos \u00c9nergies \u2013 Occitanie Environnement\" \/>\n<meta property=\"og:description\" content=\"Nous avons appris dans l\u2019Ind\u00e9pendant que la pr\u00e9f\u00e8te de l\u2019Aude avait suspendu l\u2019instruction du permis de construire visant \u00e0 remplacer 15 \u00e9oliennes et \u00e0\u00ab&nbsp;booster&nbsp;\u00bb leur production. Cinq \u00e9oliennes avaient \u00e9t\u00e9 autoris\u00e9es en 1996 pour Tuchan 1, et 10 en 2000 pour Tuchan 2. Le 26f\u00e9vrier, la pr\u00e9f\u00e8te demande donc d\u2019interrompre l\u2019instruction et prescrit une \u00e9valuation ... Lire plus\" \/>\n<meta property=\"og:url\" content=\"https:\/\/toutesnosenergies.fr\/index.php\/2021\/03\/29\/a-tuchan-pyrenees-orientales-linstruction-pour-le-repowering-de-15-eoliennes-est-suspendue\/\" \/>\n<meta property=\"og:site_name\" content=\"Toutes Nos \u00c9nergies \u2013 Occitanie Environnement\" \/>\n<meta property=\"article:publisher\" content=\"https:\/\/www.facebook.com\/TNEtoutesnosenergiesOccitanieEnvironnement\" \/>\n<meta property=\"article:published_time\" content=\"2021-03-29T11:45:06+00:00\" \/>\n<meta property=\"article:modified_time\" content=\"2021-04-01T13:36:11+00:00\" \/>\n<meta property=\"og:image\" content=\"https:\/\/toutesnosenergies.fr\/wp-content\/uploads\/2021\/03\/image.png\" \/>\n<meta name=\"author\" content=\"WM81\" \/>\n<meta name=\"twitter:card\" content=\"summary_large_image\" \/>\n<meta name=\"twitter:label1\" content=\"\u00c9crit par\" \/>\n\t<meta name=\"twitter:data1\" content=\"WM81\" \/>\n\t<meta name=\"twitter:label2\" content=\"Dur\u00e9e de lecture estim\u00e9e\" \/>\n\t<meta name=\"twitter:data2\" content=\"1 minute\" \/>\n<script type=\"application\/ld+json\" class=\"yoast-schema-graph\">{\"@context\":\"https:\\\/\\\/schema.org\",\"@graph\":[{\"@type\":\"Article\",\"@id\":\"https:\\\/\\\/toutesnosenergies.fr\\\/index.php\\\/2021\\\/03\\\/29\\\/a-tuchan-pyrenees-orientales-linstruction-pour-le-repowering-de-15-eoliennes-est-suspendue\\\/#article\",\"isPartOf\":{\"@id\":\"https:\\\/\\\/toutesnosenergies.fr\\\/index.php\\\/2021\\\/03\\\/29\\\/a-tuchan-pyrenees-orientales-linstruction-pour-le-repowering-de-15-eoliennes-est-suspendue\\\/\"},\"author\":{\"name\":\"WM81\",\"@id\":\"https:\\\/\\\/toutesnosenergies.fr\\\/#\\\/schema\\\/person\\\/83b429b7810ce59e0a21afb7e0b3cb1c\"},\"headline\":\"\u00c0 Tuchan (Aude) l\u2019instruction pour le repowering de 15 \u00e9oliennes est suspendue !\",\"datePublished\":\"2021-03-29T11:45:06+00:00\",\"dateModified\":\"2021-04-01T13:36:11+00:00\",\"mainEntityOfPage\":{\"@id\":\"https:\\\/\\\/toutesnosenergies.fr\\\/index.php\\\/2021\\\/03\\\/29\\\/a-tuchan-pyrenees-orientales-linstruction-pour-le-repowering-de-15-eoliennes-est-suspendue\\\/\"},\"wordCount\":278,\"commentCount\":2,\"publisher\":{\"@id\":\"https:\\\/\\\/toutesnosenergies.fr\\\/#organization\"},\"image\":{\"@id\":\"https:\\\/\\\/toutesnosenergies.fr\\\/index.php\\\/2021\\\/03\\\/29\\\/a-tuchan-pyrenees-orientales-linstruction-pour-le-repowering-de-15-eoliennes-est-suspendue\\\/#primaryimage\"},\"thumbnailUrl\":\"https:\\\/\\\/toutesnosenergies.fr\\\/wp-content\\\/uploads\\\/2021\\\/03\\\/image.png\",\"articleSection\":[\"Communiqu\u00e9s de TNE-OE\",\"Communiqu\u00e9s des associations\"],\"inLanguage\":\"fr-FR\",\"potentialAction\":[{\"@type\":\"CommentAction\",\"name\":\"Comment\",\"target\":[\"https:\\\/\\\/toutesnosenergies.fr\\\/index.php\\\/2021\\\/03\\\/29\\\/a-tuchan-pyrenees-orientales-linstruction-pour-le-repowering-de-15-eoliennes-est-suspendue\\\/#respond\"]}]},{\"@type\":\"WebPage\",\"@id\":\"https:\\\/\\\/toutesnosenergies.fr\\\/index.php\\\/2021\\\/03\\\/29\\\/a-tuchan-pyrenees-orientales-linstruction-pour-le-repowering-de-15-eoliennes-est-suspendue\\\/\",\"url\":\"https:\\\/\\\/toutesnosenergies.fr\\\/index.php\\\/2021\\\/03\\\/29\\\/a-tuchan-pyrenees-orientales-linstruction-pour-le-repowering-de-15-eoliennes-est-suspendue\\\/\",\"name\":\"\u00c0 Tuchan (Aude) l\u2019instruction pour le repowering de 15 \u00e9oliennes est suspendue ! - Toutes Nos \u00c9nergies \u2013 Occitanie Environnement\",\"isPartOf\":{\"@id\":\"https:\\\/\\\/toutesnosenergies.fr\\\/#website\"},\"primaryImageOfPage\":{\"@id\":\"https:\\\/\\\/toutesnosenergies.fr\\\/index.php\\\/2021\\\/03\\\/29\\\/a-tuchan-pyrenees-orientales-linstruction-pour-le-repowering-de-15-eoliennes-est-suspendue\\\/#primaryimage\"},\"image\":{\"@id\":\"https:\\\/\\\/toutesnosenergies.fr\\\/index.php\\\/2021\\\/03\\\/29\\\/a-tuchan-pyrenees-orientales-linstruction-pour-le-repowering-de-15-eoliennes-est-suspendue\\\/#primaryimage\"},\"thumbnailUrl\":\"https:\\\/\\\/toutesnosenergies.fr\\\/wp-content\\\/uploads\\\/2021\\\/03\\\/image.png\",\"datePublished\":\"2021-03-29T11:45:06+00:00\",\"dateModified\":\"2021-04-01T13:36:11+00:00\",\"breadcrumb\":{\"@id\":\"https:\\\/\\\/toutesnosenergies.fr\\\/index.php\\\/2021\\\/03\\\/29\\\/a-tuchan-pyrenees-orientales-linstruction-pour-le-repowering-de-15-eoliennes-est-suspendue\\\/#breadcrumb\"},\"inLanguage\":\"fr-FR\",\"potentialAction\":[{\"@type\":\"ReadAction\",\"target\":[\"https:\\\/\\\/toutesnosenergies.fr\\\/index.php\\\/2021\\\/03\\\/29\\\/a-tuchan-pyrenees-orientales-linstruction-pour-le-repowering-de-15-eoliennes-est-suspendue\\\/\"]}]},{\"@type\":\"ImageObject\",\"inLanguage\":\"fr-FR\",\"@id\":\"https:\\\/\\\/toutesnosenergies.fr\\\/index.php\\\/2021\\\/03\\\/29\\\/a-tuchan-pyrenees-orientales-linstruction-pour-le-repowering-de-15-eoliennes-est-suspendue\\\/#primaryimage\",\"url\":\"https:\\\/\\\/toutesnosenergies.fr\\\/wp-content\\\/uploads\\\/2021\\\/03\\\/image.png\",\"contentUrl\":\"https:\\\/\\\/toutesnosenergies.fr\\\/wp-content\\\/uploads\\\/2021\\\/03\\\/image.png\",\"width\":285,\"height\":762},{\"@type\":\"BreadcrumbList\",\"@id\":\"https:\\\/\\\/toutesnosenergies.fr\\\/index.php\\\/2021\\\/03\\\/29\\\/a-tuchan-pyrenees-orientales-linstruction-pour-le-repowering-de-15-eoliennes-est-suspendue\\\/#breadcrumb\",\"itemListElement\":[{\"@type\":\"ListItem\",\"position\":1,\"name\":\"Accueil\",\"item\":\"https:\\\/\\\/toutesnosenergies.fr\\\/\"},{\"@type\":\"ListItem\",\"position\":2,\"name\":\"\u00c0 Tuchan (Aude) l\u2019instruction pour le repowering de 15 \u00e9oliennes est suspendue !\"}]},{\"@type\":\"WebSite\",\"@id\":\"https:\\\/\\\/toutesnosenergies.fr\\\/#website\",\"url\":\"https:\\\/\\\/toutesnosenergies.fr\\\/\",\"name\":\"Toutes Nos \u00c9nergies \u2013 Occitanie Environnement\",\"description\":\"Pour une \u00e9nergie respectueuse du vivant et des territoires ruraux en Occitanie\",\"publisher\":{\"@id\":\"https:\\\/\\\/toutesnosenergies.fr\\\/#organization\"},\"potentialAction\":[{\"@type\":\"SearchAction\",\"target\":{\"@type\":\"EntryPoint\",\"urlTemplate\":\"https:\\\/\\\/toutesnosenergies.fr\\\/?s={search_term_string}\"},\"query-input\":{\"@type\":\"PropertyValueSpecification\",\"valueRequired\":true,\"valueName\":\"search_term_string\"}}],\"inLanguage\":\"fr-FR\"},{\"@type\":\"Organization\",\"@id\":\"https:\\\/\\\/toutesnosenergies.fr\\\/#organization\",\"name\":\"Toutes Nos \u00c9nergies \u2013 Occitanie Environnement\",\"url\":\"https:\\\/\\\/toutesnosenergies.fr\\\/\",\"logo\":{\"@type\":\"ImageObject\",\"inLanguage\":\"fr-FR\",\"@id\":\"https:\\\/\\\/toutesnosenergies.fr\\\/#\\\/schema\\\/logo\\\/image\\\/\",\"url\":\"https:\\\/\\\/toutesnosenergies.fr\\\/wp-content\\\/uploads\\\/2023\\\/01\\\/Petit-logo.png\",\"contentUrl\":\"https:\\\/\\\/toutesnosenergies.fr\\\/wp-content\\\/uploads\\\/2023\\\/01\\\/Petit-logo.png\",\"width\":360,\"height\":102,\"caption\":\"Toutes Nos \u00c9nergies \u2013 Occitanie Environnement\"},\"image\":{\"@id\":\"https:\\\/\\\/toutesnosenergies.fr\\\/#\\\/schema\\\/logo\\\/image\\\/\"},\"sameAs\":[\"https:\\\/\\\/www.facebook.com\\\/TNEtoutesnosenergiesOccitanieEnvironnement\"]},{\"@type\":\"Person\",\"@id\":\"https:\\\/\\\/toutesnosenergies.fr\\\/#\\\/schema\\\/person\\\/83b429b7810ce59e0a21afb7e0b3cb1c\",\"name\":\"WM81\",\"image\":{\"@type\":\"ImageObject\",\"inLanguage\":\"fr-FR\",\"@id\":\"https:\\\/\\\/secure.gravatar.com\\\/avatar\\\/aa9bf2bd97a7297274c53294f09e800c7ee0d88290f959d5d49f9380299b9ff1?s=96&d=mm&r=g\",\"url\":\"https:\\\/\\\/secure.gravatar.com\\\/avatar\\\/aa9bf2bd97a7297274c53294f09e800c7ee0d88290f959d5d49f9380299b9ff1?s=96&d=mm&r=g\",\"contentUrl\":\"https:\\\/\\\/secure.gravatar.com\\\/avatar\\\/aa9bf2bd97a7297274c53294f09e800c7ee0d88290f959d5d49f9380299b9ff1?s=96&d=mm&r=g\",\"caption\":\"WM81\"},\"sameAs\":[\"http:\\\/\\\/toutesnosenergies.fr\"],\"url\":\"https:\\\/\\\/toutesnosenergies.fr\\\/index.php\\\/author\\\/wm81\\\/\"}]}<\/script>\n<!-- \/ Yoast SEO plugin. -->","yoast_head_json":{"title":"\u00c0 Tuchan (Aude) l\u2019instruction pour le repowering de 15 \u00e9oliennes est suspendue ! - Toutes Nos \u00c9nergies \u2013 Occitanie Environnement","robots":{"index":"index","follow":"follow","max-snippet":"max-snippet:-1","max-image-preview":"max-image-preview:large","max-video-preview":"max-video-preview:-1"},"canonical":"https:\/\/toutesnosenergies.fr\/index.php\/2021\/03\/29\/a-tuchan-pyrenees-orientales-linstruction-pour-le-repowering-de-15-eoliennes-est-suspendue\/","og_locale":"fr_FR","og_type":"article","og_title":"\u00c0 Tuchan (Aude) l\u2019instruction pour le repowering de 15 \u00e9oliennes est suspendue ! - Toutes Nos \u00c9nergies \u2013 Occitanie Environnement","og_description":"Nous avons appris dans l\u2019Ind\u00e9pendant que la pr\u00e9f\u00e8te de l\u2019Aude avait suspendu l\u2019instruction du permis de construire visant \u00e0 remplacer 15 \u00e9oliennes et \u00e0\u00ab&nbsp;booster&nbsp;\u00bb leur production. Cinq \u00e9oliennes avaient \u00e9t\u00e9 autoris\u00e9es en 1996 pour Tuchan 1, et 10 en 2000 pour Tuchan 2. Le 26f\u00e9vrier, la pr\u00e9f\u00e8te demande donc d\u2019interrompre l\u2019instruction et prescrit une \u00e9valuation ... Lire plus","og_url":"https:\/\/toutesnosenergies.fr\/index.php\/2021\/03\/29\/a-tuchan-pyrenees-orientales-linstruction-pour-le-repowering-de-15-eoliennes-est-suspendue\/","og_site_name":"Toutes Nos \u00c9nergies \u2013 Occitanie Environnement","article_publisher":"https:\/\/www.facebook.com\/TNEtoutesnosenergiesOccitanieEnvironnement","article_published_time":"2021-03-29T11:45:06+00:00","article_modified_time":"2021-04-01T13:36:11+00:00","og_image":[{"url":"https:\/\/toutesnosenergies.fr\/wp-content\/uploads\/2021\/03\/image.png","type":"","width":"","height":""}],"author":"WM81","twitter_card":"summary_large_image","twitter_misc":{"\u00c9crit par":"WM81","Dur\u00e9e de lecture estim\u00e9e":"1 minute"},"schema":{"@context":"https:\/\/schema.org","@graph":[{"@type":"Article","@id":"https:\/\/toutesnosenergies.fr\/index.php\/2021\/03\/29\/a-tuchan-pyrenees-orientales-linstruction-pour-le-repowering-de-15-eoliennes-est-suspendue\/#article","isPartOf":{"@id":"https:\/\/toutesnosenergies.fr\/index.php\/2021\/03\/29\/a-tuchan-pyrenees-orientales-linstruction-pour-le-repowering-de-15-eoliennes-est-suspendue\/"},"author":{"name":"WM81","@id":"https:\/\/toutesnosenergies.fr\/#\/schema\/person\/83b429b7810ce59e0a21afb7e0b3cb1c"},"headline":"\u00c0 Tuchan (Aude) l\u2019instruction pour le repowering de 15 \u00e9oliennes est suspendue !","datePublished":"2021-03-29T11:45:06+00:00","dateModified":"2021-04-01T13:36:11+00:00","mainEntityOfPage":{"@id":"https:\/\/toutesnosenergies.fr\/index.php\/2021\/03\/29\/a-tuchan-pyrenees-orientales-linstruction-pour-le-repowering-de-15-eoliennes-est-suspendue\/"},"wordCount":278,"commentCount":2,"publisher":{"@id":"https:\/\/toutesnosenergies.fr\/#organization"},"image":{"@id":"https:\/\/toutesnosenergies.fr\/index.php\/2021\/03\/29\/a-tuchan-pyrenees-orientales-linstruction-pour-le-repowering-de-15-eoliennes-est-suspendue\/#primaryimage"},"thumbnailUrl":"https:\/\/toutesnosenergies.fr\/wp-content\/uploads\/2021\/03\/image.png","articleSection":["Communiqu\u00e9s de TNE-OE","Communiqu\u00e9s des associations"],"inLanguage":"fr-FR","potentialAction":[{"@type":"CommentAction","name":"Comment","target":["https:\/\/toutesnosenergies.fr\/index.php\/2021\/03\/29\/a-tuchan-pyrenees-orientales-linstruction-pour-le-repowering-de-15-eoliennes-est-suspendue\/#respond"]}]},{"@type":"WebPage","@id":"https:\/\/toutesnosenergies.fr\/index.php\/2021\/03\/29\/a-tuchan-pyrenees-orientales-linstruction-pour-le-repowering-de-15-eoliennes-est-suspendue\/","url":"https:\/\/toutesnosenergies.fr\/index.php\/2021\/03\/29\/a-tuchan-pyrenees-orientales-linstruction-pour-le-repowering-de-15-eoliennes-est-suspendue\/","name":"\u00c0 Tuchan (Aude) l\u2019instruction pour le repowering de 15 \u00e9oliennes est suspendue ! - Toutes Nos \u00c9nergies \u2013 Occitanie Environnement","isPartOf":{"@id":"https:\/\/toutesnosenergies.fr\/#website"},"primaryImageOfPage":{"@id":"https:\/\/toutesnosenergies.fr\/index.php\/2021\/03\/29\/a-tuchan-pyrenees-orientales-linstruction-pour-le-repowering-de-15-eoliennes-est-suspendue\/#primaryimage"},"image":{"@id":"https:\/\/toutesnosenergies.fr\/index.php\/2021\/03\/29\/a-tuchan-pyrenees-orientales-linstruction-pour-le-repowering-de-15-eoliennes-est-suspendue\/#primaryimage"},"thumbnailUrl":"https:\/\/toutesnosenergies.fr\/wp-content\/uploads\/2021\/03\/image.png","datePublished":"2021-03-29T11:45:06+00:00","dateModified":"2021-04-01T13:36:11+00:00","breadcrumb":{"@id":"https:\/\/toutesnosenergies.fr\/index.php\/2021\/03\/29\/a-tuchan-pyrenees-orientales-linstruction-pour-le-repowering-de-15-eoliennes-est-suspendue\/#breadcrumb"},"inLanguage":"fr-FR","potentialAction":[{"@type":"ReadAction","target":["https:\/\/toutesnosenergies.fr\/index.php\/2021\/03\/29\/a-tuchan-pyrenees-orientales-linstruction-pour-le-repowering-de-15-eoliennes-est-suspendue\/"]}]},{"@type":"ImageObject","inLanguage":"fr-FR","@id":"https:\/\/toutesnosenergies.fr\/index.php\/2021\/03\/29\/a-tuchan-pyrenees-orientales-linstruction-pour-le-repowering-de-15-eoliennes-est-suspendue\/#primaryimage","url":"https:\/\/toutesnosenergies.fr\/wp-content\/uploads\/2021\/03\/image.png","contentUrl":"https:\/\/toutesnosenergies.fr\/wp-content\/uploads\/2021\/03\/image.png","width":285,"height":762},{"@type":"BreadcrumbList","@id":"https:\/\/toutesnosenergies.fr\/index.php\/2021\/03\/29\/a-tuchan-pyrenees-orientales-linstruction-pour-le-repowering-de-15-eoliennes-est-suspendue\/#breadcrumb","itemListElement":[{"@type":"ListItem","position":1,"name":"Accueil","item":"https:\/\/toutesnosenergies.fr\/"},{"@type":"ListItem","position":2,"name":"\u00c0 Tuchan (Aude) l\u2019instruction pour le repowering de 15 \u00e9oliennes est suspendue !"}]},{"@type":"WebSite","@id":"https:\/\/toutesnosenergies.fr\/#website","url":"https:\/\/toutesnosenergies.fr\/","name":"Toutes Nos \u00c9nergies \u2013 Occitanie Environnement","description":"Pour une \u00e9nergie respectueuse du vivant et des territoires ruraux en Occitanie","publisher":{"@id":"https:\/\/toutesnosenergies.fr\/#organization"},"potentialAction":[{"@type":"SearchAction","target":{"@type":"EntryPoint","urlTemplate":"https:\/\/toutesnosenergies.fr\/?s={search_term_string}"},"query-input":{"@type":"PropertyValueSpecification","valueRequired":true,"valueName":"search_term_string"}}],"inLanguage":"fr-FR"},{"@type":"Organization","@id":"https:\/\/toutesnosenergies.fr\/#organization","name":"Toutes Nos \u00c9nergies \u2013 Occitanie Environnement","url":"https:\/\/toutesnosenergies.fr\/","logo":{"@type":"ImageObject","inLanguage":"fr-FR","@id":"https:\/\/toutesnosenergies.fr\/#\/schema\/logo\/image\/","url":"https:\/\/toutesnosenergies.fr\/wp-content\/uploads\/2023\/01\/Petit-logo.png","contentUrl":"https:\/\/toutesnosenergies.fr\/wp-content\/uploads\/2023\/01\/Petit-logo.png","width":360,"height":102,"caption":"Toutes Nos \u00c9nergies \u2013 Occitanie Environnement"},"image":{"@id":"https:\/\/toutesnosenergies.fr\/#\/schema\/logo\/image\/"},"sameAs":["https:\/\/www.facebook.com\/TNEtoutesnosenergiesOccitanieEnvironnement"]},{"@type":"Person","@id":"https:\/\/toutesnosenergies.fr\/#\/schema\/person\/83b429b7810ce59e0a21afb7e0b3cb1c","name":"WM81","image":{"@type":"ImageObject","inLanguage":"fr-FR","@id":"https:\/\/secure.gravatar.com\/avatar\/aa9bf2bd97a7297274c53294f09e800c7ee0d88290f959d5d49f9380299b9ff1?s=96&d=mm&r=g","url":"https:\/\/secure.gravatar.com\/avatar\/aa9bf2bd97a7297274c53294f09e800c7ee0d88290f959d5d49f9380299b9ff1?s=96&d=mm&r=g","contentUrl":"https:\/\/secure.gravatar.com\/avatar\/aa9bf2bd97a7297274c53294f09e800c7ee0d88290f959d5d49f9380299b9ff1?s=96&d=mm&r=g","caption":"WM81"},"sameAs":["http:\/\/toutesnosenergies.fr"],"url":"https:\/\/toutesnosenergies.fr\/index.php\/author\/wm81\/"}]}},"_links":{"self":[{"href":"https:\/\/toutesnosenergies.fr\/index.php\/wp-json\/wp\/v2\/posts\/5767","targetHints":{"allow":["GET"]}}],"collection":[{"href":"https:\/\/toutesnosenergies.fr\/index.php\/wp-json\/wp\/v2\/posts"}],"about":[{"href":"https:\/\/toutesnosenergies.fr\/index.php\/wp-json\/wp\/v2\/types\/post"}],"author":[{"embeddable":true,"href":"https:\/\/toutesnosenergies.fr\/index.php\/wp-json\/wp\/v2\/users\/3"}],"replies":[{"embeddable":true,"href":"https:\/\/toutesnosenergies.fr\/index.php\/wp-json\/wp\/v2\/comments?post=5767"}],"version-history":[{"count":6,"href":"https:\/\/toutesnosenergies.fr\/index.php\/wp-json\/wp\/v2\/posts\/5767\/revisions"}],"predecessor-version":[{"id":5826,"href":"https:\/\/toutesnosenergies.fr\/index.php\/wp-json\/wp\/v2\/posts\/5767\/revisions\/5826"}],"wp:attachment":[{"href":"https:\/\/toutesnosenergies.fr\/index.php\/wp-json\/wp\/v2\/media?parent=5767"}],"wp:term":[{"taxonomy":"category","embeddable":true,"href":"https:\/\/toutesnosenergies.fr\/index.php\/wp-json\/wp\/v2\/categories?post=5767"},{"taxonomy":"post_tag","embeddable":true,"href":"https:\/\/toutesnosenergies.fr\/index.php\/wp-json\/wp\/v2\/tags?post=5767"}],"curies":[{"name":"wp","href":"https:\/\/api.w.org\/{rel}","templated":true}]}}