{"id":7446,"date":"2021-11-07T20:42:09","date_gmt":"2021-11-07T19:42:09","guid":{"rendered":"https:\/\/toutesnosenergies.fr\/?p=7446"},"modified":"2021-11-07T20:42:14","modified_gmt":"2021-11-07T19:42:14","slug":"bienvenue-dans-le-maquis-des-energies-renouvelables-enr","status":"publish","type":"post","link":"https:\/\/toutesnosenergies.fr\/index.php\/2021\/11\/07\/bienvenue-dans-le-maquis-des-energies-renouvelables-enr\/","title":{"rendered":"Bienvenue dans le maquis des \u00e9nergies renouvelables (EnR)"},"content":{"rendered":"\n<p><a rel=\"noreferrer noopener\" href=\"https:\/\/toutesnosenergies.fr\/wp-content\/uploads\/2021\/11\/DECISION_APPEL_TOULOUSE.pdf\" target=\"_blank\">Le jugement r\u00e9cent de la Cour d\u2019Appel de Toulouse<\/a> vient, pour la premi\u00e8re fois en France, de reconna\u00eetre qu\u2019un parc \u00e9olien industriel apporte un trouble de voisinage qui doit \u00eatre indemnis\u00e9. Le jugement int\u00e8gre m\u00eame une reconnaissance de ce que l\u2019on appelle le syndrome \u00e9olien\u00a0: une atteinte \u00e0 la sant\u00e9 caus\u00e9e par la pr\u00e9sence de ces \u00e9oliennes.\u00a0<\/p>\n\n\n\n<p>Pour tous ceux qui se battent pour faire reconna\u00eetre les nuisances de ces installations industrielles pour les humains et non seulement pour les chauves-souris et les oiseaux, c\u2019est une victoire importante dont on peut penser qu\u2019elle aura des cons\u00e9quences pour les combats futurs.<\/p>\n\n\n\n<p class=\"has-black-color has-text-color has-background\" style=\"background-color:#f0cbf3\">Cependant cette affaire pose d\u2019autres questions&nbsp;: d\u2019une part quant \u00e0 la responsabilit\u00e9 des promoteurs vis-\u00e0-vis de leurs filiales, d\u2019autre part sur la l\u00e9gitimit\u00e9 de certains d\u2019entre eux en particulier les Soci\u00e9t\u00e9s d\u2019\u00c9conomie Mixte (SEM) contr\u00f4l\u00e9es par des villes ou des d\u00e9partements qui investissent hors de leur aire de comp\u00e9tence territoriale.<\/p>\n\n\n\n<h2 class=\"wp-block-heading\"><strong>Qui est responsable de quoi&nbsp;?<\/strong><\/h2>\n\n\n\n<p>Les requ\u00e9rants, vivant dans le Tarn, avaient mis en cause les deux soci\u00e9t\u00e9s exploitantes &#8211; Sasu Margn\u00e8s et Sasu Singladou \u2013 (Soci\u00e9t\u00e9 par actions simplifi\u00e9e unipersonnelle) ainsi que leur maison m\u00e8re qui les poss\u00e8de \u00e0 100%, la SA d\u2019\u00e9conomie mixte 3D \u00c9nergie, cr\u00e9\u00e9e par le syndicat intercommunal d\u2019\u00e9nergie des Deux S\u00e8vres.&nbsp;<\/p>\n\n\n\n<p>Or le juge \u00e9carte la responsabilit\u00e9 de 3D \u00c9nergie par une pirouette \u00e9tonnante et ne condamne que les deux coquilles vides que sont Sasu Margn\u00e8s et Sasu Singladou (aujourd&rsquo;hui fusionn\u00e9es). Cette d\u00e9cision est d\u2019autant plus intrigante que le tribunal reconna\u00eet que 3D \u00c9nergie a \u00e9t\u00e9 autoris\u00e9e par le SIE des Deux S\u00e8vres \u00e0 acheter ces deux soci\u00e9t\u00e9s, qu\u2019elle les dirige et que sur son site Internet elles sont bien r\u00e9pertori\u00e9es comme faisant partie de ses r\u00e9alisations. Tout cela ne semble pas suffire pour prouver la responsabilit\u00e9 de la maison m\u00e8re.<\/p>\n\n\n\n<p>Pour comprendre sa port\u00e9e, <strong>il faut savoir que les promoteurs n\u2019exploitent jamais directement leur parc.<\/strong> Ils cr\u00e9ent syst\u00e9matiquement des filiales \u00e0 100%, au capital d\u00e9risoire et sans personnel. Pour \u00e9chapper aux proc\u00e9dures d\u2019appel d\u2019offre, obligatoires \u00e0 partir de 7 \u00e9oliennes et 18 MW, ils scindent leurs parcs (comme l&rsquo;a fait dans le Tarn, Valorem, op\u00e9rateur du projet \u00e9olien de StAmans Valtoret qui vient d&rsquo;obtenir par arr\u00eat\u00e9 pr\u00e9fectoral la scission en 2 soci\u00e9t\u00e9s).\u00a0 Ils b\u00e9n\u00e9ficient ainsi d\u2019un prix d\u2019achat de l\u2019\u00e9lectricit\u00e9 garanti sup\u00e9rieur \u00e0 ce qu\u2019ils auraient obtenu dans le cadre d\u2019un appel d\u2019offre.\u00a0<\/p>\n\n\n\n<p>Les \u00e9oliennes sont con\u00e7ues pour fonctionner une vingtaine d\u2019ann\u00e9es au-del\u00e0 desquelles il faudra les d\u00e9monter et remettre le terrain en l\u2019\u00e9tat. Ceci co\u00fbte tr\u00e8s cher et bien s\u00fbr les promoteurs essaieront de s\u2019en exon\u00e9rer (les provisions l\u00e9gales pour d\u00e9mant\u00e8lement sont de l\u2019avis de tous largement insuffisantes). Si les deux microsoci\u00e9t\u00e9s propri\u00e9taires et exploitantes de ce parc \u00e9olien font d\u00e9faut, 3D \u00c9nergie sera-t-elle responsable du d\u00e9mant\u00e8lement\u00a0?<br>A lire les attendus de ce jugement il semble que non, puisqu\u2019elle n\u2019est pas jug\u00e9e responsable des nuisances.\u00a0 La commune de Fontrieu se retrouvera-t-elle avec une friche industrielle sans possibilit\u00e9 de recours\u00a0?<\/p>\n\n\n\n<h2 class=\"wp-block-heading\"><strong>Les Soci\u00e9t\u00e9 d&rsquo;\u00e9conomie mixte sont-elles des promoteurs comme les autres\u00a0?<\/strong><\/h2>\n\n\n\n<p>Bien que la ministre de la Transition \u00c9cologique ait rappel\u00e9, suite \u00e0 la question d\u2019un s\u00e9nateur, que les syndicats d&rsquo;\u00e9nergie accompagnent la mise en \u0153uvre\u00a0de projets sur le territoire d\u00e9partemental, en proximit\u00e9 et en relation directe avec les populations, cette mission de proximit\u00e9 semble avoir \u00e9t\u00e9 oubli\u00e9e par le SIE (Syndicat Intercommunal d&rsquo;\u00c9nergie) des Deux S\u00e8vres. Lorsqu\u2019il cr\u00e9e 3D \u00c9nergie c\u2019est avec comme premier objectif une capacit\u00e9 de production de 32 Mw. Aujourd\u2019hui cette soci\u00e9t\u00e9 poss\u00e8de en France 8 parcs \u00e9oliens dont ceux du Margn\u00e8s et du Singladou qu\u2019elle a rachet\u00e9 \u00e0 Valeco (lui-m\u00eame rachet\u00e9 depuis par le g\u00e9ant allemand EnBW). Nous sommes bien loin des Deux S\u00e8vres et des projets construits en relation avec la population\u00a0!<\/p>\n\n\n\n<p><strong>On trouve un cas de figure similaire avec Gaz \u00e9lectricit\u00e9 Grenoble (GEG), qui n\u2019est pas un SIE mais une Soci\u00e9t\u00e9 d\u2019\u00c9conomie Mixte dont la ville de Grenoble est actionnaire majoritaire en association avec GDF Suez<\/strong> et qui se pr\u00e9sente, sur son site, comme une soci\u00e9t\u00e9 locale de distribution d\u2019\u00e9nergie. Dans le domaine de l\u2019\u00e9lectricit\u00e9 elle contr\u00f4le \u00e0 ce jour 11 centrales hydro-\u00e9lectriques, 24 parcs photovolta\u00efques et se lance dans l\u2019\u00e9olien avec le repowering d\u2019un parc \u00e0 Rivesaltes (66) et 12 autres sites en devenir. Elle envisage aussi le rachat de 35% du capital d\u2019un projet dit citoyen pr\u00e8s de Millau.<\/p>\n\n\n\n<p class=\"has-background\" style=\"background-color:#f0cbf3\">A travers ces deux exemples parmi d\u2019autres on ne peut que s\u2019\u00e9tonner d\u2019une d\u00e9rive de structures en principe destin\u00e9es \u00e0 \u0153uvrer sur leur territoire qui se lancent dans la course aux profits engendr\u00e9s par les \u00e9nergies renouvelables un peu partout en France au gr\u00e9 des opportunit\u00e9s \u00e9conomiques. La tendance est forte et se traduit souvent d\u2019abord par des prises de participation dans de petits projets existants sur leur territoire pour se d\u00e9velopper ensuite dans des strat\u00e9gies qui n\u2019ont rien \u00e0 envier \u00e0 celles des promoteurs priv\u00e9s. Tout ceci se faisant au nom de la participation \u00e0 la transition \u00e9nerg\u00e9tique et sous un label citoyen.&nbsp;<\/p>\n\n\n\n<p>Il est dit sur leur site que \u00ab\u00a0les agents de 3D \u00c9nergie interviennent dans les \u00e9tablissements scolaires du d\u00e9partement afin de sensibiliser les \u00e9l\u00e8ves sur les enjeux \u00e9nerg\u00e9tiques et l\u2019int\u00e9r\u00eat des \u00e9nergies renouvelables pour notre plan\u00e8te.\u00a0\u00bb\u00a0Les \u00e9tablissements scolaires en question pourraient inviter les riverains des \u00e9oliennes du Margn\u00e8s pour que leurs \u00e9l\u00e8ves aient une vue globale du probl\u00e8me\u00a0!<\/p>\n\n\n\n<p><strong>Jean Pougnet\u00a0 \u2013 04 67 97 51 27 &#8211; <a href=\"mailto:presse@toutesnosenergies.fr\">presse@toutesnosenergies.fr<\/a><\/strong><\/p>\n","protected":false},"excerpt":{"rendered":"<p>Le jugement r\u00e9cent de la Cour d\u2019Appel de Toulouse vient, pour la premi\u00e8re fois en France, de reconna\u00eetre qu\u2019un parc \u00e9olien industriel apporte un trouble de voisinage qui doit \u00eatre indemnis\u00e9. Le jugement int\u00e8gre m\u00eame une reconnaissance de ce que l\u2019on appelle le syndrome \u00e9olien\u00a0: une atteinte \u00e0 la sant\u00e9 caus\u00e9e par la pr\u00e9sence de &#8230; <a title=\"Bienvenue dans le maquis des \u00e9nergies renouvelables (EnR)\" class=\"read-more\" href=\"https:\/\/toutesnosenergies.fr\/index.php\/2021\/11\/07\/bienvenue-dans-le-maquis-des-energies-renouvelables-enr\/\" aria-label=\"Plus sur Bienvenue dans le maquis des \u00e9nergies renouvelables (EnR)\">Lire plus<\/a><\/p>\n","protected":false},"author":3,"featured_media":0,"comment_status":"open","ping_status":"open","sticky":false,"template":"","format":"standard","meta":{"_cbd_carousel_blocks":"[]","sfsi_plus_gutenberg_text_before_share":"","sfsi_plus_gutenberg_show_text_before_share":"","sfsi_plus_gutenberg_icon_type":"","sfsi_plus_gutenberg_icon_alignemt":"","sfsi_plus_gutenburg_max_per_row":"","footnotes":""},"categories":[10],"tags":[],"class_list":["post-7446","post","type-post","status-publish","format-standard","hentry","category-informations-diverses"],"yoast_head":"<!-- This site is optimized with the Yoast SEO plugin v27.4 - https:\/\/yoast.com\/product\/yoast-seo-wordpress\/ -->\n<title>Bienvenue dans le maquis des \u00e9nergies renouvelables (EnR) - Toutes Nos \u00c9nergies \u2013 Occitanie Environnement<\/title>\n<meta name=\"robots\" content=\"index, follow, max-snippet:-1, max-image-preview:large, max-video-preview:-1\" \/>\n<link rel=\"canonical\" href=\"https:\/\/toutesnosenergies.fr\/index.php\/2021\/11\/07\/bienvenue-dans-le-maquis-des-energies-renouvelables-enr\/\" \/>\n<meta property=\"og:locale\" content=\"fr_FR\" \/>\n<meta property=\"og:type\" content=\"article\" \/>\n<meta property=\"og:title\" content=\"Bienvenue dans le maquis des \u00e9nergies renouvelables (EnR) - Toutes Nos \u00c9nergies \u2013 Occitanie Environnement\" \/>\n<meta property=\"og:description\" content=\"Le jugement r\u00e9cent de la Cour d\u2019Appel de Toulouse vient, pour la premi\u00e8re fois en France, de reconna\u00eetre qu\u2019un parc \u00e9olien industriel apporte un trouble de voisinage qui doit \u00eatre indemnis\u00e9. Le jugement int\u00e8gre m\u00eame une reconnaissance de ce que l\u2019on appelle le syndrome \u00e9olien\u00a0: une atteinte \u00e0 la sant\u00e9 caus\u00e9e par la pr\u00e9sence de ... Lire plus\" \/>\n<meta property=\"og:url\" content=\"https:\/\/toutesnosenergies.fr\/index.php\/2021\/11\/07\/bienvenue-dans-le-maquis-des-energies-renouvelables-enr\/\" \/>\n<meta property=\"og:site_name\" content=\"Toutes Nos \u00c9nergies \u2013 Occitanie Environnement\" \/>\n<meta property=\"article:publisher\" content=\"https:\/\/www.facebook.com\/TNEtoutesnosenergiesOccitanieEnvironnement\" \/>\n<meta property=\"article:published_time\" content=\"2021-11-07T19:42:09+00:00\" \/>\n<meta property=\"article:modified_time\" content=\"2021-11-07T19:42:14+00:00\" \/>\n<meta name=\"author\" content=\"WM81\" \/>\n<meta name=\"twitter:card\" content=\"summary_large_image\" \/>\n<meta name=\"twitter:label1\" content=\"\u00c9crit par\" \/>\n\t<meta name=\"twitter:data1\" content=\"WM81\" \/>\n\t<meta name=\"twitter:label2\" content=\"Dur\u00e9e de lecture estim\u00e9e\" \/>\n\t<meta name=\"twitter:data2\" content=\"5 minutes\" \/>\n<script type=\"application\/ld+json\" class=\"yoast-schema-graph\">{\"@context\":\"https:\\\/\\\/schema.org\",\"@graph\":[{\"@type\":\"Article\",\"@id\":\"https:\\\/\\\/toutesnosenergies.fr\\\/index.php\\\/2021\\\/11\\\/07\\\/bienvenue-dans-le-maquis-des-energies-renouvelables-enr\\\/#article\",\"isPartOf\":{\"@id\":\"https:\\\/\\\/toutesnosenergies.fr\\\/index.php\\\/2021\\\/11\\\/07\\\/bienvenue-dans-le-maquis-des-energies-renouvelables-enr\\\/\"},\"author\":{\"name\":\"WM81\",\"@id\":\"https:\\\/\\\/toutesnosenergies.fr\\\/#\\\/schema\\\/person\\\/83b429b7810ce59e0a21afb7e0b3cb1c\"},\"headline\":\"Bienvenue dans le maquis des \u00e9nergies renouvelables (EnR)\",\"datePublished\":\"2021-11-07T19:42:09+00:00\",\"dateModified\":\"2021-11-07T19:42:14+00:00\",\"mainEntityOfPage\":{\"@id\":\"https:\\\/\\\/toutesnosenergies.fr\\\/index.php\\\/2021\\\/11\\\/07\\\/bienvenue-dans-le-maquis-des-energies-renouvelables-enr\\\/\"},\"wordCount\":1022,\"commentCount\":0,\"publisher\":{\"@id\":\"https:\\\/\\\/toutesnosenergies.fr\\\/#organization\"},\"articleSection\":[\"Informations diverses\"],\"inLanguage\":\"fr-FR\",\"potentialAction\":[{\"@type\":\"CommentAction\",\"name\":\"Comment\",\"target\":[\"https:\\\/\\\/toutesnosenergies.fr\\\/index.php\\\/2021\\\/11\\\/07\\\/bienvenue-dans-le-maquis-des-energies-renouvelables-enr\\\/#respond\"]}]},{\"@type\":\"WebPage\",\"@id\":\"https:\\\/\\\/toutesnosenergies.fr\\\/index.php\\\/2021\\\/11\\\/07\\\/bienvenue-dans-le-maquis-des-energies-renouvelables-enr\\\/\",\"url\":\"https:\\\/\\\/toutesnosenergies.fr\\\/index.php\\\/2021\\\/11\\\/07\\\/bienvenue-dans-le-maquis-des-energies-renouvelables-enr\\\/\",\"name\":\"Bienvenue dans le maquis des \u00e9nergies renouvelables (EnR) - Toutes Nos \u00c9nergies \u2013 Occitanie Environnement\",\"isPartOf\":{\"@id\":\"https:\\\/\\\/toutesnosenergies.fr\\\/#website\"},\"datePublished\":\"2021-11-07T19:42:09+00:00\",\"dateModified\":\"2021-11-07T19:42:14+00:00\",\"breadcrumb\":{\"@id\":\"https:\\\/\\\/toutesnosenergies.fr\\\/index.php\\\/2021\\\/11\\\/07\\\/bienvenue-dans-le-maquis-des-energies-renouvelables-enr\\\/#breadcrumb\"},\"inLanguage\":\"fr-FR\",\"potentialAction\":[{\"@type\":\"ReadAction\",\"target\":[\"https:\\\/\\\/toutesnosenergies.fr\\\/index.php\\\/2021\\\/11\\\/07\\\/bienvenue-dans-le-maquis-des-energies-renouvelables-enr\\\/\"]}]},{\"@type\":\"BreadcrumbList\",\"@id\":\"https:\\\/\\\/toutesnosenergies.fr\\\/index.php\\\/2021\\\/11\\\/07\\\/bienvenue-dans-le-maquis-des-energies-renouvelables-enr\\\/#breadcrumb\",\"itemListElement\":[{\"@type\":\"ListItem\",\"position\":1,\"name\":\"Accueil\",\"item\":\"https:\\\/\\\/toutesnosenergies.fr\\\/\"},{\"@type\":\"ListItem\",\"position\":2,\"name\":\"Bienvenue dans le maquis des \u00e9nergies renouvelables (EnR)\"}]},{\"@type\":\"WebSite\",\"@id\":\"https:\\\/\\\/toutesnosenergies.fr\\\/#website\",\"url\":\"https:\\\/\\\/toutesnosenergies.fr\\\/\",\"name\":\"Toutes Nos \u00c9nergies \u2013 Occitanie Environnement\",\"description\":\"Pour une \u00e9nergie respectueuse du vivant et des territoires ruraux en Occitanie\",\"publisher\":{\"@id\":\"https:\\\/\\\/toutesnosenergies.fr\\\/#organization\"},\"potentialAction\":[{\"@type\":\"SearchAction\",\"target\":{\"@type\":\"EntryPoint\",\"urlTemplate\":\"https:\\\/\\\/toutesnosenergies.fr\\\/?s={search_term_string}\"},\"query-input\":{\"@type\":\"PropertyValueSpecification\",\"valueRequired\":true,\"valueName\":\"search_term_string\"}}],\"inLanguage\":\"fr-FR\"},{\"@type\":\"Organization\",\"@id\":\"https:\\\/\\\/toutesnosenergies.fr\\\/#organization\",\"name\":\"Toutes Nos \u00c9nergies \u2013 Occitanie Environnement\",\"url\":\"https:\\\/\\\/toutesnosenergies.fr\\\/\",\"logo\":{\"@type\":\"ImageObject\",\"inLanguage\":\"fr-FR\",\"@id\":\"https:\\\/\\\/toutesnosenergies.fr\\\/#\\\/schema\\\/logo\\\/image\\\/\",\"url\":\"https:\\\/\\\/toutesnosenergies.fr\\\/wp-content\\\/uploads\\\/2023\\\/01\\\/Petit-logo.png\",\"contentUrl\":\"https:\\\/\\\/toutesnosenergies.fr\\\/wp-content\\\/uploads\\\/2023\\\/01\\\/Petit-logo.png\",\"width\":360,\"height\":102,\"caption\":\"Toutes Nos \u00c9nergies \u2013 Occitanie Environnement\"},\"image\":{\"@id\":\"https:\\\/\\\/toutesnosenergies.fr\\\/#\\\/schema\\\/logo\\\/image\\\/\"},\"sameAs\":[\"https:\\\/\\\/www.facebook.com\\\/TNEtoutesnosenergiesOccitanieEnvironnement\"]},{\"@type\":\"Person\",\"@id\":\"https:\\\/\\\/toutesnosenergies.fr\\\/#\\\/schema\\\/person\\\/83b429b7810ce59e0a21afb7e0b3cb1c\",\"name\":\"WM81\",\"image\":{\"@type\":\"ImageObject\",\"inLanguage\":\"fr-FR\",\"@id\":\"https:\\\/\\\/secure.gravatar.com\\\/avatar\\\/aa9bf2bd97a7297274c53294f09e800c7ee0d88290f959d5d49f9380299b9ff1?s=96&d=mm&r=g\",\"url\":\"https:\\\/\\\/secure.gravatar.com\\\/avatar\\\/aa9bf2bd97a7297274c53294f09e800c7ee0d88290f959d5d49f9380299b9ff1?s=96&d=mm&r=g\",\"contentUrl\":\"https:\\\/\\\/secure.gravatar.com\\\/avatar\\\/aa9bf2bd97a7297274c53294f09e800c7ee0d88290f959d5d49f9380299b9ff1?s=96&d=mm&r=g\",\"caption\":\"WM81\"},\"sameAs\":[\"http:\\\/\\\/toutesnosenergies.fr\"],\"url\":\"https:\\\/\\\/toutesnosenergies.fr\\\/index.php\\\/author\\\/wm81\\\/\"}]}<\/script>\n<!-- \/ Yoast SEO plugin. -->","yoast_head_json":{"title":"Bienvenue dans le maquis des \u00e9nergies renouvelables (EnR) - Toutes Nos \u00c9nergies \u2013 Occitanie Environnement","robots":{"index":"index","follow":"follow","max-snippet":"max-snippet:-1","max-image-preview":"max-image-preview:large","max-video-preview":"max-video-preview:-1"},"canonical":"https:\/\/toutesnosenergies.fr\/index.php\/2021\/11\/07\/bienvenue-dans-le-maquis-des-energies-renouvelables-enr\/","og_locale":"fr_FR","og_type":"article","og_title":"Bienvenue dans le maquis des \u00e9nergies renouvelables (EnR) - Toutes Nos \u00c9nergies \u2013 Occitanie Environnement","og_description":"Le jugement r\u00e9cent de la Cour d\u2019Appel de Toulouse vient, pour la premi\u00e8re fois en France, de reconna\u00eetre qu\u2019un parc \u00e9olien industriel apporte un trouble de voisinage qui doit \u00eatre indemnis\u00e9. Le jugement int\u00e8gre m\u00eame une reconnaissance de ce que l\u2019on appelle le syndrome \u00e9olien\u00a0: une atteinte \u00e0 la sant\u00e9 caus\u00e9e par la pr\u00e9sence de ... Lire plus","og_url":"https:\/\/toutesnosenergies.fr\/index.php\/2021\/11\/07\/bienvenue-dans-le-maquis-des-energies-renouvelables-enr\/","og_site_name":"Toutes Nos \u00c9nergies \u2013 Occitanie Environnement","article_publisher":"https:\/\/www.facebook.com\/TNEtoutesnosenergiesOccitanieEnvironnement","article_published_time":"2021-11-07T19:42:09+00:00","article_modified_time":"2021-11-07T19:42:14+00:00","author":"WM81","twitter_card":"summary_large_image","twitter_misc":{"\u00c9crit par":"WM81","Dur\u00e9e de lecture estim\u00e9e":"5 minutes"},"schema":{"@context":"https:\/\/schema.org","@graph":[{"@type":"Article","@id":"https:\/\/toutesnosenergies.fr\/index.php\/2021\/11\/07\/bienvenue-dans-le-maquis-des-energies-renouvelables-enr\/#article","isPartOf":{"@id":"https:\/\/toutesnosenergies.fr\/index.php\/2021\/11\/07\/bienvenue-dans-le-maquis-des-energies-renouvelables-enr\/"},"author":{"name":"WM81","@id":"https:\/\/toutesnosenergies.fr\/#\/schema\/person\/83b429b7810ce59e0a21afb7e0b3cb1c"},"headline":"Bienvenue dans le maquis des \u00e9nergies renouvelables (EnR)","datePublished":"2021-11-07T19:42:09+00:00","dateModified":"2021-11-07T19:42:14+00:00","mainEntityOfPage":{"@id":"https:\/\/toutesnosenergies.fr\/index.php\/2021\/11\/07\/bienvenue-dans-le-maquis-des-energies-renouvelables-enr\/"},"wordCount":1022,"commentCount":0,"publisher":{"@id":"https:\/\/toutesnosenergies.fr\/#organization"},"articleSection":["Informations diverses"],"inLanguage":"fr-FR","potentialAction":[{"@type":"CommentAction","name":"Comment","target":["https:\/\/toutesnosenergies.fr\/index.php\/2021\/11\/07\/bienvenue-dans-le-maquis-des-energies-renouvelables-enr\/#respond"]}]},{"@type":"WebPage","@id":"https:\/\/toutesnosenergies.fr\/index.php\/2021\/11\/07\/bienvenue-dans-le-maquis-des-energies-renouvelables-enr\/","url":"https:\/\/toutesnosenergies.fr\/index.php\/2021\/11\/07\/bienvenue-dans-le-maquis-des-energies-renouvelables-enr\/","name":"Bienvenue dans le maquis des \u00e9nergies renouvelables (EnR) - Toutes Nos \u00c9nergies \u2013 Occitanie Environnement","isPartOf":{"@id":"https:\/\/toutesnosenergies.fr\/#website"},"datePublished":"2021-11-07T19:42:09+00:00","dateModified":"2021-11-07T19:42:14+00:00","breadcrumb":{"@id":"https:\/\/toutesnosenergies.fr\/index.php\/2021\/11\/07\/bienvenue-dans-le-maquis-des-energies-renouvelables-enr\/#breadcrumb"},"inLanguage":"fr-FR","potentialAction":[{"@type":"ReadAction","target":["https:\/\/toutesnosenergies.fr\/index.php\/2021\/11\/07\/bienvenue-dans-le-maquis-des-energies-renouvelables-enr\/"]}]},{"@type":"BreadcrumbList","@id":"https:\/\/toutesnosenergies.fr\/index.php\/2021\/11\/07\/bienvenue-dans-le-maquis-des-energies-renouvelables-enr\/#breadcrumb","itemListElement":[{"@type":"ListItem","position":1,"name":"Accueil","item":"https:\/\/toutesnosenergies.fr\/"},{"@type":"ListItem","position":2,"name":"Bienvenue dans le maquis des \u00e9nergies renouvelables (EnR)"}]},{"@type":"WebSite","@id":"https:\/\/toutesnosenergies.fr\/#website","url":"https:\/\/toutesnosenergies.fr\/","name":"Toutes Nos \u00c9nergies \u2013 Occitanie Environnement","description":"Pour une \u00e9nergie respectueuse du vivant et des territoires ruraux en Occitanie","publisher":{"@id":"https:\/\/toutesnosenergies.fr\/#organization"},"potentialAction":[{"@type":"SearchAction","target":{"@type":"EntryPoint","urlTemplate":"https:\/\/toutesnosenergies.fr\/?s={search_term_string}"},"query-input":{"@type":"PropertyValueSpecification","valueRequired":true,"valueName":"search_term_string"}}],"inLanguage":"fr-FR"},{"@type":"Organization","@id":"https:\/\/toutesnosenergies.fr\/#organization","name":"Toutes Nos \u00c9nergies \u2013 Occitanie Environnement","url":"https:\/\/toutesnosenergies.fr\/","logo":{"@type":"ImageObject","inLanguage":"fr-FR","@id":"https:\/\/toutesnosenergies.fr\/#\/schema\/logo\/image\/","url":"https:\/\/toutesnosenergies.fr\/wp-content\/uploads\/2023\/01\/Petit-logo.png","contentUrl":"https:\/\/toutesnosenergies.fr\/wp-content\/uploads\/2023\/01\/Petit-logo.png","width":360,"height":102,"caption":"Toutes Nos \u00c9nergies \u2013 Occitanie Environnement"},"image":{"@id":"https:\/\/toutesnosenergies.fr\/#\/schema\/logo\/image\/"},"sameAs":["https:\/\/www.facebook.com\/TNEtoutesnosenergiesOccitanieEnvironnement"]},{"@type":"Person","@id":"https:\/\/toutesnosenergies.fr\/#\/schema\/person\/83b429b7810ce59e0a21afb7e0b3cb1c","name":"WM81","image":{"@type":"ImageObject","inLanguage":"fr-FR","@id":"https:\/\/secure.gravatar.com\/avatar\/aa9bf2bd97a7297274c53294f09e800c7ee0d88290f959d5d49f9380299b9ff1?s=96&d=mm&r=g","url":"https:\/\/secure.gravatar.com\/avatar\/aa9bf2bd97a7297274c53294f09e800c7ee0d88290f959d5d49f9380299b9ff1?s=96&d=mm&r=g","contentUrl":"https:\/\/secure.gravatar.com\/avatar\/aa9bf2bd97a7297274c53294f09e800c7ee0d88290f959d5d49f9380299b9ff1?s=96&d=mm&r=g","caption":"WM81"},"sameAs":["http:\/\/toutesnosenergies.fr"],"url":"https:\/\/toutesnosenergies.fr\/index.php\/author\/wm81\/"}]}},"_links":{"self":[{"href":"https:\/\/toutesnosenergies.fr\/index.php\/wp-json\/wp\/v2\/posts\/7446","targetHints":{"allow":["GET"]}}],"collection":[{"href":"https:\/\/toutesnosenergies.fr\/index.php\/wp-json\/wp\/v2\/posts"}],"about":[{"href":"https:\/\/toutesnosenergies.fr\/index.php\/wp-json\/wp\/v2\/types\/post"}],"author":[{"embeddable":true,"href":"https:\/\/toutesnosenergies.fr\/index.php\/wp-json\/wp\/v2\/users\/3"}],"replies":[{"embeddable":true,"href":"https:\/\/toutesnosenergies.fr\/index.php\/wp-json\/wp\/v2\/comments?post=7446"}],"version-history":[{"count":6,"href":"https:\/\/toutesnosenergies.fr\/index.php\/wp-json\/wp\/v2\/posts\/7446\/revisions"}],"predecessor-version":[{"id":7452,"href":"https:\/\/toutesnosenergies.fr\/index.php\/wp-json\/wp\/v2\/posts\/7446\/revisions\/7452"}],"wp:attachment":[{"href":"https:\/\/toutesnosenergies.fr\/index.php\/wp-json\/wp\/v2\/media?parent=7446"}],"wp:term":[{"taxonomy":"category","embeddable":true,"href":"https:\/\/toutesnosenergies.fr\/index.php\/wp-json\/wp\/v2\/categories?post=7446"},{"taxonomy":"post_tag","embeddable":true,"href":"https:\/\/toutesnosenergies.fr\/index.php\/wp-json\/wp\/v2\/tags?post=7446"}],"curies":[{"name":"wp","href":"https:\/\/api.w.org\/{rel}","templated":true}]}}