{"id":7910,"date":"2022-03-14T17:01:40","date_gmt":"2022-03-14T16:01:40","guid":{"rendered":"https:\/\/toutesnosenergies.fr\/?p=7910"},"modified":"2022-03-17T16:14:52","modified_gmt":"2022-03-17T15:14:52","slug":"la-ministre-de-la-transition-ecologique-et-edf-en-deboutes-devant-le-conseil-detat","status":"publish","type":"post","link":"https:\/\/toutesnosenergies.fr\/index.php\/2022\/03\/14\/la-ministre-de-la-transition-ecologique-et-edf-en-deboutes-devant-le-conseil-detat\/","title":{"rendered":"LA MINISTRE DE LA TRANSITION \u00c9COLOGIQUE ET EDF-EN D\u00c9BOUT\u00c9S DEVANT LE CONSEIL D&rsquo;\u00c9TAT !!"},"content":{"rendered":"\n<p>Ce 10 mars, le Conseil d\u2019Etat a annul\u00e9 une autorisation pr\u00e9fectorale de destruction d\u2019esp\u00e8ces prot\u00e9g\u00e9es bas\u00e9e sur la raison imp\u00e9rative d\u2019int\u00e9r\u00eat public majeur.<\/p>\n\n\n\n<p class=\"has-background\" style=\"background-color:#f39ac9\">Apr\u00e8s 10 ans de lutte et 8 ans de proc\u00e9dure, l&rsquo;association Sauvegarde des Avant-Monts,&nbsp;avec&nbsp;le soutien du collectif Hurlevent,&nbsp;met un terme au&nbsp;projet industriel d\u2019une centrale \u00e9olienne sur la commune de Ferri\u00e8res-Poussarou (H\u00e9rault), village du PNR Haut Languedoc.<\/p>\n\n\n\n<p>Apr\u00e8s avoir remport\u00e9 une premi\u00e8re victoire&nbsp;devant la Cour administrative d\u2019Appel de Marseille, le 24 janvier 2020, qui censurait la d\u00e9cision pr\u00e9fectorale d\u2019autoriser, par d\u00e9rogation, le promoteur (EDF EN) \u00e0 d\u00e9truire des esp\u00e8ces prot\u00e9g\u00e9es, l\u2019association se voit confirm\u00e9e dans leur bon droit par le Conseil d\u2019Etat. Celui-ci d\u00e9boute la ministre de la transition \u00e9cologique et le promoteur qui avaient fait appel de la d\u00e9cision de la CA de Marseille.<\/p>\n\n\n\n<p>Le Conseil d&rsquo;Etat a consid\u00e9r\u00e9 que la d\u00e9rogation accord\u00e9e n\u2019\u00e9tait pas justifi\u00e9e par une raison imp\u00e9rative d\u2019int\u00e9r\u00eat public majeur \u00ab&nbsp; au sens de l\u2019article L. 411-2 du code de l\u2019environnement, pour la simple raison que ce projet de parc \u00e9olien n\u2019apporterait qu\u2019une contribution modeste \u00e0 la politique \u00e9nerg\u00e9tique nationale de d\u00e9veloppement de la part des \u00e9nergies renouvelables dans la consommation finale d\u2019\u00e9nergie dans une zone qui compte d\u00e9j\u00e0 de nombreux parcs \u00e9oliens et que les b\u00e9n\u00e9fices socio-\u00e9conomiques du projet seraient limit\u00e9s et principalement transitoires&nbsp;\u00bb .<\/p>\n\n\n\n<p>Pendant toutes ces ann\u00e9es, ces associations ont fait un gros travail de documentation sur cette bordure m\u00e9ridionale du Massif Central, o\u00f9 s\u00e9journent ou migrent plus de cent esp\u00e8ces prot\u00e9g\u00e9es d\u2019oiseaux et de chauves souris, mais aussi sur l\u2019application de la doctrine ERC (Eviter, R\u00e9duire, Compenser) qui oblige le promoteur \u00e0 d\u2019abord chercher un site moins sensible du point de vue environnemental. Ce travail a port\u00e9 ses fruits.<\/p>\n\n\n\n<p>Le pr\u00e9sent arr\u00eat, qui annule la d\u00e9rogation donn\u00e9e \u00e0 l\u2019interdiction de destruction des esp\u00e8ces prot\u00e9g\u00e9es, suffit par lui-m\u00eame \u00e0 rendre \u00e0 nouveau ex\u00e9cutoire cette interdiction pr\u00e9vue par le code de l\u2019environnement,&nbsp;donc&nbsp;se traduire maintenant par l\u2019annulation des permis de construire et d\u2019exploiter que la pr\u00e9fecture de l\u2019H\u00e9rault doit effectuer (nous y serons vigilants).<\/p>\n\n\n\n<p>Pour les situations similaires que nous connaissons, et dans lesquelles plusieurs de nos associations se sont pourvues devant la justice administrative, nous esp\u00e9rons qu\u2019elle saura consid\u00e9rer que, pour les m\u00eames motifs,&nbsp;<strong>ces projets \u00e9oliens ne r\u00e9pondent pas \u00e0 une raison imp\u00e9rative d\u2019int\u00e9r\u00eat public majeur<\/strong>&nbsp;et annulera en cons\u00e9quence les arr\u00eat\u00e9s pr\u00e9fectoraux qui les ont autoris\u00e9s.<\/p>\n\n\n\n<p class=\"has-background\" style=\"background-color:#f39ac9\">Le collectif TNE Occitanie environnement partage la joie de nos amis d\u00e9fenseurs de l\u2019environnement et les f\u00e9licite pour le s\u00e9rieux et la t\u00e9nacit\u00e9 de leur action. Cette belle victoire encouragera toutes les personnes en lutte contre l\u2019envahissement de l\u2019\u00e9olien industriel dans nos espaces naturels.<\/p>\n\n\n\n<p>La d\u00e9cision du Conseil d\u2019\u00c9tat (<a href=\"https:\/\/toutesnosenergies.fr\/wp-content\/uploads\/2022\/03\/Decision-CE-439.786-et-439.784.pdf\" target=\"_blank\" rel=\"noreferrer noopener\">ici en PDF<\/a>)<\/p>\n\n\n\n<p><\/p>\n\n\n\n<p><\/p>\n","protected":false},"excerpt":{"rendered":"<p>Ce 10 mars, le Conseil d\u2019Etat a annul\u00e9 une autorisation pr\u00e9fectorale de destruction d\u2019esp\u00e8ces prot\u00e9g\u00e9es bas\u00e9e sur la raison imp\u00e9rative d\u2019int\u00e9r\u00eat public majeur. Apr\u00e8s 10 ans de lutte et 8 ans de proc\u00e9dure, l&rsquo;association Sauvegarde des Avant-Monts,&nbsp;avec&nbsp;le soutien du collectif Hurlevent,&nbsp;met un terme au&nbsp;projet industriel d\u2019une centrale \u00e9olienne sur la commune de Ferri\u00e8res-Poussarou (H\u00e9rault), village &#8230; <a title=\"LA MINISTRE DE LA TRANSITION \u00c9COLOGIQUE ET EDF-EN D\u00c9BOUT\u00c9S DEVANT LE CONSEIL D&rsquo;\u00c9TAT !!\" class=\"read-more\" href=\"https:\/\/toutesnosenergies.fr\/index.php\/2022\/03\/14\/la-ministre-de-la-transition-ecologique-et-edf-en-deboutes-devant-le-conseil-detat\/\" aria-label=\"Plus sur LA MINISTRE DE LA TRANSITION \u00c9COLOGIQUE ET EDF-EN D\u00c9BOUT\u00c9S DEVANT LE CONSEIL D&rsquo;\u00c9TAT !!\">Lire plus<\/a><\/p>\n","protected":false},"author":3,"featured_media":0,"comment_status":"open","ping_status":"open","sticky":false,"template":"","format":"standard","meta":{"_cbd_carousel_blocks":"[]","sfsi_plus_gutenberg_text_before_share":"","sfsi_plus_gutenberg_show_text_before_share":"","sfsi_plus_gutenberg_icon_type":"","sfsi_plus_gutenberg_icon_alignemt":"","sfsi_plus_gutenburg_max_per_row":"","footnotes":""},"categories":[7],"tags":[],"class_list":["post-7910","post","type-post","status-publish","format-standard","hentry","category-communiques-collectif-tne-oe"],"yoast_head":"<!-- This site is optimized with the Yoast SEO plugin v27.5 - https:\/\/yoast.com\/product\/yoast-seo-wordpress\/ -->\n<title>LA MINISTRE DE LA TRANSITION \u00c9COLOGIQUE ET EDF-EN D\u00c9BOUT\u00c9S DEVANT LE CONSEIL D&#039;\u00c9TAT !! - Toutes Nos \u00c9nergies \u2013 Occitanie Environnement<\/title>\n<meta name=\"robots\" content=\"index, follow, max-snippet:-1, max-image-preview:large, max-video-preview:-1\" \/>\n<link rel=\"canonical\" href=\"https:\/\/toutesnosenergies.fr\/index.php\/2022\/03\/14\/la-ministre-de-la-transition-ecologique-et-edf-en-deboutes-devant-le-conseil-detat\/\" \/>\n<meta property=\"og:locale\" content=\"fr_FR\" \/>\n<meta property=\"og:type\" content=\"article\" \/>\n<meta property=\"og:title\" content=\"LA MINISTRE DE LA TRANSITION \u00c9COLOGIQUE ET EDF-EN D\u00c9BOUT\u00c9S DEVANT LE CONSEIL D&#039;\u00c9TAT !! - Toutes Nos \u00c9nergies \u2013 Occitanie Environnement\" \/>\n<meta property=\"og:description\" content=\"Ce 10 mars, le Conseil d\u2019Etat a annul\u00e9 une autorisation pr\u00e9fectorale de destruction d\u2019esp\u00e8ces prot\u00e9g\u00e9es bas\u00e9e sur la raison imp\u00e9rative d\u2019int\u00e9r\u00eat public majeur. Apr\u00e8s 10 ans de lutte et 8 ans de proc\u00e9dure, l&rsquo;association Sauvegarde des Avant-Monts,&nbsp;avec&nbsp;le soutien du collectif Hurlevent,&nbsp;met un terme au&nbsp;projet industriel d\u2019une centrale \u00e9olienne sur la commune de Ferri\u00e8res-Poussarou (H\u00e9rault), village ... Lire plus\" \/>\n<meta property=\"og:url\" content=\"https:\/\/toutesnosenergies.fr\/index.php\/2022\/03\/14\/la-ministre-de-la-transition-ecologique-et-edf-en-deboutes-devant-le-conseil-detat\/\" \/>\n<meta property=\"og:site_name\" content=\"Toutes Nos \u00c9nergies \u2013 Occitanie Environnement\" \/>\n<meta property=\"article:publisher\" content=\"https:\/\/www.facebook.com\/TNEtoutesnosenergiesOccitanieEnvironnement\" \/>\n<meta property=\"article:published_time\" content=\"2022-03-14T16:01:40+00:00\" \/>\n<meta property=\"article:modified_time\" content=\"2022-03-17T15:14:52+00:00\" \/>\n<meta name=\"author\" content=\"WM81\" \/>\n<meta name=\"twitter:card\" content=\"summary_large_image\" \/>\n<meta name=\"twitter:label1\" content=\"\u00c9crit par\" \/>\n\t<meta name=\"twitter:data1\" content=\"WM81\" \/>\n\t<meta name=\"twitter:label2\" content=\"Dur\u00e9e de lecture estim\u00e9e\" \/>\n\t<meta name=\"twitter:data2\" content=\"3 minutes\" \/>\n<script type=\"application\/ld+json\" class=\"yoast-schema-graph\">{\"@context\":\"https:\\\/\\\/schema.org\",\"@graph\":[{\"@type\":\"Article\",\"@id\":\"https:\\\/\\\/toutesnosenergies.fr\\\/index.php\\\/2022\\\/03\\\/14\\\/la-ministre-de-la-transition-ecologique-et-edf-en-deboutes-devant-le-conseil-detat\\\/#article\",\"isPartOf\":{\"@id\":\"https:\\\/\\\/toutesnosenergies.fr\\\/index.php\\\/2022\\\/03\\\/14\\\/la-ministre-de-la-transition-ecologique-et-edf-en-deboutes-devant-le-conseil-detat\\\/\"},\"author\":{\"name\":\"WM81\",\"@id\":\"https:\\\/\\\/toutesnosenergies.fr\\\/#\\\/schema\\\/person\\\/83b429b7810ce59e0a21afb7e0b3cb1c\"},\"headline\":\"LA MINISTRE DE LA TRANSITION \u00c9COLOGIQUE ET EDF-EN D\u00c9BOUT\u00c9S DEVANT LE CONSEIL D&rsquo;\u00c9TAT !!\",\"datePublished\":\"2022-03-14T16:01:40+00:00\",\"dateModified\":\"2022-03-17T15:14:52+00:00\",\"mainEntityOfPage\":{\"@id\":\"https:\\\/\\\/toutesnosenergies.fr\\\/index.php\\\/2022\\\/03\\\/14\\\/la-ministre-de-la-transition-ecologique-et-edf-en-deboutes-devant-le-conseil-detat\\\/\"},\"wordCount\":561,\"commentCount\":1,\"publisher\":{\"@id\":\"https:\\\/\\\/toutesnosenergies.fr\\\/#organization\"},\"articleSection\":[\"Communiqu\u00e9s de TNE-OE\"],\"inLanguage\":\"fr-FR\",\"potentialAction\":[{\"@type\":\"CommentAction\",\"name\":\"Comment\",\"target\":[\"https:\\\/\\\/toutesnosenergies.fr\\\/index.php\\\/2022\\\/03\\\/14\\\/la-ministre-de-la-transition-ecologique-et-edf-en-deboutes-devant-le-conseil-detat\\\/#respond\"]}]},{\"@type\":\"WebPage\",\"@id\":\"https:\\\/\\\/toutesnosenergies.fr\\\/index.php\\\/2022\\\/03\\\/14\\\/la-ministre-de-la-transition-ecologique-et-edf-en-deboutes-devant-le-conseil-detat\\\/\",\"url\":\"https:\\\/\\\/toutesnosenergies.fr\\\/index.php\\\/2022\\\/03\\\/14\\\/la-ministre-de-la-transition-ecologique-et-edf-en-deboutes-devant-le-conseil-detat\\\/\",\"name\":\"LA MINISTRE DE LA TRANSITION \u00c9COLOGIQUE ET EDF-EN D\u00c9BOUT\u00c9S DEVANT LE CONSEIL D'\u00c9TAT !! - Toutes Nos \u00c9nergies \u2013 Occitanie Environnement\",\"isPartOf\":{\"@id\":\"https:\\\/\\\/toutesnosenergies.fr\\\/#website\"},\"datePublished\":\"2022-03-14T16:01:40+00:00\",\"dateModified\":\"2022-03-17T15:14:52+00:00\",\"breadcrumb\":{\"@id\":\"https:\\\/\\\/toutesnosenergies.fr\\\/index.php\\\/2022\\\/03\\\/14\\\/la-ministre-de-la-transition-ecologique-et-edf-en-deboutes-devant-le-conseil-detat\\\/#breadcrumb\"},\"inLanguage\":\"fr-FR\",\"potentialAction\":[{\"@type\":\"ReadAction\",\"target\":[\"https:\\\/\\\/toutesnosenergies.fr\\\/index.php\\\/2022\\\/03\\\/14\\\/la-ministre-de-la-transition-ecologique-et-edf-en-deboutes-devant-le-conseil-detat\\\/\"]}]},{\"@type\":\"BreadcrumbList\",\"@id\":\"https:\\\/\\\/toutesnosenergies.fr\\\/index.php\\\/2022\\\/03\\\/14\\\/la-ministre-de-la-transition-ecologique-et-edf-en-deboutes-devant-le-conseil-detat\\\/#breadcrumb\",\"itemListElement\":[{\"@type\":\"ListItem\",\"position\":1,\"name\":\"Accueil\",\"item\":\"https:\\\/\\\/toutesnosenergies.fr\\\/\"},{\"@type\":\"ListItem\",\"position\":2,\"name\":\"LA MINISTRE DE LA TRANSITION \u00c9COLOGIQUE ET EDF-EN D\u00c9BOUT\u00c9S DEVANT LE CONSEIL D&#8217;\u00c9TAT !!\"}]},{\"@type\":\"WebSite\",\"@id\":\"https:\\\/\\\/toutesnosenergies.fr\\\/#website\",\"url\":\"https:\\\/\\\/toutesnosenergies.fr\\\/\",\"name\":\"Toutes Nos \u00c9nergies \u2013 Occitanie Environnement\",\"description\":\"Pour une \u00e9nergie respectueuse du vivant et des territoires ruraux en Occitanie\",\"publisher\":{\"@id\":\"https:\\\/\\\/toutesnosenergies.fr\\\/#organization\"},\"potentialAction\":[{\"@type\":\"SearchAction\",\"target\":{\"@type\":\"EntryPoint\",\"urlTemplate\":\"https:\\\/\\\/toutesnosenergies.fr\\\/?s={search_term_string}\"},\"query-input\":{\"@type\":\"PropertyValueSpecification\",\"valueRequired\":true,\"valueName\":\"search_term_string\"}}],\"inLanguage\":\"fr-FR\"},{\"@type\":\"Organization\",\"@id\":\"https:\\\/\\\/toutesnosenergies.fr\\\/#organization\",\"name\":\"Toutes Nos \u00c9nergies \u2013 Occitanie Environnement\",\"url\":\"https:\\\/\\\/toutesnosenergies.fr\\\/\",\"logo\":{\"@type\":\"ImageObject\",\"inLanguage\":\"fr-FR\",\"@id\":\"https:\\\/\\\/toutesnosenergies.fr\\\/#\\\/schema\\\/logo\\\/image\\\/\",\"url\":\"https:\\\/\\\/toutesnosenergies.fr\\\/wp-content\\\/uploads\\\/2023\\\/01\\\/Petit-logo.png\",\"contentUrl\":\"https:\\\/\\\/toutesnosenergies.fr\\\/wp-content\\\/uploads\\\/2023\\\/01\\\/Petit-logo.png\",\"width\":360,\"height\":102,\"caption\":\"Toutes Nos \u00c9nergies \u2013 Occitanie Environnement\"},\"image\":{\"@id\":\"https:\\\/\\\/toutesnosenergies.fr\\\/#\\\/schema\\\/logo\\\/image\\\/\"},\"sameAs\":[\"https:\\\/\\\/www.facebook.com\\\/TNEtoutesnosenergiesOccitanieEnvironnement\"]},{\"@type\":\"Person\",\"@id\":\"https:\\\/\\\/toutesnosenergies.fr\\\/#\\\/schema\\\/person\\\/83b429b7810ce59e0a21afb7e0b3cb1c\",\"name\":\"WM81\",\"image\":{\"@type\":\"ImageObject\",\"inLanguage\":\"fr-FR\",\"@id\":\"https:\\\/\\\/secure.gravatar.com\\\/avatar\\\/aa9bf2bd97a7297274c53294f09e800c7ee0d88290f959d5d49f9380299b9ff1?s=96&d=mm&r=g\",\"url\":\"https:\\\/\\\/secure.gravatar.com\\\/avatar\\\/aa9bf2bd97a7297274c53294f09e800c7ee0d88290f959d5d49f9380299b9ff1?s=96&d=mm&r=g\",\"contentUrl\":\"https:\\\/\\\/secure.gravatar.com\\\/avatar\\\/aa9bf2bd97a7297274c53294f09e800c7ee0d88290f959d5d49f9380299b9ff1?s=96&d=mm&r=g\",\"caption\":\"WM81\"},\"sameAs\":[\"http:\\\/\\\/toutesnosenergies.fr\"],\"url\":\"https:\\\/\\\/toutesnosenergies.fr\\\/index.php\\\/author\\\/wm81\\\/\"}]}<\/script>\n<!-- \/ Yoast SEO plugin. -->","yoast_head_json":{"title":"LA MINISTRE DE LA TRANSITION \u00c9COLOGIQUE ET EDF-EN D\u00c9BOUT\u00c9S DEVANT LE CONSEIL D'\u00c9TAT !! - Toutes Nos \u00c9nergies \u2013 Occitanie Environnement","robots":{"index":"index","follow":"follow","max-snippet":"max-snippet:-1","max-image-preview":"max-image-preview:large","max-video-preview":"max-video-preview:-1"},"canonical":"https:\/\/toutesnosenergies.fr\/index.php\/2022\/03\/14\/la-ministre-de-la-transition-ecologique-et-edf-en-deboutes-devant-le-conseil-detat\/","og_locale":"fr_FR","og_type":"article","og_title":"LA MINISTRE DE LA TRANSITION \u00c9COLOGIQUE ET EDF-EN D\u00c9BOUT\u00c9S DEVANT LE CONSEIL D'\u00c9TAT !! - Toutes Nos \u00c9nergies \u2013 Occitanie Environnement","og_description":"Ce 10 mars, le Conseil d\u2019Etat a annul\u00e9 une autorisation pr\u00e9fectorale de destruction d\u2019esp\u00e8ces prot\u00e9g\u00e9es bas\u00e9e sur la raison imp\u00e9rative d\u2019int\u00e9r\u00eat public majeur. Apr\u00e8s 10 ans de lutte et 8 ans de proc\u00e9dure, l&rsquo;association Sauvegarde des Avant-Monts,&nbsp;avec&nbsp;le soutien du collectif Hurlevent,&nbsp;met un terme au&nbsp;projet industriel d\u2019une centrale \u00e9olienne sur la commune de Ferri\u00e8res-Poussarou (H\u00e9rault), village ... Lire plus","og_url":"https:\/\/toutesnosenergies.fr\/index.php\/2022\/03\/14\/la-ministre-de-la-transition-ecologique-et-edf-en-deboutes-devant-le-conseil-detat\/","og_site_name":"Toutes Nos \u00c9nergies \u2013 Occitanie Environnement","article_publisher":"https:\/\/www.facebook.com\/TNEtoutesnosenergiesOccitanieEnvironnement","article_published_time":"2022-03-14T16:01:40+00:00","article_modified_time":"2022-03-17T15:14:52+00:00","author":"WM81","twitter_card":"summary_large_image","twitter_misc":{"\u00c9crit par":"WM81","Dur\u00e9e de lecture estim\u00e9e":"3 minutes"},"schema":{"@context":"https:\/\/schema.org","@graph":[{"@type":"Article","@id":"https:\/\/toutesnosenergies.fr\/index.php\/2022\/03\/14\/la-ministre-de-la-transition-ecologique-et-edf-en-deboutes-devant-le-conseil-detat\/#article","isPartOf":{"@id":"https:\/\/toutesnosenergies.fr\/index.php\/2022\/03\/14\/la-ministre-de-la-transition-ecologique-et-edf-en-deboutes-devant-le-conseil-detat\/"},"author":{"name":"WM81","@id":"https:\/\/toutesnosenergies.fr\/#\/schema\/person\/83b429b7810ce59e0a21afb7e0b3cb1c"},"headline":"LA MINISTRE DE LA TRANSITION \u00c9COLOGIQUE ET EDF-EN D\u00c9BOUT\u00c9S DEVANT LE CONSEIL D&rsquo;\u00c9TAT !!","datePublished":"2022-03-14T16:01:40+00:00","dateModified":"2022-03-17T15:14:52+00:00","mainEntityOfPage":{"@id":"https:\/\/toutesnosenergies.fr\/index.php\/2022\/03\/14\/la-ministre-de-la-transition-ecologique-et-edf-en-deboutes-devant-le-conseil-detat\/"},"wordCount":561,"commentCount":1,"publisher":{"@id":"https:\/\/toutesnosenergies.fr\/#organization"},"articleSection":["Communiqu\u00e9s de TNE-OE"],"inLanguage":"fr-FR","potentialAction":[{"@type":"CommentAction","name":"Comment","target":["https:\/\/toutesnosenergies.fr\/index.php\/2022\/03\/14\/la-ministre-de-la-transition-ecologique-et-edf-en-deboutes-devant-le-conseil-detat\/#respond"]}]},{"@type":"WebPage","@id":"https:\/\/toutesnosenergies.fr\/index.php\/2022\/03\/14\/la-ministre-de-la-transition-ecologique-et-edf-en-deboutes-devant-le-conseil-detat\/","url":"https:\/\/toutesnosenergies.fr\/index.php\/2022\/03\/14\/la-ministre-de-la-transition-ecologique-et-edf-en-deboutes-devant-le-conseil-detat\/","name":"LA MINISTRE DE LA TRANSITION \u00c9COLOGIQUE ET EDF-EN D\u00c9BOUT\u00c9S DEVANT LE CONSEIL D'\u00c9TAT !! - Toutes Nos \u00c9nergies \u2013 Occitanie Environnement","isPartOf":{"@id":"https:\/\/toutesnosenergies.fr\/#website"},"datePublished":"2022-03-14T16:01:40+00:00","dateModified":"2022-03-17T15:14:52+00:00","breadcrumb":{"@id":"https:\/\/toutesnosenergies.fr\/index.php\/2022\/03\/14\/la-ministre-de-la-transition-ecologique-et-edf-en-deboutes-devant-le-conseil-detat\/#breadcrumb"},"inLanguage":"fr-FR","potentialAction":[{"@type":"ReadAction","target":["https:\/\/toutesnosenergies.fr\/index.php\/2022\/03\/14\/la-ministre-de-la-transition-ecologique-et-edf-en-deboutes-devant-le-conseil-detat\/"]}]},{"@type":"BreadcrumbList","@id":"https:\/\/toutesnosenergies.fr\/index.php\/2022\/03\/14\/la-ministre-de-la-transition-ecologique-et-edf-en-deboutes-devant-le-conseil-detat\/#breadcrumb","itemListElement":[{"@type":"ListItem","position":1,"name":"Accueil","item":"https:\/\/toutesnosenergies.fr\/"},{"@type":"ListItem","position":2,"name":"LA MINISTRE DE LA TRANSITION \u00c9COLOGIQUE ET EDF-EN D\u00c9BOUT\u00c9S DEVANT LE CONSEIL D&#8217;\u00c9TAT !!"}]},{"@type":"WebSite","@id":"https:\/\/toutesnosenergies.fr\/#website","url":"https:\/\/toutesnosenergies.fr\/","name":"Toutes Nos \u00c9nergies \u2013 Occitanie Environnement","description":"Pour une \u00e9nergie respectueuse du vivant et des territoires ruraux en Occitanie","publisher":{"@id":"https:\/\/toutesnosenergies.fr\/#organization"},"potentialAction":[{"@type":"SearchAction","target":{"@type":"EntryPoint","urlTemplate":"https:\/\/toutesnosenergies.fr\/?s={search_term_string}"},"query-input":{"@type":"PropertyValueSpecification","valueRequired":true,"valueName":"search_term_string"}}],"inLanguage":"fr-FR"},{"@type":"Organization","@id":"https:\/\/toutesnosenergies.fr\/#organization","name":"Toutes Nos \u00c9nergies \u2013 Occitanie Environnement","url":"https:\/\/toutesnosenergies.fr\/","logo":{"@type":"ImageObject","inLanguage":"fr-FR","@id":"https:\/\/toutesnosenergies.fr\/#\/schema\/logo\/image\/","url":"https:\/\/toutesnosenergies.fr\/wp-content\/uploads\/2023\/01\/Petit-logo.png","contentUrl":"https:\/\/toutesnosenergies.fr\/wp-content\/uploads\/2023\/01\/Petit-logo.png","width":360,"height":102,"caption":"Toutes Nos \u00c9nergies \u2013 Occitanie Environnement"},"image":{"@id":"https:\/\/toutesnosenergies.fr\/#\/schema\/logo\/image\/"},"sameAs":["https:\/\/www.facebook.com\/TNEtoutesnosenergiesOccitanieEnvironnement"]},{"@type":"Person","@id":"https:\/\/toutesnosenergies.fr\/#\/schema\/person\/83b429b7810ce59e0a21afb7e0b3cb1c","name":"WM81","image":{"@type":"ImageObject","inLanguage":"fr-FR","@id":"https:\/\/secure.gravatar.com\/avatar\/aa9bf2bd97a7297274c53294f09e800c7ee0d88290f959d5d49f9380299b9ff1?s=96&d=mm&r=g","url":"https:\/\/secure.gravatar.com\/avatar\/aa9bf2bd97a7297274c53294f09e800c7ee0d88290f959d5d49f9380299b9ff1?s=96&d=mm&r=g","contentUrl":"https:\/\/secure.gravatar.com\/avatar\/aa9bf2bd97a7297274c53294f09e800c7ee0d88290f959d5d49f9380299b9ff1?s=96&d=mm&r=g","caption":"WM81"},"sameAs":["http:\/\/toutesnosenergies.fr"],"url":"https:\/\/toutesnosenergies.fr\/index.php\/author\/wm81\/"}]}},"_links":{"self":[{"href":"https:\/\/toutesnosenergies.fr\/index.php\/wp-json\/wp\/v2\/posts\/7910","targetHints":{"allow":["GET"]}}],"collection":[{"href":"https:\/\/toutesnosenergies.fr\/index.php\/wp-json\/wp\/v2\/posts"}],"about":[{"href":"https:\/\/toutesnosenergies.fr\/index.php\/wp-json\/wp\/v2\/types\/post"}],"author":[{"embeddable":true,"href":"https:\/\/toutesnosenergies.fr\/index.php\/wp-json\/wp\/v2\/users\/3"}],"replies":[{"embeddable":true,"href":"https:\/\/toutesnosenergies.fr\/index.php\/wp-json\/wp\/v2\/comments?post=7910"}],"version-history":[{"count":2,"href":"https:\/\/toutesnosenergies.fr\/index.php\/wp-json\/wp\/v2\/posts\/7910\/revisions"}],"predecessor-version":[{"id":7912,"href":"https:\/\/toutesnosenergies.fr\/index.php\/wp-json\/wp\/v2\/posts\/7910\/revisions\/7912"}],"wp:attachment":[{"href":"https:\/\/toutesnosenergies.fr\/index.php\/wp-json\/wp\/v2\/media?parent=7910"}],"wp:term":[{"taxonomy":"category","embeddable":true,"href":"https:\/\/toutesnosenergies.fr\/index.php\/wp-json\/wp\/v2\/categories?post=7910"},{"taxonomy":"post_tag","embeddable":true,"href":"https:\/\/toutesnosenergies.fr\/index.php\/wp-json\/wp\/v2\/tags?post=7910"}],"curies":[{"name":"wp","href":"https:\/\/api.w.org\/{rel}","templated":true}]}}