{"id":7922,"date":"2022-03-17T15:24:24","date_gmt":"2022-03-17T14:24:24","guid":{"rendered":"https:\/\/toutesnosenergies.fr\/?p=7922"},"modified":"2022-03-17T16:14:16","modified_gmt":"2022-03-17T15:14:16","slug":"eolien-flottant-en-mediterranee-pour-quoi-faire","status":"publish","type":"post","link":"https:\/\/toutesnosenergies.fr\/index.php\/2022\/03\/17\/eolien-flottant-en-mediterranee-pour-quoi-faire\/","title":{"rendered":"\u00c9olien flottant en M\u00e9diterran\u00e9e : pour quoi faire ?"},"content":{"rendered":"\n<p>Le 1er Ministre annonce son soutien et le lancement des appels d&rsquo;offres en 2023 pour l&rsquo;\u00e9olien flottant en M\u00e9diterran\u00e9e (voire ici <a href=\"https:\/\/www.actu-environnement.com\/ae\/news\/eolien-flottant-mediterranee-gouvernement-39268.php4#xtor=ES-6\">\u00c9olien flottant en M\u00e9diterran\u00e9e\u00a0: le gouvernement se d\u00e9cide et organise la fili\u00e8re\u00a0<\/a>(Actu Environnement)<br>En d\u00e9placement \u00e0 Port-La-Nouvelle (Aude), le chef du gouvernement a renouvel\u00e9 son soutien \u00e0 cette nouvelle fili\u00e8re strat\u00e9gique, dans la lign\u00e9e de son\u00a0discours de Saint-Nazaire, l&rsquo;\u00e9t\u00e9 dernier.\u00a0<em>\u00ab\u00a0Notre premier objectif doit \u00eatre de produire de l&rsquo;\u00e9nergie issue de l&rsquo;\u00e9olien flottant et notre second objectif est de produire les composants industriels n\u00e9cessaires en France.\u00a0\u00bb\u00a0<\/em>Dans cette optique, le locataire de Matignon a annonc\u00e9 le lancement de l&rsquo;appel d&rsquo;offres pour les deux premiers parcs flottants commerciaux en mer M\u00e9diterran\u00e9e. <\/p>\n\n\n\n<h2 class=\"wp-block-heading\">Kevin Jeanroy r\u00e9agit et nous fait part de ses r\u00e9flexions.\u00a0<\/h2>\n\n\n\n<p class=\"has-background\" style=\"background-color:#b5dcf3\">Cette annonce est un argument \u00e9lectoral, le gouvernement annonce son soutien au projet peu importe si le retour d&rsquo;exp\u00e9rience des fermes pilotes ne sera pas encore palpable, puisque les premi\u00e8res devraient \u00eatre mises en service cette m\u00eame ann\u00e9e 2023.&nbsp;<\/p>\n\n\n\n<div class=\"wp-block-image\"><figure class=\"alignright size-large is-resized\"><img loading=\"lazy\" decoding=\"async\" src=\"https:\/\/toutesnosenergies.fr\/wp-content\/uploads\/2022\/03\/IMG_2308-1024x768.jpeg\" alt=\"\" class=\"wp-image-7923\" width=\"440\" height=\"329\" srcset=\"https:\/\/toutesnosenergies.fr\/wp-content\/uploads\/2022\/03\/IMG_2308-1024x768.jpeg 1024w, https:\/\/toutesnosenergies.fr\/wp-content\/uploads\/2022\/03\/IMG_2308-300x225.jpeg 300w, https:\/\/toutesnosenergies.fr\/wp-content\/uploads\/2022\/03\/IMG_2308-768x576.jpeg 768w, https:\/\/toutesnosenergies.fr\/wp-content\/uploads\/2022\/03\/IMG_2308-1536x1152.jpeg 1536w, https:\/\/toutesnosenergies.fr\/wp-content\/uploads\/2022\/03\/IMG_2308-2048x1536.jpeg 2048w, https:\/\/toutesnosenergies.fr\/wp-content\/uploads\/2022\/03\/IMG_2308-1320x990.jpeg 1320w\" sizes=\"auto, (max-width: 440px) 100vw, 440px\" \/><\/figure><\/div>\n\n\n\n<p>La d\u00e9cision est donc belle et bien prise depuis longtemps, au moins depuis l&rsquo;extension du port de Port-La-Nouvelle, la concertation, utile et riche en d\u00e9bat, n&rsquo;influera pas sur la d\u00e9cision. Par cette annonce, le gouvernement fait du pied \u00e0 la majorit\u00e9 r\u00e9gionale et aux \u00e9cologistes \u00ab\u00a0\u00e9olien compatibles\u00a0\u00bb.&nbsp;<\/p>\n\n\n\n<p>L&rsquo;extension du port de Port-La-Nouvelle va quintupler les capacit\u00e9s de transit de marchandises et cette extension, en grande partie d\u00e9j\u00e0 r\u00e9alis\u00e9e, n&rsquo;est en fait justifi\u00e9e par la r\u00e9gion Occitanie que par ce projet d&rsquo;\u00e9olien flottant en mer. Concertation ou pas, l&rsquo;infrastructure est d\u00e9j\u00e0 r\u00e9alis\u00e9e, il faudra bien la \u00ab\u00a0rentabiliser\u00a0\u00bb au final. (A lire absolument \u00e0 ce sujet le dossier sur l&rsquo;extension du port de Port-La-Nouvelle et le collectif&nbsp; Balance Ton Port dans le journal trimestriel L&#8217;empaill\u00e9 n\u00b04 dans tous les kiosques d&rsquo;Occitanie.)<\/p>\n\n\n\n<p>Concernant les zones choisies, ce sont celles les plus proches des infrastructures strat\u00e9giques : Fos-sur-Mer et Port-la-Nouvelle, logique, mais on nous a quand m\u00eame invit\u00e9 \u00e0 r\u00e9fl\u00e9chir \u00e0 diff\u00e9rentes options de zones. Il y a la zone au large du Barcar\u00e8s et de Leucate qui reste en option pour les futures extensions ou si Fos-sur-Mer se d\u00e9siste. Rappelons aussi que Port-la-Nouvelle est destin\u00e9 \u00e0 devenir le nouveau \u00ab\u00a0hub\u00a0\u00bb de l&rsquo;\u00e9olien flottant &#8230; et terrestre car les \u00e9oliennes en mer ne sont pas destin\u00e9es \u00e0 remplacer celles sur terre.<\/p>\n\n\n\n<p>Nous avons de grande inqui\u00e9tudes, nous associations de d\u00e9fense de l&rsquo;environnement et de la biodiversit\u00e9 : nous l&rsquo;avons dit et redit durant le d\u00e9bat EOS : le danger des pales fait craindre une h\u00e9catombe sur l&rsquo;avifaune marine, l&rsquo;avifaune migratrice et les chiropt\u00e8res qui sont aussi des migrateurs. En p\u00e9riode venteuse et nuageuse, certains oiseaux ont des techniques de vol qui les met gravement en p\u00e9ril.&nbsp;<\/p>\n\n\n\n<p>Il y a aussi l&rsquo;impact sur la faune marine, les poissons, les mammif\u00e8res marins etc. : les sons produits par ces installations vont perturber nombre d&rsquo;esp\u00e8ces, (l\u2019eau transporte les sons avec une tr\u00e8s grande amplitude), se pose aussi la question des ondes et pertes \u00e9lectromagn\u00e9tiques mais je ne suis pas ing\u00e9nieur\u2026&nbsp;<\/p>\n\n\n\n<p>Le d\u00e9bat public aura tout de m\u00eame r\u00e9v\u00e9l\u00e9 la m\u00e9connaissance profonde des services de l&rsquo;\u00c9tat sur la vie marine et sous marine des espaces potentiellement impact\u00e9es par les projets.<\/p>\n\n\n\n<p>Il faudrait r\u00e9fl\u00e9chir \u00e0 un mode de production d\u00e9centralis\u00e9 pour l&rsquo;usage des \u00e9nergies renouvelables, avec de petits g\u00e9n\u00e9rateurs permettant d&rsquo;adapter sa consommation aux p\u00e9riodes de production. Dans ce cas, les EnRs font vraiment sens et sont synonymes d&rsquo;\u00e9mancipation et de mod\u00e9ration de la consommation car le soleil et le vent ont tout de m\u00eame le m\u00e9rite d&rsquo;\u00eatre disponibles quasi partout et \u00e0 l&rsquo;infini, mais c&rsquo;est un mod\u00e8le qui est \u00e0 l&rsquo;oppos\u00e9 du mod\u00e8le productiviste industriel engendrant d\u00e9pendance et monopoles.<\/p>\n\n\n\n<p>L&rsquo;\u00e9lectricit\u00e9 produite par des g\u00e9n\u00e9rateurs utilisant l&rsquo;\u00e9nergie du vent et du soleil est par nature intermittente et al\u00e9atoire : exploiter ces \u00e9nergies de mani\u00e8re centralis\u00e9e, avec des centrales g\u00e9antes pour alimenter un r\u00e9seau national et international qui doit \u00eatre toujours stable et adapter en permanence la production \u00e0 la consommation, n\u2019est pas le plus logique.&nbsp;<\/p>\n\n\n\n<p>L\u2019usage pertinent de ces \u00e9nergies dites renouvelables demanderait un changement complet de notre rapport \u00e0 la consommation d&rsquo;\u00e9nergie. Par contre si c&rsquo;est pour continuer \u00e0 surconsommer et \u00e0 gaspiller comme avant, alors toutes ces installations n&rsquo;ont rien d&rsquo; \u00ab\u00a0\u00e9cologique\u00a0\u00bb et peu importe si le r\u00e9seau et les compteurs deviennent \u00ab\u00a0intelligents\u00a0\u00bb.<\/p>\n\n\n\n<p>La d\u00e9perdition (gros gaspillage d\u2019\u00e9nergie) li\u00e9e au transport de l&rsquo;\u00e9lectricit\u00e9 soul\u00e8ve&nbsp; un autre vaste d\u00e9bat, celui du stockage de l&rsquo;\u00e9lectricit\u00e9 par \u00e9lectrolyse via l&rsquo;hydrog\u00e8ne \u00ab\u00a0vert\u00a0\u00bb.<\/p>\n\n\n\n<div class=\"wp-block-image\"><figure class=\"alignleft size-large is-resized\"><img loading=\"lazy\" decoding=\"async\" src=\"https:\/\/toutesnosenergies.fr\/wp-content\/uploads\/2022\/03\/IMG_3355-1024x654.jpg\" alt=\"\" class=\"wp-image-7924\" width=\"440\" height=\"280\" srcset=\"https:\/\/toutesnosenergies.fr\/wp-content\/uploads\/2022\/03\/IMG_3355-1024x654.jpg 1024w, https:\/\/toutesnosenergies.fr\/wp-content\/uploads\/2022\/03\/IMG_3355-300x192.jpg 300w, https:\/\/toutesnosenergies.fr\/wp-content\/uploads\/2022\/03\/IMG_3355-768x490.jpg 768w, https:\/\/toutesnosenergies.fr\/wp-content\/uploads\/2022\/03\/IMG_3355-1536x981.jpg 1536w, https:\/\/toutesnosenergies.fr\/wp-content\/uploads\/2022\/03\/IMG_3355-2048x1308.jpg 2048w, https:\/\/toutesnosenergies.fr\/wp-content\/uploads\/2022\/03\/IMG_3355-1320x843.jpg 1320w\" sizes=\"auto, (max-width: 440px) 100vw, 440px\" \/><\/figure><\/div>\n\n\n\n<p class=\"has-background\" style=\"background-color:#b5dcf3\">Les paysages, le calme et la pl\u00e9nitude que l&rsquo;on peut ressentir en regardant simplement l&rsquo;horizon marin, l&rsquo;am\u00e9nit\u00e9 de la beaut\u00e9 naturelle de ces rivages, n&rsquo;auront plus rien \u00e0 voir quand une vingtaine puis une centaine d&rsquo;\u00e9oliennes clignoterons en permanence au large de la c\u00f4te, ici ou ailleurs. L\u2019inqui\u00e9tude des acteurs du tourisme et des amoureux des bords de mer est donc aussi tout \u00e0 fait justifi\u00e9e.<\/p>\n\n\n\n<h3 class=\"wp-block-heading\">Quel peut \u00eatre l&rsquo;avenir de ces grosses centrales \u00e9oliennes g\u00e9antes tripales, surpuissantes ? Tr\u00e8s loin au large et flottant ? Pour faire quoi ? Pour quel mod\u00e8le \u00e9nerg\u00e9tique ? Pour alimenter des panneaux de pub t\u00e9l\u00e9visuels g\u00e9ants ?&nbsp;<\/h3>\n\n\n\n<p><a href=\"mailto:kevinjeanroynoever@hotmail.com\">Kevin Jeanroy<\/a><\/p>\n","protected":false},"excerpt":{"rendered":"<p>Le 1er Ministre annonce son soutien et le lancement des appels d&rsquo;offres en 2023 pour l&rsquo;\u00e9olien flottant en M\u00e9diterran\u00e9e (voire ici \u00c9olien flottant en M\u00e9diterran\u00e9e\u00a0: le gouvernement se d\u00e9cide et organise la fili\u00e8re\u00a0(Actu Environnement)En d\u00e9placement \u00e0 Port-La-Nouvelle (Aude), le chef du gouvernement a renouvel\u00e9 son soutien \u00e0 cette nouvelle fili\u00e8re strat\u00e9gique, dans la lign\u00e9e de &#8230; <a title=\"\u00c9olien flottant en M\u00e9diterran\u00e9e : pour quoi faire ?\" class=\"read-more\" href=\"https:\/\/toutesnosenergies.fr\/index.php\/2022\/03\/17\/eolien-flottant-en-mediterranee-pour-quoi-faire\/\" aria-label=\"Plus sur \u00c9olien flottant en M\u00e9diterran\u00e9e : pour quoi faire ?\">Lire plus<\/a><\/p>\n","protected":false},"author":3,"featured_media":0,"comment_status":"open","ping_status":"open","sticky":false,"template":"","format":"standard","meta":{"_cbd_carousel_blocks":"[]","sfsi_plus_gutenberg_text_before_share":"","sfsi_plus_gutenberg_show_text_before_share":"","sfsi_plus_gutenberg_icon_type":"","sfsi_plus_gutenberg_icon_alignemt":"","sfsi_plus_gutenburg_max_per_row":"","footnotes":""},"categories":[10],"tags":[],"class_list":["post-7922","post","type-post","status-publish","format-standard","hentry","category-informations-diverses"],"yoast_head":"<!-- This site is optimized with the Yoast SEO plugin v27.4 - https:\/\/yoast.com\/product\/yoast-seo-wordpress\/ -->\n<title>\u00c9olien flottant en M\u00e9diterran\u00e9e : pour quoi faire ? - Toutes Nos \u00c9nergies \u2013 Occitanie Environnement<\/title>\n<meta name=\"robots\" content=\"index, follow, max-snippet:-1, max-image-preview:large, max-video-preview:-1\" \/>\n<link rel=\"canonical\" href=\"https:\/\/toutesnosenergies.fr\/index.php\/2022\/03\/17\/eolien-flottant-en-mediterranee-pour-quoi-faire\/\" \/>\n<meta property=\"og:locale\" content=\"fr_FR\" \/>\n<meta property=\"og:type\" content=\"article\" \/>\n<meta property=\"og:title\" content=\"\u00c9olien flottant en M\u00e9diterran\u00e9e : pour quoi faire ? - Toutes Nos \u00c9nergies \u2013 Occitanie Environnement\" \/>\n<meta property=\"og:description\" content=\"Le 1er Ministre annonce son soutien et le lancement des appels d&rsquo;offres en 2023 pour l&rsquo;\u00e9olien flottant en M\u00e9diterran\u00e9e (voire ici \u00c9olien flottant en M\u00e9diterran\u00e9e\u00a0: le gouvernement se d\u00e9cide et organise la fili\u00e8re\u00a0(Actu Environnement)En d\u00e9placement \u00e0 Port-La-Nouvelle (Aude), le chef du gouvernement a renouvel\u00e9 son soutien \u00e0 cette nouvelle fili\u00e8re strat\u00e9gique, dans la lign\u00e9e de ... Lire plus\" \/>\n<meta property=\"og:url\" content=\"https:\/\/toutesnosenergies.fr\/index.php\/2022\/03\/17\/eolien-flottant-en-mediterranee-pour-quoi-faire\/\" \/>\n<meta property=\"og:site_name\" content=\"Toutes Nos \u00c9nergies \u2013 Occitanie Environnement\" \/>\n<meta property=\"article:publisher\" content=\"https:\/\/www.facebook.com\/TNEtoutesnosenergiesOccitanieEnvironnement\" \/>\n<meta property=\"article:published_time\" content=\"2022-03-17T14:24:24+00:00\" \/>\n<meta property=\"article:modified_time\" content=\"2022-03-17T15:14:16+00:00\" \/>\n<meta property=\"og:image\" content=\"https:\/\/toutesnosenergies.fr\/wp-content\/uploads\/2022\/03\/IMG_2308-1024x768.jpeg\" \/>\n<meta name=\"author\" content=\"WM81\" \/>\n<meta name=\"twitter:card\" content=\"summary_large_image\" \/>\n<meta name=\"twitter:label1\" content=\"\u00c9crit par\" \/>\n\t<meta name=\"twitter:data1\" content=\"WM81\" \/>\n\t<meta name=\"twitter:label2\" content=\"Dur\u00e9e de lecture estim\u00e9e\" \/>\n\t<meta name=\"twitter:data2\" content=\"5 minutes\" \/>\n<script type=\"application\/ld+json\" class=\"yoast-schema-graph\">{\"@context\":\"https:\\\/\\\/schema.org\",\"@graph\":[{\"@type\":\"Article\",\"@id\":\"https:\\\/\\\/toutesnosenergies.fr\\\/index.php\\\/2022\\\/03\\\/17\\\/eolien-flottant-en-mediterranee-pour-quoi-faire\\\/#article\",\"isPartOf\":{\"@id\":\"https:\\\/\\\/toutesnosenergies.fr\\\/index.php\\\/2022\\\/03\\\/17\\\/eolien-flottant-en-mediterranee-pour-quoi-faire\\\/\"},\"author\":{\"name\":\"WM81\",\"@id\":\"https:\\\/\\\/toutesnosenergies.fr\\\/#\\\/schema\\\/person\\\/83b429b7810ce59e0a21afb7e0b3cb1c\"},\"headline\":\"\u00c9olien flottant en M\u00e9diterran\u00e9e : pour quoi faire ?\",\"datePublished\":\"2022-03-17T14:24:24+00:00\",\"dateModified\":\"2022-03-17T15:14:16+00:00\",\"mainEntityOfPage\":{\"@id\":\"https:\\\/\\\/toutesnosenergies.fr\\\/index.php\\\/2022\\\/03\\\/17\\\/eolien-flottant-en-mediterranee-pour-quoi-faire\\\/\"},\"wordCount\":941,\"commentCount\":0,\"publisher\":{\"@id\":\"https:\\\/\\\/toutesnosenergies.fr\\\/#organization\"},\"image\":{\"@id\":\"https:\\\/\\\/toutesnosenergies.fr\\\/index.php\\\/2022\\\/03\\\/17\\\/eolien-flottant-en-mediterranee-pour-quoi-faire\\\/#primaryimage\"},\"thumbnailUrl\":\"https:\\\/\\\/toutesnosenergies.fr\\\/wp-content\\\/uploads\\\/2022\\\/03\\\/IMG_2308-1024x768.jpeg\",\"articleSection\":[\"Informations diverses\"],\"inLanguage\":\"fr-FR\",\"potentialAction\":[{\"@type\":\"CommentAction\",\"name\":\"Comment\",\"target\":[\"https:\\\/\\\/toutesnosenergies.fr\\\/index.php\\\/2022\\\/03\\\/17\\\/eolien-flottant-en-mediterranee-pour-quoi-faire\\\/#respond\"]}]},{\"@type\":\"WebPage\",\"@id\":\"https:\\\/\\\/toutesnosenergies.fr\\\/index.php\\\/2022\\\/03\\\/17\\\/eolien-flottant-en-mediterranee-pour-quoi-faire\\\/\",\"url\":\"https:\\\/\\\/toutesnosenergies.fr\\\/index.php\\\/2022\\\/03\\\/17\\\/eolien-flottant-en-mediterranee-pour-quoi-faire\\\/\",\"name\":\"\u00c9olien flottant en M\u00e9diterran\u00e9e : pour quoi faire ? - Toutes Nos \u00c9nergies \u2013 Occitanie Environnement\",\"isPartOf\":{\"@id\":\"https:\\\/\\\/toutesnosenergies.fr\\\/#website\"},\"primaryImageOfPage\":{\"@id\":\"https:\\\/\\\/toutesnosenergies.fr\\\/index.php\\\/2022\\\/03\\\/17\\\/eolien-flottant-en-mediterranee-pour-quoi-faire\\\/#primaryimage\"},\"image\":{\"@id\":\"https:\\\/\\\/toutesnosenergies.fr\\\/index.php\\\/2022\\\/03\\\/17\\\/eolien-flottant-en-mediterranee-pour-quoi-faire\\\/#primaryimage\"},\"thumbnailUrl\":\"https:\\\/\\\/toutesnosenergies.fr\\\/wp-content\\\/uploads\\\/2022\\\/03\\\/IMG_2308-1024x768.jpeg\",\"datePublished\":\"2022-03-17T14:24:24+00:00\",\"dateModified\":\"2022-03-17T15:14:16+00:00\",\"breadcrumb\":{\"@id\":\"https:\\\/\\\/toutesnosenergies.fr\\\/index.php\\\/2022\\\/03\\\/17\\\/eolien-flottant-en-mediterranee-pour-quoi-faire\\\/#breadcrumb\"},\"inLanguage\":\"fr-FR\",\"potentialAction\":[{\"@type\":\"ReadAction\",\"target\":[\"https:\\\/\\\/toutesnosenergies.fr\\\/index.php\\\/2022\\\/03\\\/17\\\/eolien-flottant-en-mediterranee-pour-quoi-faire\\\/\"]}]},{\"@type\":\"ImageObject\",\"inLanguage\":\"fr-FR\",\"@id\":\"https:\\\/\\\/toutesnosenergies.fr\\\/index.php\\\/2022\\\/03\\\/17\\\/eolien-flottant-en-mediterranee-pour-quoi-faire\\\/#primaryimage\",\"url\":\"https:\\\/\\\/toutesnosenergies.fr\\\/wp-content\\\/uploads\\\/2022\\\/03\\\/IMG_2308-1024x768.jpeg\",\"contentUrl\":\"https:\\\/\\\/toutesnosenergies.fr\\\/wp-content\\\/uploads\\\/2022\\\/03\\\/IMG_2308-1024x768.jpeg\"},{\"@type\":\"BreadcrumbList\",\"@id\":\"https:\\\/\\\/toutesnosenergies.fr\\\/index.php\\\/2022\\\/03\\\/17\\\/eolien-flottant-en-mediterranee-pour-quoi-faire\\\/#breadcrumb\",\"itemListElement\":[{\"@type\":\"ListItem\",\"position\":1,\"name\":\"Accueil\",\"item\":\"https:\\\/\\\/toutesnosenergies.fr\\\/\"},{\"@type\":\"ListItem\",\"position\":2,\"name\":\"\u00c9olien flottant en M\u00e9diterran\u00e9e : pour quoi faire ?\"}]},{\"@type\":\"WebSite\",\"@id\":\"https:\\\/\\\/toutesnosenergies.fr\\\/#website\",\"url\":\"https:\\\/\\\/toutesnosenergies.fr\\\/\",\"name\":\"Toutes Nos \u00c9nergies \u2013 Occitanie Environnement\",\"description\":\"Pour une \u00e9nergie respectueuse du vivant et des territoires ruraux en Occitanie\",\"publisher\":{\"@id\":\"https:\\\/\\\/toutesnosenergies.fr\\\/#organization\"},\"potentialAction\":[{\"@type\":\"SearchAction\",\"target\":{\"@type\":\"EntryPoint\",\"urlTemplate\":\"https:\\\/\\\/toutesnosenergies.fr\\\/?s={search_term_string}\"},\"query-input\":{\"@type\":\"PropertyValueSpecification\",\"valueRequired\":true,\"valueName\":\"search_term_string\"}}],\"inLanguage\":\"fr-FR\"},{\"@type\":\"Organization\",\"@id\":\"https:\\\/\\\/toutesnosenergies.fr\\\/#organization\",\"name\":\"Toutes Nos \u00c9nergies \u2013 Occitanie Environnement\",\"url\":\"https:\\\/\\\/toutesnosenergies.fr\\\/\",\"logo\":{\"@type\":\"ImageObject\",\"inLanguage\":\"fr-FR\",\"@id\":\"https:\\\/\\\/toutesnosenergies.fr\\\/#\\\/schema\\\/logo\\\/image\\\/\",\"url\":\"https:\\\/\\\/toutesnosenergies.fr\\\/wp-content\\\/uploads\\\/2023\\\/01\\\/Petit-logo.png\",\"contentUrl\":\"https:\\\/\\\/toutesnosenergies.fr\\\/wp-content\\\/uploads\\\/2023\\\/01\\\/Petit-logo.png\",\"width\":360,\"height\":102,\"caption\":\"Toutes Nos \u00c9nergies \u2013 Occitanie Environnement\"},\"image\":{\"@id\":\"https:\\\/\\\/toutesnosenergies.fr\\\/#\\\/schema\\\/logo\\\/image\\\/\"},\"sameAs\":[\"https:\\\/\\\/www.facebook.com\\\/TNEtoutesnosenergiesOccitanieEnvironnement\"]},{\"@type\":\"Person\",\"@id\":\"https:\\\/\\\/toutesnosenergies.fr\\\/#\\\/schema\\\/person\\\/83b429b7810ce59e0a21afb7e0b3cb1c\",\"name\":\"WM81\",\"image\":{\"@type\":\"ImageObject\",\"inLanguage\":\"fr-FR\",\"@id\":\"https:\\\/\\\/secure.gravatar.com\\\/avatar\\\/aa9bf2bd97a7297274c53294f09e800c7ee0d88290f959d5d49f9380299b9ff1?s=96&d=mm&r=g\",\"url\":\"https:\\\/\\\/secure.gravatar.com\\\/avatar\\\/aa9bf2bd97a7297274c53294f09e800c7ee0d88290f959d5d49f9380299b9ff1?s=96&d=mm&r=g\",\"contentUrl\":\"https:\\\/\\\/secure.gravatar.com\\\/avatar\\\/aa9bf2bd97a7297274c53294f09e800c7ee0d88290f959d5d49f9380299b9ff1?s=96&d=mm&r=g\",\"caption\":\"WM81\"},\"sameAs\":[\"http:\\\/\\\/toutesnosenergies.fr\"],\"url\":\"https:\\\/\\\/toutesnosenergies.fr\\\/index.php\\\/author\\\/wm81\\\/\"}]}<\/script>\n<!-- \/ Yoast SEO plugin. -->","yoast_head_json":{"title":"\u00c9olien flottant en M\u00e9diterran\u00e9e : pour quoi faire ? - Toutes Nos \u00c9nergies \u2013 Occitanie Environnement","robots":{"index":"index","follow":"follow","max-snippet":"max-snippet:-1","max-image-preview":"max-image-preview:large","max-video-preview":"max-video-preview:-1"},"canonical":"https:\/\/toutesnosenergies.fr\/index.php\/2022\/03\/17\/eolien-flottant-en-mediterranee-pour-quoi-faire\/","og_locale":"fr_FR","og_type":"article","og_title":"\u00c9olien flottant en M\u00e9diterran\u00e9e : pour quoi faire ? - Toutes Nos \u00c9nergies \u2013 Occitanie Environnement","og_description":"Le 1er Ministre annonce son soutien et le lancement des appels d&rsquo;offres en 2023 pour l&rsquo;\u00e9olien flottant en M\u00e9diterran\u00e9e (voire ici \u00c9olien flottant en M\u00e9diterran\u00e9e\u00a0: le gouvernement se d\u00e9cide et organise la fili\u00e8re\u00a0(Actu Environnement)En d\u00e9placement \u00e0 Port-La-Nouvelle (Aude), le chef du gouvernement a renouvel\u00e9 son soutien \u00e0 cette nouvelle fili\u00e8re strat\u00e9gique, dans la lign\u00e9e de ... Lire plus","og_url":"https:\/\/toutesnosenergies.fr\/index.php\/2022\/03\/17\/eolien-flottant-en-mediterranee-pour-quoi-faire\/","og_site_name":"Toutes Nos \u00c9nergies \u2013 Occitanie Environnement","article_publisher":"https:\/\/www.facebook.com\/TNEtoutesnosenergiesOccitanieEnvironnement","article_published_time":"2022-03-17T14:24:24+00:00","article_modified_time":"2022-03-17T15:14:16+00:00","og_image":[{"url":"https:\/\/toutesnosenergies.fr\/wp-content\/uploads\/2022\/03\/IMG_2308-1024x768.jpeg","type":"","width":"","height":""}],"author":"WM81","twitter_card":"summary_large_image","twitter_misc":{"\u00c9crit par":"WM81","Dur\u00e9e de lecture estim\u00e9e":"5 minutes"},"schema":{"@context":"https:\/\/schema.org","@graph":[{"@type":"Article","@id":"https:\/\/toutesnosenergies.fr\/index.php\/2022\/03\/17\/eolien-flottant-en-mediterranee-pour-quoi-faire\/#article","isPartOf":{"@id":"https:\/\/toutesnosenergies.fr\/index.php\/2022\/03\/17\/eolien-flottant-en-mediterranee-pour-quoi-faire\/"},"author":{"name":"WM81","@id":"https:\/\/toutesnosenergies.fr\/#\/schema\/person\/83b429b7810ce59e0a21afb7e0b3cb1c"},"headline":"\u00c9olien flottant en M\u00e9diterran\u00e9e : pour quoi faire ?","datePublished":"2022-03-17T14:24:24+00:00","dateModified":"2022-03-17T15:14:16+00:00","mainEntityOfPage":{"@id":"https:\/\/toutesnosenergies.fr\/index.php\/2022\/03\/17\/eolien-flottant-en-mediterranee-pour-quoi-faire\/"},"wordCount":941,"commentCount":0,"publisher":{"@id":"https:\/\/toutesnosenergies.fr\/#organization"},"image":{"@id":"https:\/\/toutesnosenergies.fr\/index.php\/2022\/03\/17\/eolien-flottant-en-mediterranee-pour-quoi-faire\/#primaryimage"},"thumbnailUrl":"https:\/\/toutesnosenergies.fr\/wp-content\/uploads\/2022\/03\/IMG_2308-1024x768.jpeg","articleSection":["Informations diverses"],"inLanguage":"fr-FR","potentialAction":[{"@type":"CommentAction","name":"Comment","target":["https:\/\/toutesnosenergies.fr\/index.php\/2022\/03\/17\/eolien-flottant-en-mediterranee-pour-quoi-faire\/#respond"]}]},{"@type":"WebPage","@id":"https:\/\/toutesnosenergies.fr\/index.php\/2022\/03\/17\/eolien-flottant-en-mediterranee-pour-quoi-faire\/","url":"https:\/\/toutesnosenergies.fr\/index.php\/2022\/03\/17\/eolien-flottant-en-mediterranee-pour-quoi-faire\/","name":"\u00c9olien flottant en M\u00e9diterran\u00e9e : pour quoi faire ? - Toutes Nos \u00c9nergies \u2013 Occitanie Environnement","isPartOf":{"@id":"https:\/\/toutesnosenergies.fr\/#website"},"primaryImageOfPage":{"@id":"https:\/\/toutesnosenergies.fr\/index.php\/2022\/03\/17\/eolien-flottant-en-mediterranee-pour-quoi-faire\/#primaryimage"},"image":{"@id":"https:\/\/toutesnosenergies.fr\/index.php\/2022\/03\/17\/eolien-flottant-en-mediterranee-pour-quoi-faire\/#primaryimage"},"thumbnailUrl":"https:\/\/toutesnosenergies.fr\/wp-content\/uploads\/2022\/03\/IMG_2308-1024x768.jpeg","datePublished":"2022-03-17T14:24:24+00:00","dateModified":"2022-03-17T15:14:16+00:00","breadcrumb":{"@id":"https:\/\/toutesnosenergies.fr\/index.php\/2022\/03\/17\/eolien-flottant-en-mediterranee-pour-quoi-faire\/#breadcrumb"},"inLanguage":"fr-FR","potentialAction":[{"@type":"ReadAction","target":["https:\/\/toutesnosenergies.fr\/index.php\/2022\/03\/17\/eolien-flottant-en-mediterranee-pour-quoi-faire\/"]}]},{"@type":"ImageObject","inLanguage":"fr-FR","@id":"https:\/\/toutesnosenergies.fr\/index.php\/2022\/03\/17\/eolien-flottant-en-mediterranee-pour-quoi-faire\/#primaryimage","url":"https:\/\/toutesnosenergies.fr\/wp-content\/uploads\/2022\/03\/IMG_2308-1024x768.jpeg","contentUrl":"https:\/\/toutesnosenergies.fr\/wp-content\/uploads\/2022\/03\/IMG_2308-1024x768.jpeg"},{"@type":"BreadcrumbList","@id":"https:\/\/toutesnosenergies.fr\/index.php\/2022\/03\/17\/eolien-flottant-en-mediterranee-pour-quoi-faire\/#breadcrumb","itemListElement":[{"@type":"ListItem","position":1,"name":"Accueil","item":"https:\/\/toutesnosenergies.fr\/"},{"@type":"ListItem","position":2,"name":"\u00c9olien flottant en M\u00e9diterran\u00e9e : pour quoi faire ?"}]},{"@type":"WebSite","@id":"https:\/\/toutesnosenergies.fr\/#website","url":"https:\/\/toutesnosenergies.fr\/","name":"Toutes Nos \u00c9nergies \u2013 Occitanie Environnement","description":"Pour une \u00e9nergie respectueuse du vivant et des territoires ruraux en Occitanie","publisher":{"@id":"https:\/\/toutesnosenergies.fr\/#organization"},"potentialAction":[{"@type":"SearchAction","target":{"@type":"EntryPoint","urlTemplate":"https:\/\/toutesnosenergies.fr\/?s={search_term_string}"},"query-input":{"@type":"PropertyValueSpecification","valueRequired":true,"valueName":"search_term_string"}}],"inLanguage":"fr-FR"},{"@type":"Organization","@id":"https:\/\/toutesnosenergies.fr\/#organization","name":"Toutes Nos \u00c9nergies \u2013 Occitanie Environnement","url":"https:\/\/toutesnosenergies.fr\/","logo":{"@type":"ImageObject","inLanguage":"fr-FR","@id":"https:\/\/toutesnosenergies.fr\/#\/schema\/logo\/image\/","url":"https:\/\/toutesnosenergies.fr\/wp-content\/uploads\/2023\/01\/Petit-logo.png","contentUrl":"https:\/\/toutesnosenergies.fr\/wp-content\/uploads\/2023\/01\/Petit-logo.png","width":360,"height":102,"caption":"Toutes Nos \u00c9nergies \u2013 Occitanie Environnement"},"image":{"@id":"https:\/\/toutesnosenergies.fr\/#\/schema\/logo\/image\/"},"sameAs":["https:\/\/www.facebook.com\/TNEtoutesnosenergiesOccitanieEnvironnement"]},{"@type":"Person","@id":"https:\/\/toutesnosenergies.fr\/#\/schema\/person\/83b429b7810ce59e0a21afb7e0b3cb1c","name":"WM81","image":{"@type":"ImageObject","inLanguage":"fr-FR","@id":"https:\/\/secure.gravatar.com\/avatar\/aa9bf2bd97a7297274c53294f09e800c7ee0d88290f959d5d49f9380299b9ff1?s=96&d=mm&r=g","url":"https:\/\/secure.gravatar.com\/avatar\/aa9bf2bd97a7297274c53294f09e800c7ee0d88290f959d5d49f9380299b9ff1?s=96&d=mm&r=g","contentUrl":"https:\/\/secure.gravatar.com\/avatar\/aa9bf2bd97a7297274c53294f09e800c7ee0d88290f959d5d49f9380299b9ff1?s=96&d=mm&r=g","caption":"WM81"},"sameAs":["http:\/\/toutesnosenergies.fr"],"url":"https:\/\/toutesnosenergies.fr\/index.php\/author\/wm81\/"}]}},"_links":{"self":[{"href":"https:\/\/toutesnosenergies.fr\/index.php\/wp-json\/wp\/v2\/posts\/7922","targetHints":{"allow":["GET"]}}],"collection":[{"href":"https:\/\/toutesnosenergies.fr\/index.php\/wp-json\/wp\/v2\/posts"}],"about":[{"href":"https:\/\/toutesnosenergies.fr\/index.php\/wp-json\/wp\/v2\/types\/post"}],"author":[{"embeddable":true,"href":"https:\/\/toutesnosenergies.fr\/index.php\/wp-json\/wp\/v2\/users\/3"}],"replies":[{"embeddable":true,"href":"https:\/\/toutesnosenergies.fr\/index.php\/wp-json\/wp\/v2\/comments?post=7922"}],"version-history":[{"count":2,"href":"https:\/\/toutesnosenergies.fr\/index.php\/wp-json\/wp\/v2\/posts\/7922\/revisions"}],"predecessor-version":[{"id":7931,"href":"https:\/\/toutesnosenergies.fr\/index.php\/wp-json\/wp\/v2\/posts\/7922\/revisions\/7931"}],"wp:attachment":[{"href":"https:\/\/toutesnosenergies.fr\/index.php\/wp-json\/wp\/v2\/media?parent=7922"}],"wp:term":[{"taxonomy":"category","embeddable":true,"href":"https:\/\/toutesnosenergies.fr\/index.php\/wp-json\/wp\/v2\/categories?post=7922"},{"taxonomy":"post_tag","embeddable":true,"href":"https:\/\/toutesnosenergies.fr\/index.php\/wp-json\/wp\/v2\/tags?post=7922"}],"curies":[{"name":"wp","href":"https:\/\/api.w.org\/{rel}","templated":true}]}}