{"id":7957,"date":"2022-03-22T19:06:38","date_gmt":"2022-03-22T18:06:38","guid":{"rendered":"https:\/\/toutesnosenergies.fr\/?p=7957"},"modified":"2022-03-22T19:06:42","modified_gmt":"2022-03-22T18:06:42","slug":"les-appels-doffre-pour-les-projets-deolien-flottant-en-mediterranee-doivent-etre-differes","status":"publish","type":"post","link":"https:\/\/toutesnosenergies.fr\/index.php\/2022\/03\/22\/les-appels-doffre-pour-les-projets-deolien-flottant-en-mediterranee-doivent-etre-differes\/","title":{"rendered":"Les appels d&rsquo;offre pour les projets d&rsquo;\u00e9olien flottant en M\u00e9diterran\u00e9e doivent \u00eatre diff\u00e9r\u00e9s !"},"content":{"rendered":"\n<p class=\"has-light-gray-background-color has-background\">Parce que les conditions de publication des appels d\u2019offre concernant l\u2019\u00e9olien flottant en M\u00e9diterran\u00e9e ne nous semblent pas convenables, Jean Blin et Bruno Ladsous, au nom du collectif TNE-Occitanie Environnement, ont \u00e9crit \u00e0 la CRE (Commission de R\u00e9gulation de l&rsquo;\u00c9nergie). (<a href=\"https:\/\/toutesnosenergies.fr\/wp-content\/uploads\/2022\/03\/courrier-TNE-OE-a-CRE-21-mars-2022.pdf\" target=\"_blank\" rel=\"noreferrer noopener\">Voir ici en PDF<\/a>)<\/p>\n\n\n\n<p>Parmi les missions, pr\u00e9cis\u00e9es dans le Code de l\u2019\u00e9nergie, de la Commission de R\u00e9gulation de l\u2019Energie, autorit\u00e9 ind\u00e9pendante charg\u00e9e de garantir le bon fonctionnement des march\u00e9s fran\u00e7ais de l&rsquo;\u00e9nergie au b\u00e9n\u00e9fice du consommateur, figure la <em>mise en oeuvre de <\/em>certains dispositifs de soutien aux \u00e9nergies renouvelables en instruisant des appels d\u2019offre.<\/p>\n\n\n\n<p>Or nous avons le sentiment que les appels d\u2019offres vis\u00e9s par la d\u00e9cision de la ministre de la transition \u00e9cologique du 17 mars 2022 publi\u00e9e au JORF du 20 mars 2022 concernant l\u2019\u00e9olien flottant en M\u00e9diterran\u00e9e devraient \u00eatre diff\u00e9r\u00e9s, en ce que leur mise en \u0153uvre dans le contexte pr\u00e9cis ne r\u00e9pondrait pas aux principes d\u2019ind\u00e9pendance (vis \u00e0 vis des industriels et de l\u2019administration), de transparence (des proc\u00e9dures et des d\u00e9cisions) et d\u2019impartialit\u00e9 de cette instance.<\/p>\n\n\n\n<p>Nous attirons \u00e9galement l\u2019attention de la Commission sur l\u2019\u00e9quation \u00e9conomique inappropri\u00e9e de ce projet, le rapport de la CPDP\/CNDP, qui m\u00e8nent le d\u00e9bat public, exprime son \u00e9tonnement par les mots suivants : \u00ab <em>Le co\u00fbt du projet lui-m\u00eame a \u00e9t\u00e9 peu abord\u00e9 par les porteurs de projet <\/em>\u00bb.&nbsp;<\/p>\n\n\n\n<p>Notre collectif associatif a relev\u00e9 tout au long du d\u00e9bat public que le facteur de charge moyen annonc\u00e9 par le ma\u00eetre d\u2019ouvrage du projet, \u00e0 savoir 50%, est strictement impossible en mer M\u00e9diterran\u00e9e. Et faute d\u2019un retour clair et document\u00e9, TNE Occitanie Environnement a officiellement demand\u00e9 au ma\u00eetre d\u2019ouvrage de prouver son affirmation.<\/p>\n\n\n\n<p>Aucune r\u00e9ponse n\u2019a \u00e9t\u00e9 apport\u00e9e, formellement. Il appara\u00eet ainsi que l\u2019int\u00e9r\u00eat \u00e9conomique du projet a \u00e9t\u00e9 volontairement surestim\u00e9. D\u00e8s lors qui va payer tout \u00e7a, sinon le consommateur ? Nous en revenons ainsi \u00e0 un des objectifs permanents de la CRE, <strong><em>VEILLER <\/em><\/strong><em>\u00e0 ce que les consommateurs obtiennent le meilleur service et paient le juste prix<\/em>, un objectif qui en l\u2019esp\u00e8ce ne sera pas atteint.\u00a0<\/p>\n\n\n\n<p>De plus, sur le plan environnemental nous n\u2019avons aucune assurance raisonnable que l&rsquo;environnement sera prot\u00e9g\u00e9, contrairement \u00e0 ce qu&rsquo;affirme le minist\u00e8re sans jamais le prouver.&nbsp;<\/p>\n\n\n\n<p>Ajoutons qu\u2019aucune solution alternative plus favorable aux consommateurs n\u2019a \u00e9t\u00e9 pr\u00e9sent\u00e9e, ce qui est contraire aux directives europ\u00e9ennes. Des alternatives pouvaient \u00eatre pr\u00e9sent\u00e9es :\u00a0<\/p>\n\n\n\n<ul class=\"wp-block-list\"><li>Certaines solutions terrestres, donc sans impact sur un environnement marin mal connu, par surcro\u00eet plus nettement d\u00e9carbon\u00e9es comme le d\u00e9montre un bilan carbone sp\u00e9cifiquement \u00ab \u00e9olien flottant \u00bb \u00e9tabli \u00e0 la demande du public par la CPDP.\u00a0<\/li><li>Un renforcement des solutions en circuit court, ne n\u00e9cessitant par cons\u00e9quent aucuns raccordements, des raccordements au prix \u00e9lev\u00e9 et aux externalit\u00e9s environnementales fortes r\u00e9sultant de leur multiplication.\u00a0<\/li><\/ul>\n\n\n\n<p class=\"has-light-gray-background-color has-background\">Tout converge donc vers cette id\u00e9e simple : les appels d\u2019offres vis\u00e9s par la d\u00e9cision de la ministre de la transition \u00e9cologique du 17 mars 2022 publi\u00e9e au JORF du 20 mars 2022 concernant l\u2019\u00e9olien flottant en M\u00e9diterran\u00e9e doivent \u00eatre diff\u00e9r\u00e9s.\u00a0<\/p>\n","protected":false},"excerpt":{"rendered":"<p>Parce que les conditions de publication des appels d\u2019offre concernant l\u2019\u00e9olien flottant en M\u00e9diterran\u00e9e ne nous semblent pas convenables, Jean Blin et Bruno Ladsous, au nom du collectif TNE-Occitanie Environnement, ont \u00e9crit \u00e0 la CRE (Commission de R\u00e9gulation de l&rsquo;\u00c9nergie). (Voir ici en PDF) Parmi les missions, pr\u00e9cis\u00e9es dans le Code de l\u2019\u00e9nergie, de la &#8230; <a title=\"Les appels d&rsquo;offre pour les projets d&rsquo;\u00e9olien flottant en M\u00e9diterran\u00e9e doivent \u00eatre diff\u00e9r\u00e9s !\" class=\"read-more\" href=\"https:\/\/toutesnosenergies.fr\/index.php\/2022\/03\/22\/les-appels-doffre-pour-les-projets-deolien-flottant-en-mediterranee-doivent-etre-differes\/\" aria-label=\"Plus sur Les appels d&rsquo;offre pour les projets d&rsquo;\u00e9olien flottant en M\u00e9diterran\u00e9e doivent \u00eatre diff\u00e9r\u00e9s !\">Lire plus<\/a><\/p>\n","protected":false},"author":3,"featured_media":0,"comment_status":"open","ping_status":"open","sticky":false,"template":"","format":"standard","meta":{"_cbd_carousel_blocks":"[]","sfsi_plus_gutenberg_text_before_share":"","sfsi_plus_gutenberg_show_text_before_share":"","sfsi_plus_gutenberg_icon_type":"","sfsi_plus_gutenberg_icon_alignemt":"","sfsi_plus_gutenburg_max_per_row":"","footnotes":""},"categories":[1],"tags":[],"class_list":["post-7957","post","type-post","status-publish","format-standard","hentry","category-non-classe"],"yoast_head":"<!-- This site is optimized with the Yoast SEO plugin v27.4 - https:\/\/yoast.com\/product\/yoast-seo-wordpress\/ -->\n<title>Les appels d&#039;offre pour les projets d&#039;\u00e9olien flottant en M\u00e9diterran\u00e9e doivent \u00eatre diff\u00e9r\u00e9s ! - Toutes Nos \u00c9nergies \u2013 Occitanie Environnement<\/title>\n<meta name=\"robots\" content=\"index, follow, max-snippet:-1, max-image-preview:large, max-video-preview:-1\" \/>\n<link rel=\"canonical\" href=\"https:\/\/toutesnosenergies.fr\/index.php\/2022\/03\/22\/les-appels-doffre-pour-les-projets-deolien-flottant-en-mediterranee-doivent-etre-differes\/\" \/>\n<meta property=\"og:locale\" content=\"fr_FR\" \/>\n<meta property=\"og:type\" content=\"article\" \/>\n<meta property=\"og:title\" content=\"Les appels d&#039;offre pour les projets d&#039;\u00e9olien flottant en M\u00e9diterran\u00e9e doivent \u00eatre diff\u00e9r\u00e9s ! - Toutes Nos \u00c9nergies \u2013 Occitanie Environnement\" \/>\n<meta property=\"og:description\" content=\"Parce que les conditions de publication des appels d\u2019offre concernant l\u2019\u00e9olien flottant en M\u00e9diterran\u00e9e ne nous semblent pas convenables, Jean Blin et Bruno Ladsous, au nom du collectif TNE-Occitanie Environnement, ont \u00e9crit \u00e0 la CRE (Commission de R\u00e9gulation de l&rsquo;\u00c9nergie). (Voir ici en PDF) Parmi les missions, pr\u00e9cis\u00e9es dans le Code de l\u2019\u00e9nergie, de la ... Lire plus\" \/>\n<meta property=\"og:url\" content=\"https:\/\/toutesnosenergies.fr\/index.php\/2022\/03\/22\/les-appels-doffre-pour-les-projets-deolien-flottant-en-mediterranee-doivent-etre-differes\/\" \/>\n<meta property=\"og:site_name\" content=\"Toutes Nos \u00c9nergies \u2013 Occitanie Environnement\" \/>\n<meta property=\"article:publisher\" content=\"https:\/\/www.facebook.com\/TNEtoutesnosenergiesOccitanieEnvironnement\" \/>\n<meta property=\"article:published_time\" content=\"2022-03-22T18:06:38+00:00\" \/>\n<meta property=\"article:modified_time\" content=\"2022-03-22T18:06:42+00:00\" \/>\n<meta name=\"author\" content=\"WM81\" \/>\n<meta name=\"twitter:card\" content=\"summary_large_image\" \/>\n<meta name=\"twitter:label1\" content=\"\u00c9crit par\" \/>\n\t<meta name=\"twitter:data1\" content=\"WM81\" \/>\n\t<meta name=\"twitter:label2\" content=\"Dur\u00e9e de lecture estim\u00e9e\" \/>\n\t<meta name=\"twitter:data2\" content=\"3 minutes\" \/>\n<script type=\"application\/ld+json\" class=\"yoast-schema-graph\">{\"@context\":\"https:\\\/\\\/schema.org\",\"@graph\":[{\"@type\":\"Article\",\"@id\":\"https:\\\/\\\/toutesnosenergies.fr\\\/index.php\\\/2022\\\/03\\\/22\\\/les-appels-doffre-pour-les-projets-deolien-flottant-en-mediterranee-doivent-etre-differes\\\/#article\",\"isPartOf\":{\"@id\":\"https:\\\/\\\/toutesnosenergies.fr\\\/index.php\\\/2022\\\/03\\\/22\\\/les-appels-doffre-pour-les-projets-deolien-flottant-en-mediterranee-doivent-etre-differes\\\/\"},\"author\":{\"name\":\"WM81\",\"@id\":\"https:\\\/\\\/toutesnosenergies.fr\\\/#\\\/schema\\\/person\\\/83b429b7810ce59e0a21afb7e0b3cb1c\"},\"headline\":\"Les appels d&rsquo;offre pour les projets d&rsquo;\u00e9olien flottant en M\u00e9diterran\u00e9e doivent \u00eatre diff\u00e9r\u00e9s !\",\"datePublished\":\"2022-03-22T18:06:38+00:00\",\"dateModified\":\"2022-03-22T18:06:42+00:00\",\"mainEntityOfPage\":{\"@id\":\"https:\\\/\\\/toutesnosenergies.fr\\\/index.php\\\/2022\\\/03\\\/22\\\/les-appels-doffre-pour-les-projets-deolien-flottant-en-mediterranee-doivent-etre-differes\\\/\"},\"wordCount\":578,\"commentCount\":2,\"publisher\":{\"@id\":\"https:\\\/\\\/toutesnosenergies.fr\\\/#organization\"},\"inLanguage\":\"fr-FR\",\"potentialAction\":[{\"@type\":\"CommentAction\",\"name\":\"Comment\",\"target\":[\"https:\\\/\\\/toutesnosenergies.fr\\\/index.php\\\/2022\\\/03\\\/22\\\/les-appels-doffre-pour-les-projets-deolien-flottant-en-mediterranee-doivent-etre-differes\\\/#respond\"]}]},{\"@type\":\"WebPage\",\"@id\":\"https:\\\/\\\/toutesnosenergies.fr\\\/index.php\\\/2022\\\/03\\\/22\\\/les-appels-doffre-pour-les-projets-deolien-flottant-en-mediterranee-doivent-etre-differes\\\/\",\"url\":\"https:\\\/\\\/toutesnosenergies.fr\\\/index.php\\\/2022\\\/03\\\/22\\\/les-appels-doffre-pour-les-projets-deolien-flottant-en-mediterranee-doivent-etre-differes\\\/\",\"name\":\"Les appels d'offre pour les projets d'\u00e9olien flottant en M\u00e9diterran\u00e9e doivent \u00eatre diff\u00e9r\u00e9s ! - Toutes Nos \u00c9nergies \u2013 Occitanie Environnement\",\"isPartOf\":{\"@id\":\"https:\\\/\\\/toutesnosenergies.fr\\\/#website\"},\"datePublished\":\"2022-03-22T18:06:38+00:00\",\"dateModified\":\"2022-03-22T18:06:42+00:00\",\"breadcrumb\":{\"@id\":\"https:\\\/\\\/toutesnosenergies.fr\\\/index.php\\\/2022\\\/03\\\/22\\\/les-appels-doffre-pour-les-projets-deolien-flottant-en-mediterranee-doivent-etre-differes\\\/#breadcrumb\"},\"inLanguage\":\"fr-FR\",\"potentialAction\":[{\"@type\":\"ReadAction\",\"target\":[\"https:\\\/\\\/toutesnosenergies.fr\\\/index.php\\\/2022\\\/03\\\/22\\\/les-appels-doffre-pour-les-projets-deolien-flottant-en-mediterranee-doivent-etre-differes\\\/\"]}]},{\"@type\":\"BreadcrumbList\",\"@id\":\"https:\\\/\\\/toutesnosenergies.fr\\\/index.php\\\/2022\\\/03\\\/22\\\/les-appels-doffre-pour-les-projets-deolien-flottant-en-mediterranee-doivent-etre-differes\\\/#breadcrumb\",\"itemListElement\":[{\"@type\":\"ListItem\",\"position\":1,\"name\":\"Accueil\",\"item\":\"https:\\\/\\\/toutesnosenergies.fr\\\/\"},{\"@type\":\"ListItem\",\"position\":2,\"name\":\"Les appels d&#8217;offre pour les projets d&#8217;\u00e9olien flottant en M\u00e9diterran\u00e9e doivent \u00eatre diff\u00e9r\u00e9s !\"}]},{\"@type\":\"WebSite\",\"@id\":\"https:\\\/\\\/toutesnosenergies.fr\\\/#website\",\"url\":\"https:\\\/\\\/toutesnosenergies.fr\\\/\",\"name\":\"Toutes Nos \u00c9nergies \u2013 Occitanie Environnement\",\"description\":\"Pour une \u00e9nergie respectueuse du vivant et des territoires ruraux en Occitanie\",\"publisher\":{\"@id\":\"https:\\\/\\\/toutesnosenergies.fr\\\/#organization\"},\"potentialAction\":[{\"@type\":\"SearchAction\",\"target\":{\"@type\":\"EntryPoint\",\"urlTemplate\":\"https:\\\/\\\/toutesnosenergies.fr\\\/?s={search_term_string}\"},\"query-input\":{\"@type\":\"PropertyValueSpecification\",\"valueRequired\":true,\"valueName\":\"search_term_string\"}}],\"inLanguage\":\"fr-FR\"},{\"@type\":\"Organization\",\"@id\":\"https:\\\/\\\/toutesnosenergies.fr\\\/#organization\",\"name\":\"Toutes Nos \u00c9nergies \u2013 Occitanie Environnement\",\"url\":\"https:\\\/\\\/toutesnosenergies.fr\\\/\",\"logo\":{\"@type\":\"ImageObject\",\"inLanguage\":\"fr-FR\",\"@id\":\"https:\\\/\\\/toutesnosenergies.fr\\\/#\\\/schema\\\/logo\\\/image\\\/\",\"url\":\"https:\\\/\\\/toutesnosenergies.fr\\\/wp-content\\\/uploads\\\/2023\\\/01\\\/Petit-logo.png\",\"contentUrl\":\"https:\\\/\\\/toutesnosenergies.fr\\\/wp-content\\\/uploads\\\/2023\\\/01\\\/Petit-logo.png\",\"width\":360,\"height\":102,\"caption\":\"Toutes Nos \u00c9nergies \u2013 Occitanie Environnement\"},\"image\":{\"@id\":\"https:\\\/\\\/toutesnosenergies.fr\\\/#\\\/schema\\\/logo\\\/image\\\/\"},\"sameAs\":[\"https:\\\/\\\/www.facebook.com\\\/TNEtoutesnosenergiesOccitanieEnvironnement\"]},{\"@type\":\"Person\",\"@id\":\"https:\\\/\\\/toutesnosenergies.fr\\\/#\\\/schema\\\/person\\\/83b429b7810ce59e0a21afb7e0b3cb1c\",\"name\":\"WM81\",\"image\":{\"@type\":\"ImageObject\",\"inLanguage\":\"fr-FR\",\"@id\":\"https:\\\/\\\/secure.gravatar.com\\\/avatar\\\/aa9bf2bd97a7297274c53294f09e800c7ee0d88290f959d5d49f9380299b9ff1?s=96&d=mm&r=g\",\"url\":\"https:\\\/\\\/secure.gravatar.com\\\/avatar\\\/aa9bf2bd97a7297274c53294f09e800c7ee0d88290f959d5d49f9380299b9ff1?s=96&d=mm&r=g\",\"contentUrl\":\"https:\\\/\\\/secure.gravatar.com\\\/avatar\\\/aa9bf2bd97a7297274c53294f09e800c7ee0d88290f959d5d49f9380299b9ff1?s=96&d=mm&r=g\",\"caption\":\"WM81\"},\"sameAs\":[\"http:\\\/\\\/toutesnosenergies.fr\"],\"url\":\"https:\\\/\\\/toutesnosenergies.fr\\\/index.php\\\/author\\\/wm81\\\/\"}]}<\/script>\n<!-- \/ Yoast SEO plugin. -->","yoast_head_json":{"title":"Les appels d'offre pour les projets d'\u00e9olien flottant en M\u00e9diterran\u00e9e doivent \u00eatre diff\u00e9r\u00e9s ! - Toutes Nos \u00c9nergies \u2013 Occitanie Environnement","robots":{"index":"index","follow":"follow","max-snippet":"max-snippet:-1","max-image-preview":"max-image-preview:large","max-video-preview":"max-video-preview:-1"},"canonical":"https:\/\/toutesnosenergies.fr\/index.php\/2022\/03\/22\/les-appels-doffre-pour-les-projets-deolien-flottant-en-mediterranee-doivent-etre-differes\/","og_locale":"fr_FR","og_type":"article","og_title":"Les appels d'offre pour les projets d'\u00e9olien flottant en M\u00e9diterran\u00e9e doivent \u00eatre diff\u00e9r\u00e9s ! - Toutes Nos \u00c9nergies \u2013 Occitanie Environnement","og_description":"Parce que les conditions de publication des appels d\u2019offre concernant l\u2019\u00e9olien flottant en M\u00e9diterran\u00e9e ne nous semblent pas convenables, Jean Blin et Bruno Ladsous, au nom du collectif TNE-Occitanie Environnement, ont \u00e9crit \u00e0 la CRE (Commission de R\u00e9gulation de l&rsquo;\u00c9nergie). (Voir ici en PDF) Parmi les missions, pr\u00e9cis\u00e9es dans le Code de l\u2019\u00e9nergie, de la ... Lire plus","og_url":"https:\/\/toutesnosenergies.fr\/index.php\/2022\/03\/22\/les-appels-doffre-pour-les-projets-deolien-flottant-en-mediterranee-doivent-etre-differes\/","og_site_name":"Toutes Nos \u00c9nergies \u2013 Occitanie Environnement","article_publisher":"https:\/\/www.facebook.com\/TNEtoutesnosenergiesOccitanieEnvironnement","article_published_time":"2022-03-22T18:06:38+00:00","article_modified_time":"2022-03-22T18:06:42+00:00","author":"WM81","twitter_card":"summary_large_image","twitter_misc":{"\u00c9crit par":"WM81","Dur\u00e9e de lecture estim\u00e9e":"3 minutes"},"schema":{"@context":"https:\/\/schema.org","@graph":[{"@type":"Article","@id":"https:\/\/toutesnosenergies.fr\/index.php\/2022\/03\/22\/les-appels-doffre-pour-les-projets-deolien-flottant-en-mediterranee-doivent-etre-differes\/#article","isPartOf":{"@id":"https:\/\/toutesnosenergies.fr\/index.php\/2022\/03\/22\/les-appels-doffre-pour-les-projets-deolien-flottant-en-mediterranee-doivent-etre-differes\/"},"author":{"name":"WM81","@id":"https:\/\/toutesnosenergies.fr\/#\/schema\/person\/83b429b7810ce59e0a21afb7e0b3cb1c"},"headline":"Les appels d&rsquo;offre pour les projets d&rsquo;\u00e9olien flottant en M\u00e9diterran\u00e9e doivent \u00eatre diff\u00e9r\u00e9s !","datePublished":"2022-03-22T18:06:38+00:00","dateModified":"2022-03-22T18:06:42+00:00","mainEntityOfPage":{"@id":"https:\/\/toutesnosenergies.fr\/index.php\/2022\/03\/22\/les-appels-doffre-pour-les-projets-deolien-flottant-en-mediterranee-doivent-etre-differes\/"},"wordCount":578,"commentCount":2,"publisher":{"@id":"https:\/\/toutesnosenergies.fr\/#organization"},"inLanguage":"fr-FR","potentialAction":[{"@type":"CommentAction","name":"Comment","target":["https:\/\/toutesnosenergies.fr\/index.php\/2022\/03\/22\/les-appels-doffre-pour-les-projets-deolien-flottant-en-mediterranee-doivent-etre-differes\/#respond"]}]},{"@type":"WebPage","@id":"https:\/\/toutesnosenergies.fr\/index.php\/2022\/03\/22\/les-appels-doffre-pour-les-projets-deolien-flottant-en-mediterranee-doivent-etre-differes\/","url":"https:\/\/toutesnosenergies.fr\/index.php\/2022\/03\/22\/les-appels-doffre-pour-les-projets-deolien-flottant-en-mediterranee-doivent-etre-differes\/","name":"Les appels d'offre pour les projets d'\u00e9olien flottant en M\u00e9diterran\u00e9e doivent \u00eatre diff\u00e9r\u00e9s ! - Toutes Nos \u00c9nergies \u2013 Occitanie Environnement","isPartOf":{"@id":"https:\/\/toutesnosenergies.fr\/#website"},"datePublished":"2022-03-22T18:06:38+00:00","dateModified":"2022-03-22T18:06:42+00:00","breadcrumb":{"@id":"https:\/\/toutesnosenergies.fr\/index.php\/2022\/03\/22\/les-appels-doffre-pour-les-projets-deolien-flottant-en-mediterranee-doivent-etre-differes\/#breadcrumb"},"inLanguage":"fr-FR","potentialAction":[{"@type":"ReadAction","target":["https:\/\/toutesnosenergies.fr\/index.php\/2022\/03\/22\/les-appels-doffre-pour-les-projets-deolien-flottant-en-mediterranee-doivent-etre-differes\/"]}]},{"@type":"BreadcrumbList","@id":"https:\/\/toutesnosenergies.fr\/index.php\/2022\/03\/22\/les-appels-doffre-pour-les-projets-deolien-flottant-en-mediterranee-doivent-etre-differes\/#breadcrumb","itemListElement":[{"@type":"ListItem","position":1,"name":"Accueil","item":"https:\/\/toutesnosenergies.fr\/"},{"@type":"ListItem","position":2,"name":"Les appels d&#8217;offre pour les projets d&#8217;\u00e9olien flottant en M\u00e9diterran\u00e9e doivent \u00eatre diff\u00e9r\u00e9s !"}]},{"@type":"WebSite","@id":"https:\/\/toutesnosenergies.fr\/#website","url":"https:\/\/toutesnosenergies.fr\/","name":"Toutes Nos \u00c9nergies \u2013 Occitanie Environnement","description":"Pour une \u00e9nergie respectueuse du vivant et des territoires ruraux en Occitanie","publisher":{"@id":"https:\/\/toutesnosenergies.fr\/#organization"},"potentialAction":[{"@type":"SearchAction","target":{"@type":"EntryPoint","urlTemplate":"https:\/\/toutesnosenergies.fr\/?s={search_term_string}"},"query-input":{"@type":"PropertyValueSpecification","valueRequired":true,"valueName":"search_term_string"}}],"inLanguage":"fr-FR"},{"@type":"Organization","@id":"https:\/\/toutesnosenergies.fr\/#organization","name":"Toutes Nos \u00c9nergies \u2013 Occitanie Environnement","url":"https:\/\/toutesnosenergies.fr\/","logo":{"@type":"ImageObject","inLanguage":"fr-FR","@id":"https:\/\/toutesnosenergies.fr\/#\/schema\/logo\/image\/","url":"https:\/\/toutesnosenergies.fr\/wp-content\/uploads\/2023\/01\/Petit-logo.png","contentUrl":"https:\/\/toutesnosenergies.fr\/wp-content\/uploads\/2023\/01\/Petit-logo.png","width":360,"height":102,"caption":"Toutes Nos \u00c9nergies \u2013 Occitanie Environnement"},"image":{"@id":"https:\/\/toutesnosenergies.fr\/#\/schema\/logo\/image\/"},"sameAs":["https:\/\/www.facebook.com\/TNEtoutesnosenergiesOccitanieEnvironnement"]},{"@type":"Person","@id":"https:\/\/toutesnosenergies.fr\/#\/schema\/person\/83b429b7810ce59e0a21afb7e0b3cb1c","name":"WM81","image":{"@type":"ImageObject","inLanguage":"fr-FR","@id":"https:\/\/secure.gravatar.com\/avatar\/aa9bf2bd97a7297274c53294f09e800c7ee0d88290f959d5d49f9380299b9ff1?s=96&d=mm&r=g","url":"https:\/\/secure.gravatar.com\/avatar\/aa9bf2bd97a7297274c53294f09e800c7ee0d88290f959d5d49f9380299b9ff1?s=96&d=mm&r=g","contentUrl":"https:\/\/secure.gravatar.com\/avatar\/aa9bf2bd97a7297274c53294f09e800c7ee0d88290f959d5d49f9380299b9ff1?s=96&d=mm&r=g","caption":"WM81"},"sameAs":["http:\/\/toutesnosenergies.fr"],"url":"https:\/\/toutesnosenergies.fr\/index.php\/author\/wm81\/"}]}},"_links":{"self":[{"href":"https:\/\/toutesnosenergies.fr\/index.php\/wp-json\/wp\/v2\/posts\/7957","targetHints":{"allow":["GET"]}}],"collection":[{"href":"https:\/\/toutesnosenergies.fr\/index.php\/wp-json\/wp\/v2\/posts"}],"about":[{"href":"https:\/\/toutesnosenergies.fr\/index.php\/wp-json\/wp\/v2\/types\/post"}],"author":[{"embeddable":true,"href":"https:\/\/toutesnosenergies.fr\/index.php\/wp-json\/wp\/v2\/users\/3"}],"replies":[{"embeddable":true,"href":"https:\/\/toutesnosenergies.fr\/index.php\/wp-json\/wp\/v2\/comments?post=7957"}],"version-history":[{"count":1,"href":"https:\/\/toutesnosenergies.fr\/index.php\/wp-json\/wp\/v2\/posts\/7957\/revisions"}],"predecessor-version":[{"id":7958,"href":"https:\/\/toutesnosenergies.fr\/index.php\/wp-json\/wp\/v2\/posts\/7957\/revisions\/7958"}],"wp:attachment":[{"href":"https:\/\/toutesnosenergies.fr\/index.php\/wp-json\/wp\/v2\/media?parent=7957"}],"wp:term":[{"taxonomy":"category","embeddable":true,"href":"https:\/\/toutesnosenergies.fr\/index.php\/wp-json\/wp\/v2\/categories?post=7957"},{"taxonomy":"post_tag","embeddable":true,"href":"https:\/\/toutesnosenergies.fr\/index.php\/wp-json\/wp\/v2\/tags?post=7957"}],"curies":[{"name":"wp","href":"https:\/\/api.w.org\/{rel}","templated":true}]}}