{"id":7996,"date":"2022-04-03T13:34:09","date_gmt":"2022-04-03T11:34:09","guid":{"rendered":"https:\/\/toutesnosenergies.fr\/?p=7996"},"modified":"2022-05-10T13:24:08","modified_gmt":"2022-05-10T11:24:08","slug":"victoire-dans-la-foret-de-ramondens-a-arfons","status":"publish","type":"post","link":"https:\/\/toutesnosenergies.fr\/index.php\/2022\/04\/03\/victoire-dans-la-foret-de-ramondens-a-arfons\/","title":{"rendered":"Victoire dans la for\u00eat de Ramondens \u00e0 Arfons !"},"content":{"rendered":"\n<p class=\"has-background\" style=\"background-color:#87ee9f\">Nous avons \u00e9t\u00e9 inform\u00e9 par la DREAL du Tarn que le Pr\u00e9fet avait rejet\u00e9 la demande d&rsquo;autorisation concernant le projet de construction de 6 \u00e9oliennes par VALOREM dans la for\u00eat de Ramondens \u00e0 Arfons et que l&rsquo;arr\u00eat\u00e9 de rejet avait \u00e9t\u00e9 sign\u00e9 le 18 mars 2022.<\/p>\n\n\n\n<h3 class=\"wp-block-heading\">L&rsquo;association Vent Mauvais qui se bat depuis des ann\u00e9es contre l&rsquo;industrialisationde la Montagne Noire communique <\/h3>\n\n\n\n<p>\u00ab\u00a0Nous avons gagn\u00e9 donc, malgr\u00e9 le Commissaire-enqu\u00eateur et son avis scandaleusement favorable.\u00a0Dans son rapport comme dans ses conclusions et avis, en effet, ni \u00e9quit\u00e9, ni int\u00e9grit\u00e9, ni impartialit\u00e9. La neutralit\u00e9 et l\u2019impartialit\u00e9 en particulier sont absentes de sa r\u00e9daction, les erreurs et omissions sont nombreuses, les exemples donn\u00e9s parfois erron\u00e9s, la r\u00e9alit\u00e9 tordue ou les chiffres manipul\u00e9s, comme lorsqu\u2019il s\u2019agit de d\u00e9compter les avis d\u00e9favorables au projet.\u00a0 Il va jusqu\u2019\u00e0 accuser les opposants au projet d\u2019avoir une \u00ab\u00a0d\u00e9marche politique\u00a0\u00bb, consid\u00e9ration bien \u00e9loign\u00e9e de sa mission.<\/p>\n\n\n\n<p>Le Pr\u00e9fet, \u00e0 qui nous avions d\u00e9nonc\u00e9 ces manquements et les mensonges du promoteur dans son \u00e9tude d\u2019impact, ne s\u2019y est pas tromp\u00e9 et a donc rejet\u00e9 ce projet nuisible au cadre de vie, mais aussi au paysage, \u00e0 la biodiversit\u00e9, \u00e0 la ressource en eau.<\/p>\n\n\n\n<p>C\u2019est la victoire de la mobilisation et de la d\u00e9termination de chacun. C\u2019est aussi celle de la solidarit\u00e9 en Montagne Noire. Merci \u00e0 tous les \u00e9lus qui ont donn\u00e9 un avois d\u00e9favorable et\/ou d\u00e9lib\u00e9r\u00e9 contre ce projet,&nbsp;LES MARTYS, SAINT-DENIS, SAISSAC, LASTOURS et MAS-CABARDES, LES ILHES-CABARDES, BROUSSES-ET-VILLARET, LABASTIDE-ESPARBAIRENQUE, MAZAMET, LAPRADE, FONTIERS-CABARDES, PEZENS et LACOMBE,&nbsp;merci \u00e0 tous ceux qui se sont d\u00e9plac\u00e9s et\/ou ont particip\u00e9 \u00e0 l\u2019enqu\u00eate publique et rejoint le Collectif des habitants et \u00e9lus de Lacombe et Arfons. Cela nous renforce pour les combats que nous aurons encore \u00e0 mener.<\/p>\n\n\n\n<p>Attendons maintenant de savoir si le promoteur VALOREM d\u00e9cidera, comme OSTWIND pour Les Martys, de d\u00e9poser un recours contre l\u2019arr\u00eat\u00e9 pr\u00e9fectoral de rejet. Nous pr\u00e9f\u00e8rerions que ce ne soit pas le cas mais nous y sommes pr\u00eats, pour rester fid\u00e8les \u00e0 notre engagement\u00a0\u00ab\u00a0<\/p>\n\n\n\n<p class=\"has-text-align-center has-background\" style=\"background-color:#87ee9f\"><strong>PAS UNE \u00c9OLIENNE DE PLUS SUR LA MONTAGNE NOIRE !<\/strong><\/p>\n","protected":false},"excerpt":{"rendered":"<p>Nous avons \u00e9t\u00e9 inform\u00e9 par la DREAL du Tarn que le Pr\u00e9fet avait rejet\u00e9 la demande d&rsquo;autorisation concernant le projet de construction de 6 \u00e9oliennes par VALOREM dans la for\u00eat de Ramondens \u00e0 Arfons et que l&rsquo;arr\u00eat\u00e9 de rejet avait \u00e9t\u00e9 sign\u00e9 le 18 mars 2022. L&rsquo;association Vent Mauvais qui se bat depuis des ann\u00e9es &#8230; <a title=\"Victoire dans la for\u00eat de Ramondens \u00e0 Arfons !\" class=\"read-more\" href=\"https:\/\/toutesnosenergies.fr\/index.php\/2022\/04\/03\/victoire-dans-la-foret-de-ramondens-a-arfons\/\" aria-label=\"Plus sur Victoire dans la for\u00eat de Ramondens \u00e0 Arfons !\">Lire plus<\/a><\/p>\n","protected":false},"author":3,"featured_media":0,"comment_status":"open","ping_status":"open","sticky":false,"template":"","format":"standard","meta":{"_cbd_carousel_blocks":"[]","sfsi_plus_gutenberg_text_before_share":"","sfsi_plus_gutenberg_show_text_before_share":"","sfsi_plus_gutenberg_icon_type":"","sfsi_plus_gutenberg_icon_alignemt":"","sfsi_plus_gutenburg_max_per_row":"","footnotes":""},"categories":[1],"tags":[],"class_list":["post-7996","post","type-post","status-publish","format-standard","hentry","category-non-classe"],"yoast_head":"<!-- This site is optimized with the Yoast SEO plugin v27.4 - https:\/\/yoast.com\/product\/yoast-seo-wordpress\/ -->\n<title>Victoire dans la for\u00eat de Ramondens \u00e0 Arfons ! - Toutes Nos \u00c9nergies \u2013 Occitanie Environnement<\/title>\n<meta name=\"robots\" content=\"index, follow, max-snippet:-1, max-image-preview:large, max-video-preview:-1\" \/>\n<link rel=\"canonical\" href=\"https:\/\/toutesnosenergies.fr\/index.php\/2022\/04\/03\/victoire-dans-la-foret-de-ramondens-a-arfons\/\" \/>\n<meta property=\"og:locale\" content=\"fr_FR\" \/>\n<meta property=\"og:type\" content=\"article\" \/>\n<meta property=\"og:title\" content=\"Victoire dans la for\u00eat de Ramondens \u00e0 Arfons ! - Toutes Nos \u00c9nergies \u2013 Occitanie Environnement\" \/>\n<meta property=\"og:description\" content=\"Nous avons \u00e9t\u00e9 inform\u00e9 par la DREAL du Tarn que le Pr\u00e9fet avait rejet\u00e9 la demande d&rsquo;autorisation concernant le projet de construction de 6 \u00e9oliennes par VALOREM dans la for\u00eat de Ramondens \u00e0 Arfons et que l&rsquo;arr\u00eat\u00e9 de rejet avait \u00e9t\u00e9 sign\u00e9 le 18 mars 2022. L&rsquo;association Vent Mauvais qui se bat depuis des ann\u00e9es ... Lire plus\" \/>\n<meta property=\"og:url\" content=\"https:\/\/toutesnosenergies.fr\/index.php\/2022\/04\/03\/victoire-dans-la-foret-de-ramondens-a-arfons\/\" \/>\n<meta property=\"og:site_name\" content=\"Toutes Nos \u00c9nergies \u2013 Occitanie Environnement\" \/>\n<meta property=\"article:publisher\" content=\"https:\/\/www.facebook.com\/TNEtoutesnosenergiesOccitanieEnvironnement\" \/>\n<meta property=\"article:published_time\" content=\"2022-04-03T11:34:09+00:00\" \/>\n<meta property=\"article:modified_time\" content=\"2022-05-10T11:24:08+00:00\" \/>\n<meta name=\"author\" content=\"WM81\" \/>\n<meta name=\"twitter:card\" content=\"summary_large_image\" \/>\n<meta name=\"twitter:label1\" content=\"\u00c9crit par\" \/>\n\t<meta name=\"twitter:data1\" content=\"WM81\" \/>\n\t<meta name=\"twitter:label2\" content=\"Dur\u00e9e de lecture estim\u00e9e\" \/>\n\t<meta name=\"twitter:data2\" content=\"2 minutes\" \/>\n<script type=\"application\/ld+json\" class=\"yoast-schema-graph\">{\"@context\":\"https:\\\/\\\/schema.org\",\"@graph\":[{\"@type\":\"Article\",\"@id\":\"https:\\\/\\\/toutesnosenergies.fr\\\/index.php\\\/2022\\\/04\\\/03\\\/victoire-dans-la-foret-de-ramondens-a-arfons\\\/#article\",\"isPartOf\":{\"@id\":\"https:\\\/\\\/toutesnosenergies.fr\\\/index.php\\\/2022\\\/04\\\/03\\\/victoire-dans-la-foret-de-ramondens-a-arfons\\\/\"},\"author\":{\"name\":\"WM81\",\"@id\":\"https:\\\/\\\/toutesnosenergies.fr\\\/#\\\/schema\\\/person\\\/83b429b7810ce59e0a21afb7e0b3cb1c\"},\"headline\":\"Victoire dans la for\u00eat de Ramondens \u00e0 Arfons !\",\"datePublished\":\"2022-04-03T11:34:09+00:00\",\"dateModified\":\"2022-05-10T11:24:08+00:00\",\"mainEntityOfPage\":{\"@id\":\"https:\\\/\\\/toutesnosenergies.fr\\\/index.php\\\/2022\\\/04\\\/03\\\/victoire-dans-la-foret-de-ramondens-a-arfons\\\/\"},\"wordCount\":380,\"commentCount\":2,\"publisher\":{\"@id\":\"https:\\\/\\\/toutesnosenergies.fr\\\/#organization\"},\"inLanguage\":\"fr-FR\",\"potentialAction\":[{\"@type\":\"CommentAction\",\"name\":\"Comment\",\"target\":[\"https:\\\/\\\/toutesnosenergies.fr\\\/index.php\\\/2022\\\/04\\\/03\\\/victoire-dans-la-foret-de-ramondens-a-arfons\\\/#respond\"]}]},{\"@type\":\"WebPage\",\"@id\":\"https:\\\/\\\/toutesnosenergies.fr\\\/index.php\\\/2022\\\/04\\\/03\\\/victoire-dans-la-foret-de-ramondens-a-arfons\\\/\",\"url\":\"https:\\\/\\\/toutesnosenergies.fr\\\/index.php\\\/2022\\\/04\\\/03\\\/victoire-dans-la-foret-de-ramondens-a-arfons\\\/\",\"name\":\"Victoire dans la for\u00eat de Ramondens \u00e0 Arfons ! - Toutes Nos \u00c9nergies \u2013 Occitanie Environnement\",\"isPartOf\":{\"@id\":\"https:\\\/\\\/toutesnosenergies.fr\\\/#website\"},\"datePublished\":\"2022-04-03T11:34:09+00:00\",\"dateModified\":\"2022-05-10T11:24:08+00:00\",\"breadcrumb\":{\"@id\":\"https:\\\/\\\/toutesnosenergies.fr\\\/index.php\\\/2022\\\/04\\\/03\\\/victoire-dans-la-foret-de-ramondens-a-arfons\\\/#breadcrumb\"},\"inLanguage\":\"fr-FR\",\"potentialAction\":[{\"@type\":\"ReadAction\",\"target\":[\"https:\\\/\\\/toutesnosenergies.fr\\\/index.php\\\/2022\\\/04\\\/03\\\/victoire-dans-la-foret-de-ramondens-a-arfons\\\/\"]}]},{\"@type\":\"BreadcrumbList\",\"@id\":\"https:\\\/\\\/toutesnosenergies.fr\\\/index.php\\\/2022\\\/04\\\/03\\\/victoire-dans-la-foret-de-ramondens-a-arfons\\\/#breadcrumb\",\"itemListElement\":[{\"@type\":\"ListItem\",\"position\":1,\"name\":\"Accueil\",\"item\":\"https:\\\/\\\/toutesnosenergies.fr\\\/\"},{\"@type\":\"ListItem\",\"position\":2,\"name\":\"Victoire dans la for\u00eat de Ramondens \u00e0 Arfons !\"}]},{\"@type\":\"WebSite\",\"@id\":\"https:\\\/\\\/toutesnosenergies.fr\\\/#website\",\"url\":\"https:\\\/\\\/toutesnosenergies.fr\\\/\",\"name\":\"Toutes Nos \u00c9nergies \u2013 Occitanie Environnement\",\"description\":\"Pour une \u00e9nergie respectueuse du vivant et des territoires ruraux en Occitanie\",\"publisher\":{\"@id\":\"https:\\\/\\\/toutesnosenergies.fr\\\/#organization\"},\"potentialAction\":[{\"@type\":\"SearchAction\",\"target\":{\"@type\":\"EntryPoint\",\"urlTemplate\":\"https:\\\/\\\/toutesnosenergies.fr\\\/?s={search_term_string}\"},\"query-input\":{\"@type\":\"PropertyValueSpecification\",\"valueRequired\":true,\"valueName\":\"search_term_string\"}}],\"inLanguage\":\"fr-FR\"},{\"@type\":\"Organization\",\"@id\":\"https:\\\/\\\/toutesnosenergies.fr\\\/#organization\",\"name\":\"Toutes Nos \u00c9nergies \u2013 Occitanie Environnement\",\"url\":\"https:\\\/\\\/toutesnosenergies.fr\\\/\",\"logo\":{\"@type\":\"ImageObject\",\"inLanguage\":\"fr-FR\",\"@id\":\"https:\\\/\\\/toutesnosenergies.fr\\\/#\\\/schema\\\/logo\\\/image\\\/\",\"url\":\"https:\\\/\\\/toutesnosenergies.fr\\\/wp-content\\\/uploads\\\/2023\\\/01\\\/Petit-logo.png\",\"contentUrl\":\"https:\\\/\\\/toutesnosenergies.fr\\\/wp-content\\\/uploads\\\/2023\\\/01\\\/Petit-logo.png\",\"width\":360,\"height\":102,\"caption\":\"Toutes Nos \u00c9nergies \u2013 Occitanie Environnement\"},\"image\":{\"@id\":\"https:\\\/\\\/toutesnosenergies.fr\\\/#\\\/schema\\\/logo\\\/image\\\/\"},\"sameAs\":[\"https:\\\/\\\/www.facebook.com\\\/TNEtoutesnosenergiesOccitanieEnvironnement\"]},{\"@type\":\"Person\",\"@id\":\"https:\\\/\\\/toutesnosenergies.fr\\\/#\\\/schema\\\/person\\\/83b429b7810ce59e0a21afb7e0b3cb1c\",\"name\":\"WM81\",\"image\":{\"@type\":\"ImageObject\",\"inLanguage\":\"fr-FR\",\"@id\":\"https:\\\/\\\/secure.gravatar.com\\\/avatar\\\/aa9bf2bd97a7297274c53294f09e800c7ee0d88290f959d5d49f9380299b9ff1?s=96&d=mm&r=g\",\"url\":\"https:\\\/\\\/secure.gravatar.com\\\/avatar\\\/aa9bf2bd97a7297274c53294f09e800c7ee0d88290f959d5d49f9380299b9ff1?s=96&d=mm&r=g\",\"contentUrl\":\"https:\\\/\\\/secure.gravatar.com\\\/avatar\\\/aa9bf2bd97a7297274c53294f09e800c7ee0d88290f959d5d49f9380299b9ff1?s=96&d=mm&r=g\",\"caption\":\"WM81\"},\"sameAs\":[\"http:\\\/\\\/toutesnosenergies.fr\"],\"url\":\"https:\\\/\\\/toutesnosenergies.fr\\\/index.php\\\/author\\\/wm81\\\/\"}]}<\/script>\n<!-- \/ Yoast SEO plugin. -->","yoast_head_json":{"title":"Victoire dans la for\u00eat de Ramondens \u00e0 Arfons ! - Toutes Nos \u00c9nergies \u2013 Occitanie Environnement","robots":{"index":"index","follow":"follow","max-snippet":"max-snippet:-1","max-image-preview":"max-image-preview:large","max-video-preview":"max-video-preview:-1"},"canonical":"https:\/\/toutesnosenergies.fr\/index.php\/2022\/04\/03\/victoire-dans-la-foret-de-ramondens-a-arfons\/","og_locale":"fr_FR","og_type":"article","og_title":"Victoire dans la for\u00eat de Ramondens \u00e0 Arfons ! - Toutes Nos \u00c9nergies \u2013 Occitanie Environnement","og_description":"Nous avons \u00e9t\u00e9 inform\u00e9 par la DREAL du Tarn que le Pr\u00e9fet avait rejet\u00e9 la demande d&rsquo;autorisation concernant le projet de construction de 6 \u00e9oliennes par VALOREM dans la for\u00eat de Ramondens \u00e0 Arfons et que l&rsquo;arr\u00eat\u00e9 de rejet avait \u00e9t\u00e9 sign\u00e9 le 18 mars 2022. L&rsquo;association Vent Mauvais qui se bat depuis des ann\u00e9es ... Lire plus","og_url":"https:\/\/toutesnosenergies.fr\/index.php\/2022\/04\/03\/victoire-dans-la-foret-de-ramondens-a-arfons\/","og_site_name":"Toutes Nos \u00c9nergies \u2013 Occitanie Environnement","article_publisher":"https:\/\/www.facebook.com\/TNEtoutesnosenergiesOccitanieEnvironnement","article_published_time":"2022-04-03T11:34:09+00:00","article_modified_time":"2022-05-10T11:24:08+00:00","author":"WM81","twitter_card":"summary_large_image","twitter_misc":{"\u00c9crit par":"WM81","Dur\u00e9e de lecture estim\u00e9e":"2 minutes"},"schema":{"@context":"https:\/\/schema.org","@graph":[{"@type":"Article","@id":"https:\/\/toutesnosenergies.fr\/index.php\/2022\/04\/03\/victoire-dans-la-foret-de-ramondens-a-arfons\/#article","isPartOf":{"@id":"https:\/\/toutesnosenergies.fr\/index.php\/2022\/04\/03\/victoire-dans-la-foret-de-ramondens-a-arfons\/"},"author":{"name":"WM81","@id":"https:\/\/toutesnosenergies.fr\/#\/schema\/person\/83b429b7810ce59e0a21afb7e0b3cb1c"},"headline":"Victoire dans la for\u00eat de Ramondens \u00e0 Arfons !","datePublished":"2022-04-03T11:34:09+00:00","dateModified":"2022-05-10T11:24:08+00:00","mainEntityOfPage":{"@id":"https:\/\/toutesnosenergies.fr\/index.php\/2022\/04\/03\/victoire-dans-la-foret-de-ramondens-a-arfons\/"},"wordCount":380,"commentCount":2,"publisher":{"@id":"https:\/\/toutesnosenergies.fr\/#organization"},"inLanguage":"fr-FR","potentialAction":[{"@type":"CommentAction","name":"Comment","target":["https:\/\/toutesnosenergies.fr\/index.php\/2022\/04\/03\/victoire-dans-la-foret-de-ramondens-a-arfons\/#respond"]}]},{"@type":"WebPage","@id":"https:\/\/toutesnosenergies.fr\/index.php\/2022\/04\/03\/victoire-dans-la-foret-de-ramondens-a-arfons\/","url":"https:\/\/toutesnosenergies.fr\/index.php\/2022\/04\/03\/victoire-dans-la-foret-de-ramondens-a-arfons\/","name":"Victoire dans la for\u00eat de Ramondens \u00e0 Arfons ! - Toutes Nos \u00c9nergies \u2013 Occitanie Environnement","isPartOf":{"@id":"https:\/\/toutesnosenergies.fr\/#website"},"datePublished":"2022-04-03T11:34:09+00:00","dateModified":"2022-05-10T11:24:08+00:00","breadcrumb":{"@id":"https:\/\/toutesnosenergies.fr\/index.php\/2022\/04\/03\/victoire-dans-la-foret-de-ramondens-a-arfons\/#breadcrumb"},"inLanguage":"fr-FR","potentialAction":[{"@type":"ReadAction","target":["https:\/\/toutesnosenergies.fr\/index.php\/2022\/04\/03\/victoire-dans-la-foret-de-ramondens-a-arfons\/"]}]},{"@type":"BreadcrumbList","@id":"https:\/\/toutesnosenergies.fr\/index.php\/2022\/04\/03\/victoire-dans-la-foret-de-ramondens-a-arfons\/#breadcrumb","itemListElement":[{"@type":"ListItem","position":1,"name":"Accueil","item":"https:\/\/toutesnosenergies.fr\/"},{"@type":"ListItem","position":2,"name":"Victoire dans la for\u00eat de Ramondens \u00e0 Arfons !"}]},{"@type":"WebSite","@id":"https:\/\/toutesnosenergies.fr\/#website","url":"https:\/\/toutesnosenergies.fr\/","name":"Toutes Nos \u00c9nergies \u2013 Occitanie Environnement","description":"Pour une \u00e9nergie respectueuse du vivant et des territoires ruraux en Occitanie","publisher":{"@id":"https:\/\/toutesnosenergies.fr\/#organization"},"potentialAction":[{"@type":"SearchAction","target":{"@type":"EntryPoint","urlTemplate":"https:\/\/toutesnosenergies.fr\/?s={search_term_string}"},"query-input":{"@type":"PropertyValueSpecification","valueRequired":true,"valueName":"search_term_string"}}],"inLanguage":"fr-FR"},{"@type":"Organization","@id":"https:\/\/toutesnosenergies.fr\/#organization","name":"Toutes Nos \u00c9nergies \u2013 Occitanie Environnement","url":"https:\/\/toutesnosenergies.fr\/","logo":{"@type":"ImageObject","inLanguage":"fr-FR","@id":"https:\/\/toutesnosenergies.fr\/#\/schema\/logo\/image\/","url":"https:\/\/toutesnosenergies.fr\/wp-content\/uploads\/2023\/01\/Petit-logo.png","contentUrl":"https:\/\/toutesnosenergies.fr\/wp-content\/uploads\/2023\/01\/Petit-logo.png","width":360,"height":102,"caption":"Toutes Nos \u00c9nergies \u2013 Occitanie Environnement"},"image":{"@id":"https:\/\/toutesnosenergies.fr\/#\/schema\/logo\/image\/"},"sameAs":["https:\/\/www.facebook.com\/TNEtoutesnosenergiesOccitanieEnvironnement"]},{"@type":"Person","@id":"https:\/\/toutesnosenergies.fr\/#\/schema\/person\/83b429b7810ce59e0a21afb7e0b3cb1c","name":"WM81","image":{"@type":"ImageObject","inLanguage":"fr-FR","@id":"https:\/\/secure.gravatar.com\/avatar\/aa9bf2bd97a7297274c53294f09e800c7ee0d88290f959d5d49f9380299b9ff1?s=96&d=mm&r=g","url":"https:\/\/secure.gravatar.com\/avatar\/aa9bf2bd97a7297274c53294f09e800c7ee0d88290f959d5d49f9380299b9ff1?s=96&d=mm&r=g","contentUrl":"https:\/\/secure.gravatar.com\/avatar\/aa9bf2bd97a7297274c53294f09e800c7ee0d88290f959d5d49f9380299b9ff1?s=96&d=mm&r=g","caption":"WM81"},"sameAs":["http:\/\/toutesnosenergies.fr"],"url":"https:\/\/toutesnosenergies.fr\/index.php\/author\/wm81\/"}]}},"_links":{"self":[{"href":"https:\/\/toutesnosenergies.fr\/index.php\/wp-json\/wp\/v2\/posts\/7996","targetHints":{"allow":["GET"]}}],"collection":[{"href":"https:\/\/toutesnosenergies.fr\/index.php\/wp-json\/wp\/v2\/posts"}],"about":[{"href":"https:\/\/toutesnosenergies.fr\/index.php\/wp-json\/wp\/v2\/types\/post"}],"author":[{"embeddable":true,"href":"https:\/\/toutesnosenergies.fr\/index.php\/wp-json\/wp\/v2\/users\/3"}],"replies":[{"embeddable":true,"href":"https:\/\/toutesnosenergies.fr\/index.php\/wp-json\/wp\/v2\/comments?post=7996"}],"version-history":[{"count":4,"href":"https:\/\/toutesnosenergies.fr\/index.php\/wp-json\/wp\/v2\/posts\/7996\/revisions"}],"predecessor-version":[{"id":8154,"href":"https:\/\/toutesnosenergies.fr\/index.php\/wp-json\/wp\/v2\/posts\/7996\/revisions\/8154"}],"wp:attachment":[{"href":"https:\/\/toutesnosenergies.fr\/index.php\/wp-json\/wp\/v2\/media?parent=7996"}],"wp:term":[{"taxonomy":"category","embeddable":true,"href":"https:\/\/toutesnosenergies.fr\/index.php\/wp-json\/wp\/v2\/categories?post=7996"},{"taxonomy":"post_tag","embeddable":true,"href":"https:\/\/toutesnosenergies.fr\/index.php\/wp-json\/wp\/v2\/tags?post=7996"}],"curies":[{"name":"wp","href":"https:\/\/api.w.org\/{rel}","templated":true}]}}