{"id":8274,"date":"2022-06-22T13:00:43","date_gmt":"2022-06-22T11:00:43","guid":{"rendered":"https:\/\/toutesnosenergies.fr\/?p=8274"},"modified":"2022-06-22T13:08:50","modified_gmt":"2022-06-22T11:08:50","slug":"manif-regionale-contre-les-grands-projets-inutiles-et-imposes-a-toulouse-haute-garonne","status":"publish","type":"post","link":"https:\/\/toutesnosenergies.fr\/index.php\/2022\/06\/22\/manif-regionale-contre-les-grands-projets-inutiles-et-imposes-a-toulouse-haute-garonne\/","title":{"rendered":"Manif r\u00e9gionale contre les grands projets inutiles et impos\u00e9s, \u00e0 Toulouse (Haute-Garonne)"},"content":{"rendered":"\n<p class=\"has-background\" style=\"background-color:#f89882\"><strong>Samedi 25 Juin, \u00e0 Toulouse, l\u2019Union des Luttes appelle \u00e0 se rejoindre \u00e0 14h00 \u00e0 Jean Jaur\u00e8s pour marcher contre les Grands Projets Inutiles d\u2019Occitanie, pour montrer notre d\u00e9termination \u00e0 faire face \u00e0 leur projet criminel. VENEZ NOMBREU.SES&nbsp;!!!!<\/strong><\/p>\n\n\n\n<div class=\"wp-block-image\"><figure class=\"alignright size-large is-resized\"><img decoding=\"async\" src=\"https:\/\/reporterre.net\/local\/cache-vignettes\/L300xH322\/arton25555-f4c8a.jpg?1654864300\" alt=\"\" width=\"231\"\/><\/figure><\/div>\n\n\n\n<p>D\u2019une autoroute \u00e0 un \u00e9levage industriel, d\u2019un barrage \u00e0 une plateforme logistique g\u00e9ante, de l\u2019abattage d\u2019arbres, isol\u00e9s ou non, \u00e0 des fermes photovolta\u00efques, d\u2019une r\u00e9ouverture de mine \u00e0 des \u00e9oliennes industrielles, du r\u00e9am\u00e9nagement d\u2019un port \u00e0 la destruction d\u2019un site prot\u00e9g\u00e9, d\u2019un golf avec son complexe immobilier \u00e0 l\u2019installation d\u2019un m\u00e9ga transformateur et de ses lignes THT, du d\u00e9ploiement de la 5G \u00e0 son envahissante technologie num\u00e9rique, de la criminalisation des luttes \u00e0 l\u2019injustice sociale\u2026 longue est la liste des projets, (actions ou travaux) qui s\u2019approprient et d\u00e9truisent nos territoires et nos vies.<\/p>\n\n\n\n<p>Dans cette p\u00e9riode de crise climatique aux effets toujours plus dramatiques, dans cette p\u00e9riode o\u00f9 nous avons acquis la certitude que c\u2019est bien l\u2019humain qui par son action \u00e9conomique et industrielle est le seul responsable de ce profond d\u00e9r\u00e8glement de la m\u00e9canique m\u00e9t\u00e9orologique, dans cette p\u00e9riode, qui peut donc comprendre l\u2019ent\u00eatement criminel de nos \u2018\u00e9lites\u2019 \u00e0 maintenir ce cap suicidaire&nbsp;?<br>Et l\u2019avenir s\u2019assombrit. En effet notre jupit\u00e9rien pr\u00e9sident en nommant sa premi\u00e8re ministre, en lui confiant la responsabilit\u00e9 de la planification \u00e9cologique nous adresse un augure d\u00e9sastreux. Madame Borne ne d\u00e9clarait-elle pas, alors qu\u2019elle \u00e9tait ministre de la Transition \u00e9cologique&nbsp;: nous voyons dans la transition \u00e9cologique une source majeure d\u2019activit\u00e9, d\u2019innovation, et d\u2019emplois ainsi qu\u2019un puissant levier de r\u00e9industrialisation et de comp\u00e9titivit\u00e9 pour les entreprises.<\/p>\n\n\n\n<p>Et, en Occitanie, ce n\u2019est pas l\u2019activit\u00e9 de \u2018Carole aux dents longues\u2019 qui nous rassurera. Son implication dans les projets les plus d\u00e9l\u00e9t\u00e8res de la r\u00e9gion, comme le r\u00e9am\u00e9nagement du port de Port-la-Nouvelle ou l\u2019autoroute Castres-Verfeil, ne laisse planer aucun doute sur ses choix politiques, leurs incidences sur l\u2019aggravation du bouleversement climatique et son m\u00e9pris pour le peuple.<\/p>\n\n\n\n<p>Pour ces gens l\u00e0, le changement se pense en fin de mandat au moyen d\u2019\u00e9l\u00e9ments de langage savamment construits par quelques experts de la manipulation, de m\u00e9dias enti\u00e8rement acquis \u00e0 leurs destructrices causes, et au moyen d\u2019argent, de beaucoup d\u2019argent. Cette masse d\u2019argent n\u2019\u00e9tant que le renvoi d\u2019ascenseur de grosses entreprises, pas ingrates, pour le petit personnel politique.<\/p>\n\n\n\n<div class=\"wp-block-image\"><figure class=\"aligncenter size-full is-resized\"><img loading=\"lazy\" decoding=\"async\" src=\"https:\/\/toutesnosenergies.fr\/wp-content\/uploads\/2022\/06\/2022-06-25_tract-manif-01.jpg\" alt=\"\" class=\"wp-image-8275\" width=\"503\" height=\"712\" srcset=\"https:\/\/toutesnosenergies.fr\/wp-content\/uploads\/2022\/06\/2022-06-25_tract-manif-01.jpg 594w, https:\/\/toutesnosenergies.fr\/wp-content\/uploads\/2022\/06\/2022-06-25_tract-manif-01-212x300.jpg 212w\" sizes=\"auto, (max-width: 503px) 100vw, 503px\" \/><\/figure><\/div>\n\n\n\n<p>De leur cot\u00e9, les populations r\u00eavent de changement depuis longtemps. Mais comment dans ce monde corset\u00e9, r\u00e9aliser un changement qui soit social, \u00e9cologique, d\u00e9mocratique&nbsp;?<br>Peut-\u00eatre faut-il expliquer \u00e0 nos \u00e9lus qu\u2019ils ne sont pas indispensables. D\u2019ailleurs, un peu partout sur nos territoires des gens tous les jours le leurs d\u00e9montrent. Ensemble, ils se rassemblent pour contrer leurs projets insens\u00e9s. Ensemble, ils r\u00e9fl\u00e9chissent, agissent et montrent, qu\u2019ils sont responsables et capables d\u2019analyser, proposer, s\u2019opposer, produire de l\u2019intelligence. Cette intelligence qui semble faire d\u00e9faut \u00e0 nos vaniteuses \u00e9lites.<\/p>\n\n\n\n<p>Pour s\u2019opposer \u00e0 tous les repr\u00e9sentants de cet \u00c9tat qui a pris fait et cause pour la destruction, la ruine, la mis\u00e8re\u2026 Tous ces groupes se retrouveront le 25 juin \u00e0 Toulouse pour marcher de Jean Jaur\u00e8s au Conseil R\u00e9gional en passant par la Pr\u00e9fecture. Ils en profiteront pour partager leurs exp\u00e9riences, leurs projets, leurs espoirs et, surtout, lancer un NON retentissant aux dures oreilles des pr\u00e9dateurs de la Vie.\u00a0\u00bb<\/p>\n","protected":false},"excerpt":{"rendered":"<p>Samedi 25 Juin, \u00e0 Toulouse, l\u2019Union des Luttes appelle \u00e0 se rejoindre \u00e0 14h00 \u00e0 Jean Jaur\u00e8s pour marcher contre les Grands Projets Inutiles d\u2019Occitanie, pour montrer notre d\u00e9termination \u00e0 faire face \u00e0 leur projet criminel. VENEZ NOMBREU.SES&nbsp;!!!! D\u2019une autoroute \u00e0 un \u00e9levage industriel, d\u2019un barrage \u00e0 une plateforme logistique g\u00e9ante, de l\u2019abattage d\u2019arbres, isol\u00e9s &#8230; <a title=\"Manif r\u00e9gionale contre les grands projets inutiles et impos\u00e9s, \u00e0 Toulouse (Haute-Garonne)\" class=\"read-more\" href=\"https:\/\/toutesnosenergies.fr\/index.php\/2022\/06\/22\/manif-regionale-contre-les-grands-projets-inutiles-et-imposes-a-toulouse-haute-garonne\/\" aria-label=\"Plus sur Manif r\u00e9gionale contre les grands projets inutiles et impos\u00e9s, \u00e0 Toulouse (Haute-Garonne)\">Lire plus<\/a><\/p>\n","protected":false},"author":3,"featured_media":0,"comment_status":"open","ping_status":"open","sticky":false,"template":"","format":"standard","meta":{"_cbd_carousel_blocks":"[]","sfsi_plus_gutenberg_text_before_share":"","sfsi_plus_gutenberg_show_text_before_share":"","sfsi_plus_gutenberg_icon_type":"","sfsi_plus_gutenberg_icon_alignemt":"","sfsi_plus_gutenburg_max_per_row":"","footnotes":""},"categories":[11],"tags":[],"class_list":["post-8274","post","type-post","status-publish","format-standard","hentry","category-dans-la-presse"],"yoast_head":"<!-- This site is optimized with the Yoast SEO plugin v27.4 - https:\/\/yoast.com\/product\/yoast-seo-wordpress\/ -->\n<title>Manif r\u00e9gionale contre les grands projets inutiles et impos\u00e9s, \u00e0 Toulouse (Haute-Garonne) - Toutes Nos \u00c9nergies \u2013 Occitanie Environnement<\/title>\n<meta name=\"robots\" content=\"index, follow, max-snippet:-1, max-image-preview:large, max-video-preview:-1\" \/>\n<link rel=\"canonical\" href=\"https:\/\/toutesnosenergies.fr\/index.php\/2022\/06\/22\/manif-regionale-contre-les-grands-projets-inutiles-et-imposes-a-toulouse-haute-garonne\/\" \/>\n<meta property=\"og:locale\" content=\"fr_FR\" \/>\n<meta property=\"og:type\" content=\"article\" \/>\n<meta property=\"og:title\" content=\"Manif r\u00e9gionale contre les grands projets inutiles et impos\u00e9s, \u00e0 Toulouse (Haute-Garonne) - Toutes Nos \u00c9nergies \u2013 Occitanie Environnement\" \/>\n<meta property=\"og:description\" content=\"Samedi 25 Juin, \u00e0 Toulouse, l\u2019Union des Luttes appelle \u00e0 se rejoindre \u00e0 14h00 \u00e0 Jean Jaur\u00e8s pour marcher contre les Grands Projets Inutiles d\u2019Occitanie, pour montrer notre d\u00e9termination \u00e0 faire face \u00e0 leur projet criminel. VENEZ NOMBREU.SES&nbsp;!!!! D\u2019une autoroute \u00e0 un \u00e9levage industriel, d\u2019un barrage \u00e0 une plateforme logistique g\u00e9ante, de l\u2019abattage d\u2019arbres, isol\u00e9s ... Lire plus\" \/>\n<meta property=\"og:url\" content=\"https:\/\/toutesnosenergies.fr\/index.php\/2022\/06\/22\/manif-regionale-contre-les-grands-projets-inutiles-et-imposes-a-toulouse-haute-garonne\/\" \/>\n<meta property=\"og:site_name\" content=\"Toutes Nos \u00c9nergies \u2013 Occitanie Environnement\" \/>\n<meta property=\"article:publisher\" content=\"https:\/\/www.facebook.com\/TNEtoutesnosenergiesOccitanieEnvironnement\" \/>\n<meta property=\"article:published_time\" content=\"2022-06-22T11:00:43+00:00\" \/>\n<meta property=\"article:modified_time\" content=\"2022-06-22T11:08:50+00:00\" \/>\n<meta property=\"og:image\" content=\"https:\/\/reporterre.net\/local\/cache-vignettes\/L300xH322\/arton25555-f4c8a.jpg?1654864300\" \/>\n<meta name=\"author\" content=\"WM81\" \/>\n<meta name=\"twitter:card\" content=\"summary_large_image\" \/>\n<meta name=\"twitter:label1\" content=\"\u00c9crit par\" \/>\n\t<meta name=\"twitter:data1\" content=\"WM81\" \/>\n\t<meta name=\"twitter:label2\" content=\"Dur\u00e9e de lecture estim\u00e9e\" \/>\n\t<meta name=\"twitter:data2\" content=\"3 minutes\" \/>\n<script type=\"application\/ld+json\" class=\"yoast-schema-graph\">{\"@context\":\"https:\\\/\\\/schema.org\",\"@graph\":[{\"@type\":\"Article\",\"@id\":\"https:\\\/\\\/toutesnosenergies.fr\\\/index.php\\\/2022\\\/06\\\/22\\\/manif-regionale-contre-les-grands-projets-inutiles-et-imposes-a-toulouse-haute-garonne\\\/#article\",\"isPartOf\":{\"@id\":\"https:\\\/\\\/toutesnosenergies.fr\\\/index.php\\\/2022\\\/06\\\/22\\\/manif-regionale-contre-les-grands-projets-inutiles-et-imposes-a-toulouse-haute-garonne\\\/\"},\"author\":{\"name\":\"WM81\",\"@id\":\"https:\\\/\\\/toutesnosenergies.fr\\\/#\\\/schema\\\/person\\\/83b429b7810ce59e0a21afb7e0b3cb1c\"},\"headline\":\"Manif r\u00e9gionale contre les grands projets inutiles et impos\u00e9s, \u00e0 Toulouse (Haute-Garonne)\",\"datePublished\":\"2022-06-22T11:00:43+00:00\",\"dateModified\":\"2022-06-22T11:08:50+00:00\",\"mainEntityOfPage\":{\"@id\":\"https:\\\/\\\/toutesnosenergies.fr\\\/index.php\\\/2022\\\/06\\\/22\\\/manif-regionale-contre-les-grands-projets-inutiles-et-imposes-a-toulouse-haute-garonne\\\/\"},\"wordCount\":620,\"commentCount\":1,\"publisher\":{\"@id\":\"https:\\\/\\\/toutesnosenergies.fr\\\/#organization\"},\"image\":{\"@id\":\"https:\\\/\\\/toutesnosenergies.fr\\\/index.php\\\/2022\\\/06\\\/22\\\/manif-regionale-contre-les-grands-projets-inutiles-et-imposes-a-toulouse-haute-garonne\\\/#primaryimage\"},\"thumbnailUrl\":\"https:\\\/\\\/reporterre.net\\\/local\\\/cache-vignettes\\\/L300xH322\\\/arton25555-f4c8a.jpg?1654864300\",\"articleSection\":[\"Dans la presse\"],\"inLanguage\":\"fr-FR\",\"potentialAction\":[{\"@type\":\"CommentAction\",\"name\":\"Comment\",\"target\":[\"https:\\\/\\\/toutesnosenergies.fr\\\/index.php\\\/2022\\\/06\\\/22\\\/manif-regionale-contre-les-grands-projets-inutiles-et-imposes-a-toulouse-haute-garonne\\\/#respond\"]}]},{\"@type\":\"WebPage\",\"@id\":\"https:\\\/\\\/toutesnosenergies.fr\\\/index.php\\\/2022\\\/06\\\/22\\\/manif-regionale-contre-les-grands-projets-inutiles-et-imposes-a-toulouse-haute-garonne\\\/\",\"url\":\"https:\\\/\\\/toutesnosenergies.fr\\\/index.php\\\/2022\\\/06\\\/22\\\/manif-regionale-contre-les-grands-projets-inutiles-et-imposes-a-toulouse-haute-garonne\\\/\",\"name\":\"Manif r\u00e9gionale contre les grands projets inutiles et impos\u00e9s, \u00e0 Toulouse (Haute-Garonne) - Toutes Nos \u00c9nergies \u2013 Occitanie Environnement\",\"isPartOf\":{\"@id\":\"https:\\\/\\\/toutesnosenergies.fr\\\/#website\"},\"primaryImageOfPage\":{\"@id\":\"https:\\\/\\\/toutesnosenergies.fr\\\/index.php\\\/2022\\\/06\\\/22\\\/manif-regionale-contre-les-grands-projets-inutiles-et-imposes-a-toulouse-haute-garonne\\\/#primaryimage\"},\"image\":{\"@id\":\"https:\\\/\\\/toutesnosenergies.fr\\\/index.php\\\/2022\\\/06\\\/22\\\/manif-regionale-contre-les-grands-projets-inutiles-et-imposes-a-toulouse-haute-garonne\\\/#primaryimage\"},\"thumbnailUrl\":\"https:\\\/\\\/reporterre.net\\\/local\\\/cache-vignettes\\\/L300xH322\\\/arton25555-f4c8a.jpg?1654864300\",\"datePublished\":\"2022-06-22T11:00:43+00:00\",\"dateModified\":\"2022-06-22T11:08:50+00:00\",\"breadcrumb\":{\"@id\":\"https:\\\/\\\/toutesnosenergies.fr\\\/index.php\\\/2022\\\/06\\\/22\\\/manif-regionale-contre-les-grands-projets-inutiles-et-imposes-a-toulouse-haute-garonne\\\/#breadcrumb\"},\"inLanguage\":\"fr-FR\",\"potentialAction\":[{\"@type\":\"ReadAction\",\"target\":[\"https:\\\/\\\/toutesnosenergies.fr\\\/index.php\\\/2022\\\/06\\\/22\\\/manif-regionale-contre-les-grands-projets-inutiles-et-imposes-a-toulouse-haute-garonne\\\/\"]}]},{\"@type\":\"ImageObject\",\"inLanguage\":\"fr-FR\",\"@id\":\"https:\\\/\\\/toutesnosenergies.fr\\\/index.php\\\/2022\\\/06\\\/22\\\/manif-regionale-contre-les-grands-projets-inutiles-et-imposes-a-toulouse-haute-garonne\\\/#primaryimage\",\"url\":\"https:\\\/\\\/reporterre.net\\\/local\\\/cache-vignettes\\\/L300xH322\\\/arton25555-f4c8a.jpg?1654864300\",\"contentUrl\":\"https:\\\/\\\/reporterre.net\\\/local\\\/cache-vignettes\\\/L300xH322\\\/arton25555-f4c8a.jpg?1654864300\"},{\"@type\":\"BreadcrumbList\",\"@id\":\"https:\\\/\\\/toutesnosenergies.fr\\\/index.php\\\/2022\\\/06\\\/22\\\/manif-regionale-contre-les-grands-projets-inutiles-et-imposes-a-toulouse-haute-garonne\\\/#breadcrumb\",\"itemListElement\":[{\"@type\":\"ListItem\",\"position\":1,\"name\":\"Accueil\",\"item\":\"https:\\\/\\\/toutesnosenergies.fr\\\/\"},{\"@type\":\"ListItem\",\"position\":2,\"name\":\"Manif r\u00e9gionale contre les grands projets inutiles et impos\u00e9s, \u00e0 Toulouse (Haute-Garonne)\"}]},{\"@type\":\"WebSite\",\"@id\":\"https:\\\/\\\/toutesnosenergies.fr\\\/#website\",\"url\":\"https:\\\/\\\/toutesnosenergies.fr\\\/\",\"name\":\"Toutes Nos \u00c9nergies \u2013 Occitanie Environnement\",\"description\":\"Pour une \u00e9nergie respectueuse du vivant et des territoires ruraux en Occitanie\",\"publisher\":{\"@id\":\"https:\\\/\\\/toutesnosenergies.fr\\\/#organization\"},\"potentialAction\":[{\"@type\":\"SearchAction\",\"target\":{\"@type\":\"EntryPoint\",\"urlTemplate\":\"https:\\\/\\\/toutesnosenergies.fr\\\/?s={search_term_string}\"},\"query-input\":{\"@type\":\"PropertyValueSpecification\",\"valueRequired\":true,\"valueName\":\"search_term_string\"}}],\"inLanguage\":\"fr-FR\"},{\"@type\":\"Organization\",\"@id\":\"https:\\\/\\\/toutesnosenergies.fr\\\/#organization\",\"name\":\"Toutes Nos \u00c9nergies \u2013 Occitanie Environnement\",\"url\":\"https:\\\/\\\/toutesnosenergies.fr\\\/\",\"logo\":{\"@type\":\"ImageObject\",\"inLanguage\":\"fr-FR\",\"@id\":\"https:\\\/\\\/toutesnosenergies.fr\\\/#\\\/schema\\\/logo\\\/image\\\/\",\"url\":\"https:\\\/\\\/toutesnosenergies.fr\\\/wp-content\\\/uploads\\\/2023\\\/01\\\/Petit-logo.png\",\"contentUrl\":\"https:\\\/\\\/toutesnosenergies.fr\\\/wp-content\\\/uploads\\\/2023\\\/01\\\/Petit-logo.png\",\"width\":360,\"height\":102,\"caption\":\"Toutes Nos \u00c9nergies \u2013 Occitanie Environnement\"},\"image\":{\"@id\":\"https:\\\/\\\/toutesnosenergies.fr\\\/#\\\/schema\\\/logo\\\/image\\\/\"},\"sameAs\":[\"https:\\\/\\\/www.facebook.com\\\/TNEtoutesnosenergiesOccitanieEnvironnement\"]},{\"@type\":\"Person\",\"@id\":\"https:\\\/\\\/toutesnosenergies.fr\\\/#\\\/schema\\\/person\\\/83b429b7810ce59e0a21afb7e0b3cb1c\",\"name\":\"WM81\",\"image\":{\"@type\":\"ImageObject\",\"inLanguage\":\"fr-FR\",\"@id\":\"https:\\\/\\\/secure.gravatar.com\\\/avatar\\\/aa9bf2bd97a7297274c53294f09e800c7ee0d88290f959d5d49f9380299b9ff1?s=96&d=mm&r=g\",\"url\":\"https:\\\/\\\/secure.gravatar.com\\\/avatar\\\/aa9bf2bd97a7297274c53294f09e800c7ee0d88290f959d5d49f9380299b9ff1?s=96&d=mm&r=g\",\"contentUrl\":\"https:\\\/\\\/secure.gravatar.com\\\/avatar\\\/aa9bf2bd97a7297274c53294f09e800c7ee0d88290f959d5d49f9380299b9ff1?s=96&d=mm&r=g\",\"caption\":\"WM81\"},\"sameAs\":[\"http:\\\/\\\/toutesnosenergies.fr\"],\"url\":\"https:\\\/\\\/toutesnosenergies.fr\\\/index.php\\\/author\\\/wm81\\\/\"}]}<\/script>\n<!-- \/ Yoast SEO plugin. -->","yoast_head_json":{"title":"Manif r\u00e9gionale contre les grands projets inutiles et impos\u00e9s, \u00e0 Toulouse (Haute-Garonne) - Toutes Nos \u00c9nergies \u2013 Occitanie Environnement","robots":{"index":"index","follow":"follow","max-snippet":"max-snippet:-1","max-image-preview":"max-image-preview:large","max-video-preview":"max-video-preview:-1"},"canonical":"https:\/\/toutesnosenergies.fr\/index.php\/2022\/06\/22\/manif-regionale-contre-les-grands-projets-inutiles-et-imposes-a-toulouse-haute-garonne\/","og_locale":"fr_FR","og_type":"article","og_title":"Manif r\u00e9gionale contre les grands projets inutiles et impos\u00e9s, \u00e0 Toulouse (Haute-Garonne) - Toutes Nos \u00c9nergies \u2013 Occitanie Environnement","og_description":"Samedi 25 Juin, \u00e0 Toulouse, l\u2019Union des Luttes appelle \u00e0 se rejoindre \u00e0 14h00 \u00e0 Jean Jaur\u00e8s pour marcher contre les Grands Projets Inutiles d\u2019Occitanie, pour montrer notre d\u00e9termination \u00e0 faire face \u00e0 leur projet criminel. VENEZ NOMBREU.SES&nbsp;!!!! D\u2019une autoroute \u00e0 un \u00e9levage industriel, d\u2019un barrage \u00e0 une plateforme logistique g\u00e9ante, de l\u2019abattage d\u2019arbres, isol\u00e9s ... Lire plus","og_url":"https:\/\/toutesnosenergies.fr\/index.php\/2022\/06\/22\/manif-regionale-contre-les-grands-projets-inutiles-et-imposes-a-toulouse-haute-garonne\/","og_site_name":"Toutes Nos \u00c9nergies \u2013 Occitanie Environnement","article_publisher":"https:\/\/www.facebook.com\/TNEtoutesnosenergiesOccitanieEnvironnement","article_published_time":"2022-06-22T11:00:43+00:00","article_modified_time":"2022-06-22T11:08:50+00:00","og_image":[{"url":"https:\/\/reporterre.net\/local\/cache-vignettes\/L300xH322\/arton25555-f4c8a.jpg?1654864300","type":"","width":"","height":""}],"author":"WM81","twitter_card":"summary_large_image","twitter_misc":{"\u00c9crit par":"WM81","Dur\u00e9e de lecture estim\u00e9e":"3 minutes"},"schema":{"@context":"https:\/\/schema.org","@graph":[{"@type":"Article","@id":"https:\/\/toutesnosenergies.fr\/index.php\/2022\/06\/22\/manif-regionale-contre-les-grands-projets-inutiles-et-imposes-a-toulouse-haute-garonne\/#article","isPartOf":{"@id":"https:\/\/toutesnosenergies.fr\/index.php\/2022\/06\/22\/manif-regionale-contre-les-grands-projets-inutiles-et-imposes-a-toulouse-haute-garonne\/"},"author":{"name":"WM81","@id":"https:\/\/toutesnosenergies.fr\/#\/schema\/person\/83b429b7810ce59e0a21afb7e0b3cb1c"},"headline":"Manif r\u00e9gionale contre les grands projets inutiles et impos\u00e9s, \u00e0 Toulouse (Haute-Garonne)","datePublished":"2022-06-22T11:00:43+00:00","dateModified":"2022-06-22T11:08:50+00:00","mainEntityOfPage":{"@id":"https:\/\/toutesnosenergies.fr\/index.php\/2022\/06\/22\/manif-regionale-contre-les-grands-projets-inutiles-et-imposes-a-toulouse-haute-garonne\/"},"wordCount":620,"commentCount":1,"publisher":{"@id":"https:\/\/toutesnosenergies.fr\/#organization"},"image":{"@id":"https:\/\/toutesnosenergies.fr\/index.php\/2022\/06\/22\/manif-regionale-contre-les-grands-projets-inutiles-et-imposes-a-toulouse-haute-garonne\/#primaryimage"},"thumbnailUrl":"https:\/\/reporterre.net\/local\/cache-vignettes\/L300xH322\/arton25555-f4c8a.jpg?1654864300","articleSection":["Dans la presse"],"inLanguage":"fr-FR","potentialAction":[{"@type":"CommentAction","name":"Comment","target":["https:\/\/toutesnosenergies.fr\/index.php\/2022\/06\/22\/manif-regionale-contre-les-grands-projets-inutiles-et-imposes-a-toulouse-haute-garonne\/#respond"]}]},{"@type":"WebPage","@id":"https:\/\/toutesnosenergies.fr\/index.php\/2022\/06\/22\/manif-regionale-contre-les-grands-projets-inutiles-et-imposes-a-toulouse-haute-garonne\/","url":"https:\/\/toutesnosenergies.fr\/index.php\/2022\/06\/22\/manif-regionale-contre-les-grands-projets-inutiles-et-imposes-a-toulouse-haute-garonne\/","name":"Manif r\u00e9gionale contre les grands projets inutiles et impos\u00e9s, \u00e0 Toulouse (Haute-Garonne) - Toutes Nos \u00c9nergies \u2013 Occitanie Environnement","isPartOf":{"@id":"https:\/\/toutesnosenergies.fr\/#website"},"primaryImageOfPage":{"@id":"https:\/\/toutesnosenergies.fr\/index.php\/2022\/06\/22\/manif-regionale-contre-les-grands-projets-inutiles-et-imposes-a-toulouse-haute-garonne\/#primaryimage"},"image":{"@id":"https:\/\/toutesnosenergies.fr\/index.php\/2022\/06\/22\/manif-regionale-contre-les-grands-projets-inutiles-et-imposes-a-toulouse-haute-garonne\/#primaryimage"},"thumbnailUrl":"https:\/\/reporterre.net\/local\/cache-vignettes\/L300xH322\/arton25555-f4c8a.jpg?1654864300","datePublished":"2022-06-22T11:00:43+00:00","dateModified":"2022-06-22T11:08:50+00:00","breadcrumb":{"@id":"https:\/\/toutesnosenergies.fr\/index.php\/2022\/06\/22\/manif-regionale-contre-les-grands-projets-inutiles-et-imposes-a-toulouse-haute-garonne\/#breadcrumb"},"inLanguage":"fr-FR","potentialAction":[{"@type":"ReadAction","target":["https:\/\/toutesnosenergies.fr\/index.php\/2022\/06\/22\/manif-regionale-contre-les-grands-projets-inutiles-et-imposes-a-toulouse-haute-garonne\/"]}]},{"@type":"ImageObject","inLanguage":"fr-FR","@id":"https:\/\/toutesnosenergies.fr\/index.php\/2022\/06\/22\/manif-regionale-contre-les-grands-projets-inutiles-et-imposes-a-toulouse-haute-garonne\/#primaryimage","url":"https:\/\/reporterre.net\/local\/cache-vignettes\/L300xH322\/arton25555-f4c8a.jpg?1654864300","contentUrl":"https:\/\/reporterre.net\/local\/cache-vignettes\/L300xH322\/arton25555-f4c8a.jpg?1654864300"},{"@type":"BreadcrumbList","@id":"https:\/\/toutesnosenergies.fr\/index.php\/2022\/06\/22\/manif-regionale-contre-les-grands-projets-inutiles-et-imposes-a-toulouse-haute-garonne\/#breadcrumb","itemListElement":[{"@type":"ListItem","position":1,"name":"Accueil","item":"https:\/\/toutesnosenergies.fr\/"},{"@type":"ListItem","position":2,"name":"Manif r\u00e9gionale contre les grands projets inutiles et impos\u00e9s, \u00e0 Toulouse (Haute-Garonne)"}]},{"@type":"WebSite","@id":"https:\/\/toutesnosenergies.fr\/#website","url":"https:\/\/toutesnosenergies.fr\/","name":"Toutes Nos \u00c9nergies \u2013 Occitanie Environnement","description":"Pour une \u00e9nergie respectueuse du vivant et des territoires ruraux en Occitanie","publisher":{"@id":"https:\/\/toutesnosenergies.fr\/#organization"},"potentialAction":[{"@type":"SearchAction","target":{"@type":"EntryPoint","urlTemplate":"https:\/\/toutesnosenergies.fr\/?s={search_term_string}"},"query-input":{"@type":"PropertyValueSpecification","valueRequired":true,"valueName":"search_term_string"}}],"inLanguage":"fr-FR"},{"@type":"Organization","@id":"https:\/\/toutesnosenergies.fr\/#organization","name":"Toutes Nos \u00c9nergies \u2013 Occitanie Environnement","url":"https:\/\/toutesnosenergies.fr\/","logo":{"@type":"ImageObject","inLanguage":"fr-FR","@id":"https:\/\/toutesnosenergies.fr\/#\/schema\/logo\/image\/","url":"https:\/\/toutesnosenergies.fr\/wp-content\/uploads\/2023\/01\/Petit-logo.png","contentUrl":"https:\/\/toutesnosenergies.fr\/wp-content\/uploads\/2023\/01\/Petit-logo.png","width":360,"height":102,"caption":"Toutes Nos \u00c9nergies \u2013 Occitanie Environnement"},"image":{"@id":"https:\/\/toutesnosenergies.fr\/#\/schema\/logo\/image\/"},"sameAs":["https:\/\/www.facebook.com\/TNEtoutesnosenergiesOccitanieEnvironnement"]},{"@type":"Person","@id":"https:\/\/toutesnosenergies.fr\/#\/schema\/person\/83b429b7810ce59e0a21afb7e0b3cb1c","name":"WM81","image":{"@type":"ImageObject","inLanguage":"fr-FR","@id":"https:\/\/secure.gravatar.com\/avatar\/aa9bf2bd97a7297274c53294f09e800c7ee0d88290f959d5d49f9380299b9ff1?s=96&d=mm&r=g","url":"https:\/\/secure.gravatar.com\/avatar\/aa9bf2bd97a7297274c53294f09e800c7ee0d88290f959d5d49f9380299b9ff1?s=96&d=mm&r=g","contentUrl":"https:\/\/secure.gravatar.com\/avatar\/aa9bf2bd97a7297274c53294f09e800c7ee0d88290f959d5d49f9380299b9ff1?s=96&d=mm&r=g","caption":"WM81"},"sameAs":["http:\/\/toutesnosenergies.fr"],"url":"https:\/\/toutesnosenergies.fr\/index.php\/author\/wm81\/"}]}},"_links":{"self":[{"href":"https:\/\/toutesnosenergies.fr\/index.php\/wp-json\/wp\/v2\/posts\/8274","targetHints":{"allow":["GET"]}}],"collection":[{"href":"https:\/\/toutesnosenergies.fr\/index.php\/wp-json\/wp\/v2\/posts"}],"about":[{"href":"https:\/\/toutesnosenergies.fr\/index.php\/wp-json\/wp\/v2\/types\/post"}],"author":[{"embeddable":true,"href":"https:\/\/toutesnosenergies.fr\/index.php\/wp-json\/wp\/v2\/users\/3"}],"replies":[{"embeddable":true,"href":"https:\/\/toutesnosenergies.fr\/index.php\/wp-json\/wp\/v2\/comments?post=8274"}],"version-history":[{"count":2,"href":"https:\/\/toutesnosenergies.fr\/index.php\/wp-json\/wp\/v2\/posts\/8274\/revisions"}],"predecessor-version":[{"id":8277,"href":"https:\/\/toutesnosenergies.fr\/index.php\/wp-json\/wp\/v2\/posts\/8274\/revisions\/8277"}],"wp:attachment":[{"href":"https:\/\/toutesnosenergies.fr\/index.php\/wp-json\/wp\/v2\/media?parent=8274"}],"wp:term":[{"taxonomy":"category","embeddable":true,"href":"https:\/\/toutesnosenergies.fr\/index.php\/wp-json\/wp\/v2\/categories?post=8274"},{"taxonomy":"post_tag","embeddable":true,"href":"https:\/\/toutesnosenergies.fr\/index.php\/wp-json\/wp\/v2\/tags?post=8274"}],"curies":[{"name":"wp","href":"https:\/\/api.w.org\/{rel}","templated":true}]}}